{"id":10076,"date":"2019-03-12T11:06:07","date_gmt":"2019-03-12T10:06:07","guid":{"rendered":"https:\/\/www.umweltperspektiven.ch\/?p=2060"},"modified":"2022-08-02T14:53:46","modified_gmt":"2022-08-02T12:53:46","slug":"swisscleantech-zeigt-sich-zuversichtlich","status":"publish","type":"post","link":"https:\/\/www.organisator.ch\/fr\/sustainability\/2019-03-12\/swisscleantech-zeigt-sich-zuversichtlich\/","title":{"rendered":"Swisscleantech se montre confiante"},"content":{"rendered":"<figure id=\"attachment_2062\" aria-describedby=\"caption-attachment-2062\" style=\"width: 680px\" class=\"wp-caption alignnone\"><img loading=\"lazy\" decoding=\"async\" class=\"wp-image-2062 size-medium\" src=\"\/\/www.umweltperspektiven.ch\/wp-content\/uploads\/2019\/03\/Carsten-Bopp-swisscleantech-19.jpg\" alt=\"Swisscleantech\" width=\"680\" height=\"453\" srcset=\"https:\/\/www.organisator.ch\/wp-content\/uploads\/2019\/03\/Carsten-Bopp-swisscleantech-19.jpg 2218w, https:\/\/www.organisator.ch\/wp-content\/uploads\/2019\/03\/Carsten-Bopp-swisscleantech-19-680x453.jpg 680w, https:\/\/www.organisator.ch\/wp-content\/uploads\/2019\/03\/Carsten-Bopp-swisscleantech-19-1024x682.jpg 1024w, https:\/\/www.organisator.ch\/wp-content\/uploads\/2019\/03\/Carsten-Bopp-swisscleantech-19-768x512.jpg 768w, https:\/\/www.organisator.ch\/wp-content\/uploads\/2019\/03\/Carsten-Bopp-swisscleantech-19-1536x1024.jpg 1536w, https:\/\/www.organisator.ch\/wp-content\/uploads\/2019\/03\/Carsten-Bopp-swisscleantech-19-2048x1365.jpg 2048w, https:\/\/www.organisator.ch\/wp-content\/uploads\/2019\/03\/Carsten-Bopp-swisscleantech-19-18x12.jpg 18w, https:\/\/www.organisator.ch\/wp-content\/uploads\/2019\/03\/Carsten-Bopp-swisscleantech-19-263x175.jpg 263w, https:\/\/www.organisator.ch\/wp-content\/uploads\/2019\/03\/Carsten-Bopp-swisscleantech-19-525x350.jpg 525w, https:\/\/www.organisator.ch\/wp-content\/uploads\/2019\/03\/Carsten-Bopp-swisscleantech-19-1201x800.jpg 1201w, https:\/\/www.organisator.ch\/wp-content\/uploads\/2019\/03\/Carsten-Bopp-swisscleantech-19-920x613.jpg 920w, https:\/\/www.organisator.ch\/wp-content\/uploads\/2019\/03\/Carsten-Bopp-swisscleantech-19-1400x933.jpg 1400w, https:\/\/www.organisator.ch\/wp-content\/uploads\/2019\/03\/Carsten-Bopp-swisscleantech-19-300x200.jpg 300w\" sizes=\"auto, (max-width: 680px) 100vw, 680px\" \/><figcaption id=\"caption-attachment-2062\" class=\"wp-caption-text\">Carsten Bopp (48), le pr\u00e9sident nouvellement \u00e9lu de swisscleantech. (Image : zVg)<\/figcaption><\/figure>\n<p>swisscleantech a connu un grand succ\u00e8s en 2018. Rien que depuis d\u00e9cembre, 30 nouveaux membres ont pu \u00eatre recrut\u00e9s. Le nombre de membres a pu \u00eatre port\u00e9 \u00e0 260 en 2018.<\/p>\n<p>L'objectif pour l'ann\u00e9e en cours est d'atteindre une croissance encore plus forte du nombre de membres. L'urgence d'une protection efficace du climat ainsi que les nouvelles conditions attractives pour les membres, approuv\u00e9es par l'assembl\u00e9e g\u00e9n\u00e9rale, contribuent \u00e0 cette \u00e9volution.<\/p>\n<p>Carsten Bopp (48 ans), le nouveau pr\u00e9sident \u00e9lu de swisscleantech, Group CEO de PINI Swiss Engineers AG et membre du conseil d'administration de Cargo sous terrain SA, fait partie du comit\u00e9 de swisscleantech depuis mars 2018.<\/p>\n<p>\"Face au d\u00e9fi mondial du changement climatique, l'innovation entrepreneuriale joue un r\u00f4le central. Le changement n\u00e9cessaire ne peut se faire qu'en collaboration avec l'\u00e9conomie, et pour cela, il faut des conditions-cadres ad\u00e9quates. Depuis sa cr\u00e9ation il y a dix ans, swisscleantech s'engage en ce sens. Les d\u00e9veloppements politiques de ces derniers mois le montrent : Ce n'est qu'en associant l'\u00e9conomie et la politique que la protection du climat peut \u00eatre un succ\u00e8s\", d\u00e9clare Carsten Bopp, le nouveau pr\u00e9sident de swisscleantech.<\/p>\n<h3>Renforcement du conseil d'administration<\/h3>\n<p>Lors de l'assembl\u00e9e g\u00e9n\u00e9rale de swisscleantech, Carsten Bopp, Group CEO de PINI Swiss Engineers AG, a \u00e9t\u00e9 \u00e9lu pr\u00e9sident. Sous sa direction, swisscleantech s'engagera de mani\u00e8re cibl\u00e9e en faveur d'une \u00e9conomie respectueuse du climat et des conditions-cadres n\u00e9cessaires \u00e0 cet effet, peut on lire dans un communiqu\u00e9 de presse. Carsten Bopp sera soutenu par le comit\u00e9 de swisscleantech, qui sera renforc\u00e9 par des personnalit\u00e9s profil\u00e9es issues de l'\u00e9conomie.<\/p>\n<p>Carsten Bopp remplace Matthias B\u00f6lke \u00e0 la t\u00eate de swisscleantech. Matthias B\u00f6lke \u00e9tait \u00e0 la t\u00eate de l'association depuis 2016 et se consacre d\u00e9sormais \u00e0 ses nouvelles t\u00e2ches au sein du groupe Schneider Electric en dehors de la Suisse.<\/p>\n<p>Avec Daniel Eugster (46 ans) et Franziska Barmettler (36 ans), ce sont deux personnalit\u00e9s exp\u00e9riment\u00e9es qui ont \u00e9t\u00e9 \u00e9lues au comit\u00e9 directeur. Daniel Eugster est directeur et propri\u00e9taire de Haustechnik Eugster \u00e0 Arbon et conseiller cantonal PLR en Thurgovie. Franziska Barmettler est Sustainability Manager chez IKEA Suisse et a travaill\u00e9 auparavant pour la F\u00e9d\u00e9ration des coop\u00e9ratives Migros ainsi que pour swisscleantech.<\/p>\n<p>Les deux membres du comit\u00e9 directeur Fabian Etter, pr\u00e9sident du conseil d'administration d'Elektro Etter AG, et Dr. Christina W\u00fcrthner, Chief Financial &amp; Strategy Officer chez enersis, s'engageront \u00e0 l'avenir en tant que vice-pr\u00e9sidents de swisscleantech.<\/p>\n<p>Felix Gassmann, Ren\u00e9 Herzog, Lorenz Isler et Wolfgang Schwarzenbacher ont quitt\u00e9 le comit\u00e9. swisscleantech les remercie pour leur pr\u00e9cieux engagement de longue date, qui a permis \u00e0 l'association d'avancer dans cette p\u00e9riode de d\u00e9fis.<\/p>\n<p><a href=\"\/\/www.swisscleantech.ch\">www.swisscleantech.ch<\/a><\/p>\n<p>&nbsp;<\/p>\n<h3><\/h3>","protected":false},"excerpt":{"rendered":"<p>swisscleantech war 2018 sehr erfolgreich unterwegs. Allein seit Dezember konnten 30 neue Mitglieder gewonnen werden. Die Mitgliederzahl konnte 2018 auf 260 Mitglieder gesteigert werden. Im laufenden Jahr wird ein noch st\u00e4rkeres Mitgliederwachstum angestrebt. Zu dieser Entwicklung tragen die Dringlichkeit eines effizienten Klimaschutzes sowie die neuen, attraktiven Mitgliederkonditionen bei, die von der Generalversammlung genehmigt worden sind. [&hellip;]<\/p>\n","protected":false},"author":5,"featured_media":2062,"comment_status":"closed","ping_status":"closed","sticky":false,"template":"","format":"standard","meta":{"_acf_changed":false,"_yoast_wpseo_focuskw":"Swisscleantech","_yoast_wpseo_metadesc":"Swisscleantech hat an seiner Generalversammlung in Bern einen neuen Pr\u00e4sidenten gew\u00e4hlt: Carsten Bopp, Group CEO der PINI Swiss Engineers AG.","articlekey":"","footnotes":""},"categories":[580],"tags":[919,381,424,2266,2435],"class_list":["post-10076","post","type-post","status-publish","format-standard","has-post-thumbnail","hentry","category-sustainability","tag-cleantech","tag-personalia","tag-schweiz","tag-swisscleantech","tag-verband"],"acf":[],"yoast_head":"<!-- This site is optimized with the Yoast SEO plugin v27.4 - https:\/\/yoast.com\/product\/yoast-seo-wordpress\/ -->\n<title>Swisscleantech zeigt sich zuversichtlich - Organisator<\/title>\n<meta name=\"description\" content=\"Swisscleantech hat an seiner Generalversammlung in Bern einen neuen Pr\u00e4sidenten gew\u00e4hlt: Carsten Bopp, Group CEO der PINI Swiss Engineers AG.\" \/>\n<meta name=\"robots\" content=\"index, follow, max-snippet:-1, max-image-preview:large, max-video-preview:-1\" \/>\n<link rel=\"canonical\" href=\"https:\/\/www.organisator.ch\/fr\/sustainability\/2019-03-12\/swisscleantech-zeigt-sich-zuversichtlich\/\" \/>\n<meta property=\"og:locale\" content=\"fr_FR\" \/>\n<meta property=\"og:type\" content=\"article\" \/>\n<meta property=\"og:title\" content=\"Swisscleantech zeigt sich zuversichtlich - Organisator\" \/>\n<meta property=\"og:description\" content=\"Swisscleantech hat an seiner Generalversammlung in Bern einen neuen Pr\u00e4sidenten gew\u00e4hlt: Carsten Bopp, Group CEO der PINI Swiss Engineers AG.\" \/>\n<meta property=\"og:url\" content=\"https:\/\/www.organisator.ch\/fr\/sustainability\/2019-03-12\/swisscleantech-zeigt-sich-zuversichtlich\/\" \/>\n<meta property=\"og:site_name\" content=\"Organisator\" \/>\n<meta property=\"article:publisher\" content=\"https:\/\/www.facebook.com\/OrganisatorFachmagazin\" \/>\n<meta property=\"article:published_time\" content=\"2019-03-12T10:06:07+00:00\" \/>\n<meta property=\"article:modified_time\" content=\"2022-08-02T12:53:46+00:00\" \/>\n<meta property=\"og:image\" content=\"https:\/\/www.organisator.ch\/wp-content\/uploads\/2019\/03\/Carsten-Bopp-swisscleantech-19.jpg\" \/>\n\t<meta property=\"og:image:width\" content=\"2218\" \/>\n\t<meta property=\"og:image:height\" content=\"1478\" \/>\n\t<meta property=\"og:image:type\" content=\"image\/jpeg\" \/>\n<meta name=\"author\" content=\"michael.merz\" \/>\n<meta name=\"twitter:card\" content=\"summary_large_image\" \/>\n<script type=\"application\/ld+json\" class=\"yoast-schema-graph\">{\"@context\":\"https:\\\/\\\/schema.org\",\"@graph\":[{\"@type\":\"Article\",\"@id\":\"https:\\\/\\\/www.organisator.ch\\\/sustainability\\\/2019-03-12\\\/swisscleantech-zeigt-sich-zuversichtlich\\\/#article\",\"isPartOf\":{\"@id\":\"https:\\\/\\\/www.organisator.ch\\\/sustainability\\\/2019-03-12\\\/swisscleantech-zeigt-sich-zuversichtlich\\\/\"},\"author\":{\"name\":\"michael.merz\",\"@id\":\"https:\\\/\\\/www.organisator.ch\\\/#\\\/schema\\\/person\\\/134708ca9321c57b0362cceb7948ffbd\"},\"headline\":\"Swisscleantech zeigt sich zuversichtlich\",\"datePublished\":\"2019-03-12T10:06:07+00:00\",\"dateModified\":\"2022-08-02T12:53:46+00:00\",\"mainEntityOfPage\":{\"@id\":\"https:\\\/\\\/www.organisator.ch\\\/sustainability\\\/2019-03-12\\\/swisscleantech-zeigt-sich-zuversichtlich\\\/\"},\"wordCount\":408,\"publisher\":{\"@id\":\"https:\\\/\\\/www.organisator.ch\\\/#organization\"},\"image\":{\"@id\":\"https:\\\/\\\/www.organisator.ch\\\/sustainability\\\/2019-03-12\\\/swisscleantech-zeigt-sich-zuversichtlich\\\/#primaryimage\"},\"thumbnailUrl\":\"https:\\\/\\\/www.organisator.ch\\\/wp-content\\\/uploads\\\/2019\\\/03\\\/Carsten-Bopp-swisscleantech-19.jpg\",\"keywords\":[\"Cleantech\",\"Personalia\",\"Schweiz\",\"swisscleantech\",\"Verband\"],\"articleSection\":[\"SUSTAINABILITY\"],\"inLanguage\":\"fr-FR\"},{\"@type\":\"WebPage\",\"@id\":\"https:\\\/\\\/www.organisator.ch\\\/sustainability\\\/2019-03-12\\\/swisscleantech-zeigt-sich-zuversichtlich\\\/\",\"url\":\"https:\\\/\\\/www.organisator.ch\\\/sustainability\\\/2019-03-12\\\/swisscleantech-zeigt-sich-zuversichtlich\\\/\",\"name\":\"Swisscleantech zeigt sich zuversichtlich - Organisator\",\"isPartOf\":{\"@id\":\"https:\\\/\\\/www.organisator.ch\\\/#website\"},\"primaryImageOfPage\":{\"@id\":\"https:\\\/\\\/www.organisator.ch\\\/sustainability\\\/2019-03-12\\\/swisscleantech-zeigt-sich-zuversichtlich\\\/#primaryimage\"},\"image\":{\"@id\":\"https:\\\/\\\/www.organisator.ch\\\/sustainability\\\/2019-03-12\\\/swisscleantech-zeigt-sich-zuversichtlich\\\/#primaryimage\"},\"thumbnailUrl\":\"https:\\\/\\\/www.organisator.ch\\\/wp-content\\\/uploads\\\/2019\\\/03\\\/Carsten-Bopp-swisscleantech-19.jpg\",\"datePublished\":\"2019-03-12T10:06:07+00:00\",\"dateModified\":\"2022-08-02T12:53:46+00:00\",\"description\":\"Swisscleantech hat an seiner Generalversammlung in Bern einen neuen Pr\u00e4sidenten gew\u00e4hlt: Carsten Bopp, Group CEO der PINI Swiss Engineers AG.\",\"breadcrumb\":{\"@id\":\"https:\\\/\\\/www.organisator.ch\\\/sustainability\\\/2019-03-12\\\/swisscleantech-zeigt-sich-zuversichtlich\\\/#breadcrumb\"},\"inLanguage\":\"fr-FR\",\"potentialAction\":[{\"@type\":\"ReadAction\",\"target\":[\"https:\\\/\\\/www.organisator.ch\\\/sustainability\\\/2019-03-12\\\/swisscleantech-zeigt-sich-zuversichtlich\\\/\"]}]},{\"@type\":\"ImageObject\",\"inLanguage\":\"fr-FR\",\"@id\":\"https:\\\/\\\/www.organisator.ch\\\/sustainability\\\/2019-03-12\\\/swisscleantech-zeigt-sich-zuversichtlich\\\/#primaryimage\",\"url\":\"https:\\\/\\\/www.organisator.ch\\\/wp-content\\\/uploads\\\/2019\\\/03\\\/Carsten-Bopp-swisscleantech-19.jpg\",\"contentUrl\":\"https:\\\/\\\/www.organisator.ch\\\/wp-content\\\/uploads\\\/2019\\\/03\\\/Carsten-Bopp-swisscleantech-19.jpg\",\"width\":2218,\"height\":1478,\"caption\":\"Carsten Bopp (48), der neu gew\u00e4hlte swisscleantech Pr\u00e4sident. (Bild: zVg)\"},{\"@type\":\"BreadcrumbList\",\"@id\":\"https:\\\/\\\/www.organisator.ch\\\/sustainability\\\/2019-03-12\\\/swisscleantech-zeigt-sich-zuversichtlich\\\/#breadcrumb\",\"itemListElement\":[{\"@type\":\"ListItem\",\"position\":1,\"name\":\"Home\",\"item\":\"https:\\\/\\\/www.organisator.ch\\\/\"},{\"@type\":\"ListItem\",\"position\":2,\"name\":\"Swisscleantech zeigt sich zuversichtlich\"}]},{\"@type\":\"WebSite\",\"@id\":\"https:\\\/\\\/www.organisator.ch\\\/#website\",\"url\":\"https:\\\/\\\/www.organisator.ch\\\/\",\"name\":\"Organisator\",\"description\":\"Kompetent. Praxisnah. Der ORGANISATOR bereitet in 10 Ausgaben pro Jahr die wesentlichen Themen f\u00fcr F\u00fchrungskr\u00e4fte von KMU auf.\",\"publisher\":{\"@id\":\"https:\\\/\\\/www.organisator.ch\\\/#organization\"},\"potentialAction\":[{\"@type\":\"SearchAction\",\"target\":{\"@type\":\"EntryPoint\",\"urlTemplate\":\"https:\\\/\\\/www.organisator.ch\\\/?s={search_term_string}\"},\"query-input\":{\"@type\":\"PropertyValueSpecification\",\"valueRequired\":true,\"valueName\":\"search_term_string\"}}],\"inLanguage\":\"fr-FR\"},{\"@type\":\"Organization\",\"@id\":\"https:\\\/\\\/www.organisator.ch\\\/#organization\",\"name\":\"Organisator\",\"url\":\"https:\\\/\\\/www.organisator.ch\\\/\",\"logo\":{\"@type\":\"ImageObject\",\"inLanguage\":\"fr-FR\",\"@id\":\"https:\\\/\\\/www.organisator.ch\\\/#\\\/schema\\\/logo\\\/image\\\/\",\"url\":\"https:\\\/\\\/www.organisator.ch\\\/wp-content\\\/uploads\\\/2022\\\/01\\\/Logo_Organisator_Website.png\",\"contentUrl\":\"https:\\\/\\\/www.organisator.ch\\\/wp-content\\\/uploads\\\/2022\\\/01\\\/Logo_Organisator_Website.png\",\"width\":800,\"height\":77,\"caption\":\"Organisator\"},\"image\":{\"@id\":\"https:\\\/\\\/www.organisator.ch\\\/#\\\/schema\\\/logo\\\/image\\\/\"},\"sameAs\":[\"https:\\\/\\\/www.facebook.com\\\/OrganisatorFachmagazin\",\"https:\\\/\\\/www.linkedin.com\\\/showcase\\\/organisator-das-magazin-fr-kmu\",\"https:\\\/\\\/www.xing.com\\\/news\\\/pages\\\/organisator-ch-695\",\"https:\\\/\\\/www.youtube.com\\\/channel\\\/UCGP2Sq0iWaZwT3BdIAQFYpw\"]},{\"@type\":\"Person\",\"@id\":\"https:\\\/\\\/www.organisator.ch\\\/#\\\/schema\\\/person\\\/134708ca9321c57b0362cceb7948ffbd\",\"name\":\"michael.merz\",\"image\":{\"@type\":\"ImageObject\",\"inLanguage\":\"fr-FR\",\"@id\":\"https:\\\/\\\/secure.gravatar.com\\\/avatar\\\/?s=96&d=mm&r=g\",\"url\":\"https:\\\/\\\/secure.gravatar.com\\\/avatar\\\/?s=96&d=mm&r=g\",\"contentUrl\":\"https:\\\/\\\/secure.gravatar.com\\\/avatar\\\/?s=96&d=mm&r=g\",\"caption\":\"michael.merz\"},\"url\":\"https:\\\/\\\/www.organisator.ch\\\/fr\\\/author\\\/michael-merz\\\/\"}]}<\/script>\n<!-- \/ Yoast SEO plugin. -->","yoast_head_json":{"title":"Swisscleantech se montre confiant - Organisateur","description":"Swisscleantech a \u00e9lu un nouveau pr\u00e9sident lors de son assembl\u00e9e g\u00e9n\u00e9rale \u00e0 Berne : Carsten Bopp, Group CEO de PINI Swiss Engineers AG.","robots":{"index":"index","follow":"follow","max-snippet":"max-snippet:-1","max-image-preview":"max-image-preview:large","max-video-preview":"max-video-preview:-1"},"canonical":"https:\/\/www.organisator.ch\/fr\/sustainability\/2019-03-12\/swisscleantech-zeigt-sich-zuversichtlich\/","og_locale":"fr_FR","og_type":"article","og_title":"Swisscleantech zeigt sich zuversichtlich - Organisator","og_description":"Swisscleantech hat an seiner Generalversammlung in Bern einen neuen Pr\u00e4sidenten gew\u00e4hlt: Carsten Bopp, Group CEO der PINI Swiss Engineers AG.","og_url":"https:\/\/www.organisator.ch\/fr\/sustainability\/2019-03-12\/swisscleantech-zeigt-sich-zuversichtlich\/","og_site_name":"Organisator","article_publisher":"https:\/\/www.facebook.com\/OrganisatorFachmagazin","article_published_time":"2019-03-12T10:06:07+00:00","article_modified_time":"2022-08-02T12:53:46+00:00","og_image":[{"width":2218,"height":1478,"url":"https:\/\/www.organisator.ch\/wp-content\/uploads\/2019\/03\/Carsten-Bopp-swisscleantech-19.jpg","type":"image\/jpeg"}],"author":"michael.merz","twitter_card":"summary_large_image","schema":{"@context":"https:\/\/schema.org","@graph":[{"@type":"Article","@id":"https:\/\/www.organisator.ch\/sustainability\/2019-03-12\/swisscleantech-zeigt-sich-zuversichtlich\/#article","isPartOf":{"@id":"https:\/\/www.organisator.ch\/sustainability\/2019-03-12\/swisscleantech-zeigt-sich-zuversichtlich\/"},"author":{"name":"michael.merz","@id":"https:\/\/www.organisator.ch\/#\/schema\/person\/134708ca9321c57b0362cceb7948ffbd"},"headline":"Swisscleantech zeigt sich zuversichtlich","datePublished":"2019-03-12T10:06:07+00:00","dateModified":"2022-08-02T12:53:46+00:00","mainEntityOfPage":{"@id":"https:\/\/www.organisator.ch\/sustainability\/2019-03-12\/swisscleantech-zeigt-sich-zuversichtlich\/"},"wordCount":408,"publisher":{"@id":"https:\/\/www.organisator.ch\/#organization"},"image":{"@id":"https:\/\/www.organisator.ch\/sustainability\/2019-03-12\/swisscleantech-zeigt-sich-zuversichtlich\/#primaryimage"},"thumbnailUrl":"https:\/\/www.organisator.ch\/wp-content\/uploads\/2019\/03\/Carsten-Bopp-swisscleantech-19.jpg","keywords":["Cleantech","Personalia","Schweiz","swisscleantech","Verband"],"articleSection":["SUSTAINABILITY"],"inLanguage":"fr-FR"},{"@type":"WebPage","@id":"https:\/\/www.organisator.ch\/sustainability\/2019-03-12\/swisscleantech-zeigt-sich-zuversichtlich\/","url":"https:\/\/www.organisator.ch\/sustainability\/2019-03-12\/swisscleantech-zeigt-sich-zuversichtlich\/","name":"Swisscleantech se montre confiant - Organisateur","isPartOf":{"@id":"https:\/\/www.organisator.ch\/#website"},"primaryImageOfPage":{"@id":"https:\/\/www.organisator.ch\/sustainability\/2019-03-12\/swisscleantech-zeigt-sich-zuversichtlich\/#primaryimage"},"image":{"@id":"https:\/\/www.organisator.ch\/sustainability\/2019-03-12\/swisscleantech-zeigt-sich-zuversichtlich\/#primaryimage"},"thumbnailUrl":"https:\/\/www.organisator.ch\/wp-content\/uploads\/2019\/03\/Carsten-Bopp-swisscleantech-19.jpg","datePublished":"2019-03-12T10:06:07+00:00","dateModified":"2022-08-02T12:53:46+00:00","description":"Swisscleantech a \u00e9lu un nouveau pr\u00e9sident lors de son assembl\u00e9e g\u00e9n\u00e9rale \u00e0 Berne : Carsten Bopp, Group CEO de PINI Swiss Engineers AG.","breadcrumb":{"@id":"https:\/\/www.organisator.ch\/sustainability\/2019-03-12\/swisscleantech-zeigt-sich-zuversichtlich\/#breadcrumb"},"inLanguage":"fr-FR","potentialAction":[{"@type":"ReadAction","target":["https:\/\/www.organisator.ch\/sustainability\/2019-03-12\/swisscleantech-zeigt-sich-zuversichtlich\/"]}]},{"@type":"ImageObject","inLanguage":"fr-FR","@id":"https:\/\/www.organisator.ch\/sustainability\/2019-03-12\/swisscleantech-zeigt-sich-zuversichtlich\/#primaryimage","url":"https:\/\/www.organisator.ch\/wp-content\/uploads\/2019\/03\/Carsten-Bopp-swisscleantech-19.jpg","contentUrl":"https:\/\/www.organisator.ch\/wp-content\/uploads\/2019\/03\/Carsten-Bopp-swisscleantech-19.jpg","width":2218,"height":1478,"caption":"Carsten Bopp (48), der neu gew\u00e4hlte swisscleantech Pr\u00e4sident. (Bild: zVg)"},{"@type":"BreadcrumbList","@id":"https:\/\/www.organisator.ch\/sustainability\/2019-03-12\/swisscleantech-zeigt-sich-zuversichtlich\/#breadcrumb","itemListElement":[{"@type":"ListItem","position":1,"name":"Home","item":"https:\/\/www.organisator.ch\/"},{"@type":"ListItem","position":2,"name":"Swisscleantech zeigt sich zuversichtlich"}]},{"@type":"WebSite","@id":"https:\/\/www.organisator.ch\/#website","url":"https:\/\/www.organisator.ch\/","name":"Organisateur","description":"Comp\u00e9tence et comp\u00e9tence. Proches de la pratique. L'ORGANISATEUR pr\u00e9pare 10 num\u00e9ros par an sur les th\u00e8mes essentiels pour les dirigeants de PME.","publisher":{"@id":"https:\/\/www.organisator.ch\/#organization"},"potentialAction":[{"@type":"SearchAction","target":{"@type":"EntryPoint","urlTemplate":"https:\/\/www.organisator.ch\/?s={search_term_string}"},"query-input":{"@type":"PropertyValueSpecification","valueRequired":true,"valueName":"search_term_string"}}],"inLanguage":"fr-FR"},{"@type":"Organization","@id":"https:\/\/www.organisator.ch\/#organization","name":"Organisateur","url":"https:\/\/www.organisator.ch\/","logo":{"@type":"ImageObject","inLanguage":"fr-FR","@id":"https:\/\/www.organisator.ch\/#\/schema\/logo\/image\/","url":"https:\/\/www.organisator.ch\/wp-content\/uploads\/2022\/01\/Logo_Organisator_Website.png","contentUrl":"https:\/\/www.organisator.ch\/wp-content\/uploads\/2022\/01\/Logo_Organisator_Website.png","width":800,"height":77,"caption":"Organisator"},"image":{"@id":"https:\/\/www.organisator.ch\/#\/schema\/logo\/image\/"},"sameAs":["https:\/\/www.facebook.com\/OrganisatorFachmagazin","https:\/\/www.linkedin.com\/showcase\/organisator-das-magazin-fr-kmu","https:\/\/www.xing.com\/news\/pages\/organisator-ch-695","https:\/\/www.youtube.com\/channel\/UCGP2Sq0iWaZwT3BdIAQFYpw"]},{"@type":"Person","@id":"https:\/\/www.organisator.ch\/#\/schema\/person\/134708ca9321c57b0362cceb7948ffbd","name":"michael.merz","image":{"@type":"ImageObject","inLanguage":"fr-FR","@id":"https:\/\/secure.gravatar.com\/avatar\/?s=96&d=mm&r=g","url":"https:\/\/secure.gravatar.com\/avatar\/?s=96&d=mm&r=g","contentUrl":"https:\/\/secure.gravatar.com\/avatar\/?s=96&d=mm&r=g","caption":"michael.merz"},"url":"https:\/\/www.organisator.ch\/fr\/author\/michael-merz\/"}]}},"_links":{"self":[{"href":"https:\/\/www.organisator.ch\/fr\/wp-json\/wp\/v2\/posts\/10076","targetHints":{"allow":["GET"]}}],"collection":[{"href":"https:\/\/www.organisator.ch\/fr\/wp-json\/wp\/v2\/posts"}],"about":[{"href":"https:\/\/www.organisator.ch\/fr\/wp-json\/wp\/v2\/types\/post"}],"author":[{"embeddable":true,"href":"https:\/\/www.organisator.ch\/fr\/wp-json\/wp\/v2\/users\/5"}],"replies":[{"embeddable":true,"href":"https:\/\/www.organisator.ch\/fr\/wp-json\/wp\/v2\/comments?post=10076"}],"version-history":[{"count":2,"href":"https:\/\/www.organisator.ch\/fr\/wp-json\/wp\/v2\/posts\/10076\/revisions"}],"predecessor-version":[{"id":16229,"href":"https:\/\/www.organisator.ch\/fr\/wp-json\/wp\/v2\/posts\/10076\/revisions\/16229"}],"wp:featuredmedia":[{"embeddable":true,"href":"https:\/\/www.organisator.ch\/fr\/wp-json\/wp\/v2\/media\/2062"}],"wp:attachment":[{"href":"https:\/\/www.organisator.ch\/fr\/wp-json\/wp\/v2\/media?parent=10076"}],"wp:term":[{"taxonomy":"category","embeddable":true,"href":"https:\/\/www.organisator.ch\/fr\/wp-json\/wp\/v2\/categories?post=10076"},{"taxonomy":"post_tag","embeddable":true,"href":"https:\/\/www.organisator.ch\/fr\/wp-json\/wp\/v2\/tags?post=10076"}],"curies":[{"name":"wp","href":"https:\/\/api.w.org\/{rel}","templated":true}]}}