{"id":10077,"date":"2019-03-19T11:40:06","date_gmt":"2019-03-19T10:40:06","guid":{"rendered":"https:\/\/www.umweltperspektiven.ch\/?p=2077"},"modified":"2019-03-19T11:40:06","modified_gmt":"2019-03-19T10:40:06","slug":"tag-des-waldes-und-eine-ausbildung-im-sinne-der-nachhaltigkeit","status":"publish","type":"post","link":"https:\/\/www.organisator.ch\/fr\/allgemein\/2019-03-19\/tag-des-waldes-und-eine-ausbildung-im-sinne-der-nachhaltigkeit\/","title":{"rendered":"Journ\u00e9e de la for\u00eat et une formation dans l'esprit du d\u00e9veloppement durable"},"content":{"rendered":"<figure id=\"attachment_2078\" aria-describedby=\"caption-attachment-2078\" style=\"width: 680px\" class=\"wp-caption alignnone\"><img loading=\"lazy\" decoding=\"async\" class=\"size-medium wp-image-2078\" src=\"\/\/www.umweltperspektiven.ch\/wp-content\/uploads\/2019\/03\/Tag-des-Waldes-UP_Umweltperspektiven.jpg\" alt=\"\" width=\"680\" height=\"453\" \/><figcaption id=\"caption-attachment-2078\" class=\"wp-caption-text\">Les forestiers-b\u00fbcherons sont tr\u00e8s recherch\u00e9s en Suisse. A Magdenau (SG), les apprentis forestiers-b\u00fbcherons comme Anna Ehrbar, \u00e0 gauche sur la photo, connaissent le succ\u00e8s. (Photo : zVg)<\/figcaption><\/figure>\n<p>Lorsqu'Anna Ehrbar parle de son quotidien en for\u00eat et du m\u00e9tier qu'elle a choisi pour sa formation, on sent son enthousiasme : \"Oui, c'\u00e9tait la bonne d\u00e9cision\". Apr\u00e8s l'\u00e9cole, elle ne voulait pas travailler dans des pi\u00e8ces, rester sur une chaise de bureau. Non, sa place est dans la nature, \u00e0 l'air libre. Environ 300 jeunes gens commencent chaque ann\u00e9e en Suisse une formation professionnelle de forestier-b\u00fbcheron. Dans la classe d'Anna, douze femmes ont commenc\u00e9 leur apprentissage en 2016 dans toute la Suisse. \"Ce n'est certainement pas un m\u00e9tier typiquement f\u00e9minin et les r\u00e9actions \u00e0 mon choix ont \u00e9t\u00e9 diff\u00e9rentes\", raconte-t-elle en souriant.<\/p>\n<p><strong>La foresti\u00e8re de Magdenau<\/strong><\/p>\n<p>Elle fr\u00e9quente l'\u00e9cole professionnelle de Herisau avec 17 jeunes hommes. \"Les gar\u00e7ons se sont habitu\u00e9s \u00e0 moi depuis longtemps et l'ambiance est tr\u00e8s bonne\". Son corps aussi s'est adapt\u00e9 au travail quotidien et rigoureux dans la for\u00eat. En tant que femme, la jeune femme de 18 ans est consciente qu'elle n'a parfois pas la m\u00eame force que ses coll\u00e8gues professionnels dans certaines activit\u00e9s. Mais elle compense clairement par sa technique de travail et ses actions r\u00e9fl\u00e9chies. Ce qu'elle aime par-dessus tout pendant sa formation, c'est le travail de b\u00fbcheron. Elle est fi\u00e8re de sa fid\u00e8le compagne, la tron\u00e7onneuse Husquarna 562 de 60 centim\u00e8tres cubes, avec laquelle elle a d\u00e9j\u00e0 sci\u00e9 de nombreuses encoches de chute et effectu\u00e9 des coupes d'abattage. Elle est d\u00e9j\u00e0 une habitu\u00e9e et, avec des mouvements presque doux, elle ex\u00e9cute les \u00e9tapes de travail avec agilit\u00e9.<\/p>\n<p><strong>Une formation sp\u00e9cialis\u00e9e polyvalente<\/strong><\/p>\n<p>Leur action est accompagn\u00e9e avec attention par leur formateur, Oliver Zangerl de Herisau. Ce contrema\u00eetre forestier de 28 ans du triage de Magdenau d\u00e9gage une impression de calme qui correspond \u00e0 son lieu de travail. S'il souhaite indiquer \u00e0 Anna une correction \u00e0 apporter \u00e0 son action pendant la r\u00e9colte du bois, il le fait par radio via un microphone install\u00e9 dans le casque de s\u00e9curit\u00e9. \"Il est important que les apprentis soient bien instruits et accompagn\u00e9s, de mani\u00e8re claire et sans pr\u00e9cipitation\", a-t-il conscience. Il aime transmettre aux jeunes ses connaissances en mati\u00e8re de travail forestier. C'est pourquoi il est \u00e9galement actif en tant qu'instructeur dans les cours de b\u00fbcheronnage organis\u00e9s dans toute la Suisse par For\u00eat Suisse.<\/p>\n<p>\"Nous devons assurer une bonne rel\u00e8ve dans la branche, afin qu'\u00e0 l'avenir aussi, on agisse dans la for\u00eat dans le sens de la durabilit\u00e9\". Agir de mani\u00e8re durable implique des connaissances \u00e9tendues sur les relations complexes entre la faune, la flore, la technique, l'\u00e9conomie et la soci\u00e9t\u00e9. Car la for\u00eat n'est pas seulement un fournisseur de bois. Elle constitue un habitat pour les esp\u00e8ces animales et v\u00e9g\u00e9tales les plus diverses, une grande r\u00e9serve d'eau potable, stocke du carbone et est un lieu de d\u00e9tente tr\u00e8s appr\u00e9ci\u00e9 des hommes, parfois tr\u00e8s fr\u00e9quent\u00e9. Pour g\u00e9rer la for\u00eat multifonctionnelle et l'entretenir avec soin pour les g\u00e9n\u00e9rations futures, il faut des sp\u00e9cialistes disposant de vastes connaissances. Et ce, compte tenu des d\u00e9fis futurs li\u00e9s au changement climatique. Des temp\u00e9ratures plus \u00e9lev\u00e9es et des p\u00e9riodes de s\u00e9cheresse plus fr\u00e9quentes modifieront la composition des associations d'arbres et le probl\u00e8me croissant des organismes nuisibles introduits par la circulation mondiale des marchandises se fait \u00e9galement sentir.<\/p>\n<p><strong>\u00a0Taux d'\u00e9migration \u00e9lev\u00e9<\/strong><\/p>\n<p>Le service sp\u00e9cialis\u00e9 de la Conf\u00e9d\u00e9ration pour la formation et le perfectionnement dans l'\u00e9conomie foresti\u00e8re, appel\u00e9 \"Codoc\", s'occupe entre autres de la formation des forestiers-b\u00fbcherons. C'est une plaque tournante de l'information, une centrale de mat\u00e9riel didactique et un service de renseignements pour les questions de formation foresti\u00e8re. Rolf D\u00fcrig, co-directeur du centre, est bien conscient de la complexit\u00e9 des d\u00e9fis \u00e0 relever dans le secteur forestier : \"La for\u00eat doit \u00eatre g\u00e9r\u00e9e de mani\u00e8re experte afin de garantir sa stabilit\u00e9 et sa fonction protectrice. Une t\u00e2che difficile, compte tenu \u00e9galement de la pression \u00e9conomique existante sur le secteur du bois et de la for\u00eat\". Selon Rolf D\u00fcrig, la formation professionnelle de forestier-b\u00fbcheron est tr\u00e8s appr\u00e9ci\u00e9e en Suisse. Il n'y a gu\u00e8re de probl\u00e8mes pour pourvoir les places d'apprentissage, explique-t-il. Il s'agit plut\u00f4t d'offrir suffisamment de places de formation. Toutes les entreprises foresti\u00e8res ne disposent pas de ressources suffisantes en temps, en argent et en personnel pour pouvoir proposer une formation s\u00e9rieuse et compl\u00e8te.<\/p>\n<p>Au triage forestier de Magdenau, ces ressources semblent \u00eatre disponibles, m\u00eame apr\u00e8s la fin de la formation d'Anna Ehrbar. \"Nous avons d\u00e9j\u00e0 pourvu la place d'apprentissage pour le mois d'ao\u00fbt prochain. Notre nouvel apprenti forestier est un jeune homme de la r\u00e9gion\", se r\u00e9jouit Oliver Zangerl. Et quel est l'avenir proche d'Anna ?<\/p>\n<p>\"Apr\u00e8s mon apprentissage dans une entreprise d'\u00e9lagage, je souhaite suivre une formation d'\u00e9lagueur. J'adore l'escalade et je veux continuer \u00e0 \u00e9voluer dans le monde des arbres. Et peut-\u00eatre reviendrai-je plus tard dans le secteur forestier\". Selon Rolf D\u00fcrig, environ un tiers des forestiers-b\u00fbcherons form\u00e9s restent dans la branche, beaucoup se tournent vers des m\u00e9tiers apparent\u00e9s. \"Le taux d'\u00e9migration n'a rien d'inhabituel, c'est aussi le cas dans d'autres professions. Nos apprentis dipl\u00f4m\u00e9s sont des professionnels tr\u00e8s recherch\u00e9s. Ils ont appris \u00e0 travailler en \u00e9quipe, sont conscients de la s\u00e9curit\u00e9 dans leurs activit\u00e9s et peuvent donner un coup de main motiv\u00e9, et tout cela par tous les temps\".<\/p>\n<p>&nbsp;<\/p>\n<p><strong><em>Journ\u00e9e de la for\u00eat<\/em><\/strong><\/p>\n<p><em>La traditionnelle Journ\u00e9e de la for\u00eat a lieu le 21 mars. Pour 2019, le th\u00e8me est le suivant <\/em><em>\"La for\u00eat est un lieu d'\u00e9ducation de qualit\u00e9\"<\/em><em>. La Journ\u00e9e de la for\u00eat a \u00e9t\u00e9 cr\u00e9\u00e9e par la FAO (Organisation des Nations unies pour l'alimentation et l'agriculture) dans les ann\u00e9es 1970 en r\u00e9action \u00e0 la destruction globale des for\u00eats. En Suisse, la for\u00eat pousse sur environ 1,28 million d'hectares. Cette surface est entretenue et g\u00e9r\u00e9e par environ 5'000 professionnels de la sylviculture. <\/em><em>Pr\u00e8s de la moiti\u00e9 des animaux et des plantes pr\u00e9sents en Suisse d\u00e9pendent de la for\u00eat, ce qui repr\u00e9sente environ 20 000 esp\u00e8ces. Gr\u00e2ce \u00e0 une gestion foresti\u00e8re professionnelle et proche de la nature, la pr\u00e9cieuse biodiversit\u00e9 est pr\u00e9serv\u00e9e, et ce malgr\u00e9 les exigences multiples pos\u00e9es \u00e0 la for\u00eat multifonctionnelle d'aujourd'hui. (Informations : <\/em><a href=\"\/\/www.waldberufe.ch\">www.waldberufe.ch<\/a>, <a href=\"\/\/www.silviva.ch\/itw\">www.silviva.ch\/itw<\/a>)<\/p>\n<p>&nbsp;<\/p>\n<p>&nbsp;<\/p>\n<p>&nbsp;<\/p>\n<p>&nbsp;<\/p>","protected":false},"excerpt":{"rendered":"<p>Erz\u00e4hlt Anna Ehrbar von ihrem Alltag im Wald und ihrem gew\u00e4hlten Ausbildungs-Beruf, sp\u00fcrt man ihre Begeisterung: \u201eJa, es war die richtige Entscheidung.\u201c Sie wollte nach der Schulzeit nicht in R\u00e4umen arbeiten, auf einem B\u00fcrostuhl verharren. Nein, sie geh\u00f6rt in die Natur, an die frische Luft. Rund 300 junge Menschen starten in der Schweiz j\u00e4hrlich mit [&hellip;]<\/p>\n","protected":false},"author":5,"featured_media":2078,"comment_status":"open","ping_status":"open","sticky":false,"template":"","format":"standard","meta":{"_acf_changed":false,"_yoast_wpseo_focuskw":"Wald","_yoast_wpseo_metadesc":"Ein Drittel der Schweizer Fl\u00e4che ist Wald. Damit der Wald seine vielf\u00e4ltigen Aufgaben erf\u00fcllen kann, muss er fachkundig gepflegt und bewirtschaftet werden.","articlekey":"","footnotes":""},"categories":[1],"tags":[740,1224,1225,424,2499],"class_list":["post-10077","post","type-post","status-publish","format-standard","has-post-thumbnail","hentry","category-allgemein","tag-ausbildung","tag-forstwart","tag-forstwartin","tag-schweiz","tag-wald"],"acf":[],"yoast_head":"<!-- This site is optimized with the Yoast SEO plugin v27.5 - https:\/\/yoast.com\/product\/yoast-seo-wordpress\/ -->\n<title>Tag des Waldes und eine Ausbildung im Sinne der Nachhaltigkeit - Organisator<\/title>\n<meta name=\"description\" content=\"Ein Drittel der Schweizer Fl\u00e4che ist Wald. Damit der Wald seine vielf\u00e4ltigen Aufgaben erf\u00fcllen kann, muss er fachkundig gepflegt und bewirtschaftet werden.\" \/>\n<meta name=\"robots\" content=\"index, follow, max-snippet:-1, max-image-preview:large, max-video-preview:-1\" \/>\n<link rel=\"canonical\" href=\"https:\/\/www.organisator.ch\/fr\/general\/2019-03-19\/tag-des-waldes-und-eine-ausbildung-im-sinne-der-nachhaltigkeit\/\" \/>\n<meta property=\"og:locale\" content=\"fr_FR\" \/>\n<meta property=\"og:type\" content=\"article\" \/>\n<meta property=\"og:title\" content=\"Tag des Waldes und eine Ausbildung im Sinne der Nachhaltigkeit - Organisator\" \/>\n<meta property=\"og:description\" content=\"Ein Drittel der Schweizer Fl\u00e4che ist Wald. Damit der Wald seine vielf\u00e4ltigen Aufgaben erf\u00fcllen kann, muss er fachkundig gepflegt und bewirtschaftet werden.\" \/>\n<meta property=\"og:url\" content=\"https:\/\/www.organisator.ch\/fr\/general\/2019-03-19\/tag-des-waldes-und-eine-ausbildung-im-sinne-der-nachhaltigkeit\/\" \/>\n<meta property=\"og:site_name\" content=\"Organisator\" \/>\n<meta property=\"article:publisher\" content=\"https:\/\/www.facebook.com\/OrganisatorFachmagazin\" \/>\n<meta property=\"article:published_time\" content=\"2019-03-19T10:40:06+00:00\" \/>\n<meta property=\"og:image\" content=\"https:\/\/www.organisator.ch\/wp-content\/uploads\/2019\/03\/Tag-des-Waldes-UP_Umweltperspektiven-scaled.jpg\" \/>\n\t<meta property=\"og:image:width\" content=\"2560\" \/>\n\t<meta property=\"og:image:height\" content=\"1707\" \/>\n\t<meta property=\"og:image:type\" content=\"image\/jpeg\" \/>\n<meta name=\"author\" content=\"michael.merz\" \/>\n<meta name=\"twitter:card\" content=\"summary_large_image\" \/>\n<script type=\"application\/ld+json\" class=\"yoast-schema-graph\">{\"@context\":\"https:\\\/\\\/schema.org\",\"@graph\":[{\"@type\":\"Article\",\"@id\":\"https:\\\/\\\/www.organisator.ch\\\/it\\\/generale\\\/2019-03-19\\\/tag-des-waldes-und-eine-ausbildung-im-sinne-der-nachhaltigkeit\\\/#article\",\"isPartOf\":{\"@id\":\"https:\\\/\\\/www.organisator.ch\\\/it\\\/generale\\\/2019-03-19\\\/tag-des-waldes-und-eine-ausbildung-im-sinne-der-nachhaltigkeit\\\/\"},\"author\":{\"name\":\"michael.merz\",\"@id\":\"https:\\\/\\\/www.organisator.ch\\\/#\\\/schema\\\/person\\\/134708ca9321c57b0362cceb7948ffbd\"},\"headline\":\"Tag des Waldes und eine Ausbildung im Sinne der Nachhaltigkeit\",\"datePublished\":\"2019-03-19T10:40:06+00:00\",\"mainEntityOfPage\":{\"@id\":\"https:\\\/\\\/www.organisator.ch\\\/it\\\/generale\\\/2019-03-19\\\/tag-des-waldes-und-eine-ausbildung-im-sinne-der-nachhaltigkeit\\\/\"},\"wordCount\":938,\"commentCount\":0,\"publisher\":{\"@id\":\"https:\\\/\\\/www.organisator.ch\\\/#organization\"},\"image\":{\"@id\":\"https:\\\/\\\/www.organisator.ch\\\/it\\\/generale\\\/2019-03-19\\\/tag-des-waldes-und-eine-ausbildung-im-sinne-der-nachhaltigkeit\\\/#primaryimage\"},\"thumbnailUrl\":\"https:\\\/\\\/www.organisator.ch\\\/wp-content\\\/uploads\\\/2019\\\/03\\\/Tag-des-Waldes-UP_Umweltperspektiven-scaled.jpg\",\"keywords\":[\"Ausbildung\",\"Forstwart\",\"Forstwartin\",\"Schweiz\",\"Wald\"],\"articleSection\":[\"Allgemein\"],\"inLanguage\":\"fr-FR\"},{\"@type\":\"WebPage\",\"@id\":\"https:\\\/\\\/www.organisator.ch\\\/it\\\/generale\\\/2019-03-19\\\/tag-des-waldes-und-eine-ausbildung-im-sinne-der-nachhaltigkeit\\\/\",\"url\":\"https:\\\/\\\/www.organisator.ch\\\/it\\\/generale\\\/2019-03-19\\\/tag-des-waldes-und-eine-ausbildung-im-sinne-der-nachhaltigkeit\\\/\",\"name\":\"Tag des Waldes und eine Ausbildung im Sinne der Nachhaltigkeit - Organisator\",\"isPartOf\":{\"@id\":\"https:\\\/\\\/www.organisator.ch\\\/#website\"},\"primaryImageOfPage\":{\"@id\":\"https:\\\/\\\/www.organisator.ch\\\/it\\\/generale\\\/2019-03-19\\\/tag-des-waldes-und-eine-ausbildung-im-sinne-der-nachhaltigkeit\\\/#primaryimage\"},\"image\":{\"@id\":\"https:\\\/\\\/www.organisator.ch\\\/it\\\/generale\\\/2019-03-19\\\/tag-des-waldes-und-eine-ausbildung-im-sinne-der-nachhaltigkeit\\\/#primaryimage\"},\"thumbnailUrl\":\"https:\\\/\\\/www.organisator.ch\\\/wp-content\\\/uploads\\\/2019\\\/03\\\/Tag-des-Waldes-UP_Umweltperspektiven-scaled.jpg\",\"datePublished\":\"2019-03-19T10:40:06+00:00\",\"description\":\"Ein Drittel der Schweizer Fl\u00e4che ist Wald. Damit der Wald seine vielf\u00e4ltigen Aufgaben erf\u00fcllen kann, muss er fachkundig gepflegt und bewirtschaftet werden.\",\"breadcrumb\":{\"@id\":\"https:\\\/\\\/www.organisator.ch\\\/it\\\/generale\\\/2019-03-19\\\/tag-des-waldes-und-eine-ausbildung-im-sinne-der-nachhaltigkeit\\\/#breadcrumb\"},\"inLanguage\":\"fr-FR\",\"potentialAction\":[{\"@type\":\"ReadAction\",\"target\":[\"https:\\\/\\\/www.organisator.ch\\\/it\\\/generale\\\/2019-03-19\\\/tag-des-waldes-und-eine-ausbildung-im-sinne-der-nachhaltigkeit\\\/\"]}]},{\"@type\":\"ImageObject\",\"inLanguage\":\"fr-FR\",\"@id\":\"https:\\\/\\\/www.organisator.ch\\\/it\\\/generale\\\/2019-03-19\\\/tag-des-waldes-und-eine-ausbildung-im-sinne-der-nachhaltigkeit\\\/#primaryimage\",\"url\":\"https:\\\/\\\/www.organisator.ch\\\/wp-content\\\/uploads\\\/2019\\\/03\\\/Tag-des-Waldes-UP_Umweltperspektiven-scaled.jpg\",\"contentUrl\":\"https:\\\/\\\/www.organisator.ch\\\/wp-content\\\/uploads\\\/2019\\\/03\\\/Tag-des-Waldes-UP_Umweltperspektiven-scaled.jpg\",\"width\":2560,\"height\":1707,\"caption\":\"Forstwarte sind in der Schweiz gesucht. In Magdenau (SG) re\u00fcssieren Forstwart-Lernende wie Anna Ehrbar (Bild: zVg)\"},{\"@type\":\"BreadcrumbList\",\"@id\":\"https:\\\/\\\/www.organisator.ch\\\/it\\\/generale\\\/2019-03-19\\\/tag-des-waldes-und-eine-ausbildung-im-sinne-der-nachhaltigkeit\\\/#breadcrumb\",\"itemListElement\":[{\"@type\":\"ListItem\",\"position\":1,\"name\":\"Home\",\"item\":\"https:\\\/\\\/www.organisator.ch\\\/\"},{\"@type\":\"ListItem\",\"position\":2,\"name\":\"Tag des Waldes und eine Ausbildung im Sinne der Nachhaltigkeit\"}]},{\"@type\":\"WebSite\",\"@id\":\"https:\\\/\\\/www.organisator.ch\\\/#website\",\"url\":\"https:\\\/\\\/www.organisator.ch\\\/\",\"name\":\"Organisator\",\"description\":\"Kompetent. Praxisnah. Der ORGANISATOR bereitet in 10 Ausgaben pro Jahr die wesentlichen Themen f\u00fcr F\u00fchrungskr\u00e4fte von KMU auf.\",\"publisher\":{\"@id\":\"https:\\\/\\\/www.organisator.ch\\\/#organization\"},\"potentialAction\":[{\"@type\":\"SearchAction\",\"target\":{\"@type\":\"EntryPoint\",\"urlTemplate\":\"https:\\\/\\\/www.organisator.ch\\\/?s={search_term_string}\"},\"query-input\":{\"@type\":\"PropertyValueSpecification\",\"valueRequired\":true,\"valueName\":\"search_term_string\"}}],\"inLanguage\":\"fr-FR\"},{\"@type\":\"Organization\",\"@id\":\"https:\\\/\\\/www.organisator.ch\\\/#organization\",\"name\":\"Organisator\",\"url\":\"https:\\\/\\\/www.organisator.ch\\\/\",\"logo\":{\"@type\":\"ImageObject\",\"inLanguage\":\"fr-FR\",\"@id\":\"https:\\\/\\\/www.organisator.ch\\\/#\\\/schema\\\/logo\\\/image\\\/\",\"url\":\"https:\\\/\\\/www.organisator.ch\\\/wp-content\\\/uploads\\\/2022\\\/01\\\/Logo_Organisator_Website.png\",\"contentUrl\":\"https:\\\/\\\/www.organisator.ch\\\/wp-content\\\/uploads\\\/2022\\\/01\\\/Logo_Organisator_Website.png\",\"width\":800,\"height\":77,\"caption\":\"Organisator\"},\"image\":{\"@id\":\"https:\\\/\\\/www.organisator.ch\\\/#\\\/schema\\\/logo\\\/image\\\/\"},\"sameAs\":[\"https:\\\/\\\/www.facebook.com\\\/OrganisatorFachmagazin\",\"https:\\\/\\\/www.linkedin.com\\\/showcase\\\/organisator-das-magazin-fr-kmu\",\"https:\\\/\\\/www.xing.com\\\/news\\\/pages\\\/organisator-ch-695\",\"https:\\\/\\\/www.youtube.com\\\/channel\\\/UCGP2Sq0iWaZwT3BdIAQFYpw\"]},{\"@type\":\"Person\",\"@id\":\"https:\\\/\\\/www.organisator.ch\\\/#\\\/schema\\\/person\\\/134708ca9321c57b0362cceb7948ffbd\",\"name\":\"michael.merz\",\"image\":{\"@type\":\"ImageObject\",\"inLanguage\":\"fr-FR\",\"@id\":\"https:\\\/\\\/secure.gravatar.com\\\/avatar\\\/?s=96&d=mm&r=g\",\"url\":\"https:\\\/\\\/secure.gravatar.com\\\/avatar\\\/?s=96&d=mm&r=g\",\"contentUrl\":\"https:\\\/\\\/secure.gravatar.com\\\/avatar\\\/?s=96&d=mm&r=g\",\"caption\":\"michael.merz\"},\"url\":\"https:\\\/\\\/www.organisator.ch\\\/fr\\\/author\\\/michael-merz\\\/\"}]}<\/script>\n<!-- \/ Yoast SEO plugin. -->","yoast_head_json":{"title":"Journ\u00e9e de la for\u00eat et une formation dans l'esprit du d\u00e9veloppement durable - Organisateur","description":"Un tiers de la surface suisse est constitu\u00e9 de for\u00eats. Pour que la for\u00eat puisse remplir ses multiples fonctions, elle doit \u00eatre entretenue et g\u00e9r\u00e9e de mani\u00e8re comp\u00e9tente.","robots":{"index":"index","follow":"follow","max-snippet":"max-snippet:-1","max-image-preview":"max-image-preview:large","max-video-preview":"max-video-preview:-1"},"canonical":"https:\/\/www.organisator.ch\/fr\/general\/2019-03-19\/tag-des-waldes-und-eine-ausbildung-im-sinne-der-nachhaltigkeit\/","og_locale":"fr_FR","og_type":"article","og_title":"Tag des Waldes und eine Ausbildung im Sinne der Nachhaltigkeit - Organisator","og_description":"Ein Drittel der Schweizer Fl\u00e4che ist Wald. Damit der Wald seine vielf\u00e4ltigen Aufgaben erf\u00fcllen kann, muss er fachkundig gepflegt und bewirtschaftet werden.","og_url":"https:\/\/www.organisator.ch\/fr\/general\/2019-03-19\/tag-des-waldes-und-eine-ausbildung-im-sinne-der-nachhaltigkeit\/","og_site_name":"Organisator","article_publisher":"https:\/\/www.facebook.com\/OrganisatorFachmagazin","article_published_time":"2019-03-19T10:40:06+00:00","og_image":[{"width":2560,"height":1707,"url":"https:\/\/www.organisator.ch\/wp-content\/uploads\/2019\/03\/Tag-des-Waldes-UP_Umweltperspektiven-scaled.jpg","type":"image\/jpeg"}],"author":"michael.merz","twitter_card":"summary_large_image","schema":{"@context":"https:\/\/schema.org","@graph":[{"@type":"Article","@id":"https:\/\/www.organisator.ch\/it\/generale\/2019-03-19\/tag-des-waldes-und-eine-ausbildung-im-sinne-der-nachhaltigkeit\/#article","isPartOf":{"@id":"https:\/\/www.organisator.ch\/it\/generale\/2019-03-19\/tag-des-waldes-und-eine-ausbildung-im-sinne-der-nachhaltigkeit\/"},"author":{"name":"michael.merz","@id":"https:\/\/www.organisator.ch\/#\/schema\/person\/134708ca9321c57b0362cceb7948ffbd"},"headline":"Tag des Waldes und eine Ausbildung im Sinne der Nachhaltigkeit","datePublished":"2019-03-19T10:40:06+00:00","mainEntityOfPage":{"@id":"https:\/\/www.organisator.ch\/it\/generale\/2019-03-19\/tag-des-waldes-und-eine-ausbildung-im-sinne-der-nachhaltigkeit\/"},"wordCount":938,"commentCount":0,"publisher":{"@id":"https:\/\/www.organisator.ch\/#organization"},"image":{"@id":"https:\/\/www.organisator.ch\/it\/generale\/2019-03-19\/tag-des-waldes-und-eine-ausbildung-im-sinne-der-nachhaltigkeit\/#primaryimage"},"thumbnailUrl":"https:\/\/www.organisator.ch\/wp-content\/uploads\/2019\/03\/Tag-des-Waldes-UP_Umweltperspektiven-scaled.jpg","keywords":["Ausbildung","Forstwart","Forstwartin","Schweiz","Wald"],"articleSection":["Allgemein"],"inLanguage":"fr-FR"},{"@type":"WebPage","@id":"https:\/\/www.organisator.ch\/it\/generale\/2019-03-19\/tag-des-waldes-und-eine-ausbildung-im-sinne-der-nachhaltigkeit\/","url":"https:\/\/www.organisator.ch\/it\/generale\/2019-03-19\/tag-des-waldes-und-eine-ausbildung-im-sinne-der-nachhaltigkeit\/","name":"Journ\u00e9e de la for\u00eat et une formation dans l'esprit du d\u00e9veloppement durable - Organisateur","isPartOf":{"@id":"https:\/\/www.organisator.ch\/#website"},"primaryImageOfPage":{"@id":"https:\/\/www.organisator.ch\/it\/generale\/2019-03-19\/tag-des-waldes-und-eine-ausbildung-im-sinne-der-nachhaltigkeit\/#primaryimage"},"image":{"@id":"https:\/\/www.organisator.ch\/it\/generale\/2019-03-19\/tag-des-waldes-und-eine-ausbildung-im-sinne-der-nachhaltigkeit\/#primaryimage"},"thumbnailUrl":"https:\/\/www.organisator.ch\/wp-content\/uploads\/2019\/03\/Tag-des-Waldes-UP_Umweltperspektiven-scaled.jpg","datePublished":"2019-03-19T10:40:06+00:00","description":"Un tiers de la surface suisse est constitu\u00e9 de for\u00eats. Pour que la for\u00eat puisse remplir ses multiples fonctions, elle doit \u00eatre entretenue et g\u00e9r\u00e9e de mani\u00e8re comp\u00e9tente.","breadcrumb":{"@id":"https:\/\/www.organisator.ch\/it\/generale\/2019-03-19\/tag-des-waldes-und-eine-ausbildung-im-sinne-der-nachhaltigkeit\/#breadcrumb"},"inLanguage":"fr-FR","potentialAction":[{"@type":"ReadAction","target":["https:\/\/www.organisator.ch\/it\/generale\/2019-03-19\/tag-des-waldes-und-eine-ausbildung-im-sinne-der-nachhaltigkeit\/"]}]},{"@type":"ImageObject","inLanguage":"fr-FR","@id":"https:\/\/www.organisator.ch\/it\/generale\/2019-03-19\/tag-des-waldes-und-eine-ausbildung-im-sinne-der-nachhaltigkeit\/#primaryimage","url":"https:\/\/www.organisator.ch\/wp-content\/uploads\/2019\/03\/Tag-des-Waldes-UP_Umweltperspektiven-scaled.jpg","contentUrl":"https:\/\/www.organisator.ch\/wp-content\/uploads\/2019\/03\/Tag-des-Waldes-UP_Umweltperspektiven-scaled.jpg","width":2560,"height":1707,"caption":"Forstwarte sind in der Schweiz gesucht. In Magdenau (SG) re\u00fcssieren Forstwart-Lernende wie Anna Ehrbar (Bild: zVg)"},{"@type":"BreadcrumbList","@id":"https:\/\/www.organisator.ch\/it\/generale\/2019-03-19\/tag-des-waldes-und-eine-ausbildung-im-sinne-der-nachhaltigkeit\/#breadcrumb","itemListElement":[{"@type":"ListItem","position":1,"name":"Home","item":"https:\/\/www.organisator.ch\/"},{"@type":"ListItem","position":2,"name":"Tag des Waldes und eine Ausbildung im Sinne der Nachhaltigkeit"}]},{"@type":"WebSite","@id":"https:\/\/www.organisator.ch\/#website","url":"https:\/\/www.organisator.ch\/","name":"Organisateur","description":"Comp\u00e9tence et comp\u00e9tence. Proches de la pratique. L'ORGANISATEUR pr\u00e9pare 10 num\u00e9ros par an sur les th\u00e8mes essentiels pour les dirigeants de PME.","publisher":{"@id":"https:\/\/www.organisator.ch\/#organization"},"potentialAction":[{"@type":"SearchAction","target":{"@type":"EntryPoint","urlTemplate":"https:\/\/www.organisator.ch\/?s={search_term_string}"},"query-input":{"@type":"PropertyValueSpecification","valueRequired":true,"valueName":"search_term_string"}}],"inLanguage":"fr-FR"},{"@type":"Organization","@id":"https:\/\/www.organisator.ch\/#organization","name":"Organisateur","url":"https:\/\/www.organisator.ch\/","logo":{"@type":"ImageObject","inLanguage":"fr-FR","@id":"https:\/\/www.organisator.ch\/#\/schema\/logo\/image\/","url":"https:\/\/www.organisator.ch\/wp-content\/uploads\/2022\/01\/Logo_Organisator_Website.png","contentUrl":"https:\/\/www.organisator.ch\/wp-content\/uploads\/2022\/01\/Logo_Organisator_Website.png","width":800,"height":77,"caption":"Organisator"},"image":{"@id":"https:\/\/www.organisator.ch\/#\/schema\/logo\/image\/"},"sameAs":["https:\/\/www.facebook.com\/OrganisatorFachmagazin","https:\/\/www.linkedin.com\/showcase\/organisator-das-magazin-fr-kmu","https:\/\/www.xing.com\/news\/pages\/organisator-ch-695","https:\/\/www.youtube.com\/channel\/UCGP2Sq0iWaZwT3BdIAQFYpw"]},{"@type":"Person","@id":"https:\/\/www.organisator.ch\/#\/schema\/person\/134708ca9321c57b0362cceb7948ffbd","name":"michael.merz","image":{"@type":"ImageObject","inLanguage":"fr-FR","@id":"https:\/\/secure.gravatar.com\/avatar\/?s=96&d=mm&r=g","url":"https:\/\/secure.gravatar.com\/avatar\/?s=96&d=mm&r=g","contentUrl":"https:\/\/secure.gravatar.com\/avatar\/?s=96&d=mm&r=g","caption":"michael.merz"},"url":"https:\/\/www.organisator.ch\/fr\/author\/michael-merz\/"}]}},"_links":{"self":[{"href":"https:\/\/www.organisator.ch\/fr\/wp-json\/wp\/v2\/posts\/10077","targetHints":{"allow":["GET"]}}],"collection":[{"href":"https:\/\/www.organisator.ch\/fr\/wp-json\/wp\/v2\/posts"}],"about":[{"href":"https:\/\/www.organisator.ch\/fr\/wp-json\/wp\/v2\/types\/post"}],"author":[{"embeddable":true,"href":"https:\/\/www.organisator.ch\/fr\/wp-json\/wp\/v2\/users\/5"}],"replies":[{"embeddable":true,"href":"https:\/\/www.organisator.ch\/fr\/wp-json\/wp\/v2\/comments?post=10077"}],"version-history":[{"count":0,"href":"https:\/\/www.organisator.ch\/fr\/wp-json\/wp\/v2\/posts\/10077\/revisions"}],"wp:featuredmedia":[{"embeddable":true,"href":"https:\/\/www.organisator.ch\/fr\/wp-json\/wp\/v2\/media\/2078"}],"wp:attachment":[{"href":"https:\/\/www.organisator.ch\/fr\/wp-json\/wp\/v2\/media?parent=10077"}],"wp:term":[{"taxonomy":"category","embeddable":true,"href":"https:\/\/www.organisator.ch\/fr\/wp-json\/wp\/v2\/categories?post=10077"},{"taxonomy":"post_tag","embeddable":true,"href":"https:\/\/www.organisator.ch\/fr\/wp-json\/wp\/v2\/tags?post=10077"}],"curies":[{"name":"wp","href":"https:\/\/api.w.org\/{rel}","templated":true}]}}