{"id":10078,"date":"2019-03-25T10:51:13","date_gmt":"2019-03-25T09:51:13","guid":{"rendered":"https:\/\/www.umweltperspektiven.ch\/?p=2083"},"modified":"2022-02-09T11:10:07","modified_gmt":"2022-02-09T10:10:07","slug":"digibarometer-2018-ueber-verwaltungsratkompetenzen","status":"publish","type":"post","link":"https:\/\/www.organisator.ch\/fr\/sustainability\/2019-03-25\/digibarometer-2018-ueber-verwaltungsratkompetenzen\/","title":{"rendered":"DigiBarom\u00e8tre 2018 sur les comp\u00e9tences des conseils d'administration"},"content":{"rendered":"<figure id=\"attachment_2084\" aria-describedby=\"caption-attachment-2084\" style=\"width: 680px\" class=\"wp-caption alignnone\"><img loading=\"lazy\" decoding=\"async\" class=\"size-medium wp-image-2084\" src=\"\/\/www.umweltperspektiven.ch\/wp-content\/uploads\/2019\/03\/DigiBarometer_Cover.jpg\" alt=\"\" width=\"680\" height=\"453\" \/><figcaption id=\"caption-attachment-2084\" class=\"wp-caption-text\">Dans le secteur de l'environnement, des efforts plus importants sont \u00e9galement n\u00e9cessaires. (photo zVg)<\/figcaption><\/figure>\n<p>Le DigiBarometer examine la transformation num\u00e9rique en Suisse. Les anciens sch\u00e9mas de pens\u00e9e et structures \u00e9prouv\u00e9s doivent \u00eatre bris\u00e9s, de nouvelles proc\u00e9dures et de nouveaux mod\u00e8les commerciaux doivent \u00eatre d\u00e9velopp\u00e9s. La pression de l'innovation et du changement devient un d\u00e9fi permanent - \u00e9galement pour les PME suisses.<\/p>\n<p>C'est dans ce contexte que la Chief Digital Community (CDC), en collaboration avec la Haute \u00e9cole de Lucerne - Informatique, a r\u00e9alis\u00e9 pour la premi\u00e8re fois en 2018 le DigiBarometer afin d'\u00e9valuer la situation des PME suisses par rapport \u00e0 la transformation num\u00e9rique. Cette enqu\u00eate a permis d'obtenir des informations importantes sur la situation des PME suisses dans un monde de plus en plus num\u00e9ris\u00e9, ce qui devrait permettre de les sensibiliser davantage.<\/p>\n<ul>\n<li><em>97 pour cent consid\u00e8rent la transformation num\u00e9rique comme une opportunit\u00e9.<\/em><\/li>\n<li><em>20 % ont r\u00e9ussi leur transformation num\u00e9rique, 68 % partiellement.<\/em><\/li>\n<li><em>70% ont ancr\u00e9 la transformation num\u00e9rique dans la strat\u00e9gie de l'entreprise, 13% pr\u00e9voient de le faire \u00e9galement.<\/em><\/li>\n<li><em>49% disposent d'un savoir-faire suffisant en interne, pour 29% ce n'est pas encore le cas.<\/em><\/li>\n<li><em>56% ne r\u00e9pondent pas \u00e0 la question de savoir o\u00f9 se trouvent les experts de la transformation num\u00e9rique dans la structure de l'entreprise. 24% citent la direction.<\/em><\/li>\n<li><em>49 % d\u00e9clarent qu'ils ne disposent pas de suffisamment de ressources internes pour la transformation num\u00e9rique.<\/em><\/li>\n<li><em>46 % citent les produits et les services comme domaine de r\u00e9action \u00e0 la transformation num\u00e9rique.<\/em><\/li>\n<li><em>28 % r\u00e9pondent que leur conseil d'administration dispose de connaissances \u00e9lev\u00e9es, 8 % suppl\u00e9mentaires les jugent m\u00eame tr\u00e8s \u00e9lev\u00e9es. A l'oppos\u00e9, 38 % estiment que leur conseil d'administration a des connaissances faibles ou tr\u00e8s faibles.<\/em><\/li>\n<\/ul>\n<p>Conclusion : les personnes, les march\u00e9s et la soci\u00e9t\u00e9 vont conna\u00eetre des changements fondamentaux. Les nouvelles technologies obligent les entreprises \u00e0 repenser radicalement leurs mod\u00e8les commerciaux et offrent d'\u00e9normes opportunit\u00e9s de croissance. Mais ces opportunit\u00e9s doivent aussi pouvoir \u00eatre saisies par les entreprises. La ma\u00eetrise de la transformation num\u00e9rique a pour cons\u00e9quence directe un effort consid\u00e9rable, notamment pour les entreprises existantes.<\/p>\n<p><a href=\"\/\/www.chiefdigital.ch\">www.chiefdigital.ch<\/a><\/p>","protected":false},"excerpt":{"rendered":"<p>Der DigiBarometer untersucht die digitale Transformation in der Schweiz. Altbew\u00e4hrte Denkmuster und Strukturen m\u00fcssen durchbrochen, neue Vorgehensweisen und Gesch\u00e4ftsmodelle entwickelt werden. Der Innovations- und Ver\u00e4nderungsdruck wird zu einer kontinuierlichen Herausforderung \u2013 auch f\u00fcr Schweizer KMU. Vor diesem Hintergrund f\u00fchrte die Chief Digital Community (CDC) in Zusammenarbeit mit der Hochschule Luzern &#8211; Informatik im Jahr 2018 [&hellip;]<\/p>\n","protected":false},"author":5,"featured_media":9596,"comment_status":"open","ping_status":"open","sticky":false,"template":"","format":"standard","meta":{"_acf_changed":false,"_yoast_wpseo_focuskw":"DigiBarometer","_yoast_wpseo_metadesc":"Nur 38 Prozent der KMU attestieren ihrem Verwaltungsrat ausreichendes Wissen \u00fcber die Digitale Transformation, heisst est im DigiBarometer.","articlekey":"","footnotes":""},"categories":[580],"tags":[157,301,424,2471],"class_list":["post-10078","post","type-post","status-publish","format-standard","has-post-thumbnail","hentry","category-sustainability","tag-digitalitaet","tag-kmu","tag-schweiz","tag-verwaltungsrat"],"acf":[],"yoast_head":"<!-- This site is optimized with the Yoast SEO plugin v27.5 - https:\/\/yoast.com\/product\/yoast-seo-wordpress\/ -->\n<title>DigiBarometer 2018 \u00fcber Verwaltungsratkompetenzen - Organisator<\/title>\n<meta name=\"description\" content=\"Nur 38 Prozent der KMU attestieren ihrem Verwaltungsrat ausreichendes Wissen \u00fcber die Digitale Transformation, heisst est im DigiBarometer.\" \/>\n<meta name=\"robots\" content=\"index, follow, max-snippet:-1, max-image-preview:large, max-video-preview:-1\" \/>\n<link rel=\"canonical\" href=\"https:\/\/www.organisator.ch\/fr\/sustainability\/2019-03-25\/digibarometer-2018-ueber-verwaltungsratkompetenzen\/\" \/>\n<meta property=\"og:locale\" content=\"fr_FR\" \/>\n<meta property=\"og:type\" content=\"article\" \/>\n<meta property=\"og:title\" content=\"DigiBarometer 2018 \u00fcber Verwaltungsratkompetenzen - Organisator\" \/>\n<meta property=\"og:description\" content=\"Nur 38 Prozent der KMU attestieren ihrem Verwaltungsrat ausreichendes Wissen \u00fcber die Digitale Transformation, heisst est im DigiBarometer.\" \/>\n<meta property=\"og:url\" content=\"https:\/\/www.organisator.ch\/fr\/sustainability\/2019-03-25\/digibarometer-2018-ueber-verwaltungsratkompetenzen\/\" \/>\n<meta property=\"og:site_name\" content=\"Organisator\" \/>\n<meta property=\"article:publisher\" content=\"https:\/\/www.facebook.com\/OrganisatorFachmagazin\" \/>\n<meta property=\"article:published_time\" content=\"2019-03-25T09:51:13+00:00\" \/>\n<meta property=\"article:modified_time\" content=\"2022-02-09T10:10:07+00:00\" \/>\n<meta property=\"og:image\" content=\"https:\/\/www.organisator.ch\/wp-content\/uploads\/2019\/03\/DigiBarometer_Cover-scaled.jpg\" \/>\n\t<meta property=\"og:image:width\" content=\"2560\" \/>\n\t<meta property=\"og:image:height\" content=\"1707\" \/>\n\t<meta property=\"og:image:type\" content=\"image\/jpeg\" \/>\n<meta name=\"author\" content=\"michael.merz\" \/>\n<meta name=\"twitter:card\" content=\"summary_large_image\" \/>\n<script type=\"application\/ld+json\" class=\"yoast-schema-graph\">{\"@context\":\"https:\\\/\\\/schema.org\",\"@graph\":[{\"@type\":\"Article\",\"@id\":\"https:\\\/\\\/www.organisator.ch\\\/sustainability\\\/2019-03-25\\\/digibarometer-2018-ueber-verwaltungsratkompetenzen\\\/#article\",\"isPartOf\":{\"@id\":\"https:\\\/\\\/www.organisator.ch\\\/sustainability\\\/2019-03-25\\\/digibarometer-2018-ueber-verwaltungsratkompetenzen\\\/\"},\"author\":{\"name\":\"michael.merz\",\"@id\":\"https:\\\/\\\/www.organisator.ch\\\/#\\\/schema\\\/person\\\/134708ca9321c57b0362cceb7948ffbd\"},\"headline\":\"DigiBarometer 2018 \u00fcber Verwaltungsratkompetenzen\",\"datePublished\":\"2019-03-25T09:51:13+00:00\",\"dateModified\":\"2022-02-09T10:10:07+00:00\",\"mainEntityOfPage\":{\"@id\":\"https:\\\/\\\/www.organisator.ch\\\/sustainability\\\/2019-03-25\\\/digibarometer-2018-ueber-verwaltungsratkompetenzen\\\/\"},\"wordCount\":312,\"commentCount\":0,\"publisher\":{\"@id\":\"https:\\\/\\\/www.organisator.ch\\\/#organization\"},\"image\":{\"@id\":\"https:\\\/\\\/www.organisator.ch\\\/sustainability\\\/2019-03-25\\\/digibarometer-2018-ueber-verwaltungsratkompetenzen\\\/#primaryimage\"},\"thumbnailUrl\":\"https:\\\/\\\/www.organisator.ch\\\/wp-content\\\/uploads\\\/2019\\\/03\\\/DigiBarometer_Cover-scaled.jpg\",\"keywords\":[\"Digitalit\u00e4t\",\"KMU\",\"Schweiz\",\"Verwaltungsrat\"],\"articleSection\":[\"SUSTAINABILITY\"],\"inLanguage\":\"fr-FR\"},{\"@type\":\"WebPage\",\"@id\":\"https:\\\/\\\/www.organisator.ch\\\/sustainability\\\/2019-03-25\\\/digibarometer-2018-ueber-verwaltungsratkompetenzen\\\/\",\"url\":\"https:\\\/\\\/www.organisator.ch\\\/sustainability\\\/2019-03-25\\\/digibarometer-2018-ueber-verwaltungsratkompetenzen\\\/\",\"name\":\"DigiBarometer 2018 \u00fcber Verwaltungsratkompetenzen - Organisator\",\"isPartOf\":{\"@id\":\"https:\\\/\\\/www.organisator.ch\\\/#website\"},\"primaryImageOfPage\":{\"@id\":\"https:\\\/\\\/www.organisator.ch\\\/sustainability\\\/2019-03-25\\\/digibarometer-2018-ueber-verwaltungsratkompetenzen\\\/#primaryimage\"},\"image\":{\"@id\":\"https:\\\/\\\/www.organisator.ch\\\/sustainability\\\/2019-03-25\\\/digibarometer-2018-ueber-verwaltungsratkompetenzen\\\/#primaryimage\"},\"thumbnailUrl\":\"https:\\\/\\\/www.organisator.ch\\\/wp-content\\\/uploads\\\/2019\\\/03\\\/DigiBarometer_Cover-scaled.jpg\",\"datePublished\":\"2019-03-25T09:51:13+00:00\",\"dateModified\":\"2022-02-09T10:10:07+00:00\",\"description\":\"Nur 38 Prozent der KMU attestieren ihrem Verwaltungsrat ausreichendes Wissen \u00fcber die Digitale Transformation, heisst est im DigiBarometer.\",\"breadcrumb\":{\"@id\":\"https:\\\/\\\/www.organisator.ch\\\/sustainability\\\/2019-03-25\\\/digibarometer-2018-ueber-verwaltungsratkompetenzen\\\/#breadcrumb\"},\"inLanguage\":\"fr-FR\",\"potentialAction\":[{\"@type\":\"ReadAction\",\"target\":[\"https:\\\/\\\/www.organisator.ch\\\/sustainability\\\/2019-03-25\\\/digibarometer-2018-ueber-verwaltungsratkompetenzen\\\/\"]}]},{\"@type\":\"ImageObject\",\"inLanguage\":\"fr-FR\",\"@id\":\"https:\\\/\\\/www.organisator.ch\\\/sustainability\\\/2019-03-25\\\/digibarometer-2018-ueber-verwaltungsratkompetenzen\\\/#primaryimage\",\"url\":\"https:\\\/\\\/www.organisator.ch\\\/wp-content\\\/uploads\\\/2019\\\/03\\\/DigiBarometer_Cover-scaled.jpg\",\"contentUrl\":\"https:\\\/\\\/www.organisator.ch\\\/wp-content\\\/uploads\\\/2019\\\/03\\\/DigiBarometer_Cover-scaled.jpg\",\"width\":2560,\"height\":1707,\"caption\":\"Auch in VR-Bereichen Im Umweltsektor braucht es gr\u00f6ssere Anstrengungen. (Bild zVg)\"},{\"@type\":\"BreadcrumbList\",\"@id\":\"https:\\\/\\\/www.organisator.ch\\\/sustainability\\\/2019-03-25\\\/digibarometer-2018-ueber-verwaltungsratkompetenzen\\\/#breadcrumb\",\"itemListElement\":[{\"@type\":\"ListItem\",\"position\":1,\"name\":\"Home\",\"item\":\"https:\\\/\\\/www.organisator.ch\\\/\"},{\"@type\":\"ListItem\",\"position\":2,\"name\":\"DigiBarometer 2018 \u00fcber Verwaltungsratkompetenzen\"}]},{\"@type\":\"WebSite\",\"@id\":\"https:\\\/\\\/www.organisator.ch\\\/#website\",\"url\":\"https:\\\/\\\/www.organisator.ch\\\/\",\"name\":\"Organisator\",\"description\":\"Kompetent. Praxisnah. Der ORGANISATOR bereitet in 10 Ausgaben pro Jahr die wesentlichen Themen f\u00fcr F\u00fchrungskr\u00e4fte von KMU auf.\",\"publisher\":{\"@id\":\"https:\\\/\\\/www.organisator.ch\\\/#organization\"},\"potentialAction\":[{\"@type\":\"SearchAction\",\"target\":{\"@type\":\"EntryPoint\",\"urlTemplate\":\"https:\\\/\\\/www.organisator.ch\\\/?s={search_term_string}\"},\"query-input\":{\"@type\":\"PropertyValueSpecification\",\"valueRequired\":true,\"valueName\":\"search_term_string\"}}],\"inLanguage\":\"fr-FR\"},{\"@type\":\"Organization\",\"@id\":\"https:\\\/\\\/www.organisator.ch\\\/#organization\",\"name\":\"Organisator\",\"url\":\"https:\\\/\\\/www.organisator.ch\\\/\",\"logo\":{\"@type\":\"ImageObject\",\"inLanguage\":\"fr-FR\",\"@id\":\"https:\\\/\\\/www.organisator.ch\\\/#\\\/schema\\\/logo\\\/image\\\/\",\"url\":\"https:\\\/\\\/www.organisator.ch\\\/wp-content\\\/uploads\\\/2022\\\/01\\\/Logo_Organisator_Website.png\",\"contentUrl\":\"https:\\\/\\\/www.organisator.ch\\\/wp-content\\\/uploads\\\/2022\\\/01\\\/Logo_Organisator_Website.png\",\"width\":800,\"height\":77,\"caption\":\"Organisator\"},\"image\":{\"@id\":\"https:\\\/\\\/www.organisator.ch\\\/#\\\/schema\\\/logo\\\/image\\\/\"},\"sameAs\":[\"https:\\\/\\\/www.facebook.com\\\/OrganisatorFachmagazin\",\"https:\\\/\\\/www.linkedin.com\\\/showcase\\\/organisator-das-magazin-fr-kmu\",\"https:\\\/\\\/www.xing.com\\\/news\\\/pages\\\/organisator-ch-695\",\"https:\\\/\\\/www.youtube.com\\\/channel\\\/UCGP2Sq0iWaZwT3BdIAQFYpw\"]},{\"@type\":\"Person\",\"@id\":\"https:\\\/\\\/www.organisator.ch\\\/#\\\/schema\\\/person\\\/134708ca9321c57b0362cceb7948ffbd\",\"name\":\"michael.merz\",\"image\":{\"@type\":\"ImageObject\",\"inLanguage\":\"fr-FR\",\"@id\":\"https:\\\/\\\/secure.gravatar.com\\\/avatar\\\/?s=96&d=mm&r=g\",\"url\":\"https:\\\/\\\/secure.gravatar.com\\\/avatar\\\/?s=96&d=mm&r=g\",\"contentUrl\":\"https:\\\/\\\/secure.gravatar.com\\\/avatar\\\/?s=96&d=mm&r=g\",\"caption\":\"michael.merz\"},\"url\":\"https:\\\/\\\/www.organisator.ch\\\/fr\\\/author\\\/michael-merz\\\/\"}]}<\/script>\n<!-- \/ Yoast SEO plugin. -->","yoast_head_json":{"title":"DigiBarom\u00e8tre 2018 sur les comp\u00e9tences des conseils d'administration - Organisateur","description":"Seules 38% des PME estiment que leur conseil d'administration dispose de connaissances suffisantes sur la transformation num\u00e9rique, selon le DigiBarometer.","robots":{"index":"index","follow":"follow","max-snippet":"max-snippet:-1","max-image-preview":"max-image-preview:large","max-video-preview":"max-video-preview:-1"},"canonical":"https:\/\/www.organisator.ch\/fr\/sustainability\/2019-03-25\/digibarometer-2018-ueber-verwaltungsratkompetenzen\/","og_locale":"fr_FR","og_type":"article","og_title":"DigiBarometer 2018 \u00fcber Verwaltungsratkompetenzen - Organisator","og_description":"Nur 38 Prozent der KMU attestieren ihrem Verwaltungsrat ausreichendes Wissen \u00fcber die Digitale Transformation, heisst est im DigiBarometer.","og_url":"https:\/\/www.organisator.ch\/fr\/sustainability\/2019-03-25\/digibarometer-2018-ueber-verwaltungsratkompetenzen\/","og_site_name":"Organisator","article_publisher":"https:\/\/www.facebook.com\/OrganisatorFachmagazin","article_published_time":"2019-03-25T09:51:13+00:00","article_modified_time":"2022-02-09T10:10:07+00:00","og_image":[{"width":2560,"height":1707,"url":"https:\/\/www.organisator.ch\/wp-content\/uploads\/2019\/03\/DigiBarometer_Cover-scaled.jpg","type":"image\/jpeg"}],"author":"michael.merz","twitter_card":"summary_large_image","schema":{"@context":"https:\/\/schema.org","@graph":[{"@type":"Article","@id":"https:\/\/www.organisator.ch\/sustainability\/2019-03-25\/digibarometer-2018-ueber-verwaltungsratkompetenzen\/#article","isPartOf":{"@id":"https:\/\/www.organisator.ch\/sustainability\/2019-03-25\/digibarometer-2018-ueber-verwaltungsratkompetenzen\/"},"author":{"name":"michael.merz","@id":"https:\/\/www.organisator.ch\/#\/schema\/person\/134708ca9321c57b0362cceb7948ffbd"},"headline":"DigiBarometer 2018 \u00fcber Verwaltungsratkompetenzen","datePublished":"2019-03-25T09:51:13+00:00","dateModified":"2022-02-09T10:10:07+00:00","mainEntityOfPage":{"@id":"https:\/\/www.organisator.ch\/sustainability\/2019-03-25\/digibarometer-2018-ueber-verwaltungsratkompetenzen\/"},"wordCount":312,"commentCount":0,"publisher":{"@id":"https:\/\/www.organisator.ch\/#organization"},"image":{"@id":"https:\/\/www.organisator.ch\/sustainability\/2019-03-25\/digibarometer-2018-ueber-verwaltungsratkompetenzen\/#primaryimage"},"thumbnailUrl":"https:\/\/www.organisator.ch\/wp-content\/uploads\/2019\/03\/DigiBarometer_Cover-scaled.jpg","keywords":["Digitalit\u00e4t","KMU","Schweiz","Verwaltungsrat"],"articleSection":["SUSTAINABILITY"],"inLanguage":"fr-FR"},{"@type":"WebPage","@id":"https:\/\/www.organisator.ch\/sustainability\/2019-03-25\/digibarometer-2018-ueber-verwaltungsratkompetenzen\/","url":"https:\/\/www.organisator.ch\/sustainability\/2019-03-25\/digibarometer-2018-ueber-verwaltungsratkompetenzen\/","name":"DigiBarom\u00e8tre 2018 sur les comp\u00e9tences des conseils d'administration - Organisateur","isPartOf":{"@id":"https:\/\/www.organisator.ch\/#website"},"primaryImageOfPage":{"@id":"https:\/\/www.organisator.ch\/sustainability\/2019-03-25\/digibarometer-2018-ueber-verwaltungsratkompetenzen\/#primaryimage"},"image":{"@id":"https:\/\/www.organisator.ch\/sustainability\/2019-03-25\/digibarometer-2018-ueber-verwaltungsratkompetenzen\/#primaryimage"},"thumbnailUrl":"https:\/\/www.organisator.ch\/wp-content\/uploads\/2019\/03\/DigiBarometer_Cover-scaled.jpg","datePublished":"2019-03-25T09:51:13+00:00","dateModified":"2022-02-09T10:10:07+00:00","description":"Seules 38% des PME estiment que leur conseil d'administration dispose de connaissances suffisantes sur la transformation num\u00e9rique, selon le DigiBarometer.","breadcrumb":{"@id":"https:\/\/www.organisator.ch\/sustainability\/2019-03-25\/digibarometer-2018-ueber-verwaltungsratkompetenzen\/#breadcrumb"},"inLanguage":"fr-FR","potentialAction":[{"@type":"ReadAction","target":["https:\/\/www.organisator.ch\/sustainability\/2019-03-25\/digibarometer-2018-ueber-verwaltungsratkompetenzen\/"]}]},{"@type":"ImageObject","inLanguage":"fr-FR","@id":"https:\/\/www.organisator.ch\/sustainability\/2019-03-25\/digibarometer-2018-ueber-verwaltungsratkompetenzen\/#primaryimage","url":"https:\/\/www.organisator.ch\/wp-content\/uploads\/2019\/03\/DigiBarometer_Cover-scaled.jpg","contentUrl":"https:\/\/www.organisator.ch\/wp-content\/uploads\/2019\/03\/DigiBarometer_Cover-scaled.jpg","width":2560,"height":1707,"caption":"Auch in VR-Bereichen Im Umweltsektor braucht es gr\u00f6ssere Anstrengungen. (Bild zVg)"},{"@type":"BreadcrumbList","@id":"https:\/\/www.organisator.ch\/sustainability\/2019-03-25\/digibarometer-2018-ueber-verwaltungsratkompetenzen\/#breadcrumb","itemListElement":[{"@type":"ListItem","position":1,"name":"Home","item":"https:\/\/www.organisator.ch\/"},{"@type":"ListItem","position":2,"name":"DigiBarometer 2018 \u00fcber Verwaltungsratkompetenzen"}]},{"@type":"WebSite","@id":"https:\/\/www.organisator.ch\/#website","url":"https:\/\/www.organisator.ch\/","name":"Organisateur","description":"Comp\u00e9tence et comp\u00e9tence. Proches de la pratique. L'ORGANISATEUR pr\u00e9pare 10 num\u00e9ros par an sur les th\u00e8mes essentiels pour les dirigeants de PME.","publisher":{"@id":"https:\/\/www.organisator.ch\/#organization"},"potentialAction":[{"@type":"SearchAction","target":{"@type":"EntryPoint","urlTemplate":"https:\/\/www.organisator.ch\/?s={search_term_string}"},"query-input":{"@type":"PropertyValueSpecification","valueRequired":true,"valueName":"search_term_string"}}],"inLanguage":"fr-FR"},{"@type":"Organization","@id":"https:\/\/www.organisator.ch\/#organization","name":"Organisateur","url":"https:\/\/www.organisator.ch\/","logo":{"@type":"ImageObject","inLanguage":"fr-FR","@id":"https:\/\/www.organisator.ch\/#\/schema\/logo\/image\/","url":"https:\/\/www.organisator.ch\/wp-content\/uploads\/2022\/01\/Logo_Organisator_Website.png","contentUrl":"https:\/\/www.organisator.ch\/wp-content\/uploads\/2022\/01\/Logo_Organisator_Website.png","width":800,"height":77,"caption":"Organisator"},"image":{"@id":"https:\/\/www.organisator.ch\/#\/schema\/logo\/image\/"},"sameAs":["https:\/\/www.facebook.com\/OrganisatorFachmagazin","https:\/\/www.linkedin.com\/showcase\/organisator-das-magazin-fr-kmu","https:\/\/www.xing.com\/news\/pages\/organisator-ch-695","https:\/\/www.youtube.com\/channel\/UCGP2Sq0iWaZwT3BdIAQFYpw"]},{"@type":"Person","@id":"https:\/\/www.organisator.ch\/#\/schema\/person\/134708ca9321c57b0362cceb7948ffbd","name":"michael.merz","image":{"@type":"ImageObject","inLanguage":"fr-FR","@id":"https:\/\/secure.gravatar.com\/avatar\/?s=96&d=mm&r=g","url":"https:\/\/secure.gravatar.com\/avatar\/?s=96&d=mm&r=g","contentUrl":"https:\/\/secure.gravatar.com\/avatar\/?s=96&d=mm&r=g","caption":"michael.merz"},"url":"https:\/\/www.organisator.ch\/fr\/author\/michael-merz\/"}]}},"_links":{"self":[{"href":"https:\/\/www.organisator.ch\/fr\/wp-json\/wp\/v2\/posts\/10078","targetHints":{"allow":["GET"]}}],"collection":[{"href":"https:\/\/www.organisator.ch\/fr\/wp-json\/wp\/v2\/posts"}],"about":[{"href":"https:\/\/www.organisator.ch\/fr\/wp-json\/wp\/v2\/types\/post"}],"author":[{"embeddable":true,"href":"https:\/\/www.organisator.ch\/fr\/wp-json\/wp\/v2\/users\/5"}],"replies":[{"embeddable":true,"href":"https:\/\/www.organisator.ch\/fr\/wp-json\/wp\/v2\/comments?post=10078"}],"version-history":[{"count":1,"href":"https:\/\/www.organisator.ch\/fr\/wp-json\/wp\/v2\/posts\/10078\/revisions"}],"predecessor-version":[{"id":10907,"href":"https:\/\/www.organisator.ch\/fr\/wp-json\/wp\/v2\/posts\/10078\/revisions\/10907"}],"wp:featuredmedia":[{"embeddable":true,"href":"https:\/\/www.organisator.ch\/fr\/wp-json\/wp\/v2\/media\/9596"}],"wp:attachment":[{"href":"https:\/\/www.organisator.ch\/fr\/wp-json\/wp\/v2\/media?parent=10078"}],"wp:term":[{"taxonomy":"category","embeddable":true,"href":"https:\/\/www.organisator.ch\/fr\/wp-json\/wp\/v2\/categories?post=10078"},{"taxonomy":"post_tag","embeddable":true,"href":"https:\/\/www.organisator.ch\/fr\/wp-json\/wp\/v2\/tags?post=10078"}],"curies":[{"name":"wp","href":"https:\/\/api.w.org\/{rel}","templated":true}]}}