{"id":10080,"date":"2019-04-05T12:46:09","date_gmt":"2019-04-05T10:46:09","guid":{"rendered":"https:\/\/www.umweltperspektiven.ch\/?p=2094"},"modified":"2022-02-09T11:05:36","modified_gmt":"2022-02-09T10:05:36","slug":"kreislauf-und-recycling-wirtschaft-wo-steht-die-schweiz","status":"publish","type":"post","link":"https:\/\/www.organisator.ch\/fr\/sustainability\/2019-04-05\/kreislauf-und-recycling-wirtschaft-wo-steht-die-schweiz\/","title":{"rendered":"\u00c9conomie circulaire et de recyclage, o\u00f9 en est la Suisse ?"},"content":{"rendered":"<figure id=\"attachment_2097\" aria-describedby=\"caption-attachment-2097\" style=\"width: 680px\" class=\"wp-caption alignnone\"><img loading=\"lazy\" decoding=\"async\" class=\"wp-image-2097 size-medium\" src=\"\/\/www.umweltperspektiven.ch\/wp-content\/uploads\/2019\/04\/photo0jpg.jpg\" alt=\"\" width=\"680\" height=\"510\" \/><figcaption id=\"caption-attachment-2097\" class=\"wp-caption-text\">La Suisse aspire elle aussi \u00e0 l'\u00e9conomie circulaire. Elle d\u00e9marre ainsi sur une note plus ensoleill\u00e9e que de nombreux pays de l'UE.<\/figcaption><\/figure>\n<p>Le 2 avril 2019 a eu lieu la premi\u00e8re rencontre entre des experts du recyclage et de la circulation de la Suisse et de l'UE. L'UE a pr\u00e9sent\u00e9 l'ambitieux \"Paquet \u00e9conomie circulaire 2030\". Celui-ci contient diff\u00e9rentes mesures visant \u00e0 \u00e9viter les d\u00e9chets, \u00e0 am\u00e9liorer la recyclabilit\u00e9 des produits et \u00e0 encourager la mise en place de syst\u00e8mes de collecte et de recyclage. L'objectif est de faire \u00e9voluer l'\u00e9conomie vers une \u00e9conomie circulaire. Si le principal partenaire commercial de la Suisse transforme aussi fondamentalement son espace \u00e9conomique, la Suisse doit elle aussi se confronter \u00e0 ces changements.<\/p>\n<p>Des experts en recyclage de l'UE et de la Suisse ont d\u00e9battu des d\u00e9fis et des cons\u00e9quences de cette nouvelle strat\u00e9gie de l'UE sur l'industrie suisse lors de la premi\u00e8re journ\u00e9e d'\u00e9tude de la plateforme \"Plaque tournante de l'\u00e9conomie circulaire en Suisse\". Patrik Geisselhardt, directeur de Swiss Recycling, s'est montr\u00e9 satisfait de ce lancement r\u00e9ussi : \"<em>Le 'paquet \u00e9conomie circulaire 2030' va changer notre \u00e9conomie plus que beaucoup ne le pensent. Je suis tr\u00e8s heureux que nous puissions entamer le dialogue \u00e0 ce stade pr\u00e9coce, afin de favoriser le partage des connaissances et des id\u00e9es.<\/em>\"<\/p>\n<p><strong>La Suisse en bonne position<\/strong><br \/>\nLa Suisse aspire elle aussi \u00e0 l'\u00e9conomie circulaire. Elle part toutefois d'une meilleure situation que de nombreux pays de l'UE. Ainsi, de nombreux mat\u00e9riaux recyclables sont d\u00e9j\u00e0 collect\u00e9s s\u00e9par\u00e9ment en Suisse et font l'objet d'un recyclage de qualit\u00e9. Les principes directeurs du trialogue des ressources fournissent un cadre. La collaboration entre les pouvoirs publics, l'industrie du recyclage, les fabricants de produits et le commerce de d\u00e9tail fonctionne \u00e9galement. Pour aller plus loin dans la direction de l'\u00e9conomie circulaire, le design des produits ou le design for Recycling est essentiel. Cela signifie que les produits et les emballages doivent \u00eatre con\u00e7us de mani\u00e8re \u00e0 ce qu'ils puissent \u00eatre r\u00e9introduits dans le circuit de la meilleure mani\u00e8re possible \u00e0 la fin de leur cycle de vie.<\/p>\n<p>Swiss Recycling et Plaque tournante de l'\u00e9conomie circulaire en Suisse :<br \/>\nSwiss Recycling est l'organisation fa\u00eeti\u00e8re des syst\u00e8mes de recyclage suisses. Avec la \"plaque tournante de l'\u00e9conomie circulaire en Suisse\", Swiss Recycling cr\u00e9e une plate-forme pour les organisations engag\u00e9es qui \u00e9laborent des solutions concr\u00e8tes pour une meilleure \u00e9conomie circulaire. Entre autres, des indicateurs de recyclage durables sont \u00e9labor\u00e9s au lieu de simples quotas de collecte, afin que l'\u00e9conomie circulaire soit mesurable dans son ensemble. Le design for recycling est optimis\u00e9 par le biais de recommandations sectorielles des industries concern\u00e9es, ce qui permet \u00e9galement d'am\u00e9liorer l'utilisation des mati\u00e8res recycl\u00e9es. Enfin, les connaissances n\u00e9cessaires sont pr\u00e9sent\u00e9es et partag\u00e9es en fonction des groupes cibles.<\/p>\n<p><em>Liens compl\u00e9mentaires<\/em><\/p>\n<ul>\n<li><a href=\"\/\/www.circular-economy.swiss\">www.circular-economy.swiss<\/a><\/li>\n<li><a href=\"\/\/www.swissrecycling.ch\">www.swissrecycling.ch<\/a><\/li>\n<li><a href=\"\/\/www.ressourcentrialog.ch\">www.ressourcentrialog.ch<\/a><\/li>\n<\/ul>\n<p>&nbsp;<\/p>\n<p>&nbsp;<\/p>","protected":false},"excerpt":{"rendered":"<p>Am 2. April 2019 fand das erste Treffen von Kreislauf- und Recycling-Experten aus der Schweiz und der EU statt. Die EU hat das ambitionierte \u00abKreislaufwirtschaftspaket 2030\u00bb vorgelegt. Darin enthalten sind verschiedene Massnahmen, um Abf\u00e4lle zu vermeiden, die Rezyklierf\u00e4higkeit von Produkten zu verbessern und den Aufbau von Sammel- und Recyclingsystemen zu f\u00f6rdern. Ziel ist, dass die [&hellip;]<\/p>\n","protected":false},"author":5,"featured_media":9599,"comment_status":"open","ping_status":"open","sticky":false,"template":"","format":"standard","meta":{"_acf_changed":false,"_yoast_wpseo_focuskw":"Kreislauf- und Recycling","_yoast_wpseo_metadesc":"Die Kreislauf- und Recycling-Wirtschaft erh\u00e4lt Aufwind durch die \u00abDrehscheibe Kreislaufwirtschaft Schweiz\u00bb, sich auch mit EU-Experten austauscht.","articlekey":"","footnotes":""},"categories":[580],"tags":[1132,594,424],"class_list":["post-10080","post","type-post","status-publish","format-standard","has-post-thumbnail","hentry","category-sustainability","tag-eu","tag-kreislaufwirtschaft","tag-schweiz"],"acf":[],"yoast_head":"<!-- This site is optimized with the Yoast SEO plugin v27.4 - https:\/\/yoast.com\/product\/yoast-seo-wordpress\/ -->\n<title>Kreislauf- und Recycling-Wirtschaft, wo steht die Schweiz? - Organisator<\/title>\n<meta name=\"description\" content=\"Die Kreislauf- und Recycling-Wirtschaft erh\u00e4lt Aufwind durch die \u00abDrehscheibe Kreislaufwirtschaft Schweiz\u00bb, sich auch mit EU-Experten austauscht.\" \/>\n<meta name=\"robots\" content=\"index, follow, max-snippet:-1, max-image-preview:large, max-video-preview:-1\" \/>\n<link rel=\"canonical\" href=\"https:\/\/www.organisator.ch\/fr\/sustainability\/2019-04-05\/kreislauf-und-recycling-wirtschaft-wo-steht-die-schweiz\/\" \/>\n<meta property=\"og:locale\" content=\"fr_FR\" \/>\n<meta property=\"og:type\" content=\"article\" \/>\n<meta property=\"og:title\" content=\"Kreislauf- und Recycling-Wirtschaft, wo steht die Schweiz? - Organisator\" \/>\n<meta property=\"og:description\" content=\"Die Kreislauf- und Recycling-Wirtschaft erh\u00e4lt Aufwind durch die \u00abDrehscheibe Kreislaufwirtschaft Schweiz\u00bb, sich auch mit EU-Experten austauscht.\" \/>\n<meta property=\"og:url\" content=\"https:\/\/www.organisator.ch\/fr\/sustainability\/2019-04-05\/kreislauf-und-recycling-wirtschaft-wo-steht-die-schweiz\/\" \/>\n<meta property=\"og:site_name\" content=\"Organisator\" \/>\n<meta property=\"article:publisher\" content=\"https:\/\/www.facebook.com\/OrganisatorFachmagazin\" \/>\n<meta property=\"article:published_time\" content=\"2019-04-05T10:46:09+00:00\" \/>\n<meta property=\"article:modified_time\" content=\"2022-02-09T10:05:36+00:00\" \/>\n<meta property=\"og:image\" content=\"https:\/\/www.organisator.ch\/wp-content\/uploads\/2019\/04\/photo0jpg.jpg\" \/>\n\t<meta property=\"og:image:width\" content=\"2048\" \/>\n\t<meta property=\"og:image:height\" content=\"1536\" \/>\n\t<meta property=\"og:image:type\" content=\"image\/jpeg\" \/>\n<meta name=\"author\" content=\"michael.merz\" \/>\n<meta name=\"twitter:card\" content=\"summary_large_image\" \/>\n<script type=\"application\/ld+json\" class=\"yoast-schema-graph\">{\"@context\":\"https:\\\/\\\/schema.org\",\"@graph\":[{\"@type\":\"Article\",\"@id\":\"https:\\\/\\\/www.organisator.ch\\\/sustainability\\\/2019-04-05\\\/kreislauf-und-recycling-wirtschaft-wo-steht-die-schweiz\\\/#article\",\"isPartOf\":{\"@id\":\"https:\\\/\\\/www.organisator.ch\\\/sustainability\\\/2019-04-05\\\/kreislauf-und-recycling-wirtschaft-wo-steht-die-schweiz\\\/\"},\"author\":{\"name\":\"michael.merz\",\"@id\":\"https:\\\/\\\/www.organisator.ch\\\/#\\\/schema\\\/person\\\/134708ca9321c57b0362cceb7948ffbd\"},\"headline\":\"Kreislauf- und Recycling-Wirtschaft, wo steht die Schweiz?\",\"datePublished\":\"2019-04-05T10:46:09+00:00\",\"dateModified\":\"2022-02-09T10:05:36+00:00\",\"mainEntityOfPage\":{\"@id\":\"https:\\\/\\\/www.organisator.ch\\\/sustainability\\\/2019-04-05\\\/kreislauf-und-recycling-wirtschaft-wo-steht-die-schweiz\\\/\"},\"wordCount\":381,\"commentCount\":0,\"publisher\":{\"@id\":\"https:\\\/\\\/www.organisator.ch\\\/#organization\"},\"image\":{\"@id\":\"https:\\\/\\\/www.organisator.ch\\\/sustainability\\\/2019-04-05\\\/kreislauf-und-recycling-wirtschaft-wo-steht-die-schweiz\\\/#primaryimage\"},\"thumbnailUrl\":\"https:\\\/\\\/www.organisator.ch\\\/wp-content\\\/uploads\\\/2019\\\/04\\\/photo0jpg.jpg\",\"keywords\":[\"EU\",\"Kreislaufwirtschaft\",\"Schweiz\"],\"articleSection\":[\"SUSTAINABILITY\"],\"inLanguage\":\"fr-FR\"},{\"@type\":\"WebPage\",\"@id\":\"https:\\\/\\\/www.organisator.ch\\\/sustainability\\\/2019-04-05\\\/kreislauf-und-recycling-wirtschaft-wo-steht-die-schweiz\\\/\",\"url\":\"https:\\\/\\\/www.organisator.ch\\\/sustainability\\\/2019-04-05\\\/kreislauf-und-recycling-wirtschaft-wo-steht-die-schweiz\\\/\",\"name\":\"Kreislauf- und Recycling-Wirtschaft, wo steht die Schweiz? - Organisator\",\"isPartOf\":{\"@id\":\"https:\\\/\\\/www.organisator.ch\\\/#website\"},\"primaryImageOfPage\":{\"@id\":\"https:\\\/\\\/www.organisator.ch\\\/sustainability\\\/2019-04-05\\\/kreislauf-und-recycling-wirtschaft-wo-steht-die-schweiz\\\/#primaryimage\"},\"image\":{\"@id\":\"https:\\\/\\\/www.organisator.ch\\\/sustainability\\\/2019-04-05\\\/kreislauf-und-recycling-wirtschaft-wo-steht-die-schweiz\\\/#primaryimage\"},\"thumbnailUrl\":\"https:\\\/\\\/www.organisator.ch\\\/wp-content\\\/uploads\\\/2019\\\/04\\\/photo0jpg.jpg\",\"datePublished\":\"2019-04-05T10:46:09+00:00\",\"dateModified\":\"2022-02-09T10:05:36+00:00\",\"description\":\"Die Kreislauf- und Recycling-Wirtschaft erh\u00e4lt Aufwind durch die \u00abDrehscheibe Kreislaufwirtschaft Schweiz\u00bb, sich auch mit EU-Experten austauscht.\",\"breadcrumb\":{\"@id\":\"https:\\\/\\\/www.organisator.ch\\\/sustainability\\\/2019-04-05\\\/kreislauf-und-recycling-wirtschaft-wo-steht-die-schweiz\\\/#breadcrumb\"},\"inLanguage\":\"fr-FR\",\"potentialAction\":[{\"@type\":\"ReadAction\",\"target\":[\"https:\\\/\\\/www.organisator.ch\\\/sustainability\\\/2019-04-05\\\/kreislauf-und-recycling-wirtschaft-wo-steht-die-schweiz\\\/\"]}]},{\"@type\":\"ImageObject\",\"inLanguage\":\"fr-FR\",\"@id\":\"https:\\\/\\\/www.organisator.ch\\\/sustainability\\\/2019-04-05\\\/kreislauf-und-recycling-wirtschaft-wo-steht-die-schweiz\\\/#primaryimage\",\"url\":\"https:\\\/\\\/www.organisator.ch\\\/wp-content\\\/uploads\\\/2019\\\/04\\\/photo0jpg.jpg\",\"contentUrl\":\"https:\\\/\\\/www.organisator.ch\\\/wp-content\\\/uploads\\\/2019\\\/04\\\/photo0jpg.jpg\",\"width\":2048,\"height\":1536,\"caption\":\"Auch die Schweiz strebt die Kreislaufwirtschaft an. Sie startet jedoch aus einer besseren Ausgangslage als viele EU-L\u00e4nder.\"},{\"@type\":\"BreadcrumbList\",\"@id\":\"https:\\\/\\\/www.organisator.ch\\\/sustainability\\\/2019-04-05\\\/kreislauf-und-recycling-wirtschaft-wo-steht-die-schweiz\\\/#breadcrumb\",\"itemListElement\":[{\"@type\":\"ListItem\",\"position\":1,\"name\":\"Home\",\"item\":\"https:\\\/\\\/www.organisator.ch\\\/\"},{\"@type\":\"ListItem\",\"position\":2,\"name\":\"Kreislauf- und Recycling-Wirtschaft, wo steht die Schweiz?\"}]},{\"@type\":\"WebSite\",\"@id\":\"https:\\\/\\\/www.organisator.ch\\\/#website\",\"url\":\"https:\\\/\\\/www.organisator.ch\\\/\",\"name\":\"Organisator\",\"description\":\"Kompetent. Praxisnah. Der ORGANISATOR bereitet in 10 Ausgaben pro Jahr die wesentlichen Themen f\u00fcr F\u00fchrungskr\u00e4fte von KMU auf.\",\"publisher\":{\"@id\":\"https:\\\/\\\/www.organisator.ch\\\/#organization\"},\"potentialAction\":[{\"@type\":\"SearchAction\",\"target\":{\"@type\":\"EntryPoint\",\"urlTemplate\":\"https:\\\/\\\/www.organisator.ch\\\/?s={search_term_string}\"},\"query-input\":{\"@type\":\"PropertyValueSpecification\",\"valueRequired\":true,\"valueName\":\"search_term_string\"}}],\"inLanguage\":\"fr-FR\"},{\"@type\":\"Organization\",\"@id\":\"https:\\\/\\\/www.organisator.ch\\\/#organization\",\"name\":\"Organisator\",\"url\":\"https:\\\/\\\/www.organisator.ch\\\/\",\"logo\":{\"@type\":\"ImageObject\",\"inLanguage\":\"fr-FR\",\"@id\":\"https:\\\/\\\/www.organisator.ch\\\/#\\\/schema\\\/logo\\\/image\\\/\",\"url\":\"https:\\\/\\\/www.organisator.ch\\\/wp-content\\\/uploads\\\/2022\\\/01\\\/Logo_Organisator_Website.png\",\"contentUrl\":\"https:\\\/\\\/www.organisator.ch\\\/wp-content\\\/uploads\\\/2022\\\/01\\\/Logo_Organisator_Website.png\",\"width\":800,\"height\":77,\"caption\":\"Organisator\"},\"image\":{\"@id\":\"https:\\\/\\\/www.organisator.ch\\\/#\\\/schema\\\/logo\\\/image\\\/\"},\"sameAs\":[\"https:\\\/\\\/www.facebook.com\\\/OrganisatorFachmagazin\",\"https:\\\/\\\/www.linkedin.com\\\/showcase\\\/organisator-das-magazin-fr-kmu\",\"https:\\\/\\\/www.xing.com\\\/news\\\/pages\\\/organisator-ch-695\",\"https:\\\/\\\/www.youtube.com\\\/channel\\\/UCGP2Sq0iWaZwT3BdIAQFYpw\"]},{\"@type\":\"Person\",\"@id\":\"https:\\\/\\\/www.organisator.ch\\\/#\\\/schema\\\/person\\\/134708ca9321c57b0362cceb7948ffbd\",\"name\":\"michael.merz\",\"image\":{\"@type\":\"ImageObject\",\"inLanguage\":\"fr-FR\",\"@id\":\"https:\\\/\\\/secure.gravatar.com\\\/avatar\\\/?s=96&d=mm&r=g\",\"url\":\"https:\\\/\\\/secure.gravatar.com\\\/avatar\\\/?s=96&d=mm&r=g\",\"contentUrl\":\"https:\\\/\\\/secure.gravatar.com\\\/avatar\\\/?s=96&d=mm&r=g\",\"caption\":\"michael.merz\"},\"url\":\"https:\\\/\\\/www.organisator.ch\\\/fr\\\/author\\\/michael-merz\\\/\"}]}<\/script>\n<!-- \/ Yoast SEO plugin. -->","yoast_head_json":{"title":"\u00c9conomie circulaire et de recyclage, o\u00f9 en est la Suisse ? - Organisateur","description":"L'\u00e9conomie circulaire et de recyclage a le vent en poupe gr\u00e2ce \u00e0 la \"plaque tournante de l'\u00e9conomie circulaire en Suisse\", qui \u00e9change \u00e9galement avec des experts de l'UE.","robots":{"index":"index","follow":"follow","max-snippet":"max-snippet:-1","max-image-preview":"max-image-preview:large","max-video-preview":"max-video-preview:-1"},"canonical":"https:\/\/www.organisator.ch\/fr\/sustainability\/2019-04-05\/kreislauf-und-recycling-wirtschaft-wo-steht-die-schweiz\/","og_locale":"fr_FR","og_type":"article","og_title":"Kreislauf- und Recycling-Wirtschaft, wo steht die Schweiz? - Organisator","og_description":"Die Kreislauf- und Recycling-Wirtschaft erh\u00e4lt Aufwind durch die \u00abDrehscheibe Kreislaufwirtschaft Schweiz\u00bb, sich auch mit EU-Experten austauscht.","og_url":"https:\/\/www.organisator.ch\/fr\/sustainability\/2019-04-05\/kreislauf-und-recycling-wirtschaft-wo-steht-die-schweiz\/","og_site_name":"Organisator","article_publisher":"https:\/\/www.facebook.com\/OrganisatorFachmagazin","article_published_time":"2019-04-05T10:46:09+00:00","article_modified_time":"2022-02-09T10:05:36+00:00","og_image":[{"width":2048,"height":1536,"url":"https:\/\/www.organisator.ch\/wp-content\/uploads\/2019\/04\/photo0jpg.jpg","type":"image\/jpeg"}],"author":"michael.merz","twitter_card":"summary_large_image","schema":{"@context":"https:\/\/schema.org","@graph":[{"@type":"Article","@id":"https:\/\/www.organisator.ch\/sustainability\/2019-04-05\/kreislauf-und-recycling-wirtschaft-wo-steht-die-schweiz\/#article","isPartOf":{"@id":"https:\/\/www.organisator.ch\/sustainability\/2019-04-05\/kreislauf-und-recycling-wirtschaft-wo-steht-die-schweiz\/"},"author":{"name":"michael.merz","@id":"https:\/\/www.organisator.ch\/#\/schema\/person\/134708ca9321c57b0362cceb7948ffbd"},"headline":"Kreislauf- und Recycling-Wirtschaft, wo steht die Schweiz?","datePublished":"2019-04-05T10:46:09+00:00","dateModified":"2022-02-09T10:05:36+00:00","mainEntityOfPage":{"@id":"https:\/\/www.organisator.ch\/sustainability\/2019-04-05\/kreislauf-und-recycling-wirtschaft-wo-steht-die-schweiz\/"},"wordCount":381,"commentCount":0,"publisher":{"@id":"https:\/\/www.organisator.ch\/#organization"},"image":{"@id":"https:\/\/www.organisator.ch\/sustainability\/2019-04-05\/kreislauf-und-recycling-wirtschaft-wo-steht-die-schweiz\/#primaryimage"},"thumbnailUrl":"https:\/\/www.organisator.ch\/wp-content\/uploads\/2019\/04\/photo0jpg.jpg","keywords":["EU","Kreislaufwirtschaft","Schweiz"],"articleSection":["SUSTAINABILITY"],"inLanguage":"fr-FR"},{"@type":"WebPage","@id":"https:\/\/www.organisator.ch\/sustainability\/2019-04-05\/kreislauf-und-recycling-wirtschaft-wo-steht-die-schweiz\/","url":"https:\/\/www.organisator.ch\/sustainability\/2019-04-05\/kreislauf-und-recycling-wirtschaft-wo-steht-die-schweiz\/","name":"\u00c9conomie circulaire et de recyclage, o\u00f9 en est la Suisse ? - Organisateur","isPartOf":{"@id":"https:\/\/www.organisator.ch\/#website"},"primaryImageOfPage":{"@id":"https:\/\/www.organisator.ch\/sustainability\/2019-04-05\/kreislauf-und-recycling-wirtschaft-wo-steht-die-schweiz\/#primaryimage"},"image":{"@id":"https:\/\/www.organisator.ch\/sustainability\/2019-04-05\/kreislauf-und-recycling-wirtschaft-wo-steht-die-schweiz\/#primaryimage"},"thumbnailUrl":"https:\/\/www.organisator.ch\/wp-content\/uploads\/2019\/04\/photo0jpg.jpg","datePublished":"2019-04-05T10:46:09+00:00","dateModified":"2022-02-09T10:05:36+00:00","description":"L'\u00e9conomie circulaire et de recyclage a le vent en poupe gr\u00e2ce \u00e0 la \"plaque tournante de l'\u00e9conomie circulaire en Suisse\", qui \u00e9change \u00e9galement avec des experts de l'UE.","breadcrumb":{"@id":"https:\/\/www.organisator.ch\/sustainability\/2019-04-05\/kreislauf-und-recycling-wirtschaft-wo-steht-die-schweiz\/#breadcrumb"},"inLanguage":"fr-FR","potentialAction":[{"@type":"ReadAction","target":["https:\/\/www.organisator.ch\/sustainability\/2019-04-05\/kreislauf-und-recycling-wirtschaft-wo-steht-die-schweiz\/"]}]},{"@type":"ImageObject","inLanguage":"fr-FR","@id":"https:\/\/www.organisator.ch\/sustainability\/2019-04-05\/kreislauf-und-recycling-wirtschaft-wo-steht-die-schweiz\/#primaryimage","url":"https:\/\/www.organisator.ch\/wp-content\/uploads\/2019\/04\/photo0jpg.jpg","contentUrl":"https:\/\/www.organisator.ch\/wp-content\/uploads\/2019\/04\/photo0jpg.jpg","width":2048,"height":1536,"caption":"Auch die Schweiz strebt die Kreislaufwirtschaft an. Sie startet jedoch aus einer besseren Ausgangslage als viele EU-L\u00e4nder."},{"@type":"BreadcrumbList","@id":"https:\/\/www.organisator.ch\/sustainability\/2019-04-05\/kreislauf-und-recycling-wirtschaft-wo-steht-die-schweiz\/#breadcrumb","itemListElement":[{"@type":"ListItem","position":1,"name":"Home","item":"https:\/\/www.organisator.ch\/"},{"@type":"ListItem","position":2,"name":"Kreislauf- und Recycling-Wirtschaft, wo steht die Schweiz?"}]},{"@type":"WebSite","@id":"https:\/\/www.organisator.ch\/#website","url":"https:\/\/www.organisator.ch\/","name":"Organisateur","description":"Comp\u00e9tence et comp\u00e9tence. Proches de la pratique. L'ORGANISATEUR pr\u00e9pare 10 num\u00e9ros par an sur les th\u00e8mes essentiels pour les dirigeants de PME.","publisher":{"@id":"https:\/\/www.organisator.ch\/#organization"},"potentialAction":[{"@type":"SearchAction","target":{"@type":"EntryPoint","urlTemplate":"https:\/\/www.organisator.ch\/?s={search_term_string}"},"query-input":{"@type":"PropertyValueSpecification","valueRequired":true,"valueName":"search_term_string"}}],"inLanguage":"fr-FR"},{"@type":"Organization","@id":"https:\/\/www.organisator.ch\/#organization","name":"Organisateur","url":"https:\/\/www.organisator.ch\/","logo":{"@type":"ImageObject","inLanguage":"fr-FR","@id":"https:\/\/www.organisator.ch\/#\/schema\/logo\/image\/","url":"https:\/\/www.organisator.ch\/wp-content\/uploads\/2022\/01\/Logo_Organisator_Website.png","contentUrl":"https:\/\/www.organisator.ch\/wp-content\/uploads\/2022\/01\/Logo_Organisator_Website.png","width":800,"height":77,"caption":"Organisator"},"image":{"@id":"https:\/\/www.organisator.ch\/#\/schema\/logo\/image\/"},"sameAs":["https:\/\/www.facebook.com\/OrganisatorFachmagazin","https:\/\/www.linkedin.com\/showcase\/organisator-das-magazin-fr-kmu","https:\/\/www.xing.com\/news\/pages\/organisator-ch-695","https:\/\/www.youtube.com\/channel\/UCGP2Sq0iWaZwT3BdIAQFYpw"]},{"@type":"Person","@id":"https:\/\/www.organisator.ch\/#\/schema\/person\/134708ca9321c57b0362cceb7948ffbd","name":"michael.merz","image":{"@type":"ImageObject","inLanguage":"fr-FR","@id":"https:\/\/secure.gravatar.com\/avatar\/?s=96&d=mm&r=g","url":"https:\/\/secure.gravatar.com\/avatar\/?s=96&d=mm&r=g","contentUrl":"https:\/\/secure.gravatar.com\/avatar\/?s=96&d=mm&r=g","caption":"michael.merz"},"url":"https:\/\/www.organisator.ch\/fr\/author\/michael-merz\/"}]}},"_links":{"self":[{"href":"https:\/\/www.organisator.ch\/fr\/wp-json\/wp\/v2\/posts\/10080","targetHints":{"allow":["GET"]}}],"collection":[{"href":"https:\/\/www.organisator.ch\/fr\/wp-json\/wp\/v2\/posts"}],"about":[{"href":"https:\/\/www.organisator.ch\/fr\/wp-json\/wp\/v2\/types\/post"}],"author":[{"embeddable":true,"href":"https:\/\/www.organisator.ch\/fr\/wp-json\/wp\/v2\/users\/5"}],"replies":[{"embeddable":true,"href":"https:\/\/www.organisator.ch\/fr\/wp-json\/wp\/v2\/comments?post=10080"}],"version-history":[{"count":1,"href":"https:\/\/www.organisator.ch\/fr\/wp-json\/wp\/v2\/posts\/10080\/revisions"}],"predecessor-version":[{"id":10411,"href":"https:\/\/www.organisator.ch\/fr\/wp-json\/wp\/v2\/posts\/10080\/revisions\/10411"}],"wp:featuredmedia":[{"embeddable":true,"href":"https:\/\/www.organisator.ch\/fr\/wp-json\/wp\/v2\/media\/9599"}],"wp:attachment":[{"href":"https:\/\/www.organisator.ch\/fr\/wp-json\/wp\/v2\/media?parent=10080"}],"wp:term":[{"taxonomy":"category","embeddable":true,"href":"https:\/\/www.organisator.ch\/fr\/wp-json\/wp\/v2\/categories?post=10080"},{"taxonomy":"post_tag","embeddable":true,"href":"https:\/\/www.organisator.ch\/fr\/wp-json\/wp\/v2\/tags?post=10080"}],"curies":[{"name":"wp","href":"https:\/\/api.w.org\/{rel}","templated":true}]}}