{"id":10081,"date":"2019-04-24T15:43:12","date_gmt":"2019-04-24T13:43:12","guid":{"rendered":"https:\/\/www.umweltperspektiven.ch\/?p=2113"},"modified":"2022-02-09T11:06:53","modified_gmt":"2022-02-09T10:06:53","slug":"klimastiftung-schweiz-mit-rekordjahr","status":"publish","type":"post","link":"https:\/\/www.organisator.ch\/fr\/sustainability\/2019-04-24\/klimastiftung-schweiz-mit-rekordjahr\/","title":{"rendered":"La Fondation Suisse pour le Climat enregistre une ann\u00e9e record"},"content":{"rendered":"<figure id=\"attachment_2114\" aria-describedby=\"caption-attachment-2114\" style=\"width: 680px\" class=\"wp-caption alignnone\"><img loading=\"lazy\" decoding=\"async\" class=\"size-medium wp-image-2114\" src=\"\/\/www.umweltperspektiven.ch\/wp-content\/uploads\/2019\/04\/Klimastiftung_Schweiz.jpg\" alt=\"\" width=\"680\" height=\"510\" \/><figcaption id=\"caption-attachment-2114\" class=\"wp-caption-text\">La fondation est en bonne position financi\u00e8re et peut accro\u00eetre son efficacit\u00e9 gr\u00e2ce \u00e0 ses 27 entreprises partenaires. (Image : Fondation Suisse pour le Climat)<\/figcaption><\/figure>\n<p>Des \u00e9t\u00e9s secs, des pr\u00e9cipitations abondantes, davantage de jours de canicule et des hivers peu enneig\u00e9s : Les sc\u00e9narios climatiques pr\u00e9sent\u00e9s par l'ETH Zurich en 2018 sont sans \u00e9quivoque. Ils montrent avec une grande pr\u00e9cision g\u00e9ographique ce que le changement climatique signifie pour la Suisse : alors que le mara\u00eecher devra arroser ses l\u00e9gumes en 2060, la propri\u00e9taire de la maison \u00e9vacue d\u00e9j\u00e0 sa cave en raison de pr\u00e9cipitations extr\u00eames.<\/p>\n<p>\"Mais le rapport ne se contente pas de pr\u00e9senter les dangers imminents\", explique Vincent Eckert, directeur de la Fondation Suisse pour le Climat. \"Il montre aussi qu'en agissant avec d\u00e9termination, le changement climatique peut au moins \u00eatre endigu\u00e9\".<\/p>\n<p><strong>Le montant des subventions a augment\u00e9 de plus d'un tiers<\/strong><\/p>\n<p>De plus en plus de PME suisses et liechtensteinoises prennent des mesures pour mieux prot\u00e9ger le climat. Au cours de son ann\u00e9e d'anniversaire, la fondation a pu soutenir financi\u00e8rement environ 350 PME. Le montant des subventions a augment\u00e9 de 37% par rapport \u00e0 l'ann\u00e9e pr\u00e9c\u00e9dente. \"C'est surtout dans le domaine de l'innovation que les entreprises nous soumettent des demandes de soutien de plus en plus nombreuses et de meilleure qualit\u00e9\", constate Eckert. Si une PME d\u00e9veloppe un produit pour la protection du climat, elle peut demander des subventions \u00e0 la Fondation Suisse pour le Climat.<\/p>\n<p>Le nombre de projets d'efficacit\u00e9 \u00e9nerg\u00e9tique a \u00e9galement augment\u00e9 : la fondation a pu soutenir financi\u00e8rement pr\u00e8s de 100 projets permettant aux PME d'\u00e9conomiser de l'\u00e9nergie dans leur propre entreprise. Le rapport d'activit\u00e9 de la Fondation Suisse pour le Climat publi\u00e9 aujourd'hui montre que la promotion de l'e-mobilit\u00e9, entre autres, a fortement augment\u00e9 dans ce domaine.<\/p>\n<p><strong>Bien positionn\u00e9 gr\u00e2ce aux entreprises partenaires<\/strong><\/p>\n<p>La fondation poursuit et renforce ses activit\u00e9s de promotion. Sur le plan financier, elle est bien positionn\u00e9e et peut accro\u00eetre son efficacit\u00e9, gr\u00e2ce aux 27 entreprises partenaires : De grands prestataires de services de Suisse et du Liechtenstein font don \u00e0 la fondation commune de leur remboursement net de la taxe d'incitation sur le CO2. Les accords avec les entreprises partenaires courent actuellement jusqu'\u00e0 fin 2020. La fondation a d\u00e9j\u00e0 entam\u00e9 le processus strat\u00e9gique \"post 2020\".<\/p>\n<p>Le directeur Vincent Eckert aime regarder en arri\u00e8re sur une ann\u00e9e r\u00e9ussie, \"mais nous pr\u00e9f\u00e9rons encore regarder en avant, vers un avenir que nous planifions maintenant avec nos entreprises partenaires\".<\/p>\n<p>&nbsp;<\/p>\n<p><em>A propos de la Fondation Suisse pour le Climat<\/em><\/p>\n<p><em>Prot\u00e9ger le climat. Renforcer les PME. Selon cette devise, la Fondation Suisse pour le Climat soutient des projets de petites et moyennes entreprises (PME) qui contribuent \u00e0 la protection du climat. Depuis sa cr\u00e9ation en 2008, la fondation a accord\u00e9 des aides \u00e0 hauteur de 20 millions de francs \u00e0 plus de 1 400 PME en Suisse et dans la Principaut\u00e9 du Liechtenstein.<\/em><\/p>\n<p><em>La Fondation Suisse pour le Climat a \u00e9t\u00e9 cr\u00e9\u00e9e en tant que fondation ind\u00e9pendante d'utilit\u00e9 publique. Elle est plac\u00e9e sous la surveillance de la Conf\u00e9d\u00e9ration et est ouverte aux entreprises int\u00e9ress\u00e9es qui souhaitent renforcer la protection du climat par une utilisation efficace et cibl\u00e9e de la redistribution issue de la taxe d'incitation sur le CO2.<\/em><\/p>\n<p><em>Depuis janvier 2008, la loi sur le CO2 impose une taxe sur les combustibles. Une partie de la taxe est revers\u00e9e \u00e0 l'\u00e9conomie. Ce sont surtout les grandes entreprises de services qui re\u00e7oivent en retour plus que ce qu'elles ont pay\u00e9. Les entreprises partenaires de la Fondation Suisse pour le Climat utilisent cette \"ristourne nette\" pour financer les mesures de protection du climat des PME suisses et liechtensteinoises.<\/em><\/p>\n<p><em>Les partenaires de la Fondation Suisse pour le Climat<\/em><\/p>\n<p><em>Les prestataires de services suisses et liechtensteinois Allianz Suisse, Alternative Bank Schweiz, AXA, Bank J. Safra Sarasin, ECA Vaud, Assurance immobili\u00e8re Berne, Assurance immobili\u00e8re du canton de Zurich, Banque cantonale de Glaris, Julius B\u00e4r, LGT, Liechtensteinische Landesbank, Man Investments, NewRe, PartnerRe, Pictet &amp; Cie, PwC Suisse, Raiffeisen Suisse, RobecoSAM, Sanitas Assurance maladie, SAP (Suisse) SA, SCOR, Swiss Life, Swiss Re, Vaudoise Assurances, Vontobel, VP Bank et AXA XL sont partenaires de la Fondation Suisse pour le Climat.<\/em><\/p>\n<p>&nbsp;<\/p>\n<p><em>Plus d'informations : <a href=\"\/\/www.klimastiftung.ch\">www.klimastiftung.ch<\/a><\/em><\/p>\n<p>&nbsp;<\/p>\n<p>&nbsp;<\/p>\n<p>&nbsp;<\/p>\n<p>&nbsp;<\/p>\n<p>&nbsp;<\/p>\n<p>&nbsp;<\/p>\n<p>&nbsp;<\/p>\n<p>&nbsp;<\/p>\n<p>&nbsp;<\/p>\n<p>&nbsp;<\/p>\n<table width=\"100%\">\n<tbody>\n<tr>\n<td>\n<table width=\"100%\">\n<tbody>\n<tr>\n<td width=\"750\">\n<table style=\"height: 5px;\" width=\"1321\">\n<tbody>\n<tr>\n<td><\/td>\n<\/tr>\n<\/tbody>\n<\/table>\n<\/td>\n<\/tr>\n<\/tbody>\n<\/table>\n<\/td>\n<\/tr>\n<\/tbody>\n<\/table>\n<p>&nbsp;<\/p>\n<table width=\"100%\">\n<tbody>\n<tr>\n<td>\n<table width=\"100%\">\n<tbody>\n<tr>\n<td><\/td>\n<\/tr>\n<\/tbody>\n<\/table>\n<\/td>\n<\/tr>\n<\/tbody>\n<\/table>\n<table width=\"100%\">\n<tbody>\n<tr>\n<td>\n<table width=\"100%\">\n<tbody>\n<tr>\n<td width=\"750\">\n<table width=\"100%\">\n<tbody>\n<tr>\n<td><\/td>\n<\/tr>\n<\/tbody>\n<\/table>\n<\/td>\n<\/tr>\n<\/tbody>\n<\/table>\n<\/td>\n<\/tr>\n<\/tbody>\n<\/table>\n<p>&nbsp;<\/p>\n<p>&nbsp;<\/p>\n<p>&nbsp;<\/p>","protected":false},"excerpt":{"rendered":"<p>Trockene Sommer, heftige Niederschl\u00e4ge, mehr Hitzetage und schneearme Winter: Die Klimaszenarien, welche die ETH Z\u00fcrich 2018 vorstellte, sind eindeutig. Sie zeigen mit hoher geographischer Pr\u00e4zision, was der Klimawandel f\u00fcr die Schweiz bedeutet: W\u00e4hrend der Gem\u00fcsebauer im Jahr 2060 sein Gem\u00fcse bew\u00e4ssern muss, evakuiert die Hausbesitzerin schon wieder ihren Keller wegen Extrem-Niederschlags. \u00abDoch der Bericht stellt [&hellip;]<\/p>\n","protected":false},"author":5,"featured_media":9602,"comment_status":"open","ping_status":"open","sticky":false,"template":"","format":"standard","meta":{"_acf_changed":false,"_yoast_wpseo_focuskw":"Klimastiftung Schweiz","_yoast_wpseo_metadesc":"Das zehnte Jahr war das erfolgreichste in der Geschichte der Klimastiftung Schweiz: Sie konnte hochdotierte Klimaschutz-Projekte unterst\u00fctzen.","articlekey":"","footnotes":""},"categories":[580],"tags":[292,1526,301,455],"class_list":["post-10081","post","type-post","status-publish","format-standard","has-post-thumbnail","hentry","category-sustainability","tag-jubilaeum","tag-klimastiftung-schweiz","tag-kmu","tag-stiftung"],"acf":[],"yoast_head":"<!-- This site is optimized with the Yoast SEO plugin v27.4 - https:\/\/yoast.com\/product\/yoast-seo-wordpress\/ -->\n<title>Klimastiftung Schweiz mit Rekordjahr - Organisator<\/title>\n<meta name=\"description\" content=\"Das zehnte Jahr war das erfolgreichste in der Geschichte der Klimastiftung Schweiz: Sie konnte hochdotierte Klimaschutz-Projekte unterst\u00fctzen.\" \/>\n<meta name=\"robots\" content=\"index, follow, max-snippet:-1, max-image-preview:large, max-video-preview:-1\" \/>\n<link rel=\"canonical\" href=\"https:\/\/www.organisator.ch\/fr\/sustainability\/2019-04-24\/klimastiftung-schweiz-mit-rekordjahr\/\" \/>\n<meta property=\"og:locale\" content=\"fr_FR\" \/>\n<meta property=\"og:type\" content=\"article\" \/>\n<meta property=\"og:title\" content=\"Klimastiftung Schweiz mit Rekordjahr - Organisator\" \/>\n<meta property=\"og:description\" content=\"Das zehnte Jahr war das erfolgreichste in der Geschichte der Klimastiftung Schweiz: Sie konnte hochdotierte Klimaschutz-Projekte unterst\u00fctzen.\" \/>\n<meta property=\"og:url\" content=\"https:\/\/www.organisator.ch\/fr\/sustainability\/2019-04-24\/klimastiftung-schweiz-mit-rekordjahr\/\" \/>\n<meta property=\"og:site_name\" content=\"Organisator\" \/>\n<meta property=\"article:publisher\" content=\"https:\/\/www.facebook.com\/OrganisatorFachmagazin\" \/>\n<meta property=\"article:published_time\" content=\"2019-04-24T13:43:12+00:00\" \/>\n<meta property=\"article:modified_time\" content=\"2022-02-09T10:06:53+00:00\" \/>\n<meta property=\"og:image\" content=\"https:\/\/www.organisator.ch\/wp-content\/uploads\/2019\/04\/Klimastiftung_Schweiz-scaled.jpg\" \/>\n\t<meta property=\"og:image:width\" content=\"2560\" \/>\n\t<meta property=\"og:image:height\" content=\"1919\" \/>\n\t<meta property=\"og:image:type\" content=\"image\/jpeg\" \/>\n<meta name=\"author\" content=\"michael.merz\" \/>\n<meta name=\"twitter:card\" content=\"summary_large_image\" \/>\n<script type=\"application\/ld+json\" class=\"yoast-schema-graph\">{\"@context\":\"https:\\\/\\\/schema.org\",\"@graph\":[{\"@type\":\"Article\",\"@id\":\"https:\\\/\\\/www.organisator.ch\\\/sustainability\\\/2019-04-24\\\/klimastiftung-schweiz-mit-rekordjahr\\\/#article\",\"isPartOf\":{\"@id\":\"https:\\\/\\\/www.organisator.ch\\\/sustainability\\\/2019-04-24\\\/klimastiftung-schweiz-mit-rekordjahr\\\/\"},\"author\":{\"name\":\"michael.merz\",\"@id\":\"https:\\\/\\\/www.organisator.ch\\\/#\\\/schema\\\/person\\\/134708ca9321c57b0362cceb7948ffbd\"},\"headline\":\"Klimastiftung Schweiz mit Rekordjahr\",\"datePublished\":\"2019-04-24T13:43:12+00:00\",\"dateModified\":\"2022-02-09T10:06:53+00:00\",\"mainEntityOfPage\":{\"@id\":\"https:\\\/\\\/www.organisator.ch\\\/sustainability\\\/2019-04-24\\\/klimastiftung-schweiz-mit-rekordjahr\\\/\"},\"wordCount\":592,\"commentCount\":0,\"publisher\":{\"@id\":\"https:\\\/\\\/www.organisator.ch\\\/#organization\"},\"image\":{\"@id\":\"https:\\\/\\\/www.organisator.ch\\\/sustainability\\\/2019-04-24\\\/klimastiftung-schweiz-mit-rekordjahr\\\/#primaryimage\"},\"thumbnailUrl\":\"https:\\\/\\\/www.organisator.ch\\\/wp-content\\\/uploads\\\/2019\\\/04\\\/Klimastiftung_Schweiz-scaled.jpg\",\"keywords\":[\"Jubil\u00e4um\",\"Klimastiftung Schweiz\",\"KMU\",\"Stiftung\"],\"articleSection\":[\"SUSTAINABILITY\"],\"inLanguage\":\"fr-FR\"},{\"@type\":\"WebPage\",\"@id\":\"https:\\\/\\\/www.organisator.ch\\\/sustainability\\\/2019-04-24\\\/klimastiftung-schweiz-mit-rekordjahr\\\/\",\"url\":\"https:\\\/\\\/www.organisator.ch\\\/sustainability\\\/2019-04-24\\\/klimastiftung-schweiz-mit-rekordjahr\\\/\",\"name\":\"Klimastiftung Schweiz mit Rekordjahr - Organisator\",\"isPartOf\":{\"@id\":\"https:\\\/\\\/www.organisator.ch\\\/#website\"},\"primaryImageOfPage\":{\"@id\":\"https:\\\/\\\/www.organisator.ch\\\/sustainability\\\/2019-04-24\\\/klimastiftung-schweiz-mit-rekordjahr\\\/#primaryimage\"},\"image\":{\"@id\":\"https:\\\/\\\/www.organisator.ch\\\/sustainability\\\/2019-04-24\\\/klimastiftung-schweiz-mit-rekordjahr\\\/#primaryimage\"},\"thumbnailUrl\":\"https:\\\/\\\/www.organisator.ch\\\/wp-content\\\/uploads\\\/2019\\\/04\\\/Klimastiftung_Schweiz-scaled.jpg\",\"datePublished\":\"2019-04-24T13:43:12+00:00\",\"dateModified\":\"2022-02-09T10:06:53+00:00\",\"description\":\"Das zehnte Jahr war das erfolgreichste in der Geschichte der Klimastiftung Schweiz: Sie konnte hochdotierte Klimaschutz-Projekte unterst\u00fctzen.\",\"breadcrumb\":{\"@id\":\"https:\\\/\\\/www.organisator.ch\\\/sustainability\\\/2019-04-24\\\/klimastiftung-schweiz-mit-rekordjahr\\\/#breadcrumb\"},\"inLanguage\":\"fr-FR\",\"potentialAction\":[{\"@type\":\"ReadAction\",\"target\":[\"https:\\\/\\\/www.organisator.ch\\\/sustainability\\\/2019-04-24\\\/klimastiftung-schweiz-mit-rekordjahr\\\/\"]}]},{\"@type\":\"ImageObject\",\"inLanguage\":\"fr-FR\",\"@id\":\"https:\\\/\\\/www.organisator.ch\\\/sustainability\\\/2019-04-24\\\/klimastiftung-schweiz-mit-rekordjahr\\\/#primaryimage\",\"url\":\"https:\\\/\\\/www.organisator.ch\\\/wp-content\\\/uploads\\\/2019\\\/04\\\/Klimastiftung_Schweiz-scaled.jpg\",\"contentUrl\":\"https:\\\/\\\/www.organisator.ch\\\/wp-content\\\/uploads\\\/2019\\\/04\\\/Klimastiftung_Schweiz-scaled.jpg\",\"width\":2560,\"height\":1919,\"caption\":\"Finanziell ist die Stiftung gut aufgestellt und kann ihre Wirksamkeit vergr\u00f6ssern, dies dank ihrer 27 Partnerfirmen. (Bild: Klimastiftung Schweiz)\"},{\"@type\":\"BreadcrumbList\",\"@id\":\"https:\\\/\\\/www.organisator.ch\\\/sustainability\\\/2019-04-24\\\/klimastiftung-schweiz-mit-rekordjahr\\\/#breadcrumb\",\"itemListElement\":[{\"@type\":\"ListItem\",\"position\":1,\"name\":\"Home\",\"item\":\"https:\\\/\\\/www.organisator.ch\\\/\"},{\"@type\":\"ListItem\",\"position\":2,\"name\":\"Klimastiftung Schweiz mit Rekordjahr\"}]},{\"@type\":\"WebSite\",\"@id\":\"https:\\\/\\\/www.organisator.ch\\\/#website\",\"url\":\"https:\\\/\\\/www.organisator.ch\\\/\",\"name\":\"Organisator\",\"description\":\"Kompetent. Praxisnah. Der ORGANISATOR bereitet in 10 Ausgaben pro Jahr die wesentlichen Themen f\u00fcr F\u00fchrungskr\u00e4fte von KMU auf.\",\"publisher\":{\"@id\":\"https:\\\/\\\/www.organisator.ch\\\/#organization\"},\"potentialAction\":[{\"@type\":\"SearchAction\",\"target\":{\"@type\":\"EntryPoint\",\"urlTemplate\":\"https:\\\/\\\/www.organisator.ch\\\/?s={search_term_string}\"},\"query-input\":{\"@type\":\"PropertyValueSpecification\",\"valueRequired\":true,\"valueName\":\"search_term_string\"}}],\"inLanguage\":\"fr-FR\"},{\"@type\":\"Organization\",\"@id\":\"https:\\\/\\\/www.organisator.ch\\\/#organization\",\"name\":\"Organisator\",\"url\":\"https:\\\/\\\/www.organisator.ch\\\/\",\"logo\":{\"@type\":\"ImageObject\",\"inLanguage\":\"fr-FR\",\"@id\":\"https:\\\/\\\/www.organisator.ch\\\/#\\\/schema\\\/logo\\\/image\\\/\",\"url\":\"https:\\\/\\\/www.organisator.ch\\\/wp-content\\\/uploads\\\/2022\\\/01\\\/Logo_Organisator_Website.png\",\"contentUrl\":\"https:\\\/\\\/www.organisator.ch\\\/wp-content\\\/uploads\\\/2022\\\/01\\\/Logo_Organisator_Website.png\",\"width\":800,\"height\":77,\"caption\":\"Organisator\"},\"image\":{\"@id\":\"https:\\\/\\\/www.organisator.ch\\\/#\\\/schema\\\/logo\\\/image\\\/\"},\"sameAs\":[\"https:\\\/\\\/www.facebook.com\\\/OrganisatorFachmagazin\",\"https:\\\/\\\/www.linkedin.com\\\/showcase\\\/organisator-das-magazin-fr-kmu\",\"https:\\\/\\\/www.xing.com\\\/news\\\/pages\\\/organisator-ch-695\",\"https:\\\/\\\/www.youtube.com\\\/channel\\\/UCGP2Sq0iWaZwT3BdIAQFYpw\"]},{\"@type\":\"Person\",\"@id\":\"https:\\\/\\\/www.organisator.ch\\\/#\\\/schema\\\/person\\\/134708ca9321c57b0362cceb7948ffbd\",\"name\":\"michael.merz\",\"image\":{\"@type\":\"ImageObject\",\"inLanguage\":\"fr-FR\",\"@id\":\"https:\\\/\\\/secure.gravatar.com\\\/avatar\\\/?s=96&d=mm&r=g\",\"url\":\"https:\\\/\\\/secure.gravatar.com\\\/avatar\\\/?s=96&d=mm&r=g\",\"contentUrl\":\"https:\\\/\\\/secure.gravatar.com\\\/avatar\\\/?s=96&d=mm&r=g\",\"caption\":\"michael.merz\"},\"url\":\"https:\\\/\\\/www.organisator.ch\\\/fr\\\/author\\\/michael-merz\\\/\"}]}<\/script>\n<!-- \/ Yoast SEO plugin. -->","yoast_head_json":{"title":"La Fondation Suisse pour le Climat enregistre une ann\u00e9e record - Organisateur","description":"La dixi\u00e8me ann\u00e9e a \u00e9t\u00e9 la plus fructueuse de l'histoire de la Fondation Suisse pour le Climat : elle a pu soutenir des projets de protection du climat tr\u00e8s bien dot\u00e9s.","robots":{"index":"index","follow":"follow","max-snippet":"max-snippet:-1","max-image-preview":"max-image-preview:large","max-video-preview":"max-video-preview:-1"},"canonical":"https:\/\/www.organisator.ch\/fr\/sustainability\/2019-04-24\/klimastiftung-schweiz-mit-rekordjahr\/","og_locale":"fr_FR","og_type":"article","og_title":"Klimastiftung Schweiz mit Rekordjahr - Organisator","og_description":"Das zehnte Jahr war das erfolgreichste in der Geschichte der Klimastiftung Schweiz: Sie konnte hochdotierte Klimaschutz-Projekte unterst\u00fctzen.","og_url":"https:\/\/www.organisator.ch\/fr\/sustainability\/2019-04-24\/klimastiftung-schweiz-mit-rekordjahr\/","og_site_name":"Organisator","article_publisher":"https:\/\/www.facebook.com\/OrganisatorFachmagazin","article_published_time":"2019-04-24T13:43:12+00:00","article_modified_time":"2022-02-09T10:06:53+00:00","og_image":[{"width":2560,"height":1919,"url":"https:\/\/www.organisator.ch\/wp-content\/uploads\/2019\/04\/Klimastiftung_Schweiz-scaled.jpg","type":"image\/jpeg"}],"author":"michael.merz","twitter_card":"summary_large_image","schema":{"@context":"https:\/\/schema.org","@graph":[{"@type":"Article","@id":"https:\/\/www.organisator.ch\/sustainability\/2019-04-24\/klimastiftung-schweiz-mit-rekordjahr\/#article","isPartOf":{"@id":"https:\/\/www.organisator.ch\/sustainability\/2019-04-24\/klimastiftung-schweiz-mit-rekordjahr\/"},"author":{"name":"michael.merz","@id":"https:\/\/www.organisator.ch\/#\/schema\/person\/134708ca9321c57b0362cceb7948ffbd"},"headline":"Klimastiftung Schweiz mit Rekordjahr","datePublished":"2019-04-24T13:43:12+00:00","dateModified":"2022-02-09T10:06:53+00:00","mainEntityOfPage":{"@id":"https:\/\/www.organisator.ch\/sustainability\/2019-04-24\/klimastiftung-schweiz-mit-rekordjahr\/"},"wordCount":592,"commentCount":0,"publisher":{"@id":"https:\/\/www.organisator.ch\/#organization"},"image":{"@id":"https:\/\/www.organisator.ch\/sustainability\/2019-04-24\/klimastiftung-schweiz-mit-rekordjahr\/#primaryimage"},"thumbnailUrl":"https:\/\/www.organisator.ch\/wp-content\/uploads\/2019\/04\/Klimastiftung_Schweiz-scaled.jpg","keywords":["Jubil\u00e4um","Klimastiftung Schweiz","KMU","Stiftung"],"articleSection":["SUSTAINABILITY"],"inLanguage":"fr-FR"},{"@type":"WebPage","@id":"https:\/\/www.organisator.ch\/sustainability\/2019-04-24\/klimastiftung-schweiz-mit-rekordjahr\/","url":"https:\/\/www.organisator.ch\/sustainability\/2019-04-24\/klimastiftung-schweiz-mit-rekordjahr\/","name":"La Fondation Suisse pour le Climat enregistre une ann\u00e9e record - Organisateur","isPartOf":{"@id":"https:\/\/www.organisator.ch\/#website"},"primaryImageOfPage":{"@id":"https:\/\/www.organisator.ch\/sustainability\/2019-04-24\/klimastiftung-schweiz-mit-rekordjahr\/#primaryimage"},"image":{"@id":"https:\/\/www.organisator.ch\/sustainability\/2019-04-24\/klimastiftung-schweiz-mit-rekordjahr\/#primaryimage"},"thumbnailUrl":"https:\/\/www.organisator.ch\/wp-content\/uploads\/2019\/04\/Klimastiftung_Schweiz-scaled.jpg","datePublished":"2019-04-24T13:43:12+00:00","dateModified":"2022-02-09T10:06:53+00:00","description":"La dixi\u00e8me ann\u00e9e a \u00e9t\u00e9 la plus fructueuse de l'histoire de la Fondation Suisse pour le Climat : elle a pu soutenir des projets de protection du climat tr\u00e8s bien dot\u00e9s.","breadcrumb":{"@id":"https:\/\/www.organisator.ch\/sustainability\/2019-04-24\/klimastiftung-schweiz-mit-rekordjahr\/#breadcrumb"},"inLanguage":"fr-FR","potentialAction":[{"@type":"ReadAction","target":["https:\/\/www.organisator.ch\/sustainability\/2019-04-24\/klimastiftung-schweiz-mit-rekordjahr\/"]}]},{"@type":"ImageObject","inLanguage":"fr-FR","@id":"https:\/\/www.organisator.ch\/sustainability\/2019-04-24\/klimastiftung-schweiz-mit-rekordjahr\/#primaryimage","url":"https:\/\/www.organisator.ch\/wp-content\/uploads\/2019\/04\/Klimastiftung_Schweiz-scaled.jpg","contentUrl":"https:\/\/www.organisator.ch\/wp-content\/uploads\/2019\/04\/Klimastiftung_Schweiz-scaled.jpg","width":2560,"height":1919,"caption":"Finanziell ist die Stiftung gut aufgestellt und kann ihre Wirksamkeit vergr\u00f6ssern, dies dank ihrer 27 Partnerfirmen. (Bild: Klimastiftung Schweiz)"},{"@type":"BreadcrumbList","@id":"https:\/\/www.organisator.ch\/sustainability\/2019-04-24\/klimastiftung-schweiz-mit-rekordjahr\/#breadcrumb","itemListElement":[{"@type":"ListItem","position":1,"name":"Home","item":"https:\/\/www.organisator.ch\/"},{"@type":"ListItem","position":2,"name":"Klimastiftung Schweiz mit Rekordjahr"}]},{"@type":"WebSite","@id":"https:\/\/www.organisator.ch\/#website","url":"https:\/\/www.organisator.ch\/","name":"Organisateur","description":"Comp\u00e9tence et comp\u00e9tence. Proches de la pratique. L'ORGANISATEUR pr\u00e9pare 10 num\u00e9ros par an sur les th\u00e8mes essentiels pour les dirigeants de PME.","publisher":{"@id":"https:\/\/www.organisator.ch\/#organization"},"potentialAction":[{"@type":"SearchAction","target":{"@type":"EntryPoint","urlTemplate":"https:\/\/www.organisator.ch\/?s={search_term_string}"},"query-input":{"@type":"PropertyValueSpecification","valueRequired":true,"valueName":"search_term_string"}}],"inLanguage":"fr-FR"},{"@type":"Organization","@id":"https:\/\/www.organisator.ch\/#organization","name":"Organisateur","url":"https:\/\/www.organisator.ch\/","logo":{"@type":"ImageObject","inLanguage":"fr-FR","@id":"https:\/\/www.organisator.ch\/#\/schema\/logo\/image\/","url":"https:\/\/www.organisator.ch\/wp-content\/uploads\/2022\/01\/Logo_Organisator_Website.png","contentUrl":"https:\/\/www.organisator.ch\/wp-content\/uploads\/2022\/01\/Logo_Organisator_Website.png","width":800,"height":77,"caption":"Organisator"},"image":{"@id":"https:\/\/www.organisator.ch\/#\/schema\/logo\/image\/"},"sameAs":["https:\/\/www.facebook.com\/OrganisatorFachmagazin","https:\/\/www.linkedin.com\/showcase\/organisator-das-magazin-fr-kmu","https:\/\/www.xing.com\/news\/pages\/organisator-ch-695","https:\/\/www.youtube.com\/channel\/UCGP2Sq0iWaZwT3BdIAQFYpw"]},{"@type":"Person","@id":"https:\/\/www.organisator.ch\/#\/schema\/person\/134708ca9321c57b0362cceb7948ffbd","name":"michael.merz","image":{"@type":"ImageObject","inLanguage":"fr-FR","@id":"https:\/\/secure.gravatar.com\/avatar\/?s=96&d=mm&r=g","url":"https:\/\/secure.gravatar.com\/avatar\/?s=96&d=mm&r=g","contentUrl":"https:\/\/secure.gravatar.com\/avatar\/?s=96&d=mm&r=g","caption":"michael.merz"},"url":"https:\/\/www.organisator.ch\/fr\/author\/michael-merz\/"}]}},"_links":{"self":[{"href":"https:\/\/www.organisator.ch\/fr\/wp-json\/wp\/v2\/posts\/10081","targetHints":{"allow":["GET"]}}],"collection":[{"href":"https:\/\/www.organisator.ch\/fr\/wp-json\/wp\/v2\/posts"}],"about":[{"href":"https:\/\/www.organisator.ch\/fr\/wp-json\/wp\/v2\/types\/post"}],"author":[{"embeddable":true,"href":"https:\/\/www.organisator.ch\/fr\/wp-json\/wp\/v2\/users\/5"}],"replies":[{"embeddable":true,"href":"https:\/\/www.organisator.ch\/fr\/wp-json\/wp\/v2\/comments?post=10081"}],"version-history":[{"count":1,"href":"https:\/\/www.organisator.ch\/fr\/wp-json\/wp\/v2\/posts\/10081\/revisions"}],"predecessor-version":[{"id":10703,"href":"https:\/\/www.organisator.ch\/fr\/wp-json\/wp\/v2\/posts\/10081\/revisions\/10703"}],"wp:featuredmedia":[{"embeddable":true,"href":"https:\/\/www.organisator.ch\/fr\/wp-json\/wp\/v2\/media\/9602"}],"wp:attachment":[{"href":"https:\/\/www.organisator.ch\/fr\/wp-json\/wp\/v2\/media?parent=10081"}],"wp:term":[{"taxonomy":"category","embeddable":true,"href":"https:\/\/www.organisator.ch\/fr\/wp-json\/wp\/v2\/categories?post=10081"},{"taxonomy":"post_tag","embeddable":true,"href":"https:\/\/www.organisator.ch\/fr\/wp-json\/wp\/v2\/tags?post=10081"}],"curies":[{"name":"wp","href":"https:\/\/api.w.org\/{rel}","templated":true}]}}