{"id":10094,"date":"2019-07-03T15:04:22","date_gmt":"2019-07-03T13:04:22","guid":{"rendered":"https:\/\/www.umweltperspektiven.ch\/?p=2257"},"modified":"2022-02-09T11:10:05","modified_gmt":"2022-02-09T10:10:05","slug":"es-bewegt-sich-was-wie-nachhaltigkeit-in-der-schweizer-politik-ankommt","status":"publish","type":"post","link":"https:\/\/www.organisator.ch\/fr\/sustainability\/2019-07-03\/es-bewegt-sich-was-wie-nachhaltigkeit-in-der-schweizer-politik-ankommt\/","title":{"rendered":"Les choses bougent : comment la durabilit\u00e9 s'impose dans la politique suisse"},"content":{"rendered":"<section class=\"obu-section-text\">\n<figure id=\"attachment_2258\" aria-describedby=\"caption-attachment-2258\" style=\"width: 640px\" class=\"wp-caption alignnone\"><img loading=\"lazy\" decoding=\"async\" class=\"size-full wp-image-2258\" src=\"\/\/www.umweltperspektiven.ch\/wp-content\/uploads\/2019\/07\/Bundeshaus_Bern_2009_Flooffy.jpg\" alt=\"\" width=\"640\" height=\"422\" \/><figcaption id=\"caption-attachment-2258\" class=\"wp-caption-text\">Le chemin vers une strat\u00e9gie de durabilit\u00e9 int\u00e9gr\u00e9e avec succ\u00e8s et efficace dans la politique suisse est encore long. (Image : wikipedia)<\/figcaption><\/figure>\n<\/section>\n<section><\/section>\n<section><\/section>\n<section><\/section>\n<p>Ces derniers temps, l'initiative sur la responsabilit\u00e9 des multinationales (IRC) et son contre-projet ont beaucoup occup\u00e9 la politique suisse, respectivement les parlementaires \u00e0 Berne. Apr\u00e8s cinq heures de discussion sur les nombreux maux caus\u00e9s par les entreprises suisses et leurs filiales \u00e0 l'\u00e9tranger (empoisonnement par les pesticides, travail des enfants, d\u00e9forestation, etc.), le Conseil national s'est \u00e0 nouveau prononc\u00e9 le 13 juin en faveur d'un contre-projet indirect (109 voix contre 69 et 7 abstentions).<\/p>\n<section>\n<div>\n<p>Depuis un an, les parlementaires jonglent avec l'initiative et son contre-projet, qui a \u00e9t\u00e9 rejet\u00e9 en mars par le Conseil des Etats. Mais cette fois-ci, l'UDC et le PLR n'ont pas exprim\u00e9 un refus clairement majoritaire, ce qui a conduit \u00e0 un soutien. En tant que soutien du contre-projet, \u00f6bu, l'association pour une \u00e9conomie durable, salue cette d\u00e9cision.<\/p>\n<\/div>\n<\/section>\n<section class=\"obu-section-text\">\n<h2 class=\"title-2\">L'initiative sur la responsabilit\u00e9 des multinationales ne va pas assez loin ? <\/h2>\n<div class=\"obu-txt\">\n<p>La responsabilit\u00e9 sociale et environnementale des entreprises doit \u00eatre r\u00e9glement\u00e9e par la loi. La population suisse serait \u00e9galement favorable \u00e0 la r\u00e9glementation des activit\u00e9s des entreprises, montre\u00a0<a href=\"\/\/www.ethz.ch\/de\/news-und-veranstaltungen\/eth-news\/news\/2019\/05\/was-denkt-die-bevoelkerung-ueber-die-verantwortung-der-konzerne.html\" target=\"_blank\" rel=\"noopener\">une \u00e9tude de l'EPF<\/a>. Toutefois, la mise en \u0153uvre au niveau national est probl\u00e9matique. Une telle d\u00e9cision pourrait d\u00e9savantager l'\u00e9conomie suisse, affirment les opposants \u00e0 l'initiative. C'est pourquoi un accord entre le Conseil national et le Conseil des Etats semble encore difficile.<\/p>\n<p>Les partisans du contre-projet sont divis\u00e9s en deux camps : Ceux qui plaident pour des r\u00e8gles strictes en mati\u00e8re de responsabilit\u00e9 (PS, Verts, PEV) et ceux qui trouvent le contre-projet trop extr\u00eame, m\u00eame s'ils estiment que des r\u00e8gles sont utiles (PDC, PVL, PBD). Certains partis rejettent le contre-projet indirect parce qu'il nuirait directement \u00e0 la comp\u00e9titivit\u00e9 des entreprises et des emplois suisses, comme l'UDC et le PLR.<\/p>\n<p>Apr\u00e8s la session d'\u00e9t\u00e9 2019 des Chambres f\u00e9d\u00e9rales, ce sera \u00e0 nouveau au Conseil des Etats de se prononcer : en automne 2019, il se prononcera \u00e0 nouveau sur le contre-projet indirect.<\/p>\n<\/div>\n<\/section>\n<section class=\"obu-section-text\">\n<h2 class=\"title-2\">Loi f\u00e9d\u00e9rale sur les march\u00e9s publics<\/h2>\n<div class=\"obu-txt\">\n<p>Un vent de fra\u00eecheur souffle \u00e9galement dans un autre domaine : le 21 juin, le Parlement a adopt\u00e9 la loi f\u00e9d\u00e9rale sur les march\u00e9s publics (LMP). Cette \u00e9tape est le r\u00e9sultat d'un processus de r\u00e9vision initi\u00e9 pendant de nombreuses ann\u00e9es par une coalition d'ONG (notamment Public Eye, Pain pour le prochain, Helvetas, Swiss Fair Trade, etc.<\/p>\n<p>En tant que gros consommateur, il est demand\u00e9 aux pouvoirs publics de contribuer au d\u00e9veloppement durable, puisque la Conf\u00e9d\u00e9ration, les cantons et les communes d\u00e9pensent 40 milliards de francs par an pour des biens produits \u00e0 l'\u00e9tranger. Afin de servir d'exemple par son comportement de consommation, la Conf\u00e9d\u00e9ration est l\u00e9galement tenue, apr\u00e8s la r\u00e9vision, par des articles de but en vigueur, d'effectuer des achats qui respectent l'environnement, qui sont socialement responsables et qui ne nuisent pas \u00e0 la sant\u00e9.<\/p>\n<p>Cependant, le Parlement a \u00e9galement ajout\u00e9 un crit\u00e8re suppl\u00e9mentaire \u00e0 la loi, qui exige la prise en compte des diff\u00e9rents niveaux de prix dans les pays de production. Certaines ONG, dont Public Eye, craignent que l'exigence de durabilit\u00e9 ne soit ainsi sacrifi\u00e9e sur l'autel de la comp\u00e9titivit\u00e9, \u00e9tant donn\u00e9 que les processus de production avantageux entra\u00eenent souvent de mauvaises conditions de travail ainsi que des activit\u00e9s nuisibles \u00e0 l'environnement.<\/p>\n<\/div>\n<\/section>\n<section class=\"obu-section-text\">\n<h2 class=\"title-2\">Comment continuer ?<\/h2>\n<p>Le chemin vers une strat\u00e9gie de durabilit\u00e9 int\u00e9gr\u00e9e avec succ\u00e8s et efficace dans la politique suisse est encore long - que ce soit du c\u00f4t\u00e9 de la LMP ou du contre-projet \u00e0 la CoVI. N\u00e9anmoins, des mesures sont prises. Continuez comme \u00e7a, dit \u00f6bu ! Nous soutenons le contre-projet \u00e0 l'initiative sur la responsabilit\u00e9 des multinationales.<\/p>\n<p>Le site\u00a0<a href=\"\/\/www.oebu.ch\/de\/service\/projekte\/working-group-sustainable-supply-chains-4184.html\">Groupe de travail \"Sustainable Supply Chain<\/a>\u00f6bu a mis sur pied le projet \"Global Compact Network Switzerland\" afin de diffuser des connaissances et de sensibiliser, entre autres, \u00e0 la protection des droits de l'homme dans la cha\u00eene d'approvisionnement. Si vous \u00eates une entreprise de production et que vous souhaitez travailler dans un groupe ferm\u00e9 avec des personnes partageant les m\u00eames id\u00e9es afin d'am\u00e9liorer la durabilit\u00e9 dans vos cha\u00eenes d'approvisionnement, veuillez vous inscrire aupr\u00e8s de\u00a0<a href=\"mailto:weiss@oebu.ch\" data-scrambled=\"119,101,105,115,115,64,54,119,101,105,115,115,111,111,101,98,117,46,99,104\">weiss@oebu.ch<\/a><\/p>\n<div class=\"obu-txt\">\n<p><em>Lire la prise de position de l'\u00f6bu\u00a0<a href=\"\/\/www.oebu.ch\/de\/news\/aktuelle-news\/konzernverantwortungsinitiative-oebu-unterstuetzt-die-arbeiten-fuer-einen-gegenvorschlag-3552.html\">ici<\/a>.\u00a0<\/em><\/p>\n<p>&nbsp;<\/p>\n<\/div>\n<\/section>","protected":false},"excerpt":{"rendered":"<p>In letzter Zeit hat die Konzernverantwortungsinitiative (KoVI) und ihr Gegenvorschlag die Schweizer Politik, respektive die ParlamentarierInnen in Bern stark besch\u00e4ftigt. Nach einer f\u00fcnfst\u00fcndigen Diskussion \u00fcber zahlreiche Missst\u00e4nde, die von Schweizer Unternehmen und ihren Tochtergesellschaften im Ausland verursacht werden (Vergiftung durch Pestizide, Kinderarbeit, Abholzung usw.), sprach sich der Nationalrat am 13. Juni erneut f\u00fcr einen indirekten [&hellip;]<\/p>\n","protected":false},"author":5,"featured_media":9621,"comment_status":"open","ping_status":"open","sticky":false,"template":"","format":"standard","meta":{"_acf_changed":false,"_yoast_wpseo_focuskw":"Schweizer Politik","_yoast_wpseo_metadesc":"Nachhaltigkeit wird in der Schweizer Politik zunehmend ber\u00fccksichtigt, gewisse Hindernisse erschweren den Prozess jedoch weiterhin.","articlekey":"","footnotes":""},"categories":[580],"tags":[1409,1768,374,424],"class_list":["post-10094","post","type-post","status-publish","format-standard","has-post-thumbnail","hentry","category-sustainability","tag-initativen","tag-nachhaltige-lieferketten","tag-parlament","tag-schweiz"],"acf":[],"yoast_head":"<!-- This site is optimized with the Yoast SEO plugin v27.4 - https:\/\/yoast.com\/product\/yoast-seo-wordpress\/ -->\n<title>Es bewegt sich was: Wie Nachhaltigkeit in der Schweizer Politik ankommt - Organisator<\/title>\n<meta name=\"description\" content=\"Nachhaltigkeit wird in der Schweizer Politik zunehmend ber\u00fccksichtigt, gewisse Hindernisse erschweren den Prozess jedoch weiterhin.\" \/>\n<meta name=\"robots\" content=\"index, follow, max-snippet:-1, max-image-preview:large, max-video-preview:-1\" \/>\n<link rel=\"canonical\" href=\"https:\/\/www.organisator.ch\/fr\/sustainability\/2019-07-03\/es-bewegt-sich-was-wie-nachhaltigkeit-in-der-schweizer-politik-ankommt\/\" \/>\n<meta property=\"og:locale\" content=\"fr_FR\" \/>\n<meta property=\"og:type\" content=\"article\" \/>\n<meta property=\"og:title\" content=\"Es bewegt sich was: Wie Nachhaltigkeit in der Schweizer Politik ankommt - Organisator\" \/>\n<meta property=\"og:description\" content=\"Nachhaltigkeit wird in der Schweizer Politik zunehmend ber\u00fccksichtigt, gewisse Hindernisse erschweren den Prozess jedoch weiterhin.\" \/>\n<meta property=\"og:url\" content=\"https:\/\/www.organisator.ch\/fr\/sustainability\/2019-07-03\/es-bewegt-sich-was-wie-nachhaltigkeit-in-der-schweizer-politik-ankommt\/\" \/>\n<meta property=\"og:site_name\" content=\"Organisator\" \/>\n<meta property=\"article:publisher\" content=\"https:\/\/www.facebook.com\/OrganisatorFachmagazin\" \/>\n<meta property=\"article:published_time\" content=\"2019-07-03T13:04:22+00:00\" \/>\n<meta property=\"article:modified_time\" content=\"2022-02-09T10:10:05+00:00\" \/>\n<meta property=\"og:image\" content=\"https:\/\/www.organisator.ch\/wp-content\/uploads\/2019\/07\/Bundeshaus_Bern_2009_Flooffy.jpg\" \/>\n\t<meta property=\"og:image:width\" content=\"640\" \/>\n\t<meta property=\"og:image:height\" content=\"422\" \/>\n\t<meta property=\"og:image:type\" content=\"image\/jpeg\" \/>\n<meta name=\"author\" content=\"michael.merz\" \/>\n<meta name=\"twitter:card\" content=\"summary_large_image\" \/>\n<script type=\"application\/ld+json\" class=\"yoast-schema-graph\">{\"@context\":\"https:\\\/\\\/schema.org\",\"@graph\":[{\"@type\":\"Article\",\"@id\":\"https:\\\/\\\/www.organisator.ch\\\/sustainability\\\/2019-07-03\\\/es-bewegt-sich-was-wie-nachhaltigkeit-in-der-schweizer-politik-ankommt\\\/#article\",\"isPartOf\":{\"@id\":\"https:\\\/\\\/www.organisator.ch\\\/sustainability\\\/2019-07-03\\\/es-bewegt-sich-was-wie-nachhaltigkeit-in-der-schweizer-politik-ankommt\\\/\"},\"author\":{\"name\":\"michael.merz\",\"@id\":\"https:\\\/\\\/www.organisator.ch\\\/#\\\/schema\\\/person\\\/134708ca9321c57b0362cceb7948ffbd\"},\"headline\":\"Es bewegt sich was: Wie Nachhaltigkeit in der Schweizer Politik ankommt\",\"datePublished\":\"2019-07-03T13:04:22+00:00\",\"dateModified\":\"2022-02-09T10:10:05+00:00\",\"mainEntityOfPage\":{\"@id\":\"https:\\\/\\\/www.organisator.ch\\\/sustainability\\\/2019-07-03\\\/es-bewegt-sich-was-wie-nachhaltigkeit-in-der-schweizer-politik-ankommt\\\/\"},\"wordCount\":623,\"commentCount\":0,\"publisher\":{\"@id\":\"https:\\\/\\\/www.organisator.ch\\\/#organization\"},\"image\":{\"@id\":\"https:\\\/\\\/www.organisator.ch\\\/sustainability\\\/2019-07-03\\\/es-bewegt-sich-was-wie-nachhaltigkeit-in-der-schweizer-politik-ankommt\\\/#primaryimage\"},\"thumbnailUrl\":\"https:\\\/\\\/www.organisator.ch\\\/wp-content\\\/uploads\\\/2019\\\/07\\\/Bundeshaus_Bern_2009_Flooffy.jpg\",\"keywords\":[\"Initativen\",\"Nachhaltige Lieferketten\",\"Parlament\",\"Schweiz\"],\"articleSection\":[\"SUSTAINABILITY\"],\"inLanguage\":\"fr-FR\"},{\"@type\":\"WebPage\",\"@id\":\"https:\\\/\\\/www.organisator.ch\\\/sustainability\\\/2019-07-03\\\/es-bewegt-sich-was-wie-nachhaltigkeit-in-der-schweizer-politik-ankommt\\\/\",\"url\":\"https:\\\/\\\/www.organisator.ch\\\/sustainability\\\/2019-07-03\\\/es-bewegt-sich-was-wie-nachhaltigkeit-in-der-schweizer-politik-ankommt\\\/\",\"name\":\"Es bewegt sich was: Wie Nachhaltigkeit in der Schweizer Politik ankommt - Organisator\",\"isPartOf\":{\"@id\":\"https:\\\/\\\/www.organisator.ch\\\/#website\"},\"primaryImageOfPage\":{\"@id\":\"https:\\\/\\\/www.organisator.ch\\\/sustainability\\\/2019-07-03\\\/es-bewegt-sich-was-wie-nachhaltigkeit-in-der-schweizer-politik-ankommt\\\/#primaryimage\"},\"image\":{\"@id\":\"https:\\\/\\\/www.organisator.ch\\\/sustainability\\\/2019-07-03\\\/es-bewegt-sich-was-wie-nachhaltigkeit-in-der-schweizer-politik-ankommt\\\/#primaryimage\"},\"thumbnailUrl\":\"https:\\\/\\\/www.organisator.ch\\\/wp-content\\\/uploads\\\/2019\\\/07\\\/Bundeshaus_Bern_2009_Flooffy.jpg\",\"datePublished\":\"2019-07-03T13:04:22+00:00\",\"dateModified\":\"2022-02-09T10:10:05+00:00\",\"description\":\"Nachhaltigkeit wird in der Schweizer Politik zunehmend ber\u00fccksichtigt, gewisse Hindernisse erschweren den Prozess jedoch weiterhin.\",\"breadcrumb\":{\"@id\":\"https:\\\/\\\/www.organisator.ch\\\/sustainability\\\/2019-07-03\\\/es-bewegt-sich-was-wie-nachhaltigkeit-in-der-schweizer-politik-ankommt\\\/#breadcrumb\"},\"inLanguage\":\"fr-FR\",\"potentialAction\":[{\"@type\":\"ReadAction\",\"target\":[\"https:\\\/\\\/www.organisator.ch\\\/sustainability\\\/2019-07-03\\\/es-bewegt-sich-was-wie-nachhaltigkeit-in-der-schweizer-politik-ankommt\\\/\"]}]},{\"@type\":\"ImageObject\",\"inLanguage\":\"fr-FR\",\"@id\":\"https:\\\/\\\/www.organisator.ch\\\/sustainability\\\/2019-07-03\\\/es-bewegt-sich-was-wie-nachhaltigkeit-in-der-schweizer-politik-ankommt\\\/#primaryimage\",\"url\":\"https:\\\/\\\/www.organisator.ch\\\/wp-content\\\/uploads\\\/2019\\\/07\\\/Bundeshaus_Bern_2009_Flooffy.jpg\",\"contentUrl\":\"https:\\\/\\\/www.organisator.ch\\\/wp-content\\\/uploads\\\/2019\\\/07\\\/Bundeshaus_Bern_2009_Flooffy.jpg\",\"width\":640,\"height\":422,\"caption\":\"Der Weg zu einer erfolgreich eingebetteten und wirksamen Nachhaltigkeitsstrategie in der Schweizer Politik ist noch lang. (Bild: wikipedia)\"},{\"@type\":\"BreadcrumbList\",\"@id\":\"https:\\\/\\\/www.organisator.ch\\\/sustainability\\\/2019-07-03\\\/es-bewegt-sich-was-wie-nachhaltigkeit-in-der-schweizer-politik-ankommt\\\/#breadcrumb\",\"itemListElement\":[{\"@type\":\"ListItem\",\"position\":1,\"name\":\"Home\",\"item\":\"https:\\\/\\\/www.organisator.ch\\\/\"},{\"@type\":\"ListItem\",\"position\":2,\"name\":\"Es bewegt sich was: Wie Nachhaltigkeit in der Schweizer Politik ankommt\"}]},{\"@type\":\"WebSite\",\"@id\":\"https:\\\/\\\/www.organisator.ch\\\/#website\",\"url\":\"https:\\\/\\\/www.organisator.ch\\\/\",\"name\":\"Organisator\",\"description\":\"Kompetent. Praxisnah. Der ORGANISATOR bereitet in 10 Ausgaben pro Jahr die wesentlichen Themen f\u00fcr F\u00fchrungskr\u00e4fte von KMU auf.\",\"publisher\":{\"@id\":\"https:\\\/\\\/www.organisator.ch\\\/#organization\"},\"potentialAction\":[{\"@type\":\"SearchAction\",\"target\":{\"@type\":\"EntryPoint\",\"urlTemplate\":\"https:\\\/\\\/www.organisator.ch\\\/?s={search_term_string}\"},\"query-input\":{\"@type\":\"PropertyValueSpecification\",\"valueRequired\":true,\"valueName\":\"search_term_string\"}}],\"inLanguage\":\"fr-FR\"},{\"@type\":\"Organization\",\"@id\":\"https:\\\/\\\/www.organisator.ch\\\/#organization\",\"name\":\"Organisator\",\"url\":\"https:\\\/\\\/www.organisator.ch\\\/\",\"logo\":{\"@type\":\"ImageObject\",\"inLanguage\":\"fr-FR\",\"@id\":\"https:\\\/\\\/www.organisator.ch\\\/#\\\/schema\\\/logo\\\/image\\\/\",\"url\":\"https:\\\/\\\/www.organisator.ch\\\/wp-content\\\/uploads\\\/2022\\\/01\\\/Logo_Organisator_Website.png\",\"contentUrl\":\"https:\\\/\\\/www.organisator.ch\\\/wp-content\\\/uploads\\\/2022\\\/01\\\/Logo_Organisator_Website.png\",\"width\":800,\"height\":77,\"caption\":\"Organisator\"},\"image\":{\"@id\":\"https:\\\/\\\/www.organisator.ch\\\/#\\\/schema\\\/logo\\\/image\\\/\"},\"sameAs\":[\"https:\\\/\\\/www.facebook.com\\\/OrganisatorFachmagazin\",\"https:\\\/\\\/www.linkedin.com\\\/showcase\\\/organisator-das-magazin-fr-kmu\",\"https:\\\/\\\/www.xing.com\\\/news\\\/pages\\\/organisator-ch-695\",\"https:\\\/\\\/www.youtube.com\\\/channel\\\/UCGP2Sq0iWaZwT3BdIAQFYpw\"]},{\"@type\":\"Person\",\"@id\":\"https:\\\/\\\/www.organisator.ch\\\/#\\\/schema\\\/person\\\/134708ca9321c57b0362cceb7948ffbd\",\"name\":\"michael.merz\",\"image\":{\"@type\":\"ImageObject\",\"inLanguage\":\"fr-FR\",\"@id\":\"https:\\\/\\\/secure.gravatar.com\\\/avatar\\\/?s=96&d=mm&r=g\",\"url\":\"https:\\\/\\\/secure.gravatar.com\\\/avatar\\\/?s=96&d=mm&r=g\",\"contentUrl\":\"https:\\\/\\\/secure.gravatar.com\\\/avatar\\\/?s=96&d=mm&r=g\",\"caption\":\"michael.merz\"},\"url\":\"https:\\\/\\\/www.organisator.ch\\\/fr\\\/author\\\/michael-merz\\\/\"}]}<\/script>\n<!-- \/ Yoast SEO plugin. -->","yoast_head_json":{"title":"Les choses bougent : comment la durabilit\u00e9 s'impose dans la politique suisse - Organisateur","description":"La durabilit\u00e9 est de plus en plus prise en compte dans la politique suisse, mais certains obstacles continuent de compliquer le processus.","robots":{"index":"index","follow":"follow","max-snippet":"max-snippet:-1","max-image-preview":"max-image-preview:large","max-video-preview":"max-video-preview:-1"},"canonical":"https:\/\/www.organisator.ch\/fr\/sustainability\/2019-07-03\/es-bewegt-sich-was-wie-nachhaltigkeit-in-der-schweizer-politik-ankommt\/","og_locale":"fr_FR","og_type":"article","og_title":"Es bewegt sich was: Wie Nachhaltigkeit in der Schweizer Politik ankommt - Organisator","og_description":"Nachhaltigkeit wird in der Schweizer Politik zunehmend ber\u00fccksichtigt, gewisse Hindernisse erschweren den Prozess jedoch weiterhin.","og_url":"https:\/\/www.organisator.ch\/fr\/sustainability\/2019-07-03\/es-bewegt-sich-was-wie-nachhaltigkeit-in-der-schweizer-politik-ankommt\/","og_site_name":"Organisator","article_publisher":"https:\/\/www.facebook.com\/OrganisatorFachmagazin","article_published_time":"2019-07-03T13:04:22+00:00","article_modified_time":"2022-02-09T10:10:05+00:00","og_image":[{"width":640,"height":422,"url":"https:\/\/www.organisator.ch\/wp-content\/uploads\/2019\/07\/Bundeshaus_Bern_2009_Flooffy.jpg","type":"image\/jpeg"}],"author":"michael.merz","twitter_card":"summary_large_image","schema":{"@context":"https:\/\/schema.org","@graph":[{"@type":"Article","@id":"https:\/\/www.organisator.ch\/sustainability\/2019-07-03\/es-bewegt-sich-was-wie-nachhaltigkeit-in-der-schweizer-politik-ankommt\/#article","isPartOf":{"@id":"https:\/\/www.organisator.ch\/sustainability\/2019-07-03\/es-bewegt-sich-was-wie-nachhaltigkeit-in-der-schweizer-politik-ankommt\/"},"author":{"name":"michael.merz","@id":"https:\/\/www.organisator.ch\/#\/schema\/person\/134708ca9321c57b0362cceb7948ffbd"},"headline":"Es bewegt sich was: Wie Nachhaltigkeit in der Schweizer Politik ankommt","datePublished":"2019-07-03T13:04:22+00:00","dateModified":"2022-02-09T10:10:05+00:00","mainEntityOfPage":{"@id":"https:\/\/www.organisator.ch\/sustainability\/2019-07-03\/es-bewegt-sich-was-wie-nachhaltigkeit-in-der-schweizer-politik-ankommt\/"},"wordCount":623,"commentCount":0,"publisher":{"@id":"https:\/\/www.organisator.ch\/#organization"},"image":{"@id":"https:\/\/www.organisator.ch\/sustainability\/2019-07-03\/es-bewegt-sich-was-wie-nachhaltigkeit-in-der-schweizer-politik-ankommt\/#primaryimage"},"thumbnailUrl":"https:\/\/www.organisator.ch\/wp-content\/uploads\/2019\/07\/Bundeshaus_Bern_2009_Flooffy.jpg","keywords":["Initativen","Nachhaltige Lieferketten","Parlament","Schweiz"],"articleSection":["SUSTAINABILITY"],"inLanguage":"fr-FR"},{"@type":"WebPage","@id":"https:\/\/www.organisator.ch\/sustainability\/2019-07-03\/es-bewegt-sich-was-wie-nachhaltigkeit-in-der-schweizer-politik-ankommt\/","url":"https:\/\/www.organisator.ch\/sustainability\/2019-07-03\/es-bewegt-sich-was-wie-nachhaltigkeit-in-der-schweizer-politik-ankommt\/","name":"Les choses bougent : comment la durabilit\u00e9 s'impose dans la politique suisse - Organisateur","isPartOf":{"@id":"https:\/\/www.organisator.ch\/#website"},"primaryImageOfPage":{"@id":"https:\/\/www.organisator.ch\/sustainability\/2019-07-03\/es-bewegt-sich-was-wie-nachhaltigkeit-in-der-schweizer-politik-ankommt\/#primaryimage"},"image":{"@id":"https:\/\/www.organisator.ch\/sustainability\/2019-07-03\/es-bewegt-sich-was-wie-nachhaltigkeit-in-der-schweizer-politik-ankommt\/#primaryimage"},"thumbnailUrl":"https:\/\/www.organisator.ch\/wp-content\/uploads\/2019\/07\/Bundeshaus_Bern_2009_Flooffy.jpg","datePublished":"2019-07-03T13:04:22+00:00","dateModified":"2022-02-09T10:10:05+00:00","description":"La durabilit\u00e9 est de plus en plus prise en compte dans la politique suisse, mais certains obstacles continuent de compliquer le processus.","breadcrumb":{"@id":"https:\/\/www.organisator.ch\/sustainability\/2019-07-03\/es-bewegt-sich-was-wie-nachhaltigkeit-in-der-schweizer-politik-ankommt\/#breadcrumb"},"inLanguage":"fr-FR","potentialAction":[{"@type":"ReadAction","target":["https:\/\/www.organisator.ch\/sustainability\/2019-07-03\/es-bewegt-sich-was-wie-nachhaltigkeit-in-der-schweizer-politik-ankommt\/"]}]},{"@type":"ImageObject","inLanguage":"fr-FR","@id":"https:\/\/www.organisator.ch\/sustainability\/2019-07-03\/es-bewegt-sich-was-wie-nachhaltigkeit-in-der-schweizer-politik-ankommt\/#primaryimage","url":"https:\/\/www.organisator.ch\/wp-content\/uploads\/2019\/07\/Bundeshaus_Bern_2009_Flooffy.jpg","contentUrl":"https:\/\/www.organisator.ch\/wp-content\/uploads\/2019\/07\/Bundeshaus_Bern_2009_Flooffy.jpg","width":640,"height":422,"caption":"Der Weg zu einer erfolgreich eingebetteten und wirksamen Nachhaltigkeitsstrategie in der Schweizer Politik ist noch lang. (Bild: wikipedia)"},{"@type":"BreadcrumbList","@id":"https:\/\/www.organisator.ch\/sustainability\/2019-07-03\/es-bewegt-sich-was-wie-nachhaltigkeit-in-der-schweizer-politik-ankommt\/#breadcrumb","itemListElement":[{"@type":"ListItem","position":1,"name":"Home","item":"https:\/\/www.organisator.ch\/"},{"@type":"ListItem","position":2,"name":"Es bewegt sich was: Wie Nachhaltigkeit in der Schweizer Politik ankommt"}]},{"@type":"WebSite","@id":"https:\/\/www.organisator.ch\/#website","url":"https:\/\/www.organisator.ch\/","name":"Organisateur","description":"Comp\u00e9tence et comp\u00e9tence. Proches de la pratique. L'ORGANISATEUR pr\u00e9pare 10 num\u00e9ros par an sur les th\u00e8mes essentiels pour les dirigeants de PME.","publisher":{"@id":"https:\/\/www.organisator.ch\/#organization"},"potentialAction":[{"@type":"SearchAction","target":{"@type":"EntryPoint","urlTemplate":"https:\/\/www.organisator.ch\/?s={search_term_string}"},"query-input":{"@type":"PropertyValueSpecification","valueRequired":true,"valueName":"search_term_string"}}],"inLanguage":"fr-FR"},{"@type":"Organization","@id":"https:\/\/www.organisator.ch\/#organization","name":"Organisateur","url":"https:\/\/www.organisator.ch\/","logo":{"@type":"ImageObject","inLanguage":"fr-FR","@id":"https:\/\/www.organisator.ch\/#\/schema\/logo\/image\/","url":"https:\/\/www.organisator.ch\/wp-content\/uploads\/2022\/01\/Logo_Organisator_Website.png","contentUrl":"https:\/\/www.organisator.ch\/wp-content\/uploads\/2022\/01\/Logo_Organisator_Website.png","width":800,"height":77,"caption":"Organisator"},"image":{"@id":"https:\/\/www.organisator.ch\/#\/schema\/logo\/image\/"},"sameAs":["https:\/\/www.facebook.com\/OrganisatorFachmagazin","https:\/\/www.linkedin.com\/showcase\/organisator-das-magazin-fr-kmu","https:\/\/www.xing.com\/news\/pages\/organisator-ch-695","https:\/\/www.youtube.com\/channel\/UCGP2Sq0iWaZwT3BdIAQFYpw"]},{"@type":"Person","@id":"https:\/\/www.organisator.ch\/#\/schema\/person\/134708ca9321c57b0362cceb7948ffbd","name":"michael.merz","image":{"@type":"ImageObject","inLanguage":"fr-FR","@id":"https:\/\/secure.gravatar.com\/avatar\/?s=96&d=mm&r=g","url":"https:\/\/secure.gravatar.com\/avatar\/?s=96&d=mm&r=g","contentUrl":"https:\/\/secure.gravatar.com\/avatar\/?s=96&d=mm&r=g","caption":"michael.merz"},"url":"https:\/\/www.organisator.ch\/fr\/author\/michael-merz\/"}]}},"_links":{"self":[{"href":"https:\/\/www.organisator.ch\/fr\/wp-json\/wp\/v2\/posts\/10094","targetHints":{"allow":["GET"]}}],"collection":[{"href":"https:\/\/www.organisator.ch\/fr\/wp-json\/wp\/v2\/posts"}],"about":[{"href":"https:\/\/www.organisator.ch\/fr\/wp-json\/wp\/v2\/types\/post"}],"author":[{"embeddable":true,"href":"https:\/\/www.organisator.ch\/fr\/wp-json\/wp\/v2\/users\/5"}],"replies":[{"embeddable":true,"href":"https:\/\/www.organisator.ch\/fr\/wp-json\/wp\/v2\/comments?post=10094"}],"version-history":[{"count":1,"href":"https:\/\/www.organisator.ch\/fr\/wp-json\/wp\/v2\/posts\/10094\/revisions"}],"predecessor-version":[{"id":10894,"href":"https:\/\/www.organisator.ch\/fr\/wp-json\/wp\/v2\/posts\/10094\/revisions\/10894"}],"wp:featuredmedia":[{"embeddable":true,"href":"https:\/\/www.organisator.ch\/fr\/wp-json\/wp\/v2\/media\/9621"}],"wp:attachment":[{"href":"https:\/\/www.organisator.ch\/fr\/wp-json\/wp\/v2\/media?parent=10094"}],"wp:term":[{"taxonomy":"category","embeddable":true,"href":"https:\/\/www.organisator.ch\/fr\/wp-json\/wp\/v2\/categories?post=10094"},{"taxonomy":"post_tag","embeddable":true,"href":"https:\/\/www.organisator.ch\/fr\/wp-json\/wp\/v2\/tags?post=10094"}],"curies":[{"name":"wp","href":"https:\/\/api.w.org\/{rel}","templated":true}]}}