{"id":10097,"date":"2019-07-11T12:40:34","date_gmt":"2019-07-11T10:40:34","guid":{"rendered":"https:\/\/www.umweltperspektiven.ch\/?p=2295"},"modified":"2022-02-09T11:06:16","modified_gmt":"2022-02-09T10:06:16","slug":"solarstrom-direkt-vom-nachbarn","status":"publish","type":"post","link":"https:\/\/www.organisator.ch\/fr\/sustainability\/2019-07-11\/solarstrom-direkt-vom-nachbarn\/","title":{"rendered":"De l'\u00e9lectricit\u00e9 solaire directement du voisin"},"content":{"rendered":"<div class=\"basecomponent textimage\">\n<div class=\"\">\n<div class=\"textimage\">\n<figure id=\"attachment_2296\" aria-describedby=\"caption-attachment-2296\" style=\"width: 680px\" class=\"wp-caption alignnone\"><img loading=\"lazy\" decoding=\"async\" class=\"size-medium wp-image-2296\" src=\"\/\/www.umweltperspektiven.ch\/wp-content\/uploads\/2019\/07\/image.imageformat.fullwidth.828050525.jpg\" alt=\"\" width=\"680\" height=\"466\" \/><figcaption id=\"caption-attachment-2296\" class=\"wp-caption-text\">Si l'\u00e9lectricit\u00e9 est produite et distribu\u00e9e au sein du quartier, il est moins n\u00e9cessaire d'en acheter \u00e0 l'ext\u00e9rieur. (Image : ETH)<\/figcaption><\/figure>\n<p>En d\u00e9cembre 2018 a \u00e9t\u00e9 donn\u00e9 le coup d'envoi d'une exp\u00e9rience unique en Suisse en mati\u00e8re d'\u00e9lectricit\u00e9 solaire : dans le quartier de Schwemmiweg \u00e0 Walenstadt, 37 m\u00e9nages se sont regroup\u00e9s pour cr\u00e9er un march\u00e9 local de l'\u00e9lectricit\u00e9. Les propri\u00e9taires d'installations photovolta\u00efques peuvent vendre l'\u00e9lectricit\u00e9 qu'ils produisent \u00e0 leurs propres voisins, sans passer par le fournisseur d'\u00e9nergie. Les m\u00e9nages sans installation solaire peuvent acheter de l'\u00e9lectricit\u00e9 propre \u00e0 proximit\u00e9. Les participants d\u00e9terminent eux-m\u00eames le prix, en fonction de l'offre et de la demande.<\/p>\n<p>Si l'\u00e9lectricit\u00e9 est produite et distribu\u00e9e au sein du quartier, il est moins n\u00e9cessaire d'en acheter \u00e0 l'ext\u00e9rieur. Et le commerce d'\u00e9lectricit\u00e9 entre m\u00e9nages offre d'autres avantages : \"Par exemple, les producteurs peuvent obtenir des prix nettement sup\u00e9rieurs au tarif d'injection dans le r\u00e9seau et amortir ainsi plus rapidement leurs installations\", explique Sandro Schopfer du Bits to Energy Lab de l'EPF. Il dirige le projet \"Quartierstrom\", auquel participent, outre l'Universit\u00e9 de Saint-Gall et d'autres partenaires, le fournisseur d'\u00e9nergie local, la soci\u00e9t\u00e9 Wasser- und Elektrizit\u00e4tswerk Walenstadt, qui met son r\u00e9seau de distribution \u00e0 disposition pour le commerce local pendant l'essai pilote. L'Office f\u00e9d\u00e9ral de l'\u00e9nergie soutient \"Quartierstrom\" dans le cadre d'un programme pilote, de d\u00e9monstration et phare.<\/p>\n<h2>Incitation pour les producteurs priv\u00e9s<\/h2>\n<p>Le projet permet d'exp\u00e9rimenter ce \u00e0 quoi pourrait ressembler le march\u00e9 de l'\u00e9lectricit\u00e9 de demain. En effet, le tournant \u00e9nerg\u00e9tique implique une d\u00e9centralisation croissante de la production d'\u00e9lectricit\u00e9 - loin des grandes centrales \u00e9lectriques centralis\u00e9es, vers de nombreux petits producteurs, souvent priv\u00e9s. \"Ceux-ci n'ont aujourd'hui pratiquement aucune possibilit\u00e9 de commercialiser librement leur \u00e9lectricit\u00e9\", explique Schopfer. En r\u00e8gle g\u00e9n\u00e9rale, ils doivent vendre leurs exc\u00e9dents au fournisseur d'\u00e9nergie au tarif de rachat, et l'\u00e9lectricit\u00e9 est inject\u00e9e dans le r\u00e9seau public. Le paradoxe : d'un point de vue physique, ce courant atterrit d\u00e9j\u00e0 chez le voisin, car les \u00e9lectrons cherchent toujours le chemin le plus court. \"Mais le march\u00e9 ne refl\u00e8te pas cela\", explique Schopfer. Une participation des producteurs priv\u00e9s au commerce pourrait cr\u00e9er des incitations financi\u00e8res et favoriser la vente d'\u00e9nergie propre produite localement.<\/p>\n<p>Le projet d'\u00e9lectricit\u00e9 de quartier doit montrer si c'est effectivement le cas. Parmi les participants, 28 poss\u00e8dent leur propre installation photovolta\u00efque, neuf sont de simples consommateurs, dont une maison de retraite. Les installations fournissent environ 300 000 kWh d'\u00e9lectricit\u00e9 par an, les besoins r\u00e9els de la communaut\u00e9 se situant autour de 250 000 kWh. Plusieurs accumulateurs \u00e0 batterie servent de tampon. Des compteurs intelligents sp\u00e9cialement install\u00e9s - une variante de l'ordinateur \u00e0 petit budget Raspberry Pi - mesurent en continu la production et la consommation de chaque foyer. Un logiciel sp\u00e9cialement d\u00e9velopp\u00e9 \u00e0 cet effet et install\u00e9 sur les appareils g\u00e8re le commerce directement sur place. Celui-ci est bas\u00e9 sur la technologie blockchain, utilis\u00e9e pour les transactions infalsifiables au sein des r\u00e9seaux.<\/p>\n<h2>Lucratif pour les deux parties<\/h2>\n<p>Dans une application, les participants fixent des limites de prix : les producteurs leur prix d'offre, les consommateurs leur prix d'achat. Un algorithme d\u00e9termine toutes les 15 minutes qui peut acheter \u00e0 qui. Il apparie \u00e0 chaque fois le fournisseur le moins cher avec l'acheteur le plus offrant. Ceux qui ne trouvent pas de partenaire commercial ach\u00e8tent de l'\u00e9lectricit\u00e9 au fournisseur d'\u00e9nergie au tarif local.<\/p>\n<p>Les prix du march\u00e9 de l'\u00e9lectricit\u00e9 de quartier fluctuent en fonction de l'offre et de la demande. Les exp\u00e9riences faites jusqu'\u00e0 pr\u00e9sent montrent qu'ils se stabilisent entre le tarif d'injection de 4 centimes et le prix de l'\u00e9lectricit\u00e9 du fournisseur d'\u00e9nergie, soit 20,75 centimes par kWh. \"C'est lucratif, aussi bien pour les producteurs que pour les consommateurs\", explique Liliane Ableitner, doctorante \u00e0 l'EPFZ, qui \u00e9tudie le comportement des utilisateurs et l'acceptation dans le cadre du projet. Elle est tr\u00e8s satisfaite de la participation des utilisateurs au commerce. \"Beaucoup se connectent \u00e0 l'application plus souvent que pr\u00e9vu\".<\/p>\n<p>M\u00eame si les r\u00e9sultats d\u00e9taill\u00e9s ne seront disponibles qu'\u00e0 la fin du projet, en janvier 2020, il appara\u00eet d\u00e9j\u00e0 que le commerce augmente la consommation propre au sein de la communaut\u00e9. Par exemple, au cours des deux premi\u00e8res semaines de f\u00e9vrier 2019, plus de 80 % de l'\u00e9lectricit\u00e9 solaire produite a \u00e9t\u00e9 autoconsomm\u00e9e dans le quartier. \u00c0 titre de comparaison, sans regroupement, un m\u00e9nage individuel ne peut utiliser lui-m\u00eame qu'environ 30 pour cent de l'\u00e9lectricit\u00e9 qu'il produit.<\/p>\n<h2>Les fournisseurs d'\u00e9nergie en tant qu'assureurs<\/h2>\n<p>Mais malgr\u00e9 un taux d'auto-approvisionnement plus \u00e9lev\u00e9, le quartier reste tributaire du fournisseur d'\u00e9nergie local. Celui-ci ne se contente pas d'absorber les exc\u00e9dents d'\u00e9lectricit\u00e9, il en fournit \u00e9galement lorsque le soleil ne brille pas et que les besoins sont \u00e9lev\u00e9s. \"Dans ce sc\u00e9nario, le fournisseur d'\u00e9nergie jouera \u00e0 l'avenir le r\u00f4le d'un assureur\", explique Ableitner. Elle est convaincue que le changement sur le march\u00e9 de l'\u00e9lectricit\u00e9 ne pourra pas \u00eatre arr\u00eat\u00e9. Les responsables de la compagnie d'eau et d'\u00e9lectricit\u00e9 de Walenstadt, qui ont pu \u00eatre gagn\u00e9s au projet, sont du m\u00eame avis. Ils esp\u00e8rent avoir un aper\u00e7u des nouveaux mod\u00e8les commerciaux et participer d\u00e8s le d\u00e9but \u00e0 leur d\u00e9veloppement.<\/p>\n<p>Dans une prochaine \u00e9tape, les chercheurs \u00e9tudieront comment le stockage par batterie et les charges utilisables de mani\u00e8re flexible, comme les pompes \u00e0 chaleur ou les voitures \u00e9lectriques, peuvent \u00eatre utilis\u00e9s pour compenser les fluctuations de production. \"Cela est beaucoup plus possible au sein d'une communaut\u00e9 qu'au sein d'un m\u00e9nage individuel\", explique Schopfer. En stockant l'\u00e9lectricit\u00e9 exc\u00e9dentaire sur place et en la r\u00e9utilisant plus tard, il est en outre possible d'augmenter encore le taux d'auto-approvisionnement. \"Notre objectif est de faire en sorte que le moins d'\u00e9lectricit\u00e9 possible sorte du quartier\".<a name=\"news_content_textimage_1310225617\"><\/a><\/p>\n<\/div>\n<\/div>\n<\/div>\n<div class=\"basecomponent textimage\">\n<div class=\"\">\n<div class=\"textimage\">\n<p><i>Ce texte est paru dans le dernier num\u00e9ro du magazine de l'ETH <a href=\"\/\/ethz.ch\/de\/news-und-veranstaltungen\/globe.html\">Globe<\/a> est paru.<\/i><\/p>\n<\/div>\n<\/div>\n<\/div>","protected":false},"excerpt":{"rendered":"<p>Im Dezember 2018 fiel der Startschuss zu einem schweizweit einzigartigen Solarstrom-Experiment: Im Quartier Schwemmiweg in Walenstadt haben sich 37 Haushalte zu einem lokalen Strommarkt zusammengeschlossen. Besitzerinnen und Besitzer von Photovoltaikanlagen k\u00f6nnen ihren selbst erzeugten Strom an die eigenen Nachbarn verkaufen, ohne Umweg \u00fcber den Energieversorger. Haushalte ohne Solaranlage k\u00f6nnen sauberen Strom aus n\u00e4chster N\u00e4he beziehen. [&hellip;]<\/p>\n","protected":false},"author":5,"featured_media":9624,"comment_status":"open","ping_status":"open","sticky":false,"template":"","format":"standard","meta":{"_acf_changed":false,"_yoast_wpseo_focuskw":"Solarstrom","_yoast_wpseo_metadesc":"L\u00e4sst sich der Absatz von lokal produziertem Solarstrom steigern, wenn Haushalte ihn untereinander handeln d\u00fcrfen? Ein ETH Projekt gibt Antwort.","articlekey":"","footnotes":""},"categories":[580],"tags":[2149,2222],"class_list":["post-10097","post","type-post","status-publish","format-standard","has-post-thumbnail","hentry","category-sustainability","tag-solarstrom","tag-stromprojekt"],"acf":[],"yoast_head":"<!-- This site is optimized with the Yoast SEO plugin v27.5 - https:\/\/yoast.com\/product\/yoast-seo-wordpress\/ -->\n<title>Solarstrom direkt vom Nachbarn - Organisator<\/title>\n<meta name=\"description\" content=\"L\u00e4sst sich der Absatz von lokal produziertem Solarstrom steigern, wenn Haushalte ihn untereinander handeln d\u00fcrfen? Ein ETH Projekt gibt Antwort.\" \/>\n<meta name=\"robots\" content=\"index, follow, max-snippet:-1, max-image-preview:large, max-video-preview:-1\" \/>\n<link rel=\"canonical\" href=\"https:\/\/www.organisator.ch\/fr\/sustainability\/2019-07-11\/solarstrom-direkt-vom-nachbarn\/\" \/>\n<meta property=\"og:locale\" content=\"fr_FR\" \/>\n<meta property=\"og:type\" content=\"article\" \/>\n<meta property=\"og:title\" content=\"Solarstrom direkt vom Nachbarn - Organisator\" \/>\n<meta property=\"og:description\" content=\"L\u00e4sst sich der Absatz von lokal produziertem Solarstrom steigern, wenn Haushalte ihn untereinander handeln d\u00fcrfen? Ein ETH Projekt gibt Antwort.\" \/>\n<meta property=\"og:url\" content=\"https:\/\/www.organisator.ch\/fr\/sustainability\/2019-07-11\/solarstrom-direkt-vom-nachbarn\/\" \/>\n<meta property=\"og:site_name\" content=\"Organisator\" \/>\n<meta property=\"article:publisher\" content=\"https:\/\/www.facebook.com\/OrganisatorFachmagazin\" \/>\n<meta property=\"article:published_time\" content=\"2019-07-11T10:40:34+00:00\" \/>\n<meta property=\"article:modified_time\" content=\"2022-02-09T10:06:16+00:00\" \/>\n<meta property=\"og:image\" content=\"https:\/\/www.organisator.ch\/wp-content\/uploads\/2019\/07\/image.imageformat.fullwidth.828050525.jpg\" \/>\n\t<meta property=\"og:image:width\" content=\"930\" \/>\n\t<meta property=\"og:image:height\" content=\"638\" \/>\n\t<meta property=\"og:image:type\" content=\"image\/jpeg\" \/>\n<meta name=\"author\" content=\"michael.merz\" \/>\n<meta name=\"twitter:card\" content=\"summary_large_image\" \/>\n<script type=\"application\/ld+json\" class=\"yoast-schema-graph\">{\"@context\":\"https:\\\/\\\/schema.org\",\"@graph\":[{\"@type\":\"Article\",\"@id\":\"https:\\\/\\\/www.organisator.ch\\\/sustainability\\\/2019-07-11\\\/solarstrom-direkt-vom-nachbarn\\\/#article\",\"isPartOf\":{\"@id\":\"https:\\\/\\\/www.organisator.ch\\\/sustainability\\\/2019-07-11\\\/solarstrom-direkt-vom-nachbarn\\\/\"},\"author\":{\"name\":\"michael.merz\",\"@id\":\"https:\\\/\\\/www.organisator.ch\\\/#\\\/schema\\\/person\\\/134708ca9321c57b0362cceb7948ffbd\"},\"headline\":\"Solarstrom direkt vom Nachbarn\",\"datePublished\":\"2019-07-11T10:40:34+00:00\",\"dateModified\":\"2022-02-09T10:06:16+00:00\",\"mainEntityOfPage\":{\"@id\":\"https:\\\/\\\/www.organisator.ch\\\/sustainability\\\/2019-07-11\\\/solarstrom-direkt-vom-nachbarn\\\/\"},\"wordCount\":811,\"commentCount\":0,\"publisher\":{\"@id\":\"https:\\\/\\\/www.organisator.ch\\\/#organization\"},\"image\":{\"@id\":\"https:\\\/\\\/www.organisator.ch\\\/sustainability\\\/2019-07-11\\\/solarstrom-direkt-vom-nachbarn\\\/#primaryimage\"},\"thumbnailUrl\":\"https:\\\/\\\/www.organisator.ch\\\/wp-content\\\/uploads\\\/2019\\\/07\\\/image.imageformat.fullwidth.828050525.jpg\",\"keywords\":[\"Solarstrom\",\"Stromprojekt\"],\"articleSection\":[\"SUSTAINABILITY\"],\"inLanguage\":\"fr-FR\"},{\"@type\":\"WebPage\",\"@id\":\"https:\\\/\\\/www.organisator.ch\\\/sustainability\\\/2019-07-11\\\/solarstrom-direkt-vom-nachbarn\\\/\",\"url\":\"https:\\\/\\\/www.organisator.ch\\\/sustainability\\\/2019-07-11\\\/solarstrom-direkt-vom-nachbarn\\\/\",\"name\":\"Solarstrom direkt vom Nachbarn - Organisator\",\"isPartOf\":{\"@id\":\"https:\\\/\\\/www.organisator.ch\\\/#website\"},\"primaryImageOfPage\":{\"@id\":\"https:\\\/\\\/www.organisator.ch\\\/sustainability\\\/2019-07-11\\\/solarstrom-direkt-vom-nachbarn\\\/#primaryimage\"},\"image\":{\"@id\":\"https:\\\/\\\/www.organisator.ch\\\/sustainability\\\/2019-07-11\\\/solarstrom-direkt-vom-nachbarn\\\/#primaryimage\"},\"thumbnailUrl\":\"https:\\\/\\\/www.organisator.ch\\\/wp-content\\\/uploads\\\/2019\\\/07\\\/image.imageformat.fullwidth.828050525.jpg\",\"datePublished\":\"2019-07-11T10:40:34+00:00\",\"dateModified\":\"2022-02-09T10:06:16+00:00\",\"description\":\"L\u00e4sst sich der Absatz von lokal produziertem Solarstrom steigern, wenn Haushalte ihn untereinander handeln d\u00fcrfen? Ein ETH Projekt gibt Antwort.\",\"breadcrumb\":{\"@id\":\"https:\\\/\\\/www.organisator.ch\\\/sustainability\\\/2019-07-11\\\/solarstrom-direkt-vom-nachbarn\\\/#breadcrumb\"},\"inLanguage\":\"fr-FR\",\"potentialAction\":[{\"@type\":\"ReadAction\",\"target\":[\"https:\\\/\\\/www.organisator.ch\\\/sustainability\\\/2019-07-11\\\/solarstrom-direkt-vom-nachbarn\\\/\"]}]},{\"@type\":\"ImageObject\",\"inLanguage\":\"fr-FR\",\"@id\":\"https:\\\/\\\/www.organisator.ch\\\/sustainability\\\/2019-07-11\\\/solarstrom-direkt-vom-nachbarn\\\/#primaryimage\",\"url\":\"https:\\\/\\\/www.organisator.ch\\\/wp-content\\\/uploads\\\/2019\\\/07\\\/image.imageformat.fullwidth.828050525.jpg\",\"contentUrl\":\"https:\\\/\\\/www.organisator.ch\\\/wp-content\\\/uploads\\\/2019\\\/07\\\/image.imageformat.fullwidth.828050525.jpg\",\"width\":930,\"height\":638,\"caption\":\"Wenn Strom innerhalb des Quartiers erzeugt und verteilt wird, muss weniger von aussen bezogen werden. (Bild: ETH)\"},{\"@type\":\"BreadcrumbList\",\"@id\":\"https:\\\/\\\/www.organisator.ch\\\/sustainability\\\/2019-07-11\\\/solarstrom-direkt-vom-nachbarn\\\/#breadcrumb\",\"itemListElement\":[{\"@type\":\"ListItem\",\"position\":1,\"name\":\"Home\",\"item\":\"https:\\\/\\\/www.organisator.ch\\\/\"},{\"@type\":\"ListItem\",\"position\":2,\"name\":\"Solarstrom direkt vom Nachbarn\"}]},{\"@type\":\"WebSite\",\"@id\":\"https:\\\/\\\/www.organisator.ch\\\/#website\",\"url\":\"https:\\\/\\\/www.organisator.ch\\\/\",\"name\":\"Organisator\",\"description\":\"Kompetent. Praxisnah. Der ORGANISATOR bereitet in 10 Ausgaben pro Jahr die wesentlichen Themen f\u00fcr F\u00fchrungskr\u00e4fte von KMU auf.\",\"publisher\":{\"@id\":\"https:\\\/\\\/www.organisator.ch\\\/#organization\"},\"potentialAction\":[{\"@type\":\"SearchAction\",\"target\":{\"@type\":\"EntryPoint\",\"urlTemplate\":\"https:\\\/\\\/www.organisator.ch\\\/?s={search_term_string}\"},\"query-input\":{\"@type\":\"PropertyValueSpecification\",\"valueRequired\":true,\"valueName\":\"search_term_string\"}}],\"inLanguage\":\"fr-FR\"},{\"@type\":\"Organization\",\"@id\":\"https:\\\/\\\/www.organisator.ch\\\/#organization\",\"name\":\"Organisator\",\"url\":\"https:\\\/\\\/www.organisator.ch\\\/\",\"logo\":{\"@type\":\"ImageObject\",\"inLanguage\":\"fr-FR\",\"@id\":\"https:\\\/\\\/www.organisator.ch\\\/#\\\/schema\\\/logo\\\/image\\\/\",\"url\":\"https:\\\/\\\/www.organisator.ch\\\/wp-content\\\/uploads\\\/2022\\\/01\\\/Logo_Organisator_Website.png\",\"contentUrl\":\"https:\\\/\\\/www.organisator.ch\\\/wp-content\\\/uploads\\\/2022\\\/01\\\/Logo_Organisator_Website.png\",\"width\":800,\"height\":77,\"caption\":\"Organisator\"},\"image\":{\"@id\":\"https:\\\/\\\/www.organisator.ch\\\/#\\\/schema\\\/logo\\\/image\\\/\"},\"sameAs\":[\"https:\\\/\\\/www.facebook.com\\\/OrganisatorFachmagazin\",\"https:\\\/\\\/www.linkedin.com\\\/showcase\\\/organisator-das-magazin-fr-kmu\",\"https:\\\/\\\/www.xing.com\\\/news\\\/pages\\\/organisator-ch-695\",\"https:\\\/\\\/www.youtube.com\\\/channel\\\/UCGP2Sq0iWaZwT3BdIAQFYpw\"]},{\"@type\":\"Person\",\"@id\":\"https:\\\/\\\/www.organisator.ch\\\/#\\\/schema\\\/person\\\/134708ca9321c57b0362cceb7948ffbd\",\"name\":\"michael.merz\",\"image\":{\"@type\":\"ImageObject\",\"inLanguage\":\"fr-FR\",\"@id\":\"https:\\\/\\\/secure.gravatar.com\\\/avatar\\\/?s=96&d=mm&r=g\",\"url\":\"https:\\\/\\\/secure.gravatar.com\\\/avatar\\\/?s=96&d=mm&r=g\",\"contentUrl\":\"https:\\\/\\\/secure.gravatar.com\\\/avatar\\\/?s=96&d=mm&r=g\",\"caption\":\"michael.merz\"},\"url\":\"https:\\\/\\\/www.organisator.ch\\\/fr\\\/author\\\/michael-merz\\\/\"}]}<\/script>\n<!-- \/ Yoast SEO plugin. -->","yoast_head_json":{"title":"De l'\u00e9lectricit\u00e9 solaire directement du voisin - Organisateur","description":"Est-il possible d'augmenter les ventes d'\u00e9lectricit\u00e9 solaire produite localement si les m\u00e9nages peuvent l'\u00e9changer entre eux ? Un projet de l'EPFZ r\u00e9pond \u00e0 cette question.","robots":{"index":"index","follow":"follow","max-snippet":"max-snippet:-1","max-image-preview":"max-image-preview:large","max-video-preview":"max-video-preview:-1"},"canonical":"https:\/\/www.organisator.ch\/fr\/sustainability\/2019-07-11\/solarstrom-direkt-vom-nachbarn\/","og_locale":"fr_FR","og_type":"article","og_title":"Solarstrom direkt vom Nachbarn - Organisator","og_description":"L\u00e4sst sich der Absatz von lokal produziertem Solarstrom steigern, wenn Haushalte ihn untereinander handeln d\u00fcrfen? Ein ETH Projekt gibt Antwort.","og_url":"https:\/\/www.organisator.ch\/fr\/sustainability\/2019-07-11\/solarstrom-direkt-vom-nachbarn\/","og_site_name":"Organisator","article_publisher":"https:\/\/www.facebook.com\/OrganisatorFachmagazin","article_published_time":"2019-07-11T10:40:34+00:00","article_modified_time":"2022-02-09T10:06:16+00:00","og_image":[{"width":930,"height":638,"url":"https:\/\/www.organisator.ch\/wp-content\/uploads\/2019\/07\/image.imageformat.fullwidth.828050525.jpg","type":"image\/jpeg"}],"author":"michael.merz","twitter_card":"summary_large_image","schema":{"@context":"https:\/\/schema.org","@graph":[{"@type":"Article","@id":"https:\/\/www.organisator.ch\/sustainability\/2019-07-11\/solarstrom-direkt-vom-nachbarn\/#article","isPartOf":{"@id":"https:\/\/www.organisator.ch\/sustainability\/2019-07-11\/solarstrom-direkt-vom-nachbarn\/"},"author":{"name":"michael.merz","@id":"https:\/\/www.organisator.ch\/#\/schema\/person\/134708ca9321c57b0362cceb7948ffbd"},"headline":"Solarstrom direkt vom Nachbarn","datePublished":"2019-07-11T10:40:34+00:00","dateModified":"2022-02-09T10:06:16+00:00","mainEntityOfPage":{"@id":"https:\/\/www.organisator.ch\/sustainability\/2019-07-11\/solarstrom-direkt-vom-nachbarn\/"},"wordCount":811,"commentCount":0,"publisher":{"@id":"https:\/\/www.organisator.ch\/#organization"},"image":{"@id":"https:\/\/www.organisator.ch\/sustainability\/2019-07-11\/solarstrom-direkt-vom-nachbarn\/#primaryimage"},"thumbnailUrl":"https:\/\/www.organisator.ch\/wp-content\/uploads\/2019\/07\/image.imageformat.fullwidth.828050525.jpg","keywords":["Solarstrom","Stromprojekt"],"articleSection":["SUSTAINABILITY"],"inLanguage":"fr-FR"},{"@type":"WebPage","@id":"https:\/\/www.organisator.ch\/sustainability\/2019-07-11\/solarstrom-direkt-vom-nachbarn\/","url":"https:\/\/www.organisator.ch\/sustainability\/2019-07-11\/solarstrom-direkt-vom-nachbarn\/","name":"De l'\u00e9lectricit\u00e9 solaire directement du voisin - Organisateur","isPartOf":{"@id":"https:\/\/www.organisator.ch\/#website"},"primaryImageOfPage":{"@id":"https:\/\/www.organisator.ch\/sustainability\/2019-07-11\/solarstrom-direkt-vom-nachbarn\/#primaryimage"},"image":{"@id":"https:\/\/www.organisator.ch\/sustainability\/2019-07-11\/solarstrom-direkt-vom-nachbarn\/#primaryimage"},"thumbnailUrl":"https:\/\/www.organisator.ch\/wp-content\/uploads\/2019\/07\/image.imageformat.fullwidth.828050525.jpg","datePublished":"2019-07-11T10:40:34+00:00","dateModified":"2022-02-09T10:06:16+00:00","description":"Est-il possible d'augmenter les ventes d'\u00e9lectricit\u00e9 solaire produite localement si les m\u00e9nages peuvent l'\u00e9changer entre eux ? Un projet de l'EPFZ r\u00e9pond \u00e0 cette question.","breadcrumb":{"@id":"https:\/\/www.organisator.ch\/sustainability\/2019-07-11\/solarstrom-direkt-vom-nachbarn\/#breadcrumb"},"inLanguage":"fr-FR","potentialAction":[{"@type":"ReadAction","target":["https:\/\/www.organisator.ch\/sustainability\/2019-07-11\/solarstrom-direkt-vom-nachbarn\/"]}]},{"@type":"ImageObject","inLanguage":"fr-FR","@id":"https:\/\/www.organisator.ch\/sustainability\/2019-07-11\/solarstrom-direkt-vom-nachbarn\/#primaryimage","url":"https:\/\/www.organisator.ch\/wp-content\/uploads\/2019\/07\/image.imageformat.fullwidth.828050525.jpg","contentUrl":"https:\/\/www.organisator.ch\/wp-content\/uploads\/2019\/07\/image.imageformat.fullwidth.828050525.jpg","width":930,"height":638,"caption":"Wenn Strom innerhalb des Quartiers erzeugt und verteilt wird, muss weniger von aussen bezogen werden. (Bild: ETH)"},{"@type":"BreadcrumbList","@id":"https:\/\/www.organisator.ch\/sustainability\/2019-07-11\/solarstrom-direkt-vom-nachbarn\/#breadcrumb","itemListElement":[{"@type":"ListItem","position":1,"name":"Home","item":"https:\/\/www.organisator.ch\/"},{"@type":"ListItem","position":2,"name":"Solarstrom direkt vom Nachbarn"}]},{"@type":"WebSite","@id":"https:\/\/www.organisator.ch\/#website","url":"https:\/\/www.organisator.ch\/","name":"Organisateur","description":"Comp\u00e9tence et comp\u00e9tence. Proches de la pratique. L'ORGANISATEUR pr\u00e9pare 10 num\u00e9ros par an sur les th\u00e8mes essentiels pour les dirigeants de PME.","publisher":{"@id":"https:\/\/www.organisator.ch\/#organization"},"potentialAction":[{"@type":"SearchAction","target":{"@type":"EntryPoint","urlTemplate":"https:\/\/www.organisator.ch\/?s={search_term_string}"},"query-input":{"@type":"PropertyValueSpecification","valueRequired":true,"valueName":"search_term_string"}}],"inLanguage":"fr-FR"},{"@type":"Organization","@id":"https:\/\/www.organisator.ch\/#organization","name":"Organisateur","url":"https:\/\/www.organisator.ch\/","logo":{"@type":"ImageObject","inLanguage":"fr-FR","@id":"https:\/\/www.organisator.ch\/#\/schema\/logo\/image\/","url":"https:\/\/www.organisator.ch\/wp-content\/uploads\/2022\/01\/Logo_Organisator_Website.png","contentUrl":"https:\/\/www.organisator.ch\/wp-content\/uploads\/2022\/01\/Logo_Organisator_Website.png","width":800,"height":77,"caption":"Organisator"},"image":{"@id":"https:\/\/www.organisator.ch\/#\/schema\/logo\/image\/"},"sameAs":["https:\/\/www.facebook.com\/OrganisatorFachmagazin","https:\/\/www.linkedin.com\/showcase\/organisator-das-magazin-fr-kmu","https:\/\/www.xing.com\/news\/pages\/organisator-ch-695","https:\/\/www.youtube.com\/channel\/UCGP2Sq0iWaZwT3BdIAQFYpw"]},{"@type":"Person","@id":"https:\/\/www.organisator.ch\/#\/schema\/person\/134708ca9321c57b0362cceb7948ffbd","name":"michael.merz","image":{"@type":"ImageObject","inLanguage":"fr-FR","@id":"https:\/\/secure.gravatar.com\/avatar\/?s=96&d=mm&r=g","url":"https:\/\/secure.gravatar.com\/avatar\/?s=96&d=mm&r=g","contentUrl":"https:\/\/secure.gravatar.com\/avatar\/?s=96&d=mm&r=g","caption":"michael.merz"},"url":"https:\/\/www.organisator.ch\/fr\/author\/michael-merz\/"}]}},"_links":{"self":[{"href":"https:\/\/www.organisator.ch\/fr\/wp-json\/wp\/v2\/posts\/10097","targetHints":{"allow":["GET"]}}],"collection":[{"href":"https:\/\/www.organisator.ch\/fr\/wp-json\/wp\/v2\/posts"}],"about":[{"href":"https:\/\/www.organisator.ch\/fr\/wp-json\/wp\/v2\/types\/post"}],"author":[{"embeddable":true,"href":"https:\/\/www.organisator.ch\/fr\/wp-json\/wp\/v2\/users\/5"}],"replies":[{"embeddable":true,"href":"https:\/\/www.organisator.ch\/fr\/wp-json\/wp\/v2\/comments?post=10097"}],"version-history":[{"count":1,"href":"https:\/\/www.organisator.ch\/fr\/wp-json\/wp\/v2\/posts\/10097\/revisions"}],"predecessor-version":[{"id":10551,"href":"https:\/\/www.organisator.ch\/fr\/wp-json\/wp\/v2\/posts\/10097\/revisions\/10551"}],"wp:featuredmedia":[{"embeddable":true,"href":"https:\/\/www.organisator.ch\/fr\/wp-json\/wp\/v2\/media\/9624"}],"wp:attachment":[{"href":"https:\/\/www.organisator.ch\/fr\/wp-json\/wp\/v2\/media?parent=10097"}],"wp:term":[{"taxonomy":"category","embeddable":true,"href":"https:\/\/www.organisator.ch\/fr\/wp-json\/wp\/v2\/categories?post=10097"},{"taxonomy":"post_tag","embeddable":true,"href":"https:\/\/www.organisator.ch\/fr\/wp-json\/wp\/v2\/tags?post=10097"}],"curies":[{"name":"wp","href":"https:\/\/api.w.org\/{rel}","templated":true}]}}