{"id":10098,"date":"2019-07-16T12:56:33","date_gmt":"2019-07-16T10:56:33","guid":{"rendered":"https:\/\/www.umweltperspektiven.ch\/?p=2302"},"modified":"2022-02-09T11:10:05","modified_gmt":"2022-02-09T10:10:05","slug":"cluster-empfang-klimaschutz-ist-die-neue-mondlandung","status":"publish","type":"post","link":"https:\/\/www.organisator.ch\/fr\/sustainability\/2019-07-16\/cluster-empfang-klimaschutz-ist-die-neue-mondlandung\/","title":{"rendered":"R\u00e9ception du Cluster : la protection du climat est le nouvel alunissage"},"content":{"rendered":"<figure id=\"attachment_2303\" aria-describedby=\"caption-attachment-2303\" style=\"width: 680px\" class=\"wp-caption alignnone\"><img loading=\"lazy\" decoding=\"async\" class=\"size-medium wp-image-2303\" src=\"\/\/www.umweltperspektiven.ch\/wp-content\/uploads\/2019\/07\/GreenTech_Mondlandung.jpg\" alt=\"\" width=\"680\" height=\"453\" srcset=\"https:\/\/www.organisator.ch\/wp-content\/uploads\/2019\/07\/GreenTech_Mondlandung.jpg 1620w, https:\/\/www.organisator.ch\/wp-content\/uploads\/2019\/07\/GreenTech_Mondlandung-680x453.jpg 680w, https:\/\/www.organisator.ch\/wp-content\/uploads\/2019\/07\/GreenTech_Mondlandung-1024x683.jpg 1024w, https:\/\/www.organisator.ch\/wp-content\/uploads\/2019\/07\/GreenTech_Mondlandung-768x512.jpg 768w, https:\/\/www.organisator.ch\/wp-content\/uploads\/2019\/07\/GreenTech_Mondlandung-1536x1024.jpg 1536w, https:\/\/www.organisator.ch\/wp-content\/uploads\/2019\/07\/GreenTech_Mondlandung-18x12.jpg 18w, https:\/\/www.organisator.ch\/wp-content\/uploads\/2019\/07\/GreenTech_Mondlandung-263x175.jpg 263w, https:\/\/www.organisator.ch\/wp-content\/uploads\/2019\/07\/GreenTech_Mondlandung-525x350.jpg 525w, https:\/\/www.organisator.ch\/wp-content\/uploads\/2019\/07\/GreenTech_Mondlandung-1200x800.jpg 1200w, https:\/\/www.organisator.ch\/wp-content\/uploads\/2019\/07\/GreenTech_Mondlandung-920x613.jpg 920w, https:\/\/www.organisator.ch\/wp-content\/uploads\/2019\/07\/GreenTech_Mondlandung-1400x933.jpg 1400w, https:\/\/www.organisator.ch\/wp-content\/uploads\/2019\/07\/GreenTech_Mondlandung-300x200.jpg 300w\" sizes=\"auto, (max-width: 680px) 100vw, 680px\" \/><figcaption id=\"caption-attachment-2303\" class=\"wp-caption-text\">La r\u00e9ception Green Tech Cluster du 8 juillet \u00e9tait plac\u00e9e sous le signe des r\u00e9alisations vertes pionni\u00e8res. (Photo : Green Tech Cluster)<\/figcaption><\/figure>\n<p>Un exploit de pionnier r\u00e9alis\u00e9 il y a 50 ans \u00e9tait \u00e9galement tr\u00e8s pr\u00e9sent \u00e0 la r\u00e9ception du Cluster : l'alunissage habit\u00e9 de 1969. Au d\u00e9but du 20e si\u00e8cle, l'exploration spatiale \u00e9tait encore inimaginable - tout comme le fait que des hommes iraient un jour sur la lune. Malgr\u00e9 les \u00e9checs, les pionniers ne se sont pas laiss\u00e9s d\u00e9courager. Aujourd'hui, nous avons besoin de cet esprit pionnier pour sauver notre bonne vieille Terre.<\/p>\n<p>Cette force de la vision unit \u00e9galement les entreprises du Green Tech Cluster. Les innovations vertes repr\u00e9sentent les nombreux petits pas qui nous permettront de faire ensemble le grand bond en avant pour atteindre les objectifs climatiques. Au moyen d'un sondage interactif, les quelque 230 invit\u00e9s ont r\u00e9v\u00e9l\u00e9 leur \"Vision 100\" personnelle et quelle innovation de produit ou de service les entreprises proposeront d'ici 2025. Les th\u00e8mes de la num\u00e9risation, du photovolta\u00efque, de l'hydrog\u00e8ne, de la blockchain et de la micro-mobilit\u00e9 se sont particuli\u00e8rement distingu\u00e9s.<\/p>\n<p><strong>CO<sub>2<\/sub> peut aussi avoir bon go\u00fbt<br \/>\n<\/strong>Cinquante ans apr\u00e8s l'alunissage, nous avons environ dix ans, si l'on se r\u00e9f\u00e8re aux objectifs climatiques de 2030, pour prouver notre capacit\u00e9 sociale en mati\u00e8re de protection du climat et d'utilisation des \u00e9nergies renouvelables - sauf que cette fois-ci, il ne s'agit pas de notre honneur, mais de la plan\u00e8te enti\u00e8re. Les Science Busters ont \u00e9galement pris de la hauteur en d\u00e9montrant comment nous pouvons aller sur la lune avec notre cerveau tout en gardant la Terre. Saviez-vous que le CO<sub>2 <\/sub>peut aussi avoir bon go\u00fbt ? Une \"glace au champagne\" pr\u00e9par\u00e9e en direct sur sc\u00e8ne l'a prouv\u00e9 de mani\u00e8re impressionnante.<\/p>\n<p><strong>Les enfants construisent un avenir vert<br \/>\n<\/strong>La protection du climat est aussi particuli\u00e8rement importante pour que nous puissions offrir aux g\u00e9n\u00e9rations futures un avenir digne d'\u00eatre v\u00e9cu. Sous le slogan \"Les enfants construisent l'avenir\", les jeunes invit\u00e9s ont \u00e9t\u00e9 invit\u00e9s \u00e0 construire leur vision d'une plan\u00e8te durable. Ce faisant, ils ont construit un pont vers l'avenir, en suivant l'exemple d'un pionnier vieux de 500 ans, le savant universel le plus c\u00e9l\u00e8bre de tous les temps : L\u00e9onard de Vinci.<\/p>\n<p>La soir\u00e9e s'est termin\u00e9e sur un espace suffisant pour des discussions inspirantes et la g\u00e9n\u00e9ration d'id\u00e9es. Autour de d\u00e9lices culinaires et de boissons fra\u00eeches, les invit\u00e9s ont \u00e9chang\u00e9 avec des start-ups et des coll\u00e8gues sur les nouvelles solutions en mati\u00e8re de protection du climat. Nous nous r\u00e9jouissons d\u00e9j\u00e0 de la prochaine r\u00e9ception du cluster en \u00e9t\u00e9 2020 et sommes impatients de d\u00e9couvrir leurs nouvelles innovations vertes.<\/p>\n<p><strong>Le Green Tech Cluster remercie les exposantes et les exposants :<\/strong><\/p>\n<ul>\n<li><a href=\"\/\/www.pink.co.at\/\" target=\"_blank\" rel=\"noopener noreferrer\">Technique de stockage rose : <\/a>Eau chaude photovolta\u00efque<\/li>\n<li><a href=\"\/\/www.ecolights.at\/home\/\" target=\"_blank\" rel=\"noopener noreferrer\">ecoliGhts : <\/a>\u00c9clairage solaire autonome<\/li>\n<li><a href=\"\/\/www.lixtec.com\/\" target=\"_blank\" rel=\"noopener noreferrer\">Lixtec : <\/a>\u00c9clairage \u00e0 la demande<\/li>\n<li><a href=\"\/\/seelcon.com\/\" target=\"_blank\" rel=\"noopener noreferrer\">Seelcon :<\/a> Technique de mesure pour la gestion des d\u00e9chets et des eaux us\u00e9es<\/li>\n<li><a href=\"\/\/www.greenenergylab.at\/\" target=\"_blank\" rel=\"noopener noreferrer\">Green Energy Lab :<\/a> Le plus grand laboratoire d'innovation d'Autriche pour l'avenir \u00e9nerg\u00e9tique<\/li>\n<li><a href=\"\/\/www.birdshades.com\/\" target=\"_blank\" rel=\"noopener noreferrer\">BirdShades : <\/a>Film transparent pour les oiseaux<\/li>\n<li><a href=\"\/\/www.sloc.one\/de\/\" target=\"_blank\" rel=\"noopener noreferrer\">SLOC : <\/a>Dispositifs intelligents pour l'IoT et l'industrie 4.0<\/li>\n<li><a href=\"\/\/www.net-automation.at\/\" target=\"_blank\" rel=\"noopener noreferrer\">NET-Automation : <\/a>NET BEE Solutions IoT<\/li>\n<li><a href=\"\/\/www.joanneum.at\/life\/\" target=\"_blank\" rel=\"noopener noreferrer\">JOANNEUM RESEARCH : <\/a>Contr\u00f4le personnel du mode de vie climatique<\/li>\n<li><a href=\"\/\/k33experts.com\/de\/\" target=\"_blank\" rel=\"noopener noreferrer\">k33 Experts :<\/a> Services de connaissances dans le domaine de la science des donn\u00e9es et des logiciels<\/li>\n<\/ul>\n<p><a href=\"\/\/www.greentech.at\">www.greentech.at<\/a><\/p>","protected":false},"excerpt":{"rendered":"<p>Eine Pionierleistung vor 50 Jahren war auch am Cluster-Empfang sehr pr\u00e4sent: Die bemannte Landung auf dem Mond 1969. Zu Beginn des 20. Jahrhunderts war die Raumfahrt noch unvorstellbar \u2013 und ebenso die Tatsache, dass irgendwann Menschen zum Mond fliegen w\u00fcrden. Trotz R\u00fcckschl\u00e4gen haben sich die Pioniere nicht beirren lassen. Jetzt ben\u00f6tigen wir genau diesen Pioniergeist, [&hellip;]<\/p>\n","protected":false},"author":5,"featured_media":2303,"comment_status":"open","ping_status":"open","sticky":false,"template":"","format":"standard","meta":{"_acf_changed":false,"_yoast_wpseo_focuskw":"Cluster-Empfang","_yoast_wpseo_metadesc":"Der Green Tech Cluster-Empfang am 8. Juli im aiola im Schloss stand ganz im Zeichen von gr\u00fcnen Pionierleistungen und Megatrends.","articlekey":"","footnotes":""},"categories":[580],"tags":[924,1053,1684,2478],"class_list":["post-10098","post","type-post","status-publish","format-standard","has-post-thumbnail","hentry","category-sustainability","tag-cluster","tag-empfang","tag-megatrends","tag-vision"],"acf":[],"yoast_head":"<!-- This site is optimized with the Yoast SEO plugin v27.5 - https:\/\/yoast.com\/product\/yoast-seo-wordpress\/ -->\n<title>Cluster-Empfang: Klimaschutz ist die neue Mondlandung - Organisator<\/title>\n<meta name=\"description\" content=\"Der Green Tech Cluster-Empfang am 8. Juli im aiola im Schloss stand ganz im Zeichen von gr\u00fcnen Pionierleistungen und Megatrends.\" \/>\n<meta name=\"robots\" content=\"index, follow, max-snippet:-1, max-image-preview:large, max-video-preview:-1\" \/>\n<link rel=\"canonical\" href=\"https:\/\/www.organisator.ch\/fr\/sustainability\/2019-07-16\/cluster-empfang-klimaschutz-ist-die-neue-mondlandung\/\" \/>\n<meta property=\"og:locale\" content=\"fr_FR\" \/>\n<meta property=\"og:type\" content=\"article\" \/>\n<meta property=\"og:title\" content=\"Cluster-Empfang: Klimaschutz ist die neue Mondlandung - Organisator\" \/>\n<meta property=\"og:description\" content=\"Der Green Tech Cluster-Empfang am 8. Juli im aiola im Schloss stand ganz im Zeichen von gr\u00fcnen Pionierleistungen und Megatrends.\" \/>\n<meta property=\"og:url\" content=\"https:\/\/www.organisator.ch\/fr\/sustainability\/2019-07-16\/cluster-empfang-klimaschutz-ist-die-neue-mondlandung\/\" \/>\n<meta property=\"og:site_name\" content=\"Organisator\" \/>\n<meta property=\"article:publisher\" content=\"https:\/\/www.facebook.com\/OrganisatorFachmagazin\" \/>\n<meta property=\"article:published_time\" content=\"2019-07-16T10:56:33+00:00\" \/>\n<meta property=\"article:modified_time\" content=\"2022-02-09T10:10:05+00:00\" \/>\n<meta property=\"og:image\" content=\"https:\/\/www.organisator.ch\/wp-content\/uploads\/2019\/07\/GreenTech_Mondlandung.jpg\" \/>\n\t<meta property=\"og:image:width\" content=\"1620\" \/>\n\t<meta property=\"og:image:height\" content=\"1080\" \/>\n\t<meta property=\"og:image:type\" content=\"image\/jpeg\" \/>\n<meta name=\"author\" content=\"michael.merz\" \/>\n<meta name=\"twitter:card\" content=\"summary_large_image\" \/>\n<script type=\"application\/ld+json\" class=\"yoast-schema-graph\">{\"@context\":\"https:\\\/\\\/schema.org\",\"@graph\":[{\"@type\":\"Article\",\"@id\":\"https:\\\/\\\/www.organisator.ch\\\/sustainability\\\/2019-07-16\\\/cluster-empfang-klimaschutz-ist-die-neue-mondlandung\\\/#article\",\"isPartOf\":{\"@id\":\"https:\\\/\\\/www.organisator.ch\\\/sustainability\\\/2019-07-16\\\/cluster-empfang-klimaschutz-ist-die-neue-mondlandung\\\/\"},\"author\":{\"name\":\"michael.merz\",\"@id\":\"https:\\\/\\\/www.organisator.ch\\\/#\\\/schema\\\/person\\\/134708ca9321c57b0362cceb7948ffbd\"},\"headline\":\"Cluster-Empfang: Klimaschutz ist die neue Mondlandung\",\"datePublished\":\"2019-07-16T10:56:33+00:00\",\"dateModified\":\"2022-02-09T10:10:05+00:00\",\"mainEntityOfPage\":{\"@id\":\"https:\\\/\\\/www.organisator.ch\\\/sustainability\\\/2019-07-16\\\/cluster-empfang-klimaschutz-ist-die-neue-mondlandung\\\/\"},\"wordCount\":476,\"commentCount\":0,\"publisher\":{\"@id\":\"https:\\\/\\\/www.organisator.ch\\\/#organization\"},\"image\":{\"@id\":\"https:\\\/\\\/www.organisator.ch\\\/sustainability\\\/2019-07-16\\\/cluster-empfang-klimaschutz-ist-die-neue-mondlandung\\\/#primaryimage\"},\"thumbnailUrl\":\"https:\\\/\\\/www.organisator.ch\\\/wp-content\\\/uploads\\\/2019\\\/07\\\/GreenTech_Mondlandung.jpg\",\"keywords\":[\"Cluster\",\"Empfang\",\"Megatrends\",\"Vision\"],\"articleSection\":[\"SUSTAINABILITY\"],\"inLanguage\":\"fr-FR\"},{\"@type\":\"WebPage\",\"@id\":\"https:\\\/\\\/www.organisator.ch\\\/sustainability\\\/2019-07-16\\\/cluster-empfang-klimaschutz-ist-die-neue-mondlandung\\\/\",\"url\":\"https:\\\/\\\/www.organisator.ch\\\/sustainability\\\/2019-07-16\\\/cluster-empfang-klimaschutz-ist-die-neue-mondlandung\\\/\",\"name\":\"Cluster-Empfang: Klimaschutz ist die neue Mondlandung - Organisator\",\"isPartOf\":{\"@id\":\"https:\\\/\\\/www.organisator.ch\\\/#website\"},\"primaryImageOfPage\":{\"@id\":\"https:\\\/\\\/www.organisator.ch\\\/sustainability\\\/2019-07-16\\\/cluster-empfang-klimaschutz-ist-die-neue-mondlandung\\\/#primaryimage\"},\"image\":{\"@id\":\"https:\\\/\\\/www.organisator.ch\\\/sustainability\\\/2019-07-16\\\/cluster-empfang-klimaschutz-ist-die-neue-mondlandung\\\/#primaryimage\"},\"thumbnailUrl\":\"https:\\\/\\\/www.organisator.ch\\\/wp-content\\\/uploads\\\/2019\\\/07\\\/GreenTech_Mondlandung.jpg\",\"datePublished\":\"2019-07-16T10:56:33+00:00\",\"dateModified\":\"2022-02-09T10:10:05+00:00\",\"description\":\"Der Green Tech Cluster-Empfang am 8. Juli im aiola im Schloss stand ganz im Zeichen von gr\u00fcnen Pionierleistungen und Megatrends.\",\"breadcrumb\":{\"@id\":\"https:\\\/\\\/www.organisator.ch\\\/sustainability\\\/2019-07-16\\\/cluster-empfang-klimaschutz-ist-die-neue-mondlandung\\\/#breadcrumb\"},\"inLanguage\":\"fr-FR\",\"potentialAction\":[{\"@type\":\"ReadAction\",\"target\":[\"https:\\\/\\\/www.organisator.ch\\\/sustainability\\\/2019-07-16\\\/cluster-empfang-klimaschutz-ist-die-neue-mondlandung\\\/\"]}]},{\"@type\":\"ImageObject\",\"inLanguage\":\"fr-FR\",\"@id\":\"https:\\\/\\\/www.organisator.ch\\\/sustainability\\\/2019-07-16\\\/cluster-empfang-klimaschutz-ist-die-neue-mondlandung\\\/#primaryimage\",\"url\":\"https:\\\/\\\/www.organisator.ch\\\/wp-content\\\/uploads\\\/2019\\\/07\\\/GreenTech_Mondlandung.jpg\",\"contentUrl\":\"https:\\\/\\\/www.organisator.ch\\\/wp-content\\\/uploads\\\/2019\\\/07\\\/GreenTech_Mondlandung.jpg\",\"width\":1620,\"height\":1080,\"caption\":\"Der Green Tech Cluster-Empfang am 8. Juli stand ganz im Zeichen von gr\u00fcnen Pionierleistungen. (Bild: Green Tech Cluster)\"},{\"@type\":\"BreadcrumbList\",\"@id\":\"https:\\\/\\\/www.organisator.ch\\\/sustainability\\\/2019-07-16\\\/cluster-empfang-klimaschutz-ist-die-neue-mondlandung\\\/#breadcrumb\",\"itemListElement\":[{\"@type\":\"ListItem\",\"position\":1,\"name\":\"Home\",\"item\":\"https:\\\/\\\/www.organisator.ch\\\/\"},{\"@type\":\"ListItem\",\"position\":2,\"name\":\"Cluster-Empfang: Klimaschutz ist die neue Mondlandung\"}]},{\"@type\":\"WebSite\",\"@id\":\"https:\\\/\\\/www.organisator.ch\\\/#website\",\"url\":\"https:\\\/\\\/www.organisator.ch\\\/\",\"name\":\"Organisator\",\"description\":\"Kompetent. Praxisnah. Der ORGANISATOR bereitet in 10 Ausgaben pro Jahr die wesentlichen Themen f\u00fcr F\u00fchrungskr\u00e4fte von KMU auf.\",\"publisher\":{\"@id\":\"https:\\\/\\\/www.organisator.ch\\\/#organization\"},\"potentialAction\":[{\"@type\":\"SearchAction\",\"target\":{\"@type\":\"EntryPoint\",\"urlTemplate\":\"https:\\\/\\\/www.organisator.ch\\\/?s={search_term_string}\"},\"query-input\":{\"@type\":\"PropertyValueSpecification\",\"valueRequired\":true,\"valueName\":\"search_term_string\"}}],\"inLanguage\":\"fr-FR\"},{\"@type\":\"Organization\",\"@id\":\"https:\\\/\\\/www.organisator.ch\\\/#organization\",\"name\":\"Organisator\",\"url\":\"https:\\\/\\\/www.organisator.ch\\\/\",\"logo\":{\"@type\":\"ImageObject\",\"inLanguage\":\"fr-FR\",\"@id\":\"https:\\\/\\\/www.organisator.ch\\\/#\\\/schema\\\/logo\\\/image\\\/\",\"url\":\"https:\\\/\\\/www.organisator.ch\\\/wp-content\\\/uploads\\\/2022\\\/01\\\/Logo_Organisator_Website.png\",\"contentUrl\":\"https:\\\/\\\/www.organisator.ch\\\/wp-content\\\/uploads\\\/2022\\\/01\\\/Logo_Organisator_Website.png\",\"width\":800,\"height\":77,\"caption\":\"Organisator\"},\"image\":{\"@id\":\"https:\\\/\\\/www.organisator.ch\\\/#\\\/schema\\\/logo\\\/image\\\/\"},\"sameAs\":[\"https:\\\/\\\/www.facebook.com\\\/OrganisatorFachmagazin\",\"https:\\\/\\\/www.linkedin.com\\\/showcase\\\/organisator-das-magazin-fr-kmu\",\"https:\\\/\\\/www.xing.com\\\/news\\\/pages\\\/organisator-ch-695\",\"https:\\\/\\\/www.youtube.com\\\/channel\\\/UCGP2Sq0iWaZwT3BdIAQFYpw\"]},{\"@type\":\"Person\",\"@id\":\"https:\\\/\\\/www.organisator.ch\\\/#\\\/schema\\\/person\\\/134708ca9321c57b0362cceb7948ffbd\",\"name\":\"michael.merz\",\"image\":{\"@type\":\"ImageObject\",\"inLanguage\":\"fr-FR\",\"@id\":\"https:\\\/\\\/secure.gravatar.com\\\/avatar\\\/?s=96&d=mm&r=g\",\"url\":\"https:\\\/\\\/secure.gravatar.com\\\/avatar\\\/?s=96&d=mm&r=g\",\"contentUrl\":\"https:\\\/\\\/secure.gravatar.com\\\/avatar\\\/?s=96&d=mm&r=g\",\"caption\":\"michael.merz\"},\"url\":\"https:\\\/\\\/www.organisator.ch\\\/fr\\\/author\\\/michael-merz\\\/\"}]}<\/script>\n<!-- \/ Yoast SEO plugin. -->","yoast_head_json":{"title":"R\u00e9ception du Cluster : La protection du climat est le nouvel alunissage - Organisateur","description":"La r\u00e9ception Green Tech Cluster du 8 juillet \u00e0 l'aiola au ch\u00e2teau \u00e9tait plac\u00e9e sous le signe des r\u00e9alisations pionni\u00e8res vertes et des m\u00e9gatendances.","robots":{"index":"index","follow":"follow","max-snippet":"max-snippet:-1","max-image-preview":"max-image-preview:large","max-video-preview":"max-video-preview:-1"},"canonical":"https:\/\/www.organisator.ch\/fr\/sustainability\/2019-07-16\/cluster-empfang-klimaschutz-ist-die-neue-mondlandung\/","og_locale":"fr_FR","og_type":"article","og_title":"Cluster-Empfang: Klimaschutz ist die neue Mondlandung - Organisator","og_description":"Der Green Tech Cluster-Empfang am 8. Juli im aiola im Schloss stand ganz im Zeichen von gr\u00fcnen Pionierleistungen und Megatrends.","og_url":"https:\/\/www.organisator.ch\/fr\/sustainability\/2019-07-16\/cluster-empfang-klimaschutz-ist-die-neue-mondlandung\/","og_site_name":"Organisator","article_publisher":"https:\/\/www.facebook.com\/OrganisatorFachmagazin","article_published_time":"2019-07-16T10:56:33+00:00","article_modified_time":"2022-02-09T10:10:05+00:00","og_image":[{"width":1620,"height":1080,"url":"https:\/\/www.organisator.ch\/wp-content\/uploads\/2019\/07\/GreenTech_Mondlandung.jpg","type":"image\/jpeg"}],"author":"michael.merz","twitter_card":"summary_large_image","schema":{"@context":"https:\/\/schema.org","@graph":[{"@type":"Article","@id":"https:\/\/www.organisator.ch\/sustainability\/2019-07-16\/cluster-empfang-klimaschutz-ist-die-neue-mondlandung\/#article","isPartOf":{"@id":"https:\/\/www.organisator.ch\/sustainability\/2019-07-16\/cluster-empfang-klimaschutz-ist-die-neue-mondlandung\/"},"author":{"name":"michael.merz","@id":"https:\/\/www.organisator.ch\/#\/schema\/person\/134708ca9321c57b0362cceb7948ffbd"},"headline":"Cluster-Empfang: Klimaschutz ist die neue Mondlandung","datePublished":"2019-07-16T10:56:33+00:00","dateModified":"2022-02-09T10:10:05+00:00","mainEntityOfPage":{"@id":"https:\/\/www.organisator.ch\/sustainability\/2019-07-16\/cluster-empfang-klimaschutz-ist-die-neue-mondlandung\/"},"wordCount":476,"commentCount":0,"publisher":{"@id":"https:\/\/www.organisator.ch\/#organization"},"image":{"@id":"https:\/\/www.organisator.ch\/sustainability\/2019-07-16\/cluster-empfang-klimaschutz-ist-die-neue-mondlandung\/#primaryimage"},"thumbnailUrl":"https:\/\/www.organisator.ch\/wp-content\/uploads\/2019\/07\/GreenTech_Mondlandung.jpg","keywords":["Cluster","Empfang","Megatrends","Vision"],"articleSection":["SUSTAINABILITY"],"inLanguage":"fr-FR"},{"@type":"WebPage","@id":"https:\/\/www.organisator.ch\/sustainability\/2019-07-16\/cluster-empfang-klimaschutz-ist-die-neue-mondlandung\/","url":"https:\/\/www.organisator.ch\/sustainability\/2019-07-16\/cluster-empfang-klimaschutz-ist-die-neue-mondlandung\/","name":"R\u00e9ception du Cluster : La protection du climat est le nouvel alunissage - Organisateur","isPartOf":{"@id":"https:\/\/www.organisator.ch\/#website"},"primaryImageOfPage":{"@id":"https:\/\/www.organisator.ch\/sustainability\/2019-07-16\/cluster-empfang-klimaschutz-ist-die-neue-mondlandung\/#primaryimage"},"image":{"@id":"https:\/\/www.organisator.ch\/sustainability\/2019-07-16\/cluster-empfang-klimaschutz-ist-die-neue-mondlandung\/#primaryimage"},"thumbnailUrl":"https:\/\/www.organisator.ch\/wp-content\/uploads\/2019\/07\/GreenTech_Mondlandung.jpg","datePublished":"2019-07-16T10:56:33+00:00","dateModified":"2022-02-09T10:10:05+00:00","description":"La r\u00e9ception Green Tech Cluster du 8 juillet \u00e0 l'aiola au ch\u00e2teau \u00e9tait plac\u00e9e sous le signe des r\u00e9alisations pionni\u00e8res vertes et des m\u00e9gatendances.","breadcrumb":{"@id":"https:\/\/www.organisator.ch\/sustainability\/2019-07-16\/cluster-empfang-klimaschutz-ist-die-neue-mondlandung\/#breadcrumb"},"inLanguage":"fr-FR","potentialAction":[{"@type":"ReadAction","target":["https:\/\/www.organisator.ch\/sustainability\/2019-07-16\/cluster-empfang-klimaschutz-ist-die-neue-mondlandung\/"]}]},{"@type":"ImageObject","inLanguage":"fr-FR","@id":"https:\/\/www.organisator.ch\/sustainability\/2019-07-16\/cluster-empfang-klimaschutz-ist-die-neue-mondlandung\/#primaryimage","url":"https:\/\/www.organisator.ch\/wp-content\/uploads\/2019\/07\/GreenTech_Mondlandung.jpg","contentUrl":"https:\/\/www.organisator.ch\/wp-content\/uploads\/2019\/07\/GreenTech_Mondlandung.jpg","width":1620,"height":1080,"caption":"Der Green Tech Cluster-Empfang am 8. Juli stand ganz im Zeichen von gr\u00fcnen Pionierleistungen. (Bild: Green Tech Cluster)"},{"@type":"BreadcrumbList","@id":"https:\/\/www.organisator.ch\/sustainability\/2019-07-16\/cluster-empfang-klimaschutz-ist-die-neue-mondlandung\/#breadcrumb","itemListElement":[{"@type":"ListItem","position":1,"name":"Home","item":"https:\/\/www.organisator.ch\/"},{"@type":"ListItem","position":2,"name":"Cluster-Empfang: Klimaschutz ist die neue Mondlandung"}]},{"@type":"WebSite","@id":"https:\/\/www.organisator.ch\/#website","url":"https:\/\/www.organisator.ch\/","name":"Organisateur","description":"Comp\u00e9tence et comp\u00e9tence. Proches de la pratique. L'ORGANISATEUR pr\u00e9pare 10 num\u00e9ros par an sur les th\u00e8mes essentiels pour les dirigeants de PME.","publisher":{"@id":"https:\/\/www.organisator.ch\/#organization"},"potentialAction":[{"@type":"SearchAction","target":{"@type":"EntryPoint","urlTemplate":"https:\/\/www.organisator.ch\/?s={search_term_string}"},"query-input":{"@type":"PropertyValueSpecification","valueRequired":true,"valueName":"search_term_string"}}],"inLanguage":"fr-FR"},{"@type":"Organization","@id":"https:\/\/www.organisator.ch\/#organization","name":"Organisateur","url":"https:\/\/www.organisator.ch\/","logo":{"@type":"ImageObject","inLanguage":"fr-FR","@id":"https:\/\/www.organisator.ch\/#\/schema\/logo\/image\/","url":"https:\/\/www.organisator.ch\/wp-content\/uploads\/2022\/01\/Logo_Organisator_Website.png","contentUrl":"https:\/\/www.organisator.ch\/wp-content\/uploads\/2022\/01\/Logo_Organisator_Website.png","width":800,"height":77,"caption":"Organisator"},"image":{"@id":"https:\/\/www.organisator.ch\/#\/schema\/logo\/image\/"},"sameAs":["https:\/\/www.facebook.com\/OrganisatorFachmagazin","https:\/\/www.linkedin.com\/showcase\/organisator-das-magazin-fr-kmu","https:\/\/www.xing.com\/news\/pages\/organisator-ch-695","https:\/\/www.youtube.com\/channel\/UCGP2Sq0iWaZwT3BdIAQFYpw"]},{"@type":"Person","@id":"https:\/\/www.organisator.ch\/#\/schema\/person\/134708ca9321c57b0362cceb7948ffbd","name":"michael.merz","image":{"@type":"ImageObject","inLanguage":"fr-FR","@id":"https:\/\/secure.gravatar.com\/avatar\/?s=96&d=mm&r=g","url":"https:\/\/secure.gravatar.com\/avatar\/?s=96&d=mm&r=g","contentUrl":"https:\/\/secure.gravatar.com\/avatar\/?s=96&d=mm&r=g","caption":"michael.merz"},"url":"https:\/\/www.organisator.ch\/fr\/author\/michael-merz\/"}]}},"_links":{"self":[{"href":"https:\/\/www.organisator.ch\/fr\/wp-json\/wp\/v2\/posts\/10098","targetHints":{"allow":["GET"]}}],"collection":[{"href":"https:\/\/www.organisator.ch\/fr\/wp-json\/wp\/v2\/posts"}],"about":[{"href":"https:\/\/www.organisator.ch\/fr\/wp-json\/wp\/v2\/types\/post"}],"author":[{"embeddable":true,"href":"https:\/\/www.organisator.ch\/fr\/wp-json\/wp\/v2\/users\/5"}],"replies":[{"embeddable":true,"href":"https:\/\/www.organisator.ch\/fr\/wp-json\/wp\/v2\/comments?post=10098"}],"version-history":[{"count":1,"href":"https:\/\/www.organisator.ch\/fr\/wp-json\/wp\/v2\/posts\/10098\/revisions"}],"predecessor-version":[{"id":10892,"href":"https:\/\/www.organisator.ch\/fr\/wp-json\/wp\/v2\/posts\/10098\/revisions\/10892"}],"wp:featuredmedia":[{"embeddable":true,"href":"https:\/\/www.organisator.ch\/fr\/wp-json\/wp\/v2\/media\/2303"}],"wp:attachment":[{"href":"https:\/\/www.organisator.ch\/fr\/wp-json\/wp\/v2\/media?parent=10098"}],"wp:term":[{"taxonomy":"category","embeddable":true,"href":"https:\/\/www.organisator.ch\/fr\/wp-json\/wp\/v2\/categories?post=10098"},{"taxonomy":"post_tag","embeddable":true,"href":"https:\/\/www.organisator.ch\/fr\/wp-json\/wp\/v2\/tags?post=10098"}],"curies":[{"name":"wp","href":"https:\/\/api.w.org\/{rel}","templated":true}]}}