{"id":10102,"date":"2019-07-25T12:29:14","date_gmt":"2019-07-25T10:29:14","guid":{"rendered":"https:\/\/www.umweltperspektiven.ch\/?p=2329"},"modified":"2022-02-09T11:10:52","modified_gmt":"2022-02-09T10:10:52","slug":"alpiq-und-hydrospider-ag-baut-wasserstoffproduktionsanlage","status":"publish","type":"post","link":"https:\/\/www.organisator.ch\/fr\/sustainability\/2019-07-25\/alpiq-und-hydrospider-ag-baut-wasserstoffproduktionsanlage\/","title":{"rendered":"Alpiq et Hydrospider AG construisent une installation de production d'hydrog\u00e8ne"},"content":{"rendered":"<figure id=\"attachment_2330\" aria-describedby=\"caption-attachment-2330\" style=\"width: 680px\" class=\"wp-caption alignnone\"><img loading=\"lazy\" decoding=\"async\" class=\"size-medium wp-image-2330\" src=\"\/\/www.umweltperspektiven.ch\/wp-content\/uploads\/2019\/07\/projekt-wasserstoffproduktionsanlage-hydrospider-kraftwerk_goesgen_Alpiq-up-umwelt-perspektiven.jpg\" alt=\"\" width=\"680\" height=\"424\" \/><figcaption id=\"caption-attachment-2330\" class=\"wp-caption-text\">L'installation de 2 MW qui sera situ\u00e9e pr\u00e8s de la centrale hydro\u00e9lectrique Alpiq de G\u00f6sgen sera r\u00e9alis\u00e9e par Hydrospider AG. (Image : Alpiq)<\/figcaption><\/figure>\n<p>Alpiq et H2 Energy pr\u00e9voient de produire \u00e0 partir de fin 2019 de l'hydrog\u00e8ne pour une cinquantaine de camions \u00e9lectriques \u00e0 pile \u00e0 combustible en utilisant de l'\u00e9lectricit\u00e9 d'origine hydraulique. L'installation de 2 MW, qui sera situ\u00e9e pr\u00e8s de la centrale hydro\u00e9lectrique Alpiq de G\u00f6sgen, sera construite par Hydrospider AG. Alpiq et H2 Energy participent \u00e0 parts \u00e9gales \u00e0 cette soci\u00e9t\u00e9. Une demande de permis de construire correspondante a \u00e9t\u00e9 d\u00e9pos\u00e9e d\u00e9but juillet 2019 aupr\u00e8s de la commune de Niederg\u00f6sgen. La mise en service est pr\u00e9vue pour la fin de l'ann\u00e9e.<\/p>\n<p>Les camions \u00e9lectriques \u00e0 pile \u00e0 combustible se d\u00e9placent silencieusement. Leur autonomie et leur charge utile sont comparables \u00e0 celles des camions diesel. Comme ils n'\u00e9mettent que de la vapeur d'eau, ils sont respectueux de l'environnement et ne produisent pas d'\u00e9missions de CO2. Les camions \u00e9lectriques \u00e0 pile \u00e0 combustible fonctionnant \u00e0 l'hydrog\u00e8ne jouent donc un r\u00f4le majeur dans la d\u00e9carbonisation du transport lourd, \u00e0 condition que l'hydrog\u00e8ne soit produit \u00e0 partir de sources d'\u00e9nergie renouvelables.<\/p>\n<p>Hydrospider produira \u00e0 l'avenir \u00e0 G\u00f6sgen, avec de l'\u00e9lectricit\u00e9 issue \u00e0 100% de l'\u00e9nergie hydraulique, de l'hydrog\u00e8ne respectueux du climat pour les quelque 50 premiers camions \u00e0 pile \u00e0 combustible sur un total de 1600. Hyundai Hydrogen Mobility, une joint-venture entre Hyundai Motors et H2 Energy, les mettra sur les routes suisses d'ici 2025.<\/p>\n<p><a href=\"\/\/www.alpiq.com\">www.alpiq.com<\/a><\/p>\n<p>&nbsp;<\/p>","protected":false},"excerpt":{"rendered":"<p>Alpiq und H2 Energy planen, ab Ende 2019 mit Strom aus Wasserkraft den Wasserstoff f\u00fcr rund 50 Brennstoffzellen-Elektro-LKW zu produzieren. Gebaut werden soll die 2-MW-Anlage, die beim Alpiq Wasserkraftwerk G\u00f6sgen zu stehen kommt, von der Hydrospider AG. An der Gesellschaft sind Alpiq und H2 Energy zu gleichen Teilen beteiligt. Ein entsprechendes Baugesuch wurde Anfang Juli [&hellip;]<\/p>\n","protected":false},"author":5,"featured_media":9626,"comment_status":"open","ping_status":"open","sticky":false,"template":"","format":"standard","meta":{"_acf_changed":false,"_yoast_wpseo_focuskw":"Alpiq","_yoast_wpseo_metadesc":"Alpiq und H2 Energy setzen einen Meilenstein f\u00fcr die Entwicklung der Wasserstoff-Mobilit\u00e4t in der Schweiz: Beim Wasserkraftwerk G\u00f6sgen.","articlekey":"","footnotes":""},"categories":[580],"tags":[710,1308,424,2521],"class_list":["post-10102","post","type-post","status-publish","format-standard","has-post-thumbnail","hentry","category-sustainability","tag-anlage","tag-goesgen","tag-schweiz","tag-wasserkraftwerk"],"acf":[],"yoast_head":"<!-- This site is optimized with the Yoast SEO plugin v27.5 - https:\/\/yoast.com\/product\/yoast-seo-wordpress\/ -->\n<title>Alpiq und Hydrospider AG baut Wasserstoffproduktionsanlage - Organisator<\/title>\n<meta name=\"description\" content=\"Alpiq und H2 Energy setzen einen Meilenstein f\u00fcr die Entwicklung der Wasserstoff-Mobilit\u00e4t in der Schweiz: Beim Wasserkraftwerk G\u00f6sgen.\" \/>\n<meta name=\"robots\" content=\"index, follow, max-snippet:-1, max-image-preview:large, max-video-preview:-1\" \/>\n<link rel=\"canonical\" href=\"https:\/\/www.organisator.ch\/fr\/sustainability\/2019-07-25\/alpiq-und-hydrospider-ag-baut-wasserstoffproduktionsanlage\/\" \/>\n<meta property=\"og:locale\" content=\"fr_FR\" \/>\n<meta property=\"og:type\" content=\"article\" \/>\n<meta property=\"og:title\" content=\"Alpiq und Hydrospider AG baut Wasserstoffproduktionsanlage - Organisator\" \/>\n<meta property=\"og:description\" content=\"Alpiq und H2 Energy setzen einen Meilenstein f\u00fcr die Entwicklung der Wasserstoff-Mobilit\u00e4t in der Schweiz: Beim Wasserkraftwerk G\u00f6sgen.\" \/>\n<meta property=\"og:url\" content=\"https:\/\/www.organisator.ch\/fr\/sustainability\/2019-07-25\/alpiq-und-hydrospider-ag-baut-wasserstoffproduktionsanlage\/\" \/>\n<meta property=\"og:site_name\" content=\"Organisator\" \/>\n<meta property=\"article:publisher\" content=\"https:\/\/www.facebook.com\/OrganisatorFachmagazin\" \/>\n<meta property=\"article:published_time\" content=\"2019-07-25T10:29:14+00:00\" \/>\n<meta property=\"article:modified_time\" content=\"2022-02-09T10:10:52+00:00\" \/>\n<meta property=\"og:image\" content=\"https:\/\/www.organisator.ch\/wp-content\/uploads\/2019\/07\/projekt-wasserstoffproduktionsanlage-hydrospider-kraftwerk_goesgen_Alpiq-up-umwelt-perspektiven.jpg\" \/>\n\t<meta property=\"og:image:width\" content=\"1540\" \/>\n\t<meta property=\"og:image:height\" content=\"960\" \/>\n\t<meta property=\"og:image:type\" content=\"image\/jpeg\" \/>\n<meta name=\"author\" content=\"michael.merz\" \/>\n<meta name=\"twitter:card\" content=\"summary_large_image\" \/>\n<script type=\"application\/ld+json\" class=\"yoast-schema-graph\">{\"@context\":\"https:\\\/\\\/schema.org\",\"@graph\":[{\"@type\":\"Article\",\"@id\":\"https:\\\/\\\/www.organisator.ch\\\/sustainability\\\/2019-07-25\\\/alpiq-und-hydrospider-ag-baut-wasserstoffproduktionsanlage\\\/#article\",\"isPartOf\":{\"@id\":\"https:\\\/\\\/www.organisator.ch\\\/sustainability\\\/2019-07-25\\\/alpiq-und-hydrospider-ag-baut-wasserstoffproduktionsanlage\\\/\"},\"author\":{\"name\":\"michael.merz\",\"@id\":\"https:\\\/\\\/www.organisator.ch\\\/#\\\/schema\\\/person\\\/134708ca9321c57b0362cceb7948ffbd\"},\"headline\":\"Alpiq und Hydrospider AG baut Wasserstoffproduktionsanlage\",\"datePublished\":\"2019-07-25T10:29:14+00:00\",\"dateModified\":\"2022-02-09T10:10:52+00:00\",\"mainEntityOfPage\":{\"@id\":\"https:\\\/\\\/www.organisator.ch\\\/sustainability\\\/2019-07-25\\\/alpiq-und-hydrospider-ag-baut-wasserstoffproduktionsanlage\\\/\"},\"wordCount\":195,\"commentCount\":0,\"publisher\":{\"@id\":\"https:\\\/\\\/www.organisator.ch\\\/#organization\"},\"image\":{\"@id\":\"https:\\\/\\\/www.organisator.ch\\\/sustainability\\\/2019-07-25\\\/alpiq-und-hydrospider-ag-baut-wasserstoffproduktionsanlage\\\/#primaryimage\"},\"thumbnailUrl\":\"https:\\\/\\\/www.organisator.ch\\\/wp-content\\\/uploads\\\/2019\\\/07\\\/projekt-wasserstoffproduktionsanlage-hydrospider-kraftwerk_goesgen_Alpiq-up-umwelt-perspektiven.jpg\",\"keywords\":[\"Anlage\",\"G\u00f6sgen\",\"Schweiz\",\"Wasserkraftwerk\"],\"articleSection\":[\"SUSTAINABILITY\"],\"inLanguage\":\"fr-FR\"},{\"@type\":\"WebPage\",\"@id\":\"https:\\\/\\\/www.organisator.ch\\\/sustainability\\\/2019-07-25\\\/alpiq-und-hydrospider-ag-baut-wasserstoffproduktionsanlage\\\/\",\"url\":\"https:\\\/\\\/www.organisator.ch\\\/sustainability\\\/2019-07-25\\\/alpiq-und-hydrospider-ag-baut-wasserstoffproduktionsanlage\\\/\",\"name\":\"Alpiq und Hydrospider AG baut Wasserstoffproduktionsanlage - Organisator\",\"isPartOf\":{\"@id\":\"https:\\\/\\\/www.organisator.ch\\\/#website\"},\"primaryImageOfPage\":{\"@id\":\"https:\\\/\\\/www.organisator.ch\\\/sustainability\\\/2019-07-25\\\/alpiq-und-hydrospider-ag-baut-wasserstoffproduktionsanlage\\\/#primaryimage\"},\"image\":{\"@id\":\"https:\\\/\\\/www.organisator.ch\\\/sustainability\\\/2019-07-25\\\/alpiq-und-hydrospider-ag-baut-wasserstoffproduktionsanlage\\\/#primaryimage\"},\"thumbnailUrl\":\"https:\\\/\\\/www.organisator.ch\\\/wp-content\\\/uploads\\\/2019\\\/07\\\/projekt-wasserstoffproduktionsanlage-hydrospider-kraftwerk_goesgen_Alpiq-up-umwelt-perspektiven.jpg\",\"datePublished\":\"2019-07-25T10:29:14+00:00\",\"dateModified\":\"2022-02-09T10:10:52+00:00\",\"description\":\"Alpiq und H2 Energy setzen einen Meilenstein f\u00fcr die Entwicklung der Wasserstoff-Mobilit\u00e4t in der Schweiz: Beim Wasserkraftwerk G\u00f6sgen.\",\"breadcrumb\":{\"@id\":\"https:\\\/\\\/www.organisator.ch\\\/sustainability\\\/2019-07-25\\\/alpiq-und-hydrospider-ag-baut-wasserstoffproduktionsanlage\\\/#breadcrumb\"},\"inLanguage\":\"fr-FR\",\"potentialAction\":[{\"@type\":\"ReadAction\",\"target\":[\"https:\\\/\\\/www.organisator.ch\\\/sustainability\\\/2019-07-25\\\/alpiq-und-hydrospider-ag-baut-wasserstoffproduktionsanlage\\\/\"]}]},{\"@type\":\"ImageObject\",\"inLanguage\":\"fr-FR\",\"@id\":\"https:\\\/\\\/www.organisator.ch\\\/sustainability\\\/2019-07-25\\\/alpiq-und-hydrospider-ag-baut-wasserstoffproduktionsanlage\\\/#primaryimage\",\"url\":\"https:\\\/\\\/www.organisator.ch\\\/wp-content\\\/uploads\\\/2019\\\/07\\\/projekt-wasserstoffproduktionsanlage-hydrospider-kraftwerk_goesgen_Alpiq-up-umwelt-perspektiven.jpg\",\"contentUrl\":\"https:\\\/\\\/www.organisator.ch\\\/wp-content\\\/uploads\\\/2019\\\/07\\\/projekt-wasserstoffproduktionsanlage-hydrospider-kraftwerk_goesgen_Alpiq-up-umwelt-perspektiven.jpg\",\"width\":1540,\"height\":960,\"caption\":\"Die 2-MW-Anlage, die beim Alpiq Wasserkraftwerk G\u00f6sgen zu stehen kommt, wird von der Hydrospider AG realisiert. (Bild: Alpiq)\"},{\"@type\":\"BreadcrumbList\",\"@id\":\"https:\\\/\\\/www.organisator.ch\\\/sustainability\\\/2019-07-25\\\/alpiq-und-hydrospider-ag-baut-wasserstoffproduktionsanlage\\\/#breadcrumb\",\"itemListElement\":[{\"@type\":\"ListItem\",\"position\":1,\"name\":\"Home\",\"item\":\"https:\\\/\\\/www.organisator.ch\\\/\"},{\"@type\":\"ListItem\",\"position\":2,\"name\":\"Alpiq und Hydrospider AG baut Wasserstoffproduktionsanlage\"}]},{\"@type\":\"WebSite\",\"@id\":\"https:\\\/\\\/www.organisator.ch\\\/#website\",\"url\":\"https:\\\/\\\/www.organisator.ch\\\/\",\"name\":\"Organisator\",\"description\":\"Kompetent. Praxisnah. Der ORGANISATOR bereitet in 10 Ausgaben pro Jahr die wesentlichen Themen f\u00fcr F\u00fchrungskr\u00e4fte von KMU auf.\",\"publisher\":{\"@id\":\"https:\\\/\\\/www.organisator.ch\\\/#organization\"},\"potentialAction\":[{\"@type\":\"SearchAction\",\"target\":{\"@type\":\"EntryPoint\",\"urlTemplate\":\"https:\\\/\\\/www.organisator.ch\\\/?s={search_term_string}\"},\"query-input\":{\"@type\":\"PropertyValueSpecification\",\"valueRequired\":true,\"valueName\":\"search_term_string\"}}],\"inLanguage\":\"fr-FR\"},{\"@type\":\"Organization\",\"@id\":\"https:\\\/\\\/www.organisator.ch\\\/#organization\",\"name\":\"Organisator\",\"url\":\"https:\\\/\\\/www.organisator.ch\\\/\",\"logo\":{\"@type\":\"ImageObject\",\"inLanguage\":\"fr-FR\",\"@id\":\"https:\\\/\\\/www.organisator.ch\\\/#\\\/schema\\\/logo\\\/image\\\/\",\"url\":\"https:\\\/\\\/www.organisator.ch\\\/wp-content\\\/uploads\\\/2022\\\/01\\\/Logo_Organisator_Website.png\",\"contentUrl\":\"https:\\\/\\\/www.organisator.ch\\\/wp-content\\\/uploads\\\/2022\\\/01\\\/Logo_Organisator_Website.png\",\"width\":800,\"height\":77,\"caption\":\"Organisator\"},\"image\":{\"@id\":\"https:\\\/\\\/www.organisator.ch\\\/#\\\/schema\\\/logo\\\/image\\\/\"},\"sameAs\":[\"https:\\\/\\\/www.facebook.com\\\/OrganisatorFachmagazin\",\"https:\\\/\\\/www.linkedin.com\\\/showcase\\\/organisator-das-magazin-fr-kmu\",\"https:\\\/\\\/www.xing.com\\\/news\\\/pages\\\/organisator-ch-695\",\"https:\\\/\\\/www.youtube.com\\\/channel\\\/UCGP2Sq0iWaZwT3BdIAQFYpw\"]},{\"@type\":\"Person\",\"@id\":\"https:\\\/\\\/www.organisator.ch\\\/#\\\/schema\\\/person\\\/134708ca9321c57b0362cceb7948ffbd\",\"name\":\"michael.merz\",\"image\":{\"@type\":\"ImageObject\",\"inLanguage\":\"fr-FR\",\"@id\":\"https:\\\/\\\/secure.gravatar.com\\\/avatar\\\/?s=96&d=mm&r=g\",\"url\":\"https:\\\/\\\/secure.gravatar.com\\\/avatar\\\/?s=96&d=mm&r=g\",\"contentUrl\":\"https:\\\/\\\/secure.gravatar.com\\\/avatar\\\/?s=96&d=mm&r=g\",\"caption\":\"michael.merz\"},\"url\":\"https:\\\/\\\/www.organisator.ch\\\/fr\\\/author\\\/michael-merz\\\/\"}]}<\/script>\n<!-- \/ Yoast SEO plugin. -->","yoast_head_json":{"title":"Alpiq et Hydrospider AG construisent une installation de production d'hydrog\u00e8ne - Organisateur","description":"Alpiq et H2 Energy posent un jalon pour le d\u00e9veloppement de la mobilit\u00e9 \u00e0 l'hydrog\u00e8ne en Suisse : pr\u00e8s de la centrale hydro\u00e9lectrique de G\u00f6sgen.","robots":{"index":"index","follow":"follow","max-snippet":"max-snippet:-1","max-image-preview":"max-image-preview:large","max-video-preview":"max-video-preview:-1"},"canonical":"https:\/\/www.organisator.ch\/fr\/sustainability\/2019-07-25\/alpiq-und-hydrospider-ag-baut-wasserstoffproduktionsanlage\/","og_locale":"fr_FR","og_type":"article","og_title":"Alpiq und Hydrospider AG baut Wasserstoffproduktionsanlage - Organisator","og_description":"Alpiq und H2 Energy setzen einen Meilenstein f\u00fcr die Entwicklung der Wasserstoff-Mobilit\u00e4t in der Schweiz: Beim Wasserkraftwerk G\u00f6sgen.","og_url":"https:\/\/www.organisator.ch\/fr\/sustainability\/2019-07-25\/alpiq-und-hydrospider-ag-baut-wasserstoffproduktionsanlage\/","og_site_name":"Organisator","article_publisher":"https:\/\/www.facebook.com\/OrganisatorFachmagazin","article_published_time":"2019-07-25T10:29:14+00:00","article_modified_time":"2022-02-09T10:10:52+00:00","og_image":[{"width":1540,"height":960,"url":"https:\/\/www.organisator.ch\/wp-content\/uploads\/2019\/07\/projekt-wasserstoffproduktionsanlage-hydrospider-kraftwerk_goesgen_Alpiq-up-umwelt-perspektiven.jpg","type":"image\/jpeg"}],"author":"michael.merz","twitter_card":"summary_large_image","schema":{"@context":"https:\/\/schema.org","@graph":[{"@type":"Article","@id":"https:\/\/www.organisator.ch\/sustainability\/2019-07-25\/alpiq-und-hydrospider-ag-baut-wasserstoffproduktionsanlage\/#article","isPartOf":{"@id":"https:\/\/www.organisator.ch\/sustainability\/2019-07-25\/alpiq-und-hydrospider-ag-baut-wasserstoffproduktionsanlage\/"},"author":{"name":"michael.merz","@id":"https:\/\/www.organisator.ch\/#\/schema\/person\/134708ca9321c57b0362cceb7948ffbd"},"headline":"Alpiq und Hydrospider AG baut Wasserstoffproduktionsanlage","datePublished":"2019-07-25T10:29:14+00:00","dateModified":"2022-02-09T10:10:52+00:00","mainEntityOfPage":{"@id":"https:\/\/www.organisator.ch\/sustainability\/2019-07-25\/alpiq-und-hydrospider-ag-baut-wasserstoffproduktionsanlage\/"},"wordCount":195,"commentCount":0,"publisher":{"@id":"https:\/\/www.organisator.ch\/#organization"},"image":{"@id":"https:\/\/www.organisator.ch\/sustainability\/2019-07-25\/alpiq-und-hydrospider-ag-baut-wasserstoffproduktionsanlage\/#primaryimage"},"thumbnailUrl":"https:\/\/www.organisator.ch\/wp-content\/uploads\/2019\/07\/projekt-wasserstoffproduktionsanlage-hydrospider-kraftwerk_goesgen_Alpiq-up-umwelt-perspektiven.jpg","keywords":["Anlage","G\u00f6sgen","Schweiz","Wasserkraftwerk"],"articleSection":["SUSTAINABILITY"],"inLanguage":"fr-FR"},{"@type":"WebPage","@id":"https:\/\/www.organisator.ch\/sustainability\/2019-07-25\/alpiq-und-hydrospider-ag-baut-wasserstoffproduktionsanlage\/","url":"https:\/\/www.organisator.ch\/sustainability\/2019-07-25\/alpiq-und-hydrospider-ag-baut-wasserstoffproduktionsanlage\/","name":"Alpiq et Hydrospider AG construisent une installation de production d'hydrog\u00e8ne - Organisateur","isPartOf":{"@id":"https:\/\/www.organisator.ch\/#website"},"primaryImageOfPage":{"@id":"https:\/\/www.organisator.ch\/sustainability\/2019-07-25\/alpiq-und-hydrospider-ag-baut-wasserstoffproduktionsanlage\/#primaryimage"},"image":{"@id":"https:\/\/www.organisator.ch\/sustainability\/2019-07-25\/alpiq-und-hydrospider-ag-baut-wasserstoffproduktionsanlage\/#primaryimage"},"thumbnailUrl":"https:\/\/www.organisator.ch\/wp-content\/uploads\/2019\/07\/projekt-wasserstoffproduktionsanlage-hydrospider-kraftwerk_goesgen_Alpiq-up-umwelt-perspektiven.jpg","datePublished":"2019-07-25T10:29:14+00:00","dateModified":"2022-02-09T10:10:52+00:00","description":"Alpiq et H2 Energy posent un jalon pour le d\u00e9veloppement de la mobilit\u00e9 \u00e0 l'hydrog\u00e8ne en Suisse : pr\u00e8s de la centrale hydro\u00e9lectrique de G\u00f6sgen.","breadcrumb":{"@id":"https:\/\/www.organisator.ch\/sustainability\/2019-07-25\/alpiq-und-hydrospider-ag-baut-wasserstoffproduktionsanlage\/#breadcrumb"},"inLanguage":"fr-FR","potentialAction":[{"@type":"ReadAction","target":["https:\/\/www.organisator.ch\/sustainability\/2019-07-25\/alpiq-und-hydrospider-ag-baut-wasserstoffproduktionsanlage\/"]}]},{"@type":"ImageObject","inLanguage":"fr-FR","@id":"https:\/\/www.organisator.ch\/sustainability\/2019-07-25\/alpiq-und-hydrospider-ag-baut-wasserstoffproduktionsanlage\/#primaryimage","url":"https:\/\/www.organisator.ch\/wp-content\/uploads\/2019\/07\/projekt-wasserstoffproduktionsanlage-hydrospider-kraftwerk_goesgen_Alpiq-up-umwelt-perspektiven.jpg","contentUrl":"https:\/\/www.organisator.ch\/wp-content\/uploads\/2019\/07\/projekt-wasserstoffproduktionsanlage-hydrospider-kraftwerk_goesgen_Alpiq-up-umwelt-perspektiven.jpg","width":1540,"height":960,"caption":"Die 2-MW-Anlage, die beim Alpiq Wasserkraftwerk G\u00f6sgen zu stehen kommt, wird von der Hydrospider AG realisiert. (Bild: Alpiq)"},{"@type":"BreadcrumbList","@id":"https:\/\/www.organisator.ch\/sustainability\/2019-07-25\/alpiq-und-hydrospider-ag-baut-wasserstoffproduktionsanlage\/#breadcrumb","itemListElement":[{"@type":"ListItem","position":1,"name":"Home","item":"https:\/\/www.organisator.ch\/"},{"@type":"ListItem","position":2,"name":"Alpiq und Hydrospider AG baut Wasserstoffproduktionsanlage"}]},{"@type":"WebSite","@id":"https:\/\/www.organisator.ch\/#website","url":"https:\/\/www.organisator.ch\/","name":"Organisateur","description":"Comp\u00e9tence et comp\u00e9tence. Proches de la pratique. L'ORGANISATEUR pr\u00e9pare 10 num\u00e9ros par an sur les th\u00e8mes essentiels pour les dirigeants de PME.","publisher":{"@id":"https:\/\/www.organisator.ch\/#organization"},"potentialAction":[{"@type":"SearchAction","target":{"@type":"EntryPoint","urlTemplate":"https:\/\/www.organisator.ch\/?s={search_term_string}"},"query-input":{"@type":"PropertyValueSpecification","valueRequired":true,"valueName":"search_term_string"}}],"inLanguage":"fr-FR"},{"@type":"Organization","@id":"https:\/\/www.organisator.ch\/#organization","name":"Organisateur","url":"https:\/\/www.organisator.ch\/","logo":{"@type":"ImageObject","inLanguage":"fr-FR","@id":"https:\/\/www.organisator.ch\/#\/schema\/logo\/image\/","url":"https:\/\/www.organisator.ch\/wp-content\/uploads\/2022\/01\/Logo_Organisator_Website.png","contentUrl":"https:\/\/www.organisator.ch\/wp-content\/uploads\/2022\/01\/Logo_Organisator_Website.png","width":800,"height":77,"caption":"Organisator"},"image":{"@id":"https:\/\/www.organisator.ch\/#\/schema\/logo\/image\/"},"sameAs":["https:\/\/www.facebook.com\/OrganisatorFachmagazin","https:\/\/www.linkedin.com\/showcase\/organisator-das-magazin-fr-kmu","https:\/\/www.xing.com\/news\/pages\/organisator-ch-695","https:\/\/www.youtube.com\/channel\/UCGP2Sq0iWaZwT3BdIAQFYpw"]},{"@type":"Person","@id":"https:\/\/www.organisator.ch\/#\/schema\/person\/134708ca9321c57b0362cceb7948ffbd","name":"michael.merz","image":{"@type":"ImageObject","inLanguage":"fr-FR","@id":"https:\/\/secure.gravatar.com\/avatar\/?s=96&d=mm&r=g","url":"https:\/\/secure.gravatar.com\/avatar\/?s=96&d=mm&r=g","contentUrl":"https:\/\/secure.gravatar.com\/avatar\/?s=96&d=mm&r=g","caption":"michael.merz"},"url":"https:\/\/www.organisator.ch\/fr\/author\/michael-merz\/"}]}},"_links":{"self":[{"href":"https:\/\/www.organisator.ch\/fr\/wp-json\/wp\/v2\/posts\/10102","targetHints":{"allow":["GET"]}}],"collection":[{"href":"https:\/\/www.organisator.ch\/fr\/wp-json\/wp\/v2\/posts"}],"about":[{"href":"https:\/\/www.organisator.ch\/fr\/wp-json\/wp\/v2\/types\/post"}],"author":[{"embeddable":true,"href":"https:\/\/www.organisator.ch\/fr\/wp-json\/wp\/v2\/users\/5"}],"replies":[{"embeddable":true,"href":"https:\/\/www.organisator.ch\/fr\/wp-json\/wp\/v2\/comments?post=10102"}],"version-history":[{"count":1,"href":"https:\/\/www.organisator.ch\/fr\/wp-json\/wp\/v2\/posts\/10102\/revisions"}],"predecessor-version":[{"id":11015,"href":"https:\/\/www.organisator.ch\/fr\/wp-json\/wp\/v2\/posts\/10102\/revisions\/11015"}],"wp:featuredmedia":[{"embeddable":true,"href":"https:\/\/www.organisator.ch\/fr\/wp-json\/wp\/v2\/media\/9626"}],"wp:attachment":[{"href":"https:\/\/www.organisator.ch\/fr\/wp-json\/wp\/v2\/media?parent=10102"}],"wp:term":[{"taxonomy":"category","embeddable":true,"href":"https:\/\/www.organisator.ch\/fr\/wp-json\/wp\/v2\/categories?post=10102"},{"taxonomy":"post_tag","embeddable":true,"href":"https:\/\/www.organisator.ch\/fr\/wp-json\/wp\/v2\/tags?post=10102"}],"curies":[{"name":"wp","href":"https:\/\/api.w.org\/{rel}","templated":true}]}}