{"id":10104,"date":"2019-07-29T14:12:56","date_gmt":"2019-07-29T12:12:56","guid":{"rendered":"https:\/\/www.umweltperspektiven.ch\/?p=2349"},"modified":"2024-11-07T06:51:35","modified_gmt":"2024-11-07T05:51:35","slug":"fuer-insekten-vom-reden-ins-handeln","status":"publish","type":"post","link":"https:\/\/www.organisator.ch\/fr\/sustainability\/2019-07-29\/fuer-insekten-vom-reden-ins-handeln\/","title":{"rendered":"Pour les insectes : Du discours \u00e0 l'action"},"content":{"rendered":"<figure id=\"attachment_2351\" aria-describedby=\"caption-attachment-2351\" style=\"width: 680px\" class=\"wp-caption alignnone\"><img loading=\"lazy\" decoding=\"async\" class=\"wp-image-2351 size-medium\" src=\"https:\/\/www.organisator.ch\/wp-content\/uploads\/2019\/07\/InsektenRetten-680x456.jpg\" alt=\"Insectes Suisse\" width=\"680\" height=\"456\" srcset=\"https:\/\/www.organisator.ch\/wp-content\/uploads\/2019\/07\/InsektenRetten-680x456.jpg 680w, https:\/\/www.organisator.ch\/wp-content\/uploads\/2019\/07\/InsektenRetten-1024x687.jpg 1024w, https:\/\/www.organisator.ch\/wp-content\/uploads\/2019\/07\/InsektenRetten-768x515.jpg 768w, https:\/\/www.organisator.ch\/wp-content\/uploads\/2019\/07\/InsektenRetten-1536x1030.jpg 1536w, https:\/\/www.organisator.ch\/wp-content\/uploads\/2019\/07\/InsektenRetten-18x12.jpg 18w, https:\/\/www.organisator.ch\/wp-content\/uploads\/2019\/07\/InsektenRetten-261x175.jpg 261w, https:\/\/www.organisator.ch\/wp-content\/uploads\/2019\/07\/InsektenRetten-522x350.jpg 522w, https:\/\/www.organisator.ch\/wp-content\/uploads\/2019\/07\/InsektenRetten-1193x800.jpg 1193w, https:\/\/www.organisator.ch\/wp-content\/uploads\/2019\/07\/InsektenRetten-920x617.jpg 920w, https:\/\/www.organisator.ch\/wp-content\/uploads\/2019\/07\/InsektenRetten-1400x939.jpg 1400w, https:\/\/www.organisator.ch\/wp-content\/uploads\/2019\/07\/InsektenRetten-300x201.jpg 300w, https:\/\/www.organisator.ch\/wp-content\/uploads\/2019\/07\/InsektenRetten.jpg 2048w\" sizes=\"auto, (max-width: 680px) 100vw, 680px\" \/><figcaption id=\"caption-attachment-2351\" class=\"wp-caption-text\">\"Nous voulons renverser le secteur des biocides et inspirer d'autres secteurs\", explique l'initiateur d'Insect Respect, le Dr Hans-Dietrich Reckhaus. En 2015, il a re\u00e7u pour cela le prix suisse de l'\u00e9thique, et en 2018 le prix du Top 100 des innovateurs. L'\u00e9l\u00e9ment d\u00e9clencheur de la transformation de l'entreprise a \u00e9t\u00e9 le dialogue avec les artistes conceptuels suisses Frank et Patrik Riklin. Ils ont initi\u00e9 le contre-mouvement \"sauver au lieu de tuer\" et ont mis en \u0153uvre en 2012, avec Hans-Dietrich Reck-haus, l'action \"sauver les mouches\". (<a href=\"\/\/www.fliegenretten.de\">www.fliegenretten.de<\/a>\/ <a href=\"\/\/www.insect-respect.org\">www.insect-respect.org<\/a>)<\/figcaption><\/figure>\n<p>Pour lutter contre la disparition des insectes, l'engagement de nombreuses parties est n\u00e9cessaire : De la politique \u00e0 la soci\u00e9t\u00e9 civile, en passant par l'\u00e9conomie, la recherche et le public. La Journ\u00e9e des insectes en Suisse doit rendre visibles, imm\u00e9diatement mais aussi \u00e0 long terme, les acteurs et les activit\u00e9s li\u00e9s aux insectes et \u00e0 la biodiversit\u00e9 et encourager la mise en r\u00e9seau de toutes les personnes int\u00e9ress\u00e9es. C'est ainsi que se d\u00e9veloppe un r\u00e9seau de personnes engag\u00e9es qui \u0153uvrent ensemble pour le bien-\u00eatre des insectes.<\/p>\n<p>Il est grand temps de respecter les insectes - pr\u00e9cis\u00e9ment parce qu'on les combat parfois. Ils assument de nombreuses fonctions pr\u00e9cieuses. Edward Wilson, entomologiste am\u00e9ricain renomm\u00e9, a calcul\u00e9 que sans les insectes, les hommes ne pourraient survivre que quelques mois. Mais le nombre et la diversit\u00e9 des insectes diminuent dramatiquement : en Suisse, les listes rouges montrent que plus de 40 % des esp\u00e8ces d'insectes sont menac\u00e9es et que 5 % ont d\u00e9j\u00e0 disparu.<\/p>\n<p>Dans certaines r\u00e9gions germanophones, leur nombre a diminu\u00e9 jusqu'\u00e0 80 %.<\/p>\n<p><strong>Dix bonnes raisons de respecter les insectes :<\/strong><br \/>\n<em>1. \u00e9cosyst\u00e8me : les insectes donnent plus de r\u00e9sistance \u00e0 la nature<\/em><br \/>\n<em>2. la pollinisation : les insectes maintiennent la flore en vie<\/em><br \/>\n<em>3e cycle : Les insectes sont un \u00e9l\u00e9ment important de la cha\u00eene alimentaire.<\/em><br \/>\n<em>4. la nourriture et l'alimentation : Les insectes assurent l'alimentation mondiale.<\/em><br \/>\n<em>5. hygi\u00e8ne : les insectes nous d\u00e9barrassent des \"d\u00e9chets\".<\/em><br \/>\n<em>6. les sols : les insectes rendent notre terre fertile<\/em><br \/>\n<em>7. les v\u00eatements : Les insectes sont indispensables \u00e0 la production de textiles.<\/em><br \/>\n<em>8. industrie : les insectes produisent des produits chimiques<\/em><br \/>\n<em>9e m\u00e9decine : soigner les insectes.<\/em><br \/>\n<em>10. recherche : les insectes sont extr\u00eamement pr\u00e9cieux sur le plan scientifique.<\/em><\/p>\n<p>Sur le site <a href=\"\/\/www.birdlife.ch\/de\/content\/tag-der-insekten-schweiz#1\">1\u00e8re Journ\u00e9e des insectes en Suisse<\/a> il y a un an, plus de 220 personnes de tout le pays y avaient d\u00e9j\u00e0 particip\u00e9 afin de se mettre en r\u00e9seau et d'unir leurs forces. Ce grand \u00e9cho encourage les organisateurs \u00e0 reconduire le congr\u00e8s.<\/p>\n<p>Les participants sont cette fois entre autres<\/p>\n<ul>\n<li>Dr. Jane Goodall, DBE (ambassadrice vid\u00e9o)<\/li>\n<li>Josef H. Reichholf, zoologue (conf\u00e9rencier d'honneur)<\/li>\n<li>Dr. Yves Gonseth, info fauna<\/li>\n<li>Ulrich Veith, maire de la commune sans pesticides de Mals (Tyrol du Sud)<\/li>\n<li>Fredy Hiestand, propri\u00e9taire d'une boulangerie<\/li>\n<li>Fran\u00e7ois Turrian, BirdLife Suisse<\/li>\n<li>Dr. Hans-Dietrich Reckhaus, Insect Respect<\/li>\n<li>et d'autres encore<\/li>\n<li>\u00a0<\/li>\n<\/ul>\n<p><strong>Journ\u00e9e des insectes en Suisse :<br \/>\n19 septembre 2019, 9h - 17h30<br \/>\nCentre de culture et de congr\u00e8s d'Aarau<\/strong><br \/>\nKeynotes, d\u00e9jeuner, r\u00e9seautage, ateliers, podium, ap\u00e9ro riche<\/p>\n<p><strong>Veille : De petites aides aux grands effets<br \/>\n18 septembre 2019, 16h - 21h<br \/>\nNaturama Argovie<\/strong><br \/>\n16:00 - 18:00 Conf\u00e9rences. Lieu : Naturama Aargau. Co\u00fbt : CHF 20.-<br \/>\n19:00 - 21:00 heures Excursion. Lieu de rendez-vous : Naturama Aargau. Co\u00fbt : CHF 20.-<\/p>\n<p>La veille de la Journ\u00e9e des insectes, le public int\u00e9ress\u00e9 se retrouve au Naturama \u00e0 16h00 pour des conf\u00e9rences sur les multiples fonctions des insectes dans nos \u00e9cosyst\u00e8mes. Apr\u00e8s une pause avec restauration, une excursion sur le th\u00e8me des chauves-souris d\u00e9butera \u00e0 19h00. L'importance des insectes en tant que nourriture pour d'autres animaux y sera d\u00e9montr\u00e9e. Les deux manifestations peuvent \u00eatre suivies s\u00e9par\u00e9ment.<\/p>\n<p><a href=\"\/\/www.birdlife.ch\/tag-der-insekten\">www.birdlife.ch\/tag-der-insekten<\/a><\/p>","protected":false},"excerpt":{"rendered":"<p>Um dem Insekten-Sterben entgegenzuwirken, braucht es das Engagement vieler Seiten: Von Politik \u00fcber Wirtschaft, Forschung, \u00d6ffentlichkeit bis hin zur Zivilgesellschaft. Der Tag der Insekten Schweiz soll unmittelbar, aber auch langfristig Akteure und Aktivit\u00e4ten rund um Insekten und Biodiversit\u00e4t sichtbar machen und die Vernetzung aller Interessierten f\u00f6rdern. So w\u00e4chst ein Netzwerk von Engagierten, die sich gemeinsam [&hellip;]<\/p>\n","protected":false},"author":5,"featured_media":2351,"comment_status":"closed","ping_status":"closed","sticky":false,"template":"","format":"standard","meta":{"_acf_changed":false,"_yoast_wpseo_focuskw":"Insekten Schweiz","_yoast_wpseo_metadesc":"Der Tag der Insekten Schweiz f\u00f6rdert Engagement und Vernetzung f\u00fcr den Schutz von Insekten und Biodiversit\u00e4t.","articlekey":"","footnotes":""},"categories":[580],"tags":[652,1426,2434],"class_list":["post-10104","post","type-post","status-publish","format-standard","has-post-thumbnail","hentry","category-sustainability","tag-aarau","tag-insektensterben","tag-veranstaltung"],"acf":[],"yoast_head":"<!-- This site is optimized with the Yoast SEO plugin v27.5 - https:\/\/yoast.com\/product\/yoast-seo-wordpress\/ -->\n<title>F\u00fcr Insekten: Vom Reden ins Handeln - Organisator<\/title>\n<meta name=\"description\" content=\"Der Tag der Insekten Schweiz f\u00f6rdert Engagement und Vernetzung f\u00fcr den Schutz von Insekten und Biodiversit\u00e4t.\" \/>\n<meta name=\"robots\" content=\"index, follow, max-snippet:-1, max-image-preview:large, max-video-preview:-1\" \/>\n<link rel=\"canonical\" href=\"https:\/\/www.organisator.ch\/fr\/sustainability\/2019-07-29\/fuer-insekten-vom-reden-ins-handeln\/\" \/>\n<meta property=\"og:locale\" content=\"fr_FR\" \/>\n<meta property=\"og:type\" content=\"article\" \/>\n<meta property=\"og:title\" content=\"F\u00fcr Insekten: Vom Reden ins Handeln - Organisator\" \/>\n<meta property=\"og:description\" content=\"Der Tag der Insekten Schweiz f\u00f6rdert Engagement und Vernetzung f\u00fcr den Schutz von Insekten und Biodiversit\u00e4t.\" \/>\n<meta property=\"og:url\" content=\"https:\/\/www.organisator.ch\/fr\/sustainability\/2019-07-29\/fuer-insekten-vom-reden-ins-handeln\/\" \/>\n<meta property=\"og:site_name\" content=\"Organisator\" \/>\n<meta property=\"article:publisher\" content=\"https:\/\/www.facebook.com\/OrganisatorFachmagazin\" \/>\n<meta property=\"article:published_time\" content=\"2019-07-29T12:12:56+00:00\" \/>\n<meta property=\"article:modified_time\" content=\"2024-11-07T05:51:35+00:00\" \/>\n<meta property=\"og:image\" content=\"https:\/\/www.organisator.ch\/wp-content\/uploads\/2019\/07\/InsektenRetten.jpg\" \/>\n\t<meta property=\"og:image:width\" content=\"2048\" \/>\n\t<meta property=\"og:image:height\" content=\"1373\" \/>\n\t<meta property=\"og:image:type\" content=\"image\/jpeg\" \/>\n<meta name=\"author\" content=\"michael.merz\" \/>\n<meta name=\"twitter:card\" content=\"summary_large_image\" \/>\n<script type=\"application\/ld+json\" class=\"yoast-schema-graph\">{\"@context\":\"https:\\\/\\\/schema.org\",\"@graph\":[{\"@type\":\"Article\",\"@id\":\"https:\\\/\\\/www.organisator.ch\\\/sustainability\\\/2019-07-29\\\/fuer-insekten-vom-reden-ins-handeln\\\/#article\",\"isPartOf\":{\"@id\":\"https:\\\/\\\/www.organisator.ch\\\/sustainability\\\/2019-07-29\\\/fuer-insekten-vom-reden-ins-handeln\\\/\"},\"author\":{\"name\":\"michael.merz\",\"@id\":\"https:\\\/\\\/www.organisator.ch\\\/#\\\/schema\\\/person\\\/134708ca9321c57b0362cceb7948ffbd\"},\"headline\":\"F\u00fcr Insekten: Vom Reden ins Handeln\",\"datePublished\":\"2019-07-29T12:12:56+00:00\",\"dateModified\":\"2024-11-07T05:51:35+00:00\",\"mainEntityOfPage\":{\"@id\":\"https:\\\/\\\/www.organisator.ch\\\/sustainability\\\/2019-07-29\\\/fuer-insekten-vom-reden-ins-handeln\\\/\"},\"wordCount\":503,\"publisher\":{\"@id\":\"https:\\\/\\\/www.organisator.ch\\\/#organization\"},\"image\":{\"@id\":\"https:\\\/\\\/www.organisator.ch\\\/sustainability\\\/2019-07-29\\\/fuer-insekten-vom-reden-ins-handeln\\\/#primaryimage\"},\"thumbnailUrl\":\"https:\\\/\\\/www.organisator.ch\\\/wp-content\\\/uploads\\\/2019\\\/07\\\/InsektenRetten.jpg\",\"keywords\":[\"Aarau\",\"Insektensterben\",\"Veranstaltung\"],\"articleSection\":[\"SUSTAINABILITY\"],\"inLanguage\":\"fr-FR\"},{\"@type\":\"WebPage\",\"@id\":\"https:\\\/\\\/www.organisator.ch\\\/sustainability\\\/2019-07-29\\\/fuer-insekten-vom-reden-ins-handeln\\\/\",\"url\":\"https:\\\/\\\/www.organisator.ch\\\/sustainability\\\/2019-07-29\\\/fuer-insekten-vom-reden-ins-handeln\\\/\",\"name\":\"F\u00fcr Insekten: Vom Reden ins Handeln - Organisator\",\"isPartOf\":{\"@id\":\"https:\\\/\\\/www.organisator.ch\\\/#website\"},\"primaryImageOfPage\":{\"@id\":\"https:\\\/\\\/www.organisator.ch\\\/sustainability\\\/2019-07-29\\\/fuer-insekten-vom-reden-ins-handeln\\\/#primaryimage\"},\"image\":{\"@id\":\"https:\\\/\\\/www.organisator.ch\\\/sustainability\\\/2019-07-29\\\/fuer-insekten-vom-reden-ins-handeln\\\/#primaryimage\"},\"thumbnailUrl\":\"https:\\\/\\\/www.organisator.ch\\\/wp-content\\\/uploads\\\/2019\\\/07\\\/InsektenRetten.jpg\",\"datePublished\":\"2019-07-29T12:12:56+00:00\",\"dateModified\":\"2024-11-07T05:51:35+00:00\",\"description\":\"Der Tag der Insekten Schweiz f\u00f6rdert Engagement und Vernetzung f\u00fcr den Schutz von Insekten und Biodiversit\u00e4t.\",\"breadcrumb\":{\"@id\":\"https:\\\/\\\/www.organisator.ch\\\/sustainability\\\/2019-07-29\\\/fuer-insekten-vom-reden-ins-handeln\\\/#breadcrumb\"},\"inLanguage\":\"fr-FR\",\"potentialAction\":[{\"@type\":\"ReadAction\",\"target\":[\"https:\\\/\\\/www.organisator.ch\\\/sustainability\\\/2019-07-29\\\/fuer-insekten-vom-reden-ins-handeln\\\/\"]}]},{\"@type\":\"ImageObject\",\"inLanguage\":\"fr-FR\",\"@id\":\"https:\\\/\\\/www.organisator.ch\\\/sustainability\\\/2019-07-29\\\/fuer-insekten-vom-reden-ins-handeln\\\/#primaryimage\",\"url\":\"https:\\\/\\\/www.organisator.ch\\\/wp-content\\\/uploads\\\/2019\\\/07\\\/InsektenRetten.jpg\",\"contentUrl\":\"https:\\\/\\\/www.organisator.ch\\\/wp-content\\\/uploads\\\/2019\\\/07\\\/InsektenRetten.jpg\",\"width\":2048,\"height\":1373,\"caption\":\"\u201eWir m\u00f6chten die Biozid-Branche umdrehen und weitere Sektoren inspirieren\u201c, so der Initiator von Insect Respect, Dr. Hans-Dietrich Reckhaus. 2015 erhielt er daf\u00fcr den Schweizer Ethikpreis, 2018 den Preis als Top 100 Innovator. Ausl\u00f6ser f\u00fcr den Unternehmenswandel und das weltweit einzigartige Ausgleichsmo-dell war der Dialog mit den Schweizer Konzeptk\u00fcnstlern Frank und Patrik Riklin. Sie initiierten die Gegenbewegung \u201eretten statt t\u00f6ten\\\" und setzten 2012 gemeinsam mit Hans-Dietrich Reck-haus die Aktion \u201eFliegen retten\\\" um. (www.fliegenretten.de) www.insect-respect.org\"},{\"@type\":\"BreadcrumbList\",\"@id\":\"https:\\\/\\\/www.organisator.ch\\\/sustainability\\\/2019-07-29\\\/fuer-insekten-vom-reden-ins-handeln\\\/#breadcrumb\",\"itemListElement\":[{\"@type\":\"ListItem\",\"position\":1,\"name\":\"Home\",\"item\":\"https:\\\/\\\/www.organisator.ch\\\/\"},{\"@type\":\"ListItem\",\"position\":2,\"name\":\"F\u00fcr Insekten: Vom Reden ins Handeln\"}]},{\"@type\":\"WebSite\",\"@id\":\"https:\\\/\\\/www.organisator.ch\\\/#website\",\"url\":\"https:\\\/\\\/www.organisator.ch\\\/\",\"name\":\"Organisator\",\"description\":\"Kompetent. Praxisnah. Der ORGANISATOR bereitet in 10 Ausgaben pro Jahr die wesentlichen Themen f\u00fcr F\u00fchrungskr\u00e4fte von KMU auf.\",\"publisher\":{\"@id\":\"https:\\\/\\\/www.organisator.ch\\\/#organization\"},\"potentialAction\":[{\"@type\":\"SearchAction\",\"target\":{\"@type\":\"EntryPoint\",\"urlTemplate\":\"https:\\\/\\\/www.organisator.ch\\\/?s={search_term_string}\"},\"query-input\":{\"@type\":\"PropertyValueSpecification\",\"valueRequired\":true,\"valueName\":\"search_term_string\"}}],\"inLanguage\":\"fr-FR\"},{\"@type\":\"Organization\",\"@id\":\"https:\\\/\\\/www.organisator.ch\\\/#organization\",\"name\":\"Organisator\",\"url\":\"https:\\\/\\\/www.organisator.ch\\\/\",\"logo\":{\"@type\":\"ImageObject\",\"inLanguage\":\"fr-FR\",\"@id\":\"https:\\\/\\\/www.organisator.ch\\\/#\\\/schema\\\/logo\\\/image\\\/\",\"url\":\"https:\\\/\\\/www.organisator.ch\\\/wp-content\\\/uploads\\\/2022\\\/01\\\/Logo_Organisator_Website.png\",\"contentUrl\":\"https:\\\/\\\/www.organisator.ch\\\/wp-content\\\/uploads\\\/2022\\\/01\\\/Logo_Organisator_Website.png\",\"width\":800,\"height\":77,\"caption\":\"Organisator\"},\"image\":{\"@id\":\"https:\\\/\\\/www.organisator.ch\\\/#\\\/schema\\\/logo\\\/image\\\/\"},\"sameAs\":[\"https:\\\/\\\/www.facebook.com\\\/OrganisatorFachmagazin\",\"https:\\\/\\\/www.linkedin.com\\\/showcase\\\/organisator-das-magazin-fr-kmu\",\"https:\\\/\\\/www.xing.com\\\/news\\\/pages\\\/organisator-ch-695\",\"https:\\\/\\\/www.youtube.com\\\/channel\\\/UCGP2Sq0iWaZwT3BdIAQFYpw\"]},{\"@type\":\"Person\",\"@id\":\"https:\\\/\\\/www.organisator.ch\\\/#\\\/schema\\\/person\\\/134708ca9321c57b0362cceb7948ffbd\",\"name\":\"michael.merz\",\"image\":{\"@type\":\"ImageObject\",\"inLanguage\":\"fr-FR\",\"@id\":\"https:\\\/\\\/secure.gravatar.com\\\/avatar\\\/?s=96&d=mm&r=g\",\"url\":\"https:\\\/\\\/secure.gravatar.com\\\/avatar\\\/?s=96&d=mm&r=g\",\"contentUrl\":\"https:\\\/\\\/secure.gravatar.com\\\/avatar\\\/?s=96&d=mm&r=g\",\"caption\":\"michael.merz\"},\"url\":\"https:\\\/\\\/www.organisator.ch\\\/fr\\\/author\\\/michael-merz\\\/\"}]}<\/script>\n<!-- \/ Yoast SEO plugin. -->","yoast_head_json":{"title":"Pour les insectes : Du discours \u00e0 l'action - Organisateur","description":"La Journ\u00e9e Suisse des Insectes encourage l'engagement et la mise en r\u00e9seau pour la protection des insectes et de la biodiversit\u00e9.","robots":{"index":"index","follow":"follow","max-snippet":"max-snippet:-1","max-image-preview":"max-image-preview:large","max-video-preview":"max-video-preview:-1"},"canonical":"https:\/\/www.organisator.ch\/fr\/sustainability\/2019-07-29\/fuer-insekten-vom-reden-ins-handeln\/","og_locale":"fr_FR","og_type":"article","og_title":"F\u00fcr Insekten: Vom Reden ins Handeln - Organisator","og_description":"Der Tag der Insekten Schweiz f\u00f6rdert Engagement und Vernetzung f\u00fcr den Schutz von Insekten und Biodiversit\u00e4t.","og_url":"https:\/\/www.organisator.ch\/fr\/sustainability\/2019-07-29\/fuer-insekten-vom-reden-ins-handeln\/","og_site_name":"Organisator","article_publisher":"https:\/\/www.facebook.com\/OrganisatorFachmagazin","article_published_time":"2019-07-29T12:12:56+00:00","article_modified_time":"2024-11-07T05:51:35+00:00","og_image":[{"width":2048,"height":1373,"url":"https:\/\/www.organisator.ch\/wp-content\/uploads\/2019\/07\/InsektenRetten.jpg","type":"image\/jpeg"}],"author":"michael.merz","twitter_card":"summary_large_image","schema":{"@context":"https:\/\/schema.org","@graph":[{"@type":"Article","@id":"https:\/\/www.organisator.ch\/sustainability\/2019-07-29\/fuer-insekten-vom-reden-ins-handeln\/#article","isPartOf":{"@id":"https:\/\/www.organisator.ch\/sustainability\/2019-07-29\/fuer-insekten-vom-reden-ins-handeln\/"},"author":{"name":"michael.merz","@id":"https:\/\/www.organisator.ch\/#\/schema\/person\/134708ca9321c57b0362cceb7948ffbd"},"headline":"F\u00fcr Insekten: Vom Reden ins Handeln","datePublished":"2019-07-29T12:12:56+00:00","dateModified":"2024-11-07T05:51:35+00:00","mainEntityOfPage":{"@id":"https:\/\/www.organisator.ch\/sustainability\/2019-07-29\/fuer-insekten-vom-reden-ins-handeln\/"},"wordCount":503,"publisher":{"@id":"https:\/\/www.organisator.ch\/#organization"},"image":{"@id":"https:\/\/www.organisator.ch\/sustainability\/2019-07-29\/fuer-insekten-vom-reden-ins-handeln\/#primaryimage"},"thumbnailUrl":"https:\/\/www.organisator.ch\/wp-content\/uploads\/2019\/07\/InsektenRetten.jpg","keywords":["Aarau","Insektensterben","Veranstaltung"],"articleSection":["SUSTAINABILITY"],"inLanguage":"fr-FR"},{"@type":"WebPage","@id":"https:\/\/www.organisator.ch\/sustainability\/2019-07-29\/fuer-insekten-vom-reden-ins-handeln\/","url":"https:\/\/www.organisator.ch\/sustainability\/2019-07-29\/fuer-insekten-vom-reden-ins-handeln\/","name":"Pour les insectes : Du discours \u00e0 l'action - Organisateur","isPartOf":{"@id":"https:\/\/www.organisator.ch\/#website"},"primaryImageOfPage":{"@id":"https:\/\/www.organisator.ch\/sustainability\/2019-07-29\/fuer-insekten-vom-reden-ins-handeln\/#primaryimage"},"image":{"@id":"https:\/\/www.organisator.ch\/sustainability\/2019-07-29\/fuer-insekten-vom-reden-ins-handeln\/#primaryimage"},"thumbnailUrl":"https:\/\/www.organisator.ch\/wp-content\/uploads\/2019\/07\/InsektenRetten.jpg","datePublished":"2019-07-29T12:12:56+00:00","dateModified":"2024-11-07T05:51:35+00:00","description":"La Journ\u00e9e Suisse des Insectes encourage l'engagement et la mise en r\u00e9seau pour la protection des insectes et de la biodiversit\u00e9.","breadcrumb":{"@id":"https:\/\/www.organisator.ch\/sustainability\/2019-07-29\/fuer-insekten-vom-reden-ins-handeln\/#breadcrumb"},"inLanguage":"fr-FR","potentialAction":[{"@type":"ReadAction","target":["https:\/\/www.organisator.ch\/sustainability\/2019-07-29\/fuer-insekten-vom-reden-ins-handeln\/"]}]},{"@type":"ImageObject","inLanguage":"fr-FR","@id":"https:\/\/www.organisator.ch\/sustainability\/2019-07-29\/fuer-insekten-vom-reden-ins-handeln\/#primaryimage","url":"https:\/\/www.organisator.ch\/wp-content\/uploads\/2019\/07\/InsektenRetten.jpg","contentUrl":"https:\/\/www.organisator.ch\/wp-content\/uploads\/2019\/07\/InsektenRetten.jpg","width":2048,"height":1373,"caption":"\u201eWir m\u00f6chten die Biozid-Branche umdrehen und weitere Sektoren inspirieren\u201c, so der Initiator von Insect Respect, Dr. Hans-Dietrich Reckhaus. 2015 erhielt er daf\u00fcr den Schweizer Ethikpreis, 2018 den Preis als Top 100 Innovator. Ausl\u00f6ser f\u00fcr den Unternehmenswandel und das weltweit einzigartige Ausgleichsmo-dell war der Dialog mit den Schweizer Konzeptk\u00fcnstlern Frank und Patrik Riklin. Sie initiierten die Gegenbewegung \u201eretten statt t\u00f6ten\" und setzten 2012 gemeinsam mit Hans-Dietrich Reck-haus die Aktion \u201eFliegen retten\" um. (www.fliegenretten.de) www.insect-respect.org"},{"@type":"BreadcrumbList","@id":"https:\/\/www.organisator.ch\/sustainability\/2019-07-29\/fuer-insekten-vom-reden-ins-handeln\/#breadcrumb","itemListElement":[{"@type":"ListItem","position":1,"name":"Home","item":"https:\/\/www.organisator.ch\/"},{"@type":"ListItem","position":2,"name":"F\u00fcr Insekten: Vom Reden ins Handeln"}]},{"@type":"WebSite","@id":"https:\/\/www.organisator.ch\/#website","url":"https:\/\/www.organisator.ch\/","name":"Organisateur","description":"Comp\u00e9tence et comp\u00e9tence. Proches de la pratique. L'ORGANISATEUR pr\u00e9pare 10 num\u00e9ros par an sur les th\u00e8mes essentiels pour les dirigeants de PME.","publisher":{"@id":"https:\/\/www.organisator.ch\/#organization"},"potentialAction":[{"@type":"SearchAction","target":{"@type":"EntryPoint","urlTemplate":"https:\/\/www.organisator.ch\/?s={search_term_string}"},"query-input":{"@type":"PropertyValueSpecification","valueRequired":true,"valueName":"search_term_string"}}],"inLanguage":"fr-FR"},{"@type":"Organization","@id":"https:\/\/www.organisator.ch\/#organization","name":"Organisateur","url":"https:\/\/www.organisator.ch\/","logo":{"@type":"ImageObject","inLanguage":"fr-FR","@id":"https:\/\/www.organisator.ch\/#\/schema\/logo\/image\/","url":"https:\/\/www.organisator.ch\/wp-content\/uploads\/2022\/01\/Logo_Organisator_Website.png","contentUrl":"https:\/\/www.organisator.ch\/wp-content\/uploads\/2022\/01\/Logo_Organisator_Website.png","width":800,"height":77,"caption":"Organisator"},"image":{"@id":"https:\/\/www.organisator.ch\/#\/schema\/logo\/image\/"},"sameAs":["https:\/\/www.facebook.com\/OrganisatorFachmagazin","https:\/\/www.linkedin.com\/showcase\/organisator-das-magazin-fr-kmu","https:\/\/www.xing.com\/news\/pages\/organisator-ch-695","https:\/\/www.youtube.com\/channel\/UCGP2Sq0iWaZwT3BdIAQFYpw"]},{"@type":"Person","@id":"https:\/\/www.organisator.ch\/#\/schema\/person\/134708ca9321c57b0362cceb7948ffbd","name":"michael.merz","image":{"@type":"ImageObject","inLanguage":"fr-FR","@id":"https:\/\/secure.gravatar.com\/avatar\/?s=96&d=mm&r=g","url":"https:\/\/secure.gravatar.com\/avatar\/?s=96&d=mm&r=g","contentUrl":"https:\/\/secure.gravatar.com\/avatar\/?s=96&d=mm&r=g","caption":"michael.merz"},"url":"https:\/\/www.organisator.ch\/fr\/author\/michael-merz\/"}]}},"_links":{"self":[{"href":"https:\/\/www.organisator.ch\/fr\/wp-json\/wp\/v2\/posts\/10104","targetHints":{"allow":["GET"]}}],"collection":[{"href":"https:\/\/www.organisator.ch\/fr\/wp-json\/wp\/v2\/posts"}],"about":[{"href":"https:\/\/www.organisator.ch\/fr\/wp-json\/wp\/v2\/types\/post"}],"author":[{"embeddable":true,"href":"https:\/\/www.organisator.ch\/fr\/wp-json\/wp\/v2\/users\/5"}],"replies":[{"embeddable":true,"href":"https:\/\/www.organisator.ch\/fr\/wp-json\/wp\/v2\/comments?post=10104"}],"version-history":[{"count":3,"href":"https:\/\/www.organisator.ch\/fr\/wp-json\/wp\/v2\/posts\/10104\/revisions"}],"predecessor-version":[{"id":31630,"href":"https:\/\/www.organisator.ch\/fr\/wp-json\/wp\/v2\/posts\/10104\/revisions\/31630"}],"wp:featuredmedia":[{"embeddable":true,"href":"https:\/\/www.organisator.ch\/fr\/wp-json\/wp\/v2\/media\/2351"}],"wp:attachment":[{"href":"https:\/\/www.organisator.ch\/fr\/wp-json\/wp\/v2\/media?parent=10104"}],"wp:term":[{"taxonomy":"category","embeddable":true,"href":"https:\/\/www.organisator.ch\/fr\/wp-json\/wp\/v2\/categories?post=10104"},{"taxonomy":"post_tag","embeddable":true,"href":"https:\/\/www.organisator.ch\/fr\/wp-json\/wp\/v2\/tags?post=10104"}],"curies":[{"name":"wp","href":"https:\/\/api.w.org\/{rel}","templated":true}]}}