{"id":10106,"date":"2019-08-08T13:50:23","date_gmt":"2019-08-08T11:50:23","guid":{"rendered":"https:\/\/www.umweltperspektiven.ch\/?p=2363"},"modified":"2022-02-09T11:06:52","modified_gmt":"2022-02-09T10:06:52","slug":"ipcc-sonderbericht-belegt-dramatische-risiken-des-klimawandels","status":"publish","type":"post","link":"https:\/\/www.organisator.ch\/fr\/sustainability\/2019-08-08\/ipcc-sonderbericht-belegt-dramatische-risiken-des-klimawandels\/","title":{"rendered":"Le rapport sp\u00e9cial du GIEC d\u00e9montre les risques dramatiques du changement climatique"},"content":{"rendered":"<figure id=\"attachment_2364\" aria-describedby=\"caption-attachment-2364\" style=\"width: 640px\" class=\"wp-caption alignnone\"><img loading=\"lazy\" decoding=\"async\" class=\"size-full wp-image-2364\" src=\"\/\/www.umweltperspektiven.ch\/wp-content\/uploads\/2019\/08\/Weltklimawandel_eric-welch.jpg\" alt=\"\" width=\"640\" height=\"427\" srcset=\"https:\/\/www.organisator.ch\/wp-content\/uploads\/2019\/08\/Weltklimawandel_eric-welch.jpg 640w, https:\/\/www.organisator.ch\/wp-content\/uploads\/2019\/08\/Weltklimawandel_eric-welch-18x12.jpg 18w, https:\/\/www.organisator.ch\/wp-content\/uploads\/2019\/08\/Weltklimawandel_eric-welch-262x175.jpg 262w, https:\/\/www.organisator.ch\/wp-content\/uploads\/2019\/08\/Weltklimawandel_eric-welch-525x350.jpg 525w, https:\/\/www.organisator.ch\/wp-content\/uploads\/2019\/08\/Weltklimawandel_eric-welch-300x200.jpg 300w\" sizes=\"auto, (max-width: 640px) 100vw, 640px\" \/><figcaption id=\"caption-attachment-2364\" class=\"wp-caption-text\">Des mesures rapides et d\u00e9cisives de protection du climat et d'adaptation dans le secteur terrestre apporteraient des avantages \u00e0 court terme. Le rapport sp\u00e9cial du Groupe d'experts intergouvernemental sur l'\u00e9volution du climat informe \u00e9galement sur les cons\u00e9quences \u00e0 long terme. (Image : Unsplash_EricWalsh)<\/figcaption><\/figure>\n<p><span style=\"font-size: 10.0pt; font-family: 'Tahoma','sans-serif';\">La ministre f\u00e9d\u00e9rale de l'Environnement Svenja Schulze : \"Le rapport du Groupe d'experts intergouvernemental sur l'\u00e9volution du climat (GIEC) <\/span><span style=\"font-size: 10.0pt; font-family: 'Tahoma','sans-serif';\">montre que la protection du climat est une question existentielle pour nous, les \u00eatres humains. En effet, le changement climatique met en p\u00e9ril notre alimentation et nos moyens de subsistance. L'agriculture et la sylviculture sont des victimes de cette \u00e9volution, mais elles en sont aussi des responsables importants et font donc partie de la solution en mati\u00e8re de protection du climat. La mani\u00e8re dont l'humanit\u00e9 g\u00e8re la terre peut prot\u00e9ger le climat ou lui nuire. Le rapport nous montre que la protection du climat est r\u00e9alisable dans l'agriculture et la sylviculture, tout en apportant des avantages sociaux, \u00e9conomiques et environnementaux. La r\u00e9forme \u00e0 venir des aides agricoles de l'UE est une bonne occasion de mettre en place en Europe les bonnes incitations pour une meilleure protection du climat dans l'agriculture\".<\/span><\/p>\n<p><span style=\"font-size: 10.0pt; font-family: 'Tahoma','sans-serif';\">Dr Georg Sch\u00fctte, secr\u00e9taire d'\u00c9tat au minist\u00e8re f\u00e9d\u00e9ral de l'\u00c9ducation et de la Recherche : \"Gr\u00e2ce au soutien du gouvernement f\u00e9d\u00e9ral, l'Allemagne dispose d'une voix scientifique forte au sein du Conseil mondial du climat. La science nous exhorte \u00e0 prendre au s\u00e9rieux les r\u00e9sultats de plusieurs d\u00e9cennies de recherche. Les cons\u00e9quences de la s\u00e9cheresse de l'ann\u00e9e derni\u00e8re et de cette ann\u00e9e nous montrent, m\u00eame sous nos latitudes, que nous devons utiliser des technologies modernes pour g\u00e9rer durablement les ressources naturelles terrestres. Mais ce que nous savons faire aujourd'hui ne suffira pas. \u00c0 long terme, nous avons besoin d'efforts suppl\u00e9mentaires de la part de la science, par exemple pour cultiver des plantes r\u00e9sistantes \u00e0 la s\u00e9cheresse ou pour d\u00e9velopper des cha\u00eenes alimentaires qui entra\u00eenent moins de pertes apr\u00e8s la r\u00e9colte. Cela n'est souvent possible que dans le cadre d'une coop\u00e9ration internationale, comme le montrent nos centres de comp\u00e9tence du BMBF sur le changement climatique et l'utilisation des terres en Afrique de l'Ouest et en Afrique australe\".<\/span><\/p>\n<p><strong>Cons\u00e9quences alarmantes <\/strong><\/p>\n<p><span style=\"font-size: 10.0pt; font-family: 'Tahoma','sans-serif';\">Le rapport montre que pr\u00e8s d'un quart des \u00e9missions actuelles de gaz \u00e0 effet de serre d'origine humaine sont dues \u00e0 l'utilisation des terres, dont la sylviculture et l'agriculture. Parall\u00e8lement, la biosph\u00e8re terrestre agit comme un puits naturel de gaz \u00e0 effet de serre, car pr\u00e8s de 30 % des \u00e9missions de CO2 d'origine anthropique sont absorb\u00e9es par la v\u00e9g\u00e9tation et les sols.<\/span><\/p>\n<p><span style=\"font-size: 10.0pt; font-family: 'Tahoma','sans-serif';\">Les cons\u00e9quences du changement climatique sont d\u00e9j\u00e0 av\u00e9r\u00e9es. Avec l'augmentation du r\u00e9chauffement global, il faut s'attendre \u00e0 des effets n\u00e9gatifs sur les rendements des cultures, l'approvisionnement alimentaire, les prix des denr\u00e9es alimentaires et la disponibilit\u00e9 de l'eau. Des risques graves pourraient r\u00e9sulter de la perte de v\u00e9g\u00e9tation et de la disparition d'esp\u00e8ces, de l'augmentation des incendies de for\u00eat, de l'\u00e9rosion des sols et des c\u00f4tes ainsi que du d\u00e9gel accru du permafrost.<\/span><\/p>\n<p><span style=\"font-size: 10.0pt; font-family: 'Tahoma','sans-serif';\">Il existe des mesures efficaces qui permettent de lutter simultan\u00e9ment contre le changement climatique et la d\u00e9gradation des terres. Il s'agit notamment de la gestion durable des terres et des for\u00eats, ainsi que de mesures concernant le syst\u00e8me alimentaire, comme la r\u00e9duction du gaspillage alimentaire et des r\u00e9gimes moins gourmands en ressources.<\/span><\/p>\n<p><span style=\"font-size: 10.0pt; font-family: 'Tahoma','sans-serif';\">Une action rapide r\u00e9duit le risque de cons\u00e9quences irr\u00e9versibles pour la s\u00e9curit\u00e9 alimentaire et les \u00e9cosyst\u00e8mes terrestres, qui sont essentiels au bien-\u00eatre des populations. Le co\u00fbt des cons\u00e9quences du changement climatique d\u00e9passerait de loin le co\u00fbt d'une action climatique rapide dans de nombreux domaines.<\/span><\/p>\n<p><a href=\"\/\/www.ipcc.ch\/\">www.ipcc.ch<\/a><\/p>\n<p><span style=\"font-size: 10.0pt; font-family: 'Arial','sans-serif';\">\u00a0<\/span><\/p>","protected":false},"excerpt":{"rendered":"<p>Bundesumweltministerin Svenja Schulze: \u201eDer Bericht des Weltklimarats (IPCC-Sonderbericht) zeigt: Klimaschutz ist eine Existenzfrage f\u00fcr uns Menschen. Denn der Klimawandel gef\u00e4hrdet unsere Ern\u00e4hrungs- und Lebensgrundlagen. Die Land- und Forstwirtschaft ist ein Opfer dieser Entwicklung, aber sie ist auch ein wichtiger Verursacher und damit ein Teil der L\u00f6sung beim Klimaschutz. Die Art, wie die Menschheit mit dem [&hellip;]<\/p>\n","protected":false},"author":5,"featured_media":2364,"comment_status":"open","ping_status":"open","sticky":false,"template":"","format":"standard","meta":{"_acf_changed":false,"_yoast_wpseo_focuskw":"IPCC","_yoast_wpseo_metadesc":"Der heute in Genf vorgestellte Sonderbericht des Weltklimarats (IPCC) \u00fcber Klimawandel und Landsysteme offenbart substanzielle Risiken.","articlekey":"","footnotes":""},"categories":[580],"tags":[596,2156,2547],"class_list":["post-10106","post","type-post","status-publish","format-standard","has-post-thumbnail","hentry","category-sustainability","tag-klima","tag-sonderbericht","tag-weltklimarat"],"acf":[],"yoast_head":"<!-- This site is optimized with the Yoast SEO plugin v27.4 - https:\/\/yoast.com\/product\/yoast-seo-wordpress\/ -->\n<title>IPCC-Sonderbericht belegt dramatische Risiken des Klimawandels - Organisator<\/title>\n<meta name=\"description\" content=\"Der heute in Genf vorgestellte Sonderbericht des Weltklimarats (IPCC) \u00fcber Klimawandel und Landsysteme offenbart substanzielle Risiken.\" \/>\n<meta name=\"robots\" content=\"index, follow, max-snippet:-1, max-image-preview:large, max-video-preview:-1\" \/>\n<link rel=\"canonical\" href=\"https:\/\/www.organisator.ch\/fr\/sustainability\/2019-08-08\/ipcc-sonderbericht-belegt-dramatische-risiken-des-klimawandels\/\" \/>\n<meta property=\"og:locale\" content=\"fr_FR\" \/>\n<meta property=\"og:type\" content=\"article\" \/>\n<meta property=\"og:title\" content=\"IPCC-Sonderbericht belegt dramatische Risiken des Klimawandels - Organisator\" \/>\n<meta property=\"og:description\" content=\"Der heute in Genf vorgestellte Sonderbericht des Weltklimarats (IPCC) \u00fcber Klimawandel und Landsysteme offenbart substanzielle Risiken.\" \/>\n<meta property=\"og:url\" content=\"https:\/\/www.organisator.ch\/fr\/sustainability\/2019-08-08\/ipcc-sonderbericht-belegt-dramatische-risiken-des-klimawandels\/\" \/>\n<meta property=\"og:site_name\" content=\"Organisator\" \/>\n<meta property=\"article:publisher\" content=\"https:\/\/www.facebook.com\/OrganisatorFachmagazin\" \/>\n<meta property=\"article:published_time\" content=\"2019-08-08T11:50:23+00:00\" \/>\n<meta property=\"article:modified_time\" content=\"2022-02-09T10:06:52+00:00\" \/>\n<meta property=\"og:image\" content=\"https:\/\/www.organisator.ch\/wp-content\/uploads\/2019\/08\/Weltklimawandel_eric-welch.jpg\" \/>\n\t<meta property=\"og:image:width\" content=\"640\" \/>\n\t<meta property=\"og:image:height\" content=\"427\" \/>\n\t<meta property=\"og:image:type\" content=\"image\/jpeg\" \/>\n<meta name=\"author\" content=\"michael.merz\" \/>\n<meta name=\"twitter:card\" content=\"summary_large_image\" \/>\n<script type=\"application\/ld+json\" class=\"yoast-schema-graph\">{\"@context\":\"https:\\\/\\\/schema.org\",\"@graph\":[{\"@type\":\"Article\",\"@id\":\"https:\\\/\\\/www.organisator.ch\\\/sustainability\\\/2019-08-08\\\/ipcc-sonderbericht-belegt-dramatische-risiken-des-klimawandels\\\/#article\",\"isPartOf\":{\"@id\":\"https:\\\/\\\/www.organisator.ch\\\/sustainability\\\/2019-08-08\\\/ipcc-sonderbericht-belegt-dramatische-risiken-des-klimawandels\\\/\"},\"author\":{\"name\":\"michael.merz\",\"@id\":\"https:\\\/\\\/www.organisator.ch\\\/#\\\/schema\\\/person\\\/134708ca9321c57b0362cceb7948ffbd\"},\"headline\":\"IPCC-Sonderbericht belegt dramatische Risiken des Klimawandels\",\"datePublished\":\"2019-08-08T11:50:23+00:00\",\"dateModified\":\"2022-02-09T10:06:52+00:00\",\"mainEntityOfPage\":{\"@id\":\"https:\\\/\\\/www.organisator.ch\\\/sustainability\\\/2019-08-08\\\/ipcc-sonderbericht-belegt-dramatische-risiken-des-klimawandels\\\/\"},\"wordCount\":461,\"commentCount\":0,\"publisher\":{\"@id\":\"https:\\\/\\\/www.organisator.ch\\\/#organization\"},\"image\":{\"@id\":\"https:\\\/\\\/www.organisator.ch\\\/sustainability\\\/2019-08-08\\\/ipcc-sonderbericht-belegt-dramatische-risiken-des-klimawandels\\\/#primaryimage\"},\"thumbnailUrl\":\"https:\\\/\\\/www.organisator.ch\\\/wp-content\\\/uploads\\\/2019\\\/08\\\/Weltklimawandel_eric-welch.jpg\",\"keywords\":[\"KLIMA\",\"Sonderbericht\",\"Weltklimarat\"],\"articleSection\":[\"SUSTAINABILITY\"],\"inLanguage\":\"fr-FR\"},{\"@type\":\"WebPage\",\"@id\":\"https:\\\/\\\/www.organisator.ch\\\/sustainability\\\/2019-08-08\\\/ipcc-sonderbericht-belegt-dramatische-risiken-des-klimawandels\\\/\",\"url\":\"https:\\\/\\\/www.organisator.ch\\\/sustainability\\\/2019-08-08\\\/ipcc-sonderbericht-belegt-dramatische-risiken-des-klimawandels\\\/\",\"name\":\"IPCC-Sonderbericht belegt dramatische Risiken des Klimawandels - Organisator\",\"isPartOf\":{\"@id\":\"https:\\\/\\\/www.organisator.ch\\\/#website\"},\"primaryImageOfPage\":{\"@id\":\"https:\\\/\\\/www.organisator.ch\\\/sustainability\\\/2019-08-08\\\/ipcc-sonderbericht-belegt-dramatische-risiken-des-klimawandels\\\/#primaryimage\"},\"image\":{\"@id\":\"https:\\\/\\\/www.organisator.ch\\\/sustainability\\\/2019-08-08\\\/ipcc-sonderbericht-belegt-dramatische-risiken-des-klimawandels\\\/#primaryimage\"},\"thumbnailUrl\":\"https:\\\/\\\/www.organisator.ch\\\/wp-content\\\/uploads\\\/2019\\\/08\\\/Weltklimawandel_eric-welch.jpg\",\"datePublished\":\"2019-08-08T11:50:23+00:00\",\"dateModified\":\"2022-02-09T10:06:52+00:00\",\"description\":\"Der heute in Genf vorgestellte Sonderbericht des Weltklimarats (IPCC) \u00fcber Klimawandel und Landsysteme offenbart substanzielle Risiken.\",\"breadcrumb\":{\"@id\":\"https:\\\/\\\/www.organisator.ch\\\/sustainability\\\/2019-08-08\\\/ipcc-sonderbericht-belegt-dramatische-risiken-des-klimawandels\\\/#breadcrumb\"},\"inLanguage\":\"fr-FR\",\"potentialAction\":[{\"@type\":\"ReadAction\",\"target\":[\"https:\\\/\\\/www.organisator.ch\\\/sustainability\\\/2019-08-08\\\/ipcc-sonderbericht-belegt-dramatische-risiken-des-klimawandels\\\/\"]}]},{\"@type\":\"ImageObject\",\"inLanguage\":\"fr-FR\",\"@id\":\"https:\\\/\\\/www.organisator.ch\\\/sustainability\\\/2019-08-08\\\/ipcc-sonderbericht-belegt-dramatische-risiken-des-klimawandels\\\/#primaryimage\",\"url\":\"https:\\\/\\\/www.organisator.ch\\\/wp-content\\\/uploads\\\/2019\\\/08\\\/Weltklimawandel_eric-welch.jpg\",\"contentUrl\":\"https:\\\/\\\/www.organisator.ch\\\/wp-content\\\/uploads\\\/2019\\\/08\\\/Weltklimawandel_eric-welch.jpg\",\"width\":640,\"height\":427,\"caption\":\"Schnelle und entschlossene Klimaschutz- und Anpassungsmassnahmen im Landsektor w\u00fcrden kurzfristig soziale und wirtschaftliche Vorteile bringen. Auch \u00fcber langfristige Konsequenzen informiert der Sonderbericht des Weltklimarats? (Bild: Unsplash_EricWalsh)\"},{\"@type\":\"BreadcrumbList\",\"@id\":\"https:\\\/\\\/www.organisator.ch\\\/sustainability\\\/2019-08-08\\\/ipcc-sonderbericht-belegt-dramatische-risiken-des-klimawandels\\\/#breadcrumb\",\"itemListElement\":[{\"@type\":\"ListItem\",\"position\":1,\"name\":\"Home\",\"item\":\"https:\\\/\\\/www.organisator.ch\\\/\"},{\"@type\":\"ListItem\",\"position\":2,\"name\":\"IPCC-Sonderbericht belegt dramatische Risiken des Klimawandels\"}]},{\"@type\":\"WebSite\",\"@id\":\"https:\\\/\\\/www.organisator.ch\\\/#website\",\"url\":\"https:\\\/\\\/www.organisator.ch\\\/\",\"name\":\"Organisator\",\"description\":\"Kompetent. Praxisnah. Der ORGANISATOR bereitet in 10 Ausgaben pro Jahr die wesentlichen Themen f\u00fcr F\u00fchrungskr\u00e4fte von KMU auf.\",\"publisher\":{\"@id\":\"https:\\\/\\\/www.organisator.ch\\\/#organization\"},\"potentialAction\":[{\"@type\":\"SearchAction\",\"target\":{\"@type\":\"EntryPoint\",\"urlTemplate\":\"https:\\\/\\\/www.organisator.ch\\\/?s={search_term_string}\"},\"query-input\":{\"@type\":\"PropertyValueSpecification\",\"valueRequired\":true,\"valueName\":\"search_term_string\"}}],\"inLanguage\":\"fr-FR\"},{\"@type\":\"Organization\",\"@id\":\"https:\\\/\\\/www.organisator.ch\\\/#organization\",\"name\":\"Organisator\",\"url\":\"https:\\\/\\\/www.organisator.ch\\\/\",\"logo\":{\"@type\":\"ImageObject\",\"inLanguage\":\"fr-FR\",\"@id\":\"https:\\\/\\\/www.organisator.ch\\\/#\\\/schema\\\/logo\\\/image\\\/\",\"url\":\"https:\\\/\\\/www.organisator.ch\\\/wp-content\\\/uploads\\\/2022\\\/01\\\/Logo_Organisator_Website.png\",\"contentUrl\":\"https:\\\/\\\/www.organisator.ch\\\/wp-content\\\/uploads\\\/2022\\\/01\\\/Logo_Organisator_Website.png\",\"width\":800,\"height\":77,\"caption\":\"Organisator\"},\"image\":{\"@id\":\"https:\\\/\\\/www.organisator.ch\\\/#\\\/schema\\\/logo\\\/image\\\/\"},\"sameAs\":[\"https:\\\/\\\/www.facebook.com\\\/OrganisatorFachmagazin\",\"https:\\\/\\\/www.linkedin.com\\\/showcase\\\/organisator-das-magazin-fr-kmu\",\"https:\\\/\\\/www.xing.com\\\/news\\\/pages\\\/organisator-ch-695\",\"https:\\\/\\\/www.youtube.com\\\/channel\\\/UCGP2Sq0iWaZwT3BdIAQFYpw\"]},{\"@type\":\"Person\",\"@id\":\"https:\\\/\\\/www.organisator.ch\\\/#\\\/schema\\\/person\\\/134708ca9321c57b0362cceb7948ffbd\",\"name\":\"michael.merz\",\"image\":{\"@type\":\"ImageObject\",\"inLanguage\":\"fr-FR\",\"@id\":\"https:\\\/\\\/secure.gravatar.com\\\/avatar\\\/?s=96&d=mm&r=g\",\"url\":\"https:\\\/\\\/secure.gravatar.com\\\/avatar\\\/?s=96&d=mm&r=g\",\"contentUrl\":\"https:\\\/\\\/secure.gravatar.com\\\/avatar\\\/?s=96&d=mm&r=g\",\"caption\":\"michael.merz\"},\"url\":\"https:\\\/\\\/www.organisator.ch\\\/fr\\\/author\\\/michael-merz\\\/\"}]}<\/script>\n<!-- \/ Yoast SEO plugin. -->","yoast_head_json":{"title":"Le rapport sp\u00e9cial du GIEC d\u00e9montre les risques dramatiques du changement climatique - Organisateur","description":"Le rapport sp\u00e9cial du Groupe d'experts intergouvernemental sur l'\u00e9volution du climat (GIEC) sur le changement climatique et les syst\u00e8mes terrestres, pr\u00e9sent\u00e9 aujourd'hui \u00e0 Gen\u00e8ve, r\u00e9v\u00e8le des risques substantiels.","robots":{"index":"index","follow":"follow","max-snippet":"max-snippet:-1","max-image-preview":"max-image-preview:large","max-video-preview":"max-video-preview:-1"},"canonical":"https:\/\/www.organisator.ch\/fr\/sustainability\/2019-08-08\/ipcc-sonderbericht-belegt-dramatische-risiken-des-klimawandels\/","og_locale":"fr_FR","og_type":"article","og_title":"IPCC-Sonderbericht belegt dramatische Risiken des Klimawandels - Organisator","og_description":"Der heute in Genf vorgestellte Sonderbericht des Weltklimarats (IPCC) \u00fcber Klimawandel und Landsysteme offenbart substanzielle Risiken.","og_url":"https:\/\/www.organisator.ch\/fr\/sustainability\/2019-08-08\/ipcc-sonderbericht-belegt-dramatische-risiken-des-klimawandels\/","og_site_name":"Organisator","article_publisher":"https:\/\/www.facebook.com\/OrganisatorFachmagazin","article_published_time":"2019-08-08T11:50:23+00:00","article_modified_time":"2022-02-09T10:06:52+00:00","og_image":[{"width":640,"height":427,"url":"https:\/\/www.organisator.ch\/wp-content\/uploads\/2019\/08\/Weltklimawandel_eric-welch.jpg","type":"image\/jpeg"}],"author":"michael.merz","twitter_card":"summary_large_image","schema":{"@context":"https:\/\/schema.org","@graph":[{"@type":"Article","@id":"https:\/\/www.organisator.ch\/sustainability\/2019-08-08\/ipcc-sonderbericht-belegt-dramatische-risiken-des-klimawandels\/#article","isPartOf":{"@id":"https:\/\/www.organisator.ch\/sustainability\/2019-08-08\/ipcc-sonderbericht-belegt-dramatische-risiken-des-klimawandels\/"},"author":{"name":"michael.merz","@id":"https:\/\/www.organisator.ch\/#\/schema\/person\/134708ca9321c57b0362cceb7948ffbd"},"headline":"IPCC-Sonderbericht belegt dramatische Risiken des Klimawandels","datePublished":"2019-08-08T11:50:23+00:00","dateModified":"2022-02-09T10:06:52+00:00","mainEntityOfPage":{"@id":"https:\/\/www.organisator.ch\/sustainability\/2019-08-08\/ipcc-sonderbericht-belegt-dramatische-risiken-des-klimawandels\/"},"wordCount":461,"commentCount":0,"publisher":{"@id":"https:\/\/www.organisator.ch\/#organization"},"image":{"@id":"https:\/\/www.organisator.ch\/sustainability\/2019-08-08\/ipcc-sonderbericht-belegt-dramatische-risiken-des-klimawandels\/#primaryimage"},"thumbnailUrl":"https:\/\/www.organisator.ch\/wp-content\/uploads\/2019\/08\/Weltklimawandel_eric-welch.jpg","keywords":["KLIMA","Sonderbericht","Weltklimarat"],"articleSection":["SUSTAINABILITY"],"inLanguage":"fr-FR"},{"@type":"WebPage","@id":"https:\/\/www.organisator.ch\/sustainability\/2019-08-08\/ipcc-sonderbericht-belegt-dramatische-risiken-des-klimawandels\/","url":"https:\/\/www.organisator.ch\/sustainability\/2019-08-08\/ipcc-sonderbericht-belegt-dramatische-risiken-des-klimawandels\/","name":"Le rapport sp\u00e9cial du GIEC d\u00e9montre les risques dramatiques du changement climatique - Organisateur","isPartOf":{"@id":"https:\/\/www.organisator.ch\/#website"},"primaryImageOfPage":{"@id":"https:\/\/www.organisator.ch\/sustainability\/2019-08-08\/ipcc-sonderbericht-belegt-dramatische-risiken-des-klimawandels\/#primaryimage"},"image":{"@id":"https:\/\/www.organisator.ch\/sustainability\/2019-08-08\/ipcc-sonderbericht-belegt-dramatische-risiken-des-klimawandels\/#primaryimage"},"thumbnailUrl":"https:\/\/www.organisator.ch\/wp-content\/uploads\/2019\/08\/Weltklimawandel_eric-welch.jpg","datePublished":"2019-08-08T11:50:23+00:00","dateModified":"2022-02-09T10:06:52+00:00","description":"Le rapport sp\u00e9cial du Groupe d'experts intergouvernemental sur l'\u00e9volution du climat (GIEC) sur le changement climatique et les syst\u00e8mes terrestres, pr\u00e9sent\u00e9 aujourd'hui \u00e0 Gen\u00e8ve, r\u00e9v\u00e8le des risques substantiels.","breadcrumb":{"@id":"https:\/\/www.organisator.ch\/sustainability\/2019-08-08\/ipcc-sonderbericht-belegt-dramatische-risiken-des-klimawandels\/#breadcrumb"},"inLanguage":"fr-FR","potentialAction":[{"@type":"ReadAction","target":["https:\/\/www.organisator.ch\/sustainability\/2019-08-08\/ipcc-sonderbericht-belegt-dramatische-risiken-des-klimawandels\/"]}]},{"@type":"ImageObject","inLanguage":"fr-FR","@id":"https:\/\/www.organisator.ch\/sustainability\/2019-08-08\/ipcc-sonderbericht-belegt-dramatische-risiken-des-klimawandels\/#primaryimage","url":"https:\/\/www.organisator.ch\/wp-content\/uploads\/2019\/08\/Weltklimawandel_eric-welch.jpg","contentUrl":"https:\/\/www.organisator.ch\/wp-content\/uploads\/2019\/08\/Weltklimawandel_eric-welch.jpg","width":640,"height":427,"caption":"Schnelle und entschlossene Klimaschutz- und Anpassungsmassnahmen im Landsektor w\u00fcrden kurzfristig soziale und wirtschaftliche Vorteile bringen. Auch \u00fcber langfristige Konsequenzen informiert der Sonderbericht des Weltklimarats? (Bild: Unsplash_EricWalsh)"},{"@type":"BreadcrumbList","@id":"https:\/\/www.organisator.ch\/sustainability\/2019-08-08\/ipcc-sonderbericht-belegt-dramatische-risiken-des-klimawandels\/#breadcrumb","itemListElement":[{"@type":"ListItem","position":1,"name":"Home","item":"https:\/\/www.organisator.ch\/"},{"@type":"ListItem","position":2,"name":"IPCC-Sonderbericht belegt dramatische Risiken des Klimawandels"}]},{"@type":"WebSite","@id":"https:\/\/www.organisator.ch\/#website","url":"https:\/\/www.organisator.ch\/","name":"Organisateur","description":"Comp\u00e9tence et comp\u00e9tence. Proches de la pratique. L'ORGANISATEUR pr\u00e9pare 10 num\u00e9ros par an sur les th\u00e8mes essentiels pour les dirigeants de PME.","publisher":{"@id":"https:\/\/www.organisator.ch\/#organization"},"potentialAction":[{"@type":"SearchAction","target":{"@type":"EntryPoint","urlTemplate":"https:\/\/www.organisator.ch\/?s={search_term_string}"},"query-input":{"@type":"PropertyValueSpecification","valueRequired":true,"valueName":"search_term_string"}}],"inLanguage":"fr-FR"},{"@type":"Organization","@id":"https:\/\/www.organisator.ch\/#organization","name":"Organisateur","url":"https:\/\/www.organisator.ch\/","logo":{"@type":"ImageObject","inLanguage":"fr-FR","@id":"https:\/\/www.organisator.ch\/#\/schema\/logo\/image\/","url":"https:\/\/www.organisator.ch\/wp-content\/uploads\/2022\/01\/Logo_Organisator_Website.png","contentUrl":"https:\/\/www.organisator.ch\/wp-content\/uploads\/2022\/01\/Logo_Organisator_Website.png","width":800,"height":77,"caption":"Organisator"},"image":{"@id":"https:\/\/www.organisator.ch\/#\/schema\/logo\/image\/"},"sameAs":["https:\/\/www.facebook.com\/OrganisatorFachmagazin","https:\/\/www.linkedin.com\/showcase\/organisator-das-magazin-fr-kmu","https:\/\/www.xing.com\/news\/pages\/organisator-ch-695","https:\/\/www.youtube.com\/channel\/UCGP2Sq0iWaZwT3BdIAQFYpw"]},{"@type":"Person","@id":"https:\/\/www.organisator.ch\/#\/schema\/person\/134708ca9321c57b0362cceb7948ffbd","name":"michael.merz","image":{"@type":"ImageObject","inLanguage":"fr-FR","@id":"https:\/\/secure.gravatar.com\/avatar\/?s=96&d=mm&r=g","url":"https:\/\/secure.gravatar.com\/avatar\/?s=96&d=mm&r=g","contentUrl":"https:\/\/secure.gravatar.com\/avatar\/?s=96&d=mm&r=g","caption":"michael.merz"},"url":"https:\/\/www.organisator.ch\/fr\/author\/michael-merz\/"}]}},"_links":{"self":[{"href":"https:\/\/www.organisator.ch\/fr\/wp-json\/wp\/v2\/posts\/10106","targetHints":{"allow":["GET"]}}],"collection":[{"href":"https:\/\/www.organisator.ch\/fr\/wp-json\/wp\/v2\/posts"}],"about":[{"href":"https:\/\/www.organisator.ch\/fr\/wp-json\/wp\/v2\/types\/post"}],"author":[{"embeddable":true,"href":"https:\/\/www.organisator.ch\/fr\/wp-json\/wp\/v2\/users\/5"}],"replies":[{"embeddable":true,"href":"https:\/\/www.organisator.ch\/fr\/wp-json\/wp\/v2\/comments?post=10106"}],"version-history":[{"count":1,"href":"https:\/\/www.organisator.ch\/fr\/wp-json\/wp\/v2\/posts\/10106\/revisions"}],"predecessor-version":[{"id":10697,"href":"https:\/\/www.organisator.ch\/fr\/wp-json\/wp\/v2\/posts\/10106\/revisions\/10697"}],"wp:featuredmedia":[{"embeddable":true,"href":"https:\/\/www.organisator.ch\/fr\/wp-json\/wp\/v2\/media\/2364"}],"wp:attachment":[{"href":"https:\/\/www.organisator.ch\/fr\/wp-json\/wp\/v2\/media?parent=10106"}],"wp:term":[{"taxonomy":"category","embeddable":true,"href":"https:\/\/www.organisator.ch\/fr\/wp-json\/wp\/v2\/categories?post=10106"},{"taxonomy":"post_tag","embeddable":true,"href":"https:\/\/www.organisator.ch\/fr\/wp-json\/wp\/v2\/tags?post=10106"}],"curies":[{"name":"wp","href":"https:\/\/api.w.org\/{rel}","templated":true}]}}