{"id":10109,"date":"2019-08-15T13:58:59","date_gmt":"2019-08-15T11:58:59","guid":{"rendered":"https:\/\/www.umweltperspektiven.ch\/?p=2383"},"modified":"2022-02-09T11:06:16","modified_gmt":"2022-02-09T10:06:16","slug":"ibion-flexible-power-fuer-e-mobilisten","status":"publish","type":"post","link":"https:\/\/www.organisator.ch\/fr\/sustainability\/2019-08-15\/ibion-flexible-power-fuer-e-mobilisten\/","title":{"rendered":"IBION : une puissance flexible pour les e-mobilistes"},"content":{"rendered":"<div class=\"col6\">\n<figure id=\"attachment_2384\" aria-describedby=\"caption-attachment-2384\" style=\"width: 455px\" class=\"wp-caption alignnone\"><img loading=\"lazy\" decoding=\"async\" class=\"wp-image-2384\" src=\"\/\/www.umweltperspektiven.ch\/wp-content\/uploads\/2019\/08\/IBION_Medienmitteilung_v45_web.jpg\" alt=\"\" width=\"455\" height=\"341\" srcset=\"https:\/\/www.organisator.ch\/wp-content\/uploads\/2019\/08\/IBION_Medienmitteilung_v45_web.jpg 2048w, https:\/\/www.organisator.ch\/wp-content\/uploads\/2019\/08\/IBION_Medienmitteilung_v45_web-680x510.jpg 680w, https:\/\/www.organisator.ch\/wp-content\/uploads\/2019\/08\/IBION_Medienmitteilung_v45_web-1024x768.jpg 1024w, https:\/\/www.organisator.ch\/wp-content\/uploads\/2019\/08\/IBION_Medienmitteilung_v45_web-768x576.jpg 768w, https:\/\/www.organisator.ch\/wp-content\/uploads\/2019\/08\/IBION_Medienmitteilung_v45_web-1536x1152.jpg 1536w, https:\/\/www.organisator.ch\/wp-content\/uploads\/2019\/08\/IBION_Medienmitteilung_v45_web-16x12.jpg 16w, https:\/\/www.organisator.ch\/wp-content\/uploads\/2019\/08\/IBION_Medienmitteilung_v45_web-233x175.jpg 233w, https:\/\/www.organisator.ch\/wp-content\/uploads\/2019\/08\/IBION_Medienmitteilung_v45_web-467x350.jpg 467w, https:\/\/www.organisator.ch\/wp-content\/uploads\/2019\/08\/IBION_Medienmitteilung_v45_web-1067x800.jpg 1067w, https:\/\/www.organisator.ch\/wp-content\/uploads\/2019\/08\/IBION_Medienmitteilung_v45_web-920x690.jpg 920w, https:\/\/www.organisator.ch\/wp-content\/uploads\/2019\/08\/IBION_Medienmitteilung_v45_web-1400x1050.jpg 1400w, https:\/\/www.organisator.ch\/wp-content\/uploads\/2019\/08\/IBION_Medienmitteilung_v45_web-1867x1400.jpg 1867w, https:\/\/www.organisator.ch\/wp-content\/uploads\/2019\/08\/IBION_Medienmitteilung_v45_web-300x225.jpg 300w\" sizes=\"auto, (max-width: 455px) 100vw, 455px\" \/><figcaption id=\"caption-attachment-2384\" class=\"wp-caption-text\">En plus de l'infrastructure, IBION propose \u00e9galement le service, l'entretien et la location de la Powerstation. (Image : IBION)<\/figcaption><\/figure>\n<p>En collaboration avec cablex, Serviceplan Suisse a d\u00e9velopp\u00e9 le branding et la strat\u00e9gie de marque pour IBION. \"IBI\" est synonyme de flexibilit\u00e9 locale (latin : \"da\", \"dort\"), \"ON\" de disponibilit\u00e9 permanente.<\/p>\n<\/div>\n<div class=\"col6 last\">\n<p>Avec le slogan \"Your mobility. Our mission\". montre <a href=\"\/\/www.ibion.ch\">IBION<\/a>L'objectif est de montrer que l'homme mobile peut organiser sa vie plus efficacement gr\u00e2ce \u00e0 des concepts de partage intelligents et des lieux de remise pratiques. Le logo est repr\u00e9sentatif de l'offre croissante de services qui lui fournit des solutions : un clin d'\u0153il \u00e0 la \"station IBION\", qui se retrouve dans tous les supports publicitaires.<\/p>\n<p>Solutions Suisse a accompagn\u00e9 IBION en tant que partenaire efficace dans la r\u00e9alisation des visuels et avec des solutions de production \u00e9conomiques lors du lancement sur le march\u00e9.<\/p>\n<\/div>\n<p><strong>La multistation<\/strong><\/p>\n<p>La multistation a le potentiel de r\u00e9unir un grand nombre d'applications qui ne pourraient pas r\u00e9ussir s\u00e9par\u00e9ment. Gr\u00e2ce aux technologies IoT existantes, il est possible de cr\u00e9er des services et de la flexibilit\u00e9 dans un espace r\u00e9duit.<\/p>\n<p>Par exemple, la multistation peut servir de point d'\u00e9mission pour la 5G, tout en offrant un service de colis et de prestations, ainsi que l'\u00e9change de batteries de v\u00e9hicules \u00e9lectriques. Chaque station peut \u00eatre une solution individuelle pour le site en question.<\/p>\n<p><em>Vous trouverez plus d'informations sur<\/em><\/p>\n<p><a href=\"\/\/www.ibion.ch\">www.ibion.ch<\/a><\/p>\n<p>&nbsp;<\/p>","protected":false},"excerpt":{"rendered":"<p>Gemeinsam mit cablex hat Serviceplan Suisse das Branding und die Markenstrategie f\u00fcr IBION entwickelt. \u00abIBI\u00bb steht f\u00fcr \u00f6rtliche Flexibilit\u00e4t (lat. \u00abda\u00bb, \u00abdort\u00bb), \u00abON\u00bb f\u00fcr stetige Verf\u00fcgbarkeit. Zusammen mit dem Claim \u00abYour mobility. Our mission.\u00bb zeigt IBION, dass der mobile Mensch sein Leben mit intelligenten Sharing-Konzepten und praktischen \u00dcbergabeorten effizienter gestalten kann. Stellvertretend f\u00fcr das wachsende [&hellip;]<\/p>\n","protected":false},"author":5,"featured_media":2384,"comment_status":"open","ping_status":"open","sticky":false,"template":"","format":"standard","meta":{"_acf_changed":false,"_yoast_wpseo_focuskw":"Ibion","_yoast_wpseo_metadesc":"Die sogenannten \u00abIBION Powerstationen\u00bb sind mittels App zu finden und bieten ebenso Tauschbatterien f\u00fcr Elektro-Zweir\u00e4der.","articlekey":"","footnotes":""},"categories":[580],"tags":[1005,1588,424],"class_list":["post-10109","post","type-post","status-publish","format-standard","has-post-thumbnail","hentry","category-sustainability","tag-e-mobiliaet","tag-ladestationen","tag-schweiz"],"acf":[],"yoast_head":"<!-- This site is optimized with the Yoast SEO plugin v27.5 - https:\/\/yoast.com\/product\/yoast-seo-wordpress\/ -->\n<title>IBION: Flexible Power f\u00fcr E-Mobilisten - Organisator<\/title>\n<meta name=\"description\" content=\"Die sogenannten \u00abIBION Powerstationen\u00bb sind mittels App zu finden und bieten ebenso Tauschbatterien f\u00fcr Elektro-Zweir\u00e4der.\" \/>\n<meta name=\"robots\" content=\"index, follow, max-snippet:-1, max-image-preview:large, max-video-preview:-1\" \/>\n<link rel=\"canonical\" href=\"https:\/\/www.organisator.ch\/fr\/sustainability\/2019-08-15\/ibion-flexible-power-fuer-e-mobilisten\/\" \/>\n<meta property=\"og:locale\" content=\"fr_FR\" \/>\n<meta property=\"og:type\" content=\"article\" \/>\n<meta property=\"og:title\" content=\"IBION: Flexible Power f\u00fcr E-Mobilisten - Organisator\" \/>\n<meta property=\"og:description\" content=\"Die sogenannten \u00abIBION Powerstationen\u00bb sind mittels App zu finden und bieten ebenso Tauschbatterien f\u00fcr Elektro-Zweir\u00e4der.\" \/>\n<meta property=\"og:url\" content=\"https:\/\/www.organisator.ch\/fr\/sustainability\/2019-08-15\/ibion-flexible-power-fuer-e-mobilisten\/\" \/>\n<meta property=\"og:site_name\" content=\"Organisator\" \/>\n<meta property=\"article:publisher\" content=\"https:\/\/www.facebook.com\/OrganisatorFachmagazin\" \/>\n<meta property=\"article:published_time\" content=\"2019-08-15T11:58:59+00:00\" \/>\n<meta property=\"article:modified_time\" content=\"2022-02-09T10:06:16+00:00\" \/>\n<meta property=\"og:image\" content=\"https:\/\/www.organisator.ch\/wp-content\/uploads\/2019\/08\/IBION_Medienmitteilung_v45_web.jpg\" \/>\n\t<meta property=\"og:image:width\" content=\"2048\" \/>\n\t<meta property=\"og:image:height\" content=\"1536\" \/>\n\t<meta property=\"og:image:type\" content=\"image\/jpeg\" \/>\n<meta name=\"author\" content=\"michael.merz\" \/>\n<meta name=\"twitter:card\" content=\"summary_large_image\" \/>\n<script type=\"application\/ld+json\" class=\"yoast-schema-graph\">{\"@context\":\"https:\\\/\\\/schema.org\",\"@graph\":[{\"@type\":\"Article\",\"@id\":\"https:\\\/\\\/www.organisator.ch\\\/sustainability\\\/2019-08-15\\\/ibion-flexible-power-fuer-e-mobilisten\\\/#article\",\"isPartOf\":{\"@id\":\"https:\\\/\\\/www.organisator.ch\\\/sustainability\\\/2019-08-15\\\/ibion-flexible-power-fuer-e-mobilisten\\\/\"},\"author\":{\"name\":\"michael.merz\",\"@id\":\"https:\\\/\\\/www.organisator.ch\\\/#\\\/schema\\\/person\\\/134708ca9321c57b0362cceb7948ffbd\"},\"headline\":\"IBION: Flexible Power f\u00fcr E-Mobilisten\",\"datePublished\":\"2019-08-15T11:58:59+00:00\",\"dateModified\":\"2022-02-09T10:06:16+00:00\",\"mainEntityOfPage\":{\"@id\":\"https:\\\/\\\/www.organisator.ch\\\/sustainability\\\/2019-08-15\\\/ibion-flexible-power-fuer-e-mobilisten\\\/\"},\"wordCount\":218,\"commentCount\":0,\"publisher\":{\"@id\":\"https:\\\/\\\/www.organisator.ch\\\/#organization\"},\"image\":{\"@id\":\"https:\\\/\\\/www.organisator.ch\\\/sustainability\\\/2019-08-15\\\/ibion-flexible-power-fuer-e-mobilisten\\\/#primaryimage\"},\"thumbnailUrl\":\"https:\\\/\\\/www.organisator.ch\\\/wp-content\\\/uploads\\\/2019\\\/08\\\/IBION_Medienmitteilung_v45_web.jpg\",\"keywords\":[\"E-Mobili\u00e4t\",\"Ladestationen\",\"Schweiz\"],\"articleSection\":[\"SUSTAINABILITY\"],\"inLanguage\":\"fr-FR\"},{\"@type\":\"WebPage\",\"@id\":\"https:\\\/\\\/www.organisator.ch\\\/sustainability\\\/2019-08-15\\\/ibion-flexible-power-fuer-e-mobilisten\\\/\",\"url\":\"https:\\\/\\\/www.organisator.ch\\\/sustainability\\\/2019-08-15\\\/ibion-flexible-power-fuer-e-mobilisten\\\/\",\"name\":\"IBION: Flexible Power f\u00fcr E-Mobilisten - Organisator\",\"isPartOf\":{\"@id\":\"https:\\\/\\\/www.organisator.ch\\\/#website\"},\"primaryImageOfPage\":{\"@id\":\"https:\\\/\\\/www.organisator.ch\\\/sustainability\\\/2019-08-15\\\/ibion-flexible-power-fuer-e-mobilisten\\\/#primaryimage\"},\"image\":{\"@id\":\"https:\\\/\\\/www.organisator.ch\\\/sustainability\\\/2019-08-15\\\/ibion-flexible-power-fuer-e-mobilisten\\\/#primaryimage\"},\"thumbnailUrl\":\"https:\\\/\\\/www.organisator.ch\\\/wp-content\\\/uploads\\\/2019\\\/08\\\/IBION_Medienmitteilung_v45_web.jpg\",\"datePublished\":\"2019-08-15T11:58:59+00:00\",\"dateModified\":\"2022-02-09T10:06:16+00:00\",\"description\":\"Die sogenannten \u00abIBION Powerstationen\u00bb sind mittels App zu finden und bieten ebenso Tauschbatterien f\u00fcr Elektro-Zweir\u00e4der.\",\"breadcrumb\":{\"@id\":\"https:\\\/\\\/www.organisator.ch\\\/sustainability\\\/2019-08-15\\\/ibion-flexible-power-fuer-e-mobilisten\\\/#breadcrumb\"},\"inLanguage\":\"fr-FR\",\"potentialAction\":[{\"@type\":\"ReadAction\",\"target\":[\"https:\\\/\\\/www.organisator.ch\\\/sustainability\\\/2019-08-15\\\/ibion-flexible-power-fuer-e-mobilisten\\\/\"]}]},{\"@type\":\"ImageObject\",\"inLanguage\":\"fr-FR\",\"@id\":\"https:\\\/\\\/www.organisator.ch\\\/sustainability\\\/2019-08-15\\\/ibion-flexible-power-fuer-e-mobilisten\\\/#primaryimage\",\"url\":\"https:\\\/\\\/www.organisator.ch\\\/wp-content\\\/uploads\\\/2019\\\/08\\\/IBION_Medienmitteilung_v45_web.jpg\",\"contentUrl\":\"https:\\\/\\\/www.organisator.ch\\\/wp-content\\\/uploads\\\/2019\\\/08\\\/IBION_Medienmitteilung_v45_web.jpg\",\"width\":2048,\"height\":1536,\"caption\":\"Nebst Infrastruktur bietet IBION auch den Service, Unterhalt und die Vermietung der Powerstation an. (Bild: IBION)\"},{\"@type\":\"BreadcrumbList\",\"@id\":\"https:\\\/\\\/www.organisator.ch\\\/sustainability\\\/2019-08-15\\\/ibion-flexible-power-fuer-e-mobilisten\\\/#breadcrumb\",\"itemListElement\":[{\"@type\":\"ListItem\",\"position\":1,\"name\":\"Home\",\"item\":\"https:\\\/\\\/www.organisator.ch\\\/\"},{\"@type\":\"ListItem\",\"position\":2,\"name\":\"IBION: Flexible Power f\u00fcr E-Mobilisten\"}]},{\"@type\":\"WebSite\",\"@id\":\"https:\\\/\\\/www.organisator.ch\\\/#website\",\"url\":\"https:\\\/\\\/www.organisator.ch\\\/\",\"name\":\"Organisator\",\"description\":\"Kompetent. Praxisnah. Der ORGANISATOR bereitet in 10 Ausgaben pro Jahr die wesentlichen Themen f\u00fcr F\u00fchrungskr\u00e4fte von KMU auf.\",\"publisher\":{\"@id\":\"https:\\\/\\\/www.organisator.ch\\\/#organization\"},\"potentialAction\":[{\"@type\":\"SearchAction\",\"target\":{\"@type\":\"EntryPoint\",\"urlTemplate\":\"https:\\\/\\\/www.organisator.ch\\\/?s={search_term_string}\"},\"query-input\":{\"@type\":\"PropertyValueSpecification\",\"valueRequired\":true,\"valueName\":\"search_term_string\"}}],\"inLanguage\":\"fr-FR\"},{\"@type\":\"Organization\",\"@id\":\"https:\\\/\\\/www.organisator.ch\\\/#organization\",\"name\":\"Organisator\",\"url\":\"https:\\\/\\\/www.organisator.ch\\\/\",\"logo\":{\"@type\":\"ImageObject\",\"inLanguage\":\"fr-FR\",\"@id\":\"https:\\\/\\\/www.organisator.ch\\\/#\\\/schema\\\/logo\\\/image\\\/\",\"url\":\"https:\\\/\\\/www.organisator.ch\\\/wp-content\\\/uploads\\\/2022\\\/01\\\/Logo_Organisator_Website.png\",\"contentUrl\":\"https:\\\/\\\/www.organisator.ch\\\/wp-content\\\/uploads\\\/2022\\\/01\\\/Logo_Organisator_Website.png\",\"width\":800,\"height\":77,\"caption\":\"Organisator\"},\"image\":{\"@id\":\"https:\\\/\\\/www.organisator.ch\\\/#\\\/schema\\\/logo\\\/image\\\/\"},\"sameAs\":[\"https:\\\/\\\/www.facebook.com\\\/OrganisatorFachmagazin\",\"https:\\\/\\\/www.linkedin.com\\\/showcase\\\/organisator-das-magazin-fr-kmu\",\"https:\\\/\\\/www.xing.com\\\/news\\\/pages\\\/organisator-ch-695\",\"https:\\\/\\\/www.youtube.com\\\/channel\\\/UCGP2Sq0iWaZwT3BdIAQFYpw\"]},{\"@type\":\"Person\",\"@id\":\"https:\\\/\\\/www.organisator.ch\\\/#\\\/schema\\\/person\\\/134708ca9321c57b0362cceb7948ffbd\",\"name\":\"michael.merz\",\"image\":{\"@type\":\"ImageObject\",\"inLanguage\":\"fr-FR\",\"@id\":\"https:\\\/\\\/secure.gravatar.com\\\/avatar\\\/?s=96&d=mm&r=g\",\"url\":\"https:\\\/\\\/secure.gravatar.com\\\/avatar\\\/?s=96&d=mm&r=g\",\"contentUrl\":\"https:\\\/\\\/secure.gravatar.com\\\/avatar\\\/?s=96&d=mm&r=g\",\"caption\":\"michael.merz\"},\"url\":\"https:\\\/\\\/www.organisator.ch\\\/fr\\\/author\\\/michael-merz\\\/\"}]}<\/script>\n<!-- \/ Yoast SEO plugin. -->","yoast_head_json":{"title":"IBION : Flexible Power pour les e-mobilistes - Organisateur","description":"Les \"IBION Powerstationen\" peuvent \u00eatre trouv\u00e9es au moyen d'une application et proposent \u00e9galement des batteries d'\u00e9change pour les deux-roues \u00e9lectriques.","robots":{"index":"index","follow":"follow","max-snippet":"max-snippet:-1","max-image-preview":"max-image-preview:large","max-video-preview":"max-video-preview:-1"},"canonical":"https:\/\/www.organisator.ch\/fr\/sustainability\/2019-08-15\/ibion-flexible-power-fuer-e-mobilisten\/","og_locale":"fr_FR","og_type":"article","og_title":"IBION: Flexible Power f\u00fcr E-Mobilisten - Organisator","og_description":"Die sogenannten \u00abIBION Powerstationen\u00bb sind mittels App zu finden und bieten ebenso Tauschbatterien f\u00fcr Elektro-Zweir\u00e4der.","og_url":"https:\/\/www.organisator.ch\/fr\/sustainability\/2019-08-15\/ibion-flexible-power-fuer-e-mobilisten\/","og_site_name":"Organisator","article_publisher":"https:\/\/www.facebook.com\/OrganisatorFachmagazin","article_published_time":"2019-08-15T11:58:59+00:00","article_modified_time":"2022-02-09T10:06:16+00:00","og_image":[{"width":2048,"height":1536,"url":"https:\/\/www.organisator.ch\/wp-content\/uploads\/2019\/08\/IBION_Medienmitteilung_v45_web.jpg","type":"image\/jpeg"}],"author":"michael.merz","twitter_card":"summary_large_image","schema":{"@context":"https:\/\/schema.org","@graph":[{"@type":"Article","@id":"https:\/\/www.organisator.ch\/sustainability\/2019-08-15\/ibion-flexible-power-fuer-e-mobilisten\/#article","isPartOf":{"@id":"https:\/\/www.organisator.ch\/sustainability\/2019-08-15\/ibion-flexible-power-fuer-e-mobilisten\/"},"author":{"name":"michael.merz","@id":"https:\/\/www.organisator.ch\/#\/schema\/person\/134708ca9321c57b0362cceb7948ffbd"},"headline":"IBION: Flexible Power f\u00fcr E-Mobilisten","datePublished":"2019-08-15T11:58:59+00:00","dateModified":"2022-02-09T10:06:16+00:00","mainEntityOfPage":{"@id":"https:\/\/www.organisator.ch\/sustainability\/2019-08-15\/ibion-flexible-power-fuer-e-mobilisten\/"},"wordCount":218,"commentCount":0,"publisher":{"@id":"https:\/\/www.organisator.ch\/#organization"},"image":{"@id":"https:\/\/www.organisator.ch\/sustainability\/2019-08-15\/ibion-flexible-power-fuer-e-mobilisten\/#primaryimage"},"thumbnailUrl":"https:\/\/www.organisator.ch\/wp-content\/uploads\/2019\/08\/IBION_Medienmitteilung_v45_web.jpg","keywords":["E-Mobili\u00e4t","Ladestationen","Schweiz"],"articleSection":["SUSTAINABILITY"],"inLanguage":"fr-FR"},{"@type":"WebPage","@id":"https:\/\/www.organisator.ch\/sustainability\/2019-08-15\/ibion-flexible-power-fuer-e-mobilisten\/","url":"https:\/\/www.organisator.ch\/sustainability\/2019-08-15\/ibion-flexible-power-fuer-e-mobilisten\/","name":"IBION : Flexible Power pour les e-mobilistes - Organisateur","isPartOf":{"@id":"https:\/\/www.organisator.ch\/#website"},"primaryImageOfPage":{"@id":"https:\/\/www.organisator.ch\/sustainability\/2019-08-15\/ibion-flexible-power-fuer-e-mobilisten\/#primaryimage"},"image":{"@id":"https:\/\/www.organisator.ch\/sustainability\/2019-08-15\/ibion-flexible-power-fuer-e-mobilisten\/#primaryimage"},"thumbnailUrl":"https:\/\/www.organisator.ch\/wp-content\/uploads\/2019\/08\/IBION_Medienmitteilung_v45_web.jpg","datePublished":"2019-08-15T11:58:59+00:00","dateModified":"2022-02-09T10:06:16+00:00","description":"Les \"IBION Powerstationen\" peuvent \u00eatre trouv\u00e9es au moyen d'une application et proposent \u00e9galement des batteries d'\u00e9change pour les deux-roues \u00e9lectriques.","breadcrumb":{"@id":"https:\/\/www.organisator.ch\/sustainability\/2019-08-15\/ibion-flexible-power-fuer-e-mobilisten\/#breadcrumb"},"inLanguage":"fr-FR","potentialAction":[{"@type":"ReadAction","target":["https:\/\/www.organisator.ch\/sustainability\/2019-08-15\/ibion-flexible-power-fuer-e-mobilisten\/"]}]},{"@type":"ImageObject","inLanguage":"fr-FR","@id":"https:\/\/www.organisator.ch\/sustainability\/2019-08-15\/ibion-flexible-power-fuer-e-mobilisten\/#primaryimage","url":"https:\/\/www.organisator.ch\/wp-content\/uploads\/2019\/08\/IBION_Medienmitteilung_v45_web.jpg","contentUrl":"https:\/\/www.organisator.ch\/wp-content\/uploads\/2019\/08\/IBION_Medienmitteilung_v45_web.jpg","width":2048,"height":1536,"caption":"Nebst Infrastruktur bietet IBION auch den Service, Unterhalt und die Vermietung der Powerstation an. (Bild: IBION)"},{"@type":"BreadcrumbList","@id":"https:\/\/www.organisator.ch\/sustainability\/2019-08-15\/ibion-flexible-power-fuer-e-mobilisten\/#breadcrumb","itemListElement":[{"@type":"ListItem","position":1,"name":"Home","item":"https:\/\/www.organisator.ch\/"},{"@type":"ListItem","position":2,"name":"IBION: Flexible Power f\u00fcr E-Mobilisten"}]},{"@type":"WebSite","@id":"https:\/\/www.organisator.ch\/#website","url":"https:\/\/www.organisator.ch\/","name":"Organisateur","description":"Comp\u00e9tence et comp\u00e9tence. Proches de la pratique. L'ORGANISATEUR pr\u00e9pare 10 num\u00e9ros par an sur les th\u00e8mes essentiels pour les dirigeants de PME.","publisher":{"@id":"https:\/\/www.organisator.ch\/#organization"},"potentialAction":[{"@type":"SearchAction","target":{"@type":"EntryPoint","urlTemplate":"https:\/\/www.organisator.ch\/?s={search_term_string}"},"query-input":{"@type":"PropertyValueSpecification","valueRequired":true,"valueName":"search_term_string"}}],"inLanguage":"fr-FR"},{"@type":"Organization","@id":"https:\/\/www.organisator.ch\/#organization","name":"Organisateur","url":"https:\/\/www.organisator.ch\/","logo":{"@type":"ImageObject","inLanguage":"fr-FR","@id":"https:\/\/www.organisator.ch\/#\/schema\/logo\/image\/","url":"https:\/\/www.organisator.ch\/wp-content\/uploads\/2022\/01\/Logo_Organisator_Website.png","contentUrl":"https:\/\/www.organisator.ch\/wp-content\/uploads\/2022\/01\/Logo_Organisator_Website.png","width":800,"height":77,"caption":"Organisator"},"image":{"@id":"https:\/\/www.organisator.ch\/#\/schema\/logo\/image\/"},"sameAs":["https:\/\/www.facebook.com\/OrganisatorFachmagazin","https:\/\/www.linkedin.com\/showcase\/organisator-das-magazin-fr-kmu","https:\/\/www.xing.com\/news\/pages\/organisator-ch-695","https:\/\/www.youtube.com\/channel\/UCGP2Sq0iWaZwT3BdIAQFYpw"]},{"@type":"Person","@id":"https:\/\/www.organisator.ch\/#\/schema\/person\/134708ca9321c57b0362cceb7948ffbd","name":"michael.merz","image":{"@type":"ImageObject","inLanguage":"fr-FR","@id":"https:\/\/secure.gravatar.com\/avatar\/?s=96&d=mm&r=g","url":"https:\/\/secure.gravatar.com\/avatar\/?s=96&d=mm&r=g","contentUrl":"https:\/\/secure.gravatar.com\/avatar\/?s=96&d=mm&r=g","caption":"michael.merz"},"url":"https:\/\/www.organisator.ch\/fr\/author\/michael-merz\/"}]}},"_links":{"self":[{"href":"https:\/\/www.organisator.ch\/fr\/wp-json\/wp\/v2\/posts\/10109","targetHints":{"allow":["GET"]}}],"collection":[{"href":"https:\/\/www.organisator.ch\/fr\/wp-json\/wp\/v2\/posts"}],"about":[{"href":"https:\/\/www.organisator.ch\/fr\/wp-json\/wp\/v2\/types\/post"}],"author":[{"embeddable":true,"href":"https:\/\/www.organisator.ch\/fr\/wp-json\/wp\/v2\/users\/5"}],"replies":[{"embeddable":true,"href":"https:\/\/www.organisator.ch\/fr\/wp-json\/wp\/v2\/comments?post=10109"}],"version-history":[{"count":1,"href":"https:\/\/www.organisator.ch\/fr\/wp-json\/wp\/v2\/posts\/10109\/revisions"}],"predecessor-version":[{"id":10549,"href":"https:\/\/www.organisator.ch\/fr\/wp-json\/wp\/v2\/posts\/10109\/revisions\/10549"}],"wp:featuredmedia":[{"embeddable":true,"href":"https:\/\/www.organisator.ch\/fr\/wp-json\/wp\/v2\/media\/2384"}],"wp:attachment":[{"href":"https:\/\/www.organisator.ch\/fr\/wp-json\/wp\/v2\/media?parent=10109"}],"wp:term":[{"taxonomy":"category","embeddable":true,"href":"https:\/\/www.organisator.ch\/fr\/wp-json\/wp\/v2\/categories?post=10109"},{"taxonomy":"post_tag","embeddable":true,"href":"https:\/\/www.organisator.ch\/fr\/wp-json\/wp\/v2\/tags?post=10109"}],"curies":[{"name":"wp","href":"https:\/\/api.w.org\/{rel}","templated":true}]}}