{"id":10112,"date":"2019-08-27T16:57:30","date_gmt":"2019-08-27T14:57:30","guid":{"rendered":"https:\/\/www.umweltperspektiven.ch\/?p=2401"},"modified":"2022-02-09T11:10:04","modified_gmt":"2022-02-09T10:10:04","slug":"neue-professur-fuer-bim-in-der-landschaftsarchitektur","status":"publish","type":"post","link":"https:\/\/www.organisator.ch\/fr\/sustainability\/2019-08-27\/neue-professur-fuer-bim-in-der-landschaftsarchitektur\/","title":{"rendered":"Nouvelle chaire pour le BIM dans l'architecture paysag\u00e8re"},"content":{"rendered":"<figure id=\"attachment_2402\" aria-describedby=\"caption-attachment-2402\" style=\"width: 680px\" class=\"wp-caption alignnone\"><img loading=\"lazy\" decoding=\"async\" class=\"size-medium wp-image-2402\" src=\"\/\/www.umweltperspektiven.ch\/wp-content\/uploads\/2019\/08\/Christian_Graf_UP_UmweltPerspektiven.jpg\" alt=\"\" width=\"680\" height=\"464\" \/><figcaption id=\"caption-attachment-2402\" class=\"wp-caption-text\">Le professeur Christian Graf prendra le relais \u00e0 partir du semestre d'automne 2019. (Image : HSR)<\/figcaption><\/figure>\n<p>Le BIM est la technologie cl\u00e9 centrale pour la transformation num\u00e9rique du secteur de la construction. En automne 2018, le Conseil f\u00e9d\u00e9ral a adopt\u00e9 le \"Plan d'action Suisse num\u00e9rique\". L'objectif : la Conf\u00e9d\u00e9ration et toutes les entreprises proches de la Conf\u00e9d\u00e9ration doivent utiliser obligatoirement la m\u00e9thode de planification Building Information Modeling (BIM) \u00e0 partir de 2021 pour les biens immobiliers et \u00e0 partir de 2025 pour les installations d'infrastructure. La planification, la construction et la gestion d'un b\u00e2timent nouvellement con\u00e7u <a class=\"internal-link\" title=\"Vers le module &#039;Planification et conception d&#039;espaces libres urbains\" href=\"\/\/www.hsr.ch\/de\/studium\/bachelor\/studiengaenge\/landschaftsarchitektur-l\/studieninhalt\/#c3941\">Espace libre <\/a>change fondamentalement et doit \u00eatre repens\u00e9e en cons\u00e9quence.<\/p>\n<p class=\"bodytext\">La HSR se consacre \u00e0 cette branche strat\u00e9gique de la recherche dans le secteur de la construction en cr\u00e9ant une nouvelle chaire dans la fili\u00e8re Architecture du paysage : le professeur Christian Graf prendra en charge ce nouveau th\u00e8me de formation et de recherche \u00e0 partir du semestre d'automne 2019 et enseignera la conception de projets et le BIM dans l'architecture du paysage. Christian Graf, form\u00e9 \u00e0 l'origine dans le g\u00e9nie civil, a \u00e9tudi\u00e9 l'architecture paysag\u00e8re \u00e0 la HSR et a ensuite obtenu son dipl\u00f4me de master en Allemagne. Apr\u00e8s sa formation, il a acquis de l'exp\u00e9rience dans diff\u00e9rents bureaux d'architecture paysag\u00e8re \u00e0 Zurich et est pr\u00e9sent avec succ\u00e8s depuis dix ans dans son propre bureau de planification.<\/p>\n<p class=\"bodytext\">L'objectif de la nouvelle chaire est d'acqu\u00e9rir des connaissances dans la recherche appliqu\u00e9e et le d\u00e9veloppement dans les \"BIM Levels 1-4\" du plan \u00e9chelonn\u00e9 suisse. Le site <a class=\"external-link-new-window\" href=\"\/\/bauen-digital.ch\/de\/produkte\/stufenplan\/#section-209\" target=\"_blank\" rel=\"noopener\">Plan \u00e9chelonn\u00e9 Suisse<\/a> est un guide d\u00e9velopp\u00e9 par Construction num\u00e9rique Suisse, une organisation qui se consacre \u00e0 la transformation num\u00e9rique du secteur suisse de la construction et de l'immobilier. Il r\u00e9sume en quatre \u00e9tapes ce que doit \u00eatre la transformation num\u00e9rique.<br \/>\nNous souhaitons la bienvenue au professeur Christian Graf \u00e0 la HSR et lui souhaitons un bon d\u00e9but de semestre.<\/p>\n<p><em>Vous \u00eates int\u00e9ress\u00e9(e) par des \u00e9tudes d'architecture paysag\u00e8re ? <a class=\"internal-link\" title=\"Ouvre un lien interne dans la fen\u00eatre courante\" href=\"\/\/www.hsr.ch\/de\/studium\/bachelor\/studiengaenge\/landschaftsarchitektur-l\/uebersicht\/\">Vous trouverez ici de plus amples informations sur la fili\u00e8re d'\u00e9tudes<\/a>.\u00a0<\/em><\/p>","protected":false},"excerpt":{"rendered":"<p>BIM ist die zentrale Schl\u00fcsseltechnologie zur digitalen Transformation der Baubranche. Im Herbst 2018 hat der Bundesrat den \u00abAktionsplan Digitale Schweiz\u00bb verabschiedet. Das Ziel: Der Bund und alle bundesnahen Betriebe sollen ab 2021 f\u00fcr Immobilien und ab 2025 f\u00fcr Infrastrukturanlagen die Planungsmethode Building Information Modeling (BIM) verpflichtend anwenden. Die Planung, der Bau und die Bewirtschaftung eines [&hellip;]<\/p>\n","protected":false},"author":5,"featured_media":9632,"comment_status":"open","ping_status":"open","sticky":false,"template":"","format":"standard","meta":{"_acf_changed":false,"_yoast_wpseo_focuskw":"BIM","_yoast_wpseo_metadesc":"Prof. Christian Graf wird ab dem kommenden Semester Projektierung und BIM im Studiengang Landschaftsarchitektur an der HSR unterrichten.","articlekey":"","footnotes":""},"categories":[580],"tags":[816,218,263,1405],"class_list":["post-10112","post","type-post","status-publish","format-standard","has-post-thumbnail","hentry","category-sustainability","tag-bim","tag-forschung","tag-immobilien","tag-infrastruktur"],"acf":[],"yoast_head":"<!-- This site is optimized with the Yoast SEO plugin v27.4 - https:\/\/yoast.com\/product\/yoast-seo-wordpress\/ -->\n<title>Neue Professur f\u00fcr BIM in der Landschaftsarchitektur - Organisator<\/title>\n<meta name=\"description\" content=\"Prof. Christian Graf wird ab dem kommenden Semester Projektierung und BIM im Studiengang Landschaftsarchitektur an der HSR unterrichten.\" \/>\n<meta name=\"robots\" content=\"index, follow, max-snippet:-1, max-image-preview:large, max-video-preview:-1\" \/>\n<link rel=\"canonical\" href=\"https:\/\/www.organisator.ch\/fr\/sustainability\/2019-08-27\/neue-professur-fuer-bim-in-der-landschaftsarchitektur\/\" \/>\n<meta property=\"og:locale\" content=\"fr_FR\" \/>\n<meta property=\"og:type\" content=\"article\" \/>\n<meta property=\"og:title\" content=\"Neue Professur f\u00fcr BIM in der Landschaftsarchitektur - Organisator\" \/>\n<meta property=\"og:description\" content=\"Prof. Christian Graf wird ab dem kommenden Semester Projektierung und BIM im Studiengang Landschaftsarchitektur an der HSR unterrichten.\" \/>\n<meta property=\"og:url\" content=\"https:\/\/www.organisator.ch\/fr\/sustainability\/2019-08-27\/neue-professur-fuer-bim-in-der-landschaftsarchitektur\/\" \/>\n<meta property=\"og:site_name\" content=\"Organisator\" \/>\n<meta property=\"article:publisher\" content=\"https:\/\/www.facebook.com\/OrganisatorFachmagazin\" \/>\n<meta property=\"article:published_time\" content=\"2019-08-27T14:57:30+00:00\" \/>\n<meta property=\"article:modified_time\" content=\"2022-02-09T10:10:04+00:00\" \/>\n<meta property=\"og:image\" content=\"https:\/\/www.organisator.ch\/wp-content\/uploads\/2019\/08\/Christian_Graf_UP_UmweltPerspektiven.jpg\" \/>\n\t<meta property=\"og:image:width\" content=\"1500\" \/>\n\t<meta property=\"og:image:height\" content=\"1024\" \/>\n\t<meta property=\"og:image:type\" content=\"image\/jpeg\" \/>\n<meta name=\"author\" content=\"michael.merz\" \/>\n<meta name=\"twitter:card\" content=\"summary_large_image\" \/>\n<script type=\"application\/ld+json\" class=\"yoast-schema-graph\">{\"@context\":\"https:\\\/\\\/schema.org\",\"@graph\":[{\"@type\":\"Article\",\"@id\":\"https:\\\/\\\/www.organisator.ch\\\/sustainability\\\/2019-08-27\\\/neue-professur-fuer-bim-in-der-landschaftsarchitektur\\\/#article\",\"isPartOf\":{\"@id\":\"https:\\\/\\\/www.organisator.ch\\\/sustainability\\\/2019-08-27\\\/neue-professur-fuer-bim-in-der-landschaftsarchitektur\\\/\"},\"author\":{\"name\":\"michael.merz\",\"@id\":\"https:\\\/\\\/www.organisator.ch\\\/#\\\/schema\\\/person\\\/134708ca9321c57b0362cceb7948ffbd\"},\"headline\":\"Neue Professur f\u00fcr BIM in der Landschaftsarchitektur\",\"datePublished\":\"2019-08-27T14:57:30+00:00\",\"dateModified\":\"2022-02-09T10:10:04+00:00\",\"mainEntityOfPage\":{\"@id\":\"https:\\\/\\\/www.organisator.ch\\\/sustainability\\\/2019-08-27\\\/neue-professur-fuer-bim-in-der-landschaftsarchitektur\\\/\"},\"wordCount\":269,\"commentCount\":0,\"publisher\":{\"@id\":\"https:\\\/\\\/www.organisator.ch\\\/#organization\"},\"image\":{\"@id\":\"https:\\\/\\\/www.organisator.ch\\\/sustainability\\\/2019-08-27\\\/neue-professur-fuer-bim-in-der-landschaftsarchitektur\\\/#primaryimage\"},\"thumbnailUrl\":\"https:\\\/\\\/www.organisator.ch\\\/wp-content\\\/uploads\\\/2019\\\/08\\\/Christian_Graf_UP_UmweltPerspektiven.jpg\",\"keywords\":[\"BIM\",\"Forschung\",\"Immobilien\",\"Infrastruktur\"],\"articleSection\":[\"SUSTAINABILITY\"],\"inLanguage\":\"fr-FR\"},{\"@type\":\"WebPage\",\"@id\":\"https:\\\/\\\/www.organisator.ch\\\/sustainability\\\/2019-08-27\\\/neue-professur-fuer-bim-in-der-landschaftsarchitektur\\\/\",\"url\":\"https:\\\/\\\/www.organisator.ch\\\/sustainability\\\/2019-08-27\\\/neue-professur-fuer-bim-in-der-landschaftsarchitektur\\\/\",\"name\":\"Neue Professur f\u00fcr BIM in der Landschaftsarchitektur - Organisator\",\"isPartOf\":{\"@id\":\"https:\\\/\\\/www.organisator.ch\\\/#website\"},\"primaryImageOfPage\":{\"@id\":\"https:\\\/\\\/www.organisator.ch\\\/sustainability\\\/2019-08-27\\\/neue-professur-fuer-bim-in-der-landschaftsarchitektur\\\/#primaryimage\"},\"image\":{\"@id\":\"https:\\\/\\\/www.organisator.ch\\\/sustainability\\\/2019-08-27\\\/neue-professur-fuer-bim-in-der-landschaftsarchitektur\\\/#primaryimage\"},\"thumbnailUrl\":\"https:\\\/\\\/www.organisator.ch\\\/wp-content\\\/uploads\\\/2019\\\/08\\\/Christian_Graf_UP_UmweltPerspektiven.jpg\",\"datePublished\":\"2019-08-27T14:57:30+00:00\",\"dateModified\":\"2022-02-09T10:10:04+00:00\",\"description\":\"Prof. Christian Graf wird ab dem kommenden Semester Projektierung und BIM im Studiengang Landschaftsarchitektur an der HSR unterrichten.\",\"breadcrumb\":{\"@id\":\"https:\\\/\\\/www.organisator.ch\\\/sustainability\\\/2019-08-27\\\/neue-professur-fuer-bim-in-der-landschaftsarchitektur\\\/#breadcrumb\"},\"inLanguage\":\"fr-FR\",\"potentialAction\":[{\"@type\":\"ReadAction\",\"target\":[\"https:\\\/\\\/www.organisator.ch\\\/sustainability\\\/2019-08-27\\\/neue-professur-fuer-bim-in-der-landschaftsarchitektur\\\/\"]}]},{\"@type\":\"ImageObject\",\"inLanguage\":\"fr-FR\",\"@id\":\"https:\\\/\\\/www.organisator.ch\\\/sustainability\\\/2019-08-27\\\/neue-professur-fuer-bim-in-der-landschaftsarchitektur\\\/#primaryimage\",\"url\":\"https:\\\/\\\/www.organisator.ch\\\/wp-content\\\/uploads\\\/2019\\\/08\\\/Christian_Graf_UP_UmweltPerspektiven.jpg\",\"contentUrl\":\"https:\\\/\\\/www.organisator.ch\\\/wp-content\\\/uploads\\\/2019\\\/08\\\/Christian_Graf_UP_UmweltPerspektiven.jpg\",\"width\":1500,\"height\":1024,\"caption\":\"Prof. Christian Graf wird ab dem Herbstsemester 2019 \u00fcbernehmen. (Bild: HSR)\"},{\"@type\":\"BreadcrumbList\",\"@id\":\"https:\\\/\\\/www.organisator.ch\\\/sustainability\\\/2019-08-27\\\/neue-professur-fuer-bim-in-der-landschaftsarchitektur\\\/#breadcrumb\",\"itemListElement\":[{\"@type\":\"ListItem\",\"position\":1,\"name\":\"Home\",\"item\":\"https:\\\/\\\/www.organisator.ch\\\/\"},{\"@type\":\"ListItem\",\"position\":2,\"name\":\"Neue Professur f\u00fcr BIM in der Landschaftsarchitektur\"}]},{\"@type\":\"WebSite\",\"@id\":\"https:\\\/\\\/www.organisator.ch\\\/#website\",\"url\":\"https:\\\/\\\/www.organisator.ch\\\/\",\"name\":\"Organisator\",\"description\":\"Kompetent. Praxisnah. Der ORGANISATOR bereitet in 10 Ausgaben pro Jahr die wesentlichen Themen f\u00fcr F\u00fchrungskr\u00e4fte von KMU auf.\",\"publisher\":{\"@id\":\"https:\\\/\\\/www.organisator.ch\\\/#organization\"},\"potentialAction\":[{\"@type\":\"SearchAction\",\"target\":{\"@type\":\"EntryPoint\",\"urlTemplate\":\"https:\\\/\\\/www.organisator.ch\\\/?s={search_term_string}\"},\"query-input\":{\"@type\":\"PropertyValueSpecification\",\"valueRequired\":true,\"valueName\":\"search_term_string\"}}],\"inLanguage\":\"fr-FR\"},{\"@type\":\"Organization\",\"@id\":\"https:\\\/\\\/www.organisator.ch\\\/#organization\",\"name\":\"Organisator\",\"url\":\"https:\\\/\\\/www.organisator.ch\\\/\",\"logo\":{\"@type\":\"ImageObject\",\"inLanguage\":\"fr-FR\",\"@id\":\"https:\\\/\\\/www.organisator.ch\\\/#\\\/schema\\\/logo\\\/image\\\/\",\"url\":\"https:\\\/\\\/www.organisator.ch\\\/wp-content\\\/uploads\\\/2022\\\/01\\\/Logo_Organisator_Website.png\",\"contentUrl\":\"https:\\\/\\\/www.organisator.ch\\\/wp-content\\\/uploads\\\/2022\\\/01\\\/Logo_Organisator_Website.png\",\"width\":800,\"height\":77,\"caption\":\"Organisator\"},\"image\":{\"@id\":\"https:\\\/\\\/www.organisator.ch\\\/#\\\/schema\\\/logo\\\/image\\\/\"},\"sameAs\":[\"https:\\\/\\\/www.facebook.com\\\/OrganisatorFachmagazin\",\"https:\\\/\\\/www.linkedin.com\\\/showcase\\\/organisator-das-magazin-fr-kmu\",\"https:\\\/\\\/www.xing.com\\\/news\\\/pages\\\/organisator-ch-695\",\"https:\\\/\\\/www.youtube.com\\\/channel\\\/UCGP2Sq0iWaZwT3BdIAQFYpw\"]},{\"@type\":\"Person\",\"@id\":\"https:\\\/\\\/www.organisator.ch\\\/#\\\/schema\\\/person\\\/134708ca9321c57b0362cceb7948ffbd\",\"name\":\"michael.merz\",\"image\":{\"@type\":\"ImageObject\",\"inLanguage\":\"fr-FR\",\"@id\":\"https:\\\/\\\/secure.gravatar.com\\\/avatar\\\/?s=96&d=mm&r=g\",\"url\":\"https:\\\/\\\/secure.gravatar.com\\\/avatar\\\/?s=96&d=mm&r=g\",\"contentUrl\":\"https:\\\/\\\/secure.gravatar.com\\\/avatar\\\/?s=96&d=mm&r=g\",\"caption\":\"michael.merz\"},\"url\":\"https:\\\/\\\/www.organisator.ch\\\/fr\\\/author\\\/michael-merz\\\/\"}]}<\/script>\n<!-- \/ Yoast SEO plugin. -->","yoast_head_json":{"title":"Nouvelle chaire BIM en architecture du paysage - Organisateur","description":"Le professeur Christian Graf enseignera d\u00e8s le semestre prochain la conception de projets et le BIM dans la fili\u00e8re Architecture du paysage de la HSR.","robots":{"index":"index","follow":"follow","max-snippet":"max-snippet:-1","max-image-preview":"max-image-preview:large","max-video-preview":"max-video-preview:-1"},"canonical":"https:\/\/www.organisator.ch\/fr\/sustainability\/2019-08-27\/neue-professur-fuer-bim-in-der-landschaftsarchitektur\/","og_locale":"fr_FR","og_type":"article","og_title":"Neue Professur f\u00fcr BIM in der Landschaftsarchitektur - Organisator","og_description":"Prof. Christian Graf wird ab dem kommenden Semester Projektierung und BIM im Studiengang Landschaftsarchitektur an der HSR unterrichten.","og_url":"https:\/\/www.organisator.ch\/fr\/sustainability\/2019-08-27\/neue-professur-fuer-bim-in-der-landschaftsarchitektur\/","og_site_name":"Organisator","article_publisher":"https:\/\/www.facebook.com\/OrganisatorFachmagazin","article_published_time":"2019-08-27T14:57:30+00:00","article_modified_time":"2022-02-09T10:10:04+00:00","og_image":[{"width":1500,"height":1024,"url":"https:\/\/www.organisator.ch\/wp-content\/uploads\/2019\/08\/Christian_Graf_UP_UmweltPerspektiven.jpg","type":"image\/jpeg"}],"author":"michael.merz","twitter_card":"summary_large_image","schema":{"@context":"https:\/\/schema.org","@graph":[{"@type":"Article","@id":"https:\/\/www.organisator.ch\/sustainability\/2019-08-27\/neue-professur-fuer-bim-in-der-landschaftsarchitektur\/#article","isPartOf":{"@id":"https:\/\/www.organisator.ch\/sustainability\/2019-08-27\/neue-professur-fuer-bim-in-der-landschaftsarchitektur\/"},"author":{"name":"michael.merz","@id":"https:\/\/www.organisator.ch\/#\/schema\/person\/134708ca9321c57b0362cceb7948ffbd"},"headline":"Neue Professur f\u00fcr BIM in der Landschaftsarchitektur","datePublished":"2019-08-27T14:57:30+00:00","dateModified":"2022-02-09T10:10:04+00:00","mainEntityOfPage":{"@id":"https:\/\/www.organisator.ch\/sustainability\/2019-08-27\/neue-professur-fuer-bim-in-der-landschaftsarchitektur\/"},"wordCount":269,"commentCount":0,"publisher":{"@id":"https:\/\/www.organisator.ch\/#organization"},"image":{"@id":"https:\/\/www.organisator.ch\/sustainability\/2019-08-27\/neue-professur-fuer-bim-in-der-landschaftsarchitektur\/#primaryimage"},"thumbnailUrl":"https:\/\/www.organisator.ch\/wp-content\/uploads\/2019\/08\/Christian_Graf_UP_UmweltPerspektiven.jpg","keywords":["BIM","Forschung","Immobilien","Infrastruktur"],"articleSection":["SUSTAINABILITY"],"inLanguage":"fr-FR"},{"@type":"WebPage","@id":"https:\/\/www.organisator.ch\/sustainability\/2019-08-27\/neue-professur-fuer-bim-in-der-landschaftsarchitektur\/","url":"https:\/\/www.organisator.ch\/sustainability\/2019-08-27\/neue-professur-fuer-bim-in-der-landschaftsarchitektur\/","name":"Nouvelle chaire BIM en architecture du paysage - Organisateur","isPartOf":{"@id":"https:\/\/www.organisator.ch\/#website"},"primaryImageOfPage":{"@id":"https:\/\/www.organisator.ch\/sustainability\/2019-08-27\/neue-professur-fuer-bim-in-der-landschaftsarchitektur\/#primaryimage"},"image":{"@id":"https:\/\/www.organisator.ch\/sustainability\/2019-08-27\/neue-professur-fuer-bim-in-der-landschaftsarchitektur\/#primaryimage"},"thumbnailUrl":"https:\/\/www.organisator.ch\/wp-content\/uploads\/2019\/08\/Christian_Graf_UP_UmweltPerspektiven.jpg","datePublished":"2019-08-27T14:57:30+00:00","dateModified":"2022-02-09T10:10:04+00:00","description":"Le professeur Christian Graf enseignera d\u00e8s le semestre prochain la conception de projets et le BIM dans la fili\u00e8re Architecture du paysage de la HSR.","breadcrumb":{"@id":"https:\/\/www.organisator.ch\/sustainability\/2019-08-27\/neue-professur-fuer-bim-in-der-landschaftsarchitektur\/#breadcrumb"},"inLanguage":"fr-FR","potentialAction":[{"@type":"ReadAction","target":["https:\/\/www.organisator.ch\/sustainability\/2019-08-27\/neue-professur-fuer-bim-in-der-landschaftsarchitektur\/"]}]},{"@type":"ImageObject","inLanguage":"fr-FR","@id":"https:\/\/www.organisator.ch\/sustainability\/2019-08-27\/neue-professur-fuer-bim-in-der-landschaftsarchitektur\/#primaryimage","url":"https:\/\/www.organisator.ch\/wp-content\/uploads\/2019\/08\/Christian_Graf_UP_UmweltPerspektiven.jpg","contentUrl":"https:\/\/www.organisator.ch\/wp-content\/uploads\/2019\/08\/Christian_Graf_UP_UmweltPerspektiven.jpg","width":1500,"height":1024,"caption":"Prof. Christian Graf wird ab dem Herbstsemester 2019 \u00fcbernehmen. (Bild: HSR)"},{"@type":"BreadcrumbList","@id":"https:\/\/www.organisator.ch\/sustainability\/2019-08-27\/neue-professur-fuer-bim-in-der-landschaftsarchitektur\/#breadcrumb","itemListElement":[{"@type":"ListItem","position":1,"name":"Home","item":"https:\/\/www.organisator.ch\/"},{"@type":"ListItem","position":2,"name":"Neue Professur f\u00fcr BIM in der Landschaftsarchitektur"}]},{"@type":"WebSite","@id":"https:\/\/www.organisator.ch\/#website","url":"https:\/\/www.organisator.ch\/","name":"Organisateur","description":"Comp\u00e9tence et comp\u00e9tence. Proches de la pratique. L'ORGANISATEUR pr\u00e9pare 10 num\u00e9ros par an sur les th\u00e8mes essentiels pour les dirigeants de PME.","publisher":{"@id":"https:\/\/www.organisator.ch\/#organization"},"potentialAction":[{"@type":"SearchAction","target":{"@type":"EntryPoint","urlTemplate":"https:\/\/www.organisator.ch\/?s={search_term_string}"},"query-input":{"@type":"PropertyValueSpecification","valueRequired":true,"valueName":"search_term_string"}}],"inLanguage":"fr-FR"},{"@type":"Organization","@id":"https:\/\/www.organisator.ch\/#organization","name":"Organisateur","url":"https:\/\/www.organisator.ch\/","logo":{"@type":"ImageObject","inLanguage":"fr-FR","@id":"https:\/\/www.organisator.ch\/#\/schema\/logo\/image\/","url":"https:\/\/www.organisator.ch\/wp-content\/uploads\/2022\/01\/Logo_Organisator_Website.png","contentUrl":"https:\/\/www.organisator.ch\/wp-content\/uploads\/2022\/01\/Logo_Organisator_Website.png","width":800,"height":77,"caption":"Organisator"},"image":{"@id":"https:\/\/www.organisator.ch\/#\/schema\/logo\/image\/"},"sameAs":["https:\/\/www.facebook.com\/OrganisatorFachmagazin","https:\/\/www.linkedin.com\/showcase\/organisator-das-magazin-fr-kmu","https:\/\/www.xing.com\/news\/pages\/organisator-ch-695","https:\/\/www.youtube.com\/channel\/UCGP2Sq0iWaZwT3BdIAQFYpw"]},{"@type":"Person","@id":"https:\/\/www.organisator.ch\/#\/schema\/person\/134708ca9321c57b0362cceb7948ffbd","name":"michael.merz","image":{"@type":"ImageObject","inLanguage":"fr-FR","@id":"https:\/\/secure.gravatar.com\/avatar\/?s=96&d=mm&r=g","url":"https:\/\/secure.gravatar.com\/avatar\/?s=96&d=mm&r=g","contentUrl":"https:\/\/secure.gravatar.com\/avatar\/?s=96&d=mm&r=g","caption":"michael.merz"},"url":"https:\/\/www.organisator.ch\/fr\/author\/michael-merz\/"}]}},"_links":{"self":[{"href":"https:\/\/www.organisator.ch\/fr\/wp-json\/wp\/v2\/posts\/10112","targetHints":{"allow":["GET"]}}],"collection":[{"href":"https:\/\/www.organisator.ch\/fr\/wp-json\/wp\/v2\/posts"}],"about":[{"href":"https:\/\/www.organisator.ch\/fr\/wp-json\/wp\/v2\/types\/post"}],"author":[{"embeddable":true,"href":"https:\/\/www.organisator.ch\/fr\/wp-json\/wp\/v2\/users\/5"}],"replies":[{"embeddable":true,"href":"https:\/\/www.organisator.ch\/fr\/wp-json\/wp\/v2\/comments?post=10112"}],"version-history":[{"count":1,"href":"https:\/\/www.organisator.ch\/fr\/wp-json\/wp\/v2\/posts\/10112\/revisions"}],"predecessor-version":[{"id":10886,"href":"https:\/\/www.organisator.ch\/fr\/wp-json\/wp\/v2\/posts\/10112\/revisions\/10886"}],"wp:featuredmedia":[{"embeddable":true,"href":"https:\/\/www.organisator.ch\/fr\/wp-json\/wp\/v2\/media\/9632"}],"wp:attachment":[{"href":"https:\/\/www.organisator.ch\/fr\/wp-json\/wp\/v2\/media?parent=10112"}],"wp:term":[{"taxonomy":"category","embeddable":true,"href":"https:\/\/www.organisator.ch\/fr\/wp-json\/wp\/v2\/categories?post=10112"},{"taxonomy":"post_tag","embeddable":true,"href":"https:\/\/www.organisator.ch\/fr\/wp-json\/wp\/v2\/tags?post=10112"}],"curies":[{"name":"wp","href":"https:\/\/api.w.org\/{rel}","templated":true}]}}