{"id":10118,"date":"2019-09-16T15:37:35","date_gmt":"2019-09-16T13:37:35","guid":{"rendered":"https:\/\/www.umweltperspektiven.ch\/?p=2461"},"modified":"2022-02-09T11:10:51","modified_gmt":"2022-02-09T10:10:51","slug":"mikroplastik-in-gewaessern","status":"publish","type":"post","link":"https:\/\/www.organisator.ch\/fr\/sustainability\/2019-09-16\/mikroplastik-in-gewaessern\/","title":{"rendered":"Les microplastiques dans l'eau"},"content":{"rendered":"<figure id=\"attachment_2462\" aria-describedby=\"caption-attachment-2462\" style=\"width: 680px\" class=\"wp-caption alignnone\"><img loading=\"lazy\" decoding=\"async\" class=\"size-medium wp-image-2462\" src=\"\/\/www.umweltperspektiven.ch\/wp-content\/uploads\/2019\/09\/mikroplastik-empa-ilmac-unsplash-up_umwelt-perspektiven.jpg\" alt=\"\" width=\"680\" height=\"453\" \/><figcaption id=\"caption-attachment-2462\" class=\"wp-caption-text\">Les microplastiques sont depuis longtemps un sujet de pr\u00e9occupation pour les techniciens de l'environnement. (Image symbolique : Unsplash)<\/figcaption><\/figure>\n<p>Le danger que repr\u00e9sentent les microplastiques n'a gu\u00e8re \u00e9t\u00e9 \u00e9tudi\u00e9 jusqu'\u00e0 pr\u00e9sent. Des chercheurs de l'Empa ont r\u00e9alis\u00e9 la premi\u00e8re \u00e9valuation mondiale des risques li\u00e9s aux microplastiques dans les lacs et les rivi\u00e8res. Selon les conclusions de l'\u00e9tude, les organismes aquatiques ne sont pas (encore) gravement menac\u00e9s en Europe.<\/p>\n<p>Toutefois, ces particules millim\u00e9triques peuvent poser un probl\u00e8me pour l'environnement. Les microplastiques sont entr\u00e9s dans la soci\u00e9t\u00e9 dans les deux sens du terme, peut-on lire dans un communiqu\u00e9 sur le site de l'ILMAC : \"D'un point de vue chimique et analytique, ils se sont d\u00e9j\u00e0 retrouv\u00e9s dans le tractus gastro-intestinal, le sang, la lymphe et le foie de <a href=\"\/\/guide.ilmac.ch\/documents\/trendbericht-mikroplastik.pdf\">les animaux<sup>1<\/sup>\u00a0et m\u00eame dans les selles des humains.<\/a><sup><a href=\"\/\/guide.ilmac.ch\/documents\/trendbericht-mikroplastik.pdf\">2<\/a>\u201e<\/sup><\/p>\n<p><strong>Risque pour l'environnement ?\u00a0<\/strong><\/p>\n<p>Les microplastiques sont \u00e9galement devenus un th\u00e8me politique pour le grand public - une incitation pour les chercheurs \u00e0 faire la lumi\u00e8re et \u00e0 mettre de l'ordre dans ce domaine complexe et \u00e0 montrer les \u00e9ventuelles mesures \u00e0 prendre par les entreprises concern\u00e9es. Bernd Nowack, scientifique de l'environnement et chercheur \u00e0 l'Empa, se penche entre autres sur la pollution de l'environnement par les microplastiques. En collaboration avec V\u00e9ronique Adam, Nowack a r\u00e9alis\u00e9 la premi\u00e8re \u00e9valuation des risques au monde pour les poissons et autres organismes aquatiques vivant en eau douce.<\/p>\n<p>Pour ce faire, ils ont compar\u00e9 et \u00e9valu\u00e9 les r\u00e9sultats d'innombrables \u00e9tudes. Pour d\u00e9terminer s'il existe un risque pour l'environnement, les chercheurs de l'Empa ont utilis\u00e9 une m\u00e9thode \u00e9tablie pour l'\u00e9valuation des risques environnementaux li\u00e9s aux produits chimiques. Ils ont compar\u00e9 les charges r\u00e9elles mesur\u00e9es dans les eaux par les microplastiques avec les valeurs seuils pour les effets toxiques possibles sur diff\u00e9rents organismes. Si les charges et les valeurs seuils se recoupent, il existe effectivement un risque pour l'environnement.<\/p>\n<p>R\u00e9sultat : en Europe, il n'y a actuellement aucun risque pour l'environnement, car les concentrations de microplastiques effectivement mesur\u00e9es dans les eaux analys\u00e9es jusqu'\u00e0 pr\u00e9sent sont nettement inf\u00e9rieures aux valeurs seuils. On sait cependant que l'Asie est particuli\u00e8rement touch\u00e9e par le probl\u00e8me du plastique. Nowack et Adam ont trouv\u00e9 dans les donn\u00e9es asiatiques un chevauchement des pollutions et des valeurs seuils, m\u00eame si celui-ci est extr\u00eamement faible.<\/p>\n<p><strong>Diff\u00e9rences r\u00e9gionales<\/strong><br \/>\nComme le montrent ces deux exemples, les chercheurs ont trouv\u00e9 des diff\u00e9rences entre les diff\u00e9rentes r\u00e9gions du monde en ce qui concerne la pollution par les microplastiques et le risque qui en r\u00e9sulte pour l'environnement. Les concentrations environnementales peuvent \u00eatre plus \u00e9lev\u00e9es dans les r\u00e9gions o\u00f9 le syst\u00e8me d'\u00e9puration des eaux us\u00e9es ne fonctionne pas ou fonctionne de mani\u00e8re limit\u00e9e. Ceci parce que des stations d'\u00e9puration qui fonctionnent bien sont particuli\u00e8rement importantes pour la \"protection\" de l'environnement contre les microplastiques.<\/p>\n<p>La conclusion de Nowack est la suivante : \"Actuellement, rien n'indique que les microplastiques pr\u00e9sentent un risque pour l'environnement en Europe\". Toutefois, des \u00e9tudes suppl\u00e9mentaires sont n\u00e9cessaires pour exclure d\u00e9finitivement les cons\u00e9quences n\u00e9gatives, car les donn\u00e9es sont encore rares, surtout en ce qui concerne les points chauds locaux de microplastiques dans l'environnement. Il recommande par exemple des \u00e9tudes contr\u00f4l\u00e9es avec des m\u00e9thodes standard et une caract\u00e9risation compl\u00e8te des particules.<\/p>\n<p>Son propre groupe de recherche \"Environmental Risk Assessment and Management\" au sein du d\u00e9partement \"Technologie et soci\u00e9t\u00e9\" de l'Empa \u00e0 Saint-Gall va en tout cas continuer \u00e0 suivre le sujet. Des \u00e9valuations de risques similaires sont pr\u00e9vues pour les microplastiques dans les sols et une \u00e9tude pour les oc\u00e9ans. La quantification des flux de microplastiques dans l'environnement ou l'\u00e9tude de la formation de microplastiques lors du lavage et de l'alt\u00e9ration sont \u00e9galement des projets de recherche en cours.<\/p>\n<p>&nbsp;<\/p>\n<p><em>C'est avec plaisir que nous attirons votre attention sur le forum \"Swiss Green &amp; Sustainable Chemistry Days 2019\", qui vous proposera des conf\u00e9rences et des nouveaut\u00e9s pendant ILMAC (du mardi 24 au vendredi 27 septembre 2019). Vous trouverez le programme correspondant <a href=\"\/\/link.ilmac.ch\/dispatcher\/service?kh=190910075102051497&amp;l=de&amp;o=0&amp;a=12190916134547115505\">ici<\/a>. Le Forum ILMAC est organis\u00e9 par la Soci\u00e9t\u00e9 Suisse de Chimie.<\/em><\/p>\n<p>&nbsp;<\/p>\n<p><em>Publication originale : <\/em><\/p>\n<p><em>V. Adam, T. Yang, B. Nowack, \"Toward an ecotoxicological risk assessment of microplastics : Comparison of available hazard and exposure data in freshwaters\", Environmental Toxicology and Chemistry (2018) ; DOI : 10.1002\/etc.4323<\/em><\/p>\n<p><em>Source : Empa (communiqu\u00e9 de presse abr\u00e9g\u00e9)<\/em><\/p>\n<p><a href=\"\/\/www.empa.ch\/\" target=\"_blank\" rel=\"noopener\">www.empa.ch<\/a><\/p>","protected":false},"excerpt":{"rendered":"<p>Die Gefahr, welche Mikroplastik bergen, ist bis anhin kaum erforscht. Forscher der Empa haben nun die weltweit erste Risikoabsch\u00e4tzung f\u00fcr Mikroplastik in Seen und Fl\u00fcssen durchgef\u00fchrt. In Europa, so das Fazit der Studie, sind aquatische Organismen zurzeit (noch) nicht akut gef\u00e4hrdet. Allerdings k\u00f6nnen diese Millimeter kleinen Partikel ein Problem f\u00fcr die Umwelt darstellen.\u00a0Mikroplastik ist im [&hellip;]<\/p>\n","protected":false},"author":5,"featured_media":2462,"comment_status":"open","ping_status":"open","sticky":false,"template":"","format":"standard","meta":{"_acf_changed":false,"_yoast_wpseo_focuskw":"Mikroplastik","_yoast_wpseo_metadesc":"Qualvoll verendete Meeresv\u00f6gel mit einem Bauch voller Mikroplastik oder Plastikansammlungen so gross wie Inseln. Das Problem erreicht auch die Schweiz.","articlekey":"","footnotes":""},"categories":[580],"tags":[907,1149,1711,459,2383],"class_list":["post-10118","post","type-post","status-publish","format-standard","has-post-thumbnail","hentry","category-sustainability","tag-chemie","tag-fachmesse","tag-mikroplastik","tag-studie","tag-umwelttechnik"],"acf":[],"yoast_head":"<!-- This site is optimized with the Yoast SEO plugin v27.4 - https:\/\/yoast.com\/product\/yoast-seo-wordpress\/ -->\n<title>Mikroplastik in Gew\u00e4ssern - Organisator<\/title>\n<meta name=\"description\" content=\"Qualvoll verendete Meeresv\u00f6gel mit einem Bauch voller Mikroplastik oder Plastikansammlungen so gross wie Inseln. Das Problem erreicht auch die Schweiz.\" \/>\n<meta name=\"robots\" content=\"index, follow, max-snippet:-1, max-image-preview:large, max-video-preview:-1\" \/>\n<link rel=\"canonical\" href=\"https:\/\/www.organisator.ch\/fr\/sustainability\/2019-09-16\/mikroplastik-in-gewaessern\/\" \/>\n<meta property=\"og:locale\" content=\"fr_FR\" \/>\n<meta property=\"og:type\" content=\"article\" \/>\n<meta property=\"og:title\" content=\"Mikroplastik in Gew\u00e4ssern - Organisator\" \/>\n<meta property=\"og:description\" content=\"Qualvoll verendete Meeresv\u00f6gel mit einem Bauch voller Mikroplastik oder Plastikansammlungen so gross wie Inseln. Das Problem erreicht auch die Schweiz.\" \/>\n<meta property=\"og:url\" content=\"https:\/\/www.organisator.ch\/fr\/sustainability\/2019-09-16\/mikroplastik-in-gewaessern\/\" \/>\n<meta property=\"og:site_name\" content=\"Organisator\" \/>\n<meta property=\"article:publisher\" content=\"https:\/\/www.facebook.com\/OrganisatorFachmagazin\" \/>\n<meta property=\"article:published_time\" content=\"2019-09-16T13:37:35+00:00\" \/>\n<meta property=\"article:modified_time\" content=\"2022-02-09T10:10:51+00:00\" \/>\n<meta property=\"og:image\" content=\"https:\/\/www.organisator.ch\/wp-content\/uploads\/2019\/09\/mikroplastik-empa-ilmac-unsplash-up_umwelt-perspektiven-scaled.jpg\" \/>\n\t<meta property=\"og:image:width\" content=\"2560\" \/>\n\t<meta property=\"og:image:height\" content=\"1707\" \/>\n\t<meta property=\"og:image:type\" content=\"image\/jpeg\" \/>\n<meta name=\"author\" content=\"michael.merz\" \/>\n<meta name=\"twitter:card\" content=\"summary_large_image\" \/>\n<script type=\"application\/ld+json\" class=\"yoast-schema-graph\">{\"@context\":\"https:\\\/\\\/schema.org\",\"@graph\":[{\"@type\":\"Article\",\"@id\":\"https:\\\/\\\/www.organisator.ch\\\/sustainability\\\/2019-09-16\\\/mikroplastik-in-gewaessern\\\/#article\",\"isPartOf\":{\"@id\":\"https:\\\/\\\/www.organisator.ch\\\/sustainability\\\/2019-09-16\\\/mikroplastik-in-gewaessern\\\/\"},\"author\":{\"name\":\"michael.merz\",\"@id\":\"https:\\\/\\\/www.organisator.ch\\\/#\\\/schema\\\/person\\\/134708ca9321c57b0362cceb7948ffbd\"},\"headline\":\"Mikroplastik in Gew\u00e4ssern\",\"datePublished\":\"2019-09-16T13:37:35+00:00\",\"dateModified\":\"2022-02-09T10:10:51+00:00\",\"mainEntityOfPage\":{\"@id\":\"https:\\\/\\\/www.organisator.ch\\\/sustainability\\\/2019-09-16\\\/mikroplastik-in-gewaessern\\\/\"},\"wordCount\":622,\"commentCount\":0,\"publisher\":{\"@id\":\"https:\\\/\\\/www.organisator.ch\\\/#organization\"},\"image\":{\"@id\":\"https:\\\/\\\/www.organisator.ch\\\/sustainability\\\/2019-09-16\\\/mikroplastik-in-gewaessern\\\/#primaryimage\"},\"thumbnailUrl\":\"https:\\\/\\\/www.organisator.ch\\\/wp-content\\\/uploads\\\/2019\\\/09\\\/mikroplastik-empa-ilmac-unsplash-up_umwelt-perspektiven-scaled.jpg\",\"keywords\":[\"Chemie\",\"Fachmesse\",\"Mikroplastik\",\"Studie\",\"Umwelttechnik\"],\"articleSection\":[\"SUSTAINABILITY\"],\"inLanguage\":\"fr-FR\"},{\"@type\":\"WebPage\",\"@id\":\"https:\\\/\\\/www.organisator.ch\\\/sustainability\\\/2019-09-16\\\/mikroplastik-in-gewaessern\\\/\",\"url\":\"https:\\\/\\\/www.organisator.ch\\\/sustainability\\\/2019-09-16\\\/mikroplastik-in-gewaessern\\\/\",\"name\":\"Mikroplastik in Gew\u00e4ssern - Organisator\",\"isPartOf\":{\"@id\":\"https:\\\/\\\/www.organisator.ch\\\/#website\"},\"primaryImageOfPage\":{\"@id\":\"https:\\\/\\\/www.organisator.ch\\\/sustainability\\\/2019-09-16\\\/mikroplastik-in-gewaessern\\\/#primaryimage\"},\"image\":{\"@id\":\"https:\\\/\\\/www.organisator.ch\\\/sustainability\\\/2019-09-16\\\/mikroplastik-in-gewaessern\\\/#primaryimage\"},\"thumbnailUrl\":\"https:\\\/\\\/www.organisator.ch\\\/wp-content\\\/uploads\\\/2019\\\/09\\\/mikroplastik-empa-ilmac-unsplash-up_umwelt-perspektiven-scaled.jpg\",\"datePublished\":\"2019-09-16T13:37:35+00:00\",\"dateModified\":\"2022-02-09T10:10:51+00:00\",\"description\":\"Qualvoll verendete Meeresv\u00f6gel mit einem Bauch voller Mikroplastik oder Plastikansammlungen so gross wie Inseln. Das Problem erreicht auch die Schweiz.\",\"breadcrumb\":{\"@id\":\"https:\\\/\\\/www.organisator.ch\\\/sustainability\\\/2019-09-16\\\/mikroplastik-in-gewaessern\\\/#breadcrumb\"},\"inLanguage\":\"fr-FR\",\"potentialAction\":[{\"@type\":\"ReadAction\",\"target\":[\"https:\\\/\\\/www.organisator.ch\\\/sustainability\\\/2019-09-16\\\/mikroplastik-in-gewaessern\\\/\"]}]},{\"@type\":\"ImageObject\",\"inLanguage\":\"fr-FR\",\"@id\":\"https:\\\/\\\/www.organisator.ch\\\/sustainability\\\/2019-09-16\\\/mikroplastik-in-gewaessern\\\/#primaryimage\",\"url\":\"https:\\\/\\\/www.organisator.ch\\\/wp-content\\\/uploads\\\/2019\\\/09\\\/mikroplastik-empa-ilmac-unsplash-up_umwelt-perspektiven-scaled.jpg\",\"contentUrl\":\"https:\\\/\\\/www.organisator.ch\\\/wp-content\\\/uploads\\\/2019\\\/09\\\/mikroplastik-empa-ilmac-unsplash-up_umwelt-perspektiven-scaled.jpg\",\"width\":2560,\"height\":1707,\"caption\":\"Angekommen ist Mikroplastik schon l\u00e4ngst als Thema f\u00fcr Umwelttechniker. (Symbolbild: Unsplash)\"},{\"@type\":\"BreadcrumbList\",\"@id\":\"https:\\\/\\\/www.organisator.ch\\\/sustainability\\\/2019-09-16\\\/mikroplastik-in-gewaessern\\\/#breadcrumb\",\"itemListElement\":[{\"@type\":\"ListItem\",\"position\":1,\"name\":\"Home\",\"item\":\"https:\\\/\\\/www.organisator.ch\\\/\"},{\"@type\":\"ListItem\",\"position\":2,\"name\":\"Mikroplastik in Gew\u00e4ssern\"}]},{\"@type\":\"WebSite\",\"@id\":\"https:\\\/\\\/www.organisator.ch\\\/#website\",\"url\":\"https:\\\/\\\/www.organisator.ch\\\/\",\"name\":\"Organisator\",\"description\":\"Kompetent. Praxisnah. Der ORGANISATOR bereitet in 10 Ausgaben pro Jahr die wesentlichen Themen f\u00fcr F\u00fchrungskr\u00e4fte von KMU auf.\",\"publisher\":{\"@id\":\"https:\\\/\\\/www.organisator.ch\\\/#organization\"},\"potentialAction\":[{\"@type\":\"SearchAction\",\"target\":{\"@type\":\"EntryPoint\",\"urlTemplate\":\"https:\\\/\\\/www.organisator.ch\\\/?s={search_term_string}\"},\"query-input\":{\"@type\":\"PropertyValueSpecification\",\"valueRequired\":true,\"valueName\":\"search_term_string\"}}],\"inLanguage\":\"fr-FR\"},{\"@type\":\"Organization\",\"@id\":\"https:\\\/\\\/www.organisator.ch\\\/#organization\",\"name\":\"Organisator\",\"url\":\"https:\\\/\\\/www.organisator.ch\\\/\",\"logo\":{\"@type\":\"ImageObject\",\"inLanguage\":\"fr-FR\",\"@id\":\"https:\\\/\\\/www.organisator.ch\\\/#\\\/schema\\\/logo\\\/image\\\/\",\"url\":\"https:\\\/\\\/www.organisator.ch\\\/wp-content\\\/uploads\\\/2022\\\/01\\\/Logo_Organisator_Website.png\",\"contentUrl\":\"https:\\\/\\\/www.organisator.ch\\\/wp-content\\\/uploads\\\/2022\\\/01\\\/Logo_Organisator_Website.png\",\"width\":800,\"height\":77,\"caption\":\"Organisator\"},\"image\":{\"@id\":\"https:\\\/\\\/www.organisator.ch\\\/#\\\/schema\\\/logo\\\/image\\\/\"},\"sameAs\":[\"https:\\\/\\\/www.facebook.com\\\/OrganisatorFachmagazin\",\"https:\\\/\\\/www.linkedin.com\\\/showcase\\\/organisator-das-magazin-fr-kmu\",\"https:\\\/\\\/www.xing.com\\\/news\\\/pages\\\/organisator-ch-695\",\"https:\\\/\\\/www.youtube.com\\\/channel\\\/UCGP2Sq0iWaZwT3BdIAQFYpw\"]},{\"@type\":\"Person\",\"@id\":\"https:\\\/\\\/www.organisator.ch\\\/#\\\/schema\\\/person\\\/134708ca9321c57b0362cceb7948ffbd\",\"name\":\"michael.merz\",\"image\":{\"@type\":\"ImageObject\",\"inLanguage\":\"fr-FR\",\"@id\":\"https:\\\/\\\/secure.gravatar.com\\\/avatar\\\/?s=96&d=mm&r=g\",\"url\":\"https:\\\/\\\/secure.gravatar.com\\\/avatar\\\/?s=96&d=mm&r=g\",\"contentUrl\":\"https:\\\/\\\/secure.gravatar.com\\\/avatar\\\/?s=96&d=mm&r=g\",\"caption\":\"michael.merz\"},\"url\":\"https:\\\/\\\/www.organisator.ch\\\/fr\\\/author\\\/michael-merz\\\/\"}]}<\/script>\n<!-- \/ Yoast SEO plugin. -->","yoast_head_json":{"title":"Les microplastiques dans l'eau - Organisateur","description":"Des oiseaux de mer morts dans d'atroces souffrances, le ventre rempli de microplastiques, ou des amas de plastique aussi grands que des \u00eeles. Le probl\u00e8me touche aussi la Suisse.","robots":{"index":"index","follow":"follow","max-snippet":"max-snippet:-1","max-image-preview":"max-image-preview:large","max-video-preview":"max-video-preview:-1"},"canonical":"https:\/\/www.organisator.ch\/fr\/sustainability\/2019-09-16\/mikroplastik-in-gewaessern\/","og_locale":"fr_FR","og_type":"article","og_title":"Mikroplastik in Gew\u00e4ssern - Organisator","og_description":"Qualvoll verendete Meeresv\u00f6gel mit einem Bauch voller Mikroplastik oder Plastikansammlungen so gross wie Inseln. Das Problem erreicht auch die Schweiz.","og_url":"https:\/\/www.organisator.ch\/fr\/sustainability\/2019-09-16\/mikroplastik-in-gewaessern\/","og_site_name":"Organisator","article_publisher":"https:\/\/www.facebook.com\/OrganisatorFachmagazin","article_published_time":"2019-09-16T13:37:35+00:00","article_modified_time":"2022-02-09T10:10:51+00:00","og_image":[{"width":2560,"height":1707,"url":"https:\/\/www.organisator.ch\/wp-content\/uploads\/2019\/09\/mikroplastik-empa-ilmac-unsplash-up_umwelt-perspektiven-scaled.jpg","type":"image\/jpeg"}],"author":"michael.merz","twitter_card":"summary_large_image","schema":{"@context":"https:\/\/schema.org","@graph":[{"@type":"Article","@id":"https:\/\/www.organisator.ch\/sustainability\/2019-09-16\/mikroplastik-in-gewaessern\/#article","isPartOf":{"@id":"https:\/\/www.organisator.ch\/sustainability\/2019-09-16\/mikroplastik-in-gewaessern\/"},"author":{"name":"michael.merz","@id":"https:\/\/www.organisator.ch\/#\/schema\/person\/134708ca9321c57b0362cceb7948ffbd"},"headline":"Mikroplastik in Gew\u00e4ssern","datePublished":"2019-09-16T13:37:35+00:00","dateModified":"2022-02-09T10:10:51+00:00","mainEntityOfPage":{"@id":"https:\/\/www.organisator.ch\/sustainability\/2019-09-16\/mikroplastik-in-gewaessern\/"},"wordCount":622,"commentCount":0,"publisher":{"@id":"https:\/\/www.organisator.ch\/#organization"},"image":{"@id":"https:\/\/www.organisator.ch\/sustainability\/2019-09-16\/mikroplastik-in-gewaessern\/#primaryimage"},"thumbnailUrl":"https:\/\/www.organisator.ch\/wp-content\/uploads\/2019\/09\/mikroplastik-empa-ilmac-unsplash-up_umwelt-perspektiven-scaled.jpg","keywords":["Chemie","Fachmesse","Mikroplastik","Studie","Umwelttechnik"],"articleSection":["SUSTAINABILITY"],"inLanguage":"fr-FR"},{"@type":"WebPage","@id":"https:\/\/www.organisator.ch\/sustainability\/2019-09-16\/mikroplastik-in-gewaessern\/","url":"https:\/\/www.organisator.ch\/sustainability\/2019-09-16\/mikroplastik-in-gewaessern\/","name":"Les microplastiques dans l'eau - Organisateur","isPartOf":{"@id":"https:\/\/www.organisator.ch\/#website"},"primaryImageOfPage":{"@id":"https:\/\/www.organisator.ch\/sustainability\/2019-09-16\/mikroplastik-in-gewaessern\/#primaryimage"},"image":{"@id":"https:\/\/www.organisator.ch\/sustainability\/2019-09-16\/mikroplastik-in-gewaessern\/#primaryimage"},"thumbnailUrl":"https:\/\/www.organisator.ch\/wp-content\/uploads\/2019\/09\/mikroplastik-empa-ilmac-unsplash-up_umwelt-perspektiven-scaled.jpg","datePublished":"2019-09-16T13:37:35+00:00","dateModified":"2022-02-09T10:10:51+00:00","description":"Des oiseaux de mer morts dans d'atroces souffrances, le ventre rempli de microplastiques, ou des amas de plastique aussi grands que des \u00eeles. Le probl\u00e8me touche aussi la Suisse.","breadcrumb":{"@id":"https:\/\/www.organisator.ch\/sustainability\/2019-09-16\/mikroplastik-in-gewaessern\/#breadcrumb"},"inLanguage":"fr-FR","potentialAction":[{"@type":"ReadAction","target":["https:\/\/www.organisator.ch\/sustainability\/2019-09-16\/mikroplastik-in-gewaessern\/"]}]},{"@type":"ImageObject","inLanguage":"fr-FR","@id":"https:\/\/www.organisator.ch\/sustainability\/2019-09-16\/mikroplastik-in-gewaessern\/#primaryimage","url":"https:\/\/www.organisator.ch\/wp-content\/uploads\/2019\/09\/mikroplastik-empa-ilmac-unsplash-up_umwelt-perspektiven-scaled.jpg","contentUrl":"https:\/\/www.organisator.ch\/wp-content\/uploads\/2019\/09\/mikroplastik-empa-ilmac-unsplash-up_umwelt-perspektiven-scaled.jpg","width":2560,"height":1707,"caption":"Angekommen ist Mikroplastik schon l\u00e4ngst als Thema f\u00fcr Umwelttechniker. (Symbolbild: Unsplash)"},{"@type":"BreadcrumbList","@id":"https:\/\/www.organisator.ch\/sustainability\/2019-09-16\/mikroplastik-in-gewaessern\/#breadcrumb","itemListElement":[{"@type":"ListItem","position":1,"name":"Home","item":"https:\/\/www.organisator.ch\/"},{"@type":"ListItem","position":2,"name":"Mikroplastik in Gew\u00e4ssern"}]},{"@type":"WebSite","@id":"https:\/\/www.organisator.ch\/#website","url":"https:\/\/www.organisator.ch\/","name":"Organisateur","description":"Comp\u00e9tence et comp\u00e9tence. Proches de la pratique. L'ORGANISATEUR pr\u00e9pare 10 num\u00e9ros par an sur les th\u00e8mes essentiels pour les dirigeants de PME.","publisher":{"@id":"https:\/\/www.organisator.ch\/#organization"},"potentialAction":[{"@type":"SearchAction","target":{"@type":"EntryPoint","urlTemplate":"https:\/\/www.organisator.ch\/?s={search_term_string}"},"query-input":{"@type":"PropertyValueSpecification","valueRequired":true,"valueName":"search_term_string"}}],"inLanguage":"fr-FR"},{"@type":"Organization","@id":"https:\/\/www.organisator.ch\/#organization","name":"Organisateur","url":"https:\/\/www.organisator.ch\/","logo":{"@type":"ImageObject","inLanguage":"fr-FR","@id":"https:\/\/www.organisator.ch\/#\/schema\/logo\/image\/","url":"https:\/\/www.organisator.ch\/wp-content\/uploads\/2022\/01\/Logo_Organisator_Website.png","contentUrl":"https:\/\/www.organisator.ch\/wp-content\/uploads\/2022\/01\/Logo_Organisator_Website.png","width":800,"height":77,"caption":"Organisator"},"image":{"@id":"https:\/\/www.organisator.ch\/#\/schema\/logo\/image\/"},"sameAs":["https:\/\/www.facebook.com\/OrganisatorFachmagazin","https:\/\/www.linkedin.com\/showcase\/organisator-das-magazin-fr-kmu","https:\/\/www.xing.com\/news\/pages\/organisator-ch-695","https:\/\/www.youtube.com\/channel\/UCGP2Sq0iWaZwT3BdIAQFYpw"]},{"@type":"Person","@id":"https:\/\/www.organisator.ch\/#\/schema\/person\/134708ca9321c57b0362cceb7948ffbd","name":"michael.merz","image":{"@type":"ImageObject","inLanguage":"fr-FR","@id":"https:\/\/secure.gravatar.com\/avatar\/?s=96&d=mm&r=g","url":"https:\/\/secure.gravatar.com\/avatar\/?s=96&d=mm&r=g","contentUrl":"https:\/\/secure.gravatar.com\/avatar\/?s=96&d=mm&r=g","caption":"michael.merz"},"url":"https:\/\/www.organisator.ch\/fr\/author\/michael-merz\/"}]}},"_links":{"self":[{"href":"https:\/\/www.organisator.ch\/fr\/wp-json\/wp\/v2\/posts\/10118","targetHints":{"allow":["GET"]}}],"collection":[{"href":"https:\/\/www.organisator.ch\/fr\/wp-json\/wp\/v2\/posts"}],"about":[{"href":"https:\/\/www.organisator.ch\/fr\/wp-json\/wp\/v2\/types\/post"}],"author":[{"embeddable":true,"href":"https:\/\/www.organisator.ch\/fr\/wp-json\/wp\/v2\/users\/5"}],"replies":[{"embeddable":true,"href":"https:\/\/www.organisator.ch\/fr\/wp-json\/wp\/v2\/comments?post=10118"}],"version-history":[{"count":1,"href":"https:\/\/www.organisator.ch\/fr\/wp-json\/wp\/v2\/posts\/10118\/revisions"}],"predecessor-version":[{"id":11009,"href":"https:\/\/www.organisator.ch\/fr\/wp-json\/wp\/v2\/posts\/10118\/revisions\/11009"}],"wp:featuredmedia":[{"embeddable":true,"href":"https:\/\/www.organisator.ch\/fr\/wp-json\/wp\/v2\/media\/2462"}],"wp:attachment":[{"href":"https:\/\/www.organisator.ch\/fr\/wp-json\/wp\/v2\/media?parent=10118"}],"wp:term":[{"taxonomy":"category","embeddable":true,"href":"https:\/\/www.organisator.ch\/fr\/wp-json\/wp\/v2\/categories?post=10118"},{"taxonomy":"post_tag","embeddable":true,"href":"https:\/\/www.organisator.ch\/fr\/wp-json\/wp\/v2\/tags?post=10118"}],"curies":[{"name":"wp","href":"https:\/\/api.w.org\/{rel}","templated":true}]}}