{"id":10123,"date":"2019-10-01T11:42:26","date_gmt":"2019-10-01T09:42:26","guid":{"rendered":"https:\/\/www.umweltperspektiven.ch\/?p=2505"},"modified":"2022-02-09T11:10:03","modified_gmt":"2022-02-09T10:10:03","slug":"seat-verdreifacht-produktion-von-cng-fahrzeugen","status":"publish","type":"post","link":"https:\/\/www.organisator.ch\/fr\/sustainability\/2019-10-01\/seat-verdreifacht-produktion-von-cng-fahrzeugen\/","title":{"rendered":"Seat triple sa production de v\u00e9hicules au GNC"},"content":{"rendered":"<p>&nbsp;<\/p>\n<figure id=\"attachment_2506\" aria-describedby=\"caption-attachment-2506\" style=\"width: 615px\" class=\"wp-caption alignnone\"><img loading=\"lazy\" decoding=\"async\" class=\"wp-image-2506\" src=\"\/\/www.umweltperspektiven.ch\/wp-content\/uploads\/2019\/10\/SEAT-CNG-Fahrzeuge-UP_Umwelt-Perspektiven.jpg\" alt=\"\" width=\"615\" height=\"410\" \/><figcaption id=\"caption-attachment-2506\" class=\"wp-caption-text\">Seat augmente sa capacit\u00e9 avec des v\u00e9hicules fonctionnant au GNC. (Image : zVg)<\/figcaption><\/figure>\n<p>90 v\u00e9hicules GNC des mod\u00e8les Leon, Leon Sportourer ST, Ibiza et Arona quittent chaque jour l'usine de Martorell pr\u00e8s de Barcelone. C'est trop peu pour r\u00e9pondre \u00e0 la demande croissante de mod\u00e8les GNC. C'est pourquoi Seat a augment\u00e9 sa capacit\u00e9 jusqu'\u00e0 250 unit\u00e9s par jour. Au sein du groupe VW, l'entreprise espagnole joue un r\u00f4le de leader dans le d\u00e9veloppement technologique des v\u00e9hicules GNC. En 2018, Seat a tripl\u00e9 ses ventes de v\u00e9hicules GNC et cette ann\u00e9e, les ventes ont encore augment\u00e9 de 13 pour cent. Les marques de Volkswagen, Audi, Skoda et VW, produisent \u00e9galement avec succ\u00e8s des v\u00e9hicules fonctionnant au gaz naturel et au biogaz. La gamme s'\u00e9tend des petites voitures aux SUV et aux v\u00e9hicules de la classe moyenne sup\u00e9rieure.<\/p>\n<p>\"Avec l'extension de la production, Seat donne un signal fort en faveur d'une plus grande durabilit\u00e9\", se r\u00e9jouit Pascal Lenzin, coordinateur national pour la mobilit\u00e9 GNC en Suisse. Une voiture fonctionnant au gaz naturel fossile \u00e9met environ 25 pour cent de moins de CO<sub>2<\/sub> qu'une voiture \u00e0 essence. Avec le biogaz, une voiture GNC roule en fin de compte presque sans \u00e9missions de CO<sub>2<\/sub>et se trouve ainsi sur un pied d'\u00e9galit\u00e9 avec un v\u00e9hicule \u00e9lectrique - \u00e0 condition que celui-ci fonctionne avec de l'\u00e9lectricit\u00e9 issue de sources renouvelables. Pascal Lenzin : \"Si la Suisse veut atteindre ses objectifs climatiques, toutes les technologies de propulsion disponibles doivent apporter leur contribution\".<\/p>\n<p>En Suisse, le gaz naturel fossile est m\u00e9lang\u00e9 en moyenne \u00e0 22,4 pour cent de biogaz, et de nombreuses pompes \u00e0 essence permettent aux conducteurs de GNC d'augmenter eux-m\u00eames la part de biogaz jusqu'\u00e0 100 pour cent.<\/p>\n<p><em>Pour plus d'informations sur la mobilit\u00e9 durable, voir <\/em><a href=\"\/\/www.cng-mobility.ch\/\"><em>cng-mobility.ch<\/em><\/a><em>.<\/em><\/p>","protected":false},"excerpt":{"rendered":"<p>&nbsp; 90 CNG-Fahrzeuge der Modelle Leon, Leon Sportourer ST, Ibiza und Arona verlassen t\u00e4glich das Werk in Martorell bei Barcelona. Zu wenig, um die steigende Nachfrage nach CNG-Modellen zu befriedigen. Deshalb hat Seat die Kapazit\u00e4t auf bis zu 250 Einheiten pro Tag erh\u00f6ht. Die Spanier haben innerhalb des VW-Konzerns eine f\u00fchrende Rolle in der technologischen [&hellip;]<\/p>\n","protected":false},"author":5,"featured_media":2506,"comment_status":"open","ping_status":"open","sticky":false,"template":"","format":"standard","meta":{"_acf_changed":false,"_yoast_wpseo_focuskw":"CNG","_yoast_wpseo_metadesc":"Die Nachfrage nach umwelt- und klimaschonenden Fahrzeugen mit CNG-Antrieb steigt. Seat hat angek\u00fcndigt, die Produktion massiv zu erh\u00f6hen.","articlekey":"","footnotes":""},"categories":[580],"tags":[835,926,1154,424,2284],"class_list":["post-10123","post","type-post","status-publish","format-standard","has-post-thumbnail","hentry","category-sustainability","tag-biogas","tag-cng-antrieb","tag-fahrzeug","tag-schweiz","tag-tankstellen"],"acf":[],"yoast_head":"<!-- This site is optimized with the Yoast SEO plugin v27.4 - https:\/\/yoast.com\/product\/yoast-seo-wordpress\/ -->\n<title>Seat verdreifacht Produktion von CNG-Fahrzeugen - Organisator<\/title>\n<meta name=\"description\" content=\"Die Nachfrage nach umwelt- und klimaschonenden Fahrzeugen mit CNG-Antrieb steigt. Seat hat angek\u00fcndigt, die Produktion massiv zu erh\u00f6hen.\" \/>\n<meta name=\"robots\" content=\"index, follow, max-snippet:-1, max-image-preview:large, max-video-preview:-1\" \/>\n<link rel=\"canonical\" href=\"https:\/\/www.organisator.ch\/fr\/sustainability\/2019-10-01\/seat-verdreifacht-produktion-von-cng-fahrzeugen\/\" \/>\n<meta property=\"og:locale\" content=\"fr_FR\" \/>\n<meta property=\"og:type\" content=\"article\" \/>\n<meta property=\"og:title\" content=\"Seat verdreifacht Produktion von CNG-Fahrzeugen - Organisator\" \/>\n<meta property=\"og:description\" content=\"Die Nachfrage nach umwelt- und klimaschonenden Fahrzeugen mit CNG-Antrieb steigt. Seat hat angek\u00fcndigt, die Produktion massiv zu erh\u00f6hen.\" \/>\n<meta property=\"og:url\" content=\"https:\/\/www.organisator.ch\/fr\/sustainability\/2019-10-01\/seat-verdreifacht-produktion-von-cng-fahrzeugen\/\" \/>\n<meta property=\"og:site_name\" content=\"Organisator\" \/>\n<meta property=\"article:publisher\" content=\"https:\/\/www.facebook.com\/OrganisatorFachmagazin\" \/>\n<meta property=\"article:published_time\" content=\"2019-10-01T09:42:26+00:00\" \/>\n<meta property=\"article:modified_time\" content=\"2022-02-09T10:10:03+00:00\" \/>\n<meta property=\"og:image\" content=\"https:\/\/www.organisator.ch\/wp-content\/uploads\/2019\/10\/SEAT-CNG-Fahrzeuge-UP_Umwelt-Perspektiven-scaled.jpg\" \/>\n\t<meta property=\"og:image:width\" content=\"2560\" \/>\n\t<meta property=\"og:image:height\" content=\"1707\" \/>\n\t<meta property=\"og:image:type\" content=\"image\/jpeg\" \/>\n<meta name=\"author\" content=\"michael.merz\" \/>\n<meta name=\"twitter:card\" content=\"summary_large_image\" \/>\n<script type=\"application\/ld+json\" class=\"yoast-schema-graph\">{\"@context\":\"https:\\\/\\\/schema.org\",\"@graph\":[{\"@type\":\"Article\",\"@id\":\"https:\\\/\\\/www.organisator.ch\\\/sustainability\\\/2019-10-01\\\/seat-verdreifacht-produktion-von-cng-fahrzeugen\\\/#article\",\"isPartOf\":{\"@id\":\"https:\\\/\\\/www.organisator.ch\\\/sustainability\\\/2019-10-01\\\/seat-verdreifacht-produktion-von-cng-fahrzeugen\\\/\"},\"author\":{\"name\":\"michael.merz\",\"@id\":\"https:\\\/\\\/www.organisator.ch\\\/#\\\/schema\\\/person\\\/134708ca9321c57b0362cceb7948ffbd\"},\"headline\":\"Seat verdreifacht Produktion von CNG-Fahrzeugen\",\"datePublished\":\"2019-10-01T09:42:26+00:00\",\"dateModified\":\"2022-02-09T10:10:03+00:00\",\"mainEntityOfPage\":{\"@id\":\"https:\\\/\\\/www.organisator.ch\\\/sustainability\\\/2019-10-01\\\/seat-verdreifacht-produktion-von-cng-fahrzeugen\\\/\"},\"wordCount\":258,\"commentCount\":0,\"publisher\":{\"@id\":\"https:\\\/\\\/www.organisator.ch\\\/#organization\"},\"image\":{\"@id\":\"https:\\\/\\\/www.organisator.ch\\\/sustainability\\\/2019-10-01\\\/seat-verdreifacht-produktion-von-cng-fahrzeugen\\\/#primaryimage\"},\"thumbnailUrl\":\"https:\\\/\\\/www.organisator.ch\\\/wp-content\\\/uploads\\\/2019\\\/10\\\/SEAT-CNG-Fahrzeuge-UP_Umwelt-Perspektiven-scaled.jpg\",\"keywords\":[\"Biogas\",\"CNG Antrieb\",\"Fahrzeug\",\"Schweiz\",\"Tankstellen\"],\"articleSection\":[\"SUSTAINABILITY\"],\"inLanguage\":\"fr-FR\"},{\"@type\":\"WebPage\",\"@id\":\"https:\\\/\\\/www.organisator.ch\\\/sustainability\\\/2019-10-01\\\/seat-verdreifacht-produktion-von-cng-fahrzeugen\\\/\",\"url\":\"https:\\\/\\\/www.organisator.ch\\\/sustainability\\\/2019-10-01\\\/seat-verdreifacht-produktion-von-cng-fahrzeugen\\\/\",\"name\":\"Seat verdreifacht Produktion von CNG-Fahrzeugen - Organisator\",\"isPartOf\":{\"@id\":\"https:\\\/\\\/www.organisator.ch\\\/#website\"},\"primaryImageOfPage\":{\"@id\":\"https:\\\/\\\/www.organisator.ch\\\/sustainability\\\/2019-10-01\\\/seat-verdreifacht-produktion-von-cng-fahrzeugen\\\/#primaryimage\"},\"image\":{\"@id\":\"https:\\\/\\\/www.organisator.ch\\\/sustainability\\\/2019-10-01\\\/seat-verdreifacht-produktion-von-cng-fahrzeugen\\\/#primaryimage\"},\"thumbnailUrl\":\"https:\\\/\\\/www.organisator.ch\\\/wp-content\\\/uploads\\\/2019\\\/10\\\/SEAT-CNG-Fahrzeuge-UP_Umwelt-Perspektiven-scaled.jpg\",\"datePublished\":\"2019-10-01T09:42:26+00:00\",\"dateModified\":\"2022-02-09T10:10:03+00:00\",\"description\":\"Die Nachfrage nach umwelt- und klimaschonenden Fahrzeugen mit CNG-Antrieb steigt. Seat hat angek\u00fcndigt, die Produktion massiv zu erh\u00f6hen.\",\"breadcrumb\":{\"@id\":\"https:\\\/\\\/www.organisator.ch\\\/sustainability\\\/2019-10-01\\\/seat-verdreifacht-produktion-von-cng-fahrzeugen\\\/#breadcrumb\"},\"inLanguage\":\"fr-FR\",\"potentialAction\":[{\"@type\":\"ReadAction\",\"target\":[\"https:\\\/\\\/www.organisator.ch\\\/sustainability\\\/2019-10-01\\\/seat-verdreifacht-produktion-von-cng-fahrzeugen\\\/\"]}]},{\"@type\":\"ImageObject\",\"inLanguage\":\"fr-FR\",\"@id\":\"https:\\\/\\\/www.organisator.ch\\\/sustainability\\\/2019-10-01\\\/seat-verdreifacht-produktion-von-cng-fahrzeugen\\\/#primaryimage\",\"url\":\"https:\\\/\\\/www.organisator.ch\\\/wp-content\\\/uploads\\\/2019\\\/10\\\/SEAT-CNG-Fahrzeuge-UP_Umwelt-Perspektiven-scaled.jpg\",\"contentUrl\":\"https:\\\/\\\/www.organisator.ch\\\/wp-content\\\/uploads\\\/2019\\\/10\\\/SEAT-CNG-Fahrzeuge-UP_Umwelt-Perspektiven-scaled.jpg\",\"width\":2560,\"height\":1707,\"caption\":\"Seat erh\u00f6ht die Kapazit\u00e4t mit CNG-angetriebenen Fahrzeugen. (Bild: zVg)\"},{\"@type\":\"BreadcrumbList\",\"@id\":\"https:\\\/\\\/www.organisator.ch\\\/sustainability\\\/2019-10-01\\\/seat-verdreifacht-produktion-von-cng-fahrzeugen\\\/#breadcrumb\",\"itemListElement\":[{\"@type\":\"ListItem\",\"position\":1,\"name\":\"Home\",\"item\":\"https:\\\/\\\/www.organisator.ch\\\/\"},{\"@type\":\"ListItem\",\"position\":2,\"name\":\"Seat verdreifacht Produktion von CNG-Fahrzeugen\"}]},{\"@type\":\"WebSite\",\"@id\":\"https:\\\/\\\/www.organisator.ch\\\/#website\",\"url\":\"https:\\\/\\\/www.organisator.ch\\\/\",\"name\":\"Organisator\",\"description\":\"Kompetent. Praxisnah. Der ORGANISATOR bereitet in 10 Ausgaben pro Jahr die wesentlichen Themen f\u00fcr F\u00fchrungskr\u00e4fte von KMU auf.\",\"publisher\":{\"@id\":\"https:\\\/\\\/www.organisator.ch\\\/#organization\"},\"potentialAction\":[{\"@type\":\"SearchAction\",\"target\":{\"@type\":\"EntryPoint\",\"urlTemplate\":\"https:\\\/\\\/www.organisator.ch\\\/?s={search_term_string}\"},\"query-input\":{\"@type\":\"PropertyValueSpecification\",\"valueRequired\":true,\"valueName\":\"search_term_string\"}}],\"inLanguage\":\"fr-FR\"},{\"@type\":\"Organization\",\"@id\":\"https:\\\/\\\/www.organisator.ch\\\/#organization\",\"name\":\"Organisator\",\"url\":\"https:\\\/\\\/www.organisator.ch\\\/\",\"logo\":{\"@type\":\"ImageObject\",\"inLanguage\":\"fr-FR\",\"@id\":\"https:\\\/\\\/www.organisator.ch\\\/#\\\/schema\\\/logo\\\/image\\\/\",\"url\":\"https:\\\/\\\/www.organisator.ch\\\/wp-content\\\/uploads\\\/2022\\\/01\\\/Logo_Organisator_Website.png\",\"contentUrl\":\"https:\\\/\\\/www.organisator.ch\\\/wp-content\\\/uploads\\\/2022\\\/01\\\/Logo_Organisator_Website.png\",\"width\":800,\"height\":77,\"caption\":\"Organisator\"},\"image\":{\"@id\":\"https:\\\/\\\/www.organisator.ch\\\/#\\\/schema\\\/logo\\\/image\\\/\"},\"sameAs\":[\"https:\\\/\\\/www.facebook.com\\\/OrganisatorFachmagazin\",\"https:\\\/\\\/www.linkedin.com\\\/showcase\\\/organisator-das-magazin-fr-kmu\",\"https:\\\/\\\/www.xing.com\\\/news\\\/pages\\\/organisator-ch-695\",\"https:\\\/\\\/www.youtube.com\\\/channel\\\/UCGP2Sq0iWaZwT3BdIAQFYpw\"]},{\"@type\":\"Person\",\"@id\":\"https:\\\/\\\/www.organisator.ch\\\/#\\\/schema\\\/person\\\/134708ca9321c57b0362cceb7948ffbd\",\"name\":\"michael.merz\",\"image\":{\"@type\":\"ImageObject\",\"inLanguage\":\"fr-FR\",\"@id\":\"https:\\\/\\\/secure.gravatar.com\\\/avatar\\\/?s=96&d=mm&r=g\",\"url\":\"https:\\\/\\\/secure.gravatar.com\\\/avatar\\\/?s=96&d=mm&r=g\",\"contentUrl\":\"https:\\\/\\\/secure.gravatar.com\\\/avatar\\\/?s=96&d=mm&r=g\",\"caption\":\"michael.merz\"},\"url\":\"https:\\\/\\\/www.organisator.ch\\\/fr\\\/author\\\/michael-merz\\\/\"}]}<\/script>\n<!-- \/ Yoast SEO plugin. -->","yoast_head_json":{"title":"Seat triple sa production de v\u00e9hicules GNC - Organisateur","description":"La demande de v\u00e9hicules \u00e9cologiques et respectueux du climat fonctionnant au GNC augmente. Seat a annonc\u00e9 son intention d'augmenter massivement sa production.","robots":{"index":"index","follow":"follow","max-snippet":"max-snippet:-1","max-image-preview":"max-image-preview:large","max-video-preview":"max-video-preview:-1"},"canonical":"https:\/\/www.organisator.ch\/fr\/sustainability\/2019-10-01\/seat-verdreifacht-produktion-von-cng-fahrzeugen\/","og_locale":"fr_FR","og_type":"article","og_title":"Seat verdreifacht Produktion von CNG-Fahrzeugen - Organisator","og_description":"Die Nachfrage nach umwelt- und klimaschonenden Fahrzeugen mit CNG-Antrieb steigt. Seat hat angek\u00fcndigt, die Produktion massiv zu erh\u00f6hen.","og_url":"https:\/\/www.organisator.ch\/fr\/sustainability\/2019-10-01\/seat-verdreifacht-produktion-von-cng-fahrzeugen\/","og_site_name":"Organisator","article_publisher":"https:\/\/www.facebook.com\/OrganisatorFachmagazin","article_published_time":"2019-10-01T09:42:26+00:00","article_modified_time":"2022-02-09T10:10:03+00:00","og_image":[{"width":2560,"height":1707,"url":"https:\/\/www.organisator.ch\/wp-content\/uploads\/2019\/10\/SEAT-CNG-Fahrzeuge-UP_Umwelt-Perspektiven-scaled.jpg","type":"image\/jpeg"}],"author":"michael.merz","twitter_card":"summary_large_image","schema":{"@context":"https:\/\/schema.org","@graph":[{"@type":"Article","@id":"https:\/\/www.organisator.ch\/sustainability\/2019-10-01\/seat-verdreifacht-produktion-von-cng-fahrzeugen\/#article","isPartOf":{"@id":"https:\/\/www.organisator.ch\/sustainability\/2019-10-01\/seat-verdreifacht-produktion-von-cng-fahrzeugen\/"},"author":{"name":"michael.merz","@id":"https:\/\/www.organisator.ch\/#\/schema\/person\/134708ca9321c57b0362cceb7948ffbd"},"headline":"Seat verdreifacht Produktion von CNG-Fahrzeugen","datePublished":"2019-10-01T09:42:26+00:00","dateModified":"2022-02-09T10:10:03+00:00","mainEntityOfPage":{"@id":"https:\/\/www.organisator.ch\/sustainability\/2019-10-01\/seat-verdreifacht-produktion-von-cng-fahrzeugen\/"},"wordCount":258,"commentCount":0,"publisher":{"@id":"https:\/\/www.organisator.ch\/#organization"},"image":{"@id":"https:\/\/www.organisator.ch\/sustainability\/2019-10-01\/seat-verdreifacht-produktion-von-cng-fahrzeugen\/#primaryimage"},"thumbnailUrl":"https:\/\/www.organisator.ch\/wp-content\/uploads\/2019\/10\/SEAT-CNG-Fahrzeuge-UP_Umwelt-Perspektiven-scaled.jpg","keywords":["Biogas","CNG Antrieb","Fahrzeug","Schweiz","Tankstellen"],"articleSection":["SUSTAINABILITY"],"inLanguage":"fr-FR"},{"@type":"WebPage","@id":"https:\/\/www.organisator.ch\/sustainability\/2019-10-01\/seat-verdreifacht-produktion-von-cng-fahrzeugen\/","url":"https:\/\/www.organisator.ch\/sustainability\/2019-10-01\/seat-verdreifacht-produktion-von-cng-fahrzeugen\/","name":"Seat triple sa production de v\u00e9hicules GNC - Organisateur","isPartOf":{"@id":"https:\/\/www.organisator.ch\/#website"},"primaryImageOfPage":{"@id":"https:\/\/www.organisator.ch\/sustainability\/2019-10-01\/seat-verdreifacht-produktion-von-cng-fahrzeugen\/#primaryimage"},"image":{"@id":"https:\/\/www.organisator.ch\/sustainability\/2019-10-01\/seat-verdreifacht-produktion-von-cng-fahrzeugen\/#primaryimage"},"thumbnailUrl":"https:\/\/www.organisator.ch\/wp-content\/uploads\/2019\/10\/SEAT-CNG-Fahrzeuge-UP_Umwelt-Perspektiven-scaled.jpg","datePublished":"2019-10-01T09:42:26+00:00","dateModified":"2022-02-09T10:10:03+00:00","description":"La demande de v\u00e9hicules \u00e9cologiques et respectueux du climat fonctionnant au GNC augmente. Seat a annonc\u00e9 son intention d'augmenter massivement sa production.","breadcrumb":{"@id":"https:\/\/www.organisator.ch\/sustainability\/2019-10-01\/seat-verdreifacht-produktion-von-cng-fahrzeugen\/#breadcrumb"},"inLanguage":"fr-FR","potentialAction":[{"@type":"ReadAction","target":["https:\/\/www.organisator.ch\/sustainability\/2019-10-01\/seat-verdreifacht-produktion-von-cng-fahrzeugen\/"]}]},{"@type":"ImageObject","inLanguage":"fr-FR","@id":"https:\/\/www.organisator.ch\/sustainability\/2019-10-01\/seat-verdreifacht-produktion-von-cng-fahrzeugen\/#primaryimage","url":"https:\/\/www.organisator.ch\/wp-content\/uploads\/2019\/10\/SEAT-CNG-Fahrzeuge-UP_Umwelt-Perspektiven-scaled.jpg","contentUrl":"https:\/\/www.organisator.ch\/wp-content\/uploads\/2019\/10\/SEAT-CNG-Fahrzeuge-UP_Umwelt-Perspektiven-scaled.jpg","width":2560,"height":1707,"caption":"Seat erh\u00f6ht die Kapazit\u00e4t mit CNG-angetriebenen Fahrzeugen. (Bild: zVg)"},{"@type":"BreadcrumbList","@id":"https:\/\/www.organisator.ch\/sustainability\/2019-10-01\/seat-verdreifacht-produktion-von-cng-fahrzeugen\/#breadcrumb","itemListElement":[{"@type":"ListItem","position":1,"name":"Home","item":"https:\/\/www.organisator.ch\/"},{"@type":"ListItem","position":2,"name":"Seat verdreifacht Produktion von CNG-Fahrzeugen"}]},{"@type":"WebSite","@id":"https:\/\/www.organisator.ch\/#website","url":"https:\/\/www.organisator.ch\/","name":"Organisateur","description":"Comp\u00e9tence et comp\u00e9tence. Proches de la pratique. L'ORGANISATEUR pr\u00e9pare 10 num\u00e9ros par an sur les th\u00e8mes essentiels pour les dirigeants de PME.","publisher":{"@id":"https:\/\/www.organisator.ch\/#organization"},"potentialAction":[{"@type":"SearchAction","target":{"@type":"EntryPoint","urlTemplate":"https:\/\/www.organisator.ch\/?s={search_term_string}"},"query-input":{"@type":"PropertyValueSpecification","valueRequired":true,"valueName":"search_term_string"}}],"inLanguage":"fr-FR"},{"@type":"Organization","@id":"https:\/\/www.organisator.ch\/#organization","name":"Organisateur","url":"https:\/\/www.organisator.ch\/","logo":{"@type":"ImageObject","inLanguage":"fr-FR","@id":"https:\/\/www.organisator.ch\/#\/schema\/logo\/image\/","url":"https:\/\/www.organisator.ch\/wp-content\/uploads\/2022\/01\/Logo_Organisator_Website.png","contentUrl":"https:\/\/www.organisator.ch\/wp-content\/uploads\/2022\/01\/Logo_Organisator_Website.png","width":800,"height":77,"caption":"Organisator"},"image":{"@id":"https:\/\/www.organisator.ch\/#\/schema\/logo\/image\/"},"sameAs":["https:\/\/www.facebook.com\/OrganisatorFachmagazin","https:\/\/www.linkedin.com\/showcase\/organisator-das-magazin-fr-kmu","https:\/\/www.xing.com\/news\/pages\/organisator-ch-695","https:\/\/www.youtube.com\/channel\/UCGP2Sq0iWaZwT3BdIAQFYpw"]},{"@type":"Person","@id":"https:\/\/www.organisator.ch\/#\/schema\/person\/134708ca9321c57b0362cceb7948ffbd","name":"michael.merz","image":{"@type":"ImageObject","inLanguage":"fr-FR","@id":"https:\/\/secure.gravatar.com\/avatar\/?s=96&d=mm&r=g","url":"https:\/\/secure.gravatar.com\/avatar\/?s=96&d=mm&r=g","contentUrl":"https:\/\/secure.gravatar.com\/avatar\/?s=96&d=mm&r=g","caption":"michael.merz"},"url":"https:\/\/www.organisator.ch\/fr\/author\/michael-merz\/"}]}},"_links":{"self":[{"href":"https:\/\/www.organisator.ch\/fr\/wp-json\/wp\/v2\/posts\/10123","targetHints":{"allow":["GET"]}}],"collection":[{"href":"https:\/\/www.organisator.ch\/fr\/wp-json\/wp\/v2\/posts"}],"about":[{"href":"https:\/\/www.organisator.ch\/fr\/wp-json\/wp\/v2\/types\/post"}],"author":[{"embeddable":true,"href":"https:\/\/www.organisator.ch\/fr\/wp-json\/wp\/v2\/users\/5"}],"replies":[{"embeddable":true,"href":"https:\/\/www.organisator.ch\/fr\/wp-json\/wp\/v2\/comments?post=10123"}],"version-history":[{"count":1,"href":"https:\/\/www.organisator.ch\/fr\/wp-json\/wp\/v2\/posts\/10123\/revisions"}],"predecessor-version":[{"id":10877,"href":"https:\/\/www.organisator.ch\/fr\/wp-json\/wp\/v2\/posts\/10123\/revisions\/10877"}],"wp:featuredmedia":[{"embeddable":true,"href":"https:\/\/www.organisator.ch\/fr\/wp-json\/wp\/v2\/media\/2506"}],"wp:attachment":[{"href":"https:\/\/www.organisator.ch\/fr\/wp-json\/wp\/v2\/media?parent=10123"}],"wp:term":[{"taxonomy":"category","embeddable":true,"href":"https:\/\/www.organisator.ch\/fr\/wp-json\/wp\/v2\/categories?post=10123"},{"taxonomy":"post_tag","embeddable":true,"href":"https:\/\/www.organisator.ch\/fr\/wp-json\/wp\/v2\/tags?post=10123"}],"curies":[{"name":"wp","href":"https:\/\/api.w.org\/{rel}","templated":true}]}}