{"id":10124,"date":"2019-10-23T11:24:37","date_gmt":"2019-10-23T09:24:37","guid":{"rendered":"https:\/\/www.umweltperspektiven.ch\/?p=2544"},"modified":"2022-02-09T11:06:16","modified_gmt":"2022-02-09T10:06:16","slug":"gebaeudetechnik-nur-die-wohnung-heizen-nicht-das-klima","status":"publish","type":"post","link":"https:\/\/www.organisator.ch\/fr\/sustainability\/2019-10-23\/gebaeudetechnik-nur-die-wohnung-heizen-nicht-das-klima\/","title":{"rendered":"Technique du b\u00e2timent : ne chauffer que le logement, pas le climat !"},"content":{"rendered":"<div class=\"ce_bgimage boxed-content img-as-bg bg-nocolor max_width_full\">\n<div class=\"ce_bgimage-outer\">\n<div class=\"ce_bgimage-inside contentwrap pt-xxs pb-xxs\">\n<div class=\"ce_text_extented block align-center-justify color-default font_no_serif font-size-default font-style-default lh-1-7 font-weight-default mt-default mb-s\">\n<div class=\"ce_textarea attribute textarea\">\n<figure id=\"attachment_2545\" aria-describedby=\"caption-attachment-2545\" style=\"width: 680px\" class=\"wp-caption alignnone\"><img loading=\"lazy\" decoding=\"async\" class=\"size-medium wp-image-2545\" src=\"\/\/www.umweltperspektiven.ch\/wp-content\/uploads\/2019\/10\/klimaschutz_geb\u00e4udetechnik-Klimastiftung-Schweiz-UP_Umwelt-Perspektiven.jpg\" alt=\"\" width=\"680\" height=\"453\" \/><figcaption id=\"caption-attachment-2545\" class=\"wp-caption-text\">De nombreux donneurs d'ordre ont d\u00e9j\u00e0 appris par manque de ressources, mais des solutions sont encore n\u00e9cessaires pour g\u00e9rer les chauffages. (Image symbolique : Unsplash)<\/figcaption><\/figure>\n<p>De nombreux b\u00e2timents en Suisse et au Liechtenstein sont de v\u00e9ritables gouffres \u00e9nerg\u00e9tiques : Les chauffages au mazout et au gaz produisent, en \u00e9mettant beaucoup de CO<sub>2\u00a0<\/sub>Une bonne partie de cette chaleur n'est pas utilis\u00e9e. Elle est tout de suite perdue parce que les b\u00e2timents sont mal isol\u00e9s ou parce qu'elle n'est pas utilis\u00e9e parce que personne n'est \u00e0 la maison. Il n'est donc pas \u00e9tonnant que les b\u00e2timents soient responsables de la moiti\u00e9 de la consommation totale d'\u00e9nergie.<\/p>\n<p>La Suisse doit atteindre la neutralit\u00e9 climatique d'ici 2050, comme l'a d\u00e9cid\u00e9 le Conseil f\u00e9d\u00e9ral, afin d'\u00e9viter autant que possible des dommages irr\u00e9parables au climat mondial. Pour atteindre cet objectif ambitieux, il faut d'une part produire l'\u00e9nergie de mani\u00e8re plus durable et d'autre part l'\u00e9conomiser. C'est avec ces deux approches en t\u00eate que des PME innovantes d\u00e9veloppent de nouvelles techniques de construction. La Fondation Suisse pour le Climat les soutient financi\u00e8rement dans cette d\u00e9marche.<\/p>\n<p>Les fonds proviennent des 27 entreprises partenaires de la fondation, dont des banques comme Raiffeisen, Pictet, la Liechtensteinische Landesbank ou la banque Vontobel.<\/p>\n<h3>Produire de l'\u00e9nergie de mani\u00e8re durable<\/h3>\n<p>L'entreprise vaudoise Fireforce Technology d\u00e9veloppe par exemple un chauffage au bois qui n'\u00e9met pratiquement pas de polluants. Les chauffages au bois sont certes nettement plus respectueux du climat que les chauffages au mazout, mais ils \u00e9mettent beaucoup de particules fines. \"Jusqu'\u00e0 pr\u00e9sent, on essaie g\u00e9n\u00e9ralement de r\u00e9soudre ce probl\u00e8me avec un filtre\", explique le directeur de Fireforce, Andr\u00e9 Van der Veken. \"Mais il est bien plus judicieux d'emp\u00eacher la formation de ces \u00e9missions que de les capturer p\u00e9niblement par la suite\". Van der Veken a donc d\u00e9pos\u00e9 une demande de soutien aupr\u00e8s de la Fondation Suisse pour le Climat, qui l'a accept\u00e9e.<\/p>\n<p>C'est la deuxi\u00e8me fois que l'entreprise Rudolf Schmid AG, qui a d\u00e9velopp\u00e9 un \"Stirling \u00e0 r\u00e9sonance \u00e0 piston libre\", est soutenue. Ce qui semble compliqu\u00e9 est en fait tr\u00e8s simple \u00e0 expliquer : le gaz, le biogaz ou, plus tard, le bois permettent de produire des temp\u00e9ratures \u00e9lev\u00e9es qui alimentent le \"Stirling \u00e0 r\u00e9sonance \u00e0 piston libre\". Celui-ci produit de l'\u00e9lectricit\u00e9 et de la chaleur de chauffage. Les b\u00e2timents peuvent s'auto-alimenter efficacement en \u00e9lectricit\u00e9 et en chaleur.<\/p>\n<h3>\u00c9conomiser l'\u00e9nergie gr\u00e2ce \u00e0 l'intelligence artificielle<\/h3>\n<p>Quelle que soit la durabilit\u00e9 de la chaleur produite, si personne n'est \u00e0 la maison, elle s'\u00e9vapore inutilement. C'est pourquoi la startup bernoise CleverOn (anciennement SimplyHome) d\u00e9veloppe une commande intelligente pour les chauffages et les radiateurs. Le syst\u00e8me ne n\u00e9cessite pas d'installation compliqu\u00e9e : retirer les anciens thermostats, visser les nouveaux et les connecter au r\u00e9seau WLAN, placer le capteur, c'est tout. D\u00e8s lors, le capteur d\u00e9tecte les sch\u00e9mas d'utilisation des habitants et commande, \u00e0 l'aide de l'intelligence artificielle, quand telle ou telle pi\u00e8ce doit \u00eatre chauff\u00e9e et \u00e0 quelle intensit\u00e9. Les pr\u00e9visions m\u00e9t\u00e9orologiques sont m\u00eame prises en compte.<\/p>\n<h3>R\u00e9utiliser l'\u00e9nergie - par exemple pour la douche<\/h3>\n<p>Froid et humide - c'est le temps qu'il fera r\u00e9guli\u00e8rement dans les mois \u00e0 venir. Ce qui aide, c'est une douche chaude. Mais l'eau chauff\u00e9e \u00e0 grands frais ne remplit sa fonction que pendant quelques secondes, puis elle s'\u00e9coule chaude dans l'\u00e9coulement et l'\u00e9nergie est perdue. C'est du pur gaspillage, affirme Reto Schmid, directeur de la soci\u00e9t\u00e9 biennoise Joulia SA. Avec le soutien financier de la Fondation Suisse pour le Climat, l'\u00e9quipe de Joulia a d\u00e9velopp\u00e9 une rigole de douche qui utilise l'\u00e9nergie des eaux us\u00e9es chaudes pour pr\u00e9chauffer l'eau fra\u00eeche froide. Il est ainsi possible d'\u00e9conomiser plus de la moiti\u00e9 de l'\u00e9nergie de chauffage utilis\u00e9e pour les douches.<\/p>\n<h3>Renforcer le site d'innovation<\/h3>\n<p>La Suisse et le Liechtenstein abritent d'innombrables PME qui font avancer la protection du climat gr\u00e2ce \u00e0 leurs projets, que ce soit en \u00e9conomisant l'\u00e9nergie dans leur propre entreprise ou en d\u00e9veloppant des produits innovants. \"La force d'innovation de la place \u00e9conomique suisse et liechtensteinoise permet \u00e0 nos petits pays d'apporter une contribution pertinente \u00e0 la protection mondiale du climat\", explique Christian Schilz, qui repr\u00e9sente la banque Vontobel au sein du conseil de fondation. \"Mais l'innovation a un co\u00fbt. C'est pourquoi je ne peux qu'encourager les PME \u00e0 d\u00e9poser une demande de subvention aupr\u00e8s de nous\".<\/p>\n<p>La fondation, financ\u00e9e par 27 entreprises partenaires, accorde chaque ann\u00e9e plusieurs millions de francs de subventions et prot\u00e8ge ainsi non seulement le climat, mais encourage \u00e9galement les PME locales. De l'\u00e9conomie pour l'\u00e9conomie.<\/p>\n<\/div>\n<p><em>Vous trouverez plus d'informations sur la Fondation Suisse pour le Climat et les projets respectueux du climat qu'elle soutient sur le site :\u00a0\u00a0<a href=\"\/\/www.klimastiftung.ch\">www.klimastiftung.ch<\/a><\/em><\/p>\n<\/div>\n<\/div>\n<\/div>\n<\/div>\n<div class=\"ce_bgimage boxed-content img-as-bg bg-accent max_width_full\"><\/div>\n<p>&nbsp;<\/p>\n<p>&nbsp;<\/p>\n<p>&nbsp;<\/p>\n<p>&nbsp;<\/p>\n<table width=\"100%\">\n<tbody>\n<tr>\n<td>\n<table width=\"100%\">\n<tbody>\n<tr>\n<td><\/td>\n<\/tr>\n<\/tbody>\n<\/table>\n<\/td>\n<\/tr>\n<\/tbody>\n<\/table>\n<p>&nbsp;<\/p>\n<table width=\"100%\">\n<tbody>\n<tr>\n<td>\n<table width=\"100%\">\n<tbody>\n<tr>\n<td width=\"600\"><\/td>\n<\/tr>\n<\/tbody>\n<\/table>\n<\/td>\n<\/tr>\n<\/tbody>\n<\/table>","protected":false},"excerpt":{"rendered":"<p>Viele Geb\u00e4ude in der Schweiz und in Liechtenstein sind wahre Energieschleudern: \u00d6l- und Gasheizungen produzieren unter Ausstoss von viel CO2\u00a0W\u00e4rme, die zu einem rechten Teil gar nicht genutzt wird. Sie geht gleich wieder verloren, weil die Geb\u00e4ude schlecht isoliert sind oder sie wird nicht ben\u00f6tigt, weil gar niemand zu Hause ist. Kein Wunder, sind Geb\u00e4ude [&hellip;]<\/p>\n","protected":false},"author":5,"featured_media":2545,"comment_status":"open","ping_status":"open","sticky":false,"template":"","format":"standard","meta":{"_acf_changed":false,"_yoast_wpseo_focuskw":"Geb\u00e4udetechnik","_yoast_wpseo_metadesc":"Was bringt moderne Geb\u00e4udetechnik, wenn die Heizungen wieder eingefeuert und die Radiatoren aufgedreht werden als g\u00e4be es kein Morgen. I","articlekey":"","footnotes":""},"categories":[580],"tags":[1247,1353,1526],"class_list":["post-10124","post","type-post","status-publish","format-standard","has-post-thumbnail","hentry","category-sustainability","tag-gebaeude","tag-heigen","tag-klimastiftung-schweiz"],"acf":[],"yoast_head":"<!-- This site is optimized with the Yoast SEO plugin v27.4 - https:\/\/yoast.com\/product\/yoast-seo-wordpress\/ -->\n<title>Geb\u00e4udetechnik: Nur die Wohnung heizen, nicht das Klima! - Organisator<\/title>\n<meta name=\"description\" content=\"Was bringt moderne Geb\u00e4udetechnik, wenn die Heizungen wieder eingefeuert und die Radiatoren aufgedreht werden als g\u00e4be es kein Morgen. I\" \/>\n<meta name=\"robots\" content=\"index, follow, max-snippet:-1, max-image-preview:large, max-video-preview:-1\" \/>\n<link rel=\"canonical\" href=\"https:\/\/www.organisator.ch\/fr\/sustainability\/2019-10-23\/gebaeudetechnik-nur-die-wohnung-heizen-nicht-das-klima\/\" \/>\n<meta property=\"og:locale\" content=\"fr_FR\" \/>\n<meta property=\"og:type\" content=\"article\" \/>\n<meta property=\"og:title\" content=\"Geb\u00e4udetechnik: Nur die Wohnung heizen, nicht das Klima! - Organisator\" \/>\n<meta property=\"og:description\" content=\"Was bringt moderne Geb\u00e4udetechnik, wenn die Heizungen wieder eingefeuert und die Radiatoren aufgedreht werden als g\u00e4be es kein Morgen. I\" \/>\n<meta property=\"og:url\" content=\"https:\/\/www.organisator.ch\/fr\/sustainability\/2019-10-23\/gebaeudetechnik-nur-die-wohnung-heizen-nicht-das-klima\/\" \/>\n<meta property=\"og:site_name\" content=\"Organisator\" \/>\n<meta property=\"article:publisher\" content=\"https:\/\/www.facebook.com\/OrganisatorFachmagazin\" \/>\n<meta property=\"article:published_time\" content=\"2019-10-23T09:24:37+00:00\" \/>\n<meta property=\"article:modified_time\" content=\"2022-02-09T10:06:16+00:00\" \/>\n<meta property=\"og:image\" content=\"https:\/\/www.organisator.ch\/wp-content\/uploads\/2019\/10\/klimaschutz_gebaeudetechnik-Klimastiftung-Schweiz-UP_Umwelt-Perspektiven.jpg\" \/>\n\t<meta property=\"og:image:width\" content=\"1732\" \/>\n\t<meta property=\"og:image:height\" content=\"1154\" \/>\n\t<meta property=\"og:image:type\" content=\"image\/jpeg\" \/>\n<meta name=\"author\" content=\"michael.merz\" \/>\n<meta name=\"twitter:card\" content=\"summary_large_image\" \/>\n<script type=\"application\/ld+json\" class=\"yoast-schema-graph\">{\"@context\":\"https:\\\/\\\/schema.org\",\"@graph\":[{\"@type\":\"Article\",\"@id\":\"https:\\\/\\\/www.organisator.ch\\\/sustainability\\\/2019-10-23\\\/gebaeudetechnik-nur-die-wohnung-heizen-nicht-das-klima\\\/#article\",\"isPartOf\":{\"@id\":\"https:\\\/\\\/www.organisator.ch\\\/sustainability\\\/2019-10-23\\\/gebaeudetechnik-nur-die-wohnung-heizen-nicht-das-klima\\\/\"},\"author\":{\"name\":\"michael.merz\",\"@id\":\"https:\\\/\\\/www.organisator.ch\\\/#\\\/schema\\\/person\\\/134708ca9321c57b0362cceb7948ffbd\"},\"headline\":\"Geb\u00e4udetechnik: Nur die Wohnung heizen, nicht das Klima!\",\"datePublished\":\"2019-10-23T09:24:37+00:00\",\"dateModified\":\"2022-02-09T10:06:16+00:00\",\"mainEntityOfPage\":{\"@id\":\"https:\\\/\\\/www.organisator.ch\\\/sustainability\\\/2019-10-23\\\/gebaeudetechnik-nur-die-wohnung-heizen-nicht-das-klima\\\/\"},\"wordCount\":669,\"commentCount\":0,\"publisher\":{\"@id\":\"https:\\\/\\\/www.organisator.ch\\\/#organization\"},\"image\":{\"@id\":\"https:\\\/\\\/www.organisator.ch\\\/sustainability\\\/2019-10-23\\\/gebaeudetechnik-nur-die-wohnung-heizen-nicht-das-klima\\\/#primaryimage\"},\"thumbnailUrl\":\"https:\\\/\\\/www.organisator.ch\\\/wp-content\\\/uploads\\\/2019\\\/10\\\/klimaschutz_gebaeudetechnik-Klimastiftung-Schweiz-UP_Umwelt-Perspektiven.jpg\",\"keywords\":[\"Geb\u00e4ude\",\"Heigen\",\"Klimastiftung Schweiz\"],\"articleSection\":[\"SUSTAINABILITY\"],\"inLanguage\":\"fr-FR\"},{\"@type\":\"WebPage\",\"@id\":\"https:\\\/\\\/www.organisator.ch\\\/sustainability\\\/2019-10-23\\\/gebaeudetechnik-nur-die-wohnung-heizen-nicht-das-klima\\\/\",\"url\":\"https:\\\/\\\/www.organisator.ch\\\/sustainability\\\/2019-10-23\\\/gebaeudetechnik-nur-die-wohnung-heizen-nicht-das-klima\\\/\",\"name\":\"Geb\u00e4udetechnik: Nur die Wohnung heizen, nicht das Klima! - Organisator\",\"isPartOf\":{\"@id\":\"https:\\\/\\\/www.organisator.ch\\\/#website\"},\"primaryImageOfPage\":{\"@id\":\"https:\\\/\\\/www.organisator.ch\\\/sustainability\\\/2019-10-23\\\/gebaeudetechnik-nur-die-wohnung-heizen-nicht-das-klima\\\/#primaryimage\"},\"image\":{\"@id\":\"https:\\\/\\\/www.organisator.ch\\\/sustainability\\\/2019-10-23\\\/gebaeudetechnik-nur-die-wohnung-heizen-nicht-das-klima\\\/#primaryimage\"},\"thumbnailUrl\":\"https:\\\/\\\/www.organisator.ch\\\/wp-content\\\/uploads\\\/2019\\\/10\\\/klimaschutz_gebaeudetechnik-Klimastiftung-Schweiz-UP_Umwelt-Perspektiven.jpg\",\"datePublished\":\"2019-10-23T09:24:37+00:00\",\"dateModified\":\"2022-02-09T10:06:16+00:00\",\"description\":\"Was bringt moderne Geb\u00e4udetechnik, wenn die Heizungen wieder eingefeuert und die Radiatoren aufgedreht werden als g\u00e4be es kein Morgen. I\",\"breadcrumb\":{\"@id\":\"https:\\\/\\\/www.organisator.ch\\\/sustainability\\\/2019-10-23\\\/gebaeudetechnik-nur-die-wohnung-heizen-nicht-das-klima\\\/#breadcrumb\"},\"inLanguage\":\"fr-FR\",\"potentialAction\":[{\"@type\":\"ReadAction\",\"target\":[\"https:\\\/\\\/www.organisator.ch\\\/sustainability\\\/2019-10-23\\\/gebaeudetechnik-nur-die-wohnung-heizen-nicht-das-klima\\\/\"]}]},{\"@type\":\"ImageObject\",\"inLanguage\":\"fr-FR\",\"@id\":\"https:\\\/\\\/www.organisator.ch\\\/sustainability\\\/2019-10-23\\\/gebaeudetechnik-nur-die-wohnung-heizen-nicht-das-klima\\\/#primaryimage\",\"url\":\"https:\\\/\\\/www.organisator.ch\\\/wp-content\\\/uploads\\\/2019\\\/10\\\/klimaschutz_gebaeudetechnik-Klimastiftung-Schweiz-UP_Umwelt-Perspektiven.jpg\",\"contentUrl\":\"https:\\\/\\\/www.organisator.ch\\\/wp-content\\\/uploads\\\/2019\\\/10\\\/klimaschutz_gebaeudetechnik-Klimastiftung-Schweiz-UP_Umwelt-Perspektiven.jpg\",\"width\":1732,\"height\":1154,\"caption\":\"Viele Auftraggeber haben aus Mangel an Ressourcen bereits dazu gelernt, doch f\u00fcr den Umgang mit Heizungen braucht es noch immer L\u00f6sungen. (Symbolbild: Unsplash)\"},{\"@type\":\"BreadcrumbList\",\"@id\":\"https:\\\/\\\/www.organisator.ch\\\/sustainability\\\/2019-10-23\\\/gebaeudetechnik-nur-die-wohnung-heizen-nicht-das-klima\\\/#breadcrumb\",\"itemListElement\":[{\"@type\":\"ListItem\",\"position\":1,\"name\":\"Home\",\"item\":\"https:\\\/\\\/www.organisator.ch\\\/\"},{\"@type\":\"ListItem\",\"position\":2,\"name\":\"Geb\u00e4udetechnik: Nur die Wohnung heizen, nicht das Klima!\"}]},{\"@type\":\"WebSite\",\"@id\":\"https:\\\/\\\/www.organisator.ch\\\/#website\",\"url\":\"https:\\\/\\\/www.organisator.ch\\\/\",\"name\":\"Organisator\",\"description\":\"Kompetent. Praxisnah. Der ORGANISATOR bereitet in 10 Ausgaben pro Jahr die wesentlichen Themen f\u00fcr F\u00fchrungskr\u00e4fte von KMU auf.\",\"publisher\":{\"@id\":\"https:\\\/\\\/www.organisator.ch\\\/#organization\"},\"potentialAction\":[{\"@type\":\"SearchAction\",\"target\":{\"@type\":\"EntryPoint\",\"urlTemplate\":\"https:\\\/\\\/www.organisator.ch\\\/?s={search_term_string}\"},\"query-input\":{\"@type\":\"PropertyValueSpecification\",\"valueRequired\":true,\"valueName\":\"search_term_string\"}}],\"inLanguage\":\"fr-FR\"},{\"@type\":\"Organization\",\"@id\":\"https:\\\/\\\/www.organisator.ch\\\/#organization\",\"name\":\"Organisator\",\"url\":\"https:\\\/\\\/www.organisator.ch\\\/\",\"logo\":{\"@type\":\"ImageObject\",\"inLanguage\":\"fr-FR\",\"@id\":\"https:\\\/\\\/www.organisator.ch\\\/#\\\/schema\\\/logo\\\/image\\\/\",\"url\":\"https:\\\/\\\/www.organisator.ch\\\/wp-content\\\/uploads\\\/2022\\\/01\\\/Logo_Organisator_Website.png\",\"contentUrl\":\"https:\\\/\\\/www.organisator.ch\\\/wp-content\\\/uploads\\\/2022\\\/01\\\/Logo_Organisator_Website.png\",\"width\":800,\"height\":77,\"caption\":\"Organisator\"},\"image\":{\"@id\":\"https:\\\/\\\/www.organisator.ch\\\/#\\\/schema\\\/logo\\\/image\\\/\"},\"sameAs\":[\"https:\\\/\\\/www.facebook.com\\\/OrganisatorFachmagazin\",\"https:\\\/\\\/www.linkedin.com\\\/showcase\\\/organisator-das-magazin-fr-kmu\",\"https:\\\/\\\/www.xing.com\\\/news\\\/pages\\\/organisator-ch-695\",\"https:\\\/\\\/www.youtube.com\\\/channel\\\/UCGP2Sq0iWaZwT3BdIAQFYpw\"]},{\"@type\":\"Person\",\"@id\":\"https:\\\/\\\/www.organisator.ch\\\/#\\\/schema\\\/person\\\/134708ca9321c57b0362cceb7948ffbd\",\"name\":\"michael.merz\",\"image\":{\"@type\":\"ImageObject\",\"inLanguage\":\"fr-FR\",\"@id\":\"https:\\\/\\\/secure.gravatar.com\\\/avatar\\\/?s=96&d=mm&r=g\",\"url\":\"https:\\\/\\\/secure.gravatar.com\\\/avatar\\\/?s=96&d=mm&r=g\",\"contentUrl\":\"https:\\\/\\\/secure.gravatar.com\\\/avatar\\\/?s=96&d=mm&r=g\",\"caption\":\"michael.merz\"},\"url\":\"https:\\\/\\\/www.organisator.ch\\\/fr\\\/author\\\/michael-merz\\\/\"}]}<\/script>\n<!-- \/ Yoast SEO plugin. -->","yoast_head_json":{"title":"Technique du b\u00e2timent : Chauffer uniquement son logement, pas le climat ! - Organisateur","description":"A quoi sert la domotique moderne si les chauffages sont rallum\u00e9s et les radiateurs allum\u00e9s comme s'il n'y avait pas de lendemain ? I","robots":{"index":"index","follow":"follow","max-snippet":"max-snippet:-1","max-image-preview":"max-image-preview:large","max-video-preview":"max-video-preview:-1"},"canonical":"https:\/\/www.organisator.ch\/fr\/sustainability\/2019-10-23\/gebaeudetechnik-nur-die-wohnung-heizen-nicht-das-klima\/","og_locale":"fr_FR","og_type":"article","og_title":"Geb\u00e4udetechnik: Nur die Wohnung heizen, nicht das Klima! - Organisator","og_description":"Was bringt moderne Geb\u00e4udetechnik, wenn die Heizungen wieder eingefeuert und die Radiatoren aufgedreht werden als g\u00e4be es kein Morgen. I","og_url":"https:\/\/www.organisator.ch\/fr\/sustainability\/2019-10-23\/gebaeudetechnik-nur-die-wohnung-heizen-nicht-das-klima\/","og_site_name":"Organisator","article_publisher":"https:\/\/www.facebook.com\/OrganisatorFachmagazin","article_published_time":"2019-10-23T09:24:37+00:00","article_modified_time":"2022-02-09T10:06:16+00:00","og_image":[{"width":1732,"height":1154,"url":"https:\/\/www.organisator.ch\/wp-content\/uploads\/2019\/10\/klimaschutz_gebaeudetechnik-Klimastiftung-Schweiz-UP_Umwelt-Perspektiven.jpg","type":"image\/jpeg"}],"author":"michael.merz","twitter_card":"summary_large_image","schema":{"@context":"https:\/\/schema.org","@graph":[{"@type":"Article","@id":"https:\/\/www.organisator.ch\/sustainability\/2019-10-23\/gebaeudetechnik-nur-die-wohnung-heizen-nicht-das-klima\/#article","isPartOf":{"@id":"https:\/\/www.organisator.ch\/sustainability\/2019-10-23\/gebaeudetechnik-nur-die-wohnung-heizen-nicht-das-klima\/"},"author":{"name":"michael.merz","@id":"https:\/\/www.organisator.ch\/#\/schema\/person\/134708ca9321c57b0362cceb7948ffbd"},"headline":"Geb\u00e4udetechnik: Nur die Wohnung heizen, nicht das Klima!","datePublished":"2019-10-23T09:24:37+00:00","dateModified":"2022-02-09T10:06:16+00:00","mainEntityOfPage":{"@id":"https:\/\/www.organisator.ch\/sustainability\/2019-10-23\/gebaeudetechnik-nur-die-wohnung-heizen-nicht-das-klima\/"},"wordCount":669,"commentCount":0,"publisher":{"@id":"https:\/\/www.organisator.ch\/#organization"},"image":{"@id":"https:\/\/www.organisator.ch\/sustainability\/2019-10-23\/gebaeudetechnik-nur-die-wohnung-heizen-nicht-das-klima\/#primaryimage"},"thumbnailUrl":"https:\/\/www.organisator.ch\/wp-content\/uploads\/2019\/10\/klimaschutz_gebaeudetechnik-Klimastiftung-Schweiz-UP_Umwelt-Perspektiven.jpg","keywords":["Geb\u00e4ude","Heigen","Klimastiftung Schweiz"],"articleSection":["SUSTAINABILITY"],"inLanguage":"fr-FR"},{"@type":"WebPage","@id":"https:\/\/www.organisator.ch\/sustainability\/2019-10-23\/gebaeudetechnik-nur-die-wohnung-heizen-nicht-das-klima\/","url":"https:\/\/www.organisator.ch\/sustainability\/2019-10-23\/gebaeudetechnik-nur-die-wohnung-heizen-nicht-das-klima\/","name":"Technique du b\u00e2timent : Chauffer uniquement son logement, pas le climat ! - Organisateur","isPartOf":{"@id":"https:\/\/www.organisator.ch\/#website"},"primaryImageOfPage":{"@id":"https:\/\/www.organisator.ch\/sustainability\/2019-10-23\/gebaeudetechnik-nur-die-wohnung-heizen-nicht-das-klima\/#primaryimage"},"image":{"@id":"https:\/\/www.organisator.ch\/sustainability\/2019-10-23\/gebaeudetechnik-nur-die-wohnung-heizen-nicht-das-klima\/#primaryimage"},"thumbnailUrl":"https:\/\/www.organisator.ch\/wp-content\/uploads\/2019\/10\/klimaschutz_gebaeudetechnik-Klimastiftung-Schweiz-UP_Umwelt-Perspektiven.jpg","datePublished":"2019-10-23T09:24:37+00:00","dateModified":"2022-02-09T10:06:16+00:00","description":"A quoi sert la domotique moderne si les chauffages sont rallum\u00e9s et les radiateurs allum\u00e9s comme s'il n'y avait pas de lendemain ? I","breadcrumb":{"@id":"https:\/\/www.organisator.ch\/sustainability\/2019-10-23\/gebaeudetechnik-nur-die-wohnung-heizen-nicht-das-klima\/#breadcrumb"},"inLanguage":"fr-FR","potentialAction":[{"@type":"ReadAction","target":["https:\/\/www.organisator.ch\/sustainability\/2019-10-23\/gebaeudetechnik-nur-die-wohnung-heizen-nicht-das-klima\/"]}]},{"@type":"ImageObject","inLanguage":"fr-FR","@id":"https:\/\/www.organisator.ch\/sustainability\/2019-10-23\/gebaeudetechnik-nur-die-wohnung-heizen-nicht-das-klima\/#primaryimage","url":"https:\/\/www.organisator.ch\/wp-content\/uploads\/2019\/10\/klimaschutz_gebaeudetechnik-Klimastiftung-Schweiz-UP_Umwelt-Perspektiven.jpg","contentUrl":"https:\/\/www.organisator.ch\/wp-content\/uploads\/2019\/10\/klimaschutz_gebaeudetechnik-Klimastiftung-Schweiz-UP_Umwelt-Perspektiven.jpg","width":1732,"height":1154,"caption":"Viele Auftraggeber haben aus Mangel an Ressourcen bereits dazu gelernt, doch f\u00fcr den Umgang mit Heizungen braucht es noch immer L\u00f6sungen. (Symbolbild: Unsplash)"},{"@type":"BreadcrumbList","@id":"https:\/\/www.organisator.ch\/sustainability\/2019-10-23\/gebaeudetechnik-nur-die-wohnung-heizen-nicht-das-klima\/#breadcrumb","itemListElement":[{"@type":"ListItem","position":1,"name":"Home","item":"https:\/\/www.organisator.ch\/"},{"@type":"ListItem","position":2,"name":"Geb\u00e4udetechnik: Nur die Wohnung heizen, nicht das Klima!"}]},{"@type":"WebSite","@id":"https:\/\/www.organisator.ch\/#website","url":"https:\/\/www.organisator.ch\/","name":"Organisateur","description":"Comp\u00e9tence et comp\u00e9tence. Proches de la pratique. L'ORGANISATEUR pr\u00e9pare 10 num\u00e9ros par an sur les th\u00e8mes essentiels pour les dirigeants de PME.","publisher":{"@id":"https:\/\/www.organisator.ch\/#organization"},"potentialAction":[{"@type":"SearchAction","target":{"@type":"EntryPoint","urlTemplate":"https:\/\/www.organisator.ch\/?s={search_term_string}"},"query-input":{"@type":"PropertyValueSpecification","valueRequired":true,"valueName":"search_term_string"}}],"inLanguage":"fr-FR"},{"@type":"Organization","@id":"https:\/\/www.organisator.ch\/#organization","name":"Organisateur","url":"https:\/\/www.organisator.ch\/","logo":{"@type":"ImageObject","inLanguage":"fr-FR","@id":"https:\/\/www.organisator.ch\/#\/schema\/logo\/image\/","url":"https:\/\/www.organisator.ch\/wp-content\/uploads\/2022\/01\/Logo_Organisator_Website.png","contentUrl":"https:\/\/www.organisator.ch\/wp-content\/uploads\/2022\/01\/Logo_Organisator_Website.png","width":800,"height":77,"caption":"Organisator"},"image":{"@id":"https:\/\/www.organisator.ch\/#\/schema\/logo\/image\/"},"sameAs":["https:\/\/www.facebook.com\/OrganisatorFachmagazin","https:\/\/www.linkedin.com\/showcase\/organisator-das-magazin-fr-kmu","https:\/\/www.xing.com\/news\/pages\/organisator-ch-695","https:\/\/www.youtube.com\/channel\/UCGP2Sq0iWaZwT3BdIAQFYpw"]},{"@type":"Person","@id":"https:\/\/www.organisator.ch\/#\/schema\/person\/134708ca9321c57b0362cceb7948ffbd","name":"michael.merz","image":{"@type":"ImageObject","inLanguage":"fr-FR","@id":"https:\/\/secure.gravatar.com\/avatar\/?s=96&d=mm&r=g","url":"https:\/\/secure.gravatar.com\/avatar\/?s=96&d=mm&r=g","contentUrl":"https:\/\/secure.gravatar.com\/avatar\/?s=96&d=mm&r=g","caption":"michael.merz"},"url":"https:\/\/www.organisator.ch\/fr\/author\/michael-merz\/"}]}},"_links":{"self":[{"href":"https:\/\/www.organisator.ch\/fr\/wp-json\/wp\/v2\/posts\/10124","targetHints":{"allow":["GET"]}}],"collection":[{"href":"https:\/\/www.organisator.ch\/fr\/wp-json\/wp\/v2\/posts"}],"about":[{"href":"https:\/\/www.organisator.ch\/fr\/wp-json\/wp\/v2\/types\/post"}],"author":[{"embeddable":true,"href":"https:\/\/www.organisator.ch\/fr\/wp-json\/wp\/v2\/users\/5"}],"replies":[{"embeddable":true,"href":"https:\/\/www.organisator.ch\/fr\/wp-json\/wp\/v2\/comments?post=10124"}],"version-history":[{"count":1,"href":"https:\/\/www.organisator.ch\/fr\/wp-json\/wp\/v2\/posts\/10124\/revisions"}],"predecessor-version":[{"id":10543,"href":"https:\/\/www.organisator.ch\/fr\/wp-json\/wp\/v2\/posts\/10124\/revisions\/10543"}],"wp:featuredmedia":[{"embeddable":true,"href":"https:\/\/www.organisator.ch\/fr\/wp-json\/wp\/v2\/media\/2545"}],"wp:attachment":[{"href":"https:\/\/www.organisator.ch\/fr\/wp-json\/wp\/v2\/media?parent=10124"}],"wp:term":[{"taxonomy":"category","embeddable":true,"href":"https:\/\/www.organisator.ch\/fr\/wp-json\/wp\/v2\/categories?post=10124"},{"taxonomy":"post_tag","embeddable":true,"href":"https:\/\/www.organisator.ch\/fr\/wp-json\/wp\/v2\/tags?post=10124"}],"curies":[{"name":"wp","href":"https:\/\/api.w.org\/{rel}","templated":true}]}}