{"id":10127,"date":"2019-11-05T15:16:26","date_gmt":"2019-11-05T14:16:26","guid":{"rendered":"https:\/\/www.umweltperspektiven.ch\/?p=2577"},"modified":"2022-02-09T11:06:51","modified_gmt":"2022-02-09T10:06:51","slug":"universitaet-basel-setzt-sich-nachhaltigkeitsziele","status":"publish","type":"post","link":"https:\/\/www.organisator.ch\/fr\/sustainability\/2019-11-05\/universitaet-basel-setzt-sich-nachhaltigkeitsziele\/","title":{"rendered":"L'Universit\u00e9 de B\u00e2le se fixe des objectifs de durabilit\u00e9"},"content":{"rendered":"<figure id=\"attachment_2578\" aria-describedby=\"caption-attachment-2578\" style=\"width: 680px\" class=\"wp-caption alignnone\"><img loading=\"lazy\" decoding=\"async\" class=\"size-medium wp-image-2578\" src=\"\/\/www.umweltperspektiven.ch\/wp-content\/uploads\/2019\/11\/Universit\u00e4t_Basel.jpg\" alt=\"\" width=\"680\" height=\"453\" \/><figcaption id=\"caption-attachment-2578\" class=\"wp-caption-text\">L'Universit\u00e9 de B\u00e2le est pilot\u00e9e par des hi\u00e9rarchies plates et des organes de direction all\u00e9g\u00e9s disposant de comp\u00e9tences d\u00e9cisionnelles suffisantes. (Image : zVg)<\/figcaption><\/figure>\n<p class=\"bodytext\">L'universit\u00e9 vise une position de pointe dans le domaine du d\u00e9veloppement durable dans les hautes \u00e9coles suisses, informe la\u00a0<a href=\"\/\/www.unibas.ch\/de.html\" target=\"_blank\" rel=\"noopener\">Universit\u00e9 de B\u00e2le<\/a>\u00a0dans une\u00a0<a href=\"\/\/www.unibas.ch\/de\/Aktuell\/News\/Uni-Campus\/Nachhaltigkeit-an-der-Universitaet-Basel-Startschuss-fuer-den-Massnahmenplan.html\" target=\"_blank\" rel=\"noopener\">Communiqu\u00e9<\/a>. Dans une \u00e9tude r\u00e9cente du WWF, l'universit\u00e9 occupe la cinqui\u00e8me place, ce qui la place dans le peloton de t\u00eate des universit\u00e9s, poursuit le communiqu\u00e9. Comme l'universit\u00e9 est \"toujours orient\u00e9e vers l'excellence\", cette place ne lui suffit pas, explique Jens Gaab, d\u00e9l\u00e9gu\u00e9 \u00e0 la diversit\u00e9 et \u00e0 la durabilit\u00e9 \u00e0 l'universit\u00e9 de B\u00e2le, dans le communiqu\u00e9.<\/p>\n<p class=\"bodytext\">Sur la base d'un rapport publi\u00e9 cet \u00e9t\u00e9 par son service de durabilit\u00e9, l'Universit\u00e9 de B\u00e2le a \u00e9labor\u00e9 un vaste plan de mesures. Il doit permettre \u00e0 l'universit\u00e9 d'atteindre une durabilit\u00e9 \u00e0 long terme et de figurer parmi les premi\u00e8res places du prochain classement de durabilit\u00e9. \"Nous ne nous int\u00e9ressons pas aux effets temporaires qui s'\u00e9vanouissent\", explique Gaab. La r\u00e9alisation des objectifs concrets formul\u00e9s dans le plan de mesures sera contr\u00f4l\u00e9e \u00e0 l'aide d'indicateurs consolid\u00e9s.<\/p>\n<p class=\"bodytext\">L'une des mesures concerne la consommation d'\u00e9lectricit\u00e9 et d'\u00e9nergie thermique des b\u00e2timents universitaires. Elle s'\u00e9l\u00e8ve actuellement \u00e0 environ 54,5 gigawattheures par an et doit \u00eatre r\u00e9duite de 20 % en l'espace de dix ans. En outre, l'universit\u00e9 pr\u00e9voit d'int\u00e9grer davantage les th\u00e8mes li\u00e9s au d\u00e9veloppement durable dans l'enseignement. \"Aucun \u00e9tudiant ne doit pouvoir dire \u00e0 la fin de ses \u00e9tudes qu'il n'a jamais entendu parler de durabilit\u00e9 dans notre universit\u00e9\", explique Gaab.<\/p>","protected":false},"excerpt":{"rendered":"<p>Die Universit\u00e4t strebe eine Spitzenposition im Bereich nachhaltige Entwicklung an Schweizer Hochschulen an, informiert die\u00a0Universit\u00e4t Basel\u00a0in einer\u00a0Mitteilung. In einer aktuellen WWF-Studie belege die Universit\u00e4t mit dem f\u00fcnften Platz einen Rang im oberen Mitteilfeld, heisst es dort weiter. Weil die Hochschule \u201eimmer an Exzellenz orientiert\u201c sei, reiche ihr dieser Platz nicht, erl\u00e4utert Jens Gaab, Delegierter f\u00fcr [&hellip;]<\/p>\n","protected":false},"author":5,"featured_media":9650,"comment_status":"open","ping_status":"open","sticky":false,"template":"","format":"standard","meta":{"_acf_changed":false,"_yoast_wpseo_focuskw":"Universit\u00e4t Basel","_yoast_wpseo_metadesc":"Die Universit\u00e4t Basel hat einen Massnahmenplan f\u00fcr konkrete Nachhaltigkeitsziele aufgestellt. Unter anderem will sie ihren Energieverbrauch senken.","articlekey":"","footnotes":""},"categories":[580],"tags":[1091,1794,2404,2405],"class_list":["post-10127","post","type-post","status-publish","format-standard","has-post-thumbnail","hentry","category-sustainability","tag-energieverbrauch","tag-nachhaltigkeitsziele","tag-universitaet","tag-universitaet-basel"],"acf":[],"yoast_head":"<!-- This site is optimized with the Yoast SEO plugin v27.4 - https:\/\/yoast.com\/product\/yoast-seo-wordpress\/ -->\n<title>Universit\u00e4t Basel setzt sich Nachhaltigkeitsziele - Organisator<\/title>\n<meta name=\"description\" content=\"Die Universit\u00e4t Basel hat einen Massnahmenplan f\u00fcr konkrete Nachhaltigkeitsziele aufgestellt. Unter anderem will sie ihren Energieverbrauch senken.\" \/>\n<meta name=\"robots\" content=\"index, follow, max-snippet:-1, max-image-preview:large, max-video-preview:-1\" \/>\n<link rel=\"canonical\" href=\"https:\/\/www.organisator.ch\/fr\/sustainability\/2019-11-05\/universitaet-basel-setzt-sich-nachhaltigkeitsziele\/\" \/>\n<meta property=\"og:locale\" content=\"fr_FR\" \/>\n<meta property=\"og:type\" content=\"article\" \/>\n<meta property=\"og:title\" content=\"Universit\u00e4t Basel setzt sich Nachhaltigkeitsziele - Organisator\" \/>\n<meta property=\"og:description\" content=\"Die Universit\u00e4t Basel hat einen Massnahmenplan f\u00fcr konkrete Nachhaltigkeitsziele aufgestellt. Unter anderem will sie ihren Energieverbrauch senken.\" \/>\n<meta property=\"og:url\" content=\"https:\/\/www.organisator.ch\/fr\/sustainability\/2019-11-05\/universitaet-basel-setzt-sich-nachhaltigkeitsziele\/\" \/>\n<meta property=\"og:site_name\" content=\"Organisator\" \/>\n<meta property=\"article:publisher\" content=\"https:\/\/www.facebook.com\/OrganisatorFachmagazin\" \/>\n<meta property=\"article:published_time\" content=\"2019-11-05T14:16:26+00:00\" \/>\n<meta property=\"article:modified_time\" content=\"2022-02-09T10:06:51+00:00\" \/>\n<meta property=\"og:image\" content=\"https:\/\/www.organisator.ch\/wp-content\/uploads\/2019\/11\/Universitaet_Basel.jpg\" \/>\n\t<meta property=\"og:image:width\" content=\"750\" \/>\n\t<meta property=\"og:image:height\" content=\"500\" \/>\n\t<meta property=\"og:image:type\" content=\"image\/jpeg\" \/>\n<meta name=\"author\" content=\"michael.merz\" \/>\n<meta name=\"twitter:card\" content=\"summary_large_image\" \/>\n<script type=\"application\/ld+json\" class=\"yoast-schema-graph\">{\"@context\":\"https:\\\/\\\/schema.org\",\"@graph\":[{\"@type\":\"Article\",\"@id\":\"https:\\\/\\\/www.organisator.ch\\\/sustainability\\\/2019-11-05\\\/universitaet-basel-setzt-sich-nachhaltigkeitsziele\\\/#article\",\"isPartOf\":{\"@id\":\"https:\\\/\\\/www.organisator.ch\\\/sustainability\\\/2019-11-05\\\/universitaet-basel-setzt-sich-nachhaltigkeitsziele\\\/\"},\"author\":{\"name\":\"michael.merz\",\"@id\":\"https:\\\/\\\/www.organisator.ch\\\/#\\\/schema\\\/person\\\/134708ca9321c57b0362cceb7948ffbd\"},\"headline\":\"Universit\u00e4t Basel setzt sich Nachhaltigkeitsziele\",\"datePublished\":\"2019-11-05T14:16:26+00:00\",\"dateModified\":\"2022-02-09T10:06:51+00:00\",\"mainEntityOfPage\":{\"@id\":\"https:\\\/\\\/www.organisator.ch\\\/sustainability\\\/2019-11-05\\\/universitaet-basel-setzt-sich-nachhaltigkeitsziele\\\/\"},\"wordCount\":249,\"commentCount\":0,\"publisher\":{\"@id\":\"https:\\\/\\\/www.organisator.ch\\\/#organization\"},\"image\":{\"@id\":\"https:\\\/\\\/www.organisator.ch\\\/sustainability\\\/2019-11-05\\\/universitaet-basel-setzt-sich-nachhaltigkeitsziele\\\/#primaryimage\"},\"thumbnailUrl\":\"https:\\\/\\\/www.organisator.ch\\\/wp-content\\\/uploads\\\/2019\\\/11\\\/Universitaet_Basel.jpg\",\"keywords\":[\"Energieverbrauch\",\"Nachhaltigkeitsziele\",\"Universit\u00e4t\",\"Universit\u00e4t Basel\"],\"articleSection\":[\"SUSTAINABILITY\"],\"inLanguage\":\"fr-FR\"},{\"@type\":\"WebPage\",\"@id\":\"https:\\\/\\\/www.organisator.ch\\\/sustainability\\\/2019-11-05\\\/universitaet-basel-setzt-sich-nachhaltigkeitsziele\\\/\",\"url\":\"https:\\\/\\\/www.organisator.ch\\\/sustainability\\\/2019-11-05\\\/universitaet-basel-setzt-sich-nachhaltigkeitsziele\\\/\",\"name\":\"Universit\u00e4t Basel setzt sich Nachhaltigkeitsziele - Organisator\",\"isPartOf\":{\"@id\":\"https:\\\/\\\/www.organisator.ch\\\/#website\"},\"primaryImageOfPage\":{\"@id\":\"https:\\\/\\\/www.organisator.ch\\\/sustainability\\\/2019-11-05\\\/universitaet-basel-setzt-sich-nachhaltigkeitsziele\\\/#primaryimage\"},\"image\":{\"@id\":\"https:\\\/\\\/www.organisator.ch\\\/sustainability\\\/2019-11-05\\\/universitaet-basel-setzt-sich-nachhaltigkeitsziele\\\/#primaryimage\"},\"thumbnailUrl\":\"https:\\\/\\\/www.organisator.ch\\\/wp-content\\\/uploads\\\/2019\\\/11\\\/Universitaet_Basel.jpg\",\"datePublished\":\"2019-11-05T14:16:26+00:00\",\"dateModified\":\"2022-02-09T10:06:51+00:00\",\"description\":\"Die Universit\u00e4t Basel hat einen Massnahmenplan f\u00fcr konkrete Nachhaltigkeitsziele aufgestellt. Unter anderem will sie ihren Energieverbrauch senken.\",\"breadcrumb\":{\"@id\":\"https:\\\/\\\/www.organisator.ch\\\/sustainability\\\/2019-11-05\\\/universitaet-basel-setzt-sich-nachhaltigkeitsziele\\\/#breadcrumb\"},\"inLanguage\":\"fr-FR\",\"potentialAction\":[{\"@type\":\"ReadAction\",\"target\":[\"https:\\\/\\\/www.organisator.ch\\\/sustainability\\\/2019-11-05\\\/universitaet-basel-setzt-sich-nachhaltigkeitsziele\\\/\"]}]},{\"@type\":\"ImageObject\",\"inLanguage\":\"fr-FR\",\"@id\":\"https:\\\/\\\/www.organisator.ch\\\/sustainability\\\/2019-11-05\\\/universitaet-basel-setzt-sich-nachhaltigkeitsziele\\\/#primaryimage\",\"url\":\"https:\\\/\\\/www.organisator.ch\\\/wp-content\\\/uploads\\\/2019\\\/11\\\/Universitaet_Basel.jpg\",\"contentUrl\":\"https:\\\/\\\/www.organisator.ch\\\/wp-content\\\/uploads\\\/2019\\\/11\\\/Universitaet_Basel.jpg\",\"width\":750,\"height\":500,\"caption\":\"Die Universit\u00e4t Basel wird \u00fcber flache Hierarchien und schlanke F\u00fchrungsgremien mit ausreichender Entscheidungskompetenz gesteuert. (Bild: zVg)\"},{\"@type\":\"BreadcrumbList\",\"@id\":\"https:\\\/\\\/www.organisator.ch\\\/sustainability\\\/2019-11-05\\\/universitaet-basel-setzt-sich-nachhaltigkeitsziele\\\/#breadcrumb\",\"itemListElement\":[{\"@type\":\"ListItem\",\"position\":1,\"name\":\"Home\",\"item\":\"https:\\\/\\\/www.organisator.ch\\\/\"},{\"@type\":\"ListItem\",\"position\":2,\"name\":\"Universit\u00e4t Basel setzt sich Nachhaltigkeitsziele\"}]},{\"@type\":\"WebSite\",\"@id\":\"https:\\\/\\\/www.organisator.ch\\\/#website\",\"url\":\"https:\\\/\\\/www.organisator.ch\\\/\",\"name\":\"Organisator\",\"description\":\"Kompetent. Praxisnah. Der ORGANISATOR bereitet in 10 Ausgaben pro Jahr die wesentlichen Themen f\u00fcr F\u00fchrungskr\u00e4fte von KMU auf.\",\"publisher\":{\"@id\":\"https:\\\/\\\/www.organisator.ch\\\/#organization\"},\"potentialAction\":[{\"@type\":\"SearchAction\",\"target\":{\"@type\":\"EntryPoint\",\"urlTemplate\":\"https:\\\/\\\/www.organisator.ch\\\/?s={search_term_string}\"},\"query-input\":{\"@type\":\"PropertyValueSpecification\",\"valueRequired\":true,\"valueName\":\"search_term_string\"}}],\"inLanguage\":\"fr-FR\"},{\"@type\":\"Organization\",\"@id\":\"https:\\\/\\\/www.organisator.ch\\\/#organization\",\"name\":\"Organisator\",\"url\":\"https:\\\/\\\/www.organisator.ch\\\/\",\"logo\":{\"@type\":\"ImageObject\",\"inLanguage\":\"fr-FR\",\"@id\":\"https:\\\/\\\/www.organisator.ch\\\/#\\\/schema\\\/logo\\\/image\\\/\",\"url\":\"https:\\\/\\\/www.organisator.ch\\\/wp-content\\\/uploads\\\/2022\\\/01\\\/Logo_Organisator_Website.png\",\"contentUrl\":\"https:\\\/\\\/www.organisator.ch\\\/wp-content\\\/uploads\\\/2022\\\/01\\\/Logo_Organisator_Website.png\",\"width\":800,\"height\":77,\"caption\":\"Organisator\"},\"image\":{\"@id\":\"https:\\\/\\\/www.organisator.ch\\\/#\\\/schema\\\/logo\\\/image\\\/\"},\"sameAs\":[\"https:\\\/\\\/www.facebook.com\\\/OrganisatorFachmagazin\",\"https:\\\/\\\/www.linkedin.com\\\/showcase\\\/organisator-das-magazin-fr-kmu\",\"https:\\\/\\\/www.xing.com\\\/news\\\/pages\\\/organisator-ch-695\",\"https:\\\/\\\/www.youtube.com\\\/channel\\\/UCGP2Sq0iWaZwT3BdIAQFYpw\"]},{\"@type\":\"Person\",\"@id\":\"https:\\\/\\\/www.organisator.ch\\\/#\\\/schema\\\/person\\\/134708ca9321c57b0362cceb7948ffbd\",\"name\":\"michael.merz\",\"image\":{\"@type\":\"ImageObject\",\"inLanguage\":\"fr-FR\",\"@id\":\"https:\\\/\\\/secure.gravatar.com\\\/avatar\\\/?s=96&d=mm&r=g\",\"url\":\"https:\\\/\\\/secure.gravatar.com\\\/avatar\\\/?s=96&d=mm&r=g\",\"contentUrl\":\"https:\\\/\\\/secure.gravatar.com\\\/avatar\\\/?s=96&d=mm&r=g\",\"caption\":\"michael.merz\"},\"url\":\"https:\\\/\\\/www.organisator.ch\\\/fr\\\/author\\\/michael-merz\\\/\"}]}<\/script>\n<!-- \/ Yoast SEO plugin. -->","yoast_head_json":{"title":"L'Universit\u00e9 de B\u00e2le se fixe des objectifs de durabilit\u00e9 - Organisateur","description":"L'Universit\u00e9 de B\u00e2le a mis en place un plan de mesures pour atteindre des objectifs concrets de durabilit\u00e9. Elle veut notamment r\u00e9duire sa consommation d'\u00e9nergie.","robots":{"index":"index","follow":"follow","max-snippet":"max-snippet:-1","max-image-preview":"max-image-preview:large","max-video-preview":"max-video-preview:-1"},"canonical":"https:\/\/www.organisator.ch\/fr\/sustainability\/2019-11-05\/universitaet-basel-setzt-sich-nachhaltigkeitsziele\/","og_locale":"fr_FR","og_type":"article","og_title":"Universit\u00e4t Basel setzt sich Nachhaltigkeitsziele - Organisator","og_description":"Die Universit\u00e4t Basel hat einen Massnahmenplan f\u00fcr konkrete Nachhaltigkeitsziele aufgestellt. Unter anderem will sie ihren Energieverbrauch senken.","og_url":"https:\/\/www.organisator.ch\/fr\/sustainability\/2019-11-05\/universitaet-basel-setzt-sich-nachhaltigkeitsziele\/","og_site_name":"Organisator","article_publisher":"https:\/\/www.facebook.com\/OrganisatorFachmagazin","article_published_time":"2019-11-05T14:16:26+00:00","article_modified_time":"2022-02-09T10:06:51+00:00","og_image":[{"width":750,"height":500,"url":"https:\/\/www.organisator.ch\/wp-content\/uploads\/2019\/11\/Universitaet_Basel.jpg","type":"image\/jpeg"}],"author":"michael.merz","twitter_card":"summary_large_image","schema":{"@context":"https:\/\/schema.org","@graph":[{"@type":"Article","@id":"https:\/\/www.organisator.ch\/sustainability\/2019-11-05\/universitaet-basel-setzt-sich-nachhaltigkeitsziele\/#article","isPartOf":{"@id":"https:\/\/www.organisator.ch\/sustainability\/2019-11-05\/universitaet-basel-setzt-sich-nachhaltigkeitsziele\/"},"author":{"name":"michael.merz","@id":"https:\/\/www.organisator.ch\/#\/schema\/person\/134708ca9321c57b0362cceb7948ffbd"},"headline":"Universit\u00e4t Basel setzt sich Nachhaltigkeitsziele","datePublished":"2019-11-05T14:16:26+00:00","dateModified":"2022-02-09T10:06:51+00:00","mainEntityOfPage":{"@id":"https:\/\/www.organisator.ch\/sustainability\/2019-11-05\/universitaet-basel-setzt-sich-nachhaltigkeitsziele\/"},"wordCount":249,"commentCount":0,"publisher":{"@id":"https:\/\/www.organisator.ch\/#organization"},"image":{"@id":"https:\/\/www.organisator.ch\/sustainability\/2019-11-05\/universitaet-basel-setzt-sich-nachhaltigkeitsziele\/#primaryimage"},"thumbnailUrl":"https:\/\/www.organisator.ch\/wp-content\/uploads\/2019\/11\/Universitaet_Basel.jpg","keywords":["Energieverbrauch","Nachhaltigkeitsziele","Universit\u00e4t","Universit\u00e4t Basel"],"articleSection":["SUSTAINABILITY"],"inLanguage":"fr-FR"},{"@type":"WebPage","@id":"https:\/\/www.organisator.ch\/sustainability\/2019-11-05\/universitaet-basel-setzt-sich-nachhaltigkeitsziele\/","url":"https:\/\/www.organisator.ch\/sustainability\/2019-11-05\/universitaet-basel-setzt-sich-nachhaltigkeitsziele\/","name":"L'Universit\u00e9 de B\u00e2le se fixe des objectifs de durabilit\u00e9 - Organisateur","isPartOf":{"@id":"https:\/\/www.organisator.ch\/#website"},"primaryImageOfPage":{"@id":"https:\/\/www.organisator.ch\/sustainability\/2019-11-05\/universitaet-basel-setzt-sich-nachhaltigkeitsziele\/#primaryimage"},"image":{"@id":"https:\/\/www.organisator.ch\/sustainability\/2019-11-05\/universitaet-basel-setzt-sich-nachhaltigkeitsziele\/#primaryimage"},"thumbnailUrl":"https:\/\/www.organisator.ch\/wp-content\/uploads\/2019\/11\/Universitaet_Basel.jpg","datePublished":"2019-11-05T14:16:26+00:00","dateModified":"2022-02-09T10:06:51+00:00","description":"L'Universit\u00e9 de B\u00e2le a mis en place un plan de mesures pour atteindre des objectifs concrets de durabilit\u00e9. Elle veut notamment r\u00e9duire sa consommation d'\u00e9nergie.","breadcrumb":{"@id":"https:\/\/www.organisator.ch\/sustainability\/2019-11-05\/universitaet-basel-setzt-sich-nachhaltigkeitsziele\/#breadcrumb"},"inLanguage":"fr-FR","potentialAction":[{"@type":"ReadAction","target":["https:\/\/www.organisator.ch\/sustainability\/2019-11-05\/universitaet-basel-setzt-sich-nachhaltigkeitsziele\/"]}]},{"@type":"ImageObject","inLanguage":"fr-FR","@id":"https:\/\/www.organisator.ch\/sustainability\/2019-11-05\/universitaet-basel-setzt-sich-nachhaltigkeitsziele\/#primaryimage","url":"https:\/\/www.organisator.ch\/wp-content\/uploads\/2019\/11\/Universitaet_Basel.jpg","contentUrl":"https:\/\/www.organisator.ch\/wp-content\/uploads\/2019\/11\/Universitaet_Basel.jpg","width":750,"height":500,"caption":"Die Universit\u00e4t Basel wird \u00fcber flache Hierarchien und schlanke F\u00fchrungsgremien mit ausreichender Entscheidungskompetenz gesteuert. (Bild: zVg)"},{"@type":"BreadcrumbList","@id":"https:\/\/www.organisator.ch\/sustainability\/2019-11-05\/universitaet-basel-setzt-sich-nachhaltigkeitsziele\/#breadcrumb","itemListElement":[{"@type":"ListItem","position":1,"name":"Home","item":"https:\/\/www.organisator.ch\/"},{"@type":"ListItem","position":2,"name":"Universit\u00e4t Basel setzt sich Nachhaltigkeitsziele"}]},{"@type":"WebSite","@id":"https:\/\/www.organisator.ch\/#website","url":"https:\/\/www.organisator.ch\/","name":"Organisateur","description":"Comp\u00e9tence et comp\u00e9tence. Proches de la pratique. L'ORGANISATEUR pr\u00e9pare 10 num\u00e9ros par an sur les th\u00e8mes essentiels pour les dirigeants de PME.","publisher":{"@id":"https:\/\/www.organisator.ch\/#organization"},"potentialAction":[{"@type":"SearchAction","target":{"@type":"EntryPoint","urlTemplate":"https:\/\/www.organisator.ch\/?s={search_term_string}"},"query-input":{"@type":"PropertyValueSpecification","valueRequired":true,"valueName":"search_term_string"}}],"inLanguage":"fr-FR"},{"@type":"Organization","@id":"https:\/\/www.organisator.ch\/#organization","name":"Organisateur","url":"https:\/\/www.organisator.ch\/","logo":{"@type":"ImageObject","inLanguage":"fr-FR","@id":"https:\/\/www.organisator.ch\/#\/schema\/logo\/image\/","url":"https:\/\/www.organisator.ch\/wp-content\/uploads\/2022\/01\/Logo_Organisator_Website.png","contentUrl":"https:\/\/www.organisator.ch\/wp-content\/uploads\/2022\/01\/Logo_Organisator_Website.png","width":800,"height":77,"caption":"Organisator"},"image":{"@id":"https:\/\/www.organisator.ch\/#\/schema\/logo\/image\/"},"sameAs":["https:\/\/www.facebook.com\/OrganisatorFachmagazin","https:\/\/www.linkedin.com\/showcase\/organisator-das-magazin-fr-kmu","https:\/\/www.xing.com\/news\/pages\/organisator-ch-695","https:\/\/www.youtube.com\/channel\/UCGP2Sq0iWaZwT3BdIAQFYpw"]},{"@type":"Person","@id":"https:\/\/www.organisator.ch\/#\/schema\/person\/134708ca9321c57b0362cceb7948ffbd","name":"michael.merz","image":{"@type":"ImageObject","inLanguage":"fr-FR","@id":"https:\/\/secure.gravatar.com\/avatar\/?s=96&d=mm&r=g","url":"https:\/\/secure.gravatar.com\/avatar\/?s=96&d=mm&r=g","contentUrl":"https:\/\/secure.gravatar.com\/avatar\/?s=96&d=mm&r=g","caption":"michael.merz"},"url":"https:\/\/www.organisator.ch\/fr\/author\/michael-merz\/"}]}},"_links":{"self":[{"href":"https:\/\/www.organisator.ch\/fr\/wp-json\/wp\/v2\/posts\/10127","targetHints":{"allow":["GET"]}}],"collection":[{"href":"https:\/\/www.organisator.ch\/fr\/wp-json\/wp\/v2\/posts"}],"about":[{"href":"https:\/\/www.organisator.ch\/fr\/wp-json\/wp\/v2\/types\/post"}],"author":[{"embeddable":true,"href":"https:\/\/www.organisator.ch\/fr\/wp-json\/wp\/v2\/users\/5"}],"replies":[{"embeddable":true,"href":"https:\/\/www.organisator.ch\/fr\/wp-json\/wp\/v2\/comments?post=10127"}],"version-history":[{"count":1,"href":"https:\/\/www.organisator.ch\/fr\/wp-json\/wp\/v2\/posts\/10127\/revisions"}],"predecessor-version":[{"id":10691,"href":"https:\/\/www.organisator.ch\/fr\/wp-json\/wp\/v2\/posts\/10127\/revisions\/10691"}],"wp:featuredmedia":[{"embeddable":true,"href":"https:\/\/www.organisator.ch\/fr\/wp-json\/wp\/v2\/media\/9650"}],"wp:attachment":[{"href":"https:\/\/www.organisator.ch\/fr\/wp-json\/wp\/v2\/media?parent=10127"}],"wp:term":[{"taxonomy":"category","embeddable":true,"href":"https:\/\/www.organisator.ch\/fr\/wp-json\/wp\/v2\/categories?post=10127"},{"taxonomy":"post_tag","embeddable":true,"href":"https:\/\/www.organisator.ch\/fr\/wp-json\/wp\/v2\/tags?post=10127"}],"curies":[{"name":"wp","href":"https:\/\/api.w.org\/{rel}","templated":true}]}}