{"id":10130,"date":"2019-11-12T10:22:55","date_gmt":"2019-11-12T09:22:55","guid":{"rendered":"https:\/\/www.umweltperspektiven.ch\/?p=2612"},"modified":"2022-02-09T11:10:51","modified_gmt":"2022-02-09T10:10:51","slug":"ohne-bakterien-und-pilze-saehe-es-auf-der-erde-aus-wie-auf-dem-mars","status":"publish","type":"post","link":"https:\/\/www.organisator.ch\/fr\/sustainability\/2019-11-12\/ohne-bakterien-und-pilze-saehe-es-auf-der-erde-aus-wie-auf-dem-mars\/","title":{"rendered":"\"Sans les bact\u00e9ries et les champignons, la Terre ressemblerait \u00e0 Mars\"."},"content":{"rendered":"<figure id=\"attachment_2613\" aria-describedby=\"caption-attachment-2613\" style=\"width: 680px\" class=\"wp-caption alignnone\"><img loading=\"lazy\" decoding=\"async\" class=\"size-medium wp-image-2613\" src=\"\/\/www.umweltperspektiven.ch\/wp-content\/uploads\/2019\/11\/Pilze.jpg\" alt=\"\" width=\"680\" height=\"510\" \/><figcaption id=\"caption-attachment-2613\" class=\"wp-caption-text\">Jusqu'\u00e0 ce que les herbes et les plantes aromatiques puissent pousser, les bact\u00e9ries et les champignons occupent chaque endroit plusieurs fois. (Image : agroscope)<\/figcaption><\/figure>\n<p>L'\u00e9tude approfondie sur les \"bact\u00e9ries et les champignons\" dans nos sols a r\u00e9cemment \u00e9t\u00e9 publi\u00e9e dans la prestigieuse revue scientifique \"Nature Communications\". La conclusion : plus la communaut\u00e9 microbienne est riche en esp\u00e8ces, plus les fonctions de l'\u00e9cosyst\u00e8me restent intactes - ce qui a des r\u00e9percussions positives sur l'agriculture.<\/p>\n<p>\"C'est probablement la premi\u00e8re \u00e9tude qui montre que les bact\u00e9ries et les champignons de nos sols sont organis\u00e9s en d'immenses r\u00e9seaux et que ces r\u00e9seaux remplissent des fonctions tr\u00e8s importantes\", explique Marcel van der Heijden, agro\u00e9cologiste \u00e0 Agroscope et \u00e0 l'Universit\u00e9 de Zurich. \"Plus le r\u00e9seau est entrelac\u00e9, plus nos sols peuvent \u00eatre utiles \u00e0 l'agriculture\".<\/p>\n<p>La conclusion est la suivante : plus il y avait d'esp\u00e8ces de bact\u00e9ries et de champignons dans les sols exp\u00e9rimentaux, plus les plantes ont absorb\u00e9 de nutriments et plus d'esp\u00e8ces v\u00e9g\u00e9tales ont pu pousser. En revanche, si les sols ne contenaient que quelques micro-organismes, voire aucun, seules les herbes poussaient et beaucoup moins de nutriments \u00e9taient absorb\u00e9s.<\/p>\n<p>Mais d'autres fonctions importantes du sol sont \u00e9galement perdues s'il y a trop peu d'esp\u00e8ces de bact\u00e9ries et de champignons : par exemple l'efficacit\u00e9 des nutriments, la d\u00e9composition des mati\u00e8res v\u00e9g\u00e9tales mortes ou le stockage du carbone de l'atmosph\u00e8re. \"Sans bact\u00e9ries et sans champignons, la Terre ressemblerait \u00e0 Mars\", r\u00e9sume Cameron Wagg, premier auteur de l'\u00e9tude.<\/p>\n<p><b>Comme une usine g\u00e9ante<\/b><\/p>\n<p>Les nombreuses esp\u00e8ces de champignons et de bact\u00e9ries travaillent ensemble comme dans une usine g\u00e9ante. L'une est responsable de la \"r\u00e9ception des marchandises\", une autre du \"stockage\", une autre de \"l'\u00e9quipement des tapis roulants\", une autre de la \"soudure\" et une autre du \"nettoyage du hall\". Ce n'est que lorsque tous les postes sont occup\u00e9s que l'on obtient quelque chose d'utile\", explique van der Heijden. \"Moins l'\"usine\" a d'\"employ\u00e9s\", moins elle peut \u00eatre performante\".<\/p>\n<p>Les esp\u00e8ces de bact\u00e9ries et de champignons occupent m\u00eame chaque emplacement plusieurs fois. \"L'avantage est le suivant : si une esp\u00e8ce dispara\u00eet, la suivante peut tout simplement prendre le relais\", explique van der Heijden. Cela permet aux sols de fonctionner m\u00eame en cas de p\u00e9riodes de chaleur prolong\u00e9es, de stress d\u00fb \u00e0 la s\u00e9cheresse ou d'autres influences environnementales.<\/p>\n<p><b>Plus les esp\u00e8ces sont nombreuses, plus les fonctions du sol sont importantes<\/b><\/p>\n<p>Pour cette \u00e9tude, les chercheurs ont r\u00e9duit progressivement la diversit\u00e9 des esp\u00e8ces dans des \u00e9chantillons de sol. Ils ont ainsi pu mesurer la quantit\u00e9 de protoxyde d'azote produite par les diff\u00e9rents sols et la perte d'azote pr\u00e9cieux qui en r\u00e9sulte. Ils ont \u00e9galement cherch\u00e9 \u00e0 savoir si les r\u00e9seaux microbiens du sol influen\u00e7aient le lessivage d'\u00e9l\u00e9ments nutritifs importants comme l'azote et les phosphates. Ensuite, on a proc\u00e9d\u00e9 \u00e0 une \"analyse syst\u00e9mique\" et analys\u00e9 plusieurs fonctions \u00e0 la fois (\"multifonctionnalit\u00e9\").<\/p>\n<p>Les r\u00e9sultats ont montr\u00e9 que plus la communaut\u00e9 microbienne d'un sol \u00e9tait complexe et riche en esp\u00e8ces, plus les fonctions de l'\u00e9cosyst\u00e8me restaient intactes - ce qui a des r\u00e9percussions positives sur l'agriculture et l'environnement.<\/p>\n<p><b>Sept jusqu'\u00e0 ce qu'il ne reste plus rien<\/b><\/p>\n<p>Pour cette \u00e9tude, les chercheurs ont utilis\u00e9 des \u00e9chantillons de sol d'un champ zurichois. Pour r\u00e9duire progressivement la biodiversit\u00e9 d'un sol, ils ont utilis\u00e9 une s\u00e9rie de tamis de plus en plus fins. Ainsi, certains \u00e9chantillons pr\u00e9sentaient toute la diversit\u00e9 des bact\u00e9ries et des champignons, tandis que d'autres n'en avaient que tr\u00e8s peu, voire pas du tout. Ensuite, les sp\u00e9cialistes ont m\u00e9lang\u00e9 les \u00e9chantillons de sol (inoculum) avec de la terre st\u00e9rilis\u00e9e dans des chambres herm\u00e9tiquement ferm\u00e9es, dans lesquelles ils ont sem\u00e9 un m\u00e9lange d'herbe, de tr\u00e8fle et d'herbes. Les chambres ont permis de d\u00e9tecter les \u00e9changes gazeux.<\/p>\n<p><em>Liens compl\u00e9mentaires :\u00a0<\/em><\/p>\n<p><a href=\"\/\/www.nature.com\/ncomms\/\">Article dans Nature Communications<\/a><\/p>\n<p><a class=\"icon icon--after icon--external\" title=\"\" href=\"\/\/www.agroscope.admin.ch\/agroscope\/de\/home.html\" target=\"_blank\" rel=\"noopener\">www.agroscope.admin.ch\u00a0<\/a><\/p>\n<p>&nbsp;<\/p>\n<p>&nbsp;<\/p>","protected":false},"excerpt":{"rendered":"<p>Die profunde Studie \u00fcber &#8222;Bakterien und Pilze&#8220; in unseren B\u00f6den sind k\u00fcrzlich in der renommierten Fachzeitschrift \u00abNature Communications\u00bb erschienen. Das Fazit: Je artenreicher die mikrobielle Gemeinschaft ist, desto mehr \u00d6kosystem-Funktionen bleiben intakt \u2013 was sich positiv auf die Landwirtschaft auswirkt. \u00abEs ist vermutlich die erste Studie, die zeigt, dass Bakterien und Pilze in unseren B\u00f6den [&hellip;]<\/p>\n","protected":false},"author":5,"featured_media":9654,"comment_status":"open","ping_status":"open","sticky":false,"template":"","format":"standard","meta":{"_acf_changed":false,"_yoast_wpseo_focuskw":"Bakterien und Pilze","_yoast_wpseo_metadesc":"Tausende von Bakterien und Pilzen arbeiten zusammen wie die wie R\u00e4der eines Uhrwerks, um einen gesunden Boden zu erhalten und Pflanzenwuchs zu f\u00f6rdern.","articlekey":"","footnotes":""},"categories":[580],"tags":[681,767,1021,1795,1912],"class_list":["post-10130","post","type-post","status-publish","format-standard","has-post-thumbnail","hentry","category-sustainability","tag-agraroekologie","tag-bakterien","tag-effizienz","tag-naehrstoffe","tag-pilze"],"acf":[],"yoast_head":"<!-- This site is optimized with the Yoast SEO plugin v27.5 - https:\/\/yoast.com\/product\/yoast-seo-wordpress\/ -->\n<title>\u00abOhne Bakterien und Pilze s\u00e4he es auf der Erde aus wie auf dem Mars\u00bb - Organisator<\/title>\n<meta name=\"description\" content=\"Tausende von Bakterien und Pilzen arbeiten zusammen wie die wie R\u00e4der eines Uhrwerks, um einen gesunden Boden zu erhalten und Pflanzenwuchs zu f\u00f6rdern.\" \/>\n<meta name=\"robots\" content=\"index, follow, max-snippet:-1, max-image-preview:large, max-video-preview:-1\" \/>\n<link rel=\"canonical\" href=\"https:\/\/www.organisator.ch\/fr\/sustainability\/2019-11-12\/ohne-bakterien-und-pilze-saehe-es-auf-der-erde-aus-wie-auf-dem-mars\/\" \/>\n<meta property=\"og:locale\" content=\"fr_FR\" \/>\n<meta property=\"og:type\" content=\"article\" \/>\n<meta property=\"og:title\" content=\"\u00abOhne Bakterien und Pilze s\u00e4he es auf der Erde aus wie auf dem Mars\u00bb - Organisator\" \/>\n<meta property=\"og:description\" content=\"Tausende von Bakterien und Pilzen arbeiten zusammen wie die wie R\u00e4der eines Uhrwerks, um einen gesunden Boden zu erhalten und Pflanzenwuchs zu f\u00f6rdern.\" \/>\n<meta property=\"og:url\" content=\"https:\/\/www.organisator.ch\/fr\/sustainability\/2019-11-12\/ohne-bakterien-und-pilze-saehe-es-auf-der-erde-aus-wie-auf-dem-mars\/\" \/>\n<meta property=\"og:site_name\" content=\"Organisator\" \/>\n<meta property=\"article:publisher\" content=\"https:\/\/www.facebook.com\/OrganisatorFachmagazin\" \/>\n<meta property=\"article:published_time\" content=\"2019-11-12T09:22:55+00:00\" \/>\n<meta property=\"article:modified_time\" content=\"2022-02-09T10:10:51+00:00\" \/>\n<meta property=\"og:image\" content=\"https:\/\/www.organisator.ch\/wp-content\/uploads\/2019\/11\/Pilze-scaled.jpg\" \/>\n\t<meta property=\"og:image:width\" content=\"2560\" \/>\n\t<meta property=\"og:image:height\" content=\"1920\" \/>\n\t<meta property=\"og:image:type\" content=\"image\/jpeg\" \/>\n<meta name=\"author\" content=\"michael.merz\" \/>\n<meta name=\"twitter:card\" content=\"summary_large_image\" \/>\n<script type=\"application\/ld+json\" class=\"yoast-schema-graph\">{\"@context\":\"https:\\\/\\\/schema.org\",\"@graph\":[{\"@type\":\"Article\",\"@id\":\"https:\\\/\\\/www.organisator.ch\\\/sustainability\\\/2019-11-12\\\/ohne-bakterien-und-pilze-saehe-es-auf-der-erde-aus-wie-auf-dem-mars\\\/#article\",\"isPartOf\":{\"@id\":\"https:\\\/\\\/www.organisator.ch\\\/sustainability\\\/2019-11-12\\\/ohne-bakterien-und-pilze-saehe-es-auf-der-erde-aus-wie-auf-dem-mars\\\/\"},\"author\":{\"name\":\"michael.merz\",\"@id\":\"https:\\\/\\\/www.organisator.ch\\\/#\\\/schema\\\/person\\\/134708ca9321c57b0362cceb7948ffbd\"},\"headline\":\"\u00abOhne Bakterien und Pilze s\u00e4he es auf der Erde aus wie auf dem Mars\u00bb\",\"datePublished\":\"2019-11-12T09:22:55+00:00\",\"dateModified\":\"2022-02-09T10:10:51+00:00\",\"mainEntityOfPage\":{\"@id\":\"https:\\\/\\\/www.organisator.ch\\\/sustainability\\\/2019-11-12\\\/ohne-bakterien-und-pilze-saehe-es-auf-der-erde-aus-wie-auf-dem-mars\\\/\"},\"wordCount\":575,\"commentCount\":0,\"publisher\":{\"@id\":\"https:\\\/\\\/www.organisator.ch\\\/#organization\"},\"image\":{\"@id\":\"https:\\\/\\\/www.organisator.ch\\\/sustainability\\\/2019-11-12\\\/ohne-bakterien-und-pilze-saehe-es-auf-der-erde-aus-wie-auf-dem-mars\\\/#primaryimage\"},\"thumbnailUrl\":\"https:\\\/\\\/www.organisator.ch\\\/wp-content\\\/uploads\\\/2019\\\/11\\\/Pilze-scaled.jpg\",\"keywords\":[\"Agrar\u00f6kologie\",\"Bakterien\",\"Effizienz\",\"N\u00e4hrstoffe\",\"Pilze\"],\"articleSection\":[\"SUSTAINABILITY\"],\"inLanguage\":\"fr-FR\"},{\"@type\":\"WebPage\",\"@id\":\"https:\\\/\\\/www.organisator.ch\\\/sustainability\\\/2019-11-12\\\/ohne-bakterien-und-pilze-saehe-es-auf-der-erde-aus-wie-auf-dem-mars\\\/\",\"url\":\"https:\\\/\\\/www.organisator.ch\\\/sustainability\\\/2019-11-12\\\/ohne-bakterien-und-pilze-saehe-es-auf-der-erde-aus-wie-auf-dem-mars\\\/\",\"name\":\"\u00abOhne Bakterien und Pilze s\u00e4he es auf der Erde aus wie auf dem Mars\u00bb - Organisator\",\"isPartOf\":{\"@id\":\"https:\\\/\\\/www.organisator.ch\\\/#website\"},\"primaryImageOfPage\":{\"@id\":\"https:\\\/\\\/www.organisator.ch\\\/sustainability\\\/2019-11-12\\\/ohne-bakterien-und-pilze-saehe-es-auf-der-erde-aus-wie-auf-dem-mars\\\/#primaryimage\"},\"image\":{\"@id\":\"https:\\\/\\\/www.organisator.ch\\\/sustainability\\\/2019-11-12\\\/ohne-bakterien-und-pilze-saehe-es-auf-der-erde-aus-wie-auf-dem-mars\\\/#primaryimage\"},\"thumbnailUrl\":\"https:\\\/\\\/www.organisator.ch\\\/wp-content\\\/uploads\\\/2019\\\/11\\\/Pilze-scaled.jpg\",\"datePublished\":\"2019-11-12T09:22:55+00:00\",\"dateModified\":\"2022-02-09T10:10:51+00:00\",\"description\":\"Tausende von Bakterien und Pilzen arbeiten zusammen wie die wie R\u00e4der eines Uhrwerks, um einen gesunden Boden zu erhalten und Pflanzenwuchs zu f\u00f6rdern.\",\"breadcrumb\":{\"@id\":\"https:\\\/\\\/www.organisator.ch\\\/sustainability\\\/2019-11-12\\\/ohne-bakterien-und-pilze-saehe-es-auf-der-erde-aus-wie-auf-dem-mars\\\/#breadcrumb\"},\"inLanguage\":\"fr-FR\",\"potentialAction\":[{\"@type\":\"ReadAction\",\"target\":[\"https:\\\/\\\/www.organisator.ch\\\/sustainability\\\/2019-11-12\\\/ohne-bakterien-und-pilze-saehe-es-auf-der-erde-aus-wie-auf-dem-mars\\\/\"]}]},{\"@type\":\"ImageObject\",\"inLanguage\":\"fr-FR\",\"@id\":\"https:\\\/\\\/www.organisator.ch\\\/sustainability\\\/2019-11-12\\\/ohne-bakterien-und-pilze-saehe-es-auf-der-erde-aus-wie-auf-dem-mars\\\/#primaryimage\",\"url\":\"https:\\\/\\\/www.organisator.ch\\\/wp-content\\\/uploads\\\/2019\\\/11\\\/Pilze-scaled.jpg\",\"contentUrl\":\"https:\\\/\\\/www.organisator.ch\\\/wp-content\\\/uploads\\\/2019\\\/11\\\/Pilze-scaled.jpg\",\"width\":2560,\"height\":1920,\"caption\":\"Bis Kr\u00e4uter gedeihen k\u00f6nnen, besetzen die Bakterien- und Pilzarten jede Stelle gleich mehrmals. (Bild: agroscope)\"},{\"@type\":\"BreadcrumbList\",\"@id\":\"https:\\\/\\\/www.organisator.ch\\\/sustainability\\\/2019-11-12\\\/ohne-bakterien-und-pilze-saehe-es-auf-der-erde-aus-wie-auf-dem-mars\\\/#breadcrumb\",\"itemListElement\":[{\"@type\":\"ListItem\",\"position\":1,\"name\":\"Home\",\"item\":\"https:\\\/\\\/www.organisator.ch\\\/\"},{\"@type\":\"ListItem\",\"position\":2,\"name\":\"\u00abOhne Bakterien und Pilze s\u00e4he es auf der Erde aus wie auf dem Mars\u00bb\"}]},{\"@type\":\"WebSite\",\"@id\":\"https:\\\/\\\/www.organisator.ch\\\/#website\",\"url\":\"https:\\\/\\\/www.organisator.ch\\\/\",\"name\":\"Organisator\",\"description\":\"Kompetent. Praxisnah. Der ORGANISATOR bereitet in 10 Ausgaben pro Jahr die wesentlichen Themen f\u00fcr F\u00fchrungskr\u00e4fte von KMU auf.\",\"publisher\":{\"@id\":\"https:\\\/\\\/www.organisator.ch\\\/#organization\"},\"potentialAction\":[{\"@type\":\"SearchAction\",\"target\":{\"@type\":\"EntryPoint\",\"urlTemplate\":\"https:\\\/\\\/www.organisator.ch\\\/?s={search_term_string}\"},\"query-input\":{\"@type\":\"PropertyValueSpecification\",\"valueRequired\":true,\"valueName\":\"search_term_string\"}}],\"inLanguage\":\"fr-FR\"},{\"@type\":\"Organization\",\"@id\":\"https:\\\/\\\/www.organisator.ch\\\/#organization\",\"name\":\"Organisator\",\"url\":\"https:\\\/\\\/www.organisator.ch\\\/\",\"logo\":{\"@type\":\"ImageObject\",\"inLanguage\":\"fr-FR\",\"@id\":\"https:\\\/\\\/www.organisator.ch\\\/#\\\/schema\\\/logo\\\/image\\\/\",\"url\":\"https:\\\/\\\/www.organisator.ch\\\/wp-content\\\/uploads\\\/2022\\\/01\\\/Logo_Organisator_Website.png\",\"contentUrl\":\"https:\\\/\\\/www.organisator.ch\\\/wp-content\\\/uploads\\\/2022\\\/01\\\/Logo_Organisator_Website.png\",\"width\":800,\"height\":77,\"caption\":\"Organisator\"},\"image\":{\"@id\":\"https:\\\/\\\/www.organisator.ch\\\/#\\\/schema\\\/logo\\\/image\\\/\"},\"sameAs\":[\"https:\\\/\\\/www.facebook.com\\\/OrganisatorFachmagazin\",\"https:\\\/\\\/www.linkedin.com\\\/showcase\\\/organisator-das-magazin-fr-kmu\",\"https:\\\/\\\/www.xing.com\\\/news\\\/pages\\\/organisator-ch-695\",\"https:\\\/\\\/www.youtube.com\\\/channel\\\/UCGP2Sq0iWaZwT3BdIAQFYpw\"]},{\"@type\":\"Person\",\"@id\":\"https:\\\/\\\/www.organisator.ch\\\/#\\\/schema\\\/person\\\/134708ca9321c57b0362cceb7948ffbd\",\"name\":\"michael.merz\",\"image\":{\"@type\":\"ImageObject\",\"inLanguage\":\"fr-FR\",\"@id\":\"https:\\\/\\\/secure.gravatar.com\\\/avatar\\\/?s=96&d=mm&r=g\",\"url\":\"https:\\\/\\\/secure.gravatar.com\\\/avatar\\\/?s=96&d=mm&r=g\",\"contentUrl\":\"https:\\\/\\\/secure.gravatar.com\\\/avatar\\\/?s=96&d=mm&r=g\",\"caption\":\"michael.merz\"},\"url\":\"https:\\\/\\\/www.organisator.ch\\\/fr\\\/author\\\/michael-merz\\\/\"}]}<\/script>\n<!-- \/ Yoast SEO plugin. -->","yoast_head_json":{"title":"\"Sans les bact\u00e9ries et les champignons, la Terre ressemblerait \u00e0 Mars\" - Organisateur","description":"Des milliers de bact\u00e9ries et de champignons travaillent ensemble, comme les rouages d'une horloge, pour maintenir un sol sain et favoriser la croissance des plantes.","robots":{"index":"index","follow":"follow","max-snippet":"max-snippet:-1","max-image-preview":"max-image-preview:large","max-video-preview":"max-video-preview:-1"},"canonical":"https:\/\/www.organisator.ch\/fr\/sustainability\/2019-11-12\/ohne-bakterien-und-pilze-saehe-es-auf-der-erde-aus-wie-auf-dem-mars\/","og_locale":"fr_FR","og_type":"article","og_title":"\u00abOhne Bakterien und Pilze s\u00e4he es auf der Erde aus wie auf dem Mars\u00bb - Organisator","og_description":"Tausende von Bakterien und Pilzen arbeiten zusammen wie die wie R\u00e4der eines Uhrwerks, um einen gesunden Boden zu erhalten und Pflanzenwuchs zu f\u00f6rdern.","og_url":"https:\/\/www.organisator.ch\/fr\/sustainability\/2019-11-12\/ohne-bakterien-und-pilze-saehe-es-auf-der-erde-aus-wie-auf-dem-mars\/","og_site_name":"Organisator","article_publisher":"https:\/\/www.facebook.com\/OrganisatorFachmagazin","article_published_time":"2019-11-12T09:22:55+00:00","article_modified_time":"2022-02-09T10:10:51+00:00","og_image":[{"width":2560,"height":1920,"url":"https:\/\/www.organisator.ch\/wp-content\/uploads\/2019\/11\/Pilze-scaled.jpg","type":"image\/jpeg"}],"author":"michael.merz","twitter_card":"summary_large_image","schema":{"@context":"https:\/\/schema.org","@graph":[{"@type":"Article","@id":"https:\/\/www.organisator.ch\/sustainability\/2019-11-12\/ohne-bakterien-und-pilze-saehe-es-auf-der-erde-aus-wie-auf-dem-mars\/#article","isPartOf":{"@id":"https:\/\/www.organisator.ch\/sustainability\/2019-11-12\/ohne-bakterien-und-pilze-saehe-es-auf-der-erde-aus-wie-auf-dem-mars\/"},"author":{"name":"michael.merz","@id":"https:\/\/www.organisator.ch\/#\/schema\/person\/134708ca9321c57b0362cceb7948ffbd"},"headline":"\u00abOhne Bakterien und Pilze s\u00e4he es auf der Erde aus wie auf dem Mars\u00bb","datePublished":"2019-11-12T09:22:55+00:00","dateModified":"2022-02-09T10:10:51+00:00","mainEntityOfPage":{"@id":"https:\/\/www.organisator.ch\/sustainability\/2019-11-12\/ohne-bakterien-und-pilze-saehe-es-auf-der-erde-aus-wie-auf-dem-mars\/"},"wordCount":575,"commentCount":0,"publisher":{"@id":"https:\/\/www.organisator.ch\/#organization"},"image":{"@id":"https:\/\/www.organisator.ch\/sustainability\/2019-11-12\/ohne-bakterien-und-pilze-saehe-es-auf-der-erde-aus-wie-auf-dem-mars\/#primaryimage"},"thumbnailUrl":"https:\/\/www.organisator.ch\/wp-content\/uploads\/2019\/11\/Pilze-scaled.jpg","keywords":["Agrar\u00f6kologie","Bakterien","Effizienz","N\u00e4hrstoffe","Pilze"],"articleSection":["SUSTAINABILITY"],"inLanguage":"fr-FR"},{"@type":"WebPage","@id":"https:\/\/www.organisator.ch\/sustainability\/2019-11-12\/ohne-bakterien-und-pilze-saehe-es-auf-der-erde-aus-wie-auf-dem-mars\/","url":"https:\/\/www.organisator.ch\/sustainability\/2019-11-12\/ohne-bakterien-und-pilze-saehe-es-auf-der-erde-aus-wie-auf-dem-mars\/","name":"\"Sans les bact\u00e9ries et les champignons, la Terre ressemblerait \u00e0 Mars\" - Organisateur","isPartOf":{"@id":"https:\/\/www.organisator.ch\/#website"},"primaryImageOfPage":{"@id":"https:\/\/www.organisator.ch\/sustainability\/2019-11-12\/ohne-bakterien-und-pilze-saehe-es-auf-der-erde-aus-wie-auf-dem-mars\/#primaryimage"},"image":{"@id":"https:\/\/www.organisator.ch\/sustainability\/2019-11-12\/ohne-bakterien-und-pilze-saehe-es-auf-der-erde-aus-wie-auf-dem-mars\/#primaryimage"},"thumbnailUrl":"https:\/\/www.organisator.ch\/wp-content\/uploads\/2019\/11\/Pilze-scaled.jpg","datePublished":"2019-11-12T09:22:55+00:00","dateModified":"2022-02-09T10:10:51+00:00","description":"Des milliers de bact\u00e9ries et de champignons travaillent ensemble, comme les rouages d'une horloge, pour maintenir un sol sain et favoriser la croissance des plantes.","breadcrumb":{"@id":"https:\/\/www.organisator.ch\/sustainability\/2019-11-12\/ohne-bakterien-und-pilze-saehe-es-auf-der-erde-aus-wie-auf-dem-mars\/#breadcrumb"},"inLanguage":"fr-FR","potentialAction":[{"@type":"ReadAction","target":["https:\/\/www.organisator.ch\/sustainability\/2019-11-12\/ohne-bakterien-und-pilze-saehe-es-auf-der-erde-aus-wie-auf-dem-mars\/"]}]},{"@type":"ImageObject","inLanguage":"fr-FR","@id":"https:\/\/www.organisator.ch\/sustainability\/2019-11-12\/ohne-bakterien-und-pilze-saehe-es-auf-der-erde-aus-wie-auf-dem-mars\/#primaryimage","url":"https:\/\/www.organisator.ch\/wp-content\/uploads\/2019\/11\/Pilze-scaled.jpg","contentUrl":"https:\/\/www.organisator.ch\/wp-content\/uploads\/2019\/11\/Pilze-scaled.jpg","width":2560,"height":1920,"caption":"Bis Kr\u00e4uter gedeihen k\u00f6nnen, besetzen die Bakterien- und Pilzarten jede Stelle gleich mehrmals. (Bild: agroscope)"},{"@type":"BreadcrumbList","@id":"https:\/\/www.organisator.ch\/sustainability\/2019-11-12\/ohne-bakterien-und-pilze-saehe-es-auf-der-erde-aus-wie-auf-dem-mars\/#breadcrumb","itemListElement":[{"@type":"ListItem","position":1,"name":"Home","item":"https:\/\/www.organisator.ch\/"},{"@type":"ListItem","position":2,"name":"\u00abOhne Bakterien und Pilze s\u00e4he es auf der Erde aus wie auf dem Mars\u00bb"}]},{"@type":"WebSite","@id":"https:\/\/www.organisator.ch\/#website","url":"https:\/\/www.organisator.ch\/","name":"Organisateur","description":"Comp\u00e9tence et comp\u00e9tence. Proches de la pratique. L'ORGANISATEUR pr\u00e9pare 10 num\u00e9ros par an sur les th\u00e8mes essentiels pour les dirigeants de PME.","publisher":{"@id":"https:\/\/www.organisator.ch\/#organization"},"potentialAction":[{"@type":"SearchAction","target":{"@type":"EntryPoint","urlTemplate":"https:\/\/www.organisator.ch\/?s={search_term_string}"},"query-input":{"@type":"PropertyValueSpecification","valueRequired":true,"valueName":"search_term_string"}}],"inLanguage":"fr-FR"},{"@type":"Organization","@id":"https:\/\/www.organisator.ch\/#organization","name":"Organisateur","url":"https:\/\/www.organisator.ch\/","logo":{"@type":"ImageObject","inLanguage":"fr-FR","@id":"https:\/\/www.organisator.ch\/#\/schema\/logo\/image\/","url":"https:\/\/www.organisator.ch\/wp-content\/uploads\/2022\/01\/Logo_Organisator_Website.png","contentUrl":"https:\/\/www.organisator.ch\/wp-content\/uploads\/2022\/01\/Logo_Organisator_Website.png","width":800,"height":77,"caption":"Organisator"},"image":{"@id":"https:\/\/www.organisator.ch\/#\/schema\/logo\/image\/"},"sameAs":["https:\/\/www.facebook.com\/OrganisatorFachmagazin","https:\/\/www.linkedin.com\/showcase\/organisator-das-magazin-fr-kmu","https:\/\/www.xing.com\/news\/pages\/organisator-ch-695","https:\/\/www.youtube.com\/channel\/UCGP2Sq0iWaZwT3BdIAQFYpw"]},{"@type":"Person","@id":"https:\/\/www.organisator.ch\/#\/schema\/person\/134708ca9321c57b0362cceb7948ffbd","name":"michael.merz","image":{"@type":"ImageObject","inLanguage":"fr-FR","@id":"https:\/\/secure.gravatar.com\/avatar\/?s=96&d=mm&r=g","url":"https:\/\/secure.gravatar.com\/avatar\/?s=96&d=mm&r=g","contentUrl":"https:\/\/secure.gravatar.com\/avatar\/?s=96&d=mm&r=g","caption":"michael.merz"},"url":"https:\/\/www.organisator.ch\/fr\/author\/michael-merz\/"}]}},"_links":{"self":[{"href":"https:\/\/www.organisator.ch\/fr\/wp-json\/wp\/v2\/posts\/10130","targetHints":{"allow":["GET"]}}],"collection":[{"href":"https:\/\/www.organisator.ch\/fr\/wp-json\/wp\/v2\/posts"}],"about":[{"href":"https:\/\/www.organisator.ch\/fr\/wp-json\/wp\/v2\/types\/post"}],"author":[{"embeddable":true,"href":"https:\/\/www.organisator.ch\/fr\/wp-json\/wp\/v2\/users\/5"}],"replies":[{"embeddable":true,"href":"https:\/\/www.organisator.ch\/fr\/wp-json\/wp\/v2\/comments?post=10130"}],"version-history":[{"count":1,"href":"https:\/\/www.organisator.ch\/fr\/wp-json\/wp\/v2\/posts\/10130\/revisions"}],"predecessor-version":[{"id":11007,"href":"https:\/\/www.organisator.ch\/fr\/wp-json\/wp\/v2\/posts\/10130\/revisions\/11007"}],"wp:featuredmedia":[{"embeddable":true,"href":"https:\/\/www.organisator.ch\/fr\/wp-json\/wp\/v2\/media\/9654"}],"wp:attachment":[{"href":"https:\/\/www.organisator.ch\/fr\/wp-json\/wp\/v2\/media?parent=10130"}],"wp:term":[{"taxonomy":"category","embeddable":true,"href":"https:\/\/www.organisator.ch\/fr\/wp-json\/wp\/v2\/categories?post=10130"},{"taxonomy":"post_tag","embeddable":true,"href":"https:\/\/www.organisator.ch\/fr\/wp-json\/wp\/v2\/tags?post=10130"}],"curies":[{"name":"wp","href":"https:\/\/api.w.org\/{rel}","templated":true}]}}