{"id":10131,"date":"2019-11-12T11:21:48","date_gmt":"2019-11-12T10:21:48","guid":{"rendered":"https:\/\/www.umweltperspektiven.ch\/?p=2615"},"modified":"2022-02-09T11:10:02","modified_gmt":"2022-02-09T10:10:02","slug":"was-wir-von-greta-thunberg-lernen-koennen","status":"publish","type":"post","link":"https:\/\/www.organisator.ch\/fr\/sustainability\/2019-11-12\/was-wir-von-greta-thunberg-lernen-koennen\/","title":{"rendered":"Ce que nous pouvons apprendre de Greta Thunberg"},"content":{"rendered":"<figure id=\"attachment_2617\" aria-describedby=\"caption-attachment-2617\" style=\"width: 680px\" class=\"wp-caption alignnone\"><img loading=\"lazy\" decoding=\"async\" class=\"size-medium wp-image-2617\" src=\"\/\/www.umweltperspektiven.ch\/wp-content\/uploads\/2019\/11\/Greta-Thunberg-Analyse-UP-Umwelt-Perspektiven-.jpg\" alt=\"\" width=\"680\" height=\"453\" \/><figcaption id=\"caption-attachment-2617\" class=\"wp-caption-text\">S'engager pour une bonne cause ne se fait pas seul, mais on peut le faire sans \u00e9co-narcissisme. (Image symbolique : Unsplash)<\/figcaption><\/figure>\n<p>Greta - cinq lettres, deux syllabes, un pr\u00e9nom suffisent pour que des millions de personnes sachent de qui et de quoi il s'agit. Et l'instant d'apr\u00e8s, vous avez probablement d\u00e9j\u00e0 d\u00e9velopp\u00e9 une \u00e9motion \u00e0 l'\u00e9gard de la jeune femme aux deux tresses et au regard s\u00e9rieux. Il ne reste plus aux agences de publicit\u00e9 les plus professionnelles que l'eau des yeux de la jalousie.<\/p>\n<p>Un testimonial qui n'est ni au casting, ni grassement pay\u00e9, ni dot\u00e9 d'un \"bonus c\u00e9l\u00e9brit\u00e9\" li\u00e9 \u00e0 une vie ant\u00e9rieure d\u00e9color\u00e9e. 16 ans, marqu\u00e9 par la maladie, rh\u00e9toriquement moyen et m\u00eame sans r\u00e9seau de relations digne de ce nom, qui pourrait fournir une cl\u00e9 pour presque toutes les portes.<\/p>\n<p>C'est une raison suffisante pour r\u00e9fl\u00e9chir \u00e0 l'impact communicatif de Greta Thunberg. Il ne s'agit pas ici d'analyser ou d'appr\u00e9cier le contenu de son travail, ni de consid\u00e9rer ses id\u00e9es, mais de se demander ce que nous pouvons apprendre d'elle.<\/p>\n<p>Le fait est qu'il existe de nombreuses opinions sur Greta et que certaines d'entre elles ont probablement d\u00e9j\u00e0 atteint votre niveau de conscience. On peut entendre les uns et les autres : \"C'est une h\u00e9ro\u00efne, enfin quelqu'un qui nous r\u00e9veille\" et \"je suis tout \u00e0 fait d'accord avec elle\". D'autres voix s'\u00e9l\u00e8vent pour dire qu'\"elle irait mieux \u00e0 l'\u00e9cole\". En plus de ces d\u00e9clarations g\u00e9n\u00e9ralement teint\u00e9es d'id\u00e9ologie et align\u00e9es sur leur propre syst\u00e8me de valeurs, il y a aussi les irr\u00e9ductibles f\u00e9tichistes de la r\u00e9alit\u00e9 qui disent : \"Elle a peut-\u00eatre raison, mais elle ne peut encore rien faire de r\u00e9el pour am\u00e9liorer le climat\". Non, elle ne peut vraiment pas. Greta n'est pas aux manettes du pouvoir.<\/p>\n<p><strong>Sur les arguments en g\u00e9n\u00e9ral\u00a0<\/strong><br \/>\nLa situation est tr\u00e8s similaire \u00e0 celle des maux de dents : si vous en avez, vous ne pouvez pas les r\u00e9parer vous-m\u00eame. Pour cela, vous avez besoin d'un dentiste, qui est clairement mieux plac\u00e9 pour r\u00e9parer les caries, et qui a en outre les connaissances et les appareils ad\u00e9quats \u00e0 port\u00e9e de main. Mais vous devez lui dire que vous avez mal aux dents. Le mieux est de lui expliquer tr\u00e8s pr\u00e9cis\u00e9ment o\u00f9 vous avez mal et depuis combien de temps. Et vous finirez par comprendre que vous devriez manger moins de chocolat \u00e0 l'avenir pour \u00e9viter d'autres cons\u00e9quences d\u00e9sastreuses de ce genre, y compris des douleurs.<\/p>\n<p>Le climat a peut-\u00eatre aussi mal aux dents. Mais tout le monde ne peut (ou ne veut ?) pas comprendre le langage de la nature - du moins pas ceux qui sont en fait les sp\u00e9cialistes politiques, manipulation comprise. Pour cela, il faut une voix.<\/p>\n<p><strong>Conclusion 1 : Greta donne une voix \u00e0 un probl\u00e8me<\/strong><br \/>\nQue ce soit lors des manifestations de Friday for Future ou sur les bulletins de vote, lors de colloques et de congr\u00e8s ou tout simplement pendant une discussion avec son voisin : Greta Thunberg est pr\u00e9sente, dans l'esprit de beaucoup et m\u00eame dans le c\u0153ur d'autres. C'est une jeune personnalit\u00e9 qui, en quelques mois, a d\u00e9finitivement fait bouger le monde.<\/p>\n<p>Ce n'est pas comme si le mouvement climatique \u00e9tait nouveau. Mais il lui manquait jusqu'\u00e0 pr\u00e9sent un visage. Et sans visages, il est aujourd'hui presque impossible de transmettre une histoire, une vision, une id\u00e9e. Greta Thunberg sert la dynamique m\u00e9diatique et tout ce qui a \"Greta\" dans son titre est cliqu\u00e9 et lik\u00e9. M\u00eame si, en termes de contenu, les commentaires divergent : Greta exploite le principe de l'influenceur et s'adresse \u00e0 de grands groupes de personnes.<\/p>\n<p><strong>Conclusion 2 : Greta donne un visage \u00e0 un mouvement<\/strong><br \/>\nAu fond, la contradiction ne pourrait pas \u00eatre plus flagrante : Greta Thunberg souffre du syndrome d'Asperger. Cela implique des restrictions dans l'interaction sociale et la communication. Que fait-elle ? Elle se m\u00eale aux personnes suppos\u00e9es importantes et communique, parle, s'articule de mani\u00e8re imperturbable. Elle fait \u00e0 peu pr\u00e8s ce que tout coach un tant soit peu professionnel et tout conseiller d'orientation professionnelle d\u00e9conseillerait. C'est bien connu :<\/p>\n<p>Les joueurs de basket-ball sont grands, les sauteurs \u00e0 ski sont l\u00e9gers et les orateurs sont \u00e9loquents. Et pourtant, l'histoire nous apprend qu'il peut en \u00eatre autrement. C'est le cas de Greta. Elle nous montre ce qu'il faut : une volont\u00e9 indomptable, une motivation int\u00e9rieure, une v\u00e9ritable mission et le fait d'\u00eatre anim\u00e9 par une id\u00e9e. Elle rayonne d'une incroyable pers\u00e9v\u00e9rance.<\/p>\n<p>Elle aurait en effet mille et une raisons de ne pas faire ou d'abandonner ce qu'elle fait. L'amalgame de restrictions physiques, d'hostilit\u00e9s et de querelles internes suffirait \u00e0 trouver une excuse appropri\u00e9e. Mais au lieu de cela, elle s'obstine et se concentre sur ses objectifs.<\/p>\n<p><strong>Conclusion 3 : Greta a de la pers\u00e9v\u00e9rance<\/strong><br \/>\nC'est un secret de polichinelle : tout dans les mises en sc\u00e8ne m\u00e9diatiques ne repose pas sur les propres id\u00e9es de Greta. Elle a des conseillers et \u00e9coute ceux qui s'y connaissent mieux qu'elle dans certains domaines. De nombreux chefs se vantent de ne pas \u00e9couter les conseillers parce qu'ils le savent suffisamment bien eux-m\u00eames. Nous leur conseillons vivement de le faire : Quand on a mal aux dents (voir ci-dessus), on va chez le dentiste, car c'est le sp\u00e9cialiste.<br \/>\nLes bons conseillers sont de bons interlocuteurs et une source d'inspiration. La plupart des experts apportent un regard d'h\u00e9licopt\u00e8re sans \u0153ill\u00e8res. Le choix est important et tout l'art consiste \u00e0 \u00e9carter les conseillers moins s\u00e9rieux, les \"je-sais-tout\" et tous ceux qui n'ont aucune id\u00e9e de la pratique, et \u00e0 impliquer les vrais sp\u00e9cialistes.<\/p>\n<p>Les personnes exer\u00e7ant les professions les plus diverses savent \u00e9galement travailler avec de bons conseillers ou coachs, \u00e9couter attentivement et reprendre ce qui est utile en termes d'informations ou r\u00e9aliser des changements.<\/p>\n<p><strong>Conclusion 4 : Greta se laisse aider<\/strong><br \/>\nLes personnes de l'entourage de Greta sont unanimes : l'\u00e9l\u00e8ve est intrins\u00e8quement motiv\u00e9e. Elle agit donc en fonction d'une forte motivation int\u00e9rieure. Greta Thunberg, 16 ans, peut \u00eatre une source d'inspiration pour r\u00e9fl\u00e9chir \u00e0 sa propre motivation, par exemple en ce qui concerne le travail ou la vie priv\u00e9e.<\/p>\n<p><strong>Conclusion 5 : Greta agit par motivation intrins\u00e8que<\/strong><br \/>\nN\u00e9anmoins, il vaut la peine de faire quelques distinctions. Greta ne peut et ne doit pas \u00eatre copi\u00e9e ni \u00e9lev\u00e9e au rang de sainte. Sous de nombreux aspects, elle est un v\u00e9ritable mod\u00e8le. Mais il y a aussi des sujets qui incitent \u00e0 la prudence.<\/p>\n<p>Ces jours-ci, les diff\u00e9rences culturelles entre l'Europe et les \u00c9tats-Unis sont une fois de plus mises en \u00e9vidence. Chez nous, Greta polarise, mais elle est per\u00e7ue et d\u00e9clenche des d\u00e9bats de tous les c\u00f4t\u00e9s possibles. Qui dit Greta, dit quelque chose en rapport avec le changement climatique. En revanche, ce n'est pas le cas en Am\u00e9rique. Une connaissance des \u00c9tats-Unis m'a r\u00e9cemment racont\u00e9 que Greta Thunberg ne fait gu\u00e8re la une des journaux l\u00e0-bas.<\/p>\n<p>Il en va tout autrement d'une ancienne assistante du pr\u00e9sident, qui fait partie de l'illustre cohorte d'ex-collaborateurs de Donald Trump. Elle s'est confi\u00e9e \u00e0 un journaliste sur les enfants Trump, adultes et soi-disant mal \u00e9lev\u00e9s. Bienvenue dans les m\u00e9dias, ce genre de choses est pr\u00e9sent et a une port\u00e9e correspondante. Aux Etats-Unis, si vous demandez \"Connaissez-vous Greta Thunberg ?\", on vous r\u00e9pond \"No - who is this ?\".<\/p>\n<p>Si vous ajoutez \u00e0 cela quelque chose comme \"elle se bat pour le climat\", vous obtiendrez peut-\u00eatre une r\u00e9ponse du genre \"Ah, alors elle conduit aussi des Tesla ?<\/p>\n<p>Dans le cadre d'une analyse de la communication, il s'agit toujours de l'aspect selon lequel la communication doit \u00eatre adapt\u00e9e au destinataire. Actuellement, je ne sais pas si ce que Greta Thunberg fait en Europe fonctionne aussi en Am\u00e9rique. Sans aucun jugement de valeur : Sur le vieux continent, la protection de l'environnement et du climat est plus id\u00e9ologique, plus proche de son propre syst\u00e8me de valeurs et de son comportement personnel. Dans le monde d'outre-Atlantique, les discussions d\u00e9bouchent tr\u00e8s vite sur un d\u00e9bat technique - ce qui n'est ni mieux ni pire. Apr\u00e8s tout, les catalyseurs \u00e9taient autrefois obligatoires aux \u00c9tats-Unis, quelques ann\u00e9es avant l'Europe.<\/p>\n<p><strong>Conclusion 6 : Greta est efficace - la question est de savoir o\u00f9 et comment<\/strong><br \/>\nIl n'est pas certain, par exemple, que la travers\u00e9e de l'Atlantique en bateau de Greta ait \u00e9t\u00e9 une man\u0153uvre intelligente. Une campagne \u00e0 l'origine bien intentionn\u00e9e a litt\u00e9ralement d\u00e9rap\u00e9 par moments gr\u00e2ce \u00e0 l'exploitation m\u00e9diatique. La discussion a commenc\u00e9 par une demande justifi\u00e9e de savoir d'o\u00f9 venaient leurs accompagnateurs et s'ils arrivaient et repartaient en avion. Les m\u00e9dias ont soudain sp\u00e9cul\u00e9 sur la pr\u00e9sence ou non de toilettes sur le yacht, ce qui a eu pour effet secondaire de rel\u00e9guer \u00e0 l'arri\u00e8re-plan le v\u00e9ritable motif de ce voyage.<\/p>\n<p>Et un journaliste fait r\u00e9guli\u00e8rement le calcul que ce qu'elle fait en ce moment n\u00e9cessite peut-\u00eatre plus de CO2 que si elle ne l'avait pas fait. Dans ce contexte, il aurait peut-\u00eatre \u00e9t\u00e9 plus intelligent de prendre un avion de ligne avec son p\u00e8re, de ne pas faire de vagues et de se concentrer sur la pr\u00e9sentation et les messages \u00e0 l'Assembl\u00e9e g\u00e9n\u00e9rale de l'ONU.<\/p>\n<p>Quand on voit combien de fois Greta Thunberg fait aujourd'hui la couverture de magazines, on ne peut que constater : Il n'est pas rare que les titres et les m\u00e9dias n'aient absolument rien \u00e0 voir avec leurs objectifs. L'id\u00e9e initiale, \u00e0 savoir donner un visage \u00e0 l'histoire, s'est retrouv\u00e9e, \u00e0 force de surench\u00e8re m\u00e9diatique, l\u00e0 o\u00f9 il ne s'agit plus que du visage et non de la chose. Combien de fois s'agit-il de la pure mise en sc\u00e8ne et non plus des faits ou de la mission proprement dits ? Est-ce que quelqu'un veut surtout briller sous les projecteurs ? Les intentions, souvent nobles, passent-elles ainsi \u00e0 l'arri\u00e8re-plan ? Cela peut arriver, mais c'est alors tout sauf opportun.<\/p>\n<p>S'il ne s'agit plus que de marketing pur, l'objectif est perdant. C'est la m\u00eame chose pour une personne publique que pour une entreprise. Dans les grandes entreprises notamment, il y a assez souvent des managers qui n'ont qu'un seul objectif : se retrouver un \u00e9chelon plus haut lors de la prochaine r\u00e9organisation, lorsque les cartes seront redistribu\u00e9es. Cela n'a rien \u00e0 voir avec un engagement pour le bien de l'entreprise, c'est du commerce pour son propre compte. Et cela n'est pas bon pour Greta - ni pour aucun patron.<\/p>\n<p><strong>Conclusion 7 : Greta doit faire attention \u00e0 ne pas perdre la mesure<\/strong><br \/>\nLoin du regard critique : Celui qui le souhaite peut apprendre quelque chose de chaque personne - et de Greta Thunberg encore un peu plus. Pour conclure l'apprentissage positif \u00e0 partir de sa personne, il faut ajouter un aspect d\u00e9cisif apr\u00e8s les aspects cit\u00e9s : elle fait ! Du savoir-faire au savoir-\u00eatre ! Elle ne se contente pas de parler intelligemment, elle prend effectivement sur elle beaucoup d'inconv\u00e9nients. Elle se montre, fait des discours, est sur place, attise les conflits et tente de les r\u00e9soudre.<\/p>\n<p>Il y a beaucoup \u00e0 dire sur leurs activit\u00e9s - et dans tout cela, leurs actions restent les plus importantes. Une chose doit \u00eatre claire pour nous : Greta Thunberg ne sauvera pas le climat. Mais elle montre qu'il est possible de s'int\u00e9resser \u00e0 son propre sujet. Chacun peut s'en souvenir lorsqu'il se retrouve \u00e0 nouveau dans la boucle du \"il faudrait le faire\".<\/p>\n<p>D'ailleurs : regardez encore une fois le nom de tr\u00e8s pr\u00e8s, les diff\u00e9rentes lettres G-R-E-T-A laissent beaucoup de place \u00e0 l'interpr\u00e9tation. Ce n'est pas pour rien qu'un petit r\u00e9arrangement permet de cr\u00e9er le mot GREAT - et c'est ce \u00e0 quoi l'Am\u00e9rique aspire actuellement...<\/p>\n<p><a href=\"\/\/stefan-haeseli.com\/\">www.stefan-haeseli.com<\/a><\/p>","protected":false},"excerpt":{"rendered":"<p>Greta &#8211; f\u00fcnf Buchstaben, zwei Silben, ein Vorname gen\u00fcgen und Millionen von Menschen wissen, wer und was gemeint ist. Und im n\u00e4chsten Augenblick haben Sie dazu vermutlich auch schon eine Emotion entwickelt, gegen\u00fcber der jungen Frau mit den zwei Z\u00f6pfen und dem ernsten Blick. Da bleibt eingespurten und professionellsten Werbeagenturen nur noch das Augenwasser des [&hellip;]<\/p>\n","protected":false},"author":5,"featured_media":9655,"comment_status":"open","ping_status":"open","sticky":false,"template":"","format":"standard","meta":{"_acf_changed":false,"_yoast_wpseo_focuskw":"Greta Thunberg","_yoast_wpseo_metadesc":"Greta Thunberg: Sie wird von manchen als heilige Prophetin bezeichnet, von anderen als Hype-Ikone. Eine Rhetorik-Analyse.","articlekey":"","footnotes":""},"categories":[580],"tags":[705,183,2016,2302],"class_list":["post-10131","post","type-post","status-publish","format-standard","has-post-thumbnail","hentry","category-sustainability","tag-analyse","tag-ethik","tag-rhetorik","tag-thunberg"],"acf":[],"yoast_head":"<!-- This site is optimized with the Yoast SEO plugin v27.5 - https:\/\/yoast.com\/product\/yoast-seo-wordpress\/ -->\n<title>Was wir von Greta Thunberg lernen k\u00f6nnen - Organisator<\/title>\n<meta name=\"description\" content=\"Greta Thunberg: Sie wird von manchen als heilige Prophetin bezeichnet, von anderen als Hype-Ikone. Eine Rhetorik-Analyse.\" \/>\n<meta name=\"robots\" content=\"index, follow, max-snippet:-1, max-image-preview:large, max-video-preview:-1\" \/>\n<link rel=\"canonical\" href=\"https:\/\/www.organisator.ch\/fr\/sustainability\/2019-11-12\/was-wir-von-greta-thunberg-lernen-koennen\/\" \/>\n<meta property=\"og:locale\" content=\"fr_FR\" \/>\n<meta property=\"og:type\" content=\"article\" \/>\n<meta property=\"og:title\" content=\"Was wir von Greta Thunberg lernen k\u00f6nnen - Organisator\" \/>\n<meta property=\"og:description\" content=\"Greta Thunberg: Sie wird von manchen als heilige Prophetin bezeichnet, von anderen als Hype-Ikone. Eine Rhetorik-Analyse.\" \/>\n<meta property=\"og:url\" content=\"https:\/\/www.organisator.ch\/fr\/sustainability\/2019-11-12\/was-wir-von-greta-thunberg-lernen-koennen\/\" \/>\n<meta property=\"og:site_name\" content=\"Organisator\" \/>\n<meta property=\"article:publisher\" content=\"https:\/\/www.facebook.com\/OrganisatorFachmagazin\" \/>\n<meta property=\"article:published_time\" content=\"2019-11-12T10:21:48+00:00\" \/>\n<meta property=\"article:modified_time\" content=\"2022-02-09T10:10:02+00:00\" \/>\n<meta property=\"og:image\" content=\"https:\/\/www.organisator.ch\/wp-content\/uploads\/2019\/11\/Greta-Thunberg-Analyse-UP-Umwelt-Perspektiven--1024x682.jpg\" \/>\n\t<meta property=\"og:image:width\" content=\"1024\" \/>\n\t<meta property=\"og:image:height\" content=\"682\" \/>\n\t<meta property=\"og:image:type\" content=\"image\/jpeg\" \/>\n<meta name=\"author\" content=\"michael.merz\" \/>\n<meta name=\"twitter:card\" content=\"summary_large_image\" \/>\n<script type=\"application\/ld+json\" class=\"yoast-schema-graph\">{\"@context\":\"https:\\\/\\\/schema.org\",\"@graph\":[{\"@type\":\"Article\",\"@id\":\"https:\\\/\\\/www.organisator.ch\\\/sustainability\\\/2019-11-12\\\/was-wir-von-greta-thunberg-lernen-koennen\\\/#article\",\"isPartOf\":{\"@id\":\"https:\\\/\\\/www.organisator.ch\\\/sustainability\\\/2019-11-12\\\/was-wir-von-greta-thunberg-lernen-koennen\\\/\"},\"author\":{\"name\":\"michael.merz\",\"@id\":\"https:\\\/\\\/www.organisator.ch\\\/#\\\/schema\\\/person\\\/134708ca9321c57b0362cceb7948ffbd\"},\"headline\":\"Was wir von Greta Thunberg lernen k\u00f6nnen\",\"datePublished\":\"2019-11-12T10:21:48+00:00\",\"dateModified\":\"2022-02-09T10:10:02+00:00\",\"mainEntityOfPage\":{\"@id\":\"https:\\\/\\\/www.organisator.ch\\\/sustainability\\\/2019-11-12\\\/was-wir-von-greta-thunberg-lernen-koennen\\\/\"},\"wordCount\":1811,\"commentCount\":0,\"publisher\":{\"@id\":\"https:\\\/\\\/www.organisator.ch\\\/#organization\"},\"image\":{\"@id\":\"https:\\\/\\\/www.organisator.ch\\\/sustainability\\\/2019-11-12\\\/was-wir-von-greta-thunberg-lernen-koennen\\\/#primaryimage\"},\"thumbnailUrl\":\"https:\\\/\\\/www.organisator.ch\\\/wp-content\\\/uploads\\\/2019\\\/11\\\/Greta-Thunberg-Analyse-UP-Umwelt-Perspektiven-.jpg\",\"keywords\":[\"Analyse\",\"Ethik\",\"Rhetorik\",\"Thunberg\"],\"articleSection\":[\"SUSTAINABILITY\"],\"inLanguage\":\"fr-FR\"},{\"@type\":\"WebPage\",\"@id\":\"https:\\\/\\\/www.organisator.ch\\\/sustainability\\\/2019-11-12\\\/was-wir-von-greta-thunberg-lernen-koennen\\\/\",\"url\":\"https:\\\/\\\/www.organisator.ch\\\/sustainability\\\/2019-11-12\\\/was-wir-von-greta-thunberg-lernen-koennen\\\/\",\"name\":\"Was wir von Greta Thunberg lernen k\u00f6nnen - Organisator\",\"isPartOf\":{\"@id\":\"https:\\\/\\\/www.organisator.ch\\\/#website\"},\"primaryImageOfPage\":{\"@id\":\"https:\\\/\\\/www.organisator.ch\\\/sustainability\\\/2019-11-12\\\/was-wir-von-greta-thunberg-lernen-koennen\\\/#primaryimage\"},\"image\":{\"@id\":\"https:\\\/\\\/www.organisator.ch\\\/sustainability\\\/2019-11-12\\\/was-wir-von-greta-thunberg-lernen-koennen\\\/#primaryimage\"},\"thumbnailUrl\":\"https:\\\/\\\/www.organisator.ch\\\/wp-content\\\/uploads\\\/2019\\\/11\\\/Greta-Thunberg-Analyse-UP-Umwelt-Perspektiven-.jpg\",\"datePublished\":\"2019-11-12T10:21:48+00:00\",\"dateModified\":\"2022-02-09T10:10:02+00:00\",\"description\":\"Greta Thunberg: Sie wird von manchen als heilige Prophetin bezeichnet, von anderen als Hype-Ikone. Eine Rhetorik-Analyse.\",\"breadcrumb\":{\"@id\":\"https:\\\/\\\/www.organisator.ch\\\/sustainability\\\/2019-11-12\\\/was-wir-von-greta-thunberg-lernen-koennen\\\/#breadcrumb\"},\"inLanguage\":\"fr-FR\",\"potentialAction\":[{\"@type\":\"ReadAction\",\"target\":[\"https:\\\/\\\/www.organisator.ch\\\/sustainability\\\/2019-11-12\\\/was-wir-von-greta-thunberg-lernen-koennen\\\/\"]}]},{\"@type\":\"ImageObject\",\"inLanguage\":\"fr-FR\",\"@id\":\"https:\\\/\\\/www.organisator.ch\\\/sustainability\\\/2019-11-12\\\/was-wir-von-greta-thunberg-lernen-koennen\\\/#primaryimage\",\"url\":\"https:\\\/\\\/www.organisator.ch\\\/wp-content\\\/uploads\\\/2019\\\/11\\\/Greta-Thunberg-Analyse-UP-Umwelt-Perspektiven-.jpg\",\"contentUrl\":\"https:\\\/\\\/www.organisator.ch\\\/wp-content\\\/uploads\\\/2019\\\/11\\\/Greta-Thunberg-Analyse-UP-Umwelt-Perspektiven-.jpg\",\"width\":1732,\"height\":1154,\"caption\":\"Sich f\u00fcr eine gute Sache einsetzen kann man nicht alleine, aber man kann es ohne Eco-Narzissmus. (Symbolbild: Unsplash)\"},{\"@type\":\"BreadcrumbList\",\"@id\":\"https:\\\/\\\/www.organisator.ch\\\/sustainability\\\/2019-11-12\\\/was-wir-von-greta-thunberg-lernen-koennen\\\/#breadcrumb\",\"itemListElement\":[{\"@type\":\"ListItem\",\"position\":1,\"name\":\"Home\",\"item\":\"https:\\\/\\\/www.organisator.ch\\\/\"},{\"@type\":\"ListItem\",\"position\":2,\"name\":\"Was wir von Greta Thunberg lernen k\u00f6nnen\"}]},{\"@type\":\"WebSite\",\"@id\":\"https:\\\/\\\/www.organisator.ch\\\/#website\",\"url\":\"https:\\\/\\\/www.organisator.ch\\\/\",\"name\":\"Organisator\",\"description\":\"Kompetent. Praxisnah. Der ORGANISATOR bereitet in 10 Ausgaben pro Jahr die wesentlichen Themen f\u00fcr F\u00fchrungskr\u00e4fte von KMU auf.\",\"publisher\":{\"@id\":\"https:\\\/\\\/www.organisator.ch\\\/#organization\"},\"potentialAction\":[{\"@type\":\"SearchAction\",\"target\":{\"@type\":\"EntryPoint\",\"urlTemplate\":\"https:\\\/\\\/www.organisator.ch\\\/?s={search_term_string}\"},\"query-input\":{\"@type\":\"PropertyValueSpecification\",\"valueRequired\":true,\"valueName\":\"search_term_string\"}}],\"inLanguage\":\"fr-FR\"},{\"@type\":\"Organization\",\"@id\":\"https:\\\/\\\/www.organisator.ch\\\/#organization\",\"name\":\"Organisator\",\"url\":\"https:\\\/\\\/www.organisator.ch\\\/\",\"logo\":{\"@type\":\"ImageObject\",\"inLanguage\":\"fr-FR\",\"@id\":\"https:\\\/\\\/www.organisator.ch\\\/#\\\/schema\\\/logo\\\/image\\\/\",\"url\":\"https:\\\/\\\/www.organisator.ch\\\/wp-content\\\/uploads\\\/2022\\\/01\\\/Logo_Organisator_Website.png\",\"contentUrl\":\"https:\\\/\\\/www.organisator.ch\\\/wp-content\\\/uploads\\\/2022\\\/01\\\/Logo_Organisator_Website.png\",\"width\":800,\"height\":77,\"caption\":\"Organisator\"},\"image\":{\"@id\":\"https:\\\/\\\/www.organisator.ch\\\/#\\\/schema\\\/logo\\\/image\\\/\"},\"sameAs\":[\"https:\\\/\\\/www.facebook.com\\\/OrganisatorFachmagazin\",\"https:\\\/\\\/www.linkedin.com\\\/showcase\\\/organisator-das-magazin-fr-kmu\",\"https:\\\/\\\/www.xing.com\\\/news\\\/pages\\\/organisator-ch-695\",\"https:\\\/\\\/www.youtube.com\\\/channel\\\/UCGP2Sq0iWaZwT3BdIAQFYpw\"]},{\"@type\":\"Person\",\"@id\":\"https:\\\/\\\/www.organisator.ch\\\/#\\\/schema\\\/person\\\/134708ca9321c57b0362cceb7948ffbd\",\"name\":\"michael.merz\",\"image\":{\"@type\":\"ImageObject\",\"inLanguage\":\"fr-FR\",\"@id\":\"https:\\\/\\\/secure.gravatar.com\\\/avatar\\\/?s=96&d=mm&r=g\",\"url\":\"https:\\\/\\\/secure.gravatar.com\\\/avatar\\\/?s=96&d=mm&r=g\",\"contentUrl\":\"https:\\\/\\\/secure.gravatar.com\\\/avatar\\\/?s=96&d=mm&r=g\",\"caption\":\"michael.merz\"},\"url\":\"https:\\\/\\\/www.organisator.ch\\\/fr\\\/author\\\/michael-merz\\\/\"}]}<\/script>\n<!-- \/ Yoast SEO plugin. -->","yoast_head_json":{"title":"Ce que nous pouvons apprendre de Greta Thunberg - Organisateur","description":"Greta Thunberg : certains la consid\u00e8rent comme une proph\u00e9tesse sacr\u00e9e, d'autres comme une ic\u00f4ne hype. Une analyse de la rh\u00e9torique.","robots":{"index":"index","follow":"follow","max-snippet":"max-snippet:-1","max-image-preview":"max-image-preview:large","max-video-preview":"max-video-preview:-1"},"canonical":"https:\/\/www.organisator.ch\/fr\/sustainability\/2019-11-12\/was-wir-von-greta-thunberg-lernen-koennen\/","og_locale":"fr_FR","og_type":"article","og_title":"Was wir von Greta Thunberg lernen k\u00f6nnen - Organisator","og_description":"Greta Thunberg: Sie wird von manchen als heilige Prophetin bezeichnet, von anderen als Hype-Ikone. Eine Rhetorik-Analyse.","og_url":"https:\/\/www.organisator.ch\/fr\/sustainability\/2019-11-12\/was-wir-von-greta-thunberg-lernen-koennen\/","og_site_name":"Organisator","article_publisher":"https:\/\/www.facebook.com\/OrganisatorFachmagazin","article_published_time":"2019-11-12T10:21:48+00:00","article_modified_time":"2022-02-09T10:10:02+00:00","og_image":[{"width":1024,"height":682,"url":"https:\/\/www.organisator.ch\/wp-content\/uploads\/2019\/11\/Greta-Thunberg-Analyse-UP-Umwelt-Perspektiven--1024x682.jpg","type":"image\/jpeg"}],"author":"michael.merz","twitter_card":"summary_large_image","schema":{"@context":"https:\/\/schema.org","@graph":[{"@type":"Article","@id":"https:\/\/www.organisator.ch\/sustainability\/2019-11-12\/was-wir-von-greta-thunberg-lernen-koennen\/#article","isPartOf":{"@id":"https:\/\/www.organisator.ch\/sustainability\/2019-11-12\/was-wir-von-greta-thunberg-lernen-koennen\/"},"author":{"name":"michael.merz","@id":"https:\/\/www.organisator.ch\/#\/schema\/person\/134708ca9321c57b0362cceb7948ffbd"},"headline":"Was wir von Greta Thunberg lernen k\u00f6nnen","datePublished":"2019-11-12T10:21:48+00:00","dateModified":"2022-02-09T10:10:02+00:00","mainEntityOfPage":{"@id":"https:\/\/www.organisator.ch\/sustainability\/2019-11-12\/was-wir-von-greta-thunberg-lernen-koennen\/"},"wordCount":1811,"commentCount":0,"publisher":{"@id":"https:\/\/www.organisator.ch\/#organization"},"image":{"@id":"https:\/\/www.organisator.ch\/sustainability\/2019-11-12\/was-wir-von-greta-thunberg-lernen-koennen\/#primaryimage"},"thumbnailUrl":"https:\/\/www.organisator.ch\/wp-content\/uploads\/2019\/11\/Greta-Thunberg-Analyse-UP-Umwelt-Perspektiven-.jpg","keywords":["Analyse","Ethik","Rhetorik","Thunberg"],"articleSection":["SUSTAINABILITY"],"inLanguage":"fr-FR"},{"@type":"WebPage","@id":"https:\/\/www.organisator.ch\/sustainability\/2019-11-12\/was-wir-von-greta-thunberg-lernen-koennen\/","url":"https:\/\/www.organisator.ch\/sustainability\/2019-11-12\/was-wir-von-greta-thunberg-lernen-koennen\/","name":"Ce que nous pouvons apprendre de Greta Thunberg - Organisateur","isPartOf":{"@id":"https:\/\/www.organisator.ch\/#website"},"primaryImageOfPage":{"@id":"https:\/\/www.organisator.ch\/sustainability\/2019-11-12\/was-wir-von-greta-thunberg-lernen-koennen\/#primaryimage"},"image":{"@id":"https:\/\/www.organisator.ch\/sustainability\/2019-11-12\/was-wir-von-greta-thunberg-lernen-koennen\/#primaryimage"},"thumbnailUrl":"https:\/\/www.organisator.ch\/wp-content\/uploads\/2019\/11\/Greta-Thunberg-Analyse-UP-Umwelt-Perspektiven-.jpg","datePublished":"2019-11-12T10:21:48+00:00","dateModified":"2022-02-09T10:10:02+00:00","description":"Greta Thunberg : certains la consid\u00e8rent comme une proph\u00e9tesse sacr\u00e9e, d'autres comme une ic\u00f4ne hype. Une analyse de la rh\u00e9torique.","breadcrumb":{"@id":"https:\/\/www.organisator.ch\/sustainability\/2019-11-12\/was-wir-von-greta-thunberg-lernen-koennen\/#breadcrumb"},"inLanguage":"fr-FR","potentialAction":[{"@type":"ReadAction","target":["https:\/\/www.organisator.ch\/sustainability\/2019-11-12\/was-wir-von-greta-thunberg-lernen-koennen\/"]}]},{"@type":"ImageObject","inLanguage":"fr-FR","@id":"https:\/\/www.organisator.ch\/sustainability\/2019-11-12\/was-wir-von-greta-thunberg-lernen-koennen\/#primaryimage","url":"https:\/\/www.organisator.ch\/wp-content\/uploads\/2019\/11\/Greta-Thunberg-Analyse-UP-Umwelt-Perspektiven-.jpg","contentUrl":"https:\/\/www.organisator.ch\/wp-content\/uploads\/2019\/11\/Greta-Thunberg-Analyse-UP-Umwelt-Perspektiven-.jpg","width":1732,"height":1154,"caption":"Sich f\u00fcr eine gute Sache einsetzen kann man nicht alleine, aber man kann es ohne Eco-Narzissmus. (Symbolbild: Unsplash)"},{"@type":"BreadcrumbList","@id":"https:\/\/www.organisator.ch\/sustainability\/2019-11-12\/was-wir-von-greta-thunberg-lernen-koennen\/#breadcrumb","itemListElement":[{"@type":"ListItem","position":1,"name":"Home","item":"https:\/\/www.organisator.ch\/"},{"@type":"ListItem","position":2,"name":"Was wir von Greta Thunberg lernen k\u00f6nnen"}]},{"@type":"WebSite","@id":"https:\/\/www.organisator.ch\/#website","url":"https:\/\/www.organisator.ch\/","name":"Organisateur","description":"Comp\u00e9tence et comp\u00e9tence. Proches de la pratique. L'ORGANISATEUR pr\u00e9pare 10 num\u00e9ros par an sur les th\u00e8mes essentiels pour les dirigeants de PME.","publisher":{"@id":"https:\/\/www.organisator.ch\/#organization"},"potentialAction":[{"@type":"SearchAction","target":{"@type":"EntryPoint","urlTemplate":"https:\/\/www.organisator.ch\/?s={search_term_string}"},"query-input":{"@type":"PropertyValueSpecification","valueRequired":true,"valueName":"search_term_string"}}],"inLanguage":"fr-FR"},{"@type":"Organization","@id":"https:\/\/www.organisator.ch\/#organization","name":"Organisateur","url":"https:\/\/www.organisator.ch\/","logo":{"@type":"ImageObject","inLanguage":"fr-FR","@id":"https:\/\/www.organisator.ch\/#\/schema\/logo\/image\/","url":"https:\/\/www.organisator.ch\/wp-content\/uploads\/2022\/01\/Logo_Organisator_Website.png","contentUrl":"https:\/\/www.organisator.ch\/wp-content\/uploads\/2022\/01\/Logo_Organisator_Website.png","width":800,"height":77,"caption":"Organisator"},"image":{"@id":"https:\/\/www.organisator.ch\/#\/schema\/logo\/image\/"},"sameAs":["https:\/\/www.facebook.com\/OrganisatorFachmagazin","https:\/\/www.linkedin.com\/showcase\/organisator-das-magazin-fr-kmu","https:\/\/www.xing.com\/news\/pages\/organisator-ch-695","https:\/\/www.youtube.com\/channel\/UCGP2Sq0iWaZwT3BdIAQFYpw"]},{"@type":"Person","@id":"https:\/\/www.organisator.ch\/#\/schema\/person\/134708ca9321c57b0362cceb7948ffbd","name":"michael.merz","image":{"@type":"ImageObject","inLanguage":"fr-FR","@id":"https:\/\/secure.gravatar.com\/avatar\/?s=96&d=mm&r=g","url":"https:\/\/secure.gravatar.com\/avatar\/?s=96&d=mm&r=g","contentUrl":"https:\/\/secure.gravatar.com\/avatar\/?s=96&d=mm&r=g","caption":"michael.merz"},"url":"https:\/\/www.organisator.ch\/fr\/author\/michael-merz\/"}]}},"_links":{"self":[{"href":"https:\/\/www.organisator.ch\/fr\/wp-json\/wp\/v2\/posts\/10131","targetHints":{"allow":["GET"]}}],"collection":[{"href":"https:\/\/www.organisator.ch\/fr\/wp-json\/wp\/v2\/posts"}],"about":[{"href":"https:\/\/www.organisator.ch\/fr\/wp-json\/wp\/v2\/types\/post"}],"author":[{"embeddable":true,"href":"https:\/\/www.organisator.ch\/fr\/wp-json\/wp\/v2\/users\/5"}],"replies":[{"embeddable":true,"href":"https:\/\/www.organisator.ch\/fr\/wp-json\/wp\/v2\/comments?post=10131"}],"version-history":[{"count":1,"href":"https:\/\/www.organisator.ch\/fr\/wp-json\/wp\/v2\/posts\/10131\/revisions"}],"predecessor-version":[{"id":10865,"href":"https:\/\/www.organisator.ch\/fr\/wp-json\/wp\/v2\/posts\/10131\/revisions\/10865"}],"wp:featuredmedia":[{"embeddable":true,"href":"https:\/\/www.organisator.ch\/fr\/wp-json\/wp\/v2\/media\/9655"}],"wp:attachment":[{"href":"https:\/\/www.organisator.ch\/fr\/wp-json\/wp\/v2\/media?parent=10131"}],"wp:term":[{"taxonomy":"category","embeddable":true,"href":"https:\/\/www.organisator.ch\/fr\/wp-json\/wp\/v2\/categories?post=10131"},{"taxonomy":"post_tag","embeddable":true,"href":"https:\/\/www.organisator.ch\/fr\/wp-json\/wp\/v2\/tags?post=10131"}],"curies":[{"name":"wp","href":"https:\/\/api.w.org\/{rel}","templated":true}]}}