{"id":10135,"date":"2019-11-27T17:27:01","date_gmt":"2019-11-27T16:27:01","guid":{"rendered":"https:\/\/www.umweltperspektiven.ch\/?p=2651"},"modified":"2022-02-09T11:06:15","modified_gmt":"2022-02-09T10:06:15","slug":"warum-oelheizungen-ersetzt-werden-muessen","status":"publish","type":"post","link":"https:\/\/www.organisator.ch\/fr\/sustainability\/2019-11-27\/warum-oelheizungen-ersetzt-werden-muessen\/","title":{"rendered":"Pourquoi les chauffages au mazout doivent \u00eatre remplac\u00e9s"},"content":{"rendered":"<p>&nbsp;<\/p>\n<figure id=\"attachment_2652\" aria-describedby=\"caption-attachment-2652\" style=\"width: 680px\" class=\"wp-caption alignnone\"><img loading=\"lazy\" decoding=\"async\" class=\"size-medium wp-image-2652\" src=\"\/\/www.umweltperspektiven.ch\/wp-content\/uploads\/2019\/11\/\u00d6lheizung-Warmwasser.jpg\" alt=\"\" width=\"680\" height=\"446\" \/><figcaption id=\"caption-attachment-2652\" class=\"wp-caption-text\">Les chauffages sont souvent plus polluants pour l'homme et l'environnement qu'on ne le souhaiterait. (Photo zVg)<\/figcaption><\/figure>\n<p>En avril 2019, l'Union P\u00e9troli\u00e8re (d\u00e9sormais Avenergy) a publi\u00e9 des annonces sous le titre \"La taxe sur le CO<sub>2<\/sub>-chauffage au mazout\".  Ce document donnait l'impression que les d\u00e9veloppements technologiques permettraient \u00e0 l'avenir d'exploiter les chauffages au mazout sans produire de grandes quantit\u00e9s de CO<sub>2<\/sub>\u00a0d'\u00eatre expuls\u00e9s.<\/p>\n<p>swisscleantech a port\u00e9 plainte contre cette annonce aupr\u00e8s de la Commission suisse pour la loyaut\u00e9. L'association \u00e9conomique reprochait \u00e0 l'Union P\u00e9troli\u00e8re de diffuser des informations trompeuses sur les chauffages au mazout (<a href=\"\/\/www.swisscleantech.ch\/files\/Beschwerde-swisscleantech-Erd%C3%B6lvereinigung-2019_06_26.pdf\">voici le texte complet de la plainte<\/a>).<\/p>\n<p><strong>La publicit\u00e9 peut presque tout faire<br \/>\n<\/strong>Entre-temps, la branche p\u00e9troli\u00e8re a adapt\u00e9 l'annonce et renonce entre autres au titre que swisscleantech avait contest\u00e9. Malgr\u00e9 la clart\u00e9 des donn\u00e9es, la Commission pour la loyaut\u00e9 a rejet\u00e9 la plainte. Elle justifie son jugement par le fait que les d\u00e9clarations de l'annonce se r\u00e9f\u00e8rent \u00e0 l'avenir et que \"des opinions diff\u00e9rentes peuvent naturellement exister sur des faits all\u00e9gu\u00e9s pour l'avenir en tant que pr\u00e9dictions non prouvables\".<\/p>\n<p>Pour swisscleantech, ce jugement montre que la publicit\u00e9 dispose d'une tr\u00e8s grande marge de man\u0153uvre et qu'elle peut m\u00eame faire miroiter des choses qui, selon les connaissances disponibles aujourd'hui, ne se r\u00e9aliseront pas de cette mani\u00e8re.<\/p>\n<p>C'est ce que montrent les trois technologies concr\u00e8tes mentionn\u00e9es par l'Union p\u00e9troli\u00e8re dans son annonce : les carburants biog\u00e8nes, la combinaison avec des syst\u00e8mes de chauffage renouvelables et l'utilisation de vecteurs \u00e9nerg\u00e9tiques synth\u00e9tiques produits \u00e0 partir d'\u00e9lectricit\u00e9 renouvelable exc\u00e9dentaire.<\/p>\n<ul>\n<li><strong>Carburants biog\u00e8nes<\/strong>Les produits \u00e9nerg\u00e9tiques fabriqu\u00e9s \u00e0 partir de d\u00e9chets animaux et v\u00e9g\u00e9taux ne sont pas disponibles en quantit\u00e9 suffisante.<\/li>\n<li><strong>Chauffages combin\u00e9s<\/strong>M\u00eame en combinaison avec des syst\u00e8mes d'\u00e9nergie renouvelable comme la pompe \u00e0 chaleur, le chauffage au mazout \u00e9met toujours autant de CO<sub>2<\/sub>\u00a0de.<\/li>\n<li><strong>Sources d'\u00e9nergie synth\u00e9tiques<\/strong>Les sources d'\u00e9nergie produites \u00e0 partir de l'\u00e9lectricit\u00e9 renouvelable exc\u00e9dentaire ne seront pas utilis\u00e9es dans le secteur du b\u00e2timent. Leur production est tr\u00e8s co\u00fbteuse, si bien que pour des raisons quantitatives et \u00e9conomiques, elles sont utilis\u00e9es l\u00e0 o\u00f9 il n'y a pas d'alternatives (par ex. dans les processus industriels ou le transport a\u00e9rien). Pour la production de chaleur dans les b\u00e2timents, il existe d'ores et d\u00e9j\u00e0 des solutions renouvelables \u00e9conomiques avec les pompes \u00e0 chaleur.<\/li>\n<\/ul>\n<p>Des informations d\u00e9taill\u00e9es sur ces trois arguments sont disponibles dans la plainte.<\/p>\n<p><strong>Remplacer les chauffages au mazout le plus rapidement possible<br \/>\n<\/strong>En Suisse, lors du remplacement d'un chauffage fossile dans une maison individuelle, un chauffage fossile est \u00e0 nouveau install\u00e9 dans 50% des cas, et cette proportion atteint m\u00eame 60% pour les immeubles collectifs. Compte tenu de la dur\u00e9e de vie de 20 \u00e0 25 ans des br\u00fbleurs \u00e0 mazout, le remplacement doit commencer d\u00e8s maintenant. Plus vite ce sera fait, mieux ce sera pour le climat.<\/p>\n<p><em>Vous trouverez tous les d\u00e9tails sur la plainte de swisscleantech <a href=\"\/\/www.swisscleantech.ch\/files\/Beschwerde-swisscleantech-Erd%C3%B6lvereinigung-2019_06_26.pdf\">ici\u00a0<\/a><\/em><\/p>","protected":false},"excerpt":{"rendered":"<p>&nbsp; Im April 2019 publizierte die Erd\u00f6l-Vereinigung (neu Avenergy) Inserate unter dem Titel \u00abDie CO2-arme \u00d6lheizung\u00bb.\u00a0 Darin wurde der Eindruck vermittelt, dank technologischen Entwicklungen liessen sich \u00d6lheizungen k\u00fcnftig betreiben, ohne gr\u00f6ssere Mengen CO2\u00a0auszustossen. Gegen das Inserat erhob swisscleantech Beschwerde bei der Schweizerischen Lauterkeitskommission. Der Wirtschaftsverband warf der Erd\u00f6l-Vereinigung vor, irref\u00fchrende Informationen \u00fcber \u00d6lheizungen zu verbreiten [&hellip;]<\/p>\n","protected":false},"author":5,"featured_media":2652,"comment_status":"open","ping_status":"open","sticky":false,"template":"","format":"standard","meta":{"_acf_changed":false,"_yoast_wpseo_focuskw":"\u00d6lheizung","_yoast_wpseo_metadesc":"Die Beschwerde von swisscleantech gegen ein Inserat der Erd\u00f6lbranche ist zwar abgelehnt worden. Das Inserat ist dennoch angepasst worden.","articlekey":"","footnotes":""},"categories":[580],"tags":[1113,1357,596,424],"class_list":["post-10135","post","type-post","status-publish","format-standard","has-post-thumbnail","hentry","category-sustainability","tag-erdoel","tag-heizung","tag-klima","tag-schweiz"],"acf":[],"yoast_head":"<!-- This site is optimized with the Yoast SEO plugin v27.4 - https:\/\/yoast.com\/product\/yoast-seo-wordpress\/ -->\n<title>Warum \u00d6lheizungen ersetzt werden m\u00fcssen - Organisator<\/title>\n<meta name=\"description\" content=\"Die Beschwerde von swisscleantech gegen ein Inserat der Erd\u00f6lbranche ist zwar abgelehnt worden. Das Inserat ist dennoch angepasst worden.\" \/>\n<meta name=\"robots\" content=\"index, follow, max-snippet:-1, max-image-preview:large, max-video-preview:-1\" \/>\n<link rel=\"canonical\" href=\"https:\/\/www.organisator.ch\/fr\/sustainability\/2019-11-27\/warum-oelheizungen-ersetzt-werden-muessen\/\" \/>\n<meta property=\"og:locale\" content=\"fr_FR\" \/>\n<meta property=\"og:type\" content=\"article\" \/>\n<meta property=\"og:title\" content=\"Warum \u00d6lheizungen ersetzt werden m\u00fcssen - Organisator\" \/>\n<meta property=\"og:description\" content=\"Die Beschwerde von swisscleantech gegen ein Inserat der Erd\u00f6lbranche ist zwar abgelehnt worden. Das Inserat ist dennoch angepasst worden.\" \/>\n<meta property=\"og:url\" content=\"https:\/\/www.organisator.ch\/fr\/sustainability\/2019-11-27\/warum-oelheizungen-ersetzt-werden-muessen\/\" \/>\n<meta property=\"og:site_name\" content=\"Organisator\" \/>\n<meta property=\"article:publisher\" content=\"https:\/\/www.facebook.com\/OrganisatorFachmagazin\" \/>\n<meta property=\"article:published_time\" content=\"2019-11-27T16:27:01+00:00\" \/>\n<meta property=\"article:modified_time\" content=\"2022-02-09T10:06:15+00:00\" \/>\n<meta property=\"og:image\" content=\"https:\/\/www.organisator.ch\/wp-content\/uploads\/2019\/11\/lheizung-Warmwasser.jpg\" \/>\n\t<meta property=\"og:image:width\" content=\"1920\" \/>\n\t<meta property=\"og:image:height\" content=\"1260\" \/>\n\t<meta property=\"og:image:type\" content=\"image\/jpeg\" \/>\n<meta name=\"author\" content=\"michael.merz\" \/>\n<meta name=\"twitter:card\" content=\"summary_large_image\" \/>\n<script type=\"application\/ld+json\" class=\"yoast-schema-graph\">{\"@context\":\"https:\\\/\\\/schema.org\",\"@graph\":[{\"@type\":\"Article\",\"@id\":\"https:\\\/\\\/www.organisator.ch\\\/sustainability\\\/2019-11-27\\\/warum-oelheizungen-ersetzt-werden-muessen\\\/#article\",\"isPartOf\":{\"@id\":\"https:\\\/\\\/www.organisator.ch\\\/sustainability\\\/2019-11-27\\\/warum-oelheizungen-ersetzt-werden-muessen\\\/\"},\"author\":{\"name\":\"michael.merz\",\"@id\":\"https:\\\/\\\/www.organisator.ch\\\/#\\\/schema\\\/person\\\/134708ca9321c57b0362cceb7948ffbd\"},\"headline\":\"Warum \u00d6lheizungen ersetzt werden m\u00fcssen\",\"datePublished\":\"2019-11-27T16:27:01+00:00\",\"dateModified\":\"2022-02-09T10:06:15+00:00\",\"mainEntityOfPage\":{\"@id\":\"https:\\\/\\\/www.organisator.ch\\\/sustainability\\\/2019-11-27\\\/warum-oelheizungen-ersetzt-werden-muessen\\\/\"},\"wordCount\":419,\"commentCount\":0,\"publisher\":{\"@id\":\"https:\\\/\\\/www.organisator.ch\\\/#organization\"},\"image\":{\"@id\":\"https:\\\/\\\/www.organisator.ch\\\/sustainability\\\/2019-11-27\\\/warum-oelheizungen-ersetzt-werden-muessen\\\/#primaryimage\"},\"thumbnailUrl\":\"https:\\\/\\\/www.organisator.ch\\\/wp-content\\\/uploads\\\/2019\\\/11\\\/lheizung-Warmwasser.jpg\",\"keywords\":[\"Erd\u00f6l\",\"Heizung\",\"KLIMA\",\"Schweiz\"],\"articleSection\":[\"SUSTAINABILITY\"],\"inLanguage\":\"fr-FR\"},{\"@type\":\"WebPage\",\"@id\":\"https:\\\/\\\/www.organisator.ch\\\/sustainability\\\/2019-11-27\\\/warum-oelheizungen-ersetzt-werden-muessen\\\/\",\"url\":\"https:\\\/\\\/www.organisator.ch\\\/sustainability\\\/2019-11-27\\\/warum-oelheizungen-ersetzt-werden-muessen\\\/\",\"name\":\"Warum \u00d6lheizungen ersetzt werden m\u00fcssen - Organisator\",\"isPartOf\":{\"@id\":\"https:\\\/\\\/www.organisator.ch\\\/#website\"},\"primaryImageOfPage\":{\"@id\":\"https:\\\/\\\/www.organisator.ch\\\/sustainability\\\/2019-11-27\\\/warum-oelheizungen-ersetzt-werden-muessen\\\/#primaryimage\"},\"image\":{\"@id\":\"https:\\\/\\\/www.organisator.ch\\\/sustainability\\\/2019-11-27\\\/warum-oelheizungen-ersetzt-werden-muessen\\\/#primaryimage\"},\"thumbnailUrl\":\"https:\\\/\\\/www.organisator.ch\\\/wp-content\\\/uploads\\\/2019\\\/11\\\/lheizung-Warmwasser.jpg\",\"datePublished\":\"2019-11-27T16:27:01+00:00\",\"dateModified\":\"2022-02-09T10:06:15+00:00\",\"description\":\"Die Beschwerde von swisscleantech gegen ein Inserat der Erd\u00f6lbranche ist zwar abgelehnt worden. Das Inserat ist dennoch angepasst worden.\",\"breadcrumb\":{\"@id\":\"https:\\\/\\\/www.organisator.ch\\\/sustainability\\\/2019-11-27\\\/warum-oelheizungen-ersetzt-werden-muessen\\\/#breadcrumb\"},\"inLanguage\":\"fr-FR\",\"potentialAction\":[{\"@type\":\"ReadAction\",\"target\":[\"https:\\\/\\\/www.organisator.ch\\\/sustainability\\\/2019-11-27\\\/warum-oelheizungen-ersetzt-werden-muessen\\\/\"]}]},{\"@type\":\"ImageObject\",\"inLanguage\":\"fr-FR\",\"@id\":\"https:\\\/\\\/www.organisator.ch\\\/sustainability\\\/2019-11-27\\\/warum-oelheizungen-ersetzt-werden-muessen\\\/#primaryimage\",\"url\":\"https:\\\/\\\/www.organisator.ch\\\/wp-content\\\/uploads\\\/2019\\\/11\\\/lheizung-Warmwasser.jpg\",\"contentUrl\":\"https:\\\/\\\/www.organisator.ch\\\/wp-content\\\/uploads\\\/2019\\\/11\\\/lheizung-Warmwasser.jpg\",\"width\":1920,\"height\":1260,\"caption\":\"Heizungen bergen f\u00fcr Menschen und Umwelt oft mehr Altlasten als einem lieb sind. (Bild zVg)\"},{\"@type\":\"BreadcrumbList\",\"@id\":\"https:\\\/\\\/www.organisator.ch\\\/sustainability\\\/2019-11-27\\\/warum-oelheizungen-ersetzt-werden-muessen\\\/#breadcrumb\",\"itemListElement\":[{\"@type\":\"ListItem\",\"position\":1,\"name\":\"Home\",\"item\":\"https:\\\/\\\/www.organisator.ch\\\/\"},{\"@type\":\"ListItem\",\"position\":2,\"name\":\"Warum \u00d6lheizungen ersetzt werden m\u00fcssen\"}]},{\"@type\":\"WebSite\",\"@id\":\"https:\\\/\\\/www.organisator.ch\\\/#website\",\"url\":\"https:\\\/\\\/www.organisator.ch\\\/\",\"name\":\"Organisator\",\"description\":\"Kompetent. Praxisnah. Der ORGANISATOR bereitet in 10 Ausgaben pro Jahr die wesentlichen Themen f\u00fcr F\u00fchrungskr\u00e4fte von KMU auf.\",\"publisher\":{\"@id\":\"https:\\\/\\\/www.organisator.ch\\\/#organization\"},\"potentialAction\":[{\"@type\":\"SearchAction\",\"target\":{\"@type\":\"EntryPoint\",\"urlTemplate\":\"https:\\\/\\\/www.organisator.ch\\\/?s={search_term_string}\"},\"query-input\":{\"@type\":\"PropertyValueSpecification\",\"valueRequired\":true,\"valueName\":\"search_term_string\"}}],\"inLanguage\":\"fr-FR\"},{\"@type\":\"Organization\",\"@id\":\"https:\\\/\\\/www.organisator.ch\\\/#organization\",\"name\":\"Organisator\",\"url\":\"https:\\\/\\\/www.organisator.ch\\\/\",\"logo\":{\"@type\":\"ImageObject\",\"inLanguage\":\"fr-FR\",\"@id\":\"https:\\\/\\\/www.organisator.ch\\\/#\\\/schema\\\/logo\\\/image\\\/\",\"url\":\"https:\\\/\\\/www.organisator.ch\\\/wp-content\\\/uploads\\\/2022\\\/01\\\/Logo_Organisator_Website.png\",\"contentUrl\":\"https:\\\/\\\/www.organisator.ch\\\/wp-content\\\/uploads\\\/2022\\\/01\\\/Logo_Organisator_Website.png\",\"width\":800,\"height\":77,\"caption\":\"Organisator\"},\"image\":{\"@id\":\"https:\\\/\\\/www.organisator.ch\\\/#\\\/schema\\\/logo\\\/image\\\/\"},\"sameAs\":[\"https:\\\/\\\/www.facebook.com\\\/OrganisatorFachmagazin\",\"https:\\\/\\\/www.linkedin.com\\\/showcase\\\/organisator-das-magazin-fr-kmu\",\"https:\\\/\\\/www.xing.com\\\/news\\\/pages\\\/organisator-ch-695\",\"https:\\\/\\\/www.youtube.com\\\/channel\\\/UCGP2Sq0iWaZwT3BdIAQFYpw\"]},{\"@type\":\"Person\",\"@id\":\"https:\\\/\\\/www.organisator.ch\\\/#\\\/schema\\\/person\\\/134708ca9321c57b0362cceb7948ffbd\",\"name\":\"michael.merz\",\"image\":{\"@type\":\"ImageObject\",\"inLanguage\":\"fr-FR\",\"@id\":\"https:\\\/\\\/secure.gravatar.com\\\/avatar\\\/?s=96&d=mm&r=g\",\"url\":\"https:\\\/\\\/secure.gravatar.com\\\/avatar\\\/?s=96&d=mm&r=g\",\"contentUrl\":\"https:\\\/\\\/secure.gravatar.com\\\/avatar\\\/?s=96&d=mm&r=g\",\"caption\":\"michael.merz\"},\"url\":\"https:\\\/\\\/www.organisator.ch\\\/fr\\\/author\\\/michael-merz\\\/\"}]}<\/script>\n<!-- \/ Yoast SEO plugin. -->","yoast_head_json":{"title":"Pourquoi les chauffages au mazout doivent \u00eatre remplac\u00e9s - Organisateur","description":"La plainte de swisscleantech contre une annonce de la branche p\u00e9troli\u00e8re a certes \u00e9t\u00e9 rejet\u00e9e. L'annonce a n\u00e9anmoins \u00e9t\u00e9 adapt\u00e9e.","robots":{"index":"index","follow":"follow","max-snippet":"max-snippet:-1","max-image-preview":"max-image-preview:large","max-video-preview":"max-video-preview:-1"},"canonical":"https:\/\/www.organisator.ch\/fr\/sustainability\/2019-11-27\/warum-oelheizungen-ersetzt-werden-muessen\/","og_locale":"fr_FR","og_type":"article","og_title":"Warum \u00d6lheizungen ersetzt werden m\u00fcssen - Organisator","og_description":"Die Beschwerde von swisscleantech gegen ein Inserat der Erd\u00f6lbranche ist zwar abgelehnt worden. Das Inserat ist dennoch angepasst worden.","og_url":"https:\/\/www.organisator.ch\/fr\/sustainability\/2019-11-27\/warum-oelheizungen-ersetzt-werden-muessen\/","og_site_name":"Organisator","article_publisher":"https:\/\/www.facebook.com\/OrganisatorFachmagazin","article_published_time":"2019-11-27T16:27:01+00:00","article_modified_time":"2022-02-09T10:06:15+00:00","og_image":[{"width":1920,"height":1260,"url":"https:\/\/www.organisator.ch\/wp-content\/uploads\/2019\/11\/lheizung-Warmwasser.jpg","type":"image\/jpeg"}],"author":"michael.merz","twitter_card":"summary_large_image","schema":{"@context":"https:\/\/schema.org","@graph":[{"@type":"Article","@id":"https:\/\/www.organisator.ch\/sustainability\/2019-11-27\/warum-oelheizungen-ersetzt-werden-muessen\/#article","isPartOf":{"@id":"https:\/\/www.organisator.ch\/sustainability\/2019-11-27\/warum-oelheizungen-ersetzt-werden-muessen\/"},"author":{"name":"michael.merz","@id":"https:\/\/www.organisator.ch\/#\/schema\/person\/134708ca9321c57b0362cceb7948ffbd"},"headline":"Warum \u00d6lheizungen ersetzt werden m\u00fcssen","datePublished":"2019-11-27T16:27:01+00:00","dateModified":"2022-02-09T10:06:15+00:00","mainEntityOfPage":{"@id":"https:\/\/www.organisator.ch\/sustainability\/2019-11-27\/warum-oelheizungen-ersetzt-werden-muessen\/"},"wordCount":419,"commentCount":0,"publisher":{"@id":"https:\/\/www.organisator.ch\/#organization"},"image":{"@id":"https:\/\/www.organisator.ch\/sustainability\/2019-11-27\/warum-oelheizungen-ersetzt-werden-muessen\/#primaryimage"},"thumbnailUrl":"https:\/\/www.organisator.ch\/wp-content\/uploads\/2019\/11\/lheizung-Warmwasser.jpg","keywords":["Erd\u00f6l","Heizung","KLIMA","Schweiz"],"articleSection":["SUSTAINABILITY"],"inLanguage":"fr-FR"},{"@type":"WebPage","@id":"https:\/\/www.organisator.ch\/sustainability\/2019-11-27\/warum-oelheizungen-ersetzt-werden-muessen\/","url":"https:\/\/www.organisator.ch\/sustainability\/2019-11-27\/warum-oelheizungen-ersetzt-werden-muessen\/","name":"Pourquoi les chauffages au mazout doivent \u00eatre remplac\u00e9s - Organisateur","isPartOf":{"@id":"https:\/\/www.organisator.ch\/#website"},"primaryImageOfPage":{"@id":"https:\/\/www.organisator.ch\/sustainability\/2019-11-27\/warum-oelheizungen-ersetzt-werden-muessen\/#primaryimage"},"image":{"@id":"https:\/\/www.organisator.ch\/sustainability\/2019-11-27\/warum-oelheizungen-ersetzt-werden-muessen\/#primaryimage"},"thumbnailUrl":"https:\/\/www.organisator.ch\/wp-content\/uploads\/2019\/11\/lheizung-Warmwasser.jpg","datePublished":"2019-11-27T16:27:01+00:00","dateModified":"2022-02-09T10:06:15+00:00","description":"La plainte de swisscleantech contre une annonce de la branche p\u00e9troli\u00e8re a certes \u00e9t\u00e9 rejet\u00e9e. L'annonce a n\u00e9anmoins \u00e9t\u00e9 adapt\u00e9e.","breadcrumb":{"@id":"https:\/\/www.organisator.ch\/sustainability\/2019-11-27\/warum-oelheizungen-ersetzt-werden-muessen\/#breadcrumb"},"inLanguage":"fr-FR","potentialAction":[{"@type":"ReadAction","target":["https:\/\/www.organisator.ch\/sustainability\/2019-11-27\/warum-oelheizungen-ersetzt-werden-muessen\/"]}]},{"@type":"ImageObject","inLanguage":"fr-FR","@id":"https:\/\/www.organisator.ch\/sustainability\/2019-11-27\/warum-oelheizungen-ersetzt-werden-muessen\/#primaryimage","url":"https:\/\/www.organisator.ch\/wp-content\/uploads\/2019\/11\/lheizung-Warmwasser.jpg","contentUrl":"https:\/\/www.organisator.ch\/wp-content\/uploads\/2019\/11\/lheizung-Warmwasser.jpg","width":1920,"height":1260,"caption":"Heizungen bergen f\u00fcr Menschen und Umwelt oft mehr Altlasten als einem lieb sind. (Bild zVg)"},{"@type":"BreadcrumbList","@id":"https:\/\/www.organisator.ch\/sustainability\/2019-11-27\/warum-oelheizungen-ersetzt-werden-muessen\/#breadcrumb","itemListElement":[{"@type":"ListItem","position":1,"name":"Home","item":"https:\/\/www.organisator.ch\/"},{"@type":"ListItem","position":2,"name":"Warum \u00d6lheizungen ersetzt werden m\u00fcssen"}]},{"@type":"WebSite","@id":"https:\/\/www.organisator.ch\/#website","url":"https:\/\/www.organisator.ch\/","name":"Organisateur","description":"Comp\u00e9tence et comp\u00e9tence. Proches de la pratique. L'ORGANISATEUR pr\u00e9pare 10 num\u00e9ros par an sur les th\u00e8mes essentiels pour les dirigeants de PME.","publisher":{"@id":"https:\/\/www.organisator.ch\/#organization"},"potentialAction":[{"@type":"SearchAction","target":{"@type":"EntryPoint","urlTemplate":"https:\/\/www.organisator.ch\/?s={search_term_string}"},"query-input":{"@type":"PropertyValueSpecification","valueRequired":true,"valueName":"search_term_string"}}],"inLanguage":"fr-FR"},{"@type":"Organization","@id":"https:\/\/www.organisator.ch\/#organization","name":"Organisateur","url":"https:\/\/www.organisator.ch\/","logo":{"@type":"ImageObject","inLanguage":"fr-FR","@id":"https:\/\/www.organisator.ch\/#\/schema\/logo\/image\/","url":"https:\/\/www.organisator.ch\/wp-content\/uploads\/2022\/01\/Logo_Organisator_Website.png","contentUrl":"https:\/\/www.organisator.ch\/wp-content\/uploads\/2022\/01\/Logo_Organisator_Website.png","width":800,"height":77,"caption":"Organisator"},"image":{"@id":"https:\/\/www.organisator.ch\/#\/schema\/logo\/image\/"},"sameAs":["https:\/\/www.facebook.com\/OrganisatorFachmagazin","https:\/\/www.linkedin.com\/showcase\/organisator-das-magazin-fr-kmu","https:\/\/www.xing.com\/news\/pages\/organisator-ch-695","https:\/\/www.youtube.com\/channel\/UCGP2Sq0iWaZwT3BdIAQFYpw"]},{"@type":"Person","@id":"https:\/\/www.organisator.ch\/#\/schema\/person\/134708ca9321c57b0362cceb7948ffbd","name":"michael.merz","image":{"@type":"ImageObject","inLanguage":"fr-FR","@id":"https:\/\/secure.gravatar.com\/avatar\/?s=96&d=mm&r=g","url":"https:\/\/secure.gravatar.com\/avatar\/?s=96&d=mm&r=g","contentUrl":"https:\/\/secure.gravatar.com\/avatar\/?s=96&d=mm&r=g","caption":"michael.merz"},"url":"https:\/\/www.organisator.ch\/fr\/author\/michael-merz\/"}]}},"_links":{"self":[{"href":"https:\/\/www.organisator.ch\/fr\/wp-json\/wp\/v2\/posts\/10135","targetHints":{"allow":["GET"]}}],"collection":[{"href":"https:\/\/www.organisator.ch\/fr\/wp-json\/wp\/v2\/posts"}],"about":[{"href":"https:\/\/www.organisator.ch\/fr\/wp-json\/wp\/v2\/types\/post"}],"author":[{"embeddable":true,"href":"https:\/\/www.organisator.ch\/fr\/wp-json\/wp\/v2\/users\/5"}],"replies":[{"embeddable":true,"href":"https:\/\/www.organisator.ch\/fr\/wp-json\/wp\/v2\/comments?post=10135"}],"version-history":[{"count":1,"href":"https:\/\/www.organisator.ch\/fr\/wp-json\/wp\/v2\/posts\/10135\/revisions"}],"predecessor-version":[{"id":10540,"href":"https:\/\/www.organisator.ch\/fr\/wp-json\/wp\/v2\/posts\/10135\/revisions\/10540"}],"wp:featuredmedia":[{"embeddable":true,"href":"https:\/\/www.organisator.ch\/fr\/wp-json\/wp\/v2\/media\/2652"}],"wp:attachment":[{"href":"https:\/\/www.organisator.ch\/fr\/wp-json\/wp\/v2\/media?parent=10135"}],"wp:term":[{"taxonomy":"category","embeddable":true,"href":"https:\/\/www.organisator.ch\/fr\/wp-json\/wp\/v2\/categories?post=10135"},{"taxonomy":"post_tag","embeddable":true,"href":"https:\/\/www.organisator.ch\/fr\/wp-json\/wp\/v2\/tags?post=10135"}],"curies":[{"name":"wp","href":"https:\/\/api.w.org\/{rel}","templated":true}]}}