{"id":10139,"date":"2019-12-17T06:45:34","date_gmt":"2019-12-17T05:45:34","guid":{"rendered":"https:\/\/www.umweltperspektiven.ch\/?p=2696"},"modified":"2024-11-07T06:17:15","modified_gmt":"2024-11-07T05:17:15","slug":"vorschau-zur-swissbau-2020","status":"publish","type":"post","link":"https:\/\/www.organisator.ch\/fr\/allgemein\/2019-12-17\/vorschau-zur-swissbau-2020\/","title":{"rendered":"Aper\u00e7u de Swissbau 2020"},"content":{"rendered":"<figure id=\"attachment_2698\" aria-describedby=\"caption-attachment-2698\" style=\"width: 150px\" class=\"wp-caption alignnone\"><img loading=\"lazy\" decoding=\"async\" class=\"wp-image-2698 size-thumbnail\" src=\"https:\/\/www.organisator.ch\/wp-content\/uploads\/2017\/11\/Customer-Experience-in-der-privaten-Vorsorge-nicht-ueberzeugend-3_Organisator-150x150.jpg\" alt=\"avant-premi\u00e8re-swissbau-2020\" width=\"150\" height=\"150\" srcset=\"https:\/\/www.organisator.ch\/wp-content\/uploads\/2017\/11\/Customer-Experience-in-der-privaten-Vorsorge-nicht-ueberzeugend-3_Organisator-150x150.jpg 150w, https:\/\/www.organisator.ch\/wp-content\/uploads\/2017\/11\/Customer-Experience-in-der-privaten-Vorsorge-nicht-ueberzeugend-3_Organisator-250x250.jpg 250w, https:\/\/www.organisator.ch\/wp-content\/uploads\/2017\/11\/Customer-Experience-in-der-privaten-Vorsorge-nicht-ueberzeugend-3_Organisator-100x100.jpg 100w\" sizes=\"auto, (max-width: 150px) 100vw, 150px\" \/><figcaption id=\"caption-attachment-2698\" class=\"wp-caption-text\">Efficacit\u00e9 \u00e9nerg\u00e9tique, \u00e9nergies renouvelables et respect du climat : les derniers d\u00e9veloppements seront pr\u00e9sent\u00e9s \u00e0 la Swissbau en janvier. (Image : Swissbau 2018_Gebaeudetechnik | BLUETRAC AG)<\/figcaption><\/figure>\n<p>La c\u00e9r\u00e9monie d'ouverture de Swissbau n'est pas la seule \u00e0 \u00eatre prometteuse. Swissbau et constructionsuisse, l'organisation fa\u00eeti\u00e8re du secteur suisse de la construction, souhaitent certainement la bienvenue \u00e0 toutes les personnes int\u00e9ress\u00e9es par la construction \u00e0 la c\u00e9r\u00e9monie d'ouverture de Swissbau 2020. Toutefois, en mati\u00e8re de technologies et de projets innovants et durables, il existe encore de tout autres \u00e9v\u00e9nements.<\/p>\n<p>Dans le cadre de ce que l'on appelle le \"tour d'horizon\", des questions passionnantes sur l'avenir du secteur de la construction peuvent \u00eatre discut\u00e9es. Dans la deuxi\u00e8me partie de la f\u00eate, le professeur Timo Leukefeld, sp\u00e9cialiste de l'avenir et des tendances, se penchera par exemple sur la question \"Comment vivrons-nous \u00e0 l'avenir\". Dans le cadre d'une table ronde avec des invit\u00e9s de marque du secteur de la construction, on pourrait aborder les premi\u00e8res tendances durables en mati\u00e8re de construction.<\/p>\n<p>Swissbau se compose de trois espaces : le salon (les exposants et leurs produits et services), Swissbau Focus (plateforme de manifestations et de r\u00e9seaux) et Swissbau Innovation Lab (exposition sp\u00e9ciale sur la transformation num\u00e9rique). Ces trois formats s'orientent sur le cycle de vie d'un bien immobilier et sont d\u00e9velopp\u00e9s en permanence en collaboration avec des partenaires de premier plan.<\/p>\n<p>Swissbau offre ainsi aux exposants comme aux visiteurs une plateforme d'exp\u00e9rience en direct d'une grande pertinence, actualit\u00e9 et interdisciplinarit\u00e9. \"L'\u00e9largissement de Swissbau aux domaines de l'\u00e9nergie dans le b\u00e2timent, de l'automation du b\u00e2timent et de la s\u00e9curit\u00e9 des b\u00e2timents r\u00e9pond au besoin croissant de mise en r\u00e9seau interdisciplinaire. La collaboration est essentielle en p\u00e9riode de changement\", explique Rudolf Pfander, directeur du salon Swissbau. \"Avec notre concept de salon int\u00e9gratif, de nouveaux groupes cibles s'ouvrent \u00e0 tous\".<\/p>\n<p>Le slogan de Swissbau 2020 est \"Trial and Error - Le courage d'innover ? Le secteur suisse de la construction et de l'immobilier est synonyme de qualit\u00e9 et de constance ; mais les processus \u00e9tablis sont de plus en plus souvent remis en question. L'avenir appartient donc aux \u00e9quipes interdisciplinaires qui sortent des sentiers battus et trouvent ainsi les meilleures solutions.<\/p>\n<p>Deux conseils pour le salon SWISSBAU en avant-premi\u00e8re :<\/p>\n<p><strong>Les sites 2000 watts en Suisse<\/strong><\/p>\n<p>L'\"Aire \u00e0 2000 watts\" vous invite \u00e0 participer \u00e0 trois manifestations sp\u00e9cialis\u00e9es pendant la Swissbau. Venez discuter avec nous de la construction durable et intelligente. <a href=\"\/Users\/mermic\/Downloads\/2000_Watt_Flyer_de%20(3).pdf\">D\u00e9veloppement de sites et de quartiers<\/a>Les participants pourront d\u00e9couvrir les points communs et les diff\u00e9rences entre les syst\u00e8mes de certification SNBS B\u00e2timent et 2000-Watt, ainsi que la transformation du parc immobilier gr\u00e2ce au nouveau label \"In Transformation\". Les manifestations ont lieu dans le cadre de \"Swissbau Focus\", la plate-forme pour les experts\/expertes et les d\u00e9cideurs.<\/p>\n<p><strong>Les techniques d'\u00e9clairage naturel d'hier et d'aujourd'hui<\/strong><\/p>\n<p>C'est sous ce slogan que les deux entreprises Bewilux AG et Rodach AG se pr\u00e9sentent \u00e0 la prochaine Swissbau. Outre une toute nouvelle pr\u00e9sentation sur un stand tr\u00e8s spacieux, les deux entreprises pr\u00e9senteront leurs produits innovants sur les th\u00e8mes de l'architecture en verre, des coupoles d'\u00e9clairage, des sorties de toit, de la technique de d\u00e9senfumage et de la s\u00e9curit\u00e9 anti-effraction. La satisfaction des clients est ici une priorit\u00e9 absolue.<\/p>\n<p>Les collaborateurs qualifi\u00e9s s'engagent avec plaisir jour apr\u00e8s jour pour leurs clients. Gr\u00e2ce \u00e0 leurs conseils comp\u00e9tents et professionnels ainsi qu'\u00e0 la qualit\u00e9 de premier ordre de leurs produits, associ\u00e9s \u00e0 un maximum d'efficacit\u00e9 \u00e9nerg\u00e9tique, les deux entreprises garantissent la valeur durable des objets, disponibilit\u00e9 de livraison flexible et \u00e9quipe de montage professionnelle incluses.<\/p>\n<p><a href=\"\/\/www.swissbau.ch\">www.swissbau.ch<\/a><\/p>","protected":false},"excerpt":{"rendered":"<p>Nicht nur die Er\u00f6ffnungsfeier der Swissbau klingt vielversprechend. Die Swissbau und\u00a0 bauenschweiz, die Dachorganisation der Schweizer Bauwirtschaft, heisst sicherlich alle Bau-Interessierten herzlich zur Er\u00f6ffnungsfeier der Swissbau 2020 willkommen. Allerdings gibt es in Sachen innovative, nachhaltige Technologien und Projekte noch ganz andere Events. In der so genannten \u00abTour d\u2019horizon\u00bb k\u00f6nnen spannende Zukunftsfragen der Baubranche diskutiert werden. [&hellip;]<\/p>\n","protected":false},"author":5,"featured_media":9665,"comment_status":"closed","ping_status":"closed","sticky":false,"template":"","format":"standard","meta":{"_acf_changed":false,"_yoast_wpseo_focuskw":"Swissbau 2020","_yoast_wpseo_metadesc":"Swissbau 2020 pr\u00e4sentiert innovative Entwicklungen in Energieeffizienz, erneuerbaren Energien und Klimafreundlichkeit.","articlekey":"","footnotes":""},"categories":[1],"tags":[1690,2265],"class_list":["post-10139","post","type-post","status-publish","format-standard","has-post-thumbnail","hentry","category-allgemein","tag-messe","tag-swissbau"],"acf":[],"yoast_head":"<!-- This site is optimized with the Yoast SEO plugin v27.4 - https:\/\/yoast.com\/product\/yoast-seo-wordpress\/ -->\n<title>Vorschau zur Swissbau 2020 - Organisator<\/title>\n<meta name=\"description\" content=\"Swissbau 2020 pr\u00e4sentiert innovative Entwicklungen in Energieeffizienz, erneuerbaren Energien und Klimafreundlichkeit.\" \/>\n<meta name=\"robots\" content=\"index, follow, max-snippet:-1, max-image-preview:large, max-video-preview:-1\" \/>\n<link rel=\"canonical\" href=\"https:\/\/www.organisator.ch\/fr\/general\/2019-12-17\/vorschau-zur-swissbau-2020\/\" \/>\n<meta property=\"og:locale\" content=\"fr_FR\" \/>\n<meta property=\"og:type\" content=\"article\" \/>\n<meta property=\"og:title\" content=\"Vorschau zur Swissbau 2020 - Organisator\" \/>\n<meta property=\"og:description\" content=\"Swissbau 2020 pr\u00e4sentiert innovative Entwicklungen in Energieeffizienz, erneuerbaren Energien und Klimafreundlichkeit.\" \/>\n<meta property=\"og:url\" content=\"https:\/\/www.organisator.ch\/fr\/general\/2019-12-17\/vorschau-zur-swissbau-2020\/\" \/>\n<meta property=\"og:site_name\" content=\"Organisator\" \/>\n<meta property=\"article:publisher\" content=\"https:\/\/www.facebook.com\/OrganisatorFachmagazin\" \/>\n<meta property=\"article:published_time\" content=\"2019-12-17T05:45:34+00:00\" \/>\n<meta property=\"article:modified_time\" content=\"2024-11-07T05:17:15+00:00\" \/>\n<meta property=\"og:image\" content=\"https:\/\/www.organisator.ch\/wp-content\/uploads\/2019\/12\/swissbau-up-umweltperspektiven-scaled.jpg\" \/>\n\t<meta property=\"og:image:width\" content=\"2560\" \/>\n\t<meta property=\"og:image:height\" content=\"1707\" \/>\n\t<meta property=\"og:image:type\" content=\"image\/jpeg\" \/>\n<meta name=\"author\" content=\"michael.merz\" \/>\n<meta name=\"twitter:card\" content=\"summary_large_image\" \/>\n<script type=\"application\/ld+json\" class=\"yoast-schema-graph\">{\"@context\":\"https:\\\/\\\/schema.org\",\"@graph\":[{\"@type\":\"Article\",\"@id\":\"https:\\\/\\\/www.organisator.ch\\\/allgemein\\\/2019-12-17\\\/vorschau-zur-swissbau-2020\\\/#article\",\"isPartOf\":{\"@id\":\"https:\\\/\\\/www.organisator.ch\\\/allgemein\\\/2019-12-17\\\/vorschau-zur-swissbau-2020\\\/\"},\"author\":{\"name\":\"michael.merz\",\"@id\":\"https:\\\/\\\/www.organisator.ch\\\/#\\\/schema\\\/person\\\/134708ca9321c57b0362cceb7948ffbd\"},\"headline\":\"Vorschau zur Swissbau 2020\",\"datePublished\":\"2019-12-17T05:45:34+00:00\",\"dateModified\":\"2024-11-07T05:17:15+00:00\",\"mainEntityOfPage\":{\"@id\":\"https:\\\/\\\/www.organisator.ch\\\/allgemein\\\/2019-12-17\\\/vorschau-zur-swissbau-2020\\\/\"},\"wordCount\":488,\"publisher\":{\"@id\":\"https:\\\/\\\/www.organisator.ch\\\/#organization\"},\"image\":{\"@id\":\"https:\\\/\\\/www.organisator.ch\\\/allgemein\\\/2019-12-17\\\/vorschau-zur-swissbau-2020\\\/#primaryimage\"},\"thumbnailUrl\":\"https:\\\/\\\/www.organisator.ch\\\/wp-content\\\/uploads\\\/2019\\\/12\\\/swissbau-up-umweltperspektiven-scaled.jpg\",\"keywords\":[\"Messe\",\"Swissbau\"],\"articleSection\":[\"Allgemein\"],\"inLanguage\":\"fr-FR\"},{\"@type\":\"WebPage\",\"@id\":\"https:\\\/\\\/www.organisator.ch\\\/allgemein\\\/2019-12-17\\\/vorschau-zur-swissbau-2020\\\/\",\"url\":\"https:\\\/\\\/www.organisator.ch\\\/allgemein\\\/2019-12-17\\\/vorschau-zur-swissbau-2020\\\/\",\"name\":\"Vorschau zur Swissbau 2020 - Organisator\",\"isPartOf\":{\"@id\":\"https:\\\/\\\/www.organisator.ch\\\/#website\"},\"primaryImageOfPage\":{\"@id\":\"https:\\\/\\\/www.organisator.ch\\\/allgemein\\\/2019-12-17\\\/vorschau-zur-swissbau-2020\\\/#primaryimage\"},\"image\":{\"@id\":\"https:\\\/\\\/www.organisator.ch\\\/allgemein\\\/2019-12-17\\\/vorschau-zur-swissbau-2020\\\/#primaryimage\"},\"thumbnailUrl\":\"https:\\\/\\\/www.organisator.ch\\\/wp-content\\\/uploads\\\/2019\\\/12\\\/swissbau-up-umweltperspektiven-scaled.jpg\",\"datePublished\":\"2019-12-17T05:45:34+00:00\",\"dateModified\":\"2024-11-07T05:17:15+00:00\",\"description\":\"Swissbau 2020 pr\u00e4sentiert innovative Entwicklungen in Energieeffizienz, erneuerbaren Energien und Klimafreundlichkeit.\",\"breadcrumb\":{\"@id\":\"https:\\\/\\\/www.organisator.ch\\\/allgemein\\\/2019-12-17\\\/vorschau-zur-swissbau-2020\\\/#breadcrumb\"},\"inLanguage\":\"fr-FR\",\"potentialAction\":[{\"@type\":\"ReadAction\",\"target\":[\"https:\\\/\\\/www.organisator.ch\\\/allgemein\\\/2019-12-17\\\/vorschau-zur-swissbau-2020\\\/\"]}]},{\"@type\":\"ImageObject\",\"inLanguage\":\"fr-FR\",\"@id\":\"https:\\\/\\\/www.organisator.ch\\\/allgemein\\\/2019-12-17\\\/vorschau-zur-swissbau-2020\\\/#primaryimage\",\"url\":\"https:\\\/\\\/www.organisator.ch\\\/wp-content\\\/uploads\\\/2019\\\/12\\\/swissbau-up-umweltperspektiven-scaled.jpg\",\"contentUrl\":\"https:\\\/\\\/www.organisator.ch\\\/wp-content\\\/uploads\\\/2019\\\/12\\\/swissbau-up-umweltperspektiven-scaled.jpg\",\"width\":2560,\"height\":1707,\"caption\":\"Energieeffizienz, erneuerbare Energien und Klimafreundlichkeit: An der Swissbau im Januar werden die neusten Entwicklungen pr\u00e4sentiert. (Bild: Swissbau 2018_Gebaeudetechnik | BLUETRAC AG)\"},{\"@type\":\"BreadcrumbList\",\"@id\":\"https:\\\/\\\/www.organisator.ch\\\/allgemein\\\/2019-12-17\\\/vorschau-zur-swissbau-2020\\\/#breadcrumb\",\"itemListElement\":[{\"@type\":\"ListItem\",\"position\":1,\"name\":\"Home\",\"item\":\"https:\\\/\\\/www.organisator.ch\\\/\"},{\"@type\":\"ListItem\",\"position\":2,\"name\":\"Vorschau zur Swissbau 2020\"}]},{\"@type\":\"WebSite\",\"@id\":\"https:\\\/\\\/www.organisator.ch\\\/#website\",\"url\":\"https:\\\/\\\/www.organisator.ch\\\/\",\"name\":\"Organisator\",\"description\":\"Kompetent. Praxisnah. Der ORGANISATOR bereitet in 10 Ausgaben pro Jahr die wesentlichen Themen f\u00fcr F\u00fchrungskr\u00e4fte von KMU auf.\",\"publisher\":{\"@id\":\"https:\\\/\\\/www.organisator.ch\\\/#organization\"},\"potentialAction\":[{\"@type\":\"SearchAction\",\"target\":{\"@type\":\"EntryPoint\",\"urlTemplate\":\"https:\\\/\\\/www.organisator.ch\\\/?s={search_term_string}\"},\"query-input\":{\"@type\":\"PropertyValueSpecification\",\"valueRequired\":true,\"valueName\":\"search_term_string\"}}],\"inLanguage\":\"fr-FR\"},{\"@type\":\"Organization\",\"@id\":\"https:\\\/\\\/www.organisator.ch\\\/#organization\",\"name\":\"Organisator\",\"url\":\"https:\\\/\\\/www.organisator.ch\\\/\",\"logo\":{\"@type\":\"ImageObject\",\"inLanguage\":\"fr-FR\",\"@id\":\"https:\\\/\\\/www.organisator.ch\\\/#\\\/schema\\\/logo\\\/image\\\/\",\"url\":\"https:\\\/\\\/www.organisator.ch\\\/wp-content\\\/uploads\\\/2022\\\/01\\\/Logo_Organisator_Website.png\",\"contentUrl\":\"https:\\\/\\\/www.organisator.ch\\\/wp-content\\\/uploads\\\/2022\\\/01\\\/Logo_Organisator_Website.png\",\"width\":800,\"height\":77,\"caption\":\"Organisator\"},\"image\":{\"@id\":\"https:\\\/\\\/www.organisator.ch\\\/#\\\/schema\\\/logo\\\/image\\\/\"},\"sameAs\":[\"https:\\\/\\\/www.facebook.com\\\/OrganisatorFachmagazin\",\"https:\\\/\\\/www.linkedin.com\\\/showcase\\\/organisator-das-magazin-fr-kmu\",\"https:\\\/\\\/www.xing.com\\\/news\\\/pages\\\/organisator-ch-695\",\"https:\\\/\\\/www.youtube.com\\\/channel\\\/UCGP2Sq0iWaZwT3BdIAQFYpw\"]},{\"@type\":\"Person\",\"@id\":\"https:\\\/\\\/www.organisator.ch\\\/#\\\/schema\\\/person\\\/134708ca9321c57b0362cceb7948ffbd\",\"name\":\"michael.merz\",\"image\":{\"@type\":\"ImageObject\",\"inLanguage\":\"fr-FR\",\"@id\":\"https:\\\/\\\/secure.gravatar.com\\\/avatar\\\/?s=96&d=mm&r=g\",\"url\":\"https:\\\/\\\/secure.gravatar.com\\\/avatar\\\/?s=96&d=mm&r=g\",\"contentUrl\":\"https:\\\/\\\/secure.gravatar.com\\\/avatar\\\/?s=96&d=mm&r=g\",\"caption\":\"michael.merz\"},\"url\":\"https:\\\/\\\/www.organisator.ch\\\/fr\\\/author\\\/michael-merz\\\/\"}]}<\/script>\n<!-- \/ Yoast SEO plugin. -->","yoast_head_json":{"title":"Aper\u00e7u de Swissbau 2020 - Organisateur","description":"Swissbau 2020 pr\u00e9sente des d\u00e9veloppements innovants en mati\u00e8re d'efficacit\u00e9 \u00e9nerg\u00e9tique, d'\u00e9nergies renouvelables et de respect du climat.","robots":{"index":"index","follow":"follow","max-snippet":"max-snippet:-1","max-image-preview":"max-image-preview:large","max-video-preview":"max-video-preview:-1"},"canonical":"https:\/\/www.organisator.ch\/fr\/general\/2019-12-17\/vorschau-zur-swissbau-2020\/","og_locale":"fr_FR","og_type":"article","og_title":"Vorschau zur Swissbau 2020 - Organisator","og_description":"Swissbau 2020 pr\u00e4sentiert innovative Entwicklungen in Energieeffizienz, erneuerbaren Energien und Klimafreundlichkeit.","og_url":"https:\/\/www.organisator.ch\/fr\/general\/2019-12-17\/vorschau-zur-swissbau-2020\/","og_site_name":"Organisator","article_publisher":"https:\/\/www.facebook.com\/OrganisatorFachmagazin","article_published_time":"2019-12-17T05:45:34+00:00","article_modified_time":"2024-11-07T05:17:15+00:00","og_image":[{"width":2560,"height":1707,"url":"https:\/\/www.organisator.ch\/wp-content\/uploads\/2019\/12\/swissbau-up-umweltperspektiven-scaled.jpg","type":"image\/jpeg"}],"author":"michael.merz","twitter_card":"summary_large_image","schema":{"@context":"https:\/\/schema.org","@graph":[{"@type":"Article","@id":"https:\/\/www.organisator.ch\/allgemein\/2019-12-17\/vorschau-zur-swissbau-2020\/#article","isPartOf":{"@id":"https:\/\/www.organisator.ch\/allgemein\/2019-12-17\/vorschau-zur-swissbau-2020\/"},"author":{"name":"michael.merz","@id":"https:\/\/www.organisator.ch\/#\/schema\/person\/134708ca9321c57b0362cceb7948ffbd"},"headline":"Vorschau zur Swissbau 2020","datePublished":"2019-12-17T05:45:34+00:00","dateModified":"2024-11-07T05:17:15+00:00","mainEntityOfPage":{"@id":"https:\/\/www.organisator.ch\/allgemein\/2019-12-17\/vorschau-zur-swissbau-2020\/"},"wordCount":488,"publisher":{"@id":"https:\/\/www.organisator.ch\/#organization"},"image":{"@id":"https:\/\/www.organisator.ch\/allgemein\/2019-12-17\/vorschau-zur-swissbau-2020\/#primaryimage"},"thumbnailUrl":"https:\/\/www.organisator.ch\/wp-content\/uploads\/2019\/12\/swissbau-up-umweltperspektiven-scaled.jpg","keywords":["Messe","Swissbau"],"articleSection":["Allgemein"],"inLanguage":"fr-FR"},{"@type":"WebPage","@id":"https:\/\/www.organisator.ch\/allgemein\/2019-12-17\/vorschau-zur-swissbau-2020\/","url":"https:\/\/www.organisator.ch\/allgemein\/2019-12-17\/vorschau-zur-swissbau-2020\/","name":"Aper\u00e7u de Swissbau 2020 - Organisateur","isPartOf":{"@id":"https:\/\/www.organisator.ch\/#website"},"primaryImageOfPage":{"@id":"https:\/\/www.organisator.ch\/allgemein\/2019-12-17\/vorschau-zur-swissbau-2020\/#primaryimage"},"image":{"@id":"https:\/\/www.organisator.ch\/allgemein\/2019-12-17\/vorschau-zur-swissbau-2020\/#primaryimage"},"thumbnailUrl":"https:\/\/www.organisator.ch\/wp-content\/uploads\/2019\/12\/swissbau-up-umweltperspektiven-scaled.jpg","datePublished":"2019-12-17T05:45:34+00:00","dateModified":"2024-11-07T05:17:15+00:00","description":"Swissbau 2020 pr\u00e9sente des d\u00e9veloppements innovants en mati\u00e8re d'efficacit\u00e9 \u00e9nerg\u00e9tique, d'\u00e9nergies renouvelables et de respect du climat.","breadcrumb":{"@id":"https:\/\/www.organisator.ch\/allgemein\/2019-12-17\/vorschau-zur-swissbau-2020\/#breadcrumb"},"inLanguage":"fr-FR","potentialAction":[{"@type":"ReadAction","target":["https:\/\/www.organisator.ch\/allgemein\/2019-12-17\/vorschau-zur-swissbau-2020\/"]}]},{"@type":"ImageObject","inLanguage":"fr-FR","@id":"https:\/\/www.organisator.ch\/allgemein\/2019-12-17\/vorschau-zur-swissbau-2020\/#primaryimage","url":"https:\/\/www.organisator.ch\/wp-content\/uploads\/2019\/12\/swissbau-up-umweltperspektiven-scaled.jpg","contentUrl":"https:\/\/www.organisator.ch\/wp-content\/uploads\/2019\/12\/swissbau-up-umweltperspektiven-scaled.jpg","width":2560,"height":1707,"caption":"Energieeffizienz, erneuerbare Energien und Klimafreundlichkeit: An der Swissbau im Januar werden die neusten Entwicklungen pr\u00e4sentiert. (Bild: Swissbau 2018_Gebaeudetechnik | BLUETRAC AG)"},{"@type":"BreadcrumbList","@id":"https:\/\/www.organisator.ch\/allgemein\/2019-12-17\/vorschau-zur-swissbau-2020\/#breadcrumb","itemListElement":[{"@type":"ListItem","position":1,"name":"Home","item":"https:\/\/www.organisator.ch\/"},{"@type":"ListItem","position":2,"name":"Vorschau zur Swissbau 2020"}]},{"@type":"WebSite","@id":"https:\/\/www.organisator.ch\/#website","url":"https:\/\/www.organisator.ch\/","name":"Organisateur","description":"Comp\u00e9tence et comp\u00e9tence. Proches de la pratique. L'ORGANISATEUR pr\u00e9pare 10 num\u00e9ros par an sur les th\u00e8mes essentiels pour les dirigeants de PME.","publisher":{"@id":"https:\/\/www.organisator.ch\/#organization"},"potentialAction":[{"@type":"SearchAction","target":{"@type":"EntryPoint","urlTemplate":"https:\/\/www.organisator.ch\/?s={search_term_string}"},"query-input":{"@type":"PropertyValueSpecification","valueRequired":true,"valueName":"search_term_string"}}],"inLanguage":"fr-FR"},{"@type":"Organization","@id":"https:\/\/www.organisator.ch\/#organization","name":"Organisateur","url":"https:\/\/www.organisator.ch\/","logo":{"@type":"ImageObject","inLanguage":"fr-FR","@id":"https:\/\/www.organisator.ch\/#\/schema\/logo\/image\/","url":"https:\/\/www.organisator.ch\/wp-content\/uploads\/2022\/01\/Logo_Organisator_Website.png","contentUrl":"https:\/\/www.organisator.ch\/wp-content\/uploads\/2022\/01\/Logo_Organisator_Website.png","width":800,"height":77,"caption":"Organisator"},"image":{"@id":"https:\/\/www.organisator.ch\/#\/schema\/logo\/image\/"},"sameAs":["https:\/\/www.facebook.com\/OrganisatorFachmagazin","https:\/\/www.linkedin.com\/showcase\/organisator-das-magazin-fr-kmu","https:\/\/www.xing.com\/news\/pages\/organisator-ch-695","https:\/\/www.youtube.com\/channel\/UCGP2Sq0iWaZwT3BdIAQFYpw"]},{"@type":"Person","@id":"https:\/\/www.organisator.ch\/#\/schema\/person\/134708ca9321c57b0362cceb7948ffbd","name":"michael.merz","image":{"@type":"ImageObject","inLanguage":"fr-FR","@id":"https:\/\/secure.gravatar.com\/avatar\/?s=96&d=mm&r=g","url":"https:\/\/secure.gravatar.com\/avatar\/?s=96&d=mm&r=g","contentUrl":"https:\/\/secure.gravatar.com\/avatar\/?s=96&d=mm&r=g","caption":"michael.merz"},"url":"https:\/\/www.organisator.ch\/fr\/author\/michael-merz\/"}]}},"_links":{"self":[{"href":"https:\/\/www.organisator.ch\/fr\/wp-json\/wp\/v2\/posts\/10139","targetHints":{"allow":["GET"]}}],"collection":[{"href":"https:\/\/www.organisator.ch\/fr\/wp-json\/wp\/v2\/posts"}],"about":[{"href":"https:\/\/www.organisator.ch\/fr\/wp-json\/wp\/v2\/types\/post"}],"author":[{"embeddable":true,"href":"https:\/\/www.organisator.ch\/fr\/wp-json\/wp\/v2\/users\/5"}],"replies":[{"embeddable":true,"href":"https:\/\/www.organisator.ch\/fr\/wp-json\/wp\/v2\/comments?post=10139"}],"version-history":[{"count":2,"href":"https:\/\/www.organisator.ch\/fr\/wp-json\/wp\/v2\/posts\/10139\/revisions"}],"predecessor-version":[{"id":31623,"href":"https:\/\/www.organisator.ch\/fr\/wp-json\/wp\/v2\/posts\/10139\/revisions\/31623"}],"wp:featuredmedia":[{"embeddable":true,"href":"https:\/\/www.organisator.ch\/fr\/wp-json\/wp\/v2\/media\/9665"}],"wp:attachment":[{"href":"https:\/\/www.organisator.ch\/fr\/wp-json\/wp\/v2\/media?parent=10139"}],"wp:term":[{"taxonomy":"category","embeddable":true,"href":"https:\/\/www.organisator.ch\/fr\/wp-json\/wp\/v2\/categories?post=10139"},{"taxonomy":"post_tag","embeddable":true,"href":"https:\/\/www.organisator.ch\/fr\/wp-json\/wp\/v2\/tags?post=10139"}],"curies":[{"name":"wp","href":"https:\/\/api.w.org\/{rel}","templated":true}]}}