{"id":10148,"date":"2020-01-28T10:33:18","date_gmt":"2020-01-28T09:33:18","guid":{"rendered":"https:\/\/www.umweltperspektiven.ch\/?p=2781"},"modified":"2022-02-09T11:10:50","modified_gmt":"2022-02-09T10:10:50","slug":"start-des-naturfonds-salzgut","status":"publish","type":"post","link":"https:\/\/www.organisator.ch\/fr\/sustainability\/2020-01-28\/start-des-naturfonds-salzgut\/","title":{"rendered":"Lancement du fonds naturel \"Bien sal\u00e9"},"content":{"rendered":"<figure id=\"attachment_2782\" aria-describedby=\"caption-attachment-2782\" style=\"width: 680px\" class=\"wp-caption alignnone\"><img loading=\"lazy\" decoding=\"async\" class=\"size-medium wp-image-2782\" src=\"\/\/www.umweltperspektiven.ch\/wp-content\/uploads\/2020\/01\/Salz-Schweiz-Natur-Fonds-UP_Umwelt-Perspektiven.jpg\" alt=\"\" width=\"680\" height=\"453\" srcset=\"https:\/\/www.organisator.ch\/wp-content\/uploads\/2020\/01\/Salz-Schweiz-Natur-Fonds-UP_Umwelt-Perspektiven.jpg 1280w, https:\/\/www.organisator.ch\/wp-content\/uploads\/2020\/01\/Salz-Schweiz-Natur-Fonds-UP_Umwelt-Perspektiven-680x453.jpg 680w, https:\/\/www.organisator.ch\/wp-content\/uploads\/2020\/01\/Salz-Schweiz-Natur-Fonds-UP_Umwelt-Perspektiven-1024x682.jpg 1024w, https:\/\/www.organisator.ch\/wp-content\/uploads\/2020\/01\/Salz-Schweiz-Natur-Fonds-UP_Umwelt-Perspektiven-768x512.jpg 768w, https:\/\/www.organisator.ch\/wp-content\/uploads\/2020\/01\/Salz-Schweiz-Natur-Fonds-UP_Umwelt-Perspektiven-18x12.jpg 18w, https:\/\/www.organisator.ch\/wp-content\/uploads\/2020\/01\/Salz-Schweiz-Natur-Fonds-UP_Umwelt-Perspektiven-263x175.jpg 263w, https:\/\/www.organisator.ch\/wp-content\/uploads\/2020\/01\/Salz-Schweiz-Natur-Fonds-UP_Umwelt-Perspektiven-525x350.jpg 525w, https:\/\/www.organisator.ch\/wp-content\/uploads\/2020\/01\/Salz-Schweiz-Natur-Fonds-UP_Umwelt-Perspektiven-1200x800.jpg 1200w, https:\/\/www.organisator.ch\/wp-content\/uploads\/2020\/01\/Salz-Schweiz-Natur-Fonds-UP_Umwelt-Perspektiven-920x613.jpg 920w, https:\/\/www.organisator.ch\/wp-content\/uploads\/2020\/01\/Salz-Schweiz-Natur-Fonds-UP_Umwelt-Perspektiven-300x200.jpg 300w\" sizes=\"auto, (max-width: 680px) 100vw, 680px\" \/><figcaption id=\"caption-attachment-2782\" class=\"wp-caption-text\">Le sel n'est pas seulement n\u00e9cessaire pour le d\u00e9neigement, le fonds naturel 'Bien sal\u00e9' symbolise l'approche durable et solidaire des Salines suisses. (Image : nsp.novatask.biz)<\/figcaption><\/figure>\n<p>Les Salines Suisses ont lanc\u00e9 aujourd'hui le fonds naturel \"Bien sal\u00e9\" en collaboration avec diff\u00e9rentes associations de protection de la nature et de l'environnement ainsi qu'avec des repr\u00e9sentants de communes des cantons de B\u00e2le-Campagne et d'Argovie. Le fonds naturel s'adresse aux institutions d'utilit\u00e9 publique, aux communes et aux initiatives priv\u00e9es dans les r\u00e9gions d'o\u00f9 provient le sel indig\u00e8ne.<br \/>\nsel.<\/p>\n<p><strong>Coop\u00e9ration entre les salines suisses et les associations de protection de l'environnement\u00a0<\/strong><\/p>\n<p>K\u00f6bi Frei, pr\u00e9sident du conseil d'administration des Salines Suisses : \"Le fonds naturel 'Bien sal\u00e9' symbolise l'approche durable et solidaire des Salines Suisses. Il refl\u00e8te les avantages \u00e9cologiques de la production locale de sel en les ramenant pour ainsi dire \u00e0 leur origine. Nous voulons ainsi exprimer notre respect pour l'homme et la nature au-del\u00e0 de nos domaines d'activit\u00e9 imm\u00e9diats\".<br \/>\nLe fonds naturel \"Patrimoine salin\" a \u00e9t\u00e9 cr\u00e9\u00e9 apr\u00e8s des discussions intensives et en \u00e9troite collaboration entre les Salines suisses et diff\u00e9rentes associations de protection de la nature et de l'environnement ainsi que des repr\u00e9sentants des communes et des autorit\u00e9s cantonales.<\/p>\n<p><strong>Projets locaux de promotion de la biodiversit\u00e9<\/strong><br \/>\nLe fonds naturel \"Salzgut\" agit ind\u00e9pendamment des mesures de compensation directes dans le cadre de l'exploitation du sel. Il soutient des projets de promotion de la biodiversit\u00e9 dans les domaines de la protection de la nature et du paysage, de la for\u00eat, des cours d'eau, des terres cultiv\u00e9es et des zones d'habitation. En outre, des projets d'\u00e9ducation \u00e0 l'environnement peuvent \u00e9galement \u00eatre soumis. Dr. Raffael Ay\u00e9, responsable du secteur Conservation des esp\u00e8ces chez BirdLife Suisse et participant au groupe de travail participatif souligne<\/p>\n<p>\"La distinction claire entre les mesures de compensation obligatoires et les mesures volontaires dans le cadre du fonds naturel est tout aussi exemplaire que l'approche participative largement soutenue. Nous nous r\u00e9jouissons que d'autres projets de protection et de promotion de la biodiversit\u00e9 puissent voir le jour gr\u00e2ce au fonds naturel 'Salzgut'\".<\/p>\n<p>L'accent est mis sur des projets locaux dans les communes o\u00f9 les Salines Suisses produisent du sel local. Il s'agit actuellement des communes de Pratteln et Muttenz dans le canton de B\u00e2le-Campagne, de Rheinfelden et M\u00f6hlin dans le canton d'Argovie et de Bex dans le canton de Vaud. En outre, il est \u00e9galement possible de soutenir des projets dans les autres r\u00e9gions du nord-ouest de la Suisse (B\u00e2le-Campagne, Fricktal, Dorneck-Thierstein) ainsi que dans les environs de Bex (districts d'Aigle, de Monthey et de St-Maurice).<br \/>\nLes projets peuvent d\u00e8s \u00e0 pr\u00e9sent \u00eatre d\u00e9pos\u00e9s en ligne via www.salzgut.ch ou par e-mail \u00e0 l'adresse suivante<\/p>\n<p><strong>Le conseil d'experts \u00e9value les projets<\/strong><br \/>\nL'attribution des subventions est d\u00e9cid\u00e9e par un conseil d'experts compos\u00e9 de sept \u00e0 neuf experts techniques et de deux repr\u00e9sentants des Salines Suisses. Le pr\u00e9sident du conseil d'experts est le biologiste Benedikt Schmidt. Il est collaborateur du domaine sp\u00e9cialis\u00e9 des amphibiens chez info fauna karch ainsi que chef de groupe de recherche et charg\u00e9 de cours \u00e0 l'Institut de biologie de l'\u00e9volution et des sciences environnementales de l'Universit\u00e9 de Zurich. Le secr\u00e9tariat de \"Salzgut\" est la soci\u00e9t\u00e9 Pan Bern AG, un bureau de conseil et de prestations de services dans le domaine de la planification, de l'environnement et de l'utilisation durable des ressources.<\/p>\n<p>Les salines suisses financent \"Salzgut\" en versant au fonds 1 franc par tonne de sel extraite. La cl\u00e9 de r\u00e9partition correspond approximativement aux quantit\u00e9s extraites sur chaque site.<\/p>\n<p><a href=\"\/\/www.salzgut.ch\/\" target=\"_blank\" rel=\"noopener\">www.salzgut.ch<\/a><\/p>\n<p>&nbsp;<\/p>\n<p>&nbsp;<\/p>\n<p>Les projets peuvent d\u00e8s \u00e0 pr\u00e9sent \u00eatre d\u00e9pos\u00e9s en ligne via www.salzgut.ch ou par e-mail \u00e0 info@salzgut.ch.<br \/>\n\u00eatre.<\/p>","protected":false},"excerpt":{"rendered":"<p>Die Schweizer Salinen haben heute den Naturfonds \u00abSalzgut\u00bb gemeinsam mit verschiedenen Natur- und Umweltschutzverb\u00e4nden sowie mit Vertreterinnen und Vertretern von Gemeinden aus dem Kanton Basel-Landschaft und dem Kanton Aargau lanciert. Der Naturfonds richtet sich an gemeinn\u00fctzige Institutionen, Gemeinden und private Initiativen in den Regionen, aus denen das heimische Salz stammt. Kooperationen zwischen Schweizer Salinen und [&hellip;]<\/p>\n","protected":false},"author":5,"featured_media":2782,"comment_status":"closed","ping_status":"closed","sticky":false,"template":"","format":"standard","meta":{"_acf_changed":false,"_yoast_wpseo_focuskw":"Salzgut","_yoast_wpseo_metadesc":"Die Schweizer Salinen haben den Naturfonds \u00abSalzgut\u00bb lanciert. Der Fonds unterst\u00fctzt lokale Projekte f\u00fcr den Natur- und Landschaftsschutz.","articlekey":"","footnotes":""},"categories":[580],"tags":[829,1808,2044,424],"class_list":["post-10148","post","type-post","status-publish","format-standard","has-post-thumbnail","hentry","category-sustainability","tag-biodiversitaet","tag-naturfonds","tag-salinen","tag-schweiz"],"acf":[],"yoast_head":"<!-- This site is optimized with the Yoast SEO plugin v27.5 - https:\/\/yoast.com\/product\/yoast-seo-wordpress\/ -->\n<title>Start des Naturfonds \u00abSalzgut\u00bb - Organisator<\/title>\n<meta name=\"description\" content=\"Die Schweizer Salinen haben den Naturfonds \u00abSalzgut\u00bb lanciert. Der Fonds unterst\u00fctzt lokale Projekte f\u00fcr den Natur- und Landschaftsschutz.\" \/>\n<meta name=\"robots\" content=\"index, follow, max-snippet:-1, max-image-preview:large, max-video-preview:-1\" \/>\n<link rel=\"canonical\" href=\"https:\/\/www.organisator.ch\/fr\/sustainability\/2020-01-28\/start-des-naturfonds-salzgut\/\" \/>\n<meta property=\"og:locale\" content=\"fr_FR\" \/>\n<meta property=\"og:type\" content=\"article\" \/>\n<meta property=\"og:title\" content=\"Start des Naturfonds \u00abSalzgut\u00bb - Organisator\" \/>\n<meta property=\"og:description\" content=\"Die Schweizer Salinen haben den Naturfonds \u00abSalzgut\u00bb lanciert. Der Fonds unterst\u00fctzt lokale Projekte f\u00fcr den Natur- und Landschaftsschutz.\" \/>\n<meta property=\"og:url\" content=\"https:\/\/www.organisator.ch\/fr\/sustainability\/2020-01-28\/start-des-naturfonds-salzgut\/\" \/>\n<meta property=\"og:site_name\" content=\"Organisator\" \/>\n<meta property=\"article:publisher\" content=\"https:\/\/www.facebook.com\/OrganisatorFachmagazin\" \/>\n<meta property=\"article:published_time\" content=\"2020-01-28T09:33:18+00:00\" \/>\n<meta property=\"article:modified_time\" content=\"2022-02-09T10:10:50+00:00\" \/>\n<meta property=\"og:image\" content=\"https:\/\/www.organisator.ch\/wp-content\/uploads\/2020\/01\/Salz-Schweiz-Natur-Fonds-UP_Umwelt-Perspektiven.jpg\" \/>\n\t<meta property=\"og:image:width\" content=\"1280\" \/>\n\t<meta property=\"og:image:height\" content=\"853\" \/>\n\t<meta property=\"og:image:type\" content=\"image\/jpeg\" \/>\n<meta name=\"author\" content=\"michael.merz\" \/>\n<meta name=\"twitter:card\" content=\"summary_large_image\" \/>\n<script type=\"application\/ld+json\" class=\"yoast-schema-graph\">{\"@context\":\"https:\\\/\\\/schema.org\",\"@graph\":[{\"@type\":\"Article\",\"@id\":\"https:\\\/\\\/www.organisator.ch\\\/sustainability\\\/2020-01-28\\\/start-des-naturfonds-salzgut\\\/#article\",\"isPartOf\":{\"@id\":\"https:\\\/\\\/www.organisator.ch\\\/sustainability\\\/2020-01-28\\\/start-des-naturfonds-salzgut\\\/\"},\"author\":{\"name\":\"michael.merz\",\"@id\":\"https:\\\/\\\/www.organisator.ch\\\/#\\\/schema\\\/person\\\/134708ca9321c57b0362cceb7948ffbd\"},\"headline\":\"Start des Naturfonds \u00abSalzgut\u00bb\",\"datePublished\":\"2020-01-28T09:33:18+00:00\",\"dateModified\":\"2022-02-09T10:10:50+00:00\",\"mainEntityOfPage\":{\"@id\":\"https:\\\/\\\/www.organisator.ch\\\/sustainability\\\/2020-01-28\\\/start-des-naturfonds-salzgut\\\/\"},\"wordCount\":525,\"publisher\":{\"@id\":\"https:\\\/\\\/www.organisator.ch\\\/#organization\"},\"image\":{\"@id\":\"https:\\\/\\\/www.organisator.ch\\\/sustainability\\\/2020-01-28\\\/start-des-naturfonds-salzgut\\\/#primaryimage\"},\"thumbnailUrl\":\"https:\\\/\\\/www.organisator.ch\\\/wp-content\\\/uploads\\\/2020\\\/01\\\/Salz-Schweiz-Natur-Fonds-UP_Umwelt-Perspektiven.jpg\",\"keywords\":[\"Biodiversit\u00e4t\",\"Naturfonds\",\"Salinen\",\"Schweiz\"],\"articleSection\":[\"SUSTAINABILITY\"],\"inLanguage\":\"fr-FR\"},{\"@type\":\"WebPage\",\"@id\":\"https:\\\/\\\/www.organisator.ch\\\/sustainability\\\/2020-01-28\\\/start-des-naturfonds-salzgut\\\/\",\"url\":\"https:\\\/\\\/www.organisator.ch\\\/sustainability\\\/2020-01-28\\\/start-des-naturfonds-salzgut\\\/\",\"name\":\"Start des Naturfonds \u00abSalzgut\u00bb - Organisator\",\"isPartOf\":{\"@id\":\"https:\\\/\\\/www.organisator.ch\\\/#website\"},\"primaryImageOfPage\":{\"@id\":\"https:\\\/\\\/www.organisator.ch\\\/sustainability\\\/2020-01-28\\\/start-des-naturfonds-salzgut\\\/#primaryimage\"},\"image\":{\"@id\":\"https:\\\/\\\/www.organisator.ch\\\/sustainability\\\/2020-01-28\\\/start-des-naturfonds-salzgut\\\/#primaryimage\"},\"thumbnailUrl\":\"https:\\\/\\\/www.organisator.ch\\\/wp-content\\\/uploads\\\/2020\\\/01\\\/Salz-Schweiz-Natur-Fonds-UP_Umwelt-Perspektiven.jpg\",\"datePublished\":\"2020-01-28T09:33:18+00:00\",\"dateModified\":\"2022-02-09T10:10:50+00:00\",\"description\":\"Die Schweizer Salinen haben den Naturfonds \u00abSalzgut\u00bb lanciert. Der Fonds unterst\u00fctzt lokale Projekte f\u00fcr den Natur- und Landschaftsschutz.\",\"breadcrumb\":{\"@id\":\"https:\\\/\\\/www.organisator.ch\\\/sustainability\\\/2020-01-28\\\/start-des-naturfonds-salzgut\\\/#breadcrumb\"},\"inLanguage\":\"fr-FR\",\"potentialAction\":[{\"@type\":\"ReadAction\",\"target\":[\"https:\\\/\\\/www.organisator.ch\\\/sustainability\\\/2020-01-28\\\/start-des-naturfonds-salzgut\\\/\"]}]},{\"@type\":\"ImageObject\",\"inLanguage\":\"fr-FR\",\"@id\":\"https:\\\/\\\/www.organisator.ch\\\/sustainability\\\/2020-01-28\\\/start-des-naturfonds-salzgut\\\/#primaryimage\",\"url\":\"https:\\\/\\\/www.organisator.ch\\\/wp-content\\\/uploads\\\/2020\\\/01\\\/Salz-Schweiz-Natur-Fonds-UP_Umwelt-Perspektiven.jpg\",\"contentUrl\":\"https:\\\/\\\/www.organisator.ch\\\/wp-content\\\/uploads\\\/2020\\\/01\\\/Salz-Schweiz-Natur-Fonds-UP_Umwelt-Perspektiven.jpg\",\"width\":1280,\"height\":853,\"caption\":\"Salz braucht man nicht nur f\u00fcr Schneer\u00e4umungen, der Naturfonds \u2039Salzgut\u203a steht f\u00fcr den nachhaltigen und solidarischen Ansatz der Schweizer Salinen. (Bild: nsp.novatask.biz)\"},{\"@type\":\"BreadcrumbList\",\"@id\":\"https:\\\/\\\/www.organisator.ch\\\/sustainability\\\/2020-01-28\\\/start-des-naturfonds-salzgut\\\/#breadcrumb\",\"itemListElement\":[{\"@type\":\"ListItem\",\"position\":1,\"name\":\"Home\",\"item\":\"https:\\\/\\\/www.organisator.ch\\\/\"},{\"@type\":\"ListItem\",\"position\":2,\"name\":\"Start des Naturfonds \u00abSalzgut\u00bb\"}]},{\"@type\":\"WebSite\",\"@id\":\"https:\\\/\\\/www.organisator.ch\\\/#website\",\"url\":\"https:\\\/\\\/www.organisator.ch\\\/\",\"name\":\"Organisator\",\"description\":\"Kompetent. Praxisnah. Der ORGANISATOR bereitet in 10 Ausgaben pro Jahr die wesentlichen Themen f\u00fcr F\u00fchrungskr\u00e4fte von KMU auf.\",\"publisher\":{\"@id\":\"https:\\\/\\\/www.organisator.ch\\\/#organization\"},\"potentialAction\":[{\"@type\":\"SearchAction\",\"target\":{\"@type\":\"EntryPoint\",\"urlTemplate\":\"https:\\\/\\\/www.organisator.ch\\\/?s={search_term_string}\"},\"query-input\":{\"@type\":\"PropertyValueSpecification\",\"valueRequired\":true,\"valueName\":\"search_term_string\"}}],\"inLanguage\":\"fr-FR\"},{\"@type\":\"Organization\",\"@id\":\"https:\\\/\\\/www.organisator.ch\\\/#organization\",\"name\":\"Organisator\",\"url\":\"https:\\\/\\\/www.organisator.ch\\\/\",\"logo\":{\"@type\":\"ImageObject\",\"inLanguage\":\"fr-FR\",\"@id\":\"https:\\\/\\\/www.organisator.ch\\\/#\\\/schema\\\/logo\\\/image\\\/\",\"url\":\"https:\\\/\\\/www.organisator.ch\\\/wp-content\\\/uploads\\\/2022\\\/01\\\/Logo_Organisator_Website.png\",\"contentUrl\":\"https:\\\/\\\/www.organisator.ch\\\/wp-content\\\/uploads\\\/2022\\\/01\\\/Logo_Organisator_Website.png\",\"width\":800,\"height\":77,\"caption\":\"Organisator\"},\"image\":{\"@id\":\"https:\\\/\\\/www.organisator.ch\\\/#\\\/schema\\\/logo\\\/image\\\/\"},\"sameAs\":[\"https:\\\/\\\/www.facebook.com\\\/OrganisatorFachmagazin\",\"https:\\\/\\\/www.linkedin.com\\\/showcase\\\/organisator-das-magazin-fr-kmu\",\"https:\\\/\\\/www.xing.com\\\/news\\\/pages\\\/organisator-ch-695\",\"https:\\\/\\\/www.youtube.com\\\/channel\\\/UCGP2Sq0iWaZwT3BdIAQFYpw\"]},{\"@type\":\"Person\",\"@id\":\"https:\\\/\\\/www.organisator.ch\\\/#\\\/schema\\\/person\\\/134708ca9321c57b0362cceb7948ffbd\",\"name\":\"michael.merz\",\"image\":{\"@type\":\"ImageObject\",\"inLanguage\":\"fr-FR\",\"@id\":\"https:\\\/\\\/secure.gravatar.com\\\/avatar\\\/?s=96&d=mm&r=g\",\"url\":\"https:\\\/\\\/secure.gravatar.com\\\/avatar\\\/?s=96&d=mm&r=g\",\"contentUrl\":\"https:\\\/\\\/secure.gravatar.com\\\/avatar\\\/?s=96&d=mm&r=g\",\"caption\":\"michael.merz\"},\"url\":\"https:\\\/\\\/www.organisator.ch\\\/fr\\\/author\\\/michael-merz\\\/\"}]}<\/script>\n<!-- \/ Yoast SEO plugin. -->","yoast_head_json":{"title":"Lancement du fonds naturel \"Bien sal\u00e9\" - Organisateur","description":"Les Salines Suisses ont lanc\u00e9 le fonds naturel \"Bien sal\u00e9\". Ce fonds soutient des projets locaux de protection de la nature et du paysage.","robots":{"index":"index","follow":"follow","max-snippet":"max-snippet:-1","max-image-preview":"max-image-preview:large","max-video-preview":"max-video-preview:-1"},"canonical":"https:\/\/www.organisator.ch\/fr\/sustainability\/2020-01-28\/start-des-naturfonds-salzgut\/","og_locale":"fr_FR","og_type":"article","og_title":"Start des Naturfonds \u00abSalzgut\u00bb - Organisator","og_description":"Die Schweizer Salinen haben den Naturfonds \u00abSalzgut\u00bb lanciert. Der Fonds unterst\u00fctzt lokale Projekte f\u00fcr den Natur- und Landschaftsschutz.","og_url":"https:\/\/www.organisator.ch\/fr\/sustainability\/2020-01-28\/start-des-naturfonds-salzgut\/","og_site_name":"Organisator","article_publisher":"https:\/\/www.facebook.com\/OrganisatorFachmagazin","article_published_time":"2020-01-28T09:33:18+00:00","article_modified_time":"2022-02-09T10:10:50+00:00","og_image":[{"width":1280,"height":853,"url":"https:\/\/www.organisator.ch\/wp-content\/uploads\/2020\/01\/Salz-Schweiz-Natur-Fonds-UP_Umwelt-Perspektiven.jpg","type":"image\/jpeg"}],"author":"michael.merz","twitter_card":"summary_large_image","schema":{"@context":"https:\/\/schema.org","@graph":[{"@type":"Article","@id":"https:\/\/www.organisator.ch\/sustainability\/2020-01-28\/start-des-naturfonds-salzgut\/#article","isPartOf":{"@id":"https:\/\/www.organisator.ch\/sustainability\/2020-01-28\/start-des-naturfonds-salzgut\/"},"author":{"name":"michael.merz","@id":"https:\/\/www.organisator.ch\/#\/schema\/person\/134708ca9321c57b0362cceb7948ffbd"},"headline":"Start des Naturfonds \u00abSalzgut\u00bb","datePublished":"2020-01-28T09:33:18+00:00","dateModified":"2022-02-09T10:10:50+00:00","mainEntityOfPage":{"@id":"https:\/\/www.organisator.ch\/sustainability\/2020-01-28\/start-des-naturfonds-salzgut\/"},"wordCount":525,"publisher":{"@id":"https:\/\/www.organisator.ch\/#organization"},"image":{"@id":"https:\/\/www.organisator.ch\/sustainability\/2020-01-28\/start-des-naturfonds-salzgut\/#primaryimage"},"thumbnailUrl":"https:\/\/www.organisator.ch\/wp-content\/uploads\/2020\/01\/Salz-Schweiz-Natur-Fonds-UP_Umwelt-Perspektiven.jpg","keywords":["Biodiversit\u00e4t","Naturfonds","Salinen","Schweiz"],"articleSection":["SUSTAINABILITY"],"inLanguage":"fr-FR"},{"@type":"WebPage","@id":"https:\/\/www.organisator.ch\/sustainability\/2020-01-28\/start-des-naturfonds-salzgut\/","url":"https:\/\/www.organisator.ch\/sustainability\/2020-01-28\/start-des-naturfonds-salzgut\/","name":"Lancement du fonds naturel \"Bien sal\u00e9\" - Organisateur","isPartOf":{"@id":"https:\/\/www.organisator.ch\/#website"},"primaryImageOfPage":{"@id":"https:\/\/www.organisator.ch\/sustainability\/2020-01-28\/start-des-naturfonds-salzgut\/#primaryimage"},"image":{"@id":"https:\/\/www.organisator.ch\/sustainability\/2020-01-28\/start-des-naturfonds-salzgut\/#primaryimage"},"thumbnailUrl":"https:\/\/www.organisator.ch\/wp-content\/uploads\/2020\/01\/Salz-Schweiz-Natur-Fonds-UP_Umwelt-Perspektiven.jpg","datePublished":"2020-01-28T09:33:18+00:00","dateModified":"2022-02-09T10:10:50+00:00","description":"Les Salines Suisses ont lanc\u00e9 le fonds naturel \"Bien sal\u00e9\". Ce fonds soutient des projets locaux de protection de la nature et du paysage.","breadcrumb":{"@id":"https:\/\/www.organisator.ch\/sustainability\/2020-01-28\/start-des-naturfonds-salzgut\/#breadcrumb"},"inLanguage":"fr-FR","potentialAction":[{"@type":"ReadAction","target":["https:\/\/www.organisator.ch\/sustainability\/2020-01-28\/start-des-naturfonds-salzgut\/"]}]},{"@type":"ImageObject","inLanguage":"fr-FR","@id":"https:\/\/www.organisator.ch\/sustainability\/2020-01-28\/start-des-naturfonds-salzgut\/#primaryimage","url":"https:\/\/www.organisator.ch\/wp-content\/uploads\/2020\/01\/Salz-Schweiz-Natur-Fonds-UP_Umwelt-Perspektiven.jpg","contentUrl":"https:\/\/www.organisator.ch\/wp-content\/uploads\/2020\/01\/Salz-Schweiz-Natur-Fonds-UP_Umwelt-Perspektiven.jpg","width":1280,"height":853,"caption":"Salz braucht man nicht nur f\u00fcr Schneer\u00e4umungen, der Naturfonds \u2039Salzgut\u203a steht f\u00fcr den nachhaltigen und solidarischen Ansatz der Schweizer Salinen. (Bild: nsp.novatask.biz)"},{"@type":"BreadcrumbList","@id":"https:\/\/www.organisator.ch\/sustainability\/2020-01-28\/start-des-naturfonds-salzgut\/#breadcrumb","itemListElement":[{"@type":"ListItem","position":1,"name":"Home","item":"https:\/\/www.organisator.ch\/"},{"@type":"ListItem","position":2,"name":"Start des Naturfonds \u00abSalzgut\u00bb"}]},{"@type":"WebSite","@id":"https:\/\/www.organisator.ch\/#website","url":"https:\/\/www.organisator.ch\/","name":"Organisateur","description":"Comp\u00e9tence et comp\u00e9tence. Proches de la pratique. L'ORGANISATEUR pr\u00e9pare 10 num\u00e9ros par an sur les th\u00e8mes essentiels pour les dirigeants de PME.","publisher":{"@id":"https:\/\/www.organisator.ch\/#organization"},"potentialAction":[{"@type":"SearchAction","target":{"@type":"EntryPoint","urlTemplate":"https:\/\/www.organisator.ch\/?s={search_term_string}"},"query-input":{"@type":"PropertyValueSpecification","valueRequired":true,"valueName":"search_term_string"}}],"inLanguage":"fr-FR"},{"@type":"Organization","@id":"https:\/\/www.organisator.ch\/#organization","name":"Organisateur","url":"https:\/\/www.organisator.ch\/","logo":{"@type":"ImageObject","inLanguage":"fr-FR","@id":"https:\/\/www.organisator.ch\/#\/schema\/logo\/image\/","url":"https:\/\/www.organisator.ch\/wp-content\/uploads\/2022\/01\/Logo_Organisator_Website.png","contentUrl":"https:\/\/www.organisator.ch\/wp-content\/uploads\/2022\/01\/Logo_Organisator_Website.png","width":800,"height":77,"caption":"Organisator"},"image":{"@id":"https:\/\/www.organisator.ch\/#\/schema\/logo\/image\/"},"sameAs":["https:\/\/www.facebook.com\/OrganisatorFachmagazin","https:\/\/www.linkedin.com\/showcase\/organisator-das-magazin-fr-kmu","https:\/\/www.xing.com\/news\/pages\/organisator-ch-695","https:\/\/www.youtube.com\/channel\/UCGP2Sq0iWaZwT3BdIAQFYpw"]},{"@type":"Person","@id":"https:\/\/www.organisator.ch\/#\/schema\/person\/134708ca9321c57b0362cceb7948ffbd","name":"michael.merz","image":{"@type":"ImageObject","inLanguage":"fr-FR","@id":"https:\/\/secure.gravatar.com\/avatar\/?s=96&d=mm&r=g","url":"https:\/\/secure.gravatar.com\/avatar\/?s=96&d=mm&r=g","contentUrl":"https:\/\/secure.gravatar.com\/avatar\/?s=96&d=mm&r=g","caption":"michael.merz"},"url":"https:\/\/www.organisator.ch\/fr\/author\/michael-merz\/"}]}},"_links":{"self":[{"href":"https:\/\/www.organisator.ch\/fr\/wp-json\/wp\/v2\/posts\/10148","targetHints":{"allow":["GET"]}}],"collection":[{"href":"https:\/\/www.organisator.ch\/fr\/wp-json\/wp\/v2\/posts"}],"about":[{"href":"https:\/\/www.organisator.ch\/fr\/wp-json\/wp\/v2\/types\/post"}],"author":[{"embeddable":true,"href":"https:\/\/www.organisator.ch\/fr\/wp-json\/wp\/v2\/users\/5"}],"replies":[{"embeddable":true,"href":"https:\/\/www.organisator.ch\/fr\/wp-json\/wp\/v2\/comments?post=10148"}],"version-history":[{"count":1,"href":"https:\/\/www.organisator.ch\/fr\/wp-json\/wp\/v2\/posts\/10148\/revisions"}],"predecessor-version":[{"id":11005,"href":"https:\/\/www.organisator.ch\/fr\/wp-json\/wp\/v2\/posts\/10148\/revisions\/11005"}],"wp:featuredmedia":[{"embeddable":true,"href":"https:\/\/www.organisator.ch\/fr\/wp-json\/wp\/v2\/media\/2782"}],"wp:attachment":[{"href":"https:\/\/www.organisator.ch\/fr\/wp-json\/wp\/v2\/media?parent=10148"}],"wp:term":[{"taxonomy":"category","embeddable":true,"href":"https:\/\/www.organisator.ch\/fr\/wp-json\/wp\/v2\/categories?post=10148"},{"taxonomy":"post_tag","embeddable":true,"href":"https:\/\/www.organisator.ch\/fr\/wp-json\/wp\/v2\/tags?post=10148"}],"curies":[{"name":"wp","href":"https:\/\/api.w.org\/{rel}","templated":true}]}}