{"id":10149,"date":"2020-01-28T10:41:03","date_gmt":"2020-01-28T09:41:03","guid":{"rendered":"https:\/\/www.umweltperspektiven.ch\/?p=2784"},"modified":"2022-02-09T11:05:35","modified_gmt":"2022-02-09T10:05:35","slug":"designwerk-stattet-basel-mit-elektrischen-muellfahrzeugen-aus","status":"publish","type":"post","link":"https:\/\/www.organisator.ch\/fr\/sustainability\/2020-01-28\/designwerk-stattet-basel-mit-elektrischen-muellfahrzeugen-aus\/","title":{"rendered":"Designwerk \u00e9quipe B\u00e2le de camions poubelles \u00e9lectriques"},"content":{"rendered":"<figure id=\"attachment_2785\" aria-describedby=\"caption-attachment-2785\" style=\"width: 622px\" class=\"wp-caption alignnone\"><img loading=\"lazy\" decoding=\"async\" class=\"size-full wp-image-2785\" src=\"\/\/www.umweltperspektiven.ch\/wp-content\/uploads\/2020\/01\/designwerk-M\u00fcllfahrzeug-UP_Umwelt-Perspektiven.jpg\" alt=\"\" width=\"622\" height=\"402\" \/><figcaption id=\"caption-attachment-2785\" class=\"wp-caption-text\">Les deux premi\u00e8res bennes \u00e0 ordures \u00e9lectriques devraient \u00eatre livr\u00e9es \u00e0 B\u00e2le-Ville d'ici la fin de l'ann\u00e9e. D'autres bennes \u00e0 ordures sont d\u00e9j\u00e0 command\u00e9es. (Image : Designwerk)<\/figcaption><\/figure>\n<p class=\"bodytext\">Le site\u00a0<a href=\"\/\/www.tiefbauamt.bs.ch\/\" target=\"_blank\" rel=\"noopener\">Service des travaux publics<\/a>\u00a0du site<a href=\"\/\/www.bs.ch\/\" target=\"_blank\" rel=\"noopener\">\u00a0Canton de B\u00e2le-Ville<\/a>\u00a0veut convertir les neuf dixi\u00e8mes de son parc de v\u00e9hicules en v\u00e9hicules \u00e9lectriques au cours des cinq prochaines ann\u00e9es. Au total, douze gros camions de collecte des d\u00e9chets seront remplac\u00e9s par des v\u00e9hicules \u00e9lectriques de la marque de v\u00e9hicules utilitaires\u00a0<a href=\"\/\/www.futuricum.com\/\" target=\"_blank\" rel=\"noopener\">Futuricum<\/a>\u00a0de l'usine de design de Winterthour, informe\u00a0<a href=\"\/\/www.designwerk.com\/\" target=\"_blank\" rel=\"noopener\">\u0152uvre de design<\/a>\u00a0dans une\u00a0<a href=\"\/\/www.designwerk.com\/elektrische-muellfahrzeuge-fuer-basel-kommen-von-futuricum\/\" target=\"_blank\" rel=\"noopener\">Communiqu\u00e9<\/a>. Selon ses propres dires, l'entreprise sp\u00e9cialis\u00e9e dans la mobilit\u00e9 \u00e9lectrique obtient ainsi la plus grosse commande suisse \u00e0 ce jour pour la livraison de v\u00e9hicules utilitaires \u00e9lectriques.<\/p>\n<p class=\"bodytext\">Les douze bennes \u00e0 ordures command\u00e9es par le canton de B\u00e2le sont des v\u00e9hicules de ramassage des ordures de type Collect 26E de la marque de v\u00e9hicules utilitaires Futuricum. Leur ch\u00e2ssis de base provient de l'entreprise partenaire\u00a0<a href=\"\/\/www.volvotrucks.com\/\" target=\"_blank\" rel=\"noopener\">Volvo Trucks<\/a>Pour les superstructures, elles aussi \u00e9lectriques, Designwerk a recours \u00e0 la technologie de l'\u00e9clairage de l'int\u00e9rieur.\u00a0<a href=\"\/\/www.contena-ochsner.ch\/\" target=\"_blank\" rel=\"noopener\">Contena-Ochsner AG<\/a>\u00a0de retour de la vall\u00e9e de la Limmat.<\/p>\n<p class=\"bodytext\">Avec 190 kilowattheures aux 100 kilom\u00e8tres en mode de collecte, la consommation du Collect 26E correspond \u00e0 un \u00e9quivalent diesel de 19,6 litres aux 100 kilom\u00e8tres, explique Designwerk dans son communiqu\u00e9. Selon elle, les v\u00e9hicules diesel des entreprises d'intervention du canton de B\u00e2le-Ville affichent en revanche une consommation moyenne de 90 litres aux 100 kilom\u00e8tres. \"Si l'on consid\u00e8re l'ensemble du cycle de vie de l'acquisition, de l'entretien et de l'exploitation\", les balayeuses \u00e9lectriques sont \"presque aussi ch\u00e8res que les v\u00e9hicules diesel\". Les investissements initiaux plus \u00e9lev\u00e9s sont compens\u00e9s par des co\u00fbts d'exploitation inf\u00e9rieurs d'\"environ 80 pour cent\".<\/p>\n<p class=\"bodytext\">Les deux premi\u00e8res bennes \u00e0 ordures \u00e9lectriques devraient \u00eatre livr\u00e9es d'ici la fin de l'ann\u00e9e. Le canton souhaite recevoir dix autres v\u00e9hicules d'ici la mi-2021. Les nouvelles bennes \u00e0 ordures \u00e9lectroniques peuvent \u00eatre recharg\u00e9es sur sept sites au total du service de nettoyage de la ville et du service des travaux publics.<\/p>","protected":false},"excerpt":{"rendered":"<p>Das\u00a0Tiefbauamt\u00a0des\u00a0Kantons Basel-Stadt\u00a0will seinen Fuhrpark innerhalb der n\u00e4chsten f\u00fcnf Jahre zu neun Zehntel auf elektrische Fahrzeuge umstellen. Insgesamt zw\u00f6lf\u00a0grosse M\u00fcllfahrzeuge sollen dabei nun durch\u00a0Elektrofahrzeuge der Nutzfahrzeugmarke\u00a0Futuricum\u00a0des Winterthurer Designwerks ersetzt werden, informiert\u00a0Designwerk\u00a0in einer\u00a0Mitteilung. Damit erh\u00e4lt das Unternehmen f\u00fcr Elektromobilit\u00e4t nach eigenen Angaben den bisher gr\u00f6ssten Schweizer Auftrag f\u00fcr die Lieferung von elektrischen Nutzfahrzeugen. Bei den vom Stadtkanton [&hellip;]<\/p>\n","protected":false},"author":5,"featured_media":2785,"comment_status":"closed","ping_status":"closed","sticky":false,"template":"","format":"standard","meta":{"_acf_changed":false,"_yoast_wpseo_focuskw":"Designwerk","_yoast_wpseo_metadesc":"Im Kanton Basel-Stadt werden zw\u00f6lf grosse M\u00fcllfahrzeuge durch elektrische Kehrichtlastwagen von der Winterthurer Firma Designwerk ersetzt.","articlekey":"","footnotes":""},"categories":[580],"tags":[654,773,1035],"class_list":["post-10149","post","type-post","status-publish","format-standard","has-post-thumbnail","hentry","category-sustainability","tag-abfall","tag-basel-stadt","tag-elektrofahrzeug"],"acf":[],"yoast_head":"<!-- This site is optimized with the Yoast SEO plugin v27.5 - https:\/\/yoast.com\/product\/yoast-seo-wordpress\/ -->\n<title>Designwerk stattet Basel mit elektrischen M\u00fcllfahrzeugen aus - Organisator<\/title>\n<meta name=\"description\" content=\"Im Kanton Basel-Stadt werden zw\u00f6lf grosse M\u00fcllfahrzeuge durch elektrische Kehrichtlastwagen von der Winterthurer Firma Designwerk ersetzt.\" \/>\n<meta name=\"robots\" content=\"index, follow, max-snippet:-1, max-image-preview:large, max-video-preview:-1\" \/>\n<link rel=\"canonical\" href=\"https:\/\/www.organisator.ch\/fr\/sustainability\/2020-01-28\/designwerk-stattet-basel-mit-elektrischen-muellfahrzeugen-aus\/\" \/>\n<meta property=\"og:locale\" content=\"fr_FR\" \/>\n<meta property=\"og:type\" content=\"article\" \/>\n<meta property=\"og:title\" content=\"Designwerk stattet Basel mit elektrischen M\u00fcllfahrzeugen aus - Organisator\" \/>\n<meta property=\"og:description\" content=\"Im Kanton Basel-Stadt werden zw\u00f6lf grosse M\u00fcllfahrzeuge durch elektrische Kehrichtlastwagen von der Winterthurer Firma Designwerk ersetzt.\" \/>\n<meta property=\"og:url\" content=\"https:\/\/www.organisator.ch\/fr\/sustainability\/2020-01-28\/designwerk-stattet-basel-mit-elektrischen-muellfahrzeugen-aus\/\" \/>\n<meta property=\"og:site_name\" content=\"Organisator\" \/>\n<meta property=\"article:publisher\" content=\"https:\/\/www.facebook.com\/OrganisatorFachmagazin\" \/>\n<meta property=\"article:published_time\" content=\"2020-01-28T09:41:03+00:00\" \/>\n<meta property=\"article:modified_time\" content=\"2022-02-09T10:05:35+00:00\" \/>\n<meta property=\"og:image\" content=\"https:\/\/www.organisator.ch\/wp-content\/uploads\/2020\/01\/designwerk-Muellfahrzeug-UP_Umwelt-Perspektiven.jpg\" \/>\n\t<meta property=\"og:image:width\" content=\"622\" \/>\n\t<meta property=\"og:image:height\" content=\"402\" \/>\n\t<meta property=\"og:image:type\" content=\"image\/jpeg\" \/>\n<meta name=\"author\" content=\"michael.merz\" \/>\n<meta name=\"twitter:card\" content=\"summary_large_image\" \/>\n<script type=\"application\/ld+json\" class=\"yoast-schema-graph\">{\"@context\":\"https:\\\/\\\/schema.org\",\"@graph\":[{\"@type\":\"Article\",\"@id\":\"https:\\\/\\\/www.organisator.ch\\\/sustainability\\\/2020-01-28\\\/designwerk-stattet-basel-mit-elektrischen-muellfahrzeugen-aus\\\/#article\",\"isPartOf\":{\"@id\":\"https:\\\/\\\/www.organisator.ch\\\/sustainability\\\/2020-01-28\\\/designwerk-stattet-basel-mit-elektrischen-muellfahrzeugen-aus\\\/\"},\"author\":{\"name\":\"michael.merz\",\"@id\":\"https:\\\/\\\/www.organisator.ch\\\/#\\\/schema\\\/person\\\/134708ca9321c57b0362cceb7948ffbd\"},\"headline\":\"Designwerk stattet Basel mit elektrischen M\u00fcllfahrzeugen aus\",\"datePublished\":\"2020-01-28T09:41:03+00:00\",\"dateModified\":\"2022-02-09T10:05:35+00:00\",\"mainEntityOfPage\":{\"@id\":\"https:\\\/\\\/www.organisator.ch\\\/sustainability\\\/2020-01-28\\\/designwerk-stattet-basel-mit-elektrischen-muellfahrzeugen-aus\\\/\"},\"wordCount\":271,\"publisher\":{\"@id\":\"https:\\\/\\\/www.organisator.ch\\\/#organization\"},\"image\":{\"@id\":\"https:\\\/\\\/www.organisator.ch\\\/sustainability\\\/2020-01-28\\\/designwerk-stattet-basel-mit-elektrischen-muellfahrzeugen-aus\\\/#primaryimage\"},\"thumbnailUrl\":\"https:\\\/\\\/www.organisator.ch\\\/wp-content\\\/uploads\\\/2020\\\/01\\\/designwerk-Muellfahrzeug-UP_Umwelt-Perspektiven.jpg\",\"keywords\":[\"Abfall\",\"Basel Stadt\",\"Elektrofahrzeug\"],\"articleSection\":[\"SUSTAINABILITY\"],\"inLanguage\":\"fr-FR\"},{\"@type\":\"WebPage\",\"@id\":\"https:\\\/\\\/www.organisator.ch\\\/sustainability\\\/2020-01-28\\\/designwerk-stattet-basel-mit-elektrischen-muellfahrzeugen-aus\\\/\",\"url\":\"https:\\\/\\\/www.organisator.ch\\\/sustainability\\\/2020-01-28\\\/designwerk-stattet-basel-mit-elektrischen-muellfahrzeugen-aus\\\/\",\"name\":\"Designwerk stattet Basel mit elektrischen M\u00fcllfahrzeugen aus - Organisator\",\"isPartOf\":{\"@id\":\"https:\\\/\\\/www.organisator.ch\\\/#website\"},\"primaryImageOfPage\":{\"@id\":\"https:\\\/\\\/www.organisator.ch\\\/sustainability\\\/2020-01-28\\\/designwerk-stattet-basel-mit-elektrischen-muellfahrzeugen-aus\\\/#primaryimage\"},\"image\":{\"@id\":\"https:\\\/\\\/www.organisator.ch\\\/sustainability\\\/2020-01-28\\\/designwerk-stattet-basel-mit-elektrischen-muellfahrzeugen-aus\\\/#primaryimage\"},\"thumbnailUrl\":\"https:\\\/\\\/www.organisator.ch\\\/wp-content\\\/uploads\\\/2020\\\/01\\\/designwerk-Muellfahrzeug-UP_Umwelt-Perspektiven.jpg\",\"datePublished\":\"2020-01-28T09:41:03+00:00\",\"dateModified\":\"2022-02-09T10:05:35+00:00\",\"description\":\"Im Kanton Basel-Stadt werden zw\u00f6lf grosse M\u00fcllfahrzeuge durch elektrische Kehrichtlastwagen von der Winterthurer Firma Designwerk ersetzt.\",\"breadcrumb\":{\"@id\":\"https:\\\/\\\/www.organisator.ch\\\/sustainability\\\/2020-01-28\\\/designwerk-stattet-basel-mit-elektrischen-muellfahrzeugen-aus\\\/#breadcrumb\"},\"inLanguage\":\"fr-FR\",\"potentialAction\":[{\"@type\":\"ReadAction\",\"target\":[\"https:\\\/\\\/www.organisator.ch\\\/sustainability\\\/2020-01-28\\\/designwerk-stattet-basel-mit-elektrischen-muellfahrzeugen-aus\\\/\"]}]},{\"@type\":\"ImageObject\",\"inLanguage\":\"fr-FR\",\"@id\":\"https:\\\/\\\/www.organisator.ch\\\/sustainability\\\/2020-01-28\\\/designwerk-stattet-basel-mit-elektrischen-muellfahrzeugen-aus\\\/#primaryimage\",\"url\":\"https:\\\/\\\/www.organisator.ch\\\/wp-content\\\/uploads\\\/2020\\\/01\\\/designwerk-Muellfahrzeug-UP_Umwelt-Perspektiven.jpg\",\"contentUrl\":\"https:\\\/\\\/www.organisator.ch\\\/wp-content\\\/uploads\\\/2020\\\/01\\\/designwerk-Muellfahrzeug-UP_Umwelt-Perspektiven.jpg\",\"width\":622,\"height\":402,\"caption\":\"Die ersten zwei elektrischen M\u00fcllsammler sollen bis Ende dieses Jahres nach Basel Stadt geliefert werden. Weitere M\u00fcllwagen sind bereits bestellt. (Bild: Designwerk)\"},{\"@type\":\"BreadcrumbList\",\"@id\":\"https:\\\/\\\/www.organisator.ch\\\/sustainability\\\/2020-01-28\\\/designwerk-stattet-basel-mit-elektrischen-muellfahrzeugen-aus\\\/#breadcrumb\",\"itemListElement\":[{\"@type\":\"ListItem\",\"position\":1,\"name\":\"Home\",\"item\":\"https:\\\/\\\/www.organisator.ch\\\/\"},{\"@type\":\"ListItem\",\"position\":2,\"name\":\"Designwerk stattet Basel mit elektrischen M\u00fcllfahrzeugen aus\"}]},{\"@type\":\"WebSite\",\"@id\":\"https:\\\/\\\/www.organisator.ch\\\/#website\",\"url\":\"https:\\\/\\\/www.organisator.ch\\\/\",\"name\":\"Organisator\",\"description\":\"Kompetent. Praxisnah. Der ORGANISATOR bereitet in 10 Ausgaben pro Jahr die wesentlichen Themen f\u00fcr F\u00fchrungskr\u00e4fte von KMU auf.\",\"publisher\":{\"@id\":\"https:\\\/\\\/www.organisator.ch\\\/#organization\"},\"potentialAction\":[{\"@type\":\"SearchAction\",\"target\":{\"@type\":\"EntryPoint\",\"urlTemplate\":\"https:\\\/\\\/www.organisator.ch\\\/?s={search_term_string}\"},\"query-input\":{\"@type\":\"PropertyValueSpecification\",\"valueRequired\":true,\"valueName\":\"search_term_string\"}}],\"inLanguage\":\"fr-FR\"},{\"@type\":\"Organization\",\"@id\":\"https:\\\/\\\/www.organisator.ch\\\/#organization\",\"name\":\"Organisator\",\"url\":\"https:\\\/\\\/www.organisator.ch\\\/\",\"logo\":{\"@type\":\"ImageObject\",\"inLanguage\":\"fr-FR\",\"@id\":\"https:\\\/\\\/www.organisator.ch\\\/#\\\/schema\\\/logo\\\/image\\\/\",\"url\":\"https:\\\/\\\/www.organisator.ch\\\/wp-content\\\/uploads\\\/2022\\\/01\\\/Logo_Organisator_Website.png\",\"contentUrl\":\"https:\\\/\\\/www.organisator.ch\\\/wp-content\\\/uploads\\\/2022\\\/01\\\/Logo_Organisator_Website.png\",\"width\":800,\"height\":77,\"caption\":\"Organisator\"},\"image\":{\"@id\":\"https:\\\/\\\/www.organisator.ch\\\/#\\\/schema\\\/logo\\\/image\\\/\"},\"sameAs\":[\"https:\\\/\\\/www.facebook.com\\\/OrganisatorFachmagazin\",\"https:\\\/\\\/www.linkedin.com\\\/showcase\\\/organisator-das-magazin-fr-kmu\",\"https:\\\/\\\/www.xing.com\\\/news\\\/pages\\\/organisator-ch-695\",\"https:\\\/\\\/www.youtube.com\\\/channel\\\/UCGP2Sq0iWaZwT3BdIAQFYpw\"]},{\"@type\":\"Person\",\"@id\":\"https:\\\/\\\/www.organisator.ch\\\/#\\\/schema\\\/person\\\/134708ca9321c57b0362cceb7948ffbd\",\"name\":\"michael.merz\",\"image\":{\"@type\":\"ImageObject\",\"inLanguage\":\"fr-FR\",\"@id\":\"https:\\\/\\\/secure.gravatar.com\\\/avatar\\\/?s=96&d=mm&r=g\",\"url\":\"https:\\\/\\\/secure.gravatar.com\\\/avatar\\\/?s=96&d=mm&r=g\",\"contentUrl\":\"https:\\\/\\\/secure.gravatar.com\\\/avatar\\\/?s=96&d=mm&r=g\",\"caption\":\"michael.merz\"},\"url\":\"https:\\\/\\\/www.organisator.ch\\\/fr\\\/author\\\/michael-merz\\\/\"}]}<\/script>\n<!-- \/ Yoast SEO plugin. -->","yoast_head_json":{"title":"Designwerk \u00e9quipe B\u00e2le de camions poubelles \u00e9lectriques - Organisateur","description":"Dans le canton de B\u00e2le-Ville, douze gros camions \u00e0 ordures sont remplac\u00e9s par des camions \u00e0 ordures \u00e9lectriques de l'entreprise Designwerk de Winterthour.","robots":{"index":"index","follow":"follow","max-snippet":"max-snippet:-1","max-image-preview":"max-image-preview:large","max-video-preview":"max-video-preview:-1"},"canonical":"https:\/\/www.organisator.ch\/fr\/sustainability\/2020-01-28\/designwerk-stattet-basel-mit-elektrischen-muellfahrzeugen-aus\/","og_locale":"fr_FR","og_type":"article","og_title":"Designwerk stattet Basel mit elektrischen M\u00fcllfahrzeugen aus - Organisator","og_description":"Im Kanton Basel-Stadt werden zw\u00f6lf grosse M\u00fcllfahrzeuge durch elektrische Kehrichtlastwagen von der Winterthurer Firma Designwerk ersetzt.","og_url":"https:\/\/www.organisator.ch\/fr\/sustainability\/2020-01-28\/designwerk-stattet-basel-mit-elektrischen-muellfahrzeugen-aus\/","og_site_name":"Organisator","article_publisher":"https:\/\/www.facebook.com\/OrganisatorFachmagazin","article_published_time":"2020-01-28T09:41:03+00:00","article_modified_time":"2022-02-09T10:05:35+00:00","og_image":[{"width":622,"height":402,"url":"https:\/\/www.organisator.ch\/wp-content\/uploads\/2020\/01\/designwerk-Muellfahrzeug-UP_Umwelt-Perspektiven.jpg","type":"image\/jpeg"}],"author":"michael.merz","twitter_card":"summary_large_image","schema":{"@context":"https:\/\/schema.org","@graph":[{"@type":"Article","@id":"https:\/\/www.organisator.ch\/sustainability\/2020-01-28\/designwerk-stattet-basel-mit-elektrischen-muellfahrzeugen-aus\/#article","isPartOf":{"@id":"https:\/\/www.organisator.ch\/sustainability\/2020-01-28\/designwerk-stattet-basel-mit-elektrischen-muellfahrzeugen-aus\/"},"author":{"name":"michael.merz","@id":"https:\/\/www.organisator.ch\/#\/schema\/person\/134708ca9321c57b0362cceb7948ffbd"},"headline":"Designwerk stattet Basel mit elektrischen M\u00fcllfahrzeugen aus","datePublished":"2020-01-28T09:41:03+00:00","dateModified":"2022-02-09T10:05:35+00:00","mainEntityOfPage":{"@id":"https:\/\/www.organisator.ch\/sustainability\/2020-01-28\/designwerk-stattet-basel-mit-elektrischen-muellfahrzeugen-aus\/"},"wordCount":271,"publisher":{"@id":"https:\/\/www.organisator.ch\/#organization"},"image":{"@id":"https:\/\/www.organisator.ch\/sustainability\/2020-01-28\/designwerk-stattet-basel-mit-elektrischen-muellfahrzeugen-aus\/#primaryimage"},"thumbnailUrl":"https:\/\/www.organisator.ch\/wp-content\/uploads\/2020\/01\/designwerk-Muellfahrzeug-UP_Umwelt-Perspektiven.jpg","keywords":["Abfall","Basel Stadt","Elektrofahrzeug"],"articleSection":["SUSTAINABILITY"],"inLanguage":"fr-FR"},{"@type":"WebPage","@id":"https:\/\/www.organisator.ch\/sustainability\/2020-01-28\/designwerk-stattet-basel-mit-elektrischen-muellfahrzeugen-aus\/","url":"https:\/\/www.organisator.ch\/sustainability\/2020-01-28\/designwerk-stattet-basel-mit-elektrischen-muellfahrzeugen-aus\/","name":"Designwerk \u00e9quipe B\u00e2le de camions poubelles \u00e9lectriques - Organisateur","isPartOf":{"@id":"https:\/\/www.organisator.ch\/#website"},"primaryImageOfPage":{"@id":"https:\/\/www.organisator.ch\/sustainability\/2020-01-28\/designwerk-stattet-basel-mit-elektrischen-muellfahrzeugen-aus\/#primaryimage"},"image":{"@id":"https:\/\/www.organisator.ch\/sustainability\/2020-01-28\/designwerk-stattet-basel-mit-elektrischen-muellfahrzeugen-aus\/#primaryimage"},"thumbnailUrl":"https:\/\/www.organisator.ch\/wp-content\/uploads\/2020\/01\/designwerk-Muellfahrzeug-UP_Umwelt-Perspektiven.jpg","datePublished":"2020-01-28T09:41:03+00:00","dateModified":"2022-02-09T10:05:35+00:00","description":"Dans le canton de B\u00e2le-Ville, douze gros camions \u00e0 ordures sont remplac\u00e9s par des camions \u00e0 ordures \u00e9lectriques de l'entreprise Designwerk de Winterthour.","breadcrumb":{"@id":"https:\/\/www.organisator.ch\/sustainability\/2020-01-28\/designwerk-stattet-basel-mit-elektrischen-muellfahrzeugen-aus\/#breadcrumb"},"inLanguage":"fr-FR","potentialAction":[{"@type":"ReadAction","target":["https:\/\/www.organisator.ch\/sustainability\/2020-01-28\/designwerk-stattet-basel-mit-elektrischen-muellfahrzeugen-aus\/"]}]},{"@type":"ImageObject","inLanguage":"fr-FR","@id":"https:\/\/www.organisator.ch\/sustainability\/2020-01-28\/designwerk-stattet-basel-mit-elektrischen-muellfahrzeugen-aus\/#primaryimage","url":"https:\/\/www.organisator.ch\/wp-content\/uploads\/2020\/01\/designwerk-Muellfahrzeug-UP_Umwelt-Perspektiven.jpg","contentUrl":"https:\/\/www.organisator.ch\/wp-content\/uploads\/2020\/01\/designwerk-Muellfahrzeug-UP_Umwelt-Perspektiven.jpg","width":622,"height":402,"caption":"Die ersten zwei elektrischen M\u00fcllsammler sollen bis Ende dieses Jahres nach Basel Stadt geliefert werden. Weitere M\u00fcllwagen sind bereits bestellt. (Bild: Designwerk)"},{"@type":"BreadcrumbList","@id":"https:\/\/www.organisator.ch\/sustainability\/2020-01-28\/designwerk-stattet-basel-mit-elektrischen-muellfahrzeugen-aus\/#breadcrumb","itemListElement":[{"@type":"ListItem","position":1,"name":"Home","item":"https:\/\/www.organisator.ch\/"},{"@type":"ListItem","position":2,"name":"Designwerk stattet Basel mit elektrischen M\u00fcllfahrzeugen aus"}]},{"@type":"WebSite","@id":"https:\/\/www.organisator.ch\/#website","url":"https:\/\/www.organisator.ch\/","name":"Organisateur","description":"Comp\u00e9tence et comp\u00e9tence. Proches de la pratique. L'ORGANISATEUR pr\u00e9pare 10 num\u00e9ros par an sur les th\u00e8mes essentiels pour les dirigeants de PME.","publisher":{"@id":"https:\/\/www.organisator.ch\/#organization"},"potentialAction":[{"@type":"SearchAction","target":{"@type":"EntryPoint","urlTemplate":"https:\/\/www.organisator.ch\/?s={search_term_string}"},"query-input":{"@type":"PropertyValueSpecification","valueRequired":true,"valueName":"search_term_string"}}],"inLanguage":"fr-FR"},{"@type":"Organization","@id":"https:\/\/www.organisator.ch\/#organization","name":"Organisateur","url":"https:\/\/www.organisator.ch\/","logo":{"@type":"ImageObject","inLanguage":"fr-FR","@id":"https:\/\/www.organisator.ch\/#\/schema\/logo\/image\/","url":"https:\/\/www.organisator.ch\/wp-content\/uploads\/2022\/01\/Logo_Organisator_Website.png","contentUrl":"https:\/\/www.organisator.ch\/wp-content\/uploads\/2022\/01\/Logo_Organisator_Website.png","width":800,"height":77,"caption":"Organisator"},"image":{"@id":"https:\/\/www.organisator.ch\/#\/schema\/logo\/image\/"},"sameAs":["https:\/\/www.facebook.com\/OrganisatorFachmagazin","https:\/\/www.linkedin.com\/showcase\/organisator-das-magazin-fr-kmu","https:\/\/www.xing.com\/news\/pages\/organisator-ch-695","https:\/\/www.youtube.com\/channel\/UCGP2Sq0iWaZwT3BdIAQFYpw"]},{"@type":"Person","@id":"https:\/\/www.organisator.ch\/#\/schema\/person\/134708ca9321c57b0362cceb7948ffbd","name":"michael.merz","image":{"@type":"ImageObject","inLanguage":"fr-FR","@id":"https:\/\/secure.gravatar.com\/avatar\/?s=96&d=mm&r=g","url":"https:\/\/secure.gravatar.com\/avatar\/?s=96&d=mm&r=g","contentUrl":"https:\/\/secure.gravatar.com\/avatar\/?s=96&d=mm&r=g","caption":"michael.merz"},"url":"https:\/\/www.organisator.ch\/fr\/author\/michael-merz\/"}]}},"_links":{"self":[{"href":"https:\/\/www.organisator.ch\/fr\/wp-json\/wp\/v2\/posts\/10149","targetHints":{"allow":["GET"]}}],"collection":[{"href":"https:\/\/www.organisator.ch\/fr\/wp-json\/wp\/v2\/posts"}],"about":[{"href":"https:\/\/www.organisator.ch\/fr\/wp-json\/wp\/v2\/types\/post"}],"author":[{"embeddable":true,"href":"https:\/\/www.organisator.ch\/fr\/wp-json\/wp\/v2\/users\/5"}],"replies":[{"embeddable":true,"href":"https:\/\/www.organisator.ch\/fr\/wp-json\/wp\/v2\/comments?post=10149"}],"version-history":[{"count":1,"href":"https:\/\/www.organisator.ch\/fr\/wp-json\/wp\/v2\/posts\/10149\/revisions"}],"predecessor-version":[{"id":10399,"href":"https:\/\/www.organisator.ch\/fr\/wp-json\/wp\/v2\/posts\/10149\/revisions\/10399"}],"wp:featuredmedia":[{"embeddable":true,"href":"https:\/\/www.organisator.ch\/fr\/wp-json\/wp\/v2\/media\/2785"}],"wp:attachment":[{"href":"https:\/\/www.organisator.ch\/fr\/wp-json\/wp\/v2\/media?parent=10149"}],"wp:term":[{"taxonomy":"category","embeddable":true,"href":"https:\/\/www.organisator.ch\/fr\/wp-json\/wp\/v2\/categories?post=10149"},{"taxonomy":"post_tag","embeddable":true,"href":"https:\/\/www.organisator.ch\/fr\/wp-json\/wp\/v2\/tags?post=10149"}],"curies":[{"name":"wp","href":"https:\/\/api.w.org\/{rel}","templated":true}]}}