{"id":10155,"date":"2020-02-10T10:41:45","date_gmt":"2020-02-10T09:41:45","guid":{"rendered":"https:\/\/www.umweltperspektiven.ch\/?p=2831"},"modified":"2022-02-09T11:06:14","modified_gmt":"2022-02-09T10:06:14","slug":"klimawandel-gefaehrdet-energieversorgung","status":"publish","type":"post","link":"https:\/\/www.organisator.ch\/fr\/sustainability\/2020-02-10\/klimawandel-gefaehrdet-energieversorgung\/","title":{"rendered":"Le changement climatique menace l'approvisionnement \u00e9nerg\u00e9tique"},"content":{"rendered":"<p>&nbsp;<\/p>\n<figure id=\"attachment_2832\" aria-describedby=\"caption-attachment-2832\" style=\"width: 680px\" class=\"wp-caption alignnone\"><img loading=\"lazy\" decoding=\"async\" class=\"size-medium wp-image-2832\" src=\"\/\/www.umweltperspektiven.ch\/wp-content\/uploads\/2020\/02\/13379e0c.jpg\" alt=\"\" width=\"680\" height=\"453\" \/><figcaption id=\"caption-attachment-2832\" class=\"wp-caption-text\">L'Europe vue de l'espace de nuit avec les lumi\u00e8res des villes europ\u00e9ennes \u00a9 Nasa<\/figcaption><\/figure>\n<p>&nbsp;<\/p>\n<p>Le changement climatique comporte d'\u00e9normes risques d'approvisionnement. Un nouveau mod\u00e8le de simulation de l'EPFL le met en \u00e9vidence. Les nouveaux syst\u00e8mes \u00e9nerg\u00e9tiques durables sont g\u00e9n\u00e9ralement con\u00e7us pour les conditions climatiques actuelles. Les risques li\u00e9s au climat ne sont gu\u00e8re pris en compte lors de leur d\u00e9veloppement. Des chercheurs de l'\u00c9cole polytechnique f\u00e9d\u00e9rale de Lausanne (<a href=\"\/\/www.epfl.ch\/en\/\" target=\"_blank\" rel=\"noopener\">EPFL<\/a>) ont saisi l'occasion pour d\u00e9velopper une m\u00e9thode de simulation stochastiquement robuste. Elle montre que l'approvisionnement \u00e9nerg\u00e9tique futur est menac\u00e9.<\/p>\n<p class=\"bodytext\">\"Nous avons observ\u00e9 que les syst\u00e8mes \u00e9nerg\u00e9tiques actuels sont con\u00e7us pour \u00eatre tr\u00e8s vuln\u00e9rables aux \u00e9v\u00e9nements m\u00e9t\u00e9orologiques extr\u00eames, tels que les temp\u00eates et les vagues de chaleur\", explique Dasun Perera, du Laboratoire d'\u00e9nergie solaire et de physique du b\u00e2timent de l'EPFL (<a href=\"\/\/www.epfl.ch\/labs\/leso\/\" target=\"_blank\" rel=\"noopener\">LESO-PB<\/a>) dans une\u00a0<a href=\"\/\/actu.epfl.ch\/news\/climate-change-will-disrupt-existing-energy-system\/\" target=\"_blank\" rel=\"noopener\">Communiqu\u00e9<\/a>\u00a0cit\u00e9e dans le rapport. De plus, les variations climatiques entra\u00eeneraient des fluctuations importantes dans l'injection d'\u00e9lectricit\u00e9 issue de sources renouvelables dans les r\u00e9seaux ainsi que dans la demande en \u00e9nergie.<\/p>\n<p class=\"bodytext\">Jusqu'\u00e0 pr\u00e9sent, personne n'a essay\u00e9 de relier de mani\u00e8re globale les deux th\u00e8mes que sont le changement climatique et la production d'\u00e9nergie, a-t-il ajout\u00e9. \"Si nous ne faisons rien, nos syst\u00e8mes \u00e9nerg\u00e9tiques actuels ne pourront plus r\u00e9pondre \u00e0 la demande\", affirme Jean-Louis Scartezzini, directeur du LESO-PB \u00e0 l'EPFL.<\/p>\n<p class=\"bodytext\">Les chercheurs ont appliqu\u00e9 leur m\u00e9thode \u00e0 30 villes su\u00e9doises. Ils ont calcul\u00e9 13 sc\u00e9narios de changement climatique. Ils ont constat\u00e9 que, dans des conditions extr\u00eames, les besoins horaires en chauffage et en climatisation de l'ensemble du parc immobilier r\u00e9sidentiel actuel du pays \u00e9taient de 50 \u00e0 400 % sup\u00e9rieurs \u00e0 la moyenne historique sur 20 ans. Ces r\u00e9sultats sont valables pour une grande partie de l'Europe centrale.<\/p>\n<p class=\"bodytext\">Ils viennent d'\u00eatre publi\u00e9s dans la revue \"<a href=\"\/\/www.nature.com\/articles\/s41560-020-0558-0\" target=\"_blank\" rel=\"noopener\">Nature Energy<\/a>\" publi\u00e9.<\/p>","protected":false},"excerpt":{"rendered":"<p>&nbsp; &nbsp; Der Klimawandel birgt enorme Versorgungsrisiken. Ein neues Simulationsmodell der EPFL macht das deutlich. Neue, nachhaltige Energiesysteme sind meist f\u00fcr heutige Klimaverh\u00e4ltnisse konzipiert. Klimabedingte Risiken werden bei ihrer Entwicklung kaum ber\u00fccksichtigt. Forschende der Eidgen\u00f6ssischen Technischen Hochschule Lausanne (EPFL) haben dies zum Anlass genommen, eine stochastisch robuste Simulationsmethode zu entwickeln. Sie zeigt, dass die k\u00fcnftige [&hellip;]<\/p>\n","protected":false},"author":5,"featured_media":2832,"comment_status":"closed","ping_status":"closed","sticky":false,"template":"","format":"standard","meta":{"_acf_changed":false,"_yoast_wpseo_focuskw":"Klimawandel","_yoast_wpseo_metadesc":"Der Klimawandel k\u00f6nnte die Energieversorgung der Schweiz gef\u00e4hrden. Forschende der Eidgen\u00f6ssischen Technischen Hochschule Lausanne schlagen Alarm.","articlekey":"","footnotes":""},"categories":[580],"tags":[617,1107,1532,424],"class_list":["post-10155","post","type-post","status-publish","format-standard","has-post-thumbnail","hentry","category-sustainability","tag-energieversorgung","tag-epfl","tag-klimawandel","tag-schweiz"],"acf":[],"yoast_head":"<!-- This site is optimized with the Yoast SEO plugin v27.5 - https:\/\/yoast.com\/product\/yoast-seo-wordpress\/ -->\n<title>Klimawandel gef\u00e4hrdet Energieversorgung - Organisator<\/title>\n<meta name=\"description\" content=\"Der Klimawandel k\u00f6nnte die Energieversorgung der Schweiz gef\u00e4hrden. Forschende der Eidgen\u00f6ssischen Technischen Hochschule Lausanne schlagen Alarm.\" \/>\n<meta name=\"robots\" content=\"index, follow, max-snippet:-1, max-image-preview:large, max-video-preview:-1\" \/>\n<link rel=\"canonical\" href=\"https:\/\/www.organisator.ch\/fr\/sustainability\/2020-02-10\/klimawandel-gefaehrdet-energieversorgung\/\" \/>\n<meta property=\"og:locale\" content=\"fr_FR\" \/>\n<meta property=\"og:type\" content=\"article\" \/>\n<meta property=\"og:title\" content=\"Klimawandel gef\u00e4hrdet Energieversorgung - Organisator\" \/>\n<meta property=\"og:description\" content=\"Der Klimawandel k\u00f6nnte die Energieversorgung der Schweiz gef\u00e4hrden. Forschende der Eidgen\u00f6ssischen Technischen Hochschule Lausanne schlagen Alarm.\" \/>\n<meta property=\"og:url\" content=\"https:\/\/www.organisator.ch\/fr\/sustainability\/2020-02-10\/klimawandel-gefaehrdet-energieversorgung\/\" \/>\n<meta property=\"og:site_name\" content=\"Organisator\" \/>\n<meta property=\"article:publisher\" content=\"https:\/\/www.facebook.com\/OrganisatorFachmagazin\" \/>\n<meta property=\"article:published_time\" content=\"2020-02-10T09:41:45+00:00\" \/>\n<meta property=\"article:modified_time\" content=\"2022-02-09T10:06:14+00:00\" \/>\n<meta property=\"og:image\" content=\"https:\/\/www.organisator.ch\/wp-content\/uploads\/2020\/02\/13379e0c-scaled.jpg\" \/>\n\t<meta property=\"og:image:width\" content=\"2560\" \/>\n\t<meta property=\"og:image:height\" content=\"1707\" \/>\n\t<meta property=\"og:image:type\" content=\"image\/jpeg\" \/>\n<meta name=\"author\" content=\"michael.merz\" \/>\n<meta name=\"twitter:card\" content=\"summary_large_image\" \/>\n<script type=\"application\/ld+json\" class=\"yoast-schema-graph\">{\"@context\":\"https:\\\/\\\/schema.org\",\"@graph\":[{\"@type\":\"Article\",\"@id\":\"https:\\\/\\\/www.organisator.ch\\\/sustainability\\\/2020-02-10\\\/klimawandel-gefaehrdet-energieversorgung\\\/#article\",\"isPartOf\":{\"@id\":\"https:\\\/\\\/www.organisator.ch\\\/sustainability\\\/2020-02-10\\\/klimawandel-gefaehrdet-energieversorgung\\\/\"},\"author\":{\"name\":\"michael.merz\",\"@id\":\"https:\\\/\\\/www.organisator.ch\\\/#\\\/schema\\\/person\\\/134708ca9321c57b0362cceb7948ffbd\"},\"headline\":\"Klimawandel gef\u00e4hrdet Energieversorgung\",\"datePublished\":\"2020-02-10T09:41:45+00:00\",\"dateModified\":\"2022-02-09T10:06:14+00:00\",\"mainEntityOfPage\":{\"@id\":\"https:\\\/\\\/www.organisator.ch\\\/sustainability\\\/2020-02-10\\\/klimawandel-gefaehrdet-energieversorgung\\\/\"},\"wordCount\":257,\"publisher\":{\"@id\":\"https:\\\/\\\/www.organisator.ch\\\/#organization\"},\"image\":{\"@id\":\"https:\\\/\\\/www.organisator.ch\\\/sustainability\\\/2020-02-10\\\/klimawandel-gefaehrdet-energieversorgung\\\/#primaryimage\"},\"thumbnailUrl\":\"https:\\\/\\\/www.organisator.ch\\\/wp-content\\\/uploads\\\/2020\\\/02\\\/13379e0c-scaled.jpg\",\"keywords\":[\"Energieversorgung\",\"EPFL\",\"Klimawandel\",\"Schweiz\"],\"articleSection\":[\"SUSTAINABILITY\"],\"inLanguage\":\"fr-FR\"},{\"@type\":\"WebPage\",\"@id\":\"https:\\\/\\\/www.organisator.ch\\\/sustainability\\\/2020-02-10\\\/klimawandel-gefaehrdet-energieversorgung\\\/\",\"url\":\"https:\\\/\\\/www.organisator.ch\\\/sustainability\\\/2020-02-10\\\/klimawandel-gefaehrdet-energieversorgung\\\/\",\"name\":\"Klimawandel gef\u00e4hrdet Energieversorgung - Organisator\",\"isPartOf\":{\"@id\":\"https:\\\/\\\/www.organisator.ch\\\/#website\"},\"primaryImageOfPage\":{\"@id\":\"https:\\\/\\\/www.organisator.ch\\\/sustainability\\\/2020-02-10\\\/klimawandel-gefaehrdet-energieversorgung\\\/#primaryimage\"},\"image\":{\"@id\":\"https:\\\/\\\/www.organisator.ch\\\/sustainability\\\/2020-02-10\\\/klimawandel-gefaehrdet-energieversorgung\\\/#primaryimage\"},\"thumbnailUrl\":\"https:\\\/\\\/www.organisator.ch\\\/wp-content\\\/uploads\\\/2020\\\/02\\\/13379e0c-scaled.jpg\",\"datePublished\":\"2020-02-10T09:41:45+00:00\",\"dateModified\":\"2022-02-09T10:06:14+00:00\",\"description\":\"Der Klimawandel k\u00f6nnte die Energieversorgung der Schweiz gef\u00e4hrden. Forschende der Eidgen\u00f6ssischen Technischen Hochschule Lausanne schlagen Alarm.\",\"breadcrumb\":{\"@id\":\"https:\\\/\\\/www.organisator.ch\\\/sustainability\\\/2020-02-10\\\/klimawandel-gefaehrdet-energieversorgung\\\/#breadcrumb\"},\"inLanguage\":\"fr-FR\",\"potentialAction\":[{\"@type\":\"ReadAction\",\"target\":[\"https:\\\/\\\/www.organisator.ch\\\/sustainability\\\/2020-02-10\\\/klimawandel-gefaehrdet-energieversorgung\\\/\"]}]},{\"@type\":\"ImageObject\",\"inLanguage\":\"fr-FR\",\"@id\":\"https:\\\/\\\/www.organisator.ch\\\/sustainability\\\/2020-02-10\\\/klimawandel-gefaehrdet-energieversorgung\\\/#primaryimage\",\"url\":\"https:\\\/\\\/www.organisator.ch\\\/wp-content\\\/uploads\\\/2020\\\/02\\\/13379e0c-scaled.jpg\",\"contentUrl\":\"https:\\\/\\\/www.organisator.ch\\\/wp-content\\\/uploads\\\/2020\\\/02\\\/13379e0c-scaled.jpg\",\"width\":2560,\"height\":1707,\"caption\":\"Europe from space at night with city lights showing European cities \u00a9 Nasa\"},{\"@type\":\"BreadcrumbList\",\"@id\":\"https:\\\/\\\/www.organisator.ch\\\/sustainability\\\/2020-02-10\\\/klimawandel-gefaehrdet-energieversorgung\\\/#breadcrumb\",\"itemListElement\":[{\"@type\":\"ListItem\",\"position\":1,\"name\":\"Home\",\"item\":\"https:\\\/\\\/www.organisator.ch\\\/\"},{\"@type\":\"ListItem\",\"position\":2,\"name\":\"Klimawandel gef\u00e4hrdet Energieversorgung\"}]},{\"@type\":\"WebSite\",\"@id\":\"https:\\\/\\\/www.organisator.ch\\\/#website\",\"url\":\"https:\\\/\\\/www.organisator.ch\\\/\",\"name\":\"Organisator\",\"description\":\"Kompetent. Praxisnah. Der ORGANISATOR bereitet in 10 Ausgaben pro Jahr die wesentlichen Themen f\u00fcr F\u00fchrungskr\u00e4fte von KMU auf.\",\"publisher\":{\"@id\":\"https:\\\/\\\/www.organisator.ch\\\/#organization\"},\"potentialAction\":[{\"@type\":\"SearchAction\",\"target\":{\"@type\":\"EntryPoint\",\"urlTemplate\":\"https:\\\/\\\/www.organisator.ch\\\/?s={search_term_string}\"},\"query-input\":{\"@type\":\"PropertyValueSpecification\",\"valueRequired\":true,\"valueName\":\"search_term_string\"}}],\"inLanguage\":\"fr-FR\"},{\"@type\":\"Organization\",\"@id\":\"https:\\\/\\\/www.organisator.ch\\\/#organization\",\"name\":\"Organisator\",\"url\":\"https:\\\/\\\/www.organisator.ch\\\/\",\"logo\":{\"@type\":\"ImageObject\",\"inLanguage\":\"fr-FR\",\"@id\":\"https:\\\/\\\/www.organisator.ch\\\/#\\\/schema\\\/logo\\\/image\\\/\",\"url\":\"https:\\\/\\\/www.organisator.ch\\\/wp-content\\\/uploads\\\/2022\\\/01\\\/Logo_Organisator_Website.png\",\"contentUrl\":\"https:\\\/\\\/www.organisator.ch\\\/wp-content\\\/uploads\\\/2022\\\/01\\\/Logo_Organisator_Website.png\",\"width\":800,\"height\":77,\"caption\":\"Organisator\"},\"image\":{\"@id\":\"https:\\\/\\\/www.organisator.ch\\\/#\\\/schema\\\/logo\\\/image\\\/\"},\"sameAs\":[\"https:\\\/\\\/www.facebook.com\\\/OrganisatorFachmagazin\",\"https:\\\/\\\/www.linkedin.com\\\/showcase\\\/organisator-das-magazin-fr-kmu\",\"https:\\\/\\\/www.xing.com\\\/news\\\/pages\\\/organisator-ch-695\",\"https:\\\/\\\/www.youtube.com\\\/channel\\\/UCGP2Sq0iWaZwT3BdIAQFYpw\"]},{\"@type\":\"Person\",\"@id\":\"https:\\\/\\\/www.organisator.ch\\\/#\\\/schema\\\/person\\\/134708ca9321c57b0362cceb7948ffbd\",\"name\":\"michael.merz\",\"image\":{\"@type\":\"ImageObject\",\"inLanguage\":\"fr-FR\",\"@id\":\"https:\\\/\\\/secure.gravatar.com\\\/avatar\\\/?s=96&d=mm&r=g\",\"url\":\"https:\\\/\\\/secure.gravatar.com\\\/avatar\\\/?s=96&d=mm&r=g\",\"contentUrl\":\"https:\\\/\\\/secure.gravatar.com\\\/avatar\\\/?s=96&d=mm&r=g\",\"caption\":\"michael.merz\"},\"url\":\"https:\\\/\\\/www.organisator.ch\\\/fr\\\/author\\\/michael-merz\\\/\"}]}<\/script>\n<!-- \/ Yoast SEO plugin. -->","yoast_head_json":{"title":"Le changement climatique menace l'approvisionnement \u00e9nerg\u00e9tique - Organisateur","description":"Le changement climatique pourrait mettre en p\u00e9ril l'approvisionnement \u00e9nerg\u00e9tique de la Suisse. Des chercheurs de l'\u00c9cole polytechnique f\u00e9d\u00e9rale de Lausanne tirent la sonnette d'alarme.","robots":{"index":"index","follow":"follow","max-snippet":"max-snippet:-1","max-image-preview":"max-image-preview:large","max-video-preview":"max-video-preview:-1"},"canonical":"https:\/\/www.organisator.ch\/fr\/sustainability\/2020-02-10\/klimawandel-gefaehrdet-energieversorgung\/","og_locale":"fr_FR","og_type":"article","og_title":"Klimawandel gef\u00e4hrdet Energieversorgung - Organisator","og_description":"Der Klimawandel k\u00f6nnte die Energieversorgung der Schweiz gef\u00e4hrden. Forschende der Eidgen\u00f6ssischen Technischen Hochschule Lausanne schlagen Alarm.","og_url":"https:\/\/www.organisator.ch\/fr\/sustainability\/2020-02-10\/klimawandel-gefaehrdet-energieversorgung\/","og_site_name":"Organisator","article_publisher":"https:\/\/www.facebook.com\/OrganisatorFachmagazin","article_published_time":"2020-02-10T09:41:45+00:00","article_modified_time":"2022-02-09T10:06:14+00:00","og_image":[{"width":2560,"height":1707,"url":"https:\/\/www.organisator.ch\/wp-content\/uploads\/2020\/02\/13379e0c-scaled.jpg","type":"image\/jpeg"}],"author":"michael.merz","twitter_card":"summary_large_image","schema":{"@context":"https:\/\/schema.org","@graph":[{"@type":"Article","@id":"https:\/\/www.organisator.ch\/sustainability\/2020-02-10\/klimawandel-gefaehrdet-energieversorgung\/#article","isPartOf":{"@id":"https:\/\/www.organisator.ch\/sustainability\/2020-02-10\/klimawandel-gefaehrdet-energieversorgung\/"},"author":{"name":"michael.merz","@id":"https:\/\/www.organisator.ch\/#\/schema\/person\/134708ca9321c57b0362cceb7948ffbd"},"headline":"Klimawandel gef\u00e4hrdet Energieversorgung","datePublished":"2020-02-10T09:41:45+00:00","dateModified":"2022-02-09T10:06:14+00:00","mainEntityOfPage":{"@id":"https:\/\/www.organisator.ch\/sustainability\/2020-02-10\/klimawandel-gefaehrdet-energieversorgung\/"},"wordCount":257,"publisher":{"@id":"https:\/\/www.organisator.ch\/#organization"},"image":{"@id":"https:\/\/www.organisator.ch\/sustainability\/2020-02-10\/klimawandel-gefaehrdet-energieversorgung\/#primaryimage"},"thumbnailUrl":"https:\/\/www.organisator.ch\/wp-content\/uploads\/2020\/02\/13379e0c-scaled.jpg","keywords":["Energieversorgung","EPFL","Klimawandel","Schweiz"],"articleSection":["SUSTAINABILITY"],"inLanguage":"fr-FR"},{"@type":"WebPage","@id":"https:\/\/www.organisator.ch\/sustainability\/2020-02-10\/klimawandel-gefaehrdet-energieversorgung\/","url":"https:\/\/www.organisator.ch\/sustainability\/2020-02-10\/klimawandel-gefaehrdet-energieversorgung\/","name":"Le changement climatique menace l'approvisionnement \u00e9nerg\u00e9tique - Organisateur","isPartOf":{"@id":"https:\/\/www.organisator.ch\/#website"},"primaryImageOfPage":{"@id":"https:\/\/www.organisator.ch\/sustainability\/2020-02-10\/klimawandel-gefaehrdet-energieversorgung\/#primaryimage"},"image":{"@id":"https:\/\/www.organisator.ch\/sustainability\/2020-02-10\/klimawandel-gefaehrdet-energieversorgung\/#primaryimage"},"thumbnailUrl":"https:\/\/www.organisator.ch\/wp-content\/uploads\/2020\/02\/13379e0c-scaled.jpg","datePublished":"2020-02-10T09:41:45+00:00","dateModified":"2022-02-09T10:06:14+00:00","description":"Le changement climatique pourrait mettre en p\u00e9ril l'approvisionnement \u00e9nerg\u00e9tique de la Suisse. Des chercheurs de l'\u00c9cole polytechnique f\u00e9d\u00e9rale de Lausanne tirent la sonnette d'alarme.","breadcrumb":{"@id":"https:\/\/www.organisator.ch\/sustainability\/2020-02-10\/klimawandel-gefaehrdet-energieversorgung\/#breadcrumb"},"inLanguage":"fr-FR","potentialAction":[{"@type":"ReadAction","target":["https:\/\/www.organisator.ch\/sustainability\/2020-02-10\/klimawandel-gefaehrdet-energieversorgung\/"]}]},{"@type":"ImageObject","inLanguage":"fr-FR","@id":"https:\/\/www.organisator.ch\/sustainability\/2020-02-10\/klimawandel-gefaehrdet-energieversorgung\/#primaryimage","url":"https:\/\/www.organisator.ch\/wp-content\/uploads\/2020\/02\/13379e0c-scaled.jpg","contentUrl":"https:\/\/www.organisator.ch\/wp-content\/uploads\/2020\/02\/13379e0c-scaled.jpg","width":2560,"height":1707,"caption":"Europe from space at night with city lights showing European cities \u00a9 Nasa"},{"@type":"BreadcrumbList","@id":"https:\/\/www.organisator.ch\/sustainability\/2020-02-10\/klimawandel-gefaehrdet-energieversorgung\/#breadcrumb","itemListElement":[{"@type":"ListItem","position":1,"name":"Home","item":"https:\/\/www.organisator.ch\/"},{"@type":"ListItem","position":2,"name":"Klimawandel gef\u00e4hrdet Energieversorgung"}]},{"@type":"WebSite","@id":"https:\/\/www.organisator.ch\/#website","url":"https:\/\/www.organisator.ch\/","name":"Organisateur","description":"Comp\u00e9tence et comp\u00e9tence. Proches de la pratique. L'ORGANISATEUR pr\u00e9pare 10 num\u00e9ros par an sur les th\u00e8mes essentiels pour les dirigeants de PME.","publisher":{"@id":"https:\/\/www.organisator.ch\/#organization"},"potentialAction":[{"@type":"SearchAction","target":{"@type":"EntryPoint","urlTemplate":"https:\/\/www.organisator.ch\/?s={search_term_string}"},"query-input":{"@type":"PropertyValueSpecification","valueRequired":true,"valueName":"search_term_string"}}],"inLanguage":"fr-FR"},{"@type":"Organization","@id":"https:\/\/www.organisator.ch\/#organization","name":"Organisateur","url":"https:\/\/www.organisator.ch\/","logo":{"@type":"ImageObject","inLanguage":"fr-FR","@id":"https:\/\/www.organisator.ch\/#\/schema\/logo\/image\/","url":"https:\/\/www.organisator.ch\/wp-content\/uploads\/2022\/01\/Logo_Organisator_Website.png","contentUrl":"https:\/\/www.organisator.ch\/wp-content\/uploads\/2022\/01\/Logo_Organisator_Website.png","width":800,"height":77,"caption":"Organisator"},"image":{"@id":"https:\/\/www.organisator.ch\/#\/schema\/logo\/image\/"},"sameAs":["https:\/\/www.facebook.com\/OrganisatorFachmagazin","https:\/\/www.linkedin.com\/showcase\/organisator-das-magazin-fr-kmu","https:\/\/www.xing.com\/news\/pages\/organisator-ch-695","https:\/\/www.youtube.com\/channel\/UCGP2Sq0iWaZwT3BdIAQFYpw"]},{"@type":"Person","@id":"https:\/\/www.organisator.ch\/#\/schema\/person\/134708ca9321c57b0362cceb7948ffbd","name":"michael.merz","image":{"@type":"ImageObject","inLanguage":"fr-FR","@id":"https:\/\/secure.gravatar.com\/avatar\/?s=96&d=mm&r=g","url":"https:\/\/secure.gravatar.com\/avatar\/?s=96&d=mm&r=g","contentUrl":"https:\/\/secure.gravatar.com\/avatar\/?s=96&d=mm&r=g","caption":"michael.merz"},"url":"https:\/\/www.organisator.ch\/fr\/author\/michael-merz\/"}]}},"_links":{"self":[{"href":"https:\/\/www.organisator.ch\/fr\/wp-json\/wp\/v2\/posts\/10155","targetHints":{"allow":["GET"]}}],"collection":[{"href":"https:\/\/www.organisator.ch\/fr\/wp-json\/wp\/v2\/posts"}],"about":[{"href":"https:\/\/www.organisator.ch\/fr\/wp-json\/wp\/v2\/types\/post"}],"author":[{"embeddable":true,"href":"https:\/\/www.organisator.ch\/fr\/wp-json\/wp\/v2\/users\/5"}],"replies":[{"embeddable":true,"href":"https:\/\/www.organisator.ch\/fr\/wp-json\/wp\/v2\/comments?post=10155"}],"version-history":[{"count":1,"href":"https:\/\/www.organisator.ch\/fr\/wp-json\/wp\/v2\/posts\/10155\/revisions"}],"predecessor-version":[{"id":10532,"href":"https:\/\/www.organisator.ch\/fr\/wp-json\/wp\/v2\/posts\/10155\/revisions\/10532"}],"wp:featuredmedia":[{"embeddable":true,"href":"https:\/\/www.organisator.ch\/fr\/wp-json\/wp\/v2\/media\/2832"}],"wp:attachment":[{"href":"https:\/\/www.organisator.ch\/fr\/wp-json\/wp\/v2\/media?parent=10155"}],"wp:term":[{"taxonomy":"category","embeddable":true,"href":"https:\/\/www.organisator.ch\/fr\/wp-json\/wp\/v2\/categories?post=10155"},{"taxonomy":"post_tag","embeddable":true,"href":"https:\/\/www.organisator.ch\/fr\/wp-json\/wp\/v2\/tags?post=10155"}],"curies":[{"name":"wp","href":"https:\/\/api.w.org\/{rel}","templated":true}]}}