{"id":10158,"date":"2020-03-02T12:19:58","date_gmt":"2020-03-02T11:19:58","guid":{"rendered":"https:\/\/www.umweltperspektiven.ch\/?p=2860"},"modified":"2022-02-09T11:06:14","modified_gmt":"2022-02-09T10:06:14","slug":"alpiq-und-mercedes-liefern-speicherloesungen-fuer-alte-batterien-aus-elektrofahrzeugen","status":"publish","type":"post","link":"https:\/\/www.organisator.ch\/fr\/sustainability\/2020-03-02\/alpiq-und-mercedes-liefern-speicherloesungen-fuer-alte-batterien-aus-elektrofahrzeugen\/","title":{"rendered":"Alpiq et Mercedes fournissent des solutions de stockage pour les batteries usag\u00e9es des v\u00e9hicules \u00e9lectriques"},"content":{"rendered":"<p>&nbsp;<\/p>\n<figure id=\"attachment_2874\" aria-describedby=\"caption-attachment-2874\" style=\"width: 680px\" class=\"wp-caption alignnone\"><img loading=\"lazy\" decoding=\"async\" class=\"size-medium wp-image-2874\" src=\"\/\/www.umweltperspektiven.ch\/wp-content\/uploads\/2020\/03\/alpiq_mercedes-batterien-e-fahrzeuge.jpg\" alt=\"\" width=\"680\" height=\"420\" \/><figcaption id=\"caption-attachment-2874\" class=\"wp-caption-text\">Accumulateurs de batterie modernes d'Alpiq Digital Solutions. (Image Alpiq Digital Solutions)<\/figcaption><\/figure>\n<p>Alpiq propose aux utilisateurs industriels un accumulateur d'\u00e9lectricit\u00e9 bas\u00e9 sur d'anciennes batteries de voiture. L'unit\u00e9 de stockage dispose d'une puissance de 1,5 m\u00e9gawatt. Les batteries sont fournies par Mercedes-Benz Energy.<\/p>\n<p class=\"bodytext\">Alpiq, de son c\u00f4t\u00e9, planifie le syst\u00e8me de gestion de l'\u00e9nergie, l'installe et configure le logiciel, indique\u00a0<a href=\"\/\/www.alpiq.com\/de\/energiedienstleistungen\/energiemanagement\/news\/alpiq-provides-storage-solutions-based-on-electric-vehicle-batteries0\/\" target=\"_blank\" rel=\"noopener\">Communiqu\u00e9<\/a>\u00a0de l'entreprise \u00e9nerg\u00e9tique lausannoise.<\/p>\n<p><strong>\u00c9nergie \u00e9volutive\u00a0<\/strong><\/p>\n<p class=\"bodytext\">Le syst\u00e8me permet aux utilisateurs industriels de r\u00e9duire les pics de charge, de stabiliser le r\u00e9seau et d'int\u00e9grer les \u00e9nergies renouvelables. Une seule unit\u00e9 de stockage dispose d'une puissance de 1,5 m\u00e9gawatt et d'une capacit\u00e9 brute de 1,4 m\u00e9gawatt-heure. Elle peut \u00eatre mise \u00e0 l'\u00e9chelle.<\/p>\n<p class=\"bodytext\">Alpiq utilise d\u00e9j\u00e0 aujourd'hui de grandes batteries de stockage stationnaires. Elle les g\u00e8re \u00e0 l'aide de l'intelligence artificielle. Ainsi, l'entreprise exploite depuis avril 2019 un accumulateur de batterie d'une puissance de 1,2 m\u00e9gawatt pour le\u00a0<a href=\"\/\/www.ewmaienfeld.ch\/\" target=\"_blank\" rel=\"noopener\">Centrale \u00e9lectrique de Maienfeld<\/a><\/p>\n<p><strong>Des forces unies pour une \"deuxi\u00e8me vie de la batterie<\/strong><\/p>\n<p>En tant que syst\u00e8me de stockage interconnect\u00e9, de telles batteries apportent une contribution essentielle \u00e0 l'efficacit\u00e9 \u00e9nerg\u00e9tique et \u00e0 la r\u00e9duction des pics de charge des entreprises industrielles ainsi qu'\u00e0 la stabilisation du r\u00e9seau et \u00e0 l'int\u00e9gration des \u00e9nergies renouvelables. Avec cette approche globale de la mobilit\u00e9 \u00e9lectrique, Alpiq et Mercedes-Benz Energy contribuent \u00e0 une gestion responsable des pr\u00e9cieuses ressources int\u00e9gr\u00e9es dans un v\u00e9hicule \u00e9lectrique.<\/p>\n<p><em>Pour plus d'informations sur l'accumulateur de la centrale \u00e9lectrique de Maienfeld, voir\u00a0<a class=\"link-external\" href=\"\/\/www.alpiq.com\/de\/alpiq-gruppe\/medien\/medienmitteilungen\/media-release-detail\/alpiq-gewinnt-ersten-partner-fuer-grossen-batteriespeicher\/\" target=\"_blank\" rel=\"noopener\">ici<\/a>.<\/em><\/p>","protected":false},"excerpt":{"rendered":"<p>&nbsp; Alpiq bietet industriellen Anwendern einen Stromspeicher an, der auf alten Autobatterien aufbaut. Die Speichereinheit verf\u00fcgt \u00fcber eine Leistung von 1,5 Megawatt. Die Batterien werden von Mercedes-Benz Energy geliefert. Alpiq wiederum plant das Energiemanagementsystem, installiert es und konfiguriert die Software, heisst es in einer\u00a0Mitteilung\u00a0des Lausanner Energieunternehmens. Skalierbare Energie\u00a0 Das System erlaubt es industriellen Anwendern, Lastspitzen [&hellip;]<\/p>\n","protected":false},"author":5,"featured_media":9684,"comment_status":"closed","ping_status":"closed","sticky":false,"template":"","format":"standard","meta":{"_acf_changed":false,"_yoast_wpseo_focuskw":"Alpiq und Mercedes","_yoast_wpseo_metadesc":"Alpiq und Mercedes-Benz Energy spannen zusammen, um alten Autobatterien von E-Fahrzeugen ein zweites Leben zu verschaffen.","articlekey":"","footnotes":""},"categories":[580],"tags":[696,776,1004,1083,1689,1987,424],"class_list":["post-10158","post","type-post","status-publish","format-standard","has-post-thumbnail","hentry","category-sustainability","tag-alpiq","tag-batterien","tag-e-fahrzeuge","tag-energiespeicher","tag-mercedes-benz-energy","tag-recycling","tag-schweiz"],"acf":[],"yoast_head":"<!-- This site is optimized with the Yoast SEO plugin v27.5 - https:\/\/yoast.com\/product\/yoast-seo-wordpress\/ -->\n<title>Alpiq und Mercedes liefern Speicherl\u00f6sungen f\u00fcr alte Batterien aus Elektrofahrzeugen - Organisator<\/title>\n<meta name=\"description\" content=\"Alpiq und Mercedes-Benz Energy spannen zusammen, um alten Autobatterien von E-Fahrzeugen ein zweites Leben zu verschaffen.\" \/>\n<meta name=\"robots\" content=\"index, follow, max-snippet:-1, max-image-preview:large, max-video-preview:-1\" \/>\n<link rel=\"canonical\" href=\"https:\/\/www.organisator.ch\/fr\/sustainability\/2020-03-02\/alpiq-und-mercedes-liefern-speicherloesungen-fuer-alte-batterien-aus-elektrofahrzeugen\/\" \/>\n<meta property=\"og:locale\" content=\"fr_FR\" \/>\n<meta property=\"og:type\" content=\"article\" \/>\n<meta property=\"og:title\" content=\"Alpiq und Mercedes liefern Speicherl\u00f6sungen f\u00fcr alte Batterien aus Elektrofahrzeugen - Organisator\" \/>\n<meta property=\"og:description\" content=\"Alpiq und Mercedes-Benz Energy spannen zusammen, um alten Autobatterien von E-Fahrzeugen ein zweites Leben zu verschaffen.\" \/>\n<meta property=\"og:url\" content=\"https:\/\/www.organisator.ch\/fr\/sustainability\/2020-03-02\/alpiq-und-mercedes-liefern-speicherloesungen-fuer-alte-batterien-aus-elektrofahrzeugen\/\" \/>\n<meta property=\"og:site_name\" content=\"Organisator\" \/>\n<meta property=\"article:publisher\" content=\"https:\/\/www.facebook.com\/OrganisatorFachmagazin\" \/>\n<meta property=\"article:published_time\" content=\"2020-03-02T11:19:58+00:00\" \/>\n<meta property=\"article:modified_time\" content=\"2022-02-09T10:06:14+00:00\" \/>\n<meta property=\"og:image\" content=\"https:\/\/www.organisator.ch\/wp-content\/uploads\/2020\/03\/alpiq_mercedes-batterien-e-fahrzeuge.jpg\" \/>\n\t<meta property=\"og:image:width\" content=\"1282\" \/>\n\t<meta property=\"og:image:height\" content=\"792\" \/>\n\t<meta property=\"og:image:type\" content=\"image\/jpeg\" \/>\n<meta name=\"author\" content=\"michael.merz\" \/>\n<meta name=\"twitter:card\" content=\"summary_large_image\" \/>\n<script type=\"application\/ld+json\" class=\"yoast-schema-graph\">{\"@context\":\"https:\\\/\\\/schema.org\",\"@graph\":[{\"@type\":\"Article\",\"@id\":\"https:\\\/\\\/www.organisator.ch\\\/sustainability\\\/2020-03-02\\\/alpiq-und-mercedes-liefern-speicherloesungen-fuer-alte-batterien-aus-elektrofahrzeugen\\\/#article\",\"isPartOf\":{\"@id\":\"https:\\\/\\\/www.organisator.ch\\\/sustainability\\\/2020-03-02\\\/alpiq-und-mercedes-liefern-speicherloesungen-fuer-alte-batterien-aus-elektrofahrzeugen\\\/\"},\"author\":{\"name\":\"michael.merz\",\"@id\":\"https:\\\/\\\/www.organisator.ch\\\/#\\\/schema\\\/person\\\/134708ca9321c57b0362cceb7948ffbd\"},\"headline\":\"Alpiq und Mercedes liefern Speicherl\u00f6sungen f\u00fcr alte Batterien aus Elektrofahrzeugen\",\"datePublished\":\"2020-03-02T11:19:58+00:00\",\"dateModified\":\"2022-02-09T10:06:14+00:00\",\"mainEntityOfPage\":{\"@id\":\"https:\\\/\\\/www.organisator.ch\\\/sustainability\\\/2020-03-02\\\/alpiq-und-mercedes-liefern-speicherloesungen-fuer-alte-batterien-aus-elektrofahrzeugen\\\/\"},\"wordCount\":219,\"publisher\":{\"@id\":\"https:\\\/\\\/www.organisator.ch\\\/#organization\"},\"image\":{\"@id\":\"https:\\\/\\\/www.organisator.ch\\\/sustainability\\\/2020-03-02\\\/alpiq-und-mercedes-liefern-speicherloesungen-fuer-alte-batterien-aus-elektrofahrzeugen\\\/#primaryimage\"},\"thumbnailUrl\":\"https:\\\/\\\/www.organisator.ch\\\/wp-content\\\/uploads\\\/2020\\\/03\\\/alpiq_mercedes-batterien-e-fahrzeuge.jpg\",\"keywords\":[\"Alpiq\",\"Batterien\",\"E-Fahrzeuge\",\"Energiespeicher\",\"Mercedes Benz Energy\",\"Recycling\",\"Schweiz\"],\"articleSection\":[\"SUSTAINABILITY\"],\"inLanguage\":\"fr-FR\"},{\"@type\":\"WebPage\",\"@id\":\"https:\\\/\\\/www.organisator.ch\\\/sustainability\\\/2020-03-02\\\/alpiq-und-mercedes-liefern-speicherloesungen-fuer-alte-batterien-aus-elektrofahrzeugen\\\/\",\"url\":\"https:\\\/\\\/www.organisator.ch\\\/sustainability\\\/2020-03-02\\\/alpiq-und-mercedes-liefern-speicherloesungen-fuer-alte-batterien-aus-elektrofahrzeugen\\\/\",\"name\":\"Alpiq und Mercedes liefern Speicherl\u00f6sungen f\u00fcr alte Batterien aus Elektrofahrzeugen - Organisator\",\"isPartOf\":{\"@id\":\"https:\\\/\\\/www.organisator.ch\\\/#website\"},\"primaryImageOfPage\":{\"@id\":\"https:\\\/\\\/www.organisator.ch\\\/sustainability\\\/2020-03-02\\\/alpiq-und-mercedes-liefern-speicherloesungen-fuer-alte-batterien-aus-elektrofahrzeugen\\\/#primaryimage\"},\"image\":{\"@id\":\"https:\\\/\\\/www.organisator.ch\\\/sustainability\\\/2020-03-02\\\/alpiq-und-mercedes-liefern-speicherloesungen-fuer-alte-batterien-aus-elektrofahrzeugen\\\/#primaryimage\"},\"thumbnailUrl\":\"https:\\\/\\\/www.organisator.ch\\\/wp-content\\\/uploads\\\/2020\\\/03\\\/alpiq_mercedes-batterien-e-fahrzeuge.jpg\",\"datePublished\":\"2020-03-02T11:19:58+00:00\",\"dateModified\":\"2022-02-09T10:06:14+00:00\",\"description\":\"Alpiq und Mercedes-Benz Energy spannen zusammen, um alten Autobatterien von E-Fahrzeugen ein zweites Leben zu verschaffen.\",\"breadcrumb\":{\"@id\":\"https:\\\/\\\/www.organisator.ch\\\/sustainability\\\/2020-03-02\\\/alpiq-und-mercedes-liefern-speicherloesungen-fuer-alte-batterien-aus-elektrofahrzeugen\\\/#breadcrumb\"},\"inLanguage\":\"fr-FR\",\"potentialAction\":[{\"@type\":\"ReadAction\",\"target\":[\"https:\\\/\\\/www.organisator.ch\\\/sustainability\\\/2020-03-02\\\/alpiq-und-mercedes-liefern-speicherloesungen-fuer-alte-batterien-aus-elektrofahrzeugen\\\/\"]}]},{\"@type\":\"ImageObject\",\"inLanguage\":\"fr-FR\",\"@id\":\"https:\\\/\\\/www.organisator.ch\\\/sustainability\\\/2020-03-02\\\/alpiq-und-mercedes-liefern-speicherloesungen-fuer-alte-batterien-aus-elektrofahrzeugen\\\/#primaryimage\",\"url\":\"https:\\\/\\\/www.organisator.ch\\\/wp-content\\\/uploads\\\/2020\\\/03\\\/alpiq_mercedes-batterien-e-fahrzeuge.jpg\",\"contentUrl\":\"https:\\\/\\\/www.organisator.ch\\\/wp-content\\\/uploads\\\/2020\\\/03\\\/alpiq_mercedes-batterien-e-fahrzeuge.jpg\",\"width\":1282,\"height\":792,\"caption\":\"Moderne Batteriespeicher von Alpiq Digital Solutions. (Bild Alpiq Digital Solutions)\"},{\"@type\":\"BreadcrumbList\",\"@id\":\"https:\\\/\\\/www.organisator.ch\\\/sustainability\\\/2020-03-02\\\/alpiq-und-mercedes-liefern-speicherloesungen-fuer-alte-batterien-aus-elektrofahrzeugen\\\/#breadcrumb\",\"itemListElement\":[{\"@type\":\"ListItem\",\"position\":1,\"name\":\"Home\",\"item\":\"https:\\\/\\\/www.organisator.ch\\\/\"},{\"@type\":\"ListItem\",\"position\":2,\"name\":\"Alpiq und Mercedes liefern Speicherl\u00f6sungen f\u00fcr alte Batterien aus Elektrofahrzeugen\"}]},{\"@type\":\"WebSite\",\"@id\":\"https:\\\/\\\/www.organisator.ch\\\/#website\",\"url\":\"https:\\\/\\\/www.organisator.ch\\\/\",\"name\":\"Organisator\",\"description\":\"Kompetent. Praxisnah. Der ORGANISATOR bereitet in 10 Ausgaben pro Jahr die wesentlichen Themen f\u00fcr F\u00fchrungskr\u00e4fte von KMU auf.\",\"publisher\":{\"@id\":\"https:\\\/\\\/www.organisator.ch\\\/#organization\"},\"potentialAction\":[{\"@type\":\"SearchAction\",\"target\":{\"@type\":\"EntryPoint\",\"urlTemplate\":\"https:\\\/\\\/www.organisator.ch\\\/?s={search_term_string}\"},\"query-input\":{\"@type\":\"PropertyValueSpecification\",\"valueRequired\":true,\"valueName\":\"search_term_string\"}}],\"inLanguage\":\"fr-FR\"},{\"@type\":\"Organization\",\"@id\":\"https:\\\/\\\/www.organisator.ch\\\/#organization\",\"name\":\"Organisator\",\"url\":\"https:\\\/\\\/www.organisator.ch\\\/\",\"logo\":{\"@type\":\"ImageObject\",\"inLanguage\":\"fr-FR\",\"@id\":\"https:\\\/\\\/www.organisator.ch\\\/#\\\/schema\\\/logo\\\/image\\\/\",\"url\":\"https:\\\/\\\/www.organisator.ch\\\/wp-content\\\/uploads\\\/2022\\\/01\\\/Logo_Organisator_Website.png\",\"contentUrl\":\"https:\\\/\\\/www.organisator.ch\\\/wp-content\\\/uploads\\\/2022\\\/01\\\/Logo_Organisator_Website.png\",\"width\":800,\"height\":77,\"caption\":\"Organisator\"},\"image\":{\"@id\":\"https:\\\/\\\/www.organisator.ch\\\/#\\\/schema\\\/logo\\\/image\\\/\"},\"sameAs\":[\"https:\\\/\\\/www.facebook.com\\\/OrganisatorFachmagazin\",\"https:\\\/\\\/www.linkedin.com\\\/showcase\\\/organisator-das-magazin-fr-kmu\",\"https:\\\/\\\/www.xing.com\\\/news\\\/pages\\\/organisator-ch-695\",\"https:\\\/\\\/www.youtube.com\\\/channel\\\/UCGP2Sq0iWaZwT3BdIAQFYpw\"]},{\"@type\":\"Person\",\"@id\":\"https:\\\/\\\/www.organisator.ch\\\/#\\\/schema\\\/person\\\/134708ca9321c57b0362cceb7948ffbd\",\"name\":\"michael.merz\",\"image\":{\"@type\":\"ImageObject\",\"inLanguage\":\"fr-FR\",\"@id\":\"https:\\\/\\\/secure.gravatar.com\\\/avatar\\\/?s=96&d=mm&r=g\",\"url\":\"https:\\\/\\\/secure.gravatar.com\\\/avatar\\\/?s=96&d=mm&r=g\",\"contentUrl\":\"https:\\\/\\\/secure.gravatar.com\\\/avatar\\\/?s=96&d=mm&r=g\",\"caption\":\"michael.merz\"},\"url\":\"https:\\\/\\\/www.organisator.ch\\\/fr\\\/author\\\/michael-merz\\\/\"}]}<\/script>\n<!-- \/ Yoast SEO plugin. -->","yoast_head_json":{"title":"Alpiq et Mercedes fournissent des solutions de stockage pour les batteries usag\u00e9es des v\u00e9hicules \u00e9lectriques - Organisateur","description":"Alpiq et Mercedes-Benz Energy s'associent pour donner une seconde vie aux vieilles batteries de v\u00e9hicules \u00e9lectriques.","robots":{"index":"index","follow":"follow","max-snippet":"max-snippet:-1","max-image-preview":"max-image-preview:large","max-video-preview":"max-video-preview:-1"},"canonical":"https:\/\/www.organisator.ch\/fr\/sustainability\/2020-03-02\/alpiq-und-mercedes-liefern-speicherloesungen-fuer-alte-batterien-aus-elektrofahrzeugen\/","og_locale":"fr_FR","og_type":"article","og_title":"Alpiq und Mercedes liefern Speicherl\u00f6sungen f\u00fcr alte Batterien aus Elektrofahrzeugen - Organisator","og_description":"Alpiq und Mercedes-Benz Energy spannen zusammen, um alten Autobatterien von E-Fahrzeugen ein zweites Leben zu verschaffen.","og_url":"https:\/\/www.organisator.ch\/fr\/sustainability\/2020-03-02\/alpiq-und-mercedes-liefern-speicherloesungen-fuer-alte-batterien-aus-elektrofahrzeugen\/","og_site_name":"Organisator","article_publisher":"https:\/\/www.facebook.com\/OrganisatorFachmagazin","article_published_time":"2020-03-02T11:19:58+00:00","article_modified_time":"2022-02-09T10:06:14+00:00","og_image":[{"width":1282,"height":792,"url":"https:\/\/www.organisator.ch\/wp-content\/uploads\/2020\/03\/alpiq_mercedes-batterien-e-fahrzeuge.jpg","type":"image\/jpeg"}],"author":"michael.merz","twitter_card":"summary_large_image","schema":{"@context":"https:\/\/schema.org","@graph":[{"@type":"Article","@id":"https:\/\/www.organisator.ch\/sustainability\/2020-03-02\/alpiq-und-mercedes-liefern-speicherloesungen-fuer-alte-batterien-aus-elektrofahrzeugen\/#article","isPartOf":{"@id":"https:\/\/www.organisator.ch\/sustainability\/2020-03-02\/alpiq-und-mercedes-liefern-speicherloesungen-fuer-alte-batterien-aus-elektrofahrzeugen\/"},"author":{"name":"michael.merz","@id":"https:\/\/www.organisator.ch\/#\/schema\/person\/134708ca9321c57b0362cceb7948ffbd"},"headline":"Alpiq und Mercedes liefern Speicherl\u00f6sungen f\u00fcr alte Batterien aus Elektrofahrzeugen","datePublished":"2020-03-02T11:19:58+00:00","dateModified":"2022-02-09T10:06:14+00:00","mainEntityOfPage":{"@id":"https:\/\/www.organisator.ch\/sustainability\/2020-03-02\/alpiq-und-mercedes-liefern-speicherloesungen-fuer-alte-batterien-aus-elektrofahrzeugen\/"},"wordCount":219,"publisher":{"@id":"https:\/\/www.organisator.ch\/#organization"},"image":{"@id":"https:\/\/www.organisator.ch\/sustainability\/2020-03-02\/alpiq-und-mercedes-liefern-speicherloesungen-fuer-alte-batterien-aus-elektrofahrzeugen\/#primaryimage"},"thumbnailUrl":"https:\/\/www.organisator.ch\/wp-content\/uploads\/2020\/03\/alpiq_mercedes-batterien-e-fahrzeuge.jpg","keywords":["Alpiq","Batterien","E-Fahrzeuge","Energiespeicher","Mercedes Benz Energy","Recycling","Schweiz"],"articleSection":["SUSTAINABILITY"],"inLanguage":"fr-FR"},{"@type":"WebPage","@id":"https:\/\/www.organisator.ch\/sustainability\/2020-03-02\/alpiq-und-mercedes-liefern-speicherloesungen-fuer-alte-batterien-aus-elektrofahrzeugen\/","url":"https:\/\/www.organisator.ch\/sustainability\/2020-03-02\/alpiq-und-mercedes-liefern-speicherloesungen-fuer-alte-batterien-aus-elektrofahrzeugen\/","name":"Alpiq et Mercedes fournissent des solutions de stockage pour les batteries usag\u00e9es des v\u00e9hicules \u00e9lectriques - Organisateur","isPartOf":{"@id":"https:\/\/www.organisator.ch\/#website"},"primaryImageOfPage":{"@id":"https:\/\/www.organisator.ch\/sustainability\/2020-03-02\/alpiq-und-mercedes-liefern-speicherloesungen-fuer-alte-batterien-aus-elektrofahrzeugen\/#primaryimage"},"image":{"@id":"https:\/\/www.organisator.ch\/sustainability\/2020-03-02\/alpiq-und-mercedes-liefern-speicherloesungen-fuer-alte-batterien-aus-elektrofahrzeugen\/#primaryimage"},"thumbnailUrl":"https:\/\/www.organisator.ch\/wp-content\/uploads\/2020\/03\/alpiq_mercedes-batterien-e-fahrzeuge.jpg","datePublished":"2020-03-02T11:19:58+00:00","dateModified":"2022-02-09T10:06:14+00:00","description":"Alpiq et Mercedes-Benz Energy s'associent pour donner une seconde vie aux vieilles batteries de v\u00e9hicules \u00e9lectriques.","breadcrumb":{"@id":"https:\/\/www.organisator.ch\/sustainability\/2020-03-02\/alpiq-und-mercedes-liefern-speicherloesungen-fuer-alte-batterien-aus-elektrofahrzeugen\/#breadcrumb"},"inLanguage":"fr-FR","potentialAction":[{"@type":"ReadAction","target":["https:\/\/www.organisator.ch\/sustainability\/2020-03-02\/alpiq-und-mercedes-liefern-speicherloesungen-fuer-alte-batterien-aus-elektrofahrzeugen\/"]}]},{"@type":"ImageObject","inLanguage":"fr-FR","@id":"https:\/\/www.organisator.ch\/sustainability\/2020-03-02\/alpiq-und-mercedes-liefern-speicherloesungen-fuer-alte-batterien-aus-elektrofahrzeugen\/#primaryimage","url":"https:\/\/www.organisator.ch\/wp-content\/uploads\/2020\/03\/alpiq_mercedes-batterien-e-fahrzeuge.jpg","contentUrl":"https:\/\/www.organisator.ch\/wp-content\/uploads\/2020\/03\/alpiq_mercedes-batterien-e-fahrzeuge.jpg","width":1282,"height":792,"caption":"Moderne Batteriespeicher von Alpiq Digital Solutions. (Bild Alpiq Digital Solutions)"},{"@type":"BreadcrumbList","@id":"https:\/\/www.organisator.ch\/sustainability\/2020-03-02\/alpiq-und-mercedes-liefern-speicherloesungen-fuer-alte-batterien-aus-elektrofahrzeugen\/#breadcrumb","itemListElement":[{"@type":"ListItem","position":1,"name":"Home","item":"https:\/\/www.organisator.ch\/"},{"@type":"ListItem","position":2,"name":"Alpiq und Mercedes liefern Speicherl\u00f6sungen f\u00fcr alte Batterien aus Elektrofahrzeugen"}]},{"@type":"WebSite","@id":"https:\/\/www.organisator.ch\/#website","url":"https:\/\/www.organisator.ch\/","name":"Organisateur","description":"Comp\u00e9tence et comp\u00e9tence. Proches de la pratique. L'ORGANISATEUR pr\u00e9pare 10 num\u00e9ros par an sur les th\u00e8mes essentiels pour les dirigeants de PME.","publisher":{"@id":"https:\/\/www.organisator.ch\/#organization"},"potentialAction":[{"@type":"SearchAction","target":{"@type":"EntryPoint","urlTemplate":"https:\/\/www.organisator.ch\/?s={search_term_string}"},"query-input":{"@type":"PropertyValueSpecification","valueRequired":true,"valueName":"search_term_string"}}],"inLanguage":"fr-FR"},{"@type":"Organization","@id":"https:\/\/www.organisator.ch\/#organization","name":"Organisateur","url":"https:\/\/www.organisator.ch\/","logo":{"@type":"ImageObject","inLanguage":"fr-FR","@id":"https:\/\/www.organisator.ch\/#\/schema\/logo\/image\/","url":"https:\/\/www.organisator.ch\/wp-content\/uploads\/2022\/01\/Logo_Organisator_Website.png","contentUrl":"https:\/\/www.organisator.ch\/wp-content\/uploads\/2022\/01\/Logo_Organisator_Website.png","width":800,"height":77,"caption":"Organisator"},"image":{"@id":"https:\/\/www.organisator.ch\/#\/schema\/logo\/image\/"},"sameAs":["https:\/\/www.facebook.com\/OrganisatorFachmagazin","https:\/\/www.linkedin.com\/showcase\/organisator-das-magazin-fr-kmu","https:\/\/www.xing.com\/news\/pages\/organisator-ch-695","https:\/\/www.youtube.com\/channel\/UCGP2Sq0iWaZwT3BdIAQFYpw"]},{"@type":"Person","@id":"https:\/\/www.organisator.ch\/#\/schema\/person\/134708ca9321c57b0362cceb7948ffbd","name":"michael.merz","image":{"@type":"ImageObject","inLanguage":"fr-FR","@id":"https:\/\/secure.gravatar.com\/avatar\/?s=96&d=mm&r=g","url":"https:\/\/secure.gravatar.com\/avatar\/?s=96&d=mm&r=g","contentUrl":"https:\/\/secure.gravatar.com\/avatar\/?s=96&d=mm&r=g","caption":"michael.merz"},"url":"https:\/\/www.organisator.ch\/fr\/author\/michael-merz\/"}]}},"_links":{"self":[{"href":"https:\/\/www.organisator.ch\/fr\/wp-json\/wp\/v2\/posts\/10158","targetHints":{"allow":["GET"]}}],"collection":[{"href":"https:\/\/www.organisator.ch\/fr\/wp-json\/wp\/v2\/posts"}],"about":[{"href":"https:\/\/www.organisator.ch\/fr\/wp-json\/wp\/v2\/types\/post"}],"author":[{"embeddable":true,"href":"https:\/\/www.organisator.ch\/fr\/wp-json\/wp\/v2\/users\/5"}],"replies":[{"embeddable":true,"href":"https:\/\/www.organisator.ch\/fr\/wp-json\/wp\/v2\/comments?post=10158"}],"version-history":[{"count":1,"href":"https:\/\/www.organisator.ch\/fr\/wp-json\/wp\/v2\/posts\/10158\/revisions"}],"predecessor-version":[{"id":10530,"href":"https:\/\/www.organisator.ch\/fr\/wp-json\/wp\/v2\/posts\/10158\/revisions\/10530"}],"wp:featuredmedia":[{"embeddable":true,"href":"https:\/\/www.organisator.ch\/fr\/wp-json\/wp\/v2\/media\/9684"}],"wp:attachment":[{"href":"https:\/\/www.organisator.ch\/fr\/wp-json\/wp\/v2\/media?parent=10158"}],"wp:term":[{"taxonomy":"category","embeddable":true,"href":"https:\/\/www.organisator.ch\/fr\/wp-json\/wp\/v2\/categories?post=10158"},{"taxonomy":"post_tag","embeddable":true,"href":"https:\/\/www.organisator.ch\/fr\/wp-json\/wp\/v2\/tags?post=10158"}],"curies":[{"name":"wp","href":"https:\/\/api.w.org\/{rel}","templated":true}]}}