{"id":10164,"date":"2020-03-16T10:41:39","date_gmt":"2020-03-16T09:41:39","guid":{"rendered":"https:\/\/www.umweltperspektiven.ch\/?p=2911"},"modified":"2022-02-09T11:09:59","modified_gmt":"2022-02-09T10:09:59","slug":"informationen-zum-coronavirus-fuer-die-landwirtschaft","status":"publish","type":"post","link":"https:\/\/www.organisator.ch\/fr\/sustainability\/2020-03-16\/informationen-zum-coronavirus-fuer-die-landwirtschaft\/","title":{"rendered":"Informations sur le coronavirus pour l'agriculture"},"content":{"rendered":"<figure id=\"attachment_2912\" aria-describedby=\"caption-attachment-2912\" style=\"width: 680px\" class=\"wp-caption alignnone\"><img loading=\"lazy\" decoding=\"async\" class=\"size-medium wp-image-2912\" src=\"\/\/www.umweltperspektiven.ch\/wp-content\/uploads\/2020\/03\/Corona-Landwirtschaft-Schweiz-Lebensmittel-UP-Umwelt-Perspektiven.jpg\" alt=\"\" width=\"680\" height=\"454\" srcset=\"https:\/\/www.organisator.ch\/wp-content\/uploads\/2020\/03\/Corona-Landwirtschaft-Schweiz-Lebensmittel-UP-Umwelt-Perspektiven.jpg 1731w, https:\/\/www.organisator.ch\/wp-content\/uploads\/2020\/03\/Corona-Landwirtschaft-Schweiz-Lebensmittel-UP-Umwelt-Perspektiven-680x454.jpg 680w, https:\/\/www.organisator.ch\/wp-content\/uploads\/2020\/03\/Corona-Landwirtschaft-Schweiz-Lebensmittel-UP-Umwelt-Perspektiven-1024x683.jpg 1024w, https:\/\/www.organisator.ch\/wp-content\/uploads\/2020\/03\/Corona-Landwirtschaft-Schweiz-Lebensmittel-UP-Umwelt-Perspektiven-768x512.jpg 768w, https:\/\/www.organisator.ch\/wp-content\/uploads\/2020\/03\/Corona-Landwirtschaft-Schweiz-Lebensmittel-UP-Umwelt-Perspektiven-1536x1025.jpg 1536w, https:\/\/www.organisator.ch\/wp-content\/uploads\/2020\/03\/Corona-Landwirtschaft-Schweiz-Lebensmittel-UP-Umwelt-Perspektiven-18x12.jpg 18w, https:\/\/www.organisator.ch\/wp-content\/uploads\/2020\/03\/Corona-Landwirtschaft-Schweiz-Lebensmittel-UP-Umwelt-Perspektiven-262x175.jpg 262w, https:\/\/www.organisator.ch\/wp-content\/uploads\/2020\/03\/Corona-Landwirtschaft-Schweiz-Lebensmittel-UP-Umwelt-Perspektiven-525x350.jpg 525w, https:\/\/www.organisator.ch\/wp-content\/uploads\/2020\/03\/Corona-Landwirtschaft-Schweiz-Lebensmittel-UP-Umwelt-Perspektiven-1199x800.jpg 1199w, https:\/\/www.organisator.ch\/wp-content\/uploads\/2020\/03\/Corona-Landwirtschaft-Schweiz-Lebensmittel-UP-Umwelt-Perspektiven-920x614.jpg 920w, https:\/\/www.organisator.ch\/wp-content\/uploads\/2020\/03\/Corona-Landwirtschaft-Schweiz-Lebensmittel-UP-Umwelt-Perspektiven-1400x934.jpg 1400w, https:\/\/www.organisator.ch\/wp-content\/uploads\/2020\/03\/Corona-Landwirtschaft-Schweiz-Lebensmittel-UP-Umwelt-Perspektiven-300x200.jpg 300w\" sizes=\"auto, (max-width: 680px) 100vw, 680px\" \/><figcaption id=\"caption-attachment-2912\" class=\"wp-caption-text\">L'approvisionnement agricole en Suisse est essentiel. Cependant, \u00e0 l'heure du Covid-19, il existe des incertitudes op\u00e9rationnelles qui peuvent affecter non seulement les personnes, mais aussi les animaux. (Image : Unsplash)<\/figcaption><\/figure>\n<p>L'agriculture est la cl\u00e9 de vo\u00fbte de l'approvisionnement du pays. L'approche des lois sur l'\u00e9tat d'urgence varie toutefois selon les pays et les r\u00e9gions. L'agriculture est une infrastructure critique et ne peut pas non plus effectuer de quarantaine \u00e0 domicile. Voici quelques points importants sur la situation actuelle (premi\u00e8res sources : Office f\u00e9d\u00e9ral de l'agriculture OFSP\u00a0 <a href=\"\/\/www.blw.admin.ch\">www.blw.admin.ch<\/a> ; Minist\u00e8re f\u00e9d\u00e9ral de l'Agriculture, des R\u00e9gions et du Tourisme <a href=\"\/\/www.bmlrt.gv.at\">www.bmlrt.gv.at\u00a0<\/a>)<\/p>\n<p><strong>En principe, il faut retenir <\/strong><\/p>\n<p><strong>- que la transmission du coronavirus de l'homme \u00e0 l'animal n'est pas possible en l'\u00e9tat actuel des connaissances. <\/strong><\/p>\n<p><strong>- \u00e0 l'heure actuelle, rien n'indique non plus que le coronavirus puisse \u00eatre transmis par les aliments.<\/strong><\/p>\n<p>Le virus peut toutefois \u00eatre transmis par l'homme aux surfaces et y \u00eatre d\u00e9tect\u00e9. C'est pourquoi les agriculteurs susceptibles d'\u00eatre touch\u00e9s doivent \u00eatre inform\u00e9s. <strong>des mesures d'hygi\u00e8ne accrues <\/strong>de recommander l'utilisation de ces produits. C'est \u00e9galement ce que souligne l'Autorit\u00e9 europ\u00e9enne de s\u00e9curit\u00e9 des aliments (EFSA) : \"les produits agricoles ou les animaux d'\u00e9levage ne pr\u00e9sentent aucun danger en soi. Les r\u00e8gles d'hygi\u00e8ne g\u00e9n\u00e9ralement en vigueur doivent \u00eatre respect\u00e9es\".<\/p>\n<p>Il convient \u00e9galement de noter que, dans l'optique actuelle, il n'y a aucune raison de remettre en question l'approvisionnement suffisant de la population en denr\u00e9es alimentaires.<\/p>\n<h2>Questions et r\u00e9ponses sur l'agriculture et la sylviculture<\/h2>\n<p>&nbsp;<\/p>\n<p><strong>Quel est l'impact du couvre-feu ou de l'interdiction des rassemblements sur les exploitations agricoles ? Peut-on continuer \u00e0 travailler dans les champs ?<\/strong><\/p>\n<p>Les couvre-feux et l'interdiction des rassemblements de plus de 5 personnes en Autriche ne s'appliquent pas aux exploitations agricoles. Les exploitations agricoles sont consid\u00e9r\u00e9es comme une infrastructure critique qui maintient le syst\u00e8me. Cela signifie qu'elles peuvent exercer leur activit\u00e9 de mani\u00e8re aussi illimit\u00e9e que possible (par exemple, le travail dans les champs est toujours possible). Les mesures d'hygi\u00e8ne doivent \u00eatre imp\u00e9rativement respect\u00e9es.<\/p>\n<p><strong>Comment les exploitations agricoles doivent-elles faire face \u00e0 un \u00e9ventuel cas de coronavirus sur leur exploitation ?<\/strong><br \/>\n<strong>Qu'est-ce qui s'applique aux employ\u00e9s des exploitations agricoles ?<\/strong><\/p>\n<p>Les cas suspects et les infections confirm\u00e9es doivent \u00eatre signal\u00e9s imm\u00e9diatement. Les autorit\u00e9s sanitaires peuvent ensuite ordonner diff\u00e9rentes mesures, y compris des restrictions d'exploitation et de circulation. Il convient de suivre les recommandations et les instructions des autorit\u00e9s sanitaires.<\/p>\n<p>Dans un cas d'infection, il convient de distinguer<\/p>\n<ol>\n<li>Le fait d'\u00eatre soi-m\u00eame affect\u00e9 (en tant que cas de coronavirus test\u00e9 positif ou jusqu'\u00e0 quatorze jours de quarantaine ordonn\u00e9e par les autorit\u00e9s sanitaires) signifie que la capacit\u00e9 de travail est ainsi limit\u00e9e. La garantie du fonctionnement de l'entreprise rel\u00e8ve de la responsabilit\u00e9 personnelle de l'entreprise. L'aide peut \u00eatre apport\u00e9e notamment par le Maschinenring (location de personnel) et\/ou par d'autres paquets de soutien des autorit\u00e9s.<\/li>\n<li>Un ou plusieurs collaborateurs sont concern\u00e9s : une situation de quarantaine peut \u00eatre \u00e9tendue \u00e0 l'ensemble de l'entreprise sur d\u00e9cision des autorit\u00e9s.<\/li>\n<li>Affectation de l'entreprise par l'ordre des autorit\u00e9s de d\u00e9sinfecter et\/ou de d\u00e9truire la marchandise. Dans ce cas, il est possible d'obtenir une indemnisation conform\u00e9ment \u00e0 la loi sur les \u00e9pid\u00e9mies.<\/li>\n<\/ol>\n<p><strong>Qu'en est-il des dommages \u00e9conomiques et de l'indemnisation des exploitations agricoles ?<\/strong><\/p>\n<p>En principe, le risque de pr\u00e9judice \u00e9conomique est support\u00e9 par l'entrepreneur. Il n'existe pas d'obligation g\u00e9n\u00e9rale d'indemnisation pour tous les pr\u00e9judices \u00e9conomiques. Toutefois, si des mesures concr\u00e8tes prises par les autorit\u00e9s (par exemple : mesures de quarantaine) entra\u00eenent une entrave \u00e0 l'acquisition, il existe un droit \u00e0 l'indemnisation conform\u00e9ment \u00e0 la loi sur les \u00e9pid\u00e9mies.<\/p>\n<p><strong>Existe-t-il des aides ou des cr\u00e9dits de transition ?<\/strong><\/p>\n<p>De tels instruments ne peuvent \u00eatre examin\u00e9s qu'apr\u00e8s l'existence de dommages \u00e9conomiques concrets. Actuellement, l'accent est mis sur la r\u00e9duction de la vitesse de propagation du virus.<\/p>\n<p><strong>Qu'advient-il des produits agricoles li\u00e9s \u00e0 une maladie \u00e0 coronavirus dans l'exploitation ?<\/strong><\/p>\n<p>Il n'y a pas de cas o\u00f9 il a \u00e9t\u00e9 prouv\u00e9 que des personnes ont \u00e9t\u00e9 infect\u00e9es par le nouveau coronavirus en mangeant des aliments ou en buvant de l'eau. Par cons\u00e9quent, les aliments et l'eau potable ne pr\u00e9sentent aucun risque li\u00e9 au nouveau coronavirus.<\/p>\n<p><strong>Dans le cas extr\u00eame, que peut ordonner l'autorit\u00e9 sanitaire \u00e0 une entreprise ?<\/strong><\/p>\n<p>En cas d'extr\u00eame urgence, l'autorit\u00e9 peut ordonner la d\u00e9sinfection de l'exploitation.<br \/>\nDes indemnit\u00e9s sont pr\u00e9vues par la loi sur les \u00e9pid\u00e9mies. La demande d'indemnisation doit \u00eatre introduite aupr\u00e8s de l'autorit\u00e9 administrative du district concern\u00e9.<\/p>\n<p><strong>Peut-on continuer \u00e0 organiser des ventes aux ench\u00e8res d'animaux ? Les animaux agricoles peuvent-ils encore \u00eatre vendus ?<\/strong><\/p>\n<p>Oui, les animaux d'\u00e9levage peuvent continuer \u00e0 \u00eatre vendus. Les ventes aux ench\u00e8res d'animaux et les march\u00e9s de vente d'animaux ne peuvent plus \u00eatre organis\u00e9s sous leur forme habituelle. Des exceptions sont possibles \u00e0 condition que les contacts avec les personnes soient r\u00e9duits au strict minimum et que la proc\u00e9dure soit \u00e9troitement coordonn\u00e9e avec les autorit\u00e9s. Des normes uniformes pour toute l'Autriche sont en cours d'\u00e9laboration. Les fermetures actuelles ne s'appliquent pas au commerce agricole, y compris les ventes aux ench\u00e8res d'animaux de boucherie.<\/p>\n<p><strong>Qu'en est-il de l'approvisionnement en aliments pour les animaux d'\u00e9levage ?<\/strong><\/p>\n<p>Actuellement, on ne constate pas de besoins accrus en aliments pour animaux en raison du coronavirus et aucune situation de p\u00e9nurie n'est pr\u00e9visible.<\/p>\n<p><strong>Les entrep\u00f4ts ou le commerce agricole (engrais, produits phytosanitaires, autres intrants, etc.) sont-ils \u00e9galement concern\u00e9s par la fermeture des magasins ?<\/strong><\/p>\n<p>Les fermetures actuelles ne s'appliquent pas au commerce agricole (entrep\u00f4ts, horticulteurs, producteurs de plants, ventes aux ench\u00e8res d'animaux de boucherie et commerce de produits nationaux de semences, de fourrage et d'engrais).<\/p>\n<p><strong>Situation actuelle en Suisse :<\/strong><\/p>\n<p>En cas d'urgence, il est possible de demander de l'aide aux services cantonaux d'aide aux exploitations. \"De nombreuses exploitations ont un r\u00e9seau priv\u00e9 auquel elles peuvent faire appel en cas de courte absence\", explique-t-on au service de d\u00e9pannage du canton de Lucerne. Mais s'il n'y avait pas de solution priv\u00e9e, les services d'aide aux exploitations viendraient en aide. Le coronavirus n'inqui\u00e8te toutefois pas le service. \"Nous verrons quand ils arriveront si nous pouvons faire toutes les interventions\", \u00e9crit le service. Mais en g\u00e9n\u00e9ral, les services manquent de b\u00e9n\u00e9voles. C'est un probl\u00e8me qui concerne toute la Suisse. (source :<a href=\"\/\/www.bauernzeitung.ch\/\"> www.bauernzeitung.ch<\/a>)<\/p>\n<p><em>L'Office f\u00e9d\u00e9ral de l'agriculture (OFAG) r\u00e9pond aux questions les plus br\u00fblantes sur le coronavirus sur son site web. D'autres questions peuvent \u00eatre envoy\u00e9es par e-mail \u00e0 l'OFAG <a href=\"mailto:krisenstab@blw.admin.ch\" target=\"_blank\" rel=\"noopener noreferrer\">\u00eatre envoy\u00e9<\/a>.<\/em><\/p>\n<p>&nbsp;<\/p>","protected":false},"excerpt":{"rendered":"<p>Die Landwirtschaft ist der Dreh- und Angelpunkt f\u00fcr die Landesversorgung. Je nach Land und Region geht man allerdings anders mit Notstand-Gesetzen um. Die Landwirtschaft ist eine kritische Infrastruktur und kann auch keine Heimquarant\u00e4ne durchf\u00fchren. Hier ein paar wichtige Punkte zur aktuellen Lage (Erste Quellen: Bundesamt f\u00fcr Landwirtschaft BAG\u00a0 www.blw.admin.ch ; Bundesministerum Landwirtschaft, Regionen und Tourismus [&hellip;]<\/p>\n","protected":false},"author":5,"featured_media":2912,"comment_status":"closed","ping_status":"closed","sticky":false,"template":"","format":"standard","meta":{"_acf_changed":false,"_yoast_wpseo_focuskw":"Landwirtschaft","_yoast_wpseo_metadesc":"Zurzeit geht es darum, die Ausbreitungsgeschwindigkeit des Virus zu verlangsamen, doch wie steht es um die Lebensmittelversorung durch die Landwirtschaft?","articlekey":"","footnotes":""},"categories":[580],"tags":[947,953,258,1592,1605,424],"class_list":["post-10164","post","type-post","status-publish","format-standard","has-post-thumbnail","hentry","category-sustainability","tag-corona-virus","tag-covid-19","tag-hygiene","tag-landwirtschaft","tag-lebensmittel","tag-schweiz"],"acf":[],"yoast_head":"<!-- This site is optimized with the Yoast SEO plugin v27.4 - https:\/\/yoast.com\/product\/yoast-seo-wordpress\/ -->\n<title>Informationen zum Coronavirus f\u00fcr die Landwirtschaft - Organisator<\/title>\n<meta name=\"description\" content=\"Zurzeit geht es darum, die Ausbreitungsgeschwindigkeit des Virus zu verlangsamen, doch wie steht es um die Lebensmittelversorung durch die Landwirtschaft?\" \/>\n<meta name=\"robots\" content=\"index, follow, max-snippet:-1, max-image-preview:large, max-video-preview:-1\" \/>\n<link rel=\"canonical\" href=\"https:\/\/www.organisator.ch\/fr\/sustainability\/2020-03-16\/informationen-zum-coronavirus-fuer-die-landwirtschaft\/\" \/>\n<meta property=\"og:locale\" content=\"fr_FR\" \/>\n<meta property=\"og:type\" content=\"article\" \/>\n<meta property=\"og:title\" content=\"Informationen zum Coronavirus f\u00fcr die Landwirtschaft - Organisator\" \/>\n<meta property=\"og:description\" content=\"Zurzeit geht es darum, die Ausbreitungsgeschwindigkeit des Virus zu verlangsamen, doch wie steht es um die Lebensmittelversorung durch die Landwirtschaft?\" \/>\n<meta property=\"og:url\" content=\"https:\/\/www.organisator.ch\/fr\/sustainability\/2020-03-16\/informationen-zum-coronavirus-fuer-die-landwirtschaft\/\" \/>\n<meta property=\"og:site_name\" content=\"Organisator\" \/>\n<meta property=\"article:publisher\" content=\"https:\/\/www.facebook.com\/OrganisatorFachmagazin\" \/>\n<meta property=\"article:published_time\" content=\"2020-03-16T09:41:39+00:00\" \/>\n<meta property=\"article:modified_time\" content=\"2022-02-09T10:09:59+00:00\" \/>\n<meta property=\"og:image\" content=\"https:\/\/www.organisator.ch\/wp-content\/uploads\/2020\/03\/Corona-Landwirtschaft-Schweiz-Lebensmittel-UP-Umwelt-Perspektiven.jpg\" \/>\n\t<meta property=\"og:image:width\" content=\"1731\" \/>\n\t<meta property=\"og:image:height\" content=\"1155\" \/>\n\t<meta property=\"og:image:type\" content=\"image\/jpeg\" \/>\n<meta name=\"author\" content=\"michael.merz\" \/>\n<meta name=\"twitter:card\" content=\"summary_large_image\" \/>\n<script type=\"application\/ld+json\" class=\"yoast-schema-graph\">{\"@context\":\"https:\\\/\\\/schema.org\",\"@graph\":[{\"@type\":\"Article\",\"@id\":\"https:\\\/\\\/www.organisator.ch\\\/sustainability\\\/2020-03-16\\\/informationen-zum-coronavirus-fuer-die-landwirtschaft\\\/#article\",\"isPartOf\":{\"@id\":\"https:\\\/\\\/www.organisator.ch\\\/sustainability\\\/2020-03-16\\\/informationen-zum-coronavirus-fuer-die-landwirtschaft\\\/\"},\"author\":{\"name\":\"michael.merz\",\"@id\":\"https:\\\/\\\/www.organisator.ch\\\/#\\\/schema\\\/person\\\/134708ca9321c57b0362cceb7948ffbd\"},\"headline\":\"Informationen zum Coronavirus f\u00fcr die Landwirtschaft\",\"datePublished\":\"2020-03-16T09:41:39+00:00\",\"dateModified\":\"2022-02-09T10:09:59+00:00\",\"mainEntityOfPage\":{\"@id\":\"https:\\\/\\\/www.organisator.ch\\\/sustainability\\\/2020-03-16\\\/informationen-zum-coronavirus-fuer-die-landwirtschaft\\\/\"},\"wordCount\":950,\"publisher\":{\"@id\":\"https:\\\/\\\/www.organisator.ch\\\/#organization\"},\"image\":{\"@id\":\"https:\\\/\\\/www.organisator.ch\\\/sustainability\\\/2020-03-16\\\/informationen-zum-coronavirus-fuer-die-landwirtschaft\\\/#primaryimage\"},\"thumbnailUrl\":\"https:\\\/\\\/www.organisator.ch\\\/wp-content\\\/uploads\\\/2020\\\/03\\\/Corona-Landwirtschaft-Schweiz-Lebensmittel-UP-Umwelt-Perspektiven.jpg\",\"keywords\":[\"Corona Virus\",\"Covid-19\",\"Hygiene\",\"Landwirtschaft\",\"Lebensmittel\",\"Schweiz\"],\"articleSection\":[\"SUSTAINABILITY\"],\"inLanguage\":\"fr-FR\"},{\"@type\":\"WebPage\",\"@id\":\"https:\\\/\\\/www.organisator.ch\\\/sustainability\\\/2020-03-16\\\/informationen-zum-coronavirus-fuer-die-landwirtschaft\\\/\",\"url\":\"https:\\\/\\\/www.organisator.ch\\\/sustainability\\\/2020-03-16\\\/informationen-zum-coronavirus-fuer-die-landwirtschaft\\\/\",\"name\":\"Informationen zum Coronavirus f\u00fcr die Landwirtschaft - Organisator\",\"isPartOf\":{\"@id\":\"https:\\\/\\\/www.organisator.ch\\\/#website\"},\"primaryImageOfPage\":{\"@id\":\"https:\\\/\\\/www.organisator.ch\\\/sustainability\\\/2020-03-16\\\/informationen-zum-coronavirus-fuer-die-landwirtschaft\\\/#primaryimage\"},\"image\":{\"@id\":\"https:\\\/\\\/www.organisator.ch\\\/sustainability\\\/2020-03-16\\\/informationen-zum-coronavirus-fuer-die-landwirtschaft\\\/#primaryimage\"},\"thumbnailUrl\":\"https:\\\/\\\/www.organisator.ch\\\/wp-content\\\/uploads\\\/2020\\\/03\\\/Corona-Landwirtschaft-Schweiz-Lebensmittel-UP-Umwelt-Perspektiven.jpg\",\"datePublished\":\"2020-03-16T09:41:39+00:00\",\"dateModified\":\"2022-02-09T10:09:59+00:00\",\"description\":\"Zurzeit geht es darum, die Ausbreitungsgeschwindigkeit des Virus zu verlangsamen, doch wie steht es um die Lebensmittelversorung durch die Landwirtschaft?\",\"breadcrumb\":{\"@id\":\"https:\\\/\\\/www.organisator.ch\\\/sustainability\\\/2020-03-16\\\/informationen-zum-coronavirus-fuer-die-landwirtschaft\\\/#breadcrumb\"},\"inLanguage\":\"fr-FR\",\"potentialAction\":[{\"@type\":\"ReadAction\",\"target\":[\"https:\\\/\\\/www.organisator.ch\\\/sustainability\\\/2020-03-16\\\/informationen-zum-coronavirus-fuer-die-landwirtschaft\\\/\"]}]},{\"@type\":\"ImageObject\",\"inLanguage\":\"fr-FR\",\"@id\":\"https:\\\/\\\/www.organisator.ch\\\/sustainability\\\/2020-03-16\\\/informationen-zum-coronavirus-fuer-die-landwirtschaft\\\/#primaryimage\",\"url\":\"https:\\\/\\\/www.organisator.ch\\\/wp-content\\\/uploads\\\/2020\\\/03\\\/Corona-Landwirtschaft-Schweiz-Lebensmittel-UP-Umwelt-Perspektiven.jpg\",\"contentUrl\":\"https:\\\/\\\/www.organisator.ch\\\/wp-content\\\/uploads\\\/2020\\\/03\\\/Corona-Landwirtschaft-Schweiz-Lebensmittel-UP-Umwelt-Perspektiven.jpg\",\"width\":1731,\"height\":1155,\"caption\":\"Die landwirtschaftliche Versorgung in der Schweiz ist essentiell. In Zeiten von Covid-19 gibt es jedoch betriebliche Unsicherheiten, die nicht nur Menschen, sondern auch Tiere betreffen k\u00f6nnen. (Bild: Unsplash)\"},{\"@type\":\"BreadcrumbList\",\"@id\":\"https:\\\/\\\/www.organisator.ch\\\/sustainability\\\/2020-03-16\\\/informationen-zum-coronavirus-fuer-die-landwirtschaft\\\/#breadcrumb\",\"itemListElement\":[{\"@type\":\"ListItem\",\"position\":1,\"name\":\"Home\",\"item\":\"https:\\\/\\\/www.organisator.ch\\\/\"},{\"@type\":\"ListItem\",\"position\":2,\"name\":\"Informationen zum Coronavirus f\u00fcr die Landwirtschaft\"}]},{\"@type\":\"WebSite\",\"@id\":\"https:\\\/\\\/www.organisator.ch\\\/#website\",\"url\":\"https:\\\/\\\/www.organisator.ch\\\/\",\"name\":\"Organisator\",\"description\":\"Kompetent. Praxisnah. Der ORGANISATOR bereitet in 10 Ausgaben pro Jahr die wesentlichen Themen f\u00fcr F\u00fchrungskr\u00e4fte von KMU auf.\",\"publisher\":{\"@id\":\"https:\\\/\\\/www.organisator.ch\\\/#organization\"},\"potentialAction\":[{\"@type\":\"SearchAction\",\"target\":{\"@type\":\"EntryPoint\",\"urlTemplate\":\"https:\\\/\\\/www.organisator.ch\\\/?s={search_term_string}\"},\"query-input\":{\"@type\":\"PropertyValueSpecification\",\"valueRequired\":true,\"valueName\":\"search_term_string\"}}],\"inLanguage\":\"fr-FR\"},{\"@type\":\"Organization\",\"@id\":\"https:\\\/\\\/www.organisator.ch\\\/#organization\",\"name\":\"Organisator\",\"url\":\"https:\\\/\\\/www.organisator.ch\\\/\",\"logo\":{\"@type\":\"ImageObject\",\"inLanguage\":\"fr-FR\",\"@id\":\"https:\\\/\\\/www.organisator.ch\\\/#\\\/schema\\\/logo\\\/image\\\/\",\"url\":\"https:\\\/\\\/www.organisator.ch\\\/wp-content\\\/uploads\\\/2022\\\/01\\\/Logo_Organisator_Website.png\",\"contentUrl\":\"https:\\\/\\\/www.organisator.ch\\\/wp-content\\\/uploads\\\/2022\\\/01\\\/Logo_Organisator_Website.png\",\"width\":800,\"height\":77,\"caption\":\"Organisator\"},\"image\":{\"@id\":\"https:\\\/\\\/www.organisator.ch\\\/#\\\/schema\\\/logo\\\/image\\\/\"},\"sameAs\":[\"https:\\\/\\\/www.facebook.com\\\/OrganisatorFachmagazin\",\"https:\\\/\\\/www.linkedin.com\\\/showcase\\\/organisator-das-magazin-fr-kmu\",\"https:\\\/\\\/www.xing.com\\\/news\\\/pages\\\/organisator-ch-695\",\"https:\\\/\\\/www.youtube.com\\\/channel\\\/UCGP2Sq0iWaZwT3BdIAQFYpw\"]},{\"@type\":\"Person\",\"@id\":\"https:\\\/\\\/www.organisator.ch\\\/#\\\/schema\\\/person\\\/134708ca9321c57b0362cceb7948ffbd\",\"name\":\"michael.merz\",\"image\":{\"@type\":\"ImageObject\",\"inLanguage\":\"fr-FR\",\"@id\":\"https:\\\/\\\/secure.gravatar.com\\\/avatar\\\/?s=96&d=mm&r=g\",\"url\":\"https:\\\/\\\/secure.gravatar.com\\\/avatar\\\/?s=96&d=mm&r=g\",\"contentUrl\":\"https:\\\/\\\/secure.gravatar.com\\\/avatar\\\/?s=96&d=mm&r=g\",\"caption\":\"michael.merz\"},\"url\":\"https:\\\/\\\/www.organisator.ch\\\/fr\\\/author\\\/michael-merz\\\/\"}]}<\/script>\n<!-- \/ Yoast SEO plugin. -->","yoast_head_json":{"title":"Informations sur le coronavirus pour l'agriculture - Organisateur","description":"Actuellement, il s'agit de ralentir la vitesse de propagation du virus, mais qu'en est-il de l'approvisionnement alimentaire par l'agriculture ?","robots":{"index":"index","follow":"follow","max-snippet":"max-snippet:-1","max-image-preview":"max-image-preview:large","max-video-preview":"max-video-preview:-1"},"canonical":"https:\/\/www.organisator.ch\/fr\/sustainability\/2020-03-16\/informationen-zum-coronavirus-fuer-die-landwirtschaft\/","og_locale":"fr_FR","og_type":"article","og_title":"Informationen zum Coronavirus f\u00fcr die Landwirtschaft - Organisator","og_description":"Zurzeit geht es darum, die Ausbreitungsgeschwindigkeit des Virus zu verlangsamen, doch wie steht es um die Lebensmittelversorung durch die Landwirtschaft?","og_url":"https:\/\/www.organisator.ch\/fr\/sustainability\/2020-03-16\/informationen-zum-coronavirus-fuer-die-landwirtschaft\/","og_site_name":"Organisator","article_publisher":"https:\/\/www.facebook.com\/OrganisatorFachmagazin","article_published_time":"2020-03-16T09:41:39+00:00","article_modified_time":"2022-02-09T10:09:59+00:00","og_image":[{"width":1731,"height":1155,"url":"https:\/\/www.organisator.ch\/wp-content\/uploads\/2020\/03\/Corona-Landwirtschaft-Schweiz-Lebensmittel-UP-Umwelt-Perspektiven.jpg","type":"image\/jpeg"}],"author":"michael.merz","twitter_card":"summary_large_image","schema":{"@context":"https:\/\/schema.org","@graph":[{"@type":"Article","@id":"https:\/\/www.organisator.ch\/sustainability\/2020-03-16\/informationen-zum-coronavirus-fuer-die-landwirtschaft\/#article","isPartOf":{"@id":"https:\/\/www.organisator.ch\/sustainability\/2020-03-16\/informationen-zum-coronavirus-fuer-die-landwirtschaft\/"},"author":{"name":"michael.merz","@id":"https:\/\/www.organisator.ch\/#\/schema\/person\/134708ca9321c57b0362cceb7948ffbd"},"headline":"Informationen zum Coronavirus f\u00fcr die Landwirtschaft","datePublished":"2020-03-16T09:41:39+00:00","dateModified":"2022-02-09T10:09:59+00:00","mainEntityOfPage":{"@id":"https:\/\/www.organisator.ch\/sustainability\/2020-03-16\/informationen-zum-coronavirus-fuer-die-landwirtschaft\/"},"wordCount":950,"publisher":{"@id":"https:\/\/www.organisator.ch\/#organization"},"image":{"@id":"https:\/\/www.organisator.ch\/sustainability\/2020-03-16\/informationen-zum-coronavirus-fuer-die-landwirtschaft\/#primaryimage"},"thumbnailUrl":"https:\/\/www.organisator.ch\/wp-content\/uploads\/2020\/03\/Corona-Landwirtschaft-Schweiz-Lebensmittel-UP-Umwelt-Perspektiven.jpg","keywords":["Corona Virus","Covid-19","Hygiene","Landwirtschaft","Lebensmittel","Schweiz"],"articleSection":["SUSTAINABILITY"],"inLanguage":"fr-FR"},{"@type":"WebPage","@id":"https:\/\/www.organisator.ch\/sustainability\/2020-03-16\/informationen-zum-coronavirus-fuer-die-landwirtschaft\/","url":"https:\/\/www.organisator.ch\/sustainability\/2020-03-16\/informationen-zum-coronavirus-fuer-die-landwirtschaft\/","name":"Informations sur le coronavirus pour l'agriculture - Organisateur","isPartOf":{"@id":"https:\/\/www.organisator.ch\/#website"},"primaryImageOfPage":{"@id":"https:\/\/www.organisator.ch\/sustainability\/2020-03-16\/informationen-zum-coronavirus-fuer-die-landwirtschaft\/#primaryimage"},"image":{"@id":"https:\/\/www.organisator.ch\/sustainability\/2020-03-16\/informationen-zum-coronavirus-fuer-die-landwirtschaft\/#primaryimage"},"thumbnailUrl":"https:\/\/www.organisator.ch\/wp-content\/uploads\/2020\/03\/Corona-Landwirtschaft-Schweiz-Lebensmittel-UP-Umwelt-Perspektiven.jpg","datePublished":"2020-03-16T09:41:39+00:00","dateModified":"2022-02-09T10:09:59+00:00","description":"Actuellement, il s'agit de ralentir la vitesse de propagation du virus, mais qu'en est-il de l'approvisionnement alimentaire par l'agriculture ?","breadcrumb":{"@id":"https:\/\/www.organisator.ch\/sustainability\/2020-03-16\/informationen-zum-coronavirus-fuer-die-landwirtschaft\/#breadcrumb"},"inLanguage":"fr-FR","potentialAction":[{"@type":"ReadAction","target":["https:\/\/www.organisator.ch\/sustainability\/2020-03-16\/informationen-zum-coronavirus-fuer-die-landwirtschaft\/"]}]},{"@type":"ImageObject","inLanguage":"fr-FR","@id":"https:\/\/www.organisator.ch\/sustainability\/2020-03-16\/informationen-zum-coronavirus-fuer-die-landwirtschaft\/#primaryimage","url":"https:\/\/www.organisator.ch\/wp-content\/uploads\/2020\/03\/Corona-Landwirtschaft-Schweiz-Lebensmittel-UP-Umwelt-Perspektiven.jpg","contentUrl":"https:\/\/www.organisator.ch\/wp-content\/uploads\/2020\/03\/Corona-Landwirtschaft-Schweiz-Lebensmittel-UP-Umwelt-Perspektiven.jpg","width":1731,"height":1155,"caption":"Die landwirtschaftliche Versorgung in der Schweiz ist essentiell. In Zeiten von Covid-19 gibt es jedoch betriebliche Unsicherheiten, die nicht nur Menschen, sondern auch Tiere betreffen k\u00f6nnen. (Bild: Unsplash)"},{"@type":"BreadcrumbList","@id":"https:\/\/www.organisator.ch\/sustainability\/2020-03-16\/informationen-zum-coronavirus-fuer-die-landwirtschaft\/#breadcrumb","itemListElement":[{"@type":"ListItem","position":1,"name":"Home","item":"https:\/\/www.organisator.ch\/"},{"@type":"ListItem","position":2,"name":"Informationen zum Coronavirus f\u00fcr die Landwirtschaft"}]},{"@type":"WebSite","@id":"https:\/\/www.organisator.ch\/#website","url":"https:\/\/www.organisator.ch\/","name":"Organisateur","description":"Comp\u00e9tence et comp\u00e9tence. Proches de la pratique. L'ORGANISATEUR pr\u00e9pare 10 num\u00e9ros par an sur les th\u00e8mes essentiels pour les dirigeants de PME.","publisher":{"@id":"https:\/\/www.organisator.ch\/#organization"},"potentialAction":[{"@type":"SearchAction","target":{"@type":"EntryPoint","urlTemplate":"https:\/\/www.organisator.ch\/?s={search_term_string}"},"query-input":{"@type":"PropertyValueSpecification","valueRequired":true,"valueName":"search_term_string"}}],"inLanguage":"fr-FR"},{"@type":"Organization","@id":"https:\/\/www.organisator.ch\/#organization","name":"Organisateur","url":"https:\/\/www.organisator.ch\/","logo":{"@type":"ImageObject","inLanguage":"fr-FR","@id":"https:\/\/www.organisator.ch\/#\/schema\/logo\/image\/","url":"https:\/\/www.organisator.ch\/wp-content\/uploads\/2022\/01\/Logo_Organisator_Website.png","contentUrl":"https:\/\/www.organisator.ch\/wp-content\/uploads\/2022\/01\/Logo_Organisator_Website.png","width":800,"height":77,"caption":"Organisator"},"image":{"@id":"https:\/\/www.organisator.ch\/#\/schema\/logo\/image\/"},"sameAs":["https:\/\/www.facebook.com\/OrganisatorFachmagazin","https:\/\/www.linkedin.com\/showcase\/organisator-das-magazin-fr-kmu","https:\/\/www.xing.com\/news\/pages\/organisator-ch-695","https:\/\/www.youtube.com\/channel\/UCGP2Sq0iWaZwT3BdIAQFYpw"]},{"@type":"Person","@id":"https:\/\/www.organisator.ch\/#\/schema\/person\/134708ca9321c57b0362cceb7948ffbd","name":"michael.merz","image":{"@type":"ImageObject","inLanguage":"fr-FR","@id":"https:\/\/secure.gravatar.com\/avatar\/?s=96&d=mm&r=g","url":"https:\/\/secure.gravatar.com\/avatar\/?s=96&d=mm&r=g","contentUrl":"https:\/\/secure.gravatar.com\/avatar\/?s=96&d=mm&r=g","caption":"michael.merz"},"url":"https:\/\/www.organisator.ch\/fr\/author\/michael-merz\/"}]}},"_links":{"self":[{"href":"https:\/\/www.organisator.ch\/fr\/wp-json\/wp\/v2\/posts\/10164","targetHints":{"allow":["GET"]}}],"collection":[{"href":"https:\/\/www.organisator.ch\/fr\/wp-json\/wp\/v2\/posts"}],"about":[{"href":"https:\/\/www.organisator.ch\/fr\/wp-json\/wp\/v2\/types\/post"}],"author":[{"embeddable":true,"href":"https:\/\/www.organisator.ch\/fr\/wp-json\/wp\/v2\/users\/5"}],"replies":[{"embeddable":true,"href":"https:\/\/www.organisator.ch\/fr\/wp-json\/wp\/v2\/comments?post=10164"}],"version-history":[{"count":1,"href":"https:\/\/www.organisator.ch\/fr\/wp-json\/wp\/v2\/posts\/10164\/revisions"}],"predecessor-version":[{"id":10844,"href":"https:\/\/www.organisator.ch\/fr\/wp-json\/wp\/v2\/posts\/10164\/revisions\/10844"}],"wp:featuredmedia":[{"embeddable":true,"href":"https:\/\/www.organisator.ch\/fr\/wp-json\/wp\/v2\/media\/2912"}],"wp:attachment":[{"href":"https:\/\/www.organisator.ch\/fr\/wp-json\/wp\/v2\/media?parent=10164"}],"wp:term":[{"taxonomy":"category","embeddable":true,"href":"https:\/\/www.organisator.ch\/fr\/wp-json\/wp\/v2\/categories?post=10164"},{"taxonomy":"post_tag","embeddable":true,"href":"https:\/\/www.organisator.ch\/fr\/wp-json\/wp\/v2\/tags?post=10164"}],"curies":[{"name":"wp","href":"https:\/\/api.w.org\/{rel}","templated":true}]}}