{"id":10171,"date":"2020-04-24T10:13:03","date_gmt":"2020-04-24T08:13:03","guid":{"rendered":"https:\/\/www.umweltperspektiven.ch\/?p=3025"},"modified":"2022-02-09T11:05:33","modified_gmt":"2022-02-09T10:05:33","slug":"atemschutzmasken-fuer-die-schweiz","status":"publish","type":"post","link":"https:\/\/www.organisator.ch\/fr\/sustainability\/2020-04-24\/atemschutzmasken-fuer-die-schweiz\/","title":{"rendered":"Masques de protection respiratoire pour la Suisse"},"content":{"rendered":"<div class=\"span9\">\n<div class=\"std-art-output-wrapper\">\n<div class=\"std-art-output\">\n<div class=\"std-paragraph-block\">\n<div class=\"std-art-paragraph\">\n<p>&nbsp;<\/p>\n<figure id=\"attachment_3026\" aria-describedby=\"caption-attachment-3026\" style=\"width: 680px\" class=\"wp-caption alignnone\"><img loading=\"lazy\" decoding=\"async\" class=\"size-medium wp-image-3026\" src=\"\/\/www.umweltperspektiven.ch\/wp-content\/uploads\/2020\/04\/Stopper_Claudio_Schwarz_Purzlbaum_f\u00fcr-Unsplash_size.jpg\" alt=\"\" width=\"680\" height=\"348\" \/><figcaption id=\"caption-attachment-3026\" class=\"wp-caption-text\">Les masques de protection sont une denr\u00e9e rare et pourtant, ils ne sont utilis\u00e9s qu'une seule fois. (Image : Unsplash)<\/figcaption><\/figure>\n<p>Dans le cadre de la crise Corona, les chercheurs suisses se rapprochent les uns des autres. Afin d'assurer les besoins de la Suisse en mat\u00e9riel de protection, des chercheurs de l'Empa, de l'ETH Zurich, de l'EPFL et du laboratoire de Spiez, en collaboration avec un grand nombre de partenaires du secteur de la sant\u00e9 et de l'industrie, ont mis au point un syst\u00e8me de protection contre les effets de la Corona.\u00a0<a href=\"\/\/www.empa.ch\/web\/remask\">le projet \"ReMask<\/a>\"a \u00e9t\u00e9 lanc\u00e9. Les objectifs de ReMask sont de d\u00e9velopper des technologies permettant de r\u00e9utiliser les masques existants, de produire dans le pays des \u00e9quipements de protection efficaces et de mettre au point des masques alternatifs dot\u00e9s de nouvelles propri\u00e9t\u00e9s permettant de lier et de tuer les virus.<\/p>\n<p>Les conclusions de ReMask ont soutenu la \"National COVID-19 Science Task Force\" r\u00e9cemment cr\u00e9\u00e9e, dont les experts conseillent l'Office f\u00e9d\u00e9ral de la sant\u00e9 publique (OFSP), l'\u00e9tat-major de crise ainsi que d'autres services f\u00e9d\u00e9raux dans la gestion de la pand\u00e9mie. L'une des t\u00e2ches hautement prioritaires de la Task Force, dirig\u00e9e par Peter Wick (Empa), Sarah Tschudin Sutter (Universit\u00e9 de B\u00e2le) et Andreas Mortensen (EPFL), est de rendre possible des projets de fabrication et de r\u00e9utilisation de masques de protection.<\/p>\n<p>Avec ReMask, cette approche multidisciplinaire est d\u00e9sormais mise en \u0153uvre. Le groupe d'experts\u00a0<a href=\"\/\/www.empa.ch\/web\/remask\">\"<\/a>Masques\" de la Science Task Force a maintenant \u00e9mis une recommandation sur les exigences minimales de qualit\u00e9 pour les masques dits \"communautaires\" destin\u00e9s \u00e0 la population.\u00a0<a href=\"\/\/www.empa.ch\/web\/remask\">Sur la base de ces recommandations\u00a0<\/a>l'Empa \u00e9tudiera temporairement de tels masques communautaires pendant la situation de crise actuelle, jusqu'\u00e0 ce que le savoir-faire correspondant puisse \u00eatre transf\u00e9r\u00e9 \u00e0 un organisme ind\u00e9pendant.<\/p>\n<\/div>\n<\/div>\n<div class=\"std-paragraph-block\">\n<h2>Masques de protection : trois types pour diff\u00e9rents usages<\/h2>\n<p>&nbsp;<\/p>\n<div class=\"std-art-paragraph\">\n<div>\n<div class=\"std-art-embedded-image\">\n<div class=\"std-art-img-row\">\n<div class=\"std-art-img-cell\"><img decoding=\"async\" src=\"\/\/www.empa.ch\/documents\/56164\/12681608\/Masken_box.jpg\/c1a10d10-508f-4c7f-b9cb-054b928a4dbb?t=1586950073637\" alt=\"\/documents\/56164\/12681608\/Masken_box.jpg\/c1a10d10-508f-4c7f-b9cb-054b928a4dbb?t=1586950073637\" \/><\/div>\n<\/div>\n<div>Photos : Unsplash\/istock<\/div>\n<\/div>\n<\/div>\n<p>&nbsp;<\/p>\n<p>Les masques chirurgicaux (\u00e0 droite) ont pour but d'emp\u00eacher que de grosses gouttelettes contenant des agents pathog\u00e8nes soient s\u00e9par\u00e9es du porteur. Ils prot\u00e8gent donc moins le porteur, puisque les petites particules peuvent passer \u00e0 l'int\u00e9rieur et que le masque n'est pas \u00e9tanche au visage. En revanche, ils prot\u00e8gent l'entourage des gouttelettes contenant des virus provenant d'un porteur infect\u00e9.<\/p>\n<p>Il en va autrement des masques de protection respiratoire de type FFP-2 (en anglais \"filtering face piece\") : les masques FFP-2 (\u00e0 gauche) doivent prot\u00e9ger le porteur contre les substances nocives et les agents pathog\u00e8nes pr\u00e9sents dans l'air. Les plus petites particules qui peuvent \u00eatre intercept\u00e9es mesurent environ 600 nanom\u00e8tres. Ces deux types de masques ne sont actuellement destin\u00e9s qu'\u00e0 \u00eatre port\u00e9s une seule fois.<\/p>\n<p>En troisi\u00e8me lieu, il faut mentionner les masques dits communautaires ou masques hygi\u00e9niques, qui ne sont pas couverts par les normes certifi\u00e9es des deux autres types de masques. Comme son nom l'indique, l'utilisation de masques communautaires est destin\u00e9e au grand public comme moyen de minimiser le risque de transmission et donc de prot\u00e9ger l'environnement.<\/p>\n<p>&nbsp;<\/p>\n<\/div>\n<\/div>\n<div class=\"std-paragraph-block\">\n<div class=\"std-art-paragraph\">\n<div>\n<div class=\"std-art-embedded-image\">\n<div class=\"std-art-img-row\">\n<div class=\"std-art-img-cell\"><img decoding=\"async\" src=\"\/\/www.empa.ch\/documents\/56164\/12681608\/Auswahl_para.jpg\/fde14ac6-4b57-4d1d-a6c3-f6b56929f759?t=1586950074053\" alt=\"\/documents\/56164\/12681608\/Auswahl_para.jpg\/fde14ac6-4b57-4d1d-a6c3-f6b56929f759?t=1586950074053\" \/><\/div>\n<\/div>\n<div>La chercheuse de l'Empa Luzia Wiesli et le m\u00e9canicien J\u00f6rg Gschwend ont d\u00e9j\u00e0 commenc\u00e9 les montages d'essai pour le projet ReMask. Photo : Empa<\/div>\n<\/div>\n<\/div>\n<p>&nbsp;<\/p>\n<p>Dans les laboratoires de l'Empa, des projets de recherche ont d\u00e9j\u00e0 \u00e9t\u00e9 lanc\u00e9s pour pallier les p\u00e9nuries \u00e0 court terme et permettre la r\u00e9utilisation des masques. Cela permet en outre une utilisation plus durable des ressources mat\u00e9rielles \u00e0 long terme. Il s'agit notamment de d\u00e9terminer comment les masques peuvent \u00eatre st\u00e9rilis\u00e9s de mani\u00e8re non destructive, comment ils peuvent \u00eatre stock\u00e9s de mani\u00e8re durable et comment leur efficacit\u00e9 peut \u00eatre prouv\u00e9e sans aucun doute, m\u00eame apr\u00e8s plusieurs utilisations.<\/p>\n<p>Pour \u00e9viter d'utiliser des virus dangereux pour ces exp\u00e9riences, les chercheurs travaillent avec des particules non infectieuses qui simulent ce qui se passe \u00e0 l'int\u00e9rieur et \u00e0 l'ext\u00e9rieur d'un masque dans le sens d'une infection par gouttelettes. \"Nous d\u00e9veloppons actuellement des appareils qui permettent d'obtenir ces simulations\", explique Ren\u00e9 Rossi, chercheur \u00e0 l'Empa au \"Laboratory for Biomimetic Membranes and Textiles\" de Saint-Gall.<\/p>\n<p>De m\u00eame, d'autres propri\u00e9t\u00e9s des masques, telles que la perm\u00e9abilit\u00e9 \u00e0 l'air (&lt;60 Pa\/cm<sup>2<\/sup>), la r\u00e9sistance aux \u00e9claboussures (imperm\u00e9abilit\u00e9 aux \u00e9claboussures) ou l'efficacit\u00e9 de la filtration contre les petites particules (efficacit\u00e9 de filtration de 70 % pour des particules de 1 microm\u00e8tre). Les protocoles d'essai \u00e9labor\u00e9s \u00e0 cette occasion seront distribu\u00e9s \u00e0 grande \u00e9chelle aux entreprises qui fabriquent des masques, des filtres et des \u00e9quipements de protection. \"Il s'agit d'un effort rapide \u00e0 l'\u00e9chelle nationale\", explique Rossi. C'est pourquoi nous ne travaillons pas avec un seul partenaire industriel, mais nous avons fait appel \u00e0 l'ensemble du secteur.<\/p>\n<\/div>\n<\/div>\n<div class=\"std-paragraph-block\">\n<h5>Consortium ReMask<\/h5>\n<div class=\"std-art-paragraph\">\n<p>Des experts de la recherche, de la sant\u00e9 publique et de l'industrie se sont r\u00e9unis pour le projet ReMask afin de mettre \u00e0 disposition en temps utile des produits, des concepts et des technologies dont le besoin est urgent pour lutter contre COVID-19. A l'Empa, il s'agit de\u00a0<a href=\"\/\/www.empa.ch\/de\/web\/s401\">\"Laboratoire des membranes biomim\u00e9tiques et des textiles\".<\/a>, le\u00a0<a href=\"\/\/www.empa.ch\/web\/s403\">\"Laboratoire d'interactions particules-biologie\"<\/a>, le \"<a href=\"\/\/www.empa.ch\/web\/s405\/research\">Transport at Nanoscale Interfaces Laboratory\" (Transport aux interfaces nanom\u00e9triques)<\/a>, le\u00a0<a href=\"\/\/www.empa.ch\/web\/s499\">\"Centre d'analyse des rayons X\"<\/a>\u00a0et le\u00a0<a href=\"\/\/www.empa.ch\/web\/s404\">\"Biointerfaces\"<\/a>\u00a0Laboratoire impliqu\u00e9.<br \/>\n<strong>Partenaires :\u00a0<\/strong>ETH Zurich, EPFL, Laboratoire Spiez, H\u00f4pital universitaire de Zurich, H\u00f4pital de l'\u00cele de Berne, \"Centre hospitalier universitaire vaudois\" (CHUV), \"H\u00f4pitaux Universitaires de Gen\u00e8ve\" (HUG), H\u00f4pital cantonal de Wintertur, H\u00f4pital du Valais, Regio 144 AG, Indema AG ainsi que 200 entreprises de l'association professionnelle Swiss Textiles (https:\/\/subitex.empa.ch)<\/p>\n<\/div>\n<\/div>\n<div class=\"std-paragraph-block\">\n<div class=\"std-art-paragraph\">\n<p>Les objectifs \u00e0 moyen et long terme de ReMask comprennent en outre le d\u00e9veloppement et la production de nouveaux types de masques et de pi\u00e8ces de masques. Ainsi, des couches suppl\u00e9mentaires \u00e0 l'int\u00e9rieur et \u00e0 l'ext\u00e9rieur des masques traditionnels doivent am\u00e9liorer leur long\u00e9vit\u00e9 et leur fonctionnalit\u00e9. Sur la face int\u00e9rieure des masques, une couche qui retient l'eau doit absorber l'humidit\u00e9 de la respiration du porteur. Sur la face ext\u00e9rieure en revanche, le coronavirus doit \u00eatre bloqu\u00e9 de mani\u00e8re cibl\u00e9e. On sait d\u00e9j\u00e0 que l'enveloppe de l'agent pathog\u00e8ne, qui ressemble \u00e0 une couronne, a une charge \u00e9lectrique n\u00e9gative. \"Un rev\u00eatement de fibres ou de membranes charg\u00e9 positivement lierait \u00e9lectrostatiquement le virus \u00e0 l'ext\u00e9rieur du masque et le bloquerait ainsi\", explique Rossi. Par ailleurs, les chercheurs veulent d\u00e9velopper des textiles aux propri\u00e9t\u00e9s antivirales. Rossi : \"Nous suivons plusieurs approches qui permettent d'inactiver les coronavirus qui se posent sur le textile\".<\/p>\n<p>Il s'appuie sur les connaissances acquises dans le cadre d'un projet pr\u00e9c\u00e9dent.\u00a0<a href=\"\/\/www.empa.ch\/de\/web\/s604\/schutzmaske\">Dans le cadre de ce projet de l'Empa et de l'EPFL<\/a>Un prot\u00e8ge-dents \u00e9quip\u00e9 d'un nouveau type de film filtrant a \u00e9t\u00e9 mis au point. Ces nouveaux masques, plus robustes et plus performants, doivent \u00e9galement r\u00e9sister aux proc\u00e9dures de test qui sont d\u00e9j\u00e0 mises en \u0153uvre pour les masques usag\u00e9s.<\/p>\n<p>Pour la production et la fonctionnalisation des masques de protection, des entreprises suisses sont mises \u00e0 contribution. Ainsi, ReMask est non seulement un projet de recherche, mais aussi un projet de promotion \u00e9conomique qui, en pleine crise de Corona, permet d'obtenir des commandes pour des entreprises suisses.<\/p>\n<\/div>\n<\/div>\n<div class=\"std-paragraph-block\">\n<h5><em>Soutien aux start-ups<\/em><\/h5>\n<div class=\"std-art-paragraph\">\n<p><em>Ces derni\u00e8res ann\u00e9es, plus de la moiti\u00e9 des start-ups suisses de \"deep tech\" sont issues d'institutions du Domaine des EPF, ce qui a permis de cr\u00e9er de nouvelles technologies, de nouveaux services et de nouveaux emplois. Afin que les performances innovantes et de promotion \u00e9conomique des start-up en Suisse ne soient pas menac\u00e9es par la crise de Corona, le Domaine des EPF a r\u00e9cemment lanc\u00e9 une nouvelle initiative \u00e0 laquelle participe \u00e9galement l'Empa. La \"COVID-19 Start-up-Task Force\" vise \u00e0 soutenir les jeunes entreprises hautement qualifi\u00e9es dans la situation de crise actuelle. Elle exploite en outre les synergies et les contacts avec les experts \u00e9conomiques de la \"National COVID-19 Science Task Force\" ainsi qu'avec les principales parties prenantes de l'\u00e9cosyst\u00e8me suisse des start-up.<\/em><\/p>\n<\/div>\n<\/div>\n<\/div>\n<\/div>\n<\/div>\n<div class=\"span3\">\n<div class=\"std-art-right-hand-column\">\n<div class=\"std-art-rhs-box\">\n<div class=\"std-art-rhs-box-content\">\n<p>&nbsp;<\/p>\n<\/div>\n<\/div>\n<\/div>\n<\/div>","protected":false},"excerpt":{"rendered":"<p>&nbsp; In der Corona-Krise r\u00fccken die Schweizer Forschenden zusammen. Um den Bedarf der Schweiz mit\u00a0Schutzmaterial sicherzustellen, haben Forschende der Empa, der ETH Z\u00fcrich, der EPFL und des Labors Spiez gemeinsam mit einer grossen Anzahl Partnern aus dem Gesundheitswesen und der Industrie\u00a0das Projekt \u00abReMask\u00bb gestartet. Die Ziele von ReMask sind Technologien zur Wiederverwendung von vorhandenen Masken, [&hellip;]<\/p>\n","protected":false},"author":5,"featured_media":3026,"comment_status":"closed","ping_status":"closed","sticky":false,"template":"","format":"standard","meta":{"_acf_changed":false,"_yoast_wpseo_focuskw":"Schutzmasken","_yoast_wpseo_metadesc":"Schutzmasken sind derzeit ein rares Gut. Um die Schweiz in der Corona-Krise mit effizientem Schutzmaterial auszur\u00fcsten, arbeiten Empa-Forschende intensiv.","articlekey":"","footnotes":""},"categories":[580],"tags":[132,953,1052,218,2071,424],"class_list":["post-10171","post","type-post","status-publish","format-standard","has-post-thumbnail","hentry","category-sustainability","tag-coronavirus","tag-covid-19","tag-empa","tag-forschung","tag-schutzmasken","tag-schweiz"],"acf":[],"yoast_head":"<!-- This site is optimized with the Yoast SEO plugin v27.4 - https:\/\/yoast.com\/product\/yoast-seo-wordpress\/ -->\n<title>Atemschutzmasken f\u00fcr die Schweiz - Organisator<\/title>\n<meta name=\"description\" content=\"Schutzmasken sind derzeit ein rares Gut. Um die Schweiz in der Corona-Krise mit effizientem Schutzmaterial auszur\u00fcsten, arbeiten Empa-Forschende intensiv.\" \/>\n<meta name=\"robots\" content=\"index, follow, max-snippet:-1, max-image-preview:large, max-video-preview:-1\" \/>\n<link rel=\"canonical\" href=\"https:\/\/www.organisator.ch\/fr\/sustainability\/2020-04-24\/atemschutzmasken-fuer-die-schweiz\/\" \/>\n<meta property=\"og:locale\" content=\"fr_FR\" \/>\n<meta property=\"og:type\" content=\"article\" \/>\n<meta property=\"og:title\" content=\"Atemschutzmasken f\u00fcr die Schweiz - Organisator\" \/>\n<meta property=\"og:description\" content=\"Schutzmasken sind derzeit ein rares Gut. Um die Schweiz in der Corona-Krise mit effizientem Schutzmaterial auszur\u00fcsten, arbeiten Empa-Forschende intensiv.\" \/>\n<meta property=\"og:url\" content=\"https:\/\/www.organisator.ch\/fr\/sustainability\/2020-04-24\/atemschutzmasken-fuer-die-schweiz\/\" \/>\n<meta property=\"og:site_name\" content=\"Organisator\" \/>\n<meta property=\"article:publisher\" content=\"https:\/\/www.facebook.com\/OrganisatorFachmagazin\" \/>\n<meta property=\"article:published_time\" content=\"2020-04-24T08:13:03+00:00\" \/>\n<meta property=\"article:modified_time\" content=\"2022-02-09T10:05:33+00:00\" \/>\n<meta property=\"og:image\" content=\"https:\/\/www.organisator.ch\/wp-content\/uploads\/2020\/04\/Stopper_Claudio_Schwarz_Purzlbaum_fuer-Unsplash_size.jpg\" \/>\n\t<meta property=\"og:image:width\" content=\"890\" \/>\n\t<meta property=\"og:image:height\" content=\"455\" \/>\n\t<meta property=\"og:image:type\" content=\"image\/jpeg\" \/>\n<meta name=\"author\" content=\"michael.merz\" \/>\n<meta name=\"twitter:card\" content=\"summary_large_image\" \/>\n<script type=\"application\/ld+json\" class=\"yoast-schema-graph\">{\"@context\":\"https:\\\/\\\/schema.org\",\"@graph\":[{\"@type\":\"Article\",\"@id\":\"https:\\\/\\\/www.organisator.ch\\\/sustainability\\\/2020-04-24\\\/atemschutzmasken-fuer-die-schweiz\\\/#article\",\"isPartOf\":{\"@id\":\"https:\\\/\\\/www.organisator.ch\\\/sustainability\\\/2020-04-24\\\/atemschutzmasken-fuer-die-schweiz\\\/\"},\"author\":{\"name\":\"michael.merz\",\"@id\":\"https:\\\/\\\/www.organisator.ch\\\/#\\\/schema\\\/person\\\/134708ca9321c57b0362cceb7948ffbd\"},\"headline\":\"Atemschutzmasken f\u00fcr die Schweiz\",\"datePublished\":\"2020-04-24T08:13:03+00:00\",\"dateModified\":\"2022-02-09T10:05:33+00:00\",\"mainEntityOfPage\":{\"@id\":\"https:\\\/\\\/www.organisator.ch\\\/sustainability\\\/2020-04-24\\\/atemschutzmasken-fuer-die-schweiz\\\/\"},\"wordCount\":1088,\"publisher\":{\"@id\":\"https:\\\/\\\/www.organisator.ch\\\/#organization\"},\"image\":{\"@id\":\"https:\\\/\\\/www.organisator.ch\\\/sustainability\\\/2020-04-24\\\/atemschutzmasken-fuer-die-schweiz\\\/#primaryimage\"},\"thumbnailUrl\":\"https:\\\/\\\/www.organisator.ch\\\/wp-content\\\/uploads\\\/2020\\\/04\\\/Stopper_Claudio_Schwarz_Purzlbaum_fuer-Unsplash_size.jpg\",\"keywords\":[\"Coronavirus\",\"Covid-19\",\"Empa\",\"Forschung\",\"Schutzmasken\",\"Schweiz\"],\"articleSection\":[\"SUSTAINABILITY\"],\"inLanguage\":\"fr-FR\"},{\"@type\":\"WebPage\",\"@id\":\"https:\\\/\\\/www.organisator.ch\\\/sustainability\\\/2020-04-24\\\/atemschutzmasken-fuer-die-schweiz\\\/\",\"url\":\"https:\\\/\\\/www.organisator.ch\\\/sustainability\\\/2020-04-24\\\/atemschutzmasken-fuer-die-schweiz\\\/\",\"name\":\"Atemschutzmasken f\u00fcr die Schweiz - Organisator\",\"isPartOf\":{\"@id\":\"https:\\\/\\\/www.organisator.ch\\\/#website\"},\"primaryImageOfPage\":{\"@id\":\"https:\\\/\\\/www.organisator.ch\\\/sustainability\\\/2020-04-24\\\/atemschutzmasken-fuer-die-schweiz\\\/#primaryimage\"},\"image\":{\"@id\":\"https:\\\/\\\/www.organisator.ch\\\/sustainability\\\/2020-04-24\\\/atemschutzmasken-fuer-die-schweiz\\\/#primaryimage\"},\"thumbnailUrl\":\"https:\\\/\\\/www.organisator.ch\\\/wp-content\\\/uploads\\\/2020\\\/04\\\/Stopper_Claudio_Schwarz_Purzlbaum_fuer-Unsplash_size.jpg\",\"datePublished\":\"2020-04-24T08:13:03+00:00\",\"dateModified\":\"2022-02-09T10:05:33+00:00\",\"description\":\"Schutzmasken sind derzeit ein rares Gut. Um die Schweiz in der Corona-Krise mit effizientem Schutzmaterial auszur\u00fcsten, arbeiten Empa-Forschende intensiv.\",\"breadcrumb\":{\"@id\":\"https:\\\/\\\/www.organisator.ch\\\/sustainability\\\/2020-04-24\\\/atemschutzmasken-fuer-die-schweiz\\\/#breadcrumb\"},\"inLanguage\":\"fr-FR\",\"potentialAction\":[{\"@type\":\"ReadAction\",\"target\":[\"https:\\\/\\\/www.organisator.ch\\\/sustainability\\\/2020-04-24\\\/atemschutzmasken-fuer-die-schweiz\\\/\"]}]},{\"@type\":\"ImageObject\",\"inLanguage\":\"fr-FR\",\"@id\":\"https:\\\/\\\/www.organisator.ch\\\/sustainability\\\/2020-04-24\\\/atemschutzmasken-fuer-die-schweiz\\\/#primaryimage\",\"url\":\"https:\\\/\\\/www.organisator.ch\\\/wp-content\\\/uploads\\\/2020\\\/04\\\/Stopper_Claudio_Schwarz_Purzlbaum_fuer-Unsplash_size.jpg\",\"contentUrl\":\"https:\\\/\\\/www.organisator.ch\\\/wp-content\\\/uploads\\\/2020\\\/04\\\/Stopper_Claudio_Schwarz_Purzlbaum_fuer-Unsplash_size.jpg\",\"width\":890,\"height\":455,\"caption\":\"Schutzmasken sind ein rares Gut und doch werden sie nur einmal verwendet. (Bild: Unsplash)\"},{\"@type\":\"BreadcrumbList\",\"@id\":\"https:\\\/\\\/www.organisator.ch\\\/sustainability\\\/2020-04-24\\\/atemschutzmasken-fuer-die-schweiz\\\/#breadcrumb\",\"itemListElement\":[{\"@type\":\"ListItem\",\"position\":1,\"name\":\"Home\",\"item\":\"https:\\\/\\\/www.organisator.ch\\\/\"},{\"@type\":\"ListItem\",\"position\":2,\"name\":\"Atemschutzmasken f\u00fcr die Schweiz\"}]},{\"@type\":\"WebSite\",\"@id\":\"https:\\\/\\\/www.organisator.ch\\\/#website\",\"url\":\"https:\\\/\\\/www.organisator.ch\\\/\",\"name\":\"Organisator\",\"description\":\"Kompetent. Praxisnah. Der ORGANISATOR bereitet in 10 Ausgaben pro Jahr die wesentlichen Themen f\u00fcr F\u00fchrungskr\u00e4fte von KMU auf.\",\"publisher\":{\"@id\":\"https:\\\/\\\/www.organisator.ch\\\/#organization\"},\"potentialAction\":[{\"@type\":\"SearchAction\",\"target\":{\"@type\":\"EntryPoint\",\"urlTemplate\":\"https:\\\/\\\/www.organisator.ch\\\/?s={search_term_string}\"},\"query-input\":{\"@type\":\"PropertyValueSpecification\",\"valueRequired\":true,\"valueName\":\"search_term_string\"}}],\"inLanguage\":\"fr-FR\"},{\"@type\":\"Organization\",\"@id\":\"https:\\\/\\\/www.organisator.ch\\\/#organization\",\"name\":\"Organisator\",\"url\":\"https:\\\/\\\/www.organisator.ch\\\/\",\"logo\":{\"@type\":\"ImageObject\",\"inLanguage\":\"fr-FR\",\"@id\":\"https:\\\/\\\/www.organisator.ch\\\/#\\\/schema\\\/logo\\\/image\\\/\",\"url\":\"https:\\\/\\\/www.organisator.ch\\\/wp-content\\\/uploads\\\/2022\\\/01\\\/Logo_Organisator_Website.png\",\"contentUrl\":\"https:\\\/\\\/www.organisator.ch\\\/wp-content\\\/uploads\\\/2022\\\/01\\\/Logo_Organisator_Website.png\",\"width\":800,\"height\":77,\"caption\":\"Organisator\"},\"image\":{\"@id\":\"https:\\\/\\\/www.organisator.ch\\\/#\\\/schema\\\/logo\\\/image\\\/\"},\"sameAs\":[\"https:\\\/\\\/www.facebook.com\\\/OrganisatorFachmagazin\",\"https:\\\/\\\/www.linkedin.com\\\/showcase\\\/organisator-das-magazin-fr-kmu\",\"https:\\\/\\\/www.xing.com\\\/news\\\/pages\\\/organisator-ch-695\",\"https:\\\/\\\/www.youtube.com\\\/channel\\\/UCGP2Sq0iWaZwT3BdIAQFYpw\"]},{\"@type\":\"Person\",\"@id\":\"https:\\\/\\\/www.organisator.ch\\\/#\\\/schema\\\/person\\\/134708ca9321c57b0362cceb7948ffbd\",\"name\":\"michael.merz\",\"image\":{\"@type\":\"ImageObject\",\"inLanguage\":\"fr-FR\",\"@id\":\"https:\\\/\\\/secure.gravatar.com\\\/avatar\\\/?s=96&d=mm&r=g\",\"url\":\"https:\\\/\\\/secure.gravatar.com\\\/avatar\\\/?s=96&d=mm&r=g\",\"contentUrl\":\"https:\\\/\\\/secure.gravatar.com\\\/avatar\\\/?s=96&d=mm&r=g\",\"caption\":\"michael.merz\"},\"url\":\"https:\\\/\\\/www.organisator.ch\\\/fr\\\/author\\\/michael-merz\\\/\"}]}<\/script>\n<!-- \/ Yoast SEO plugin. -->","yoast_head_json":{"title":"Masques de protection respiratoire pour la Suisse - Organisateur","description":"Les masques de protection sont actuellement une denr\u00e9e rare. Pour \u00e9quiper la Suisse d'un mat\u00e9riel de protection efficace lors de la crise de Corona, les chercheurs de l'Empa travaillent d'arrache-pied.","robots":{"index":"index","follow":"follow","max-snippet":"max-snippet:-1","max-image-preview":"max-image-preview:large","max-video-preview":"max-video-preview:-1"},"canonical":"https:\/\/www.organisator.ch\/fr\/sustainability\/2020-04-24\/atemschutzmasken-fuer-die-schweiz\/","og_locale":"fr_FR","og_type":"article","og_title":"Atemschutzmasken f\u00fcr die Schweiz - Organisator","og_description":"Schutzmasken sind derzeit ein rares Gut. Um die Schweiz in der Corona-Krise mit effizientem Schutzmaterial auszur\u00fcsten, arbeiten Empa-Forschende intensiv.","og_url":"https:\/\/www.organisator.ch\/fr\/sustainability\/2020-04-24\/atemschutzmasken-fuer-die-schweiz\/","og_site_name":"Organisator","article_publisher":"https:\/\/www.facebook.com\/OrganisatorFachmagazin","article_published_time":"2020-04-24T08:13:03+00:00","article_modified_time":"2022-02-09T10:05:33+00:00","og_image":[{"width":890,"height":455,"url":"https:\/\/www.organisator.ch\/wp-content\/uploads\/2020\/04\/Stopper_Claudio_Schwarz_Purzlbaum_fuer-Unsplash_size.jpg","type":"image\/jpeg"}],"author":"michael.merz","twitter_card":"summary_large_image","schema":{"@context":"https:\/\/schema.org","@graph":[{"@type":"Article","@id":"https:\/\/www.organisator.ch\/sustainability\/2020-04-24\/atemschutzmasken-fuer-die-schweiz\/#article","isPartOf":{"@id":"https:\/\/www.organisator.ch\/sustainability\/2020-04-24\/atemschutzmasken-fuer-die-schweiz\/"},"author":{"name":"michael.merz","@id":"https:\/\/www.organisator.ch\/#\/schema\/person\/134708ca9321c57b0362cceb7948ffbd"},"headline":"Atemschutzmasken f\u00fcr die Schweiz","datePublished":"2020-04-24T08:13:03+00:00","dateModified":"2022-02-09T10:05:33+00:00","mainEntityOfPage":{"@id":"https:\/\/www.organisator.ch\/sustainability\/2020-04-24\/atemschutzmasken-fuer-die-schweiz\/"},"wordCount":1088,"publisher":{"@id":"https:\/\/www.organisator.ch\/#organization"},"image":{"@id":"https:\/\/www.organisator.ch\/sustainability\/2020-04-24\/atemschutzmasken-fuer-die-schweiz\/#primaryimage"},"thumbnailUrl":"https:\/\/www.organisator.ch\/wp-content\/uploads\/2020\/04\/Stopper_Claudio_Schwarz_Purzlbaum_fuer-Unsplash_size.jpg","keywords":["Coronavirus","Covid-19","Empa","Forschung","Schutzmasken","Schweiz"],"articleSection":["SUSTAINABILITY"],"inLanguage":"fr-FR"},{"@type":"WebPage","@id":"https:\/\/www.organisator.ch\/sustainability\/2020-04-24\/atemschutzmasken-fuer-die-schweiz\/","url":"https:\/\/www.organisator.ch\/sustainability\/2020-04-24\/atemschutzmasken-fuer-die-schweiz\/","name":"Masques de protection respiratoire pour la Suisse - Organisateur","isPartOf":{"@id":"https:\/\/www.organisator.ch\/#website"},"primaryImageOfPage":{"@id":"https:\/\/www.organisator.ch\/sustainability\/2020-04-24\/atemschutzmasken-fuer-die-schweiz\/#primaryimage"},"image":{"@id":"https:\/\/www.organisator.ch\/sustainability\/2020-04-24\/atemschutzmasken-fuer-die-schweiz\/#primaryimage"},"thumbnailUrl":"https:\/\/www.organisator.ch\/wp-content\/uploads\/2020\/04\/Stopper_Claudio_Schwarz_Purzlbaum_fuer-Unsplash_size.jpg","datePublished":"2020-04-24T08:13:03+00:00","dateModified":"2022-02-09T10:05:33+00:00","description":"Les masques de protection sont actuellement une denr\u00e9e rare. Pour \u00e9quiper la Suisse d'un mat\u00e9riel de protection efficace lors de la crise de Corona, les chercheurs de l'Empa travaillent d'arrache-pied.","breadcrumb":{"@id":"https:\/\/www.organisator.ch\/sustainability\/2020-04-24\/atemschutzmasken-fuer-die-schweiz\/#breadcrumb"},"inLanguage":"fr-FR","potentialAction":[{"@type":"ReadAction","target":["https:\/\/www.organisator.ch\/sustainability\/2020-04-24\/atemschutzmasken-fuer-die-schweiz\/"]}]},{"@type":"ImageObject","inLanguage":"fr-FR","@id":"https:\/\/www.organisator.ch\/sustainability\/2020-04-24\/atemschutzmasken-fuer-die-schweiz\/#primaryimage","url":"https:\/\/www.organisator.ch\/wp-content\/uploads\/2020\/04\/Stopper_Claudio_Schwarz_Purzlbaum_fuer-Unsplash_size.jpg","contentUrl":"https:\/\/www.organisator.ch\/wp-content\/uploads\/2020\/04\/Stopper_Claudio_Schwarz_Purzlbaum_fuer-Unsplash_size.jpg","width":890,"height":455,"caption":"Schutzmasken sind ein rares Gut und doch werden sie nur einmal verwendet. (Bild: Unsplash)"},{"@type":"BreadcrumbList","@id":"https:\/\/www.organisator.ch\/sustainability\/2020-04-24\/atemschutzmasken-fuer-die-schweiz\/#breadcrumb","itemListElement":[{"@type":"ListItem","position":1,"name":"Home","item":"https:\/\/www.organisator.ch\/"},{"@type":"ListItem","position":2,"name":"Atemschutzmasken f\u00fcr die Schweiz"}]},{"@type":"WebSite","@id":"https:\/\/www.organisator.ch\/#website","url":"https:\/\/www.organisator.ch\/","name":"Organisateur","description":"Comp\u00e9tence et comp\u00e9tence. Proches de la pratique. L'ORGANISATEUR pr\u00e9pare 10 num\u00e9ros par an sur les th\u00e8mes essentiels pour les dirigeants de PME.","publisher":{"@id":"https:\/\/www.organisator.ch\/#organization"},"potentialAction":[{"@type":"SearchAction","target":{"@type":"EntryPoint","urlTemplate":"https:\/\/www.organisator.ch\/?s={search_term_string}"},"query-input":{"@type":"PropertyValueSpecification","valueRequired":true,"valueName":"search_term_string"}}],"inLanguage":"fr-FR"},{"@type":"Organization","@id":"https:\/\/www.organisator.ch\/#organization","name":"Organisateur","url":"https:\/\/www.organisator.ch\/","logo":{"@type":"ImageObject","inLanguage":"fr-FR","@id":"https:\/\/www.organisator.ch\/#\/schema\/logo\/image\/","url":"https:\/\/www.organisator.ch\/wp-content\/uploads\/2022\/01\/Logo_Organisator_Website.png","contentUrl":"https:\/\/www.organisator.ch\/wp-content\/uploads\/2022\/01\/Logo_Organisator_Website.png","width":800,"height":77,"caption":"Organisator"},"image":{"@id":"https:\/\/www.organisator.ch\/#\/schema\/logo\/image\/"},"sameAs":["https:\/\/www.facebook.com\/OrganisatorFachmagazin","https:\/\/www.linkedin.com\/showcase\/organisator-das-magazin-fr-kmu","https:\/\/www.xing.com\/news\/pages\/organisator-ch-695","https:\/\/www.youtube.com\/channel\/UCGP2Sq0iWaZwT3BdIAQFYpw"]},{"@type":"Person","@id":"https:\/\/www.organisator.ch\/#\/schema\/person\/134708ca9321c57b0362cceb7948ffbd","name":"michael.merz","image":{"@type":"ImageObject","inLanguage":"fr-FR","@id":"https:\/\/secure.gravatar.com\/avatar\/?s=96&d=mm&r=g","url":"https:\/\/secure.gravatar.com\/avatar\/?s=96&d=mm&r=g","contentUrl":"https:\/\/secure.gravatar.com\/avatar\/?s=96&d=mm&r=g","caption":"michael.merz"},"url":"https:\/\/www.organisator.ch\/fr\/author\/michael-merz\/"}]}},"_links":{"self":[{"href":"https:\/\/www.organisator.ch\/fr\/wp-json\/wp\/v2\/posts\/10171","targetHints":{"allow":["GET"]}}],"collection":[{"href":"https:\/\/www.organisator.ch\/fr\/wp-json\/wp\/v2\/posts"}],"about":[{"href":"https:\/\/www.organisator.ch\/fr\/wp-json\/wp\/v2\/types\/post"}],"author":[{"embeddable":true,"href":"https:\/\/www.organisator.ch\/fr\/wp-json\/wp\/v2\/users\/5"}],"replies":[{"embeddable":true,"href":"https:\/\/www.organisator.ch\/fr\/wp-json\/wp\/v2\/comments?post=10171"}],"version-history":[{"count":1,"href":"https:\/\/www.organisator.ch\/fr\/wp-json\/wp\/v2\/posts\/10171\/revisions"}],"predecessor-version":[{"id":10393,"href":"https:\/\/www.organisator.ch\/fr\/wp-json\/wp\/v2\/posts\/10171\/revisions\/10393"}],"wp:featuredmedia":[{"embeddable":true,"href":"https:\/\/www.organisator.ch\/fr\/wp-json\/wp\/v2\/media\/3026"}],"wp:attachment":[{"href":"https:\/\/www.organisator.ch\/fr\/wp-json\/wp\/v2\/media?parent=10171"}],"wp:term":[{"taxonomy":"category","embeddable":true,"href":"https:\/\/www.organisator.ch\/fr\/wp-json\/wp\/v2\/categories?post=10171"},{"taxonomy":"post_tag","embeddable":true,"href":"https:\/\/www.organisator.ch\/fr\/wp-json\/wp\/v2\/tags?post=10171"}],"curies":[{"name":"wp","href":"https:\/\/api.w.org\/{rel}","templated":true}]}}