{"id":10181,"date":"2020-06-08T14:51:06","date_gmt":"2020-06-08T12:51:06","guid":{"rendered":"https:\/\/www.umweltperspektiven.ch\/?p=3099"},"modified":"2022-02-09T11:09:57","modified_gmt":"2022-02-09T10:09:57","slug":"massnahmenpakete-umweltexperten-fordern-nachhaltigen-wiederaufbau","status":"publish","type":"post","link":"https:\/\/www.organisator.ch\/fr\/sustainability\/2020-06-08\/massnahmenpakete-umweltexperten-fordern-nachhaltigen-wiederaufbau\/","title":{"rendered":"Paquets de mesures : Les experts environnementaux demandent une reconstruction durable"},"content":{"rendered":"<figure id=\"attachment_3100\" aria-describedby=\"caption-attachment-3100\" style=\"width: 680px\" class=\"wp-caption alignnone\"><img loading=\"lazy\" decoding=\"async\" class=\"size-medium wp-image-3100\" src=\"\/\/www.umweltperspektiven.ch\/wp-content\/uploads\/2020\/06\/Geldsch\u00f6pung-Schweiz-Corona-Krise-UP_Umwelt_Perpekiven.jpg\" alt=\"\" width=\"680\" height=\"453\" \/><figcaption id=\"caption-attachment-3100\" class=\"wp-caption-text\">Les organisations environnementales comme Greenpeace Suisse en sont convaincues : avec les bonnes incitations \u00e9conomiques, on ne prot\u00e8ge pas seulement le climat, mais on cr\u00e9e aussi des emplois. (Image : Unsplash)<\/figcaption><\/figure>\n<p class=\"bodytext\">Une\u00a0<a href=\"\/\/www.greenpeace.ch\/de\/publikation\/45745\/covid-19-klimakrise-impulsprogramm-2020-2030\/\" target=\"_blank\" rel=\"noopener\">Expertise<\/a>\u00a0pour le compte de\u00a0<a href=\"\/\/www.energie-wende-ja.ch\/\" target=\"_blank\" rel=\"noopener\">Energie-wende-ja<\/a>\u00a0et\u00a0<a href=\"\/\/www.greenpeace.ch\/de\/\" target=\"_blank\" rel=\"noopener\">Greenpeace Suisse<\/a>\u00a0doit montrer comment un ensemble de mesures respectueuses du climat peut \u00eatre positif pour la reconstruction de l'\u00e9conomie apr\u00e8s la crise de Corona. Elle recommande un programme d'impulsion cibl\u00e9 2020\/2030 d'un montant de 16 milliards de francs et un soutien de la demande de 15 milliards de francs.<\/p>\n<p><strong>V\u00e9rit\u00e9 des co\u00fbts\u00a0<\/strong><\/p>\n<p class=\"bodytext\">Dans ce contexte, la \"v\u00e9rit\u00e9 des co\u00fbts en tant que principe central de l'\u00e9conomie de march\u00e9\" doit \u00eatre une ligne directrice pour la reconstruction de l'\u00e9conomie. \"Une application cons\u00e9quente de la v\u00e9rit\u00e9 des co\u00fbts permettrait de r\u00e9duire le besoin de r\u00e9glementation et de renforcer nettement l'impact du programme\", peut-on lire dans une\u00a0<a href=\"\/\/www.energie-wende-ja.ch\/\" target=\"_blank\" rel=\"noopener\">Communiqu\u00e9 de presse<\/a>\u00a0des deux organisations.<\/p>\n<p class=\"bodytext\">70 000 emplois pourraient \u00eatre cr\u00e9\u00e9s et la Suisse pourrait se remettre sur les rails de l'accord de Paris sur le climat.<\/p>\n<p class=\"bodytext\">Afin de garantir la v\u00e9rit\u00e9 des co\u00fbts, les auteurs proposent des mesures telles qu'un mobility pricing, une augmentation de la taxe CO2 \u00e0 150 francs par tonne, une taxe sur les gaz \u00e0 effet de serre pour l'agriculture ainsi qu'une taxe sur les billets d'avion. Les recettes qui en d\u00e9coulent doivent \u00eatre redistribu\u00e9es au moins pour moiti\u00e9 \u00e0 la population et \u00e0 l'\u00e9conomie, dans un souci de compatibilit\u00e9 sociale.<\/p>\n<p class=\"bodytext\">Pour les besoins financiers suppl\u00e9mentaires estim\u00e9s \u00e0 100 milliards de francs, l'expertise propose la cr\u00e9ation d'un fonds de crise et structurel. Les moyens non remboursables pour ce faire devraient provenir d'une \"cr\u00e9ation mon\u00e9taire coop\u00e9rative\" de la Conf\u00e9d\u00e9ration et de la Banque nationale suisse (<a href=\"\/\/www.energie-wende-ja.ch\/\" target=\"_blank\" rel=\"noopener\">BNS<\/a>) doivent \u00eatre mis \u00e0 disposition. Elles doivent profiter directement au public au lieu de continuer \u00e0 gonfler le syst\u00e8me financier priv\u00e9. Cela permettrait d'instaurer la confiance et la stabilit\u00e9.<\/p>\n<p><strong>Le bon r\u00e9gime d'\u00e9pargne\u00a0<\/strong><\/p>\n<p class=\"bodytext\">\"Compar\u00e9e \u00e0 une nouvelle inondation du syst\u00e8me financier priv\u00e9, la cr\u00e9ation d'argent directement par les canaux des pouvoirs publics se r\u00e9v\u00e8le \u00eatre une mesure qui freine plut\u00f4t l'inflation\", explique Georg Klingler, responsable du climat chez Greenpeace Suisse. Un r\u00e9gime d'aust\u00e9rit\u00e9 rigide ou \"nuisible \u00e0 l'\u00e9conomie et \u00e0 la soci\u00e9t\u00e9\" de la part des pouvoirs publics serait contre-productif apr\u00e8s la crise.<\/p>\n<p class=\"bodytext\">\n<p class=\"bodytext\">","protected":false},"excerpt":{"rendered":"<p>Eine\u00a0Expertise\u00a0im Auftrag von\u00a0Energie-wende-ja\u00a0und\u00a0Greenpeace Schweiz\u00a0soll zeigen, wie ein klimafreundliche Massnahmenpakete f\u00fcr den Wiederaufbau der Wirtschaft nach der Corona-Krise positiv ausfallen kann. Sie empfiehlt ein gezieltes Impulsprogramm 2020\/2030 in H\u00f6he von 16 Milliarden Franken und eine Nachfragest\u00fctzung von 15 Milliarden Franken. Kostenwahrheit\u00a0 Dabei soll die \u201eKostenwahrheit als zentrales marktwirtschaftliches Prinzip\u201c eine Leitlinie beim Wiederaufbau der Wirtschaft sein. [&hellip;]<\/p>\n","protected":false},"author":5,"featured_media":9707,"comment_status":"closed","ping_status":"closed","sticky":false,"template":"","format":"standard","meta":{"_acf_changed":false,"_yoast_wpseo_focuskw":"Massnahmenpakete","_yoast_wpseo_metadesc":"Greenpeace Schweiz und Energie-wende-ja schlagen zwei Massnahmenpakete f\u00fcr den Wiederaufbau nach dem Corona-Lockdown vor.","articlekey":"","footnotes":""},"categories":[580],"tags":[131,1260,1440,1856,424],"class_list":["post-10181","post","type-post","status-publish","format-standard","has-post-thumbnail","hentry","category-sustainability","tag-corona-krise","tag-geldschoepfung","tag-investieren","tag-oeffentliche-hand","tag-schweiz"],"acf":[],"yoast_head":"<!-- This site is optimized with the Yoast SEO plugin v27.4 - https:\/\/yoast.com\/product\/yoast-seo-wordpress\/ -->\n<title>Massnahmenpakete: Umweltexperten fordern nachhaltigen Wiederaufbau - Organisator<\/title>\n<meta name=\"description\" content=\"Greenpeace Schweiz und Energie-wende-ja schlagen zwei Massnahmenpakete f\u00fcr den Wiederaufbau nach dem Corona-Lockdown vor.\" \/>\n<meta name=\"robots\" content=\"index, follow, max-snippet:-1, max-image-preview:large, max-video-preview:-1\" \/>\n<link rel=\"canonical\" href=\"https:\/\/www.organisator.ch\/fr\/sustainability\/2020-06-08\/massnahmenpakete-umweltexperten-fordern-nachhaltigen-wiederaufbau\/\" \/>\n<meta property=\"og:locale\" content=\"fr_FR\" \/>\n<meta property=\"og:type\" content=\"article\" \/>\n<meta property=\"og:title\" content=\"Massnahmenpakete: Umweltexperten fordern nachhaltigen Wiederaufbau - Organisator\" \/>\n<meta property=\"og:description\" content=\"Greenpeace Schweiz und Energie-wende-ja schlagen zwei Massnahmenpakete f\u00fcr den Wiederaufbau nach dem Corona-Lockdown vor.\" \/>\n<meta property=\"og:url\" content=\"https:\/\/www.organisator.ch\/fr\/sustainability\/2020-06-08\/massnahmenpakete-umweltexperten-fordern-nachhaltigen-wiederaufbau\/\" \/>\n<meta property=\"og:site_name\" content=\"Organisator\" \/>\n<meta property=\"article:publisher\" content=\"https:\/\/www.facebook.com\/OrganisatorFachmagazin\" \/>\n<meta property=\"article:published_time\" content=\"2020-06-08T12:51:06+00:00\" \/>\n<meta property=\"article:modified_time\" content=\"2022-02-09T10:09:57+00:00\" \/>\n<meta property=\"og:image\" content=\"https:\/\/www.organisator.ch\/wp-content\/uploads\/2020\/06\/Geldschoepung-Schweiz-Corona-Krise-UP_Umwelt_Perpekiven.jpg\" \/>\n\t<meta property=\"og:image:width\" content=\"1500\" \/>\n\t<meta property=\"og:image:height\" content=\"1000\" \/>\n\t<meta property=\"og:image:type\" content=\"image\/jpeg\" \/>\n<meta name=\"author\" content=\"michael.merz\" \/>\n<meta name=\"twitter:card\" content=\"summary_large_image\" \/>\n<script type=\"application\/ld+json\" class=\"yoast-schema-graph\">{\"@context\":\"https:\\\/\\\/schema.org\",\"@graph\":[{\"@type\":\"Article\",\"@id\":\"https:\\\/\\\/www.organisator.ch\\\/sustainability\\\/2020-06-08\\\/massnahmenpakete-umweltexperten-fordern-nachhaltigen-wiederaufbau\\\/#article\",\"isPartOf\":{\"@id\":\"https:\\\/\\\/www.organisator.ch\\\/sustainability\\\/2020-06-08\\\/massnahmenpakete-umweltexperten-fordern-nachhaltigen-wiederaufbau\\\/\"},\"author\":{\"name\":\"michael.merz\",\"@id\":\"https:\\\/\\\/www.organisator.ch\\\/#\\\/schema\\\/person\\\/134708ca9321c57b0362cceb7948ffbd\"},\"headline\":\"Massnahmenpakete: Umweltexperten fordern nachhaltigen Wiederaufbau\",\"datePublished\":\"2020-06-08T12:51:06+00:00\",\"dateModified\":\"2022-02-09T10:09:57+00:00\",\"mainEntityOfPage\":{\"@id\":\"https:\\\/\\\/www.organisator.ch\\\/sustainability\\\/2020-06-08\\\/massnahmenpakete-umweltexperten-fordern-nachhaltigen-wiederaufbau\\\/\"},\"wordCount\":313,\"publisher\":{\"@id\":\"https:\\\/\\\/www.organisator.ch\\\/#organization\"},\"image\":{\"@id\":\"https:\\\/\\\/www.organisator.ch\\\/sustainability\\\/2020-06-08\\\/massnahmenpakete-umweltexperten-fordern-nachhaltigen-wiederaufbau\\\/#primaryimage\"},\"thumbnailUrl\":\"https:\\\/\\\/www.organisator.ch\\\/wp-content\\\/uploads\\\/2020\\\/06\\\/Geldschoepung-Schweiz-Corona-Krise-UP_Umwelt_Perpekiven.jpg\",\"keywords\":[\"Corona-Krise\",\"Geldsch\u00f6pfung\",\"Investieren\",\"\u00d6ffentliche Hand\",\"Schweiz\"],\"articleSection\":[\"SUSTAINABILITY\"],\"inLanguage\":\"fr-FR\"},{\"@type\":\"WebPage\",\"@id\":\"https:\\\/\\\/www.organisator.ch\\\/sustainability\\\/2020-06-08\\\/massnahmenpakete-umweltexperten-fordern-nachhaltigen-wiederaufbau\\\/\",\"url\":\"https:\\\/\\\/www.organisator.ch\\\/sustainability\\\/2020-06-08\\\/massnahmenpakete-umweltexperten-fordern-nachhaltigen-wiederaufbau\\\/\",\"name\":\"Massnahmenpakete: Umweltexperten fordern nachhaltigen Wiederaufbau - Organisator\",\"isPartOf\":{\"@id\":\"https:\\\/\\\/www.organisator.ch\\\/#website\"},\"primaryImageOfPage\":{\"@id\":\"https:\\\/\\\/www.organisator.ch\\\/sustainability\\\/2020-06-08\\\/massnahmenpakete-umweltexperten-fordern-nachhaltigen-wiederaufbau\\\/#primaryimage\"},\"image\":{\"@id\":\"https:\\\/\\\/www.organisator.ch\\\/sustainability\\\/2020-06-08\\\/massnahmenpakete-umweltexperten-fordern-nachhaltigen-wiederaufbau\\\/#primaryimage\"},\"thumbnailUrl\":\"https:\\\/\\\/www.organisator.ch\\\/wp-content\\\/uploads\\\/2020\\\/06\\\/Geldschoepung-Schweiz-Corona-Krise-UP_Umwelt_Perpekiven.jpg\",\"datePublished\":\"2020-06-08T12:51:06+00:00\",\"dateModified\":\"2022-02-09T10:09:57+00:00\",\"description\":\"Greenpeace Schweiz und Energie-wende-ja schlagen zwei Massnahmenpakete f\u00fcr den Wiederaufbau nach dem Corona-Lockdown vor.\",\"breadcrumb\":{\"@id\":\"https:\\\/\\\/www.organisator.ch\\\/sustainability\\\/2020-06-08\\\/massnahmenpakete-umweltexperten-fordern-nachhaltigen-wiederaufbau\\\/#breadcrumb\"},\"inLanguage\":\"fr-FR\",\"potentialAction\":[{\"@type\":\"ReadAction\",\"target\":[\"https:\\\/\\\/www.organisator.ch\\\/sustainability\\\/2020-06-08\\\/massnahmenpakete-umweltexperten-fordern-nachhaltigen-wiederaufbau\\\/\"]}]},{\"@type\":\"ImageObject\",\"inLanguage\":\"fr-FR\",\"@id\":\"https:\\\/\\\/www.organisator.ch\\\/sustainability\\\/2020-06-08\\\/massnahmenpakete-umweltexperten-fordern-nachhaltigen-wiederaufbau\\\/#primaryimage\",\"url\":\"https:\\\/\\\/www.organisator.ch\\\/wp-content\\\/uploads\\\/2020\\\/06\\\/Geldschoepung-Schweiz-Corona-Krise-UP_Umwelt_Perpekiven.jpg\",\"contentUrl\":\"https:\\\/\\\/www.organisator.ch\\\/wp-content\\\/uploads\\\/2020\\\/06\\\/Geldschoepung-Schweiz-Corona-Krise-UP_Umwelt_Perpekiven.jpg\",\"width\":1500,\"height\":1000,\"caption\":\"Umweltorganisationen wie Greenpeace Schweiz sind \u00fcberzeugt: mit den richtigen Anreizen sch\u00fctzt man nicht nur das Klima, ebenso w\u00fcrden damit Arbeitspl\u00e4tze geschaffen. (Bild: Unsplash)\"},{\"@type\":\"BreadcrumbList\",\"@id\":\"https:\\\/\\\/www.organisator.ch\\\/sustainability\\\/2020-06-08\\\/massnahmenpakete-umweltexperten-fordern-nachhaltigen-wiederaufbau\\\/#breadcrumb\",\"itemListElement\":[{\"@type\":\"ListItem\",\"position\":1,\"name\":\"Home\",\"item\":\"https:\\\/\\\/www.organisator.ch\\\/\"},{\"@type\":\"ListItem\",\"position\":2,\"name\":\"Massnahmenpakete: Umweltexperten fordern nachhaltigen Wiederaufbau\"}]},{\"@type\":\"WebSite\",\"@id\":\"https:\\\/\\\/www.organisator.ch\\\/#website\",\"url\":\"https:\\\/\\\/www.organisator.ch\\\/\",\"name\":\"Organisator\",\"description\":\"Kompetent. Praxisnah. Der ORGANISATOR bereitet in 10 Ausgaben pro Jahr die wesentlichen Themen f\u00fcr F\u00fchrungskr\u00e4fte von KMU auf.\",\"publisher\":{\"@id\":\"https:\\\/\\\/www.organisator.ch\\\/#organization\"},\"potentialAction\":[{\"@type\":\"SearchAction\",\"target\":{\"@type\":\"EntryPoint\",\"urlTemplate\":\"https:\\\/\\\/www.organisator.ch\\\/?s={search_term_string}\"},\"query-input\":{\"@type\":\"PropertyValueSpecification\",\"valueRequired\":true,\"valueName\":\"search_term_string\"}}],\"inLanguage\":\"fr-FR\"},{\"@type\":\"Organization\",\"@id\":\"https:\\\/\\\/www.organisator.ch\\\/#organization\",\"name\":\"Organisator\",\"url\":\"https:\\\/\\\/www.organisator.ch\\\/\",\"logo\":{\"@type\":\"ImageObject\",\"inLanguage\":\"fr-FR\",\"@id\":\"https:\\\/\\\/www.organisator.ch\\\/#\\\/schema\\\/logo\\\/image\\\/\",\"url\":\"https:\\\/\\\/www.organisator.ch\\\/wp-content\\\/uploads\\\/2022\\\/01\\\/Logo_Organisator_Website.png\",\"contentUrl\":\"https:\\\/\\\/www.organisator.ch\\\/wp-content\\\/uploads\\\/2022\\\/01\\\/Logo_Organisator_Website.png\",\"width\":800,\"height\":77,\"caption\":\"Organisator\"},\"image\":{\"@id\":\"https:\\\/\\\/www.organisator.ch\\\/#\\\/schema\\\/logo\\\/image\\\/\"},\"sameAs\":[\"https:\\\/\\\/www.facebook.com\\\/OrganisatorFachmagazin\",\"https:\\\/\\\/www.linkedin.com\\\/showcase\\\/organisator-das-magazin-fr-kmu\",\"https:\\\/\\\/www.xing.com\\\/news\\\/pages\\\/organisator-ch-695\",\"https:\\\/\\\/www.youtube.com\\\/channel\\\/UCGP2Sq0iWaZwT3BdIAQFYpw\"]},{\"@type\":\"Person\",\"@id\":\"https:\\\/\\\/www.organisator.ch\\\/#\\\/schema\\\/person\\\/134708ca9321c57b0362cceb7948ffbd\",\"name\":\"michael.merz\",\"image\":{\"@type\":\"ImageObject\",\"inLanguage\":\"fr-FR\",\"@id\":\"https:\\\/\\\/secure.gravatar.com\\\/avatar\\\/?s=96&d=mm&r=g\",\"url\":\"https:\\\/\\\/secure.gravatar.com\\\/avatar\\\/?s=96&d=mm&r=g\",\"contentUrl\":\"https:\\\/\\\/secure.gravatar.com\\\/avatar\\\/?s=96&d=mm&r=g\",\"caption\":\"michael.merz\"},\"url\":\"https:\\\/\\\/www.organisator.ch\\\/fr\\\/author\\\/michael-merz\\\/\"}]}<\/script>\n<!-- \/ Yoast SEO plugin. -->","yoast_head_json":{"title":"Des paquets de mesures : Les experts environnementaux demandent une reconstruction durable - Organisateur","description":"Greenpeace Suisse et Energie-wende-ja proposent deux paquets de mesures pour la reconstruction apr\u00e8s le lockdown de Corona.","robots":{"index":"index","follow":"follow","max-snippet":"max-snippet:-1","max-image-preview":"max-image-preview:large","max-video-preview":"max-video-preview:-1"},"canonical":"https:\/\/www.organisator.ch\/fr\/sustainability\/2020-06-08\/massnahmenpakete-umweltexperten-fordern-nachhaltigen-wiederaufbau\/","og_locale":"fr_FR","og_type":"article","og_title":"Massnahmenpakete: Umweltexperten fordern nachhaltigen Wiederaufbau - Organisator","og_description":"Greenpeace Schweiz und Energie-wende-ja schlagen zwei Massnahmenpakete f\u00fcr den Wiederaufbau nach dem Corona-Lockdown vor.","og_url":"https:\/\/www.organisator.ch\/fr\/sustainability\/2020-06-08\/massnahmenpakete-umweltexperten-fordern-nachhaltigen-wiederaufbau\/","og_site_name":"Organisator","article_publisher":"https:\/\/www.facebook.com\/OrganisatorFachmagazin","article_published_time":"2020-06-08T12:51:06+00:00","article_modified_time":"2022-02-09T10:09:57+00:00","og_image":[{"width":1500,"height":1000,"url":"https:\/\/www.organisator.ch\/wp-content\/uploads\/2020\/06\/Geldschoepung-Schweiz-Corona-Krise-UP_Umwelt_Perpekiven.jpg","type":"image\/jpeg"}],"author":"michael.merz","twitter_card":"summary_large_image","schema":{"@context":"https:\/\/schema.org","@graph":[{"@type":"Article","@id":"https:\/\/www.organisator.ch\/sustainability\/2020-06-08\/massnahmenpakete-umweltexperten-fordern-nachhaltigen-wiederaufbau\/#article","isPartOf":{"@id":"https:\/\/www.organisator.ch\/sustainability\/2020-06-08\/massnahmenpakete-umweltexperten-fordern-nachhaltigen-wiederaufbau\/"},"author":{"name":"michael.merz","@id":"https:\/\/www.organisator.ch\/#\/schema\/person\/134708ca9321c57b0362cceb7948ffbd"},"headline":"Massnahmenpakete: Umweltexperten fordern nachhaltigen Wiederaufbau","datePublished":"2020-06-08T12:51:06+00:00","dateModified":"2022-02-09T10:09:57+00:00","mainEntityOfPage":{"@id":"https:\/\/www.organisator.ch\/sustainability\/2020-06-08\/massnahmenpakete-umweltexperten-fordern-nachhaltigen-wiederaufbau\/"},"wordCount":313,"publisher":{"@id":"https:\/\/www.organisator.ch\/#organization"},"image":{"@id":"https:\/\/www.organisator.ch\/sustainability\/2020-06-08\/massnahmenpakete-umweltexperten-fordern-nachhaltigen-wiederaufbau\/#primaryimage"},"thumbnailUrl":"https:\/\/www.organisator.ch\/wp-content\/uploads\/2020\/06\/Geldschoepung-Schweiz-Corona-Krise-UP_Umwelt_Perpekiven.jpg","keywords":["Corona-Krise","Geldsch\u00f6pfung","Investieren","\u00d6ffentliche Hand","Schweiz"],"articleSection":["SUSTAINABILITY"],"inLanguage":"fr-FR"},{"@type":"WebPage","@id":"https:\/\/www.organisator.ch\/sustainability\/2020-06-08\/massnahmenpakete-umweltexperten-fordern-nachhaltigen-wiederaufbau\/","url":"https:\/\/www.organisator.ch\/sustainability\/2020-06-08\/massnahmenpakete-umweltexperten-fordern-nachhaltigen-wiederaufbau\/","name":"Des paquets de mesures : Les experts environnementaux demandent une reconstruction durable - Organisateur","isPartOf":{"@id":"https:\/\/www.organisator.ch\/#website"},"primaryImageOfPage":{"@id":"https:\/\/www.organisator.ch\/sustainability\/2020-06-08\/massnahmenpakete-umweltexperten-fordern-nachhaltigen-wiederaufbau\/#primaryimage"},"image":{"@id":"https:\/\/www.organisator.ch\/sustainability\/2020-06-08\/massnahmenpakete-umweltexperten-fordern-nachhaltigen-wiederaufbau\/#primaryimage"},"thumbnailUrl":"https:\/\/www.organisator.ch\/wp-content\/uploads\/2020\/06\/Geldschoepung-Schweiz-Corona-Krise-UP_Umwelt_Perpekiven.jpg","datePublished":"2020-06-08T12:51:06+00:00","dateModified":"2022-02-09T10:09:57+00:00","description":"Greenpeace Suisse et Energie-wende-ja proposent deux paquets de mesures pour la reconstruction apr\u00e8s le lockdown de Corona.","breadcrumb":{"@id":"https:\/\/www.organisator.ch\/sustainability\/2020-06-08\/massnahmenpakete-umweltexperten-fordern-nachhaltigen-wiederaufbau\/#breadcrumb"},"inLanguage":"fr-FR","potentialAction":[{"@type":"ReadAction","target":["https:\/\/www.organisator.ch\/sustainability\/2020-06-08\/massnahmenpakete-umweltexperten-fordern-nachhaltigen-wiederaufbau\/"]}]},{"@type":"ImageObject","inLanguage":"fr-FR","@id":"https:\/\/www.organisator.ch\/sustainability\/2020-06-08\/massnahmenpakete-umweltexperten-fordern-nachhaltigen-wiederaufbau\/#primaryimage","url":"https:\/\/www.organisator.ch\/wp-content\/uploads\/2020\/06\/Geldschoepung-Schweiz-Corona-Krise-UP_Umwelt_Perpekiven.jpg","contentUrl":"https:\/\/www.organisator.ch\/wp-content\/uploads\/2020\/06\/Geldschoepung-Schweiz-Corona-Krise-UP_Umwelt_Perpekiven.jpg","width":1500,"height":1000,"caption":"Umweltorganisationen wie Greenpeace Schweiz sind \u00fcberzeugt: mit den richtigen Anreizen sch\u00fctzt man nicht nur das Klima, ebenso w\u00fcrden damit Arbeitspl\u00e4tze geschaffen. (Bild: Unsplash)"},{"@type":"BreadcrumbList","@id":"https:\/\/www.organisator.ch\/sustainability\/2020-06-08\/massnahmenpakete-umweltexperten-fordern-nachhaltigen-wiederaufbau\/#breadcrumb","itemListElement":[{"@type":"ListItem","position":1,"name":"Home","item":"https:\/\/www.organisator.ch\/"},{"@type":"ListItem","position":2,"name":"Massnahmenpakete: Umweltexperten fordern nachhaltigen Wiederaufbau"}]},{"@type":"WebSite","@id":"https:\/\/www.organisator.ch\/#website","url":"https:\/\/www.organisator.ch\/","name":"Organisateur","description":"Comp\u00e9tence et comp\u00e9tence. Proches de la pratique. L'ORGANISATEUR pr\u00e9pare 10 num\u00e9ros par an sur les th\u00e8mes essentiels pour les dirigeants de PME.","publisher":{"@id":"https:\/\/www.organisator.ch\/#organization"},"potentialAction":[{"@type":"SearchAction","target":{"@type":"EntryPoint","urlTemplate":"https:\/\/www.organisator.ch\/?s={search_term_string}"},"query-input":{"@type":"PropertyValueSpecification","valueRequired":true,"valueName":"search_term_string"}}],"inLanguage":"fr-FR"},{"@type":"Organization","@id":"https:\/\/www.organisator.ch\/#organization","name":"Organisateur","url":"https:\/\/www.organisator.ch\/","logo":{"@type":"ImageObject","inLanguage":"fr-FR","@id":"https:\/\/www.organisator.ch\/#\/schema\/logo\/image\/","url":"https:\/\/www.organisator.ch\/wp-content\/uploads\/2022\/01\/Logo_Organisator_Website.png","contentUrl":"https:\/\/www.organisator.ch\/wp-content\/uploads\/2022\/01\/Logo_Organisator_Website.png","width":800,"height":77,"caption":"Organisator"},"image":{"@id":"https:\/\/www.organisator.ch\/#\/schema\/logo\/image\/"},"sameAs":["https:\/\/www.facebook.com\/OrganisatorFachmagazin","https:\/\/www.linkedin.com\/showcase\/organisator-das-magazin-fr-kmu","https:\/\/www.xing.com\/news\/pages\/organisator-ch-695","https:\/\/www.youtube.com\/channel\/UCGP2Sq0iWaZwT3BdIAQFYpw"]},{"@type":"Person","@id":"https:\/\/www.organisator.ch\/#\/schema\/person\/134708ca9321c57b0362cceb7948ffbd","name":"michael.merz","image":{"@type":"ImageObject","inLanguage":"fr-FR","@id":"https:\/\/secure.gravatar.com\/avatar\/?s=96&d=mm&r=g","url":"https:\/\/secure.gravatar.com\/avatar\/?s=96&d=mm&r=g","contentUrl":"https:\/\/secure.gravatar.com\/avatar\/?s=96&d=mm&r=g","caption":"michael.merz"},"url":"https:\/\/www.organisator.ch\/fr\/author\/michael-merz\/"}]}},"_links":{"self":[{"href":"https:\/\/www.organisator.ch\/fr\/wp-json\/wp\/v2\/posts\/10181","targetHints":{"allow":["GET"]}}],"collection":[{"href":"https:\/\/www.organisator.ch\/fr\/wp-json\/wp\/v2\/posts"}],"about":[{"href":"https:\/\/www.organisator.ch\/fr\/wp-json\/wp\/v2\/types\/post"}],"author":[{"embeddable":true,"href":"https:\/\/www.organisator.ch\/fr\/wp-json\/wp\/v2\/users\/5"}],"replies":[{"embeddable":true,"href":"https:\/\/www.organisator.ch\/fr\/wp-json\/wp\/v2\/comments?post=10181"}],"version-history":[{"count":1,"href":"https:\/\/www.organisator.ch\/fr\/wp-json\/wp\/v2\/posts\/10181\/revisions"}],"predecessor-version":[{"id":10832,"href":"https:\/\/www.organisator.ch\/fr\/wp-json\/wp\/v2\/posts\/10181\/revisions\/10832"}],"wp:featuredmedia":[{"embeddable":true,"href":"https:\/\/www.organisator.ch\/fr\/wp-json\/wp\/v2\/media\/9707"}],"wp:attachment":[{"href":"https:\/\/www.organisator.ch\/fr\/wp-json\/wp\/v2\/media?parent=10181"}],"wp:term":[{"taxonomy":"category","embeddable":true,"href":"https:\/\/www.organisator.ch\/fr\/wp-json\/wp\/v2\/categories?post=10181"},{"taxonomy":"post_tag","embeddable":true,"href":"https:\/\/www.organisator.ch\/fr\/wp-json\/wp\/v2\/tags?post=10181"}],"curies":[{"name":"wp","href":"https:\/\/api.w.org\/{rel}","templated":true}]}}