{"id":10188,"date":"2020-07-07T17:45:41","date_gmt":"2020-07-07T15:45:41","guid":{"rendered":"https:\/\/www.umweltperspektiven.ch\/?p=3175"},"modified":"2022-02-09T11:10:49","modified_gmt":"2022-02-09T10:10:49","slug":"15-milliarden-menschen-werden-vom-wasser-aus-den-bergen-abhaengig-sein","status":"publish","type":"post","link":"https:\/\/www.organisator.ch\/fr\/sustainability\/2020-07-07\/15-milliarden-menschen-werden-vom-wasser-aus-den-bergen-abhaengig-sein\/","title":{"rendered":"1,5 milliard de personnes d\u00e9pendront de l'eau des montagnes"},"content":{"rendered":"<figure id=\"attachment_3176\" aria-describedby=\"caption-attachment-3176\" style=\"width: 680px\" class=\"wp-caption alignnone\"><img loading=\"lazy\" decoding=\"async\" class=\"size-medium wp-image-3176\" src=\"\/\/www.umweltperspektiven.ch\/wp-content\/uploads\/2020\/07\/Studie-Wasser-Bergland-UP-Schweiz.jpg\" alt=\"\" width=\"680\" height=\"510\" \/><figcaption id=\"caption-attachment-3176\" class=\"wp-caption-text\">Le Rosegbach en Haute-Engadine fait partie du bassin versant du Danube, o\u00f9 plus d'un tiers des 46 millions d'habitants des plaines d\u00e9pendent de l'eau provenant des montagnes. (Image : Daniel Viviroli)<\/figcaption><\/figure>\n<p>L'eau est l'une des ressources cl\u00e9s de l'avenir : de nombreuses r\u00e9gions de plaine du monde entier d\u00e9pendent des afflux en provenance des r\u00e9gions de montagne, notamment en raison de la forte augmentation de l'irrigation dans l'agriculture. Une \u00e9tude men\u00e9e sous la direction de l'Universit\u00e9 de Zurich quantifie pour la premi\u00e8re fois cette d\u00e9pendance en comparant l'offre et la consommation d'eau dans les plaines aux afflux en provenance des montagnes. Bas\u00e9e sur un mod\u00e8le global \u00e0 haute r\u00e9solution, l'\u00e9tude fournit des informations d\u00e9taill\u00e9es sur la d\u00e9pendance aux ressources en eau des montagnes tout autour du globe. Les analyses ont \u00e9t\u00e9 effectu\u00e9es sur l'ensemble du territoire \u00e0 l'aide d'une grille r\u00e9guli\u00e8re, puis compar\u00e9es entre elles pour chaque bassin fluvial d'une superficie de plus de 10 000 km2. Cela permet d'avoir un aper\u00e7u tr\u00e8s diff\u00e9renci\u00e9 des diff\u00e9rences et des particularit\u00e9s r\u00e9gionales respectives.<\/p>\n<h3>La d\u00e9pendance augmente malgr\u00e9 la baisse de la consommation par habitant<\/h3>\n<p>\"Jusqu'\u00e0 pr\u00e9sent, on s'est surtout concentr\u00e9 sur les bassins fluviaux qui prennent leur source dans les hautes montagnes d'Asie\", explique Daniel Viviroli de l'Institut de g\u00e9ographie de l'Universit\u00e9 de Zurich. \"Mais dans de nombreuses autres r\u00e9gions, les zones d'agriculture intensive sont \u00e9galement tr\u00e8s d\u00e9pendantes de l'eau provenant des zones montagneuses. C'est le cas par exemple au Proche-Orient et en Afrique du Nord, ainsi que dans certaines r\u00e9gions d'Am\u00e9rique du Nord, d'Am\u00e9rique du Sud et d'Australie\", ajoute le premier auteur.<\/p>\n<p>Cette d\u00e9pendance a massivement augment\u00e9 depuis les ann\u00e9es 1960, malgr\u00e9 une utilisation plus efficace de l'eau et une baisse de la consommation par habitant. Alors qu'\u00e0 l'\u00e9poque, seuls 7 pour cent de la population des plaines d\u00e9pendaient substantiellement des apports des montagnes, ils seront 24 pour cent au milieu de ce si\u00e8cle. Cela correspond \u00e0 environ 1,5 milliard de personnes dans les r\u00e9gions de plaine. Les bassins versants du Gange-Brahmapoutre-Meghna, du Yangtze et de l'Indus en Asie, du Nil et du Niger en Afrique, de l'Euphrate et du Tigre au Proche-Orient ainsi que du Colorado en Am\u00e9rique du Nord sont particuli\u00e8rement vis\u00e9s. Pour leurs calculs, les chercheurs se sont bas\u00e9s sur un sc\u00e9nario moyen en termes de croissance d\u00e9mographique et de d\u00e9veloppement technologique, \u00e9conomique et social.<\/p>\n<h3>Des \u00e9cosyst\u00e8mes qui fonctionnent et la protection du climat<\/h3>\n<p>\"Pour que les montagnes puissent continuer \u00e0 servir de ch\u00e2teaux d'eau \u00e0 la plan\u00e8te, il faut un d\u00e9veloppement durable. Il devrait \u00eatre dans l'int\u00e9r\u00eat des habitants des plaines d'assurer cette fonction des montagnes\", explique Viviroli. Il s'agit par exemple d'\u00e9viter la surexploitation agricole et de garantir le bon fonctionnement des \u00e9cosyst\u00e8mes. En outre, la protection du climat joue un r\u00f4le d\u00e9cisif : en raison de la hausse des temp\u00e9ratures, les pics de fonte des eaux des montagnes enneig\u00e9es se produisent aujourd'hui d\u00e9j\u00e0 parfois plusieurs semaines plus t\u00f4t et sont donc moins bien utilisables pour l'agriculture d'\u00e9t\u00e9. Il sera donc n\u00e9cessaire d'adapter la gestion de l'eau, voire de construire de nouvelles infrastructures telles que des barrages et des canaux.<\/p>\n<p>\"Les solutions techniques s'accompagnent toutefois d'importantes perturbations \u00e9cologiques, et certains fleuves, comme l'Indus, n'ont en outre pratiquement plus de potentiel d'am\u00e9nagement\", explique Viviroli. Pour l'avenir, il sera d\u00e9cisif que les r\u00e9gions de plaine et de montagne collaborent \u00e9troitement malgr\u00e9 les diff\u00e9rences politiques, culturelles, sociales et \u00e9conomiques.<\/p>\n<p><a href=\"\/\/www.media.uzh.ch\/\">www.media.uzh.ch<\/a><\/p>\n<h3><\/h3>\n<figure id=\"attachment_3177\" aria-describedby=\"caption-attachment-3177\" style=\"width: 680px\" class=\"wp-caption alignnone\"><img loading=\"lazy\" decoding=\"async\" class=\"size-medium wp-image-3177\" src=\"\/\/www.umweltperspektiven.ch\/wp-content\/uploads\/2020\/07\/Medienmitteilung_Abb1.jpg\" alt=\"\" width=\"680\" height=\"299\" srcset=\"https:\/\/www.organisator.ch\/wp-content\/uploads\/2020\/07\/Medienmitteilung_Abb1.jpg 1761w, https:\/\/www.organisator.ch\/wp-content\/uploads\/2020\/07\/Medienmitteilung_Abb1-680x299.jpg 680w, https:\/\/www.organisator.ch\/wp-content\/uploads\/2020\/07\/Medienmitteilung_Abb1-1024x451.jpg 1024w, https:\/\/www.organisator.ch\/wp-content\/uploads\/2020\/07\/Medienmitteilung_Abb1-768x338.jpg 768w, https:\/\/www.organisator.ch\/wp-content\/uploads\/2020\/07\/Medienmitteilung_Abb1-1536x676.jpg 1536w, https:\/\/www.organisator.ch\/wp-content\/uploads\/2020\/07\/Medienmitteilung_Abb1-18x8.jpg 18w, https:\/\/www.organisator.ch\/wp-content\/uploads\/2020\/07\/Medienmitteilung_Abb1-375x165.jpg 375w, https:\/\/www.organisator.ch\/wp-content\/uploads\/2020\/07\/Medienmitteilung_Abb1-760x334.jpg 760w, https:\/\/www.organisator.ch\/wp-content\/uploads\/2020\/07\/Medienmitteilung_Abb1-1600x704.jpg 1600w, https:\/\/www.organisator.ch\/wp-content\/uploads\/2020\/07\/Medienmitteilung_Abb1-920x405.jpg 920w, https:\/\/www.organisator.ch\/wp-content\/uploads\/2020\/07\/Medienmitteilung_Abb1-1400x616.jpg 1400w, https:\/\/www.organisator.ch\/wp-content\/uploads\/2020\/07\/Medienmitteilung_Abb1-300x132.jpg 300w\" sizes=\"auto, (max-width: 680px) 100vw, 680px\" \/><figcaption id=\"caption-attachment-3177\" class=\"wp-caption-text\">Figure 1 : Partout dans le monde, les montagnes sont d'importants \"ch\u00e2teaux d'eau\" pour les basses terres avoisinantes. (Image : UZH)<\/figcaption><\/figure>\n<h3><em>Litt\u00e9rature<\/em><\/h3>\n<p><em>Daniel Viviroli, Matti Kummu, Michel Meybeck, Marko Kallio, Yoshihide Wada:Increasing dependence of lowland populations on mountain water resources. Nature Sustainability 2020. DOI : 10.1038\/s41893-020-0559-9<\/em><\/p>","protected":false},"excerpt":{"rendered":"<p>Wasser ist eine der Schl\u00fcsselressourcen der Zukunft: Viele Tieflandregionen auf der ganzen Welt sind von den Zufl\u00fcssen aus Berggebieten abh\u00e4ngig, nicht zuletzt auch wegen der stark angestiegenen Bew\u00e4sserung in der Landwirtschaft. Eine Studie unter der Leitung der Universit\u00e4t Z\u00fcrich quantifiziert erstmals diese Abh\u00e4ngigkeit, indem sie Wasserangebot und -verbrauch in den Tiefl\u00e4ndern den Zufl\u00fcssen aus den [&hellip;]<\/p>\n","protected":false},"author":5,"featured_media":3176,"comment_status":"closed","ping_status":"closed","sticky":false,"template":"","format":"standard","meta":{"_acf_changed":false,"_yoast_wpseo_focuskw":"Wasser","_yoast_wpseo_metadesc":"Weltweit hat sich der Wasser-Verbrauch in den letzten hundert Jahren fast vervierfacht, viele Regionen k\u00f6nnen ihren Bedarf nur dank Zufl\u00fcssen aus den Bergen decken.","articlekey":"","footnotes":""},"categories":[580],"tags":[424,460,600,2527],"class_list":["post-10188","post","type-post","status-publish","format-standard","has-post-thumbnail","hentry","category-sustainability","tag-schweiz","tag-studien","tag-wasser","tag-wasserverbrauch"],"acf":[],"yoast_head":"<!-- This site is optimized with the Yoast SEO plugin v27.4 - https:\/\/yoast.com\/product\/yoast-seo-wordpress\/ -->\n<title>1,5 Milliarden Menschen werden vom Wasser aus den Bergen abh\u00e4ngig sein - Organisator<\/title>\n<meta name=\"description\" content=\"Weltweit hat sich der Wasser-Verbrauch in den letzten hundert Jahren fast vervierfacht, viele Regionen k\u00f6nnen ihren Bedarf nur dank Zufl\u00fcssen aus den Bergen decken.\" \/>\n<meta name=\"robots\" content=\"index, follow, max-snippet:-1, max-image-preview:large, max-video-preview:-1\" \/>\n<link rel=\"canonical\" href=\"https:\/\/www.organisator.ch\/fr\/sustainability\/2020-07-07\/15-milliarden-menschen-werden-vom-wasser-aus-den-bergen-abhaengig-sein\/\" \/>\n<meta property=\"og:locale\" content=\"fr_FR\" \/>\n<meta property=\"og:type\" content=\"article\" \/>\n<meta property=\"og:title\" content=\"1,5 Milliarden Menschen werden vom Wasser aus den Bergen abh\u00e4ngig sein - Organisator\" \/>\n<meta property=\"og:description\" content=\"Weltweit hat sich der Wasser-Verbrauch in den letzten hundert Jahren fast vervierfacht, viele Regionen k\u00f6nnen ihren Bedarf nur dank Zufl\u00fcssen aus den Bergen decken.\" \/>\n<meta property=\"og:url\" content=\"https:\/\/www.organisator.ch\/fr\/sustainability\/2020-07-07\/15-milliarden-menschen-werden-vom-wasser-aus-den-bergen-abhaengig-sein\/\" \/>\n<meta property=\"og:site_name\" content=\"Organisator\" \/>\n<meta property=\"article:publisher\" content=\"https:\/\/www.facebook.com\/OrganisatorFachmagazin\" \/>\n<meta property=\"article:published_time\" content=\"2020-07-07T15:45:41+00:00\" \/>\n<meta property=\"article:modified_time\" content=\"2022-02-09T10:10:49+00:00\" \/>\n<meta property=\"og:image\" content=\"https:\/\/www.organisator.ch\/wp-content\/uploads\/2020\/07\/Studie-Wasser-Bergland-UP-Schweiz-scaled.jpg\" \/>\n\t<meta property=\"og:image:width\" content=\"2560\" \/>\n\t<meta property=\"og:image:height\" content=\"1920\" \/>\n\t<meta property=\"og:image:type\" content=\"image\/jpeg\" \/>\n<meta name=\"author\" content=\"michael.merz\" \/>\n<meta name=\"twitter:card\" content=\"summary_large_image\" \/>\n<script type=\"application\/ld+json\" class=\"yoast-schema-graph\">{\"@context\":\"https:\\\/\\\/schema.org\",\"@graph\":[{\"@type\":\"Article\",\"@id\":\"https:\\\/\\\/www.organisator.ch\\\/sustainability\\\/2020-07-07\\\/15-milliarden-menschen-werden-vom-wasser-aus-den-bergen-abhaengig-sein\\\/#article\",\"isPartOf\":{\"@id\":\"https:\\\/\\\/www.organisator.ch\\\/sustainability\\\/2020-07-07\\\/15-milliarden-menschen-werden-vom-wasser-aus-den-bergen-abhaengig-sein\\\/\"},\"author\":{\"name\":\"michael.merz\",\"@id\":\"https:\\\/\\\/www.organisator.ch\\\/#\\\/schema\\\/person\\\/134708ca9321c57b0362cceb7948ffbd\"},\"headline\":\"1,5 Milliarden Menschen werden vom Wasser aus den Bergen abh\u00e4ngig sein\",\"datePublished\":\"2020-07-07T15:45:41+00:00\",\"dateModified\":\"2022-02-09T10:10:49+00:00\",\"mainEntityOfPage\":{\"@id\":\"https:\\\/\\\/www.organisator.ch\\\/sustainability\\\/2020-07-07\\\/15-milliarden-menschen-werden-vom-wasser-aus-den-bergen-abhaengig-sein\\\/\"},\"wordCount\":559,\"publisher\":{\"@id\":\"https:\\\/\\\/www.organisator.ch\\\/#organization\"},\"image\":{\"@id\":\"https:\\\/\\\/www.organisator.ch\\\/sustainability\\\/2020-07-07\\\/15-milliarden-menschen-werden-vom-wasser-aus-den-bergen-abhaengig-sein\\\/#primaryimage\"},\"thumbnailUrl\":\"https:\\\/\\\/www.organisator.ch\\\/wp-content\\\/uploads\\\/2020\\\/07\\\/Studie-Wasser-Bergland-UP-Schweiz-scaled.jpg\",\"keywords\":[\"Schweiz\",\"Studien\",\"WASSER\",\"Wasserverbrauch\"],\"articleSection\":[\"SUSTAINABILITY\"],\"inLanguage\":\"fr-FR\"},{\"@type\":\"WebPage\",\"@id\":\"https:\\\/\\\/www.organisator.ch\\\/sustainability\\\/2020-07-07\\\/15-milliarden-menschen-werden-vom-wasser-aus-den-bergen-abhaengig-sein\\\/\",\"url\":\"https:\\\/\\\/www.organisator.ch\\\/sustainability\\\/2020-07-07\\\/15-milliarden-menschen-werden-vom-wasser-aus-den-bergen-abhaengig-sein\\\/\",\"name\":\"1,5 Milliarden Menschen werden vom Wasser aus den Bergen abh\u00e4ngig sein - Organisator\",\"isPartOf\":{\"@id\":\"https:\\\/\\\/www.organisator.ch\\\/#website\"},\"primaryImageOfPage\":{\"@id\":\"https:\\\/\\\/www.organisator.ch\\\/sustainability\\\/2020-07-07\\\/15-milliarden-menschen-werden-vom-wasser-aus-den-bergen-abhaengig-sein\\\/#primaryimage\"},\"image\":{\"@id\":\"https:\\\/\\\/www.organisator.ch\\\/sustainability\\\/2020-07-07\\\/15-milliarden-menschen-werden-vom-wasser-aus-den-bergen-abhaengig-sein\\\/#primaryimage\"},\"thumbnailUrl\":\"https:\\\/\\\/www.organisator.ch\\\/wp-content\\\/uploads\\\/2020\\\/07\\\/Studie-Wasser-Bergland-UP-Schweiz-scaled.jpg\",\"datePublished\":\"2020-07-07T15:45:41+00:00\",\"dateModified\":\"2022-02-09T10:10:49+00:00\",\"description\":\"Weltweit hat sich der Wasser-Verbrauch in den letzten hundert Jahren fast vervierfacht, viele Regionen k\u00f6nnen ihren Bedarf nur dank Zufl\u00fcssen aus den Bergen decken.\",\"breadcrumb\":{\"@id\":\"https:\\\/\\\/www.organisator.ch\\\/sustainability\\\/2020-07-07\\\/15-milliarden-menschen-werden-vom-wasser-aus-den-bergen-abhaengig-sein\\\/#breadcrumb\"},\"inLanguage\":\"fr-FR\",\"potentialAction\":[{\"@type\":\"ReadAction\",\"target\":[\"https:\\\/\\\/www.organisator.ch\\\/sustainability\\\/2020-07-07\\\/15-milliarden-menschen-werden-vom-wasser-aus-den-bergen-abhaengig-sein\\\/\"]}]},{\"@type\":\"ImageObject\",\"inLanguage\":\"fr-FR\",\"@id\":\"https:\\\/\\\/www.organisator.ch\\\/sustainability\\\/2020-07-07\\\/15-milliarden-menschen-werden-vom-wasser-aus-den-bergen-abhaengig-sein\\\/#primaryimage\",\"url\":\"https:\\\/\\\/www.organisator.ch\\\/wp-content\\\/uploads\\\/2020\\\/07\\\/Studie-Wasser-Bergland-UP-Schweiz-scaled.jpg\",\"contentUrl\":\"https:\\\/\\\/www.organisator.ch\\\/wp-content\\\/uploads\\\/2020\\\/07\\\/Studie-Wasser-Bergland-UP-Schweiz-scaled.jpg\",\"width\":2560,\"height\":1920,\"caption\":\"Der Rosegbach im Oberengadin ist Teil des Donaueinzugsgebietes, wo \u00fcber ein Drittel der 46 Millionen Tieflandbewohner vom Wasser aus dem Gebirge abh\u00e4ngen. (Bild: Daniel Viviroli)\"},{\"@type\":\"BreadcrumbList\",\"@id\":\"https:\\\/\\\/www.organisator.ch\\\/sustainability\\\/2020-07-07\\\/15-milliarden-menschen-werden-vom-wasser-aus-den-bergen-abhaengig-sein\\\/#breadcrumb\",\"itemListElement\":[{\"@type\":\"ListItem\",\"position\":1,\"name\":\"Home\",\"item\":\"https:\\\/\\\/www.organisator.ch\\\/\"},{\"@type\":\"ListItem\",\"position\":2,\"name\":\"1,5 Milliarden Menschen werden vom Wasser aus den Bergen abh\u00e4ngig sein\"}]},{\"@type\":\"WebSite\",\"@id\":\"https:\\\/\\\/www.organisator.ch\\\/#website\",\"url\":\"https:\\\/\\\/www.organisator.ch\\\/\",\"name\":\"Organisator\",\"description\":\"Kompetent. Praxisnah. Der ORGANISATOR bereitet in 10 Ausgaben pro Jahr die wesentlichen Themen f\u00fcr F\u00fchrungskr\u00e4fte von KMU auf.\",\"publisher\":{\"@id\":\"https:\\\/\\\/www.organisator.ch\\\/#organization\"},\"potentialAction\":[{\"@type\":\"SearchAction\",\"target\":{\"@type\":\"EntryPoint\",\"urlTemplate\":\"https:\\\/\\\/www.organisator.ch\\\/?s={search_term_string}\"},\"query-input\":{\"@type\":\"PropertyValueSpecification\",\"valueRequired\":true,\"valueName\":\"search_term_string\"}}],\"inLanguage\":\"fr-FR\"},{\"@type\":\"Organization\",\"@id\":\"https:\\\/\\\/www.organisator.ch\\\/#organization\",\"name\":\"Organisator\",\"url\":\"https:\\\/\\\/www.organisator.ch\\\/\",\"logo\":{\"@type\":\"ImageObject\",\"inLanguage\":\"fr-FR\",\"@id\":\"https:\\\/\\\/www.organisator.ch\\\/#\\\/schema\\\/logo\\\/image\\\/\",\"url\":\"https:\\\/\\\/www.organisator.ch\\\/wp-content\\\/uploads\\\/2022\\\/01\\\/Logo_Organisator_Website.png\",\"contentUrl\":\"https:\\\/\\\/www.organisator.ch\\\/wp-content\\\/uploads\\\/2022\\\/01\\\/Logo_Organisator_Website.png\",\"width\":800,\"height\":77,\"caption\":\"Organisator\"},\"image\":{\"@id\":\"https:\\\/\\\/www.organisator.ch\\\/#\\\/schema\\\/logo\\\/image\\\/\"},\"sameAs\":[\"https:\\\/\\\/www.facebook.com\\\/OrganisatorFachmagazin\",\"https:\\\/\\\/www.linkedin.com\\\/showcase\\\/organisator-das-magazin-fr-kmu\",\"https:\\\/\\\/www.xing.com\\\/news\\\/pages\\\/organisator-ch-695\",\"https:\\\/\\\/www.youtube.com\\\/channel\\\/UCGP2Sq0iWaZwT3BdIAQFYpw\"]},{\"@type\":\"Person\",\"@id\":\"https:\\\/\\\/www.organisator.ch\\\/#\\\/schema\\\/person\\\/134708ca9321c57b0362cceb7948ffbd\",\"name\":\"michael.merz\",\"image\":{\"@type\":\"ImageObject\",\"inLanguage\":\"fr-FR\",\"@id\":\"https:\\\/\\\/secure.gravatar.com\\\/avatar\\\/?s=96&d=mm&r=g\",\"url\":\"https:\\\/\\\/secure.gravatar.com\\\/avatar\\\/?s=96&d=mm&r=g\",\"contentUrl\":\"https:\\\/\\\/secure.gravatar.com\\\/avatar\\\/?s=96&d=mm&r=g\",\"caption\":\"michael.merz\"},\"url\":\"https:\\\/\\\/www.organisator.ch\\\/fr\\\/author\\\/michael-merz\\\/\"}]}<\/script>\n<!-- \/ Yoast SEO plugin. -->","yoast_head_json":{"title":"1,5 milliard de personnes d\u00e9pendront de l'eau des montagnes - Organisateur","description":"Dans le monde entier, la consommation d'eau a presque quadrupl\u00e9 au cours des cent derni\u00e8res ann\u00e9es, et de nombreuses r\u00e9gions ne peuvent couvrir leurs besoins que gr\u00e2ce \u00e0 des affluents provenant des montagnes.","robots":{"index":"index","follow":"follow","max-snippet":"max-snippet:-1","max-image-preview":"max-image-preview:large","max-video-preview":"max-video-preview:-1"},"canonical":"https:\/\/www.organisator.ch\/fr\/sustainability\/2020-07-07\/15-milliarden-menschen-werden-vom-wasser-aus-den-bergen-abhaengig-sein\/","og_locale":"fr_FR","og_type":"article","og_title":"1,5 Milliarden Menschen werden vom Wasser aus den Bergen abh\u00e4ngig sein - Organisator","og_description":"Weltweit hat sich der Wasser-Verbrauch in den letzten hundert Jahren fast vervierfacht, viele Regionen k\u00f6nnen ihren Bedarf nur dank Zufl\u00fcssen aus den Bergen decken.","og_url":"https:\/\/www.organisator.ch\/fr\/sustainability\/2020-07-07\/15-milliarden-menschen-werden-vom-wasser-aus-den-bergen-abhaengig-sein\/","og_site_name":"Organisator","article_publisher":"https:\/\/www.facebook.com\/OrganisatorFachmagazin","article_published_time":"2020-07-07T15:45:41+00:00","article_modified_time":"2022-02-09T10:10:49+00:00","og_image":[{"width":2560,"height":1920,"url":"https:\/\/www.organisator.ch\/wp-content\/uploads\/2020\/07\/Studie-Wasser-Bergland-UP-Schweiz-scaled.jpg","type":"image\/jpeg"}],"author":"michael.merz","twitter_card":"summary_large_image","schema":{"@context":"https:\/\/schema.org","@graph":[{"@type":"Article","@id":"https:\/\/www.organisator.ch\/sustainability\/2020-07-07\/15-milliarden-menschen-werden-vom-wasser-aus-den-bergen-abhaengig-sein\/#article","isPartOf":{"@id":"https:\/\/www.organisator.ch\/sustainability\/2020-07-07\/15-milliarden-menschen-werden-vom-wasser-aus-den-bergen-abhaengig-sein\/"},"author":{"name":"michael.merz","@id":"https:\/\/www.organisator.ch\/#\/schema\/person\/134708ca9321c57b0362cceb7948ffbd"},"headline":"1,5 Milliarden Menschen werden vom Wasser aus den Bergen abh\u00e4ngig sein","datePublished":"2020-07-07T15:45:41+00:00","dateModified":"2022-02-09T10:10:49+00:00","mainEntityOfPage":{"@id":"https:\/\/www.organisator.ch\/sustainability\/2020-07-07\/15-milliarden-menschen-werden-vom-wasser-aus-den-bergen-abhaengig-sein\/"},"wordCount":559,"publisher":{"@id":"https:\/\/www.organisator.ch\/#organization"},"image":{"@id":"https:\/\/www.organisator.ch\/sustainability\/2020-07-07\/15-milliarden-menschen-werden-vom-wasser-aus-den-bergen-abhaengig-sein\/#primaryimage"},"thumbnailUrl":"https:\/\/www.organisator.ch\/wp-content\/uploads\/2020\/07\/Studie-Wasser-Bergland-UP-Schweiz-scaled.jpg","keywords":["Schweiz","Studien","WASSER","Wasserverbrauch"],"articleSection":["SUSTAINABILITY"],"inLanguage":"fr-FR"},{"@type":"WebPage","@id":"https:\/\/www.organisator.ch\/sustainability\/2020-07-07\/15-milliarden-menschen-werden-vom-wasser-aus-den-bergen-abhaengig-sein\/","url":"https:\/\/www.organisator.ch\/sustainability\/2020-07-07\/15-milliarden-menschen-werden-vom-wasser-aus-den-bergen-abhaengig-sein\/","name":"1,5 milliard de personnes d\u00e9pendront de l'eau des montagnes - Organisateur","isPartOf":{"@id":"https:\/\/www.organisator.ch\/#website"},"primaryImageOfPage":{"@id":"https:\/\/www.organisator.ch\/sustainability\/2020-07-07\/15-milliarden-menschen-werden-vom-wasser-aus-den-bergen-abhaengig-sein\/#primaryimage"},"image":{"@id":"https:\/\/www.organisator.ch\/sustainability\/2020-07-07\/15-milliarden-menschen-werden-vom-wasser-aus-den-bergen-abhaengig-sein\/#primaryimage"},"thumbnailUrl":"https:\/\/www.organisator.ch\/wp-content\/uploads\/2020\/07\/Studie-Wasser-Bergland-UP-Schweiz-scaled.jpg","datePublished":"2020-07-07T15:45:41+00:00","dateModified":"2022-02-09T10:10:49+00:00","description":"Dans le monde entier, la consommation d'eau a presque quadrupl\u00e9 au cours des cent derni\u00e8res ann\u00e9es, et de nombreuses r\u00e9gions ne peuvent couvrir leurs besoins que gr\u00e2ce \u00e0 des affluents provenant des montagnes.","breadcrumb":{"@id":"https:\/\/www.organisator.ch\/sustainability\/2020-07-07\/15-milliarden-menschen-werden-vom-wasser-aus-den-bergen-abhaengig-sein\/#breadcrumb"},"inLanguage":"fr-FR","potentialAction":[{"@type":"ReadAction","target":["https:\/\/www.organisator.ch\/sustainability\/2020-07-07\/15-milliarden-menschen-werden-vom-wasser-aus-den-bergen-abhaengig-sein\/"]}]},{"@type":"ImageObject","inLanguage":"fr-FR","@id":"https:\/\/www.organisator.ch\/sustainability\/2020-07-07\/15-milliarden-menschen-werden-vom-wasser-aus-den-bergen-abhaengig-sein\/#primaryimage","url":"https:\/\/www.organisator.ch\/wp-content\/uploads\/2020\/07\/Studie-Wasser-Bergland-UP-Schweiz-scaled.jpg","contentUrl":"https:\/\/www.organisator.ch\/wp-content\/uploads\/2020\/07\/Studie-Wasser-Bergland-UP-Schweiz-scaled.jpg","width":2560,"height":1920,"caption":"Der Rosegbach im Oberengadin ist Teil des Donaueinzugsgebietes, wo \u00fcber ein Drittel der 46 Millionen Tieflandbewohner vom Wasser aus dem Gebirge abh\u00e4ngen. (Bild: Daniel Viviroli)"},{"@type":"BreadcrumbList","@id":"https:\/\/www.organisator.ch\/sustainability\/2020-07-07\/15-milliarden-menschen-werden-vom-wasser-aus-den-bergen-abhaengig-sein\/#breadcrumb","itemListElement":[{"@type":"ListItem","position":1,"name":"Home","item":"https:\/\/www.organisator.ch\/"},{"@type":"ListItem","position":2,"name":"1,5 Milliarden Menschen werden vom Wasser aus den Bergen abh\u00e4ngig sein"}]},{"@type":"WebSite","@id":"https:\/\/www.organisator.ch\/#website","url":"https:\/\/www.organisator.ch\/","name":"Organisateur","description":"Comp\u00e9tence et comp\u00e9tence. Proches de la pratique. L'ORGANISATEUR pr\u00e9pare 10 num\u00e9ros par an sur les th\u00e8mes essentiels pour les dirigeants de PME.","publisher":{"@id":"https:\/\/www.organisator.ch\/#organization"},"potentialAction":[{"@type":"SearchAction","target":{"@type":"EntryPoint","urlTemplate":"https:\/\/www.organisator.ch\/?s={search_term_string}"},"query-input":{"@type":"PropertyValueSpecification","valueRequired":true,"valueName":"search_term_string"}}],"inLanguage":"fr-FR"},{"@type":"Organization","@id":"https:\/\/www.organisator.ch\/#organization","name":"Organisateur","url":"https:\/\/www.organisator.ch\/","logo":{"@type":"ImageObject","inLanguage":"fr-FR","@id":"https:\/\/www.organisator.ch\/#\/schema\/logo\/image\/","url":"https:\/\/www.organisator.ch\/wp-content\/uploads\/2022\/01\/Logo_Organisator_Website.png","contentUrl":"https:\/\/www.organisator.ch\/wp-content\/uploads\/2022\/01\/Logo_Organisator_Website.png","width":800,"height":77,"caption":"Organisator"},"image":{"@id":"https:\/\/www.organisator.ch\/#\/schema\/logo\/image\/"},"sameAs":["https:\/\/www.facebook.com\/OrganisatorFachmagazin","https:\/\/www.linkedin.com\/showcase\/organisator-das-magazin-fr-kmu","https:\/\/www.xing.com\/news\/pages\/organisator-ch-695","https:\/\/www.youtube.com\/channel\/UCGP2Sq0iWaZwT3BdIAQFYpw"]},{"@type":"Person","@id":"https:\/\/www.organisator.ch\/#\/schema\/person\/134708ca9321c57b0362cceb7948ffbd","name":"michael.merz","image":{"@type":"ImageObject","inLanguage":"fr-FR","@id":"https:\/\/secure.gravatar.com\/avatar\/?s=96&d=mm&r=g","url":"https:\/\/secure.gravatar.com\/avatar\/?s=96&d=mm&r=g","contentUrl":"https:\/\/secure.gravatar.com\/avatar\/?s=96&d=mm&r=g","caption":"michael.merz"},"url":"https:\/\/www.organisator.ch\/fr\/author\/michael-merz\/"}]}},"_links":{"self":[{"href":"https:\/\/www.organisator.ch\/fr\/wp-json\/wp\/v2\/posts\/10188","targetHints":{"allow":["GET"]}}],"collection":[{"href":"https:\/\/www.organisator.ch\/fr\/wp-json\/wp\/v2\/posts"}],"about":[{"href":"https:\/\/www.organisator.ch\/fr\/wp-json\/wp\/v2\/types\/post"}],"author":[{"embeddable":true,"href":"https:\/\/www.organisator.ch\/fr\/wp-json\/wp\/v2\/users\/5"}],"replies":[{"embeddable":true,"href":"https:\/\/www.organisator.ch\/fr\/wp-json\/wp\/v2\/comments?post=10188"}],"version-history":[{"count":1,"href":"https:\/\/www.organisator.ch\/fr\/wp-json\/wp\/v2\/posts\/10188\/revisions"}],"predecessor-version":[{"id":10997,"href":"https:\/\/www.organisator.ch\/fr\/wp-json\/wp\/v2\/posts\/10188\/revisions\/10997"}],"wp:featuredmedia":[{"embeddable":true,"href":"https:\/\/www.organisator.ch\/fr\/wp-json\/wp\/v2\/media\/3176"}],"wp:attachment":[{"href":"https:\/\/www.organisator.ch\/fr\/wp-json\/wp\/v2\/media?parent=10188"}],"wp:term":[{"taxonomy":"category","embeddable":true,"href":"https:\/\/www.organisator.ch\/fr\/wp-json\/wp\/v2\/categories?post=10188"},{"taxonomy":"post_tag","embeddable":true,"href":"https:\/\/www.organisator.ch\/fr\/wp-json\/wp\/v2\/tags?post=10188"}],"curies":[{"name":"wp","href":"https:\/\/api.w.org\/{rel}","templated":true}]}}