{"id":10193,"date":"2020-07-21T15:49:16","date_gmt":"2020-07-21T13:49:16","guid":{"rendered":"https:\/\/www.umweltperspektiven.ch\/?p=3209"},"modified":"2024-11-07T05:34:46","modified_gmt":"2024-11-07T04:34:46","slug":"fuenf-von-sechs-circle-gebaeuden-vermietet","status":"publish","type":"post","link":"https:\/\/www.organisator.ch\/fr\/allgemein\/2020-07-21\/fuenf-von-sechs-circle-gebaeuden-vermietet\/","title":{"rendered":"Cinq des six b\u00e2timents Circle sont lou\u00e9s"},"content":{"rendered":"<figure id=\"attachment_3210\" aria-describedby=\"caption-attachment-3210\" style=\"width: 150px\" class=\"wp-caption alignnone\"><img loading=\"lazy\" decoding=\"async\" class=\"wp-image-3210 size-thumbnail\" src=\"https:\/\/www.organisator.ch\/wp-content\/uploads\/2018\/02\/Sage-und-Zuercher-Kantonalbank-kooperieren_Organisator-150x150.jpg\" alt=\"Unispace nouveau site The Circle\" width=\"150\" height=\"150\" srcset=\"https:\/\/www.organisator.ch\/wp-content\/uploads\/2018\/02\/Sage-und-Zuercher-Kantonalbank-kooperieren_Organisator-150x150.jpg 150w, https:\/\/www.organisator.ch\/wp-content\/uploads\/2018\/02\/Sage-und-Zuercher-Kantonalbank-kooperieren_Organisator-250x250.jpg 250w, https:\/\/www.organisator.ch\/wp-content\/uploads\/2018\/02\/Sage-und-Zuercher-Kantonalbank-kooperieren_Organisator-100x100.jpg 100w\" sizes=\"auto, (max-width: 150px) 100vw, 150px\" \/><figcaption id=\"caption-attachment-3210\" class=\"wp-caption-text\">The Circle offre de nombreuses options de r\u00e9union. Le mode de construction convainc par certains aspects \"verts\". Les b\u00e2timents seront prochainement certifi\u00e9s Minergie. (Image : The Circle)<\/figcaption><\/figure>\n<p><span lang=\"DE-CH\" xml:lang=\"DE-CH\">\"Le nouveau site de l'a\u00e9roport de Zurich \"The Circle\" repr\u00e9sente pour Unispace une nouvelle \u00e9tape importante dans notre d\u00e9veloppement continu sur le march\u00e9 suisse et mondial\", souligne Benji Tiso, Principal Unispace Suisse. Pour lui, cette d\u00e9cision d'implantation est tr\u00e8s importante : \"Le concept d'avenir du Circle souligne notre position de visionnaires d\u00e9finissant le march\u00e9 dans le domaine du Workplace Design. Les synergies qui se cr\u00e9ent sur ce nouveau site nous permettent de mettre \u00e0 profit nos comp\u00e9tences de mani\u00e8re optimale et de cr\u00e9er des partenariats \u00e0 long terme. Nous sommes convaincus que le Circle consolide et met en valeur Unispace, mais aussi l'a\u00e9roport de Zurich dans le contexte international !\"<\/span><\/p>\n<p><strong>Solutions personnalis\u00e9es<\/strong><\/p>\n<p><span lang=\"DE-CH\" xml:lang=\"DE-CH\">Unispace con\u00e7oit les environnements de travail des entreprises et r\u00e9alise des espaces de bureaux innovants et orient\u00e9s vers l'avenir. Dans le Circle, l'entreprise globale trouve une situation id\u00e9ale pour mettre en \u0153uvre ses propres comp\u00e9tences.<\/span><\/p>\n<p><span lang=\"DE-CH\" xml:lang=\"DE-CH\">La nouvelle destination pour Zurich convainc en raison de l'esprit de communaut\u00e9 et des synergies avec d'autres locataires et modules d'utilisation. De plus, le Circle est choisi pour offrir aux collaborateurs, aux clients et aux partenaires un environnement de travail moderne et orient\u00e9 vers l'avenir dans le lieu le mieux desservi de Suisse.<\/span><\/p>\n<p><span lang=\"DE-CH\" xml:lang=\"DE-CH\">Outre Microsoft et SAP, une autre entreprise informatique d'envergure mondiale transf\u00e8re son si\u00e8ge suisse dans le Circle. Le Circle devient ainsi le hotspot de la technologie et de l'innovation en Suisse : en outre, le Circle jouit \u00e9galement d'une grande popularit\u00e9 aupr\u00e8s des entreprises biopharmaceutiques. <\/span><span lang=\"DE-CH\" xml:lang=\"DE-CH\">Outre MSD, une autre entreprise pharmaceutique a d\u00e9cid\u00e9 de transf\u00e9rer son si\u00e8ge suisse dans le Circle \u00e0 l'a\u00e9roport de Zurich. Au total, ces trois contrats ont permis de louer 8'000m2 de bureaux suppl\u00e9mentaires.<\/span><\/p>\n<p><em><span lang=\"DE-CH\" xml:lang=\"DE-CH\">Une grande partie des surfaces de bureaux est donc lou\u00e9e. Il reste encore pr\u00e8s de 10'000m2 de surfaces de bureaux disponibles, dont des petites et des grandes surfaces \u00e0 un emplacement central. Vous trouverez plus d'informations \u00e0 ce sujet sur le site web suivant : <\/span><\/em><a href=\"\/\/www.thecircle.ch\/de\/bueroflaechen\" target=\"_blank\" rel=\"noopener\"><span lang=\"DE-CH\" xml:lang=\"DE-CH\"><em>https:\/\/www.thecircle.ch\/de\/bueroflaechen<\/em><\/span><\/a><\/p>\n<p>&nbsp;<\/p>\n<p><strong><span lang=\"DE-CH\" xml:lang=\"DE-CH\">Ouverture par \u00e9tapes \u00e0 partir de l'automne 2020<\/span><\/strong><\/p>\n<p><span lang=\"DE-CH\" xml:lang=\"DE-CH\">Malgr\u00e9 le coronavirus, le Circle progresse bien et seuls de l\u00e9gers retards sont attendus jusqu'\u00e0 son ach\u00e8vement. Plusieurs locataires ont d\u00e9j\u00e0 pris possession de leur espace et l'ouverture officielle des zones attirant le public, comme le centre de congr\u00e8s, l'h\u00f4tel, les restaurants et les boutiques, est pr\u00e9vue \u00e0 partir de novembre 2020.<\/span><\/p>","protected":false},"excerpt":{"rendered":"<p>&#8222;Der neue Standort im Flughafen Z\u00fcrich \u00abThe Circle\u00bb stellt f\u00fcr Unispace einen weiteren, wichtigen Meilenstein dar in unserer kontinuierlichen Entwicklung im Schweizer und globalen Markt&#8220;, betont Benji Tiso, Principal Unispace Schweiz. F\u00fchr ihn ist dieser Standortentscheid von grosser Bedeutung:&#8220;Das zukunftsweisende Konzept vom Circle unterstreicht unsere Position als marktdefinierende Vision\u00e4re im Workplace Design. Die Synergien, die [&hellip;]<\/p>\n","protected":false},"author":5,"featured_media":9714,"comment_status":"closed","ping_status":"closed","sticky":false,"template":"","format":"standard","meta":{"_acf_changed":false,"_yoast_wpseo_focuskw":"Unispace neuer Standort The Circle","_yoast_wpseo_metadesc":"Unispace er\u00f6ffnet neuen Standort im Flughafen Z\u00fcrich \u00abThe Circle\u00bb und st\u00e4rkt seine Position im Workplace Design.","articlekey":"","footnotes":""},"categories":[1],"tags":[124,1196,1707,365,2298],"class_list":["post-10193","post","type-post","status-publish","format-standard","has-post-thumbnail","hentry","category-allgemein","tag-co-working","tag-flughafen-zuerich","tag-mietflaechen","tag-office","tag-the-circle"],"acf":[],"yoast_head":"<!-- This site is optimized with the Yoast SEO plugin v27.5 - https:\/\/yoast.com\/product\/yoast-seo-wordpress\/ -->\n<title>F\u00fcnf von sechs Circle-Geb\u00e4uden vermietet - Organisator<\/title>\n<meta name=\"description\" content=\"Unispace er\u00f6ffnet neuen Standort im Flughafen Z\u00fcrich \u00abThe Circle\u00bb und st\u00e4rkt seine Position im Workplace Design.\" \/>\n<meta name=\"robots\" content=\"index, follow, max-snippet:-1, max-image-preview:large, max-video-preview:-1\" \/>\n<link rel=\"canonical\" href=\"https:\/\/www.organisator.ch\/fr\/general\/2020-07-21\/fuenf-von-sechs-circle-gebaeuden-vermietet\/\" \/>\n<meta property=\"og:locale\" content=\"fr_FR\" \/>\n<meta property=\"og:type\" content=\"article\" \/>\n<meta property=\"og:title\" content=\"F\u00fcnf von sechs Circle-Geb\u00e4uden vermietet - Organisator\" \/>\n<meta property=\"og:description\" content=\"Unispace er\u00f6ffnet neuen Standort im Flughafen Z\u00fcrich \u00abThe Circle\u00bb und st\u00e4rkt seine Position im Workplace Design.\" \/>\n<meta property=\"og:url\" content=\"https:\/\/www.organisator.ch\/fr\/general\/2020-07-21\/fuenf-von-sechs-circle-gebaeuden-vermietet\/\" \/>\n<meta property=\"og:site_name\" content=\"Organisator\" \/>\n<meta property=\"article:publisher\" content=\"https:\/\/www.facebook.com\/OrganisatorFachmagazin\" \/>\n<meta property=\"article:published_time\" content=\"2020-07-21T13:49:16+00:00\" \/>\n<meta property=\"article:modified_time\" content=\"2024-11-07T04:34:46+00:00\" \/>\n<meta property=\"og:image\" content=\"https:\/\/www.organisator.ch\/wp-content\/uploads\/2020\/07\/pavillion_park_0.jpg\" \/>\n\t<meta property=\"og:image:width\" content=\"929\" \/>\n\t<meta property=\"og:image:height\" content=\"600\" \/>\n\t<meta property=\"og:image:type\" content=\"image\/jpeg\" \/>\n<meta name=\"author\" content=\"michael.merz\" \/>\n<meta name=\"twitter:card\" content=\"summary_large_image\" \/>\n<script type=\"application\/ld+json\" class=\"yoast-schema-graph\">{\"@context\":\"https:\\\/\\\/schema.org\",\"@graph\":[{\"@type\":\"Article\",\"@id\":\"https:\\\/\\\/www.organisator.ch\\\/allgemein\\\/2020-07-21\\\/fuenf-von-sechs-circle-gebaeuden-vermietet\\\/#article\",\"isPartOf\":{\"@id\":\"https:\\\/\\\/www.organisator.ch\\\/allgemein\\\/2020-07-21\\\/fuenf-von-sechs-circle-gebaeuden-vermietet\\\/\"},\"author\":{\"name\":\"michael.merz\",\"@id\":\"https:\\\/\\\/www.organisator.ch\\\/#\\\/schema\\\/person\\\/134708ca9321c57b0362cceb7948ffbd\"},\"headline\":\"F\u00fcnf von sechs Circle-Geb\u00e4uden vermietet\",\"datePublished\":\"2020-07-21T13:49:16+00:00\",\"dateModified\":\"2024-11-07T04:34:46+00:00\",\"mainEntityOfPage\":{\"@id\":\"https:\\\/\\\/www.organisator.ch\\\/allgemein\\\/2020-07-21\\\/fuenf-von-sechs-circle-gebaeuden-vermietet\\\/\"},\"wordCount\":379,\"publisher\":{\"@id\":\"https:\\\/\\\/www.organisator.ch\\\/#organization\"},\"image\":{\"@id\":\"https:\\\/\\\/www.organisator.ch\\\/allgemein\\\/2020-07-21\\\/fuenf-von-sechs-circle-gebaeuden-vermietet\\\/#primaryimage\"},\"thumbnailUrl\":\"https:\\\/\\\/www.organisator.ch\\\/wp-content\\\/uploads\\\/2020\\\/07\\\/pavillion_park_0.jpg\",\"keywords\":[\"Co-Working\",\"Flughafen Z\u00fcrich\",\"Mietfl\u00e4chen\",\"Office\",\"The Circle\"],\"articleSection\":[\"Allgemein\"],\"inLanguage\":\"fr-FR\"},{\"@type\":\"WebPage\",\"@id\":\"https:\\\/\\\/www.organisator.ch\\\/allgemein\\\/2020-07-21\\\/fuenf-von-sechs-circle-gebaeuden-vermietet\\\/\",\"url\":\"https:\\\/\\\/www.organisator.ch\\\/allgemein\\\/2020-07-21\\\/fuenf-von-sechs-circle-gebaeuden-vermietet\\\/\",\"name\":\"F\u00fcnf von sechs Circle-Geb\u00e4uden vermietet - Organisator\",\"isPartOf\":{\"@id\":\"https:\\\/\\\/www.organisator.ch\\\/#website\"},\"primaryImageOfPage\":{\"@id\":\"https:\\\/\\\/www.organisator.ch\\\/allgemein\\\/2020-07-21\\\/fuenf-von-sechs-circle-gebaeuden-vermietet\\\/#primaryimage\"},\"image\":{\"@id\":\"https:\\\/\\\/www.organisator.ch\\\/allgemein\\\/2020-07-21\\\/fuenf-von-sechs-circle-gebaeuden-vermietet\\\/#primaryimage\"},\"thumbnailUrl\":\"https:\\\/\\\/www.organisator.ch\\\/wp-content\\\/uploads\\\/2020\\\/07\\\/pavillion_park_0.jpg\",\"datePublished\":\"2020-07-21T13:49:16+00:00\",\"dateModified\":\"2024-11-07T04:34:46+00:00\",\"description\":\"Unispace er\u00f6ffnet neuen Standort im Flughafen Z\u00fcrich \u00abThe Circle\u00bb und st\u00e4rkt seine Position im Workplace Design.\",\"breadcrumb\":{\"@id\":\"https:\\\/\\\/www.organisator.ch\\\/allgemein\\\/2020-07-21\\\/fuenf-von-sechs-circle-gebaeuden-vermietet\\\/#breadcrumb\"},\"inLanguage\":\"fr-FR\",\"potentialAction\":[{\"@type\":\"ReadAction\",\"target\":[\"https:\\\/\\\/www.organisator.ch\\\/allgemein\\\/2020-07-21\\\/fuenf-von-sechs-circle-gebaeuden-vermietet\\\/\"]}]},{\"@type\":\"ImageObject\",\"inLanguage\":\"fr-FR\",\"@id\":\"https:\\\/\\\/www.organisator.ch\\\/allgemein\\\/2020-07-21\\\/fuenf-von-sechs-circle-gebaeuden-vermietet\\\/#primaryimage\",\"url\":\"https:\\\/\\\/www.organisator.ch\\\/wp-content\\\/uploads\\\/2020\\\/07\\\/pavillion_park_0.jpg\",\"contentUrl\":\"https:\\\/\\\/www.organisator.ch\\\/wp-content\\\/uploads\\\/2020\\\/07\\\/pavillion_park_0.jpg\",\"width\":929,\"height\":600},{\"@type\":\"BreadcrumbList\",\"@id\":\"https:\\\/\\\/www.organisator.ch\\\/allgemein\\\/2020-07-21\\\/fuenf-von-sechs-circle-gebaeuden-vermietet\\\/#breadcrumb\",\"itemListElement\":[{\"@type\":\"ListItem\",\"position\":1,\"name\":\"Home\",\"item\":\"https:\\\/\\\/www.organisator.ch\\\/\"},{\"@type\":\"ListItem\",\"position\":2,\"name\":\"F\u00fcnf von sechs Circle-Geb\u00e4uden vermietet\"}]},{\"@type\":\"WebSite\",\"@id\":\"https:\\\/\\\/www.organisator.ch\\\/#website\",\"url\":\"https:\\\/\\\/www.organisator.ch\\\/\",\"name\":\"Organisator\",\"description\":\"Kompetent. Praxisnah. Der ORGANISATOR bereitet in 10 Ausgaben pro Jahr die wesentlichen Themen f\u00fcr F\u00fchrungskr\u00e4fte von KMU auf.\",\"publisher\":{\"@id\":\"https:\\\/\\\/www.organisator.ch\\\/#organization\"},\"potentialAction\":[{\"@type\":\"SearchAction\",\"target\":{\"@type\":\"EntryPoint\",\"urlTemplate\":\"https:\\\/\\\/www.organisator.ch\\\/?s={search_term_string}\"},\"query-input\":{\"@type\":\"PropertyValueSpecification\",\"valueRequired\":true,\"valueName\":\"search_term_string\"}}],\"inLanguage\":\"fr-FR\"},{\"@type\":\"Organization\",\"@id\":\"https:\\\/\\\/www.organisator.ch\\\/#organization\",\"name\":\"Organisator\",\"url\":\"https:\\\/\\\/www.organisator.ch\\\/\",\"logo\":{\"@type\":\"ImageObject\",\"inLanguage\":\"fr-FR\",\"@id\":\"https:\\\/\\\/www.organisator.ch\\\/#\\\/schema\\\/logo\\\/image\\\/\",\"url\":\"https:\\\/\\\/www.organisator.ch\\\/wp-content\\\/uploads\\\/2022\\\/01\\\/Logo_Organisator_Website.png\",\"contentUrl\":\"https:\\\/\\\/www.organisator.ch\\\/wp-content\\\/uploads\\\/2022\\\/01\\\/Logo_Organisator_Website.png\",\"width\":800,\"height\":77,\"caption\":\"Organisator\"},\"image\":{\"@id\":\"https:\\\/\\\/www.organisator.ch\\\/#\\\/schema\\\/logo\\\/image\\\/\"},\"sameAs\":[\"https:\\\/\\\/www.facebook.com\\\/OrganisatorFachmagazin\",\"https:\\\/\\\/www.linkedin.com\\\/showcase\\\/organisator-das-magazin-fr-kmu\",\"https:\\\/\\\/www.xing.com\\\/news\\\/pages\\\/organisator-ch-695\",\"https:\\\/\\\/www.youtube.com\\\/channel\\\/UCGP2Sq0iWaZwT3BdIAQFYpw\"]},{\"@type\":\"Person\",\"@id\":\"https:\\\/\\\/www.organisator.ch\\\/#\\\/schema\\\/person\\\/134708ca9321c57b0362cceb7948ffbd\",\"name\":\"michael.merz\",\"image\":{\"@type\":\"ImageObject\",\"inLanguage\":\"fr-FR\",\"@id\":\"https:\\\/\\\/secure.gravatar.com\\\/avatar\\\/?s=96&d=mm&r=g\",\"url\":\"https:\\\/\\\/secure.gravatar.com\\\/avatar\\\/?s=96&d=mm&r=g\",\"contentUrl\":\"https:\\\/\\\/secure.gravatar.com\\\/avatar\\\/?s=96&d=mm&r=g\",\"caption\":\"michael.merz\"},\"url\":\"https:\\\/\\\/www.organisator.ch\\\/fr\\\/author\\\/michael-merz\\\/\"}]}<\/script>\n<!-- \/ Yoast SEO plugin. -->","yoast_head_json":{"title":"Cinq des six b\u00e2timents du Circle lou\u00e9s - Organisateur","description":"Unispace ouvre un nouveau site \u00e0 l'a\u00e9roport de Zurich \"The Circle\" et renforce sa position dans le domaine du Workplace Design.","robots":{"index":"index","follow":"follow","max-snippet":"max-snippet:-1","max-image-preview":"max-image-preview:large","max-video-preview":"max-video-preview:-1"},"canonical":"https:\/\/www.organisator.ch\/fr\/general\/2020-07-21\/fuenf-von-sechs-circle-gebaeuden-vermietet\/","og_locale":"fr_FR","og_type":"article","og_title":"F\u00fcnf von sechs Circle-Geb\u00e4uden vermietet - Organisator","og_description":"Unispace er\u00f6ffnet neuen Standort im Flughafen Z\u00fcrich \u00abThe Circle\u00bb und st\u00e4rkt seine Position im Workplace Design.","og_url":"https:\/\/www.organisator.ch\/fr\/general\/2020-07-21\/fuenf-von-sechs-circle-gebaeuden-vermietet\/","og_site_name":"Organisator","article_publisher":"https:\/\/www.facebook.com\/OrganisatorFachmagazin","article_published_time":"2020-07-21T13:49:16+00:00","article_modified_time":"2024-11-07T04:34:46+00:00","og_image":[{"width":929,"height":600,"url":"https:\/\/www.organisator.ch\/wp-content\/uploads\/2020\/07\/pavillion_park_0.jpg","type":"image\/jpeg"}],"author":"michael.merz","twitter_card":"summary_large_image","schema":{"@context":"https:\/\/schema.org","@graph":[{"@type":"Article","@id":"https:\/\/www.organisator.ch\/allgemein\/2020-07-21\/fuenf-von-sechs-circle-gebaeuden-vermietet\/#article","isPartOf":{"@id":"https:\/\/www.organisator.ch\/allgemein\/2020-07-21\/fuenf-von-sechs-circle-gebaeuden-vermietet\/"},"author":{"name":"michael.merz","@id":"https:\/\/www.organisator.ch\/#\/schema\/person\/134708ca9321c57b0362cceb7948ffbd"},"headline":"F\u00fcnf von sechs Circle-Geb\u00e4uden vermietet","datePublished":"2020-07-21T13:49:16+00:00","dateModified":"2024-11-07T04:34:46+00:00","mainEntityOfPage":{"@id":"https:\/\/www.organisator.ch\/allgemein\/2020-07-21\/fuenf-von-sechs-circle-gebaeuden-vermietet\/"},"wordCount":379,"publisher":{"@id":"https:\/\/www.organisator.ch\/#organization"},"image":{"@id":"https:\/\/www.organisator.ch\/allgemein\/2020-07-21\/fuenf-von-sechs-circle-gebaeuden-vermietet\/#primaryimage"},"thumbnailUrl":"https:\/\/www.organisator.ch\/wp-content\/uploads\/2020\/07\/pavillion_park_0.jpg","keywords":["Co-Working","Flughafen Z\u00fcrich","Mietfl\u00e4chen","Office","The Circle"],"articleSection":["Allgemein"],"inLanguage":"fr-FR"},{"@type":"WebPage","@id":"https:\/\/www.organisator.ch\/allgemein\/2020-07-21\/fuenf-von-sechs-circle-gebaeuden-vermietet\/","url":"https:\/\/www.organisator.ch\/allgemein\/2020-07-21\/fuenf-von-sechs-circle-gebaeuden-vermietet\/","name":"Cinq des six b\u00e2timents du Circle lou\u00e9s - Organisateur","isPartOf":{"@id":"https:\/\/www.organisator.ch\/#website"},"primaryImageOfPage":{"@id":"https:\/\/www.organisator.ch\/allgemein\/2020-07-21\/fuenf-von-sechs-circle-gebaeuden-vermietet\/#primaryimage"},"image":{"@id":"https:\/\/www.organisator.ch\/allgemein\/2020-07-21\/fuenf-von-sechs-circle-gebaeuden-vermietet\/#primaryimage"},"thumbnailUrl":"https:\/\/www.organisator.ch\/wp-content\/uploads\/2020\/07\/pavillion_park_0.jpg","datePublished":"2020-07-21T13:49:16+00:00","dateModified":"2024-11-07T04:34:46+00:00","description":"Unispace ouvre un nouveau site \u00e0 l'a\u00e9roport de Zurich \"The Circle\" et renforce sa position dans le domaine du Workplace Design.","breadcrumb":{"@id":"https:\/\/www.organisator.ch\/allgemein\/2020-07-21\/fuenf-von-sechs-circle-gebaeuden-vermietet\/#breadcrumb"},"inLanguage":"fr-FR","potentialAction":[{"@type":"ReadAction","target":["https:\/\/www.organisator.ch\/allgemein\/2020-07-21\/fuenf-von-sechs-circle-gebaeuden-vermietet\/"]}]},{"@type":"ImageObject","inLanguage":"fr-FR","@id":"https:\/\/www.organisator.ch\/allgemein\/2020-07-21\/fuenf-von-sechs-circle-gebaeuden-vermietet\/#primaryimage","url":"https:\/\/www.organisator.ch\/wp-content\/uploads\/2020\/07\/pavillion_park_0.jpg","contentUrl":"https:\/\/www.organisator.ch\/wp-content\/uploads\/2020\/07\/pavillion_park_0.jpg","width":929,"height":600},{"@type":"BreadcrumbList","@id":"https:\/\/www.organisator.ch\/allgemein\/2020-07-21\/fuenf-von-sechs-circle-gebaeuden-vermietet\/#breadcrumb","itemListElement":[{"@type":"ListItem","position":1,"name":"Home","item":"https:\/\/www.organisator.ch\/"},{"@type":"ListItem","position":2,"name":"F\u00fcnf von sechs Circle-Geb\u00e4uden vermietet"}]},{"@type":"WebSite","@id":"https:\/\/www.organisator.ch\/#website","url":"https:\/\/www.organisator.ch\/","name":"Organisateur","description":"Comp\u00e9tence et comp\u00e9tence. Proches de la pratique. L'ORGANISATEUR pr\u00e9pare 10 num\u00e9ros par an sur les th\u00e8mes essentiels pour les dirigeants de PME.","publisher":{"@id":"https:\/\/www.organisator.ch\/#organization"},"potentialAction":[{"@type":"SearchAction","target":{"@type":"EntryPoint","urlTemplate":"https:\/\/www.organisator.ch\/?s={search_term_string}"},"query-input":{"@type":"PropertyValueSpecification","valueRequired":true,"valueName":"search_term_string"}}],"inLanguage":"fr-FR"},{"@type":"Organization","@id":"https:\/\/www.organisator.ch\/#organization","name":"Organisateur","url":"https:\/\/www.organisator.ch\/","logo":{"@type":"ImageObject","inLanguage":"fr-FR","@id":"https:\/\/www.organisator.ch\/#\/schema\/logo\/image\/","url":"https:\/\/www.organisator.ch\/wp-content\/uploads\/2022\/01\/Logo_Organisator_Website.png","contentUrl":"https:\/\/www.organisator.ch\/wp-content\/uploads\/2022\/01\/Logo_Organisator_Website.png","width":800,"height":77,"caption":"Organisator"},"image":{"@id":"https:\/\/www.organisator.ch\/#\/schema\/logo\/image\/"},"sameAs":["https:\/\/www.facebook.com\/OrganisatorFachmagazin","https:\/\/www.linkedin.com\/showcase\/organisator-das-magazin-fr-kmu","https:\/\/www.xing.com\/news\/pages\/organisator-ch-695","https:\/\/www.youtube.com\/channel\/UCGP2Sq0iWaZwT3BdIAQFYpw"]},{"@type":"Person","@id":"https:\/\/www.organisator.ch\/#\/schema\/person\/134708ca9321c57b0362cceb7948ffbd","name":"michael.merz","image":{"@type":"ImageObject","inLanguage":"fr-FR","@id":"https:\/\/secure.gravatar.com\/avatar\/?s=96&d=mm&r=g","url":"https:\/\/secure.gravatar.com\/avatar\/?s=96&d=mm&r=g","contentUrl":"https:\/\/secure.gravatar.com\/avatar\/?s=96&d=mm&r=g","caption":"michael.merz"},"url":"https:\/\/www.organisator.ch\/fr\/author\/michael-merz\/"}]}},"_links":{"self":[{"href":"https:\/\/www.organisator.ch\/fr\/wp-json\/wp\/v2\/posts\/10193","targetHints":{"allow":["GET"]}}],"collection":[{"href":"https:\/\/www.organisator.ch\/fr\/wp-json\/wp\/v2\/posts"}],"about":[{"href":"https:\/\/www.organisator.ch\/fr\/wp-json\/wp\/v2\/types\/post"}],"author":[{"embeddable":true,"href":"https:\/\/www.organisator.ch\/fr\/wp-json\/wp\/v2\/users\/5"}],"replies":[{"embeddable":true,"href":"https:\/\/www.organisator.ch\/fr\/wp-json\/wp\/v2\/comments?post=10193"}],"version-history":[{"count":2,"href":"https:\/\/www.organisator.ch\/fr\/wp-json\/wp\/v2\/posts\/10193\/revisions"}],"predecessor-version":[{"id":31610,"href":"https:\/\/www.organisator.ch\/fr\/wp-json\/wp\/v2\/posts\/10193\/revisions\/31610"}],"wp:featuredmedia":[{"embeddable":true,"href":"https:\/\/www.organisator.ch\/fr\/wp-json\/wp\/v2\/media\/9714"}],"wp:attachment":[{"href":"https:\/\/www.organisator.ch\/fr\/wp-json\/wp\/v2\/media?parent=10193"}],"wp:term":[{"taxonomy":"category","embeddable":true,"href":"https:\/\/www.organisator.ch\/fr\/wp-json\/wp\/v2\/categories?post=10193"},{"taxonomy":"post_tag","embeddable":true,"href":"https:\/\/www.organisator.ch\/fr\/wp-json\/wp\/v2\/tags?post=10193"}],"curies":[{"name":"wp","href":"https:\/\/api.w.org\/{rel}","templated":true}]}}