{"id":10195,"date":"2020-08-05T10:15:21","date_gmt":"2020-08-05T08:15:21","guid":{"rendered":"https:\/\/www.umweltperspektiven.ch\/?p=3239"},"modified":"2024-11-07T05:30:37","modified_gmt":"2024-11-07T04:30:37","slug":"erstes-elektromotorflugzeug-hebt-dank-bazl-unterstuetzung-ab","status":"publish","type":"post","link":"https:\/\/www.organisator.ch\/fr\/sustainability\/2020-08-05\/erstes-elektromotorflugzeug-hebt-dank-bazl-unterstuetzung-ab\/","title":{"rendered":"Le premier avion \u00e0 moteur \u00e9lectrique d\u00e9colle gr\u00e2ce au soutien de l'OFAC"},"content":{"rendered":"<figure id=\"attachment_3240\" aria-describedby=\"caption-attachment-3240\" style=\"width: 680px\" class=\"wp-caption alignnone\"><img loading=\"lazy\" decoding=\"async\" class=\"wp-image-3240 size-medium\" src=\"https:\/\/www.organisator.ch\/wp-content\/uploads\/2020\/08\/pipistrel-elektrofulugzeug-BAZL-UP-Umwelt-Perspektiven-680x383.png\" alt=\"Avion \u00e0 moteur \u00e9lectrique\" width=\"680\" height=\"383\" srcset=\"https:\/\/www.organisator.ch\/wp-content\/uploads\/2020\/08\/pipistrel-elektrofulugzeug-BAZL-UP-Umwelt-Perspektiven-680x383.png 680w, https:\/\/www.organisator.ch\/wp-content\/uploads\/2020\/08\/pipistrel-elektrofulugzeug-BAZL-UP-Umwelt-Perspektiven-1024x576.png 1024w, https:\/\/www.organisator.ch\/wp-content\/uploads\/2020\/08\/pipistrel-elektrofulugzeug-BAZL-UP-Umwelt-Perspektiven-768x432.png 768w, https:\/\/www.organisator.ch\/wp-content\/uploads\/2020\/08\/pipistrel-elektrofulugzeug-BAZL-UP-Umwelt-Perspektiven-1536x864.png 1536w, https:\/\/www.organisator.ch\/wp-content\/uploads\/2020\/08\/pipistrel-elektrofulugzeug-BAZL-UP-Umwelt-Perspektiven-18x10.png 18w, https:\/\/www.organisator.ch\/wp-content\/uploads\/2020\/08\/pipistrel-elektrofulugzeug-BAZL-UP-Umwelt-Perspektiven-311x175.png 311w, https:\/\/www.organisator.ch\/wp-content\/uploads\/2020\/08\/pipistrel-elektrofulugzeug-BAZL-UP-Umwelt-Perspektiven-622x350.png 622w, https:\/\/www.organisator.ch\/wp-content\/uploads\/2020\/08\/pipistrel-elektrofulugzeug-BAZL-UP-Umwelt-Perspektiven-1422x800.png 1422w, https:\/\/www.organisator.ch\/wp-content\/uploads\/2020\/08\/pipistrel-elektrofulugzeug-BAZL-UP-Umwelt-Perspektiven-920x518.png 920w, https:\/\/www.organisator.ch\/wp-content\/uploads\/2020\/08\/pipistrel-elektrofulugzeug-BAZL-UP-Umwelt-Perspektiven-1400x788.png 1400w, https:\/\/www.organisator.ch\/wp-content\/uploads\/2020\/08\/pipistrel-elektrofulugzeug-BAZL-UP-Umwelt-Perspektiven-300x169.png 300w, https:\/\/www.organisator.ch\/wp-content\/uploads\/2020\/08\/pipistrel-elektrofulugzeug-BAZL-UP-Umwelt-Perspektiven.png 1920w\" sizes=\"auto, (max-width: 680px) 100vw, 680px\" \/><figcaption id=\"caption-attachment-3240\" class=\"wp-caption-text\">L'avion \u00e9lectrique doit \u00eatre utilis\u00e9 dans l'aviation l\u00e9g\u00e8re, principalement pour la formation de base des pilotes - et marque ainsi un pas important vers une aviation plus respectueuse de l'environnement. Le projet Pipistrel Velis Electro a en outre permis d'acqu\u00e9rir des exp\u00e9riences et des connaissances importantes pour l'homologation d'avions \u00e0 faibles \u00e9missions et \u00e0 propulsion \u00e9cologique. (Image : admin.ch)<\/figcaption><\/figure>\n<p>Gr\u00e2ce \u00e0 l'avion \u00e0 moteur \u00e9lectrique stationn\u00e9 en Suisse, l'OFAC a pu, en collaboration avec les autorit\u00e9s a\u00e9ronautiques de France et de Slov\u00e9nie ainsi qu'avec le fabricant Pipistrel, acc\u00e9der aux donn\u00e9es importantes d'un programme d'essais en vol dans les conditions de vol de l'AESA. La certification a ainsi pu \u00eatre achev\u00e9e en moins de trois ans. Gr\u00e2ce \u00e0 ce projet, l'AESA et l'OFAC ont non seulement acquis un grand savoir-faire en mati\u00e8re d'avions \u00e9lectriques, mais ont \u00e9galement jet\u00e9 les bases de la certification d'avions \u00e0 faibles \u00e9missions et \u00e0 propulsion \u00e9cologique.<\/p>\n<p>Le climat et la population en profitent, car l'utilisation d'avions \u00e9lectriques r\u00e9duit consid\u00e9rablement les nuisances sonores dans l'aviation l\u00e9g\u00e8re.<\/p>\n<p><strong>Une technique convaincante<\/strong><\/p>\n<p>L'avion \u00e9lectrique Pipistrel Velis Electro appartient \u00e0 la cat\u00e9gorie d'avions Light Sport Aircraft (LSA) et dispose d'un moteur \u00e9lectrique E-811. Celui-ci d\u00e9veloppe 57,6 kilowatts (78 CV) au d\u00e9collage pour une dur\u00e9e maximale de 90 secondes, la puissance de croisi\u00e8re \u00e9tant limit\u00e9e \u00e0 49,2 kW (67 CV). Les deux batteries de propulsion, d'une tension nominale de 345 volts, ont chacune une capacit\u00e9 de 11 kilowattheures. Selon les indications du fabricant, une dur\u00e9e de vol de 50 minutes plus une r\u00e9serve de 10 minutes est possible. Le Pipistrel Velis Electro doit notamment \u00eatre utilis\u00e9 pour la formation de base des pilotes. Les titulaires d'une licence de pilote priv\u00e9 peuvent suivre une initiation pendant 5 vols.<\/p>\n<p><strong>Entre-temps, certifi\u00e9 par l'EASA\u00a0<\/strong><\/p>\n<p>Mi-mai 2020, l'AESA a approuv\u00e9 le moteur \u00e9lectrique, un peu plus tard l'avion et la semaine derni\u00e8re le vol inaugural. En effet, avant que le Pipistrel Velis Electro ne devienne le premier avion \u00e9lectrique au monde \u00e0 obtenir une certification de type, il a fallu d\u00e9finir et sp\u00e9cifier de A \u00e0 Z les conditions d'exploitation, de maintenance et de formation des pilotes et du personnel. Celles-ci ne figuraient pas dans le cadre de certification de l'AESA en vigueur jusqu'\u00e0 pr\u00e9sent. L'OFAC a jou\u00e9 un r\u00f4le de premier plan dans l'\u00e9laboration de ces nouvelles conditions de certification.<\/p>\n<p><a href=\"\/\/www.bazl.admin.ch\/bazl\/de\/home.html\">www.bazl.admin.ch<\/a><\/p>\n<p>&nbsp;<\/p>\n<p class=\"nsbtextkasten\">\u00a0<\/p>","protected":false},"excerpt":{"rendered":"<p>Dank des in der Schweiz stationierten Elektromotorflugzeugs konnte das BAZL zusammen mit den Luftfahrtbeh\u00f6rden von Frankreich und Slowenien sowie dem Hersteller Pipistrel auf wichtige Daten eines Testflugprogramms unter EASA-Flugkonditionen zur\u00fcckgreifen. Die Zertifizierung konnte so in weniger als drei Jahren abgeschlossen werden. Mit diesem Projekt haben die EASA und das BAZL nicht nur viel Know-how \u00fcber [&hellip;]<\/p>\n","protected":false},"author":5,"featured_media":3240,"comment_status":"closed","ping_status":"closed","sticky":false,"template":"","format":"standard","meta":{"_acf_changed":false,"_yoast_wpseo_focuskw":"Elektromotorflugzeug","_yoast_wpseo_metadesc":"Das Pipistrel Velis Electro Elektroflugzeug bietet umweltfreundliche Pilotenausbildung und reduziert L\u00e4rmbelastung erheblich.","articlekey":"","footnotes":""},"categories":[580],"tags":[793,1009,1036,1914,613],"class_list":["post-10195","post","type-post","status-publish","format-standard","has-post-thumbnail","hentry","category-sustainability","tag-bazl","tag-easa","tag-elektrofulugzeug","tag-pipistrel-projekt","tag-zertifizierung"],"acf":[],"yoast_head":"<!-- This site is optimized with the Yoast SEO plugin v27.5 - https:\/\/yoast.com\/product\/yoast-seo-wordpress\/ -->\n<title>Erstes Elektromotorflugzeug hebt dank BAZL-Unterst\u00fctzung ab - Organisator<\/title>\n<meta name=\"description\" content=\"Das Pipistrel Velis Electro Elektroflugzeug bietet umweltfreundliche Pilotenausbildung und reduziert L\u00e4rmbelastung erheblich.\" \/>\n<meta name=\"robots\" content=\"index, follow, max-snippet:-1, max-image-preview:large, max-video-preview:-1\" \/>\n<link rel=\"canonical\" href=\"https:\/\/www.organisator.ch\/fr\/sustainability\/2020-08-05\/erstes-elektromotorflugzeug-hebt-dank-bazl-unterstuetzung-ab\/\" \/>\n<meta property=\"og:locale\" content=\"fr_FR\" \/>\n<meta property=\"og:type\" content=\"article\" \/>\n<meta property=\"og:title\" content=\"Erstes Elektromotorflugzeug hebt dank BAZL-Unterst\u00fctzung ab - Organisator\" \/>\n<meta property=\"og:description\" content=\"Das Pipistrel Velis Electro Elektroflugzeug bietet umweltfreundliche Pilotenausbildung und reduziert L\u00e4rmbelastung erheblich.\" \/>\n<meta property=\"og:url\" content=\"https:\/\/www.organisator.ch\/fr\/sustainability\/2020-08-05\/erstes-elektromotorflugzeug-hebt-dank-bazl-unterstuetzung-ab\/\" \/>\n<meta property=\"og:site_name\" content=\"Organisator\" \/>\n<meta property=\"article:publisher\" content=\"https:\/\/www.facebook.com\/OrganisatorFachmagazin\" \/>\n<meta property=\"article:published_time\" content=\"2020-08-05T08:15:21+00:00\" \/>\n<meta property=\"article:modified_time\" content=\"2024-11-07T04:30:37+00:00\" \/>\n<meta property=\"og:image\" content=\"https:\/\/www.organisator.ch\/wp-content\/uploads\/2020\/08\/pipistrel-elektrofulugzeug-BAZL-UP-Umwelt-Perspektiven.png\" \/>\n\t<meta property=\"og:image:width\" content=\"1920\" \/>\n\t<meta property=\"og:image:height\" content=\"1080\" \/>\n\t<meta property=\"og:image:type\" content=\"image\/png\" \/>\n<meta name=\"author\" content=\"michael.merz\" \/>\n<meta name=\"twitter:card\" content=\"summary_large_image\" \/>\n<script type=\"application\/ld+json\" class=\"yoast-schema-graph\">{\"@context\":\"https:\\\/\\\/schema.org\",\"@graph\":[{\"@type\":\"Article\",\"@id\":\"https:\\\/\\\/www.organisator.ch\\\/sustainability\\\/2020-08-05\\\/erstes-elektromotorflugzeug-hebt-dank-bazl-unterstuetzung-ab\\\/#article\",\"isPartOf\":{\"@id\":\"https:\\\/\\\/www.organisator.ch\\\/sustainability\\\/2020-08-05\\\/erstes-elektromotorflugzeug-hebt-dank-bazl-unterstuetzung-ab\\\/\"},\"author\":{\"name\":\"michael.merz\",\"@id\":\"https:\\\/\\\/www.organisator.ch\\\/#\\\/schema\\\/person\\\/134708ca9321c57b0362cceb7948ffbd\"},\"headline\":\"Erstes Elektromotorflugzeug hebt dank BAZL-Unterst\u00fctzung ab\",\"datePublished\":\"2020-08-05T08:15:21+00:00\",\"dateModified\":\"2024-11-07T04:30:37+00:00\",\"mainEntityOfPage\":{\"@id\":\"https:\\\/\\\/www.organisator.ch\\\/sustainability\\\/2020-08-05\\\/erstes-elektromotorflugzeug-hebt-dank-bazl-unterstuetzung-ab\\\/\"},\"wordCount\":342,\"publisher\":{\"@id\":\"https:\\\/\\\/www.organisator.ch\\\/#organization\"},\"image\":{\"@id\":\"https:\\\/\\\/www.organisator.ch\\\/sustainability\\\/2020-08-05\\\/erstes-elektromotorflugzeug-hebt-dank-bazl-unterstuetzung-ab\\\/#primaryimage\"},\"thumbnailUrl\":\"https:\\\/\\\/www.organisator.ch\\\/wp-content\\\/uploads\\\/2020\\\/08\\\/pipistrel-elektrofulugzeug-BAZL-UP-Umwelt-Perspektiven.png\",\"keywords\":[\"BAZL\",\"EASA\",\"Elektrofulugzeug\",\"Pipistrel Projekt\",\"Zertifizierung\"],\"articleSection\":[\"SUSTAINABILITY\"],\"inLanguage\":\"fr-FR\"},{\"@type\":\"WebPage\",\"@id\":\"https:\\\/\\\/www.organisator.ch\\\/sustainability\\\/2020-08-05\\\/erstes-elektromotorflugzeug-hebt-dank-bazl-unterstuetzung-ab\\\/\",\"url\":\"https:\\\/\\\/www.organisator.ch\\\/sustainability\\\/2020-08-05\\\/erstes-elektromotorflugzeug-hebt-dank-bazl-unterstuetzung-ab\\\/\",\"name\":\"Erstes Elektromotorflugzeug hebt dank BAZL-Unterst\u00fctzung ab - Organisator\",\"isPartOf\":{\"@id\":\"https:\\\/\\\/www.organisator.ch\\\/#website\"},\"primaryImageOfPage\":{\"@id\":\"https:\\\/\\\/www.organisator.ch\\\/sustainability\\\/2020-08-05\\\/erstes-elektromotorflugzeug-hebt-dank-bazl-unterstuetzung-ab\\\/#primaryimage\"},\"image\":{\"@id\":\"https:\\\/\\\/www.organisator.ch\\\/sustainability\\\/2020-08-05\\\/erstes-elektromotorflugzeug-hebt-dank-bazl-unterstuetzung-ab\\\/#primaryimage\"},\"thumbnailUrl\":\"https:\\\/\\\/www.organisator.ch\\\/wp-content\\\/uploads\\\/2020\\\/08\\\/pipistrel-elektrofulugzeug-BAZL-UP-Umwelt-Perspektiven.png\",\"datePublished\":\"2020-08-05T08:15:21+00:00\",\"dateModified\":\"2024-11-07T04:30:37+00:00\",\"description\":\"Das Pipistrel Velis Electro Elektroflugzeug bietet umweltfreundliche Pilotenausbildung und reduziert L\u00e4rmbelastung erheblich.\",\"breadcrumb\":{\"@id\":\"https:\\\/\\\/www.organisator.ch\\\/sustainability\\\/2020-08-05\\\/erstes-elektromotorflugzeug-hebt-dank-bazl-unterstuetzung-ab\\\/#breadcrumb\"},\"inLanguage\":\"fr-FR\",\"potentialAction\":[{\"@type\":\"ReadAction\",\"target\":[\"https:\\\/\\\/www.organisator.ch\\\/sustainability\\\/2020-08-05\\\/erstes-elektromotorflugzeug-hebt-dank-bazl-unterstuetzung-ab\\\/\"]}]},{\"@type\":\"ImageObject\",\"inLanguage\":\"fr-FR\",\"@id\":\"https:\\\/\\\/www.organisator.ch\\\/sustainability\\\/2020-08-05\\\/erstes-elektromotorflugzeug-hebt-dank-bazl-unterstuetzung-ab\\\/#primaryimage\",\"url\":\"https:\\\/\\\/www.organisator.ch\\\/wp-content\\\/uploads\\\/2020\\\/08\\\/pipistrel-elektrofulugzeug-BAZL-UP-Umwelt-Perspektiven.png\",\"contentUrl\":\"https:\\\/\\\/www.organisator.ch\\\/wp-content\\\/uploads\\\/2020\\\/08\\\/pipistrel-elektrofulugzeug-BAZL-UP-Umwelt-Perspektiven.png\",\"width\":1920,\"height\":1080,\"caption\":\"Das Elektroflugzeug soll in der Leichtaviatik vorwiegend zur Grundausbildung von Piloten eingesetzt werden \u2013 und markiert so einen wichtigen Schritt hin zu einer umweltfreundlicheren Luftfahrt. Mit dem Projekt Pipistrel Velis Electro konnten zudem wichtige Erfahrungen und Erkenntnisse f\u00fcr die Zulassung emissionsarmer Flugzeuge mit umweltfreundlichem Antrieb gewonnen werden. (Bild: admin.ch)\"},{\"@type\":\"BreadcrumbList\",\"@id\":\"https:\\\/\\\/www.organisator.ch\\\/sustainability\\\/2020-08-05\\\/erstes-elektromotorflugzeug-hebt-dank-bazl-unterstuetzung-ab\\\/#breadcrumb\",\"itemListElement\":[{\"@type\":\"ListItem\",\"position\":1,\"name\":\"Home\",\"item\":\"https:\\\/\\\/www.organisator.ch\\\/\"},{\"@type\":\"ListItem\",\"position\":2,\"name\":\"Erstes Elektromotorflugzeug hebt dank BAZL-Unterst\u00fctzung ab\"}]},{\"@type\":\"WebSite\",\"@id\":\"https:\\\/\\\/www.organisator.ch\\\/#website\",\"url\":\"https:\\\/\\\/www.organisator.ch\\\/\",\"name\":\"Organisator\",\"description\":\"Kompetent. Praxisnah. Der ORGANISATOR bereitet in 10 Ausgaben pro Jahr die wesentlichen Themen f\u00fcr F\u00fchrungskr\u00e4fte von KMU auf.\",\"publisher\":{\"@id\":\"https:\\\/\\\/www.organisator.ch\\\/#organization\"},\"potentialAction\":[{\"@type\":\"SearchAction\",\"target\":{\"@type\":\"EntryPoint\",\"urlTemplate\":\"https:\\\/\\\/www.organisator.ch\\\/?s={search_term_string}\"},\"query-input\":{\"@type\":\"PropertyValueSpecification\",\"valueRequired\":true,\"valueName\":\"search_term_string\"}}],\"inLanguage\":\"fr-FR\"},{\"@type\":\"Organization\",\"@id\":\"https:\\\/\\\/www.organisator.ch\\\/#organization\",\"name\":\"Organisator\",\"url\":\"https:\\\/\\\/www.organisator.ch\\\/\",\"logo\":{\"@type\":\"ImageObject\",\"inLanguage\":\"fr-FR\",\"@id\":\"https:\\\/\\\/www.organisator.ch\\\/#\\\/schema\\\/logo\\\/image\\\/\",\"url\":\"https:\\\/\\\/www.organisator.ch\\\/wp-content\\\/uploads\\\/2022\\\/01\\\/Logo_Organisator_Website.png\",\"contentUrl\":\"https:\\\/\\\/www.organisator.ch\\\/wp-content\\\/uploads\\\/2022\\\/01\\\/Logo_Organisator_Website.png\",\"width\":800,\"height\":77,\"caption\":\"Organisator\"},\"image\":{\"@id\":\"https:\\\/\\\/www.organisator.ch\\\/#\\\/schema\\\/logo\\\/image\\\/\"},\"sameAs\":[\"https:\\\/\\\/www.facebook.com\\\/OrganisatorFachmagazin\",\"https:\\\/\\\/www.linkedin.com\\\/showcase\\\/organisator-das-magazin-fr-kmu\",\"https:\\\/\\\/www.xing.com\\\/news\\\/pages\\\/organisator-ch-695\",\"https:\\\/\\\/www.youtube.com\\\/channel\\\/UCGP2Sq0iWaZwT3BdIAQFYpw\"]},{\"@type\":\"Person\",\"@id\":\"https:\\\/\\\/www.organisator.ch\\\/#\\\/schema\\\/person\\\/134708ca9321c57b0362cceb7948ffbd\",\"name\":\"michael.merz\",\"image\":{\"@type\":\"ImageObject\",\"inLanguage\":\"fr-FR\",\"@id\":\"https:\\\/\\\/secure.gravatar.com\\\/avatar\\\/?s=96&d=mm&r=g\",\"url\":\"https:\\\/\\\/secure.gravatar.com\\\/avatar\\\/?s=96&d=mm&r=g\",\"contentUrl\":\"https:\\\/\\\/secure.gravatar.com\\\/avatar\\\/?s=96&d=mm&r=g\",\"caption\":\"michael.merz\"},\"url\":\"https:\\\/\\\/www.organisator.ch\\\/fr\\\/author\\\/michael-merz\\\/\"}]}<\/script>\n<!-- \/ Yoast SEO plugin. -->","yoast_head_json":{"title":"Le premier avion \u00e0 moteur \u00e9lectrique d\u00e9colle gr\u00e2ce au soutien de l'OFAC - Organisateur","description":"L'avion \u00e9lectrique Pipistrel Velis Electro offre une formation au pilotage respectueuse de l'environnement et r\u00e9duit consid\u00e9rablement les nuisances sonores.","robots":{"index":"index","follow":"follow","max-snippet":"max-snippet:-1","max-image-preview":"max-image-preview:large","max-video-preview":"max-video-preview:-1"},"canonical":"https:\/\/www.organisator.ch\/fr\/sustainability\/2020-08-05\/erstes-elektromotorflugzeug-hebt-dank-bazl-unterstuetzung-ab\/","og_locale":"fr_FR","og_type":"article","og_title":"Erstes Elektromotorflugzeug hebt dank BAZL-Unterst\u00fctzung ab - Organisator","og_description":"Das Pipistrel Velis Electro Elektroflugzeug bietet umweltfreundliche Pilotenausbildung und reduziert L\u00e4rmbelastung erheblich.","og_url":"https:\/\/www.organisator.ch\/fr\/sustainability\/2020-08-05\/erstes-elektromotorflugzeug-hebt-dank-bazl-unterstuetzung-ab\/","og_site_name":"Organisator","article_publisher":"https:\/\/www.facebook.com\/OrganisatorFachmagazin","article_published_time":"2020-08-05T08:15:21+00:00","article_modified_time":"2024-11-07T04:30:37+00:00","og_image":[{"width":1920,"height":1080,"url":"https:\/\/www.organisator.ch\/wp-content\/uploads\/2020\/08\/pipistrel-elektrofulugzeug-BAZL-UP-Umwelt-Perspektiven.png","type":"image\/png"}],"author":"michael.merz","twitter_card":"summary_large_image","schema":{"@context":"https:\/\/schema.org","@graph":[{"@type":"Article","@id":"https:\/\/www.organisator.ch\/sustainability\/2020-08-05\/erstes-elektromotorflugzeug-hebt-dank-bazl-unterstuetzung-ab\/#article","isPartOf":{"@id":"https:\/\/www.organisator.ch\/sustainability\/2020-08-05\/erstes-elektromotorflugzeug-hebt-dank-bazl-unterstuetzung-ab\/"},"author":{"name":"michael.merz","@id":"https:\/\/www.organisator.ch\/#\/schema\/person\/134708ca9321c57b0362cceb7948ffbd"},"headline":"Erstes Elektromotorflugzeug hebt dank BAZL-Unterst\u00fctzung ab","datePublished":"2020-08-05T08:15:21+00:00","dateModified":"2024-11-07T04:30:37+00:00","mainEntityOfPage":{"@id":"https:\/\/www.organisator.ch\/sustainability\/2020-08-05\/erstes-elektromotorflugzeug-hebt-dank-bazl-unterstuetzung-ab\/"},"wordCount":342,"publisher":{"@id":"https:\/\/www.organisator.ch\/#organization"},"image":{"@id":"https:\/\/www.organisator.ch\/sustainability\/2020-08-05\/erstes-elektromotorflugzeug-hebt-dank-bazl-unterstuetzung-ab\/#primaryimage"},"thumbnailUrl":"https:\/\/www.organisator.ch\/wp-content\/uploads\/2020\/08\/pipistrel-elektrofulugzeug-BAZL-UP-Umwelt-Perspektiven.png","keywords":["BAZL","EASA","Elektrofulugzeug","Pipistrel Projekt","Zertifizierung"],"articleSection":["SUSTAINABILITY"],"inLanguage":"fr-FR"},{"@type":"WebPage","@id":"https:\/\/www.organisator.ch\/sustainability\/2020-08-05\/erstes-elektromotorflugzeug-hebt-dank-bazl-unterstuetzung-ab\/","url":"https:\/\/www.organisator.ch\/sustainability\/2020-08-05\/erstes-elektromotorflugzeug-hebt-dank-bazl-unterstuetzung-ab\/","name":"Le premier avion \u00e0 moteur \u00e9lectrique d\u00e9colle gr\u00e2ce au soutien de l'OFAC - Organisateur","isPartOf":{"@id":"https:\/\/www.organisator.ch\/#website"},"primaryImageOfPage":{"@id":"https:\/\/www.organisator.ch\/sustainability\/2020-08-05\/erstes-elektromotorflugzeug-hebt-dank-bazl-unterstuetzung-ab\/#primaryimage"},"image":{"@id":"https:\/\/www.organisator.ch\/sustainability\/2020-08-05\/erstes-elektromotorflugzeug-hebt-dank-bazl-unterstuetzung-ab\/#primaryimage"},"thumbnailUrl":"https:\/\/www.organisator.ch\/wp-content\/uploads\/2020\/08\/pipistrel-elektrofulugzeug-BAZL-UP-Umwelt-Perspektiven.png","datePublished":"2020-08-05T08:15:21+00:00","dateModified":"2024-11-07T04:30:37+00:00","description":"L'avion \u00e9lectrique Pipistrel Velis Electro offre une formation au pilotage respectueuse de l'environnement et r\u00e9duit consid\u00e9rablement les nuisances sonores.","breadcrumb":{"@id":"https:\/\/www.organisator.ch\/sustainability\/2020-08-05\/erstes-elektromotorflugzeug-hebt-dank-bazl-unterstuetzung-ab\/#breadcrumb"},"inLanguage":"fr-FR","potentialAction":[{"@type":"ReadAction","target":["https:\/\/www.organisator.ch\/sustainability\/2020-08-05\/erstes-elektromotorflugzeug-hebt-dank-bazl-unterstuetzung-ab\/"]}]},{"@type":"ImageObject","inLanguage":"fr-FR","@id":"https:\/\/www.organisator.ch\/sustainability\/2020-08-05\/erstes-elektromotorflugzeug-hebt-dank-bazl-unterstuetzung-ab\/#primaryimage","url":"https:\/\/www.organisator.ch\/wp-content\/uploads\/2020\/08\/pipistrel-elektrofulugzeug-BAZL-UP-Umwelt-Perspektiven.png","contentUrl":"https:\/\/www.organisator.ch\/wp-content\/uploads\/2020\/08\/pipistrel-elektrofulugzeug-BAZL-UP-Umwelt-Perspektiven.png","width":1920,"height":1080,"caption":"Das Elektroflugzeug soll in der Leichtaviatik vorwiegend zur Grundausbildung von Piloten eingesetzt werden \u2013 und markiert so einen wichtigen Schritt hin zu einer umweltfreundlicheren Luftfahrt. Mit dem Projekt Pipistrel Velis Electro konnten zudem wichtige Erfahrungen und Erkenntnisse f\u00fcr die Zulassung emissionsarmer Flugzeuge mit umweltfreundlichem Antrieb gewonnen werden. (Bild: admin.ch)"},{"@type":"BreadcrumbList","@id":"https:\/\/www.organisator.ch\/sustainability\/2020-08-05\/erstes-elektromotorflugzeug-hebt-dank-bazl-unterstuetzung-ab\/#breadcrumb","itemListElement":[{"@type":"ListItem","position":1,"name":"Home","item":"https:\/\/www.organisator.ch\/"},{"@type":"ListItem","position":2,"name":"Erstes Elektromotorflugzeug hebt dank BAZL-Unterst\u00fctzung ab"}]},{"@type":"WebSite","@id":"https:\/\/www.organisator.ch\/#website","url":"https:\/\/www.organisator.ch\/","name":"Organisateur","description":"Comp\u00e9tence et comp\u00e9tence. Proches de la pratique. L'ORGANISATEUR pr\u00e9pare 10 num\u00e9ros par an sur les th\u00e8mes essentiels pour les dirigeants de PME.","publisher":{"@id":"https:\/\/www.organisator.ch\/#organization"},"potentialAction":[{"@type":"SearchAction","target":{"@type":"EntryPoint","urlTemplate":"https:\/\/www.organisator.ch\/?s={search_term_string}"},"query-input":{"@type":"PropertyValueSpecification","valueRequired":true,"valueName":"search_term_string"}}],"inLanguage":"fr-FR"},{"@type":"Organization","@id":"https:\/\/www.organisator.ch\/#organization","name":"Organisateur","url":"https:\/\/www.organisator.ch\/","logo":{"@type":"ImageObject","inLanguage":"fr-FR","@id":"https:\/\/www.organisator.ch\/#\/schema\/logo\/image\/","url":"https:\/\/www.organisator.ch\/wp-content\/uploads\/2022\/01\/Logo_Organisator_Website.png","contentUrl":"https:\/\/www.organisator.ch\/wp-content\/uploads\/2022\/01\/Logo_Organisator_Website.png","width":800,"height":77,"caption":"Organisator"},"image":{"@id":"https:\/\/www.organisator.ch\/#\/schema\/logo\/image\/"},"sameAs":["https:\/\/www.facebook.com\/OrganisatorFachmagazin","https:\/\/www.linkedin.com\/showcase\/organisator-das-magazin-fr-kmu","https:\/\/www.xing.com\/news\/pages\/organisator-ch-695","https:\/\/www.youtube.com\/channel\/UCGP2Sq0iWaZwT3BdIAQFYpw"]},{"@type":"Person","@id":"https:\/\/www.organisator.ch\/#\/schema\/person\/134708ca9321c57b0362cceb7948ffbd","name":"michael.merz","image":{"@type":"ImageObject","inLanguage":"fr-FR","@id":"https:\/\/secure.gravatar.com\/avatar\/?s=96&d=mm&r=g","url":"https:\/\/secure.gravatar.com\/avatar\/?s=96&d=mm&r=g","contentUrl":"https:\/\/secure.gravatar.com\/avatar\/?s=96&d=mm&r=g","caption":"michael.merz"},"url":"https:\/\/www.organisator.ch\/fr\/author\/michael-merz\/"}]}},"_links":{"self":[{"href":"https:\/\/www.organisator.ch\/fr\/wp-json\/wp\/v2\/posts\/10195","targetHints":{"allow":["GET"]}}],"collection":[{"href":"https:\/\/www.organisator.ch\/fr\/wp-json\/wp\/v2\/posts"}],"about":[{"href":"https:\/\/www.organisator.ch\/fr\/wp-json\/wp\/v2\/types\/post"}],"author":[{"embeddable":true,"href":"https:\/\/www.organisator.ch\/fr\/wp-json\/wp\/v2\/users\/5"}],"replies":[{"embeddable":true,"href":"https:\/\/www.organisator.ch\/fr\/wp-json\/wp\/v2\/comments?post=10195"}],"version-history":[{"count":3,"href":"https:\/\/www.organisator.ch\/fr\/wp-json\/wp\/v2\/posts\/10195\/revisions"}],"predecessor-version":[{"id":31607,"href":"https:\/\/www.organisator.ch\/fr\/wp-json\/wp\/v2\/posts\/10195\/revisions\/31607"}],"wp:featuredmedia":[{"embeddable":true,"href":"https:\/\/www.organisator.ch\/fr\/wp-json\/wp\/v2\/media\/3240"}],"wp:attachment":[{"href":"https:\/\/www.organisator.ch\/fr\/wp-json\/wp\/v2\/media?parent=10195"}],"wp:term":[{"taxonomy":"category","embeddable":true,"href":"https:\/\/www.organisator.ch\/fr\/wp-json\/wp\/v2\/categories?post=10195"},{"taxonomy":"post_tag","embeddable":true,"href":"https:\/\/www.organisator.ch\/fr\/wp-json\/wp\/v2\/tags?post=10195"}],"curies":[{"name":"wp","href":"https:\/\/api.w.org\/{rel}","templated":true}]}}