{"id":10197,"date":"2020-08-13T13:55:00","date_gmt":"2020-08-13T11:55:00","guid":{"rendered":"https:\/\/www.umweltperspektiven.ch\/?p=3270"},"modified":"2022-02-09T11:09:56","modified_gmt":"2022-02-09T10:09:56","slug":"wieso-der-neue-tatort-gruen-werden-soll","status":"publish","type":"post","link":"https:\/\/www.organisator.ch\/fr\/sustainability\/2020-08-13\/wieso-der-neue-tatort-gruen-werden-soll\/","title":{"rendered":"Pourquoi la nouvelle sc\u00e8ne de crime doit \u00eatre verte"},"content":{"rendered":"<figure id=\"attachment_3271\" aria-describedby=\"caption-attachment-3271\" style=\"width: 680px\" class=\"wp-caption alignnone\"><img loading=\"lazy\" decoding=\"async\" class=\"size-medium wp-image-3271\" src=\"\/\/www.umweltperspektiven.ch\/wp-content\/uploads\/2020\/08\/tatort_outdoor.jpg\" alt=\"\" width=\"680\" height=\"453\" srcset=\"https:\/\/www.organisator.ch\/wp-content\/uploads\/2020\/08\/tatort_outdoor.jpg 2303w, https:\/\/www.organisator.ch\/wp-content\/uploads\/2020\/08\/tatort_outdoor-680x453.jpg 680w, https:\/\/www.organisator.ch\/wp-content\/uploads\/2020\/08\/tatort_outdoor-1024x683.jpg 1024w, https:\/\/www.organisator.ch\/wp-content\/uploads\/2020\/08\/tatort_outdoor-768x512.jpg 768w, https:\/\/www.organisator.ch\/wp-content\/uploads\/2020\/08\/tatort_outdoor-1536x1024.jpg 1536w, https:\/\/www.organisator.ch\/wp-content\/uploads\/2020\/08\/tatort_outdoor-2048x1365.jpg 2048w, https:\/\/www.organisator.ch\/wp-content\/uploads\/2020\/08\/tatort_outdoor-18x12.jpg 18w, https:\/\/www.organisator.ch\/wp-content\/uploads\/2020\/08\/tatort_outdoor-263x175.jpg 263w, https:\/\/www.organisator.ch\/wp-content\/uploads\/2020\/08\/tatort_outdoor-525x350.jpg 525w, https:\/\/www.organisator.ch\/wp-content\/uploads\/2020\/08\/tatort_outdoor-1200x800.jpg 1200w, https:\/\/www.organisator.ch\/wp-content\/uploads\/2020\/08\/tatort_outdoor-920x613.jpg 920w, https:\/\/www.organisator.ch\/wp-content\/uploads\/2020\/08\/tatort_outdoor-1400x933.jpg 1400w, https:\/\/www.organisator.ch\/wp-content\/uploads\/2020\/08\/tatort_outdoor-300x200.jpg 300w\" sizes=\"auto, (max-width: 680px) 100vw, 680px\" \/><figcaption id=\"caption-attachment-3271\" class=\"wp-caption-text\">Tournage de la sc\u00e8ne de crime avec la r\u00e9alisatrice Viviane Andereggen (\u00e0 gauche) et Anna Pieri-Zuercher (2e \u00e0 partir de la gauche) \u00e0 Zurich. (Copyright : SRF\/Sava Hlavacek)<\/figcaption><\/figure>\n<p>Ville bancaire, m\u00e9tropole de la sc\u00e8ne, de la culture et des m\u00e9dias... Zurich sera la ville du crime. Plus pr\u00e9cis\u00e9ment le 18 octobre (SRF, 20h05). Selon la t\u00e9l\u00e9vision suisse, la ville rejoindra alors le cercle des villes germanophones o\u00f9 se d\u00e9roulent les polars du dimanche. SRF s'est fix\u00e9 pour objectif d'\u00e9laborer une strat\u00e9gie de durabilit\u00e9 syst\u00e9matique et \u00e0 long terme pour ses productions de films et de s\u00e9ries. Celle-ci doit permettre de r\u00e9duire \u00e0 l'avenir l'empreinte carbone des productions propres mais aussi de l'ensemble de la branche. La nouvelle sc\u00e8ne de crime de Zurich, qui a \u00e9t\u00e9 choisie comme projet pilote, marque le d\u00e9but de cette d\u00e9marche.<\/p>\n<p>SRF b\u00e9n\u00e9ficie du soutien de la fondation suisse pour la protection du climat myclimate, qui a \u00e9labor\u00e9 une liste de mesures \u00e9cologiques de durabilit\u00e9, pour la collecte concr\u00e8te des donn\u00e9es sur les \u00e9missions de CO2. Pour la mise en \u0153uvre, la soci\u00e9t\u00e9 de production Zodiac Pictures AG participe activement au projet.<\/p>\n<p><strong>Green Filming en Suisse\u00a0<\/strong><\/p>\n<p>La nouvelle sc\u00e8ne de crime a \u00e9galement n\u00e9cessit\u00e9 une consommation d'\u00e9nergie importante. La production d'une heure de programme t\u00e9l\u00e9vis\u00e9 g\u00e9n\u00e8re en moyenne 13,5 tonnes de CO2 - c'est ce que montre une \u00e9tude de l'acad\u00e9mie britannique du cin\u00e9ma BAFTA. Rien que dans la ville de Londres, la production audiovisuelle produit chaque ann\u00e9e pr\u00e8s de 125 000 tonnes de CO2, ce qui correspond aux \u00e9missions d'un peu plus de 24 000 foyers.  En collaboration avec la fondation suisse pour la protection du climat myclimate, Zodiac Pictures AG a identifi\u00e9 des moyens d'aborder la sc\u00e8ne de crime de Zurich de mani\u00e8re plus respectueuse du climat.<\/p>\n<p>Bettina Kahlert de l'\u00e9quipe myclimate Leader Efficiency Consulting a ainsi tout d'abord \u00e9valu\u00e9 des valeurs indicatives sur la quantit\u00e9 d'\u00e9nergie consomm\u00e9e lors d'un tournage en pr\u00e9- et post-production, et finalement sur place. Ainsi, 32 tonnes d'\u00e9quivalents CO2 ont \u00e9t\u00e9 d\u00e9pens\u00e9es pour l'\u00e9lectricit\u00e9 et l'\u00e9clairage lors du tournage \u00e0 Zurich en novembre 2019, la plus grande partie \u00e9tant utilis\u00e9e dans le domaine de la mobilit\u00e9 (par ex. transport de personnes et de mat\u00e9riel).<\/p>\n<p>Pour le tournage de la sc\u00e8ne de crime de Lucerne, 15 tonnes d'\u00e9missions de CO2 sur un total de 38 \u00e9taient encore comptabilis\u00e9es pour les nuit\u00e9es d'h\u00f4tel. Pour la sc\u00e8ne de crime de Zurich, il ne s'agissait plus que de cinq tonnes, \"parce que la plupart des membres de l'\u00e9quipe vivent \u00e0 Zurich et que nous avons utilis\u00e9 des possibilit\u00e9s d'h\u00e9bergement plus respectueuses du climat\", explique Jessica Hefti de Zodiac Pictures en pr\u00e9sentant les premi\u00e8res valeurs de comparaison.<\/p>\n<p>Jessica Hefti, productrice TV \u00e0 Zurich : \"La sc\u00e8ne du crime de Zurich a r\u00e9uni 38 nouveaux acteurs*, dont certains travaillaient pour la premi\u00e8re fois en respectant le climat, ils ont tous adh\u00e9r\u00e9 avec enthousiasme\".<\/p>\n<p><a href=\"\/\/www.umweltperspektiven.ch\/abo-bestellung\/\">Vous trouverez plus d'informations sur la nouvelle sc\u00e8ne de crime de Zurich et les enqu\u00eates de myclimate Suisse dans les PERSPECTIVES ENVIRONNEMENTALES (2020_03).\u00a0<\/a><\/p>\n<p>&nbsp;<\/p>\n<p><strong><em>La fondation suisse Focal, dont l'objectif est de \"d\u00e9velopper et promouvoir les comp\u00e9tences cr\u00e9atives, techniques et entrepreneuriales des professionnels du cin\u00e9ma, de l'audiovisuel et des nouveaux m\u00e9dias\", a mis en place un vaste programme de formation.\u00a0<\/em><a href=\"\/\/focal.ch\/sites\/default\/files\/inline-files\/Best_Practice_Guide_English.pdf\"><em>Manuel<\/em><\/a><em>\u00a0Plus de d\u00e9tails sur le th\u00e8me \"Green Filmmaking\" sous : <\/em><\/strong><\/p>\n<p><a href=\"\/\/www.focal.ch\"><em>\u00a0focal.ch<\/em><\/a><\/p>\n<p>&nbsp;<\/p>","protected":false},"excerpt":{"rendered":"<p>Bankenstadt, Szene-, Kultur- und Medienmetropole&#8230; Z\u00fcrich wird Tatort-Stadt. Genauer gesagt am 18. Oktober (SRF, 20.05 Uhr). Dann kommt die Stadt nach Angaben des Schweizer Fernsehens in den Kreis der deutschsprachigen Sonntagskrimist\u00e4dte.\u00a0SRF hat sich zum Ziel gesetzt, f\u00fcr seine Film- und Serienproduktionen eine systematische und langfristige Nachhaltigkeitsstrategie auszuarbeiten. Diese soll zuk\u00fcnftig den CO2-Fussabdruck von Eigenproduktionen aber [&hellip;]<\/p>\n","protected":false},"author":5,"featured_media":3271,"comment_status":"closed","ping_status":"closed","sticky":false,"template":"","format":"standard","meta":{"_acf_changed":false,"_yoast_wpseo_focuskw":"Tatort","_yoast_wpseo_metadesc":"Mit dem neuen Tatort aus Z\u00fcrich m\u00f6chte SRF vorangehen. Das Schweizer Fernsehen SRF will neuerdings eigene Film- und Serienformate nachhaltiger produzieren.","articlekey":"","footnotes":""},"categories":[580],"tags":[1316,1505,1522,1749,424,2077,2173,2285,542],"class_list":["post-10197","post","type-post","status-publish","format-standard","has-post-thumbnail","hentry","category-sustainability","tag-green-filming","tag-klima-modellierung","tag-klimaschonend","tag-myclimate","tag-schweiz","tag-schweizer-fernsehen","tag-srf","tag-tatort","tag-zuerich"],"acf":[],"yoast_head":"<!-- This site is optimized with the Yoast SEO plugin v27.4 - https:\/\/yoast.com\/product\/yoast-seo-wordpress\/ -->\n<title>Wieso der neue Tatort gr\u00fcn werden soll - Organisator<\/title>\n<meta name=\"description\" content=\"Mit dem neuen Tatort aus Z\u00fcrich m\u00f6chte SRF vorangehen. Das Schweizer Fernsehen SRF will neuerdings eigene Film- und Serienformate nachhaltiger produzieren.\" \/>\n<meta name=\"robots\" content=\"index, follow, max-snippet:-1, max-image-preview:large, max-video-preview:-1\" \/>\n<link rel=\"canonical\" href=\"https:\/\/www.organisator.ch\/fr\/sustainability\/2020-08-13\/wieso-der-neue-tatort-gruen-werden-soll\/\" \/>\n<meta property=\"og:locale\" content=\"fr_FR\" \/>\n<meta property=\"og:type\" content=\"article\" \/>\n<meta property=\"og:title\" content=\"Wieso der neue Tatort gr\u00fcn werden soll - Organisator\" \/>\n<meta property=\"og:description\" content=\"Mit dem neuen Tatort aus Z\u00fcrich m\u00f6chte SRF vorangehen. Das Schweizer Fernsehen SRF will neuerdings eigene Film- und Serienformate nachhaltiger produzieren.\" \/>\n<meta property=\"og:url\" content=\"https:\/\/www.organisator.ch\/fr\/sustainability\/2020-08-13\/wieso-der-neue-tatort-gruen-werden-soll\/\" \/>\n<meta property=\"og:site_name\" content=\"Organisator\" \/>\n<meta property=\"article:publisher\" content=\"https:\/\/www.facebook.com\/OrganisatorFachmagazin\" \/>\n<meta property=\"article:published_time\" content=\"2020-08-13T11:55:00+00:00\" \/>\n<meta property=\"article:modified_time\" content=\"2022-02-09T10:09:56+00:00\" \/>\n<meta property=\"og:image\" content=\"https:\/\/www.organisator.ch\/wp-content\/uploads\/2020\/08\/tatort_outdoor-1024x683.jpg\" \/>\n\t<meta property=\"og:image:width\" content=\"1024\" \/>\n\t<meta property=\"og:image:height\" content=\"683\" \/>\n\t<meta property=\"og:image:type\" content=\"image\/jpeg\" \/>\n<meta name=\"author\" content=\"michael.merz\" \/>\n<meta name=\"twitter:card\" content=\"summary_large_image\" \/>\n<script type=\"application\/ld+json\" class=\"yoast-schema-graph\">{\"@context\":\"https:\\\/\\\/schema.org\",\"@graph\":[{\"@type\":\"Article\",\"@id\":\"https:\\\/\\\/www.organisator.ch\\\/sustainability\\\/2020-08-13\\\/wieso-der-neue-tatort-gruen-werden-soll\\\/#article\",\"isPartOf\":{\"@id\":\"https:\\\/\\\/www.organisator.ch\\\/sustainability\\\/2020-08-13\\\/wieso-der-neue-tatort-gruen-werden-soll\\\/\"},\"author\":{\"name\":\"michael.merz\",\"@id\":\"https:\\\/\\\/www.organisator.ch\\\/#\\\/schema\\\/person\\\/134708ca9321c57b0362cceb7948ffbd\"},\"headline\":\"Wieso der neue Tatort gr\u00fcn werden soll\",\"datePublished\":\"2020-08-13T11:55:00+00:00\",\"dateModified\":\"2022-02-09T10:09:56+00:00\",\"mainEntityOfPage\":{\"@id\":\"https:\\\/\\\/www.organisator.ch\\\/sustainability\\\/2020-08-13\\\/wieso-der-neue-tatort-gruen-werden-soll\\\/\"},\"wordCount\":451,\"publisher\":{\"@id\":\"https:\\\/\\\/www.organisator.ch\\\/#organization\"},\"image\":{\"@id\":\"https:\\\/\\\/www.organisator.ch\\\/sustainability\\\/2020-08-13\\\/wieso-der-neue-tatort-gruen-werden-soll\\\/#primaryimage\"},\"thumbnailUrl\":\"https:\\\/\\\/www.organisator.ch\\\/wp-content\\\/uploads\\\/2020\\\/08\\\/tatort_outdoor.jpg\",\"keywords\":[\"Green Filming\",\"Klima-Modellierung\",\"klimaschonend\",\"myclimate\",\"Schweiz\",\"Schweizer Fernsehen\",\"SRF\",\"Tatort\",\"Z\u00fcrich\"],\"articleSection\":[\"SUSTAINABILITY\"],\"inLanguage\":\"fr-FR\"},{\"@type\":\"WebPage\",\"@id\":\"https:\\\/\\\/www.organisator.ch\\\/sustainability\\\/2020-08-13\\\/wieso-der-neue-tatort-gruen-werden-soll\\\/\",\"url\":\"https:\\\/\\\/www.organisator.ch\\\/sustainability\\\/2020-08-13\\\/wieso-der-neue-tatort-gruen-werden-soll\\\/\",\"name\":\"Wieso der neue Tatort gr\u00fcn werden soll - Organisator\",\"isPartOf\":{\"@id\":\"https:\\\/\\\/www.organisator.ch\\\/#website\"},\"primaryImageOfPage\":{\"@id\":\"https:\\\/\\\/www.organisator.ch\\\/sustainability\\\/2020-08-13\\\/wieso-der-neue-tatort-gruen-werden-soll\\\/#primaryimage\"},\"image\":{\"@id\":\"https:\\\/\\\/www.organisator.ch\\\/sustainability\\\/2020-08-13\\\/wieso-der-neue-tatort-gruen-werden-soll\\\/#primaryimage\"},\"thumbnailUrl\":\"https:\\\/\\\/www.organisator.ch\\\/wp-content\\\/uploads\\\/2020\\\/08\\\/tatort_outdoor.jpg\",\"datePublished\":\"2020-08-13T11:55:00+00:00\",\"dateModified\":\"2022-02-09T10:09:56+00:00\",\"description\":\"Mit dem neuen Tatort aus Z\u00fcrich m\u00f6chte SRF vorangehen. Das Schweizer Fernsehen SRF will neuerdings eigene Film- und Serienformate nachhaltiger produzieren.\",\"breadcrumb\":{\"@id\":\"https:\\\/\\\/www.organisator.ch\\\/sustainability\\\/2020-08-13\\\/wieso-der-neue-tatort-gruen-werden-soll\\\/#breadcrumb\"},\"inLanguage\":\"fr-FR\",\"potentialAction\":[{\"@type\":\"ReadAction\",\"target\":[\"https:\\\/\\\/www.organisator.ch\\\/sustainability\\\/2020-08-13\\\/wieso-der-neue-tatort-gruen-werden-soll\\\/\"]}]},{\"@type\":\"ImageObject\",\"inLanguage\":\"fr-FR\",\"@id\":\"https:\\\/\\\/www.organisator.ch\\\/sustainability\\\/2020-08-13\\\/wieso-der-neue-tatort-gruen-werden-soll\\\/#primaryimage\",\"url\":\"https:\\\/\\\/www.organisator.ch\\\/wp-content\\\/uploads\\\/2020\\\/08\\\/tatort_outdoor.jpg\",\"contentUrl\":\"https:\\\/\\\/www.organisator.ch\\\/wp-content\\\/uploads\\\/2020\\\/08\\\/tatort_outdoor.jpg\",\"width\":2303,\"height\":1535,\"caption\":\"Tatort-Dreharbeiten mit Regisseurin Viviane Andereggen (l.) und Anna Pieri-Zuercher (2.v.l.) in Z\u00fcrich. (Copyright: SRF\\\/Sava Hlavacek)\"},{\"@type\":\"BreadcrumbList\",\"@id\":\"https:\\\/\\\/www.organisator.ch\\\/sustainability\\\/2020-08-13\\\/wieso-der-neue-tatort-gruen-werden-soll\\\/#breadcrumb\",\"itemListElement\":[{\"@type\":\"ListItem\",\"position\":1,\"name\":\"Home\",\"item\":\"https:\\\/\\\/www.organisator.ch\\\/\"},{\"@type\":\"ListItem\",\"position\":2,\"name\":\"Wieso der neue Tatort gr\u00fcn werden soll\"}]},{\"@type\":\"WebSite\",\"@id\":\"https:\\\/\\\/www.organisator.ch\\\/#website\",\"url\":\"https:\\\/\\\/www.organisator.ch\\\/\",\"name\":\"Organisator\",\"description\":\"Kompetent. Praxisnah. Der ORGANISATOR bereitet in 10 Ausgaben pro Jahr die wesentlichen Themen f\u00fcr F\u00fchrungskr\u00e4fte von KMU auf.\",\"publisher\":{\"@id\":\"https:\\\/\\\/www.organisator.ch\\\/#organization\"},\"potentialAction\":[{\"@type\":\"SearchAction\",\"target\":{\"@type\":\"EntryPoint\",\"urlTemplate\":\"https:\\\/\\\/www.organisator.ch\\\/?s={search_term_string}\"},\"query-input\":{\"@type\":\"PropertyValueSpecification\",\"valueRequired\":true,\"valueName\":\"search_term_string\"}}],\"inLanguage\":\"fr-FR\"},{\"@type\":\"Organization\",\"@id\":\"https:\\\/\\\/www.organisator.ch\\\/#organization\",\"name\":\"Organisator\",\"url\":\"https:\\\/\\\/www.organisator.ch\\\/\",\"logo\":{\"@type\":\"ImageObject\",\"inLanguage\":\"fr-FR\",\"@id\":\"https:\\\/\\\/www.organisator.ch\\\/#\\\/schema\\\/logo\\\/image\\\/\",\"url\":\"https:\\\/\\\/www.organisator.ch\\\/wp-content\\\/uploads\\\/2022\\\/01\\\/Logo_Organisator_Website.png\",\"contentUrl\":\"https:\\\/\\\/www.organisator.ch\\\/wp-content\\\/uploads\\\/2022\\\/01\\\/Logo_Organisator_Website.png\",\"width\":800,\"height\":77,\"caption\":\"Organisator\"},\"image\":{\"@id\":\"https:\\\/\\\/www.organisator.ch\\\/#\\\/schema\\\/logo\\\/image\\\/\"},\"sameAs\":[\"https:\\\/\\\/www.facebook.com\\\/OrganisatorFachmagazin\",\"https:\\\/\\\/www.linkedin.com\\\/showcase\\\/organisator-das-magazin-fr-kmu\",\"https:\\\/\\\/www.xing.com\\\/news\\\/pages\\\/organisator-ch-695\",\"https:\\\/\\\/www.youtube.com\\\/channel\\\/UCGP2Sq0iWaZwT3BdIAQFYpw\"]},{\"@type\":\"Person\",\"@id\":\"https:\\\/\\\/www.organisator.ch\\\/#\\\/schema\\\/person\\\/134708ca9321c57b0362cceb7948ffbd\",\"name\":\"michael.merz\",\"image\":{\"@type\":\"ImageObject\",\"inLanguage\":\"fr-FR\",\"@id\":\"https:\\\/\\\/secure.gravatar.com\\\/avatar\\\/?s=96&d=mm&r=g\",\"url\":\"https:\\\/\\\/secure.gravatar.com\\\/avatar\\\/?s=96&d=mm&r=g\",\"contentUrl\":\"https:\\\/\\\/secure.gravatar.com\\\/avatar\\\/?s=96&d=mm&r=g\",\"caption\":\"michael.merz\"},\"url\":\"https:\\\/\\\/www.organisator.ch\\\/fr\\\/author\\\/michael-merz\\\/\"}]}<\/script>\n<!-- \/ Yoast SEO plugin. -->","yoast_head_json":{"title":"Pourquoi la nouvelle sc\u00e8ne de crime doit \u00eatre verte - Organisateur","description":"Avec la nouvelle sc\u00e8ne de crime de Zurich, SRF veut montrer l'exemple. La t\u00e9l\u00e9vision suisse SRF souhaite depuis peu produire ses propres formats de films et de s\u00e9ries de mani\u00e8re plus durable.","robots":{"index":"index","follow":"follow","max-snippet":"max-snippet:-1","max-image-preview":"max-image-preview:large","max-video-preview":"max-video-preview:-1"},"canonical":"https:\/\/www.organisator.ch\/fr\/sustainability\/2020-08-13\/wieso-der-neue-tatort-gruen-werden-soll\/","og_locale":"fr_FR","og_type":"article","og_title":"Wieso der neue Tatort gr\u00fcn werden soll - Organisator","og_description":"Mit dem neuen Tatort aus Z\u00fcrich m\u00f6chte SRF vorangehen. Das Schweizer Fernsehen SRF will neuerdings eigene Film- und Serienformate nachhaltiger produzieren.","og_url":"https:\/\/www.organisator.ch\/fr\/sustainability\/2020-08-13\/wieso-der-neue-tatort-gruen-werden-soll\/","og_site_name":"Organisator","article_publisher":"https:\/\/www.facebook.com\/OrganisatorFachmagazin","article_published_time":"2020-08-13T11:55:00+00:00","article_modified_time":"2022-02-09T10:09:56+00:00","og_image":[{"width":1024,"height":683,"url":"https:\/\/www.organisator.ch\/wp-content\/uploads\/2020\/08\/tatort_outdoor-1024x683.jpg","type":"image\/jpeg"}],"author":"michael.merz","twitter_card":"summary_large_image","schema":{"@context":"https:\/\/schema.org","@graph":[{"@type":"Article","@id":"https:\/\/www.organisator.ch\/sustainability\/2020-08-13\/wieso-der-neue-tatort-gruen-werden-soll\/#article","isPartOf":{"@id":"https:\/\/www.organisator.ch\/sustainability\/2020-08-13\/wieso-der-neue-tatort-gruen-werden-soll\/"},"author":{"name":"michael.merz","@id":"https:\/\/www.organisator.ch\/#\/schema\/person\/134708ca9321c57b0362cceb7948ffbd"},"headline":"Wieso der neue Tatort gr\u00fcn werden soll","datePublished":"2020-08-13T11:55:00+00:00","dateModified":"2022-02-09T10:09:56+00:00","mainEntityOfPage":{"@id":"https:\/\/www.organisator.ch\/sustainability\/2020-08-13\/wieso-der-neue-tatort-gruen-werden-soll\/"},"wordCount":451,"publisher":{"@id":"https:\/\/www.organisator.ch\/#organization"},"image":{"@id":"https:\/\/www.organisator.ch\/sustainability\/2020-08-13\/wieso-der-neue-tatort-gruen-werden-soll\/#primaryimage"},"thumbnailUrl":"https:\/\/www.organisator.ch\/wp-content\/uploads\/2020\/08\/tatort_outdoor.jpg","keywords":["Green Filming","Klima-Modellierung","klimaschonend","myclimate","Schweiz","Schweizer Fernsehen","SRF","Tatort","Z\u00fcrich"],"articleSection":["SUSTAINABILITY"],"inLanguage":"fr-FR"},{"@type":"WebPage","@id":"https:\/\/www.organisator.ch\/sustainability\/2020-08-13\/wieso-der-neue-tatort-gruen-werden-soll\/","url":"https:\/\/www.organisator.ch\/sustainability\/2020-08-13\/wieso-der-neue-tatort-gruen-werden-soll\/","name":"Pourquoi la nouvelle sc\u00e8ne de crime doit \u00eatre verte - Organisateur","isPartOf":{"@id":"https:\/\/www.organisator.ch\/#website"},"primaryImageOfPage":{"@id":"https:\/\/www.organisator.ch\/sustainability\/2020-08-13\/wieso-der-neue-tatort-gruen-werden-soll\/#primaryimage"},"image":{"@id":"https:\/\/www.organisator.ch\/sustainability\/2020-08-13\/wieso-der-neue-tatort-gruen-werden-soll\/#primaryimage"},"thumbnailUrl":"https:\/\/www.organisator.ch\/wp-content\/uploads\/2020\/08\/tatort_outdoor.jpg","datePublished":"2020-08-13T11:55:00+00:00","dateModified":"2022-02-09T10:09:56+00:00","description":"Avec la nouvelle sc\u00e8ne de crime de Zurich, SRF veut montrer l'exemple. La t\u00e9l\u00e9vision suisse SRF souhaite depuis peu produire ses propres formats de films et de s\u00e9ries de mani\u00e8re plus durable.","breadcrumb":{"@id":"https:\/\/www.organisator.ch\/sustainability\/2020-08-13\/wieso-der-neue-tatort-gruen-werden-soll\/#breadcrumb"},"inLanguage":"fr-FR","potentialAction":[{"@type":"ReadAction","target":["https:\/\/www.organisator.ch\/sustainability\/2020-08-13\/wieso-der-neue-tatort-gruen-werden-soll\/"]}]},{"@type":"ImageObject","inLanguage":"fr-FR","@id":"https:\/\/www.organisator.ch\/sustainability\/2020-08-13\/wieso-der-neue-tatort-gruen-werden-soll\/#primaryimage","url":"https:\/\/www.organisator.ch\/wp-content\/uploads\/2020\/08\/tatort_outdoor.jpg","contentUrl":"https:\/\/www.organisator.ch\/wp-content\/uploads\/2020\/08\/tatort_outdoor.jpg","width":2303,"height":1535,"caption":"Tatort-Dreharbeiten mit Regisseurin Viviane Andereggen (l.) und Anna Pieri-Zuercher (2.v.l.) in Z\u00fcrich. (Copyright: SRF\/Sava Hlavacek)"},{"@type":"BreadcrumbList","@id":"https:\/\/www.organisator.ch\/sustainability\/2020-08-13\/wieso-der-neue-tatort-gruen-werden-soll\/#breadcrumb","itemListElement":[{"@type":"ListItem","position":1,"name":"Home","item":"https:\/\/www.organisator.ch\/"},{"@type":"ListItem","position":2,"name":"Wieso der neue Tatort gr\u00fcn werden soll"}]},{"@type":"WebSite","@id":"https:\/\/www.organisator.ch\/#website","url":"https:\/\/www.organisator.ch\/","name":"Organisateur","description":"Comp\u00e9tence et comp\u00e9tence. Proches de la pratique. L'ORGANISATEUR pr\u00e9pare 10 num\u00e9ros par an sur les th\u00e8mes essentiels pour les dirigeants de PME.","publisher":{"@id":"https:\/\/www.organisator.ch\/#organization"},"potentialAction":[{"@type":"SearchAction","target":{"@type":"EntryPoint","urlTemplate":"https:\/\/www.organisator.ch\/?s={search_term_string}"},"query-input":{"@type":"PropertyValueSpecification","valueRequired":true,"valueName":"search_term_string"}}],"inLanguage":"fr-FR"},{"@type":"Organization","@id":"https:\/\/www.organisator.ch\/#organization","name":"Organisateur","url":"https:\/\/www.organisator.ch\/","logo":{"@type":"ImageObject","inLanguage":"fr-FR","@id":"https:\/\/www.organisator.ch\/#\/schema\/logo\/image\/","url":"https:\/\/www.organisator.ch\/wp-content\/uploads\/2022\/01\/Logo_Organisator_Website.png","contentUrl":"https:\/\/www.organisator.ch\/wp-content\/uploads\/2022\/01\/Logo_Organisator_Website.png","width":800,"height":77,"caption":"Organisator"},"image":{"@id":"https:\/\/www.organisator.ch\/#\/schema\/logo\/image\/"},"sameAs":["https:\/\/www.facebook.com\/OrganisatorFachmagazin","https:\/\/www.linkedin.com\/showcase\/organisator-das-magazin-fr-kmu","https:\/\/www.xing.com\/news\/pages\/organisator-ch-695","https:\/\/www.youtube.com\/channel\/UCGP2Sq0iWaZwT3BdIAQFYpw"]},{"@type":"Person","@id":"https:\/\/www.organisator.ch\/#\/schema\/person\/134708ca9321c57b0362cceb7948ffbd","name":"michael.merz","image":{"@type":"ImageObject","inLanguage":"fr-FR","@id":"https:\/\/secure.gravatar.com\/avatar\/?s=96&d=mm&r=g","url":"https:\/\/secure.gravatar.com\/avatar\/?s=96&d=mm&r=g","contentUrl":"https:\/\/secure.gravatar.com\/avatar\/?s=96&d=mm&r=g","caption":"michael.merz"},"url":"https:\/\/www.organisator.ch\/fr\/author\/michael-merz\/"}]}},"_links":{"self":[{"href":"https:\/\/www.organisator.ch\/fr\/wp-json\/wp\/v2\/posts\/10197","targetHints":{"allow":["GET"]}}],"collection":[{"href":"https:\/\/www.organisator.ch\/fr\/wp-json\/wp\/v2\/posts"}],"about":[{"href":"https:\/\/www.organisator.ch\/fr\/wp-json\/wp\/v2\/types\/post"}],"author":[{"embeddable":true,"href":"https:\/\/www.organisator.ch\/fr\/wp-json\/wp\/v2\/users\/5"}],"replies":[{"embeddable":true,"href":"https:\/\/www.organisator.ch\/fr\/wp-json\/wp\/v2\/comments?post=10197"}],"version-history":[{"count":1,"href":"https:\/\/www.organisator.ch\/fr\/wp-json\/wp\/v2\/posts\/10197\/revisions"}],"predecessor-version":[{"id":10822,"href":"https:\/\/www.organisator.ch\/fr\/wp-json\/wp\/v2\/posts\/10197\/revisions\/10822"}],"wp:featuredmedia":[{"embeddable":true,"href":"https:\/\/www.organisator.ch\/fr\/wp-json\/wp\/v2\/media\/3271"}],"wp:attachment":[{"href":"https:\/\/www.organisator.ch\/fr\/wp-json\/wp\/v2\/media?parent=10197"}],"wp:term":[{"taxonomy":"category","embeddable":true,"href":"https:\/\/www.organisator.ch\/fr\/wp-json\/wp\/v2\/categories?post=10197"},{"taxonomy":"post_tag","embeddable":true,"href":"https:\/\/www.organisator.ch\/fr\/wp-json\/wp\/v2\/tags?post=10197"}],"curies":[{"name":"wp","href":"https:\/\/api.w.org\/{rel}","templated":true}]}}