{"id":10198,"date":"2020-08-27T10:04:38","date_gmt":"2020-08-27T08:04:38","guid":{"rendered":"https:\/\/www.umweltperspektiven.ch\/?p=3291"},"modified":"2022-02-09T11:09:56","modified_gmt":"2022-02-09T10:09:56","slug":"sustainable-finance-im-schweizer-finanzsektor-verankert","status":"publish","type":"post","link":"https:\/\/www.organisator.ch\/fr\/sustainability\/2020-08-27\/sustainable-finance-im-schweizer-finanzsektor-verankert\/","title":{"rendered":"Sustainable Finance ancr\u00e9e dans le secteur financier suisse"},"content":{"rendered":"<div id=\"parent-fieldname-text\">\n<figure id=\"attachment_3292\" aria-describedby=\"caption-attachment-3292\" style=\"width: 680px\" class=\"wp-caption alignnone\"><img loading=\"lazy\" decoding=\"async\" class=\"wp-image-3292 size-medium\" src=\"\/\/www.umweltperspektiven.ch\/wp-content\/uploads\/2020\/08\/UP3_Vorschau_Invest.jpg\" alt=\"\" width=\"680\" height=\"454\" \/><figcaption id=\"caption-attachment-3292\" class=\"wp-caption-text\">La durabilit\u00e9 est une pr\u00e9occupation majeure pour le secteur suisse de l'assurance. C'est pourquoi elle veille, avec d'autres associations, \u00e0 une orientation r\u00e9glement\u00e9e. (Image : Unsplash)\u00a0<\/figcaption><\/figure>\n<p>Le Conseil f\u00e9d\u00e9ral analyse les mesures possibles dans le domaine de la finance durable, notamment en ce qui concerne la transparence, le reporting et la tarification des risques. Le secteur financier soutient le principe de la Conf\u00e9d\u00e9ration selon lequel celle-ci ne veut agir qu'\u00e0 titre subsidiaire. Il convient de tenir compte de l'ad\u00e9quation, de l'efficacit\u00e9 et, le cas \u00e9ch\u00e9ant, de la compatibilit\u00e9 internationale.<\/p>\n<p>Le Conseil f\u00e9d\u00e9ral a publi\u00e9 en juin 2020 un rapport et des lignes directrices sur la durabilit\u00e9 dans le secteur financier. Les trois associations sectorielles des banques (ASB), des gestionnaires d'actifs (SFAMA) et des assureurs priv\u00e9s (ASA) ainsi que Swiss Sustainable Finance (SSF) saluent l'objectif fix\u00e9 par le Conseil f\u00e9d\u00e9ral, \u00e0 savoir positionner la Suisse comme leader en mati\u00e8re de services financiers durables. Le groupe de travail interne \u00e0 la Conf\u00e9d\u00e9ration, plac\u00e9 sous la direction du Secr\u00e9tariat d'Etat aux questions financi\u00e8res internationales (SFI), a r\u00e9dig\u00e9 pour la premi\u00e8re fois un cadre complet \u00e0 cet effet.<\/p>\n<p>L'accent est mis sur des conditions-cadres appropri\u00e9es qui renforcent la comp\u00e9titivit\u00e9 de la place financi\u00e8re tout en encourageant l'initiative personnelle du secteur pour plus de durabilit\u00e9. Le Conseil f\u00e9d\u00e9ral soutient ainsi les diverses initiatives en cours du secteur. Parall\u00e8lement, il annonce qu'il approfondira l'analyse des points en suspens, par exemple en ce qui concerne la transparence, le reporting et la tarification des risques. Du point de vue de la branche, il est important de profiter de ces travaux pour clarifier la faisabilit\u00e9 et l'efficacit\u00e9 et de veiller \u00e0 ce que les mesures correspondantes soient harmonis\u00e9es au niveau international.<strong>\u00a0<\/strong><\/p>\n<h2 id=\"branche-setzt-sich-fr-nachhaltigen-finanzplatz-ein\"><strong>Le secteur s'engage pour une place financi\u00e8re durable<\/strong><\/h2>\n<p>Un levier central de la r\u00e9ussite est la coop\u00e9ration de tous les acteurs, respectivement l'orientation commune vers le m\u00eame objectif. \"La durabilit\u00e9 est la seule option pour l'avenir. L'atteindre n'est possible qu'ensemble : le Conseil f\u00e9d\u00e9ral veille \u00e0 ce que les conditions-cadres soient bonnes et nous, en tant que branche, nous assurons que nous atteignons les objectifs ambitieux en collaboration avec l'\u00e9conomie\", d\u00e9clare J\u00f6rg Gasser, CEO de l'ASB. Avec sa brochure sur la finance durable en Suisse et un nouveau guide pour l'int\u00e9gration de crit\u00e8res de durabilit\u00e9 dans le processus de conseil aux clients priv\u00e9s, l'ASB a \u00e9labor\u00e9 pour la premi\u00e8re fois avec ses membres des recommandations d'action pour la promotion de flux financiers durables (Sustainable Finance) et les a publi\u00e9es d\u00e9but juin. \"La finance est toujours le reflet de l'\u00e9conomie r\u00e9elle. C'est pourquoi il est important de cr\u00e9er une compr\u00e9hension commune et syst\u00e9mique des causes et des possibilit\u00e9s de l'\u00e9conomie financi\u00e8re et de l'\u00e9conomie r\u00e9elle\", souligne Gasser.<\/p>\n<p>Parall\u00e8lement, la SFAMA - en collaboration avec SSF - a publi\u00e9 des messages cl\u00e9s et des recommandations pour ses membres. Ceux-ci visent \u00e0 soutenir activement les gestionnaires d'actifs dans l'int\u00e9gration de crit\u00e8res de durabilit\u00e9 dans le processus d'investissement. Markus Fuchs, directeur de la SFAMA, souligne : \"L'industrie suisse de l'asset management s'engage clairement en faveur d'une industrie financi\u00e8re durable. La gestion d'actifs et la durabilit\u00e9 vont de pair, notamment si l'on tient compte de la situation g\u00e9opolitique et des d\u00e9fis sociopolitiques qui nous attendent, comme le financement des syst\u00e8mes de pr\u00e9voyance ainsi que des infrastructures\".<\/p>\n<p>Sabine D\u00f6beli, CEO de Swiss Sustainable Finance, commente : \"Nous saluons le fait que les associations financi\u00e8res prennent des mesures importantes sur la voie d'une \u00e9conomie financi\u00e8re durable. Mais nous ne sommes pas encore arriv\u00e9s au but. SSF continuera \u00e0 s'engager en tant que constructeur de ponts et d'acc\u00e9l\u00e9rateur pour que nous atteignions ensemble cet objectif ambitieux\".<\/p>\n<p>Outre des conditions-cadres et des normes, il faut aussi un rapport transparent : \"Avec le rapport sur le d\u00e9veloppement durable publi\u00e9 la semaine derni\u00e8re, l'ASA permet pour la premi\u00e8re fois d'avoir une vue d'ensemble repr\u00e9sentative du secteur suisse de l'assurance sur les mesures prises\", d\u00e9clare le directeur de l'ASA, Thomas Helbling. Le rapport montre que les assureurs priv\u00e9s appliquent des crit\u00e8res de durabilit\u00e9 \u00e0 86 pour cent de leurs placements de capitaux. Pour le secteur de l'assurance, la durabilit\u00e9 a toujours \u00e9t\u00e9 une pr\u00e9occupation majeure. C'est pourquoi elle fait partie des axes strat\u00e9giques de l'association sectorielle.<\/p>\n<p>Cela implique de fournir des informations transparentes sur le d\u00e9veloppement. En cons\u00e9quence, le reporting sur le d\u00e9veloppement durable est publi\u00e9 chaque ann\u00e9e. Thomas Helbling souligne : \"Les assureurs sont pr\u00eats \u00e0 apporter leur contribution \u00e0 une place financi\u00e8re durable et saluent le fait que l'\u00c9tat assume un r\u00f4le subsidiaire\".<\/p>\n<div class=\"factBox\">\n<h2 id=\"aktuelle-publikationen-der-verbnde-sbvg-sfama-svv-ssf\"><em><strong>Publications actuelles des associations ASB, SFAMA, SVV &amp; SSF<\/strong><\/em><\/h2>\n<ul>\n<li><em>ASB :\u00a0<a href=\"\/\/www.swissbanking.org\/de\/library\/studien-reports\/sustainable-finance-in-der-schweiz-von-einer-pionierin-zu-einem-international-fuhrenden-hub\/sbvg_sustainablefinance_2020_de.pdf\/@@download\/file\" target=\"_blank\" rel=\"noopener\" data-linktype=\"external\" data-val=\"..\/..\/..\/library\/studien-reports\/sustainable-finance-in-der-schweiz-von-einer-pionierin-zu-einem-international-fuhrenden-hub\/sbvg_sustainablefinance_2020_de.pdf\/@@download\/file\">Sustainable Finance en Suisse : positions de principe et approches efficaces<\/a><\/em><\/li>\n<li><em>ASB :\u00a0<a href=\"\/\/www.swissbanking.org\/de\/library\/richtlinien\/leitfaden-fuer-den-einbezug-von-esg-kriterien-in-den-beratungsprozess-fuer-privatkunden\/sbvg_sustainable-leitfaden_de.pdf\/@@download\/file\" target=\"_blank\" rel=\"noopener\" data-linktype=\"external\" data-val=\"..\/..\/..\/library\/richtlinien\/leitfaden-fuer-den-einbezug-von-esg-kriterien-in-den-beratungsprozess-fuer-privatkunden\/sbvg_sustainable-leitfaden_de.pdf\/@@download\/file\">Guide pour l'int\u00e9gration des crit\u00e8res ESG dans le processus de conseil aux clients priv\u00e9s<\/a><\/em><\/li>\n<li><em>SFAMA &amp; SSF :\u00a0<a href=\"\/\/www.sfama.ch\/de\" target=\"_blank\" rel=\"noopener\" data-linktype=\"external\" data-val=\"https:\/\/www.sfama.ch\/de\">Gestion d'actifs durable : messages cl\u00e9s et recommandations - SFAMA et SSF<\/a><\/em><\/li>\n<li><em>SVV :\u00a0<a href=\"\/\/www.svv.ch\/de\/der-svv\/svv-publikationen\/svv-nachhaltigkeitsreporting-2019\" target=\"_blank\" rel=\"noopener\" data-linktype=\"external\" data-val=\"https:\/\/www.svv.ch\/de\/der-svv\/svv-publikationen\/svv-nachhaltigkeitsreporting-2019\">Rapport sur le d\u00e9veloppement durable de l'ASA 2019<\/a><\/em><\/li>\n<li><em>SSF :\u00a0<a href=\"\/\/www.sustainablefinance.ch\/en\/swiss-sustainable-investment-market-study-2020-_content---1--3037--35722.html\" target=\"_blank\" rel=\"noopener\" data-linktype=\"external\" data-val=\"https:\/\/www.sustainablefinance.ch\/en\/swiss-sustainable-investment-market-study-2020-_content---1--3037--35722.html\">\u00c9tude du march\u00e9 suisse de l'investissement durable 2020<\/a>\u00a0(uniquement en anglais)<\/em><\/li>\n<\/ul>\n<\/div>\n<h2><\/h2>\n<h2 id=\"ber-die-schweizerische-bankiervereinigung-sbvg\"><em><strong>\u00c0 propos de l'Association suisse des banquiers (ASB)<\/strong><\/em><\/h2>\n<p><em>En tant qu'association fa\u00eeti\u00e8re et voix des banques, l'Association suisse des banquiers s'engage pour des conditions-cadres optimales de la place financi\u00e8re suisse en Suisse et \u00e0 l'\u00e9tranger. L'ASB d\u00e9fend les int\u00e9r\u00eats du secteur bancaire aupr\u00e8s des repr\u00e9sentants de l'\u00e9conomie, de la politique, du gouvernement et des autorit\u00e9s de surveillance. Elle s'engage pour des march\u00e9s ouverts, une marge de man\u0153uvre entrepreneuriale et des conditions de concurrence \u00e9quitables. En tant que centre de comp\u00e9tences, elle transmet des connaissances bancaires et s'engage dans des th\u00e8mes d'avenir. Fond\u00e9e en 1912 \u00e0 B\u00e2le, l'ASB compte aujourd'hui pr\u00e8s de 300 institutions et environ 12'000 personnes parmi ses membres.<\/em><\/p>\n<h2 id=\"ber-die-swiss-funds-asset-management-association-sfama\"><em><strong>\u00c0 propos de la Swiss Funds &amp; Asset Management Association<\/strong>\u00a0<strong>(SFAMA)<\/strong><\/em><\/h2>\n<p><em>Fond\u00e9e en 1992 et bas\u00e9e \u00e0 B\u00e2le, la Swiss Funds &amp; Asset Management Association SFAMA (SFAMA) est l'organisation professionnelle repr\u00e9sentative de l'industrie suisse des fonds et de la gestion d'actifs. Son cercle de membres comprend toutes les directions de fonds suisses importantes, de nombreux gestionnaires d'actifs ainsi que des repr\u00e9sentants de placements collectifs de capitaux \u00e9trangers. Elle regroupe \u00e9galement des entreprises de services actives dans l'asset management. La SFAMA est un membre actif de l'association europ\u00e9enne d'investissement European Fund and Asset Management Association (EFAMA) \u00e0 Bruxelles et de l'International Investment Funds Association (IIFA) \u00e0 Toronto, active au niveau mondial.<\/em><\/p>\n<h2 id=\"ber-den-schweizerische-versicherungsverband-svv\"><em><strong>A propos de l'Association Suisse d'Assurances (ASA)<\/strong><\/em><\/h2>\n<p><em>L'ASA d\u00e9fend les int\u00e9r\u00eats du secteur de l'assurance priv\u00e9e au niveau national et international. Environ 75 assureurs et r\u00e9assureurs font partie de l'association. Ils emploient 47'700 collaborateurs en Suisse et 100'000 autres \u00e0 l'\u00e9tranger. Plus de 85 pour cent des primes g\u00e9n\u00e9r\u00e9es sur le march\u00e9 suisse reviennent aux soci\u00e9t\u00e9s membres de l'ASA. En tant que force d\u00e9terminante de l'\u00e9conomie suisse, le secteur de l'assurance assume une responsabilit\u00e9 \u00e9conomique au niveau de la gestion d'entreprise, de la soci\u00e9t\u00e9 et de la politique, partout o\u00f9 des facteurs de succ\u00e8s centraux de ses sites sont mis en question.<\/em><\/p>\n<h2 id=\"ber-swiss-sustainable-finance-ssf\"><em><strong>\u00c0 propos de Swiss Sustainable Finance (SSF)<\/strong><\/em><\/h2>\n<p><em>SSF renforce le positionnement de la Suisse en tant que march\u00e9 mondial de la finance durable par l'information, la formation et la promotion de la croissance. L'organisation, fond\u00e9e en 2014, a des repr\u00e9sentations \u00e0 Zurich, Gen\u00e8ve et Lugano. Actuellement, SSF r\u00e9unit environ 150 membres et partenaires de r\u00e9seau, dont des prestataires de services financiers, des investisseurs, des universit\u00e9s et des hautes \u00e9coles, des offices et d'autres organisations.<\/em><\/p>\n<div class=\"factBox\">\n<h2>\u00a0Plus d'informations sur le sujet :<\/h2>\n<p>Ce communiqu\u00e9 de presse, voir ci-dessous, est \u00e9galement disponible en allemand et en anglais sur\u00a0<a href=\"\/\/www.swissbanking.org\/\" target=\"_blank\" rel=\"noopener\">www.swissbanking.org<\/a>\u00a0disponibles :<\/p>\n<\/div>\n<\/div>\n<div>\n<p><span title=\"Fichier\"><a href=\"\/\/www.swissbanking.org\/de\/medien\/statements-und-medienmitteilungen\/sustainable-finance-im-schwei-zer-finanzsektor-verankert-finanzbranche-begruesst-bericht-und-leitlinien-des-bundesrats-zur-nachhaltigkeit-im-finanzsektor\/medienmitteilung_finanzbranche_begruesst_nachhaltigkeitsbericht_des_bundes.pdf\"><span class=\"contenttype-file state-published url itemTitle\">Communiqu\u00e9 de presse en PDF<\/span><\/a><\/span><\/p>\n<\/div>","protected":false},"excerpt":{"rendered":"<p>Der Bundesrat analysiert m\u00f6gliche Massnahmen im Sustainable Finance Bereich, darunter fallen die Felder Transparenz, Reporting und Bepreisung von Risiken. Die Finanzbranche unterst\u00fctzt den Grundsatz des Bundes, dass dieser hierbei nur subsidi\u00e4r wirken will. Dabei ist die Angemessenheit, Wirksamkeit und wo geeignet internationale Kompatibilit\u00e4t zu ber\u00fccksichtigen. Der Bundesrat hat im Juni 2020 einen Bericht und Leitlinien [&hellip;]<\/p>\n","protected":false},"author":5,"featured_media":3292,"comment_status":"closed","ping_status":"closed","sticky":false,"template":"","format":"standard","meta":{"_acf_changed":false,"_yoast_wpseo_focuskw":"Sustainable Finance","_yoast_wpseo_metadesc":"Die Branchenverb\u00e4nde begr\u00fcssen die Position des Bundesrates, optimale Rahmenbedingungen f\u00fcr Sustainable Finance Strukturen in der Schweiz zu schaffen.","articlekey":"","footnotes":""},"categories":[580],"tags":[869,883,2078,2087,2248,2263,2464],"class_list":["post-10198","post","type-post","status-publish","format-standard","has-post-thumbnail","hentry","category-sustainability","tag-branchenverbaende","tag-bund","tag-schweizer-finanzsektor","tag-schweizerische-bankiervereinigung","tag-sustainable-finance","tag-swiss-sustainable-finance","tag-versicherung"],"acf":[],"yoast_head":"<!-- This site is optimized with the Yoast SEO plugin v27.4 - https:\/\/yoast.com\/product\/yoast-seo-wordpress\/ -->\n<title>Sustainable Finance im Schweizer Finanzsektor verankert - Organisator<\/title>\n<meta name=\"description\" content=\"Die Branchenverb\u00e4nde begr\u00fcssen die Position des Bundesrates, optimale Rahmenbedingungen f\u00fcr Sustainable Finance Strukturen in der Schweiz zu schaffen.\" \/>\n<meta name=\"robots\" content=\"index, follow, max-snippet:-1, max-image-preview:large, max-video-preview:-1\" \/>\n<link rel=\"canonical\" href=\"https:\/\/www.organisator.ch\/fr\/sustainability\/2020-08-27\/sustainable-finance-im-schweizer-finanzsektor-verankert\/\" \/>\n<meta property=\"og:locale\" content=\"fr_FR\" \/>\n<meta property=\"og:type\" content=\"article\" \/>\n<meta property=\"og:title\" content=\"Sustainable Finance im Schweizer Finanzsektor verankert - Organisator\" \/>\n<meta property=\"og:description\" content=\"Die Branchenverb\u00e4nde begr\u00fcssen die Position des Bundesrates, optimale Rahmenbedingungen f\u00fcr Sustainable Finance Strukturen in der Schweiz zu schaffen.\" \/>\n<meta property=\"og:url\" content=\"https:\/\/www.organisator.ch\/fr\/sustainability\/2020-08-27\/sustainable-finance-im-schweizer-finanzsektor-verankert\/\" \/>\n<meta property=\"og:site_name\" content=\"Organisator\" \/>\n<meta property=\"article:publisher\" content=\"https:\/\/www.facebook.com\/OrganisatorFachmagazin\" \/>\n<meta property=\"article:published_time\" content=\"2020-08-27T08:04:38+00:00\" \/>\n<meta property=\"article:modified_time\" content=\"2022-02-09T10:09:56+00:00\" \/>\n<meta property=\"og:image\" content=\"https:\/\/www.organisator.ch\/wp-content\/uploads\/2020\/08\/UP3_Vorschau_Invest-scaled.jpg\" \/>\n\t<meta property=\"og:image:width\" content=\"2560\" \/>\n\t<meta property=\"og:image:height\" content=\"1708\" \/>\n\t<meta property=\"og:image:type\" content=\"image\/jpeg\" \/>\n<meta name=\"author\" content=\"michael.merz\" \/>\n<meta name=\"twitter:card\" content=\"summary_large_image\" \/>\n<script type=\"application\/ld+json\" class=\"yoast-schema-graph\">{\"@context\":\"https:\\\/\\\/schema.org\",\"@graph\":[{\"@type\":\"Article\",\"@id\":\"https:\\\/\\\/www.organisator.ch\\\/sustainability\\\/2020-08-27\\\/sustainable-finance-im-schweizer-finanzsektor-verankert\\\/#article\",\"isPartOf\":{\"@id\":\"https:\\\/\\\/www.organisator.ch\\\/sustainability\\\/2020-08-27\\\/sustainable-finance-im-schweizer-finanzsektor-verankert\\\/\"},\"author\":{\"name\":\"michael.merz\",\"@id\":\"https:\\\/\\\/www.organisator.ch\\\/#\\\/schema\\\/person\\\/134708ca9321c57b0362cceb7948ffbd\"},\"headline\":\"Sustainable Finance im Schweizer Finanzsektor verankert\",\"datePublished\":\"2020-08-27T08:04:38+00:00\",\"dateModified\":\"2022-02-09T10:09:56+00:00\",\"mainEntityOfPage\":{\"@id\":\"https:\\\/\\\/www.organisator.ch\\\/sustainability\\\/2020-08-27\\\/sustainable-finance-im-schweizer-finanzsektor-verankert\\\/\"},\"wordCount\":1056,\"publisher\":{\"@id\":\"https:\\\/\\\/www.organisator.ch\\\/#organization\"},\"image\":{\"@id\":\"https:\\\/\\\/www.organisator.ch\\\/sustainability\\\/2020-08-27\\\/sustainable-finance-im-schweizer-finanzsektor-verankert\\\/#primaryimage\"},\"thumbnailUrl\":\"https:\\\/\\\/www.organisator.ch\\\/wp-content\\\/uploads\\\/2020\\\/08\\\/UP3_Vorschau_Invest-scaled.jpg\",\"keywords\":[\"Branchenverb\u00e4nde\",\"Bund\",\"Schweizer Finanzsektor\",\"Schweizerische Bankiervereinigung\",\"Sustainable Finance\",\"Swiss Sustainable Finance\",\"Versicherung\"],\"articleSection\":[\"SUSTAINABILITY\"],\"inLanguage\":\"fr-FR\"},{\"@type\":\"WebPage\",\"@id\":\"https:\\\/\\\/www.organisator.ch\\\/sustainability\\\/2020-08-27\\\/sustainable-finance-im-schweizer-finanzsektor-verankert\\\/\",\"url\":\"https:\\\/\\\/www.organisator.ch\\\/sustainability\\\/2020-08-27\\\/sustainable-finance-im-schweizer-finanzsektor-verankert\\\/\",\"name\":\"Sustainable Finance im Schweizer Finanzsektor verankert - Organisator\",\"isPartOf\":{\"@id\":\"https:\\\/\\\/www.organisator.ch\\\/#website\"},\"primaryImageOfPage\":{\"@id\":\"https:\\\/\\\/www.organisator.ch\\\/sustainability\\\/2020-08-27\\\/sustainable-finance-im-schweizer-finanzsektor-verankert\\\/#primaryimage\"},\"image\":{\"@id\":\"https:\\\/\\\/www.organisator.ch\\\/sustainability\\\/2020-08-27\\\/sustainable-finance-im-schweizer-finanzsektor-verankert\\\/#primaryimage\"},\"thumbnailUrl\":\"https:\\\/\\\/www.organisator.ch\\\/wp-content\\\/uploads\\\/2020\\\/08\\\/UP3_Vorschau_Invest-scaled.jpg\",\"datePublished\":\"2020-08-27T08:04:38+00:00\",\"dateModified\":\"2022-02-09T10:09:56+00:00\",\"description\":\"Die Branchenverb\u00e4nde begr\u00fcssen die Position des Bundesrates, optimale Rahmenbedingungen f\u00fcr Sustainable Finance Strukturen in der Schweiz zu schaffen.\",\"breadcrumb\":{\"@id\":\"https:\\\/\\\/www.organisator.ch\\\/sustainability\\\/2020-08-27\\\/sustainable-finance-im-schweizer-finanzsektor-verankert\\\/#breadcrumb\"},\"inLanguage\":\"fr-FR\",\"potentialAction\":[{\"@type\":\"ReadAction\",\"target\":[\"https:\\\/\\\/www.organisator.ch\\\/sustainability\\\/2020-08-27\\\/sustainable-finance-im-schweizer-finanzsektor-verankert\\\/\"]}]},{\"@type\":\"ImageObject\",\"inLanguage\":\"fr-FR\",\"@id\":\"https:\\\/\\\/www.organisator.ch\\\/sustainability\\\/2020-08-27\\\/sustainable-finance-im-schweizer-finanzsektor-verankert\\\/#primaryimage\",\"url\":\"https:\\\/\\\/www.organisator.ch\\\/wp-content\\\/uploads\\\/2020\\\/08\\\/UP3_Vorschau_Invest-scaled.jpg\",\"contentUrl\":\"https:\\\/\\\/www.organisator.ch\\\/wp-content\\\/uploads\\\/2020\\\/08\\\/UP3_Vorschau_Invest-scaled.jpg\",\"width\":2560,\"height\":1708},{\"@type\":\"BreadcrumbList\",\"@id\":\"https:\\\/\\\/www.organisator.ch\\\/sustainability\\\/2020-08-27\\\/sustainable-finance-im-schweizer-finanzsektor-verankert\\\/#breadcrumb\",\"itemListElement\":[{\"@type\":\"ListItem\",\"position\":1,\"name\":\"Home\",\"item\":\"https:\\\/\\\/www.organisator.ch\\\/\"},{\"@type\":\"ListItem\",\"position\":2,\"name\":\"Sustainable Finance im Schweizer Finanzsektor verankert\"}]},{\"@type\":\"WebSite\",\"@id\":\"https:\\\/\\\/www.organisator.ch\\\/#website\",\"url\":\"https:\\\/\\\/www.organisator.ch\\\/\",\"name\":\"Organisator\",\"description\":\"Kompetent. Praxisnah. Der ORGANISATOR bereitet in 10 Ausgaben pro Jahr die wesentlichen Themen f\u00fcr F\u00fchrungskr\u00e4fte von KMU auf.\",\"publisher\":{\"@id\":\"https:\\\/\\\/www.organisator.ch\\\/#organization\"},\"potentialAction\":[{\"@type\":\"SearchAction\",\"target\":{\"@type\":\"EntryPoint\",\"urlTemplate\":\"https:\\\/\\\/www.organisator.ch\\\/?s={search_term_string}\"},\"query-input\":{\"@type\":\"PropertyValueSpecification\",\"valueRequired\":true,\"valueName\":\"search_term_string\"}}],\"inLanguage\":\"fr-FR\"},{\"@type\":\"Organization\",\"@id\":\"https:\\\/\\\/www.organisator.ch\\\/#organization\",\"name\":\"Organisator\",\"url\":\"https:\\\/\\\/www.organisator.ch\\\/\",\"logo\":{\"@type\":\"ImageObject\",\"inLanguage\":\"fr-FR\",\"@id\":\"https:\\\/\\\/www.organisator.ch\\\/#\\\/schema\\\/logo\\\/image\\\/\",\"url\":\"https:\\\/\\\/www.organisator.ch\\\/wp-content\\\/uploads\\\/2022\\\/01\\\/Logo_Organisator_Website.png\",\"contentUrl\":\"https:\\\/\\\/www.organisator.ch\\\/wp-content\\\/uploads\\\/2022\\\/01\\\/Logo_Organisator_Website.png\",\"width\":800,\"height\":77,\"caption\":\"Organisator\"},\"image\":{\"@id\":\"https:\\\/\\\/www.organisator.ch\\\/#\\\/schema\\\/logo\\\/image\\\/\"},\"sameAs\":[\"https:\\\/\\\/www.facebook.com\\\/OrganisatorFachmagazin\",\"https:\\\/\\\/www.linkedin.com\\\/showcase\\\/organisator-das-magazin-fr-kmu\",\"https:\\\/\\\/www.xing.com\\\/news\\\/pages\\\/organisator-ch-695\",\"https:\\\/\\\/www.youtube.com\\\/channel\\\/UCGP2Sq0iWaZwT3BdIAQFYpw\"]},{\"@type\":\"Person\",\"@id\":\"https:\\\/\\\/www.organisator.ch\\\/#\\\/schema\\\/person\\\/134708ca9321c57b0362cceb7948ffbd\",\"name\":\"michael.merz\",\"image\":{\"@type\":\"ImageObject\",\"inLanguage\":\"fr-FR\",\"@id\":\"https:\\\/\\\/secure.gravatar.com\\\/avatar\\\/?s=96&d=mm&r=g\",\"url\":\"https:\\\/\\\/secure.gravatar.com\\\/avatar\\\/?s=96&d=mm&r=g\",\"contentUrl\":\"https:\\\/\\\/secure.gravatar.com\\\/avatar\\\/?s=96&d=mm&r=g\",\"caption\":\"michael.merz\"},\"url\":\"https:\\\/\\\/www.organisator.ch\\\/fr\\\/author\\\/michael-merz\\\/\"}]}<\/script>\n<!-- \/ Yoast SEO plugin. -->","yoast_head_json":{"title":"Sustainable Finance ancr\u00e9 dans le secteur financier suisse - Organisateur","description":"Les associations sectorielles saluent la position du Conseil f\u00e9d\u00e9ral visant \u00e0 cr\u00e9er des conditions-cadres optimales pour les structures de Sustainable Finance en Suisse.","robots":{"index":"index","follow":"follow","max-snippet":"max-snippet:-1","max-image-preview":"max-image-preview:large","max-video-preview":"max-video-preview:-1"},"canonical":"https:\/\/www.organisator.ch\/fr\/sustainability\/2020-08-27\/sustainable-finance-im-schweizer-finanzsektor-verankert\/","og_locale":"fr_FR","og_type":"article","og_title":"Sustainable Finance im Schweizer Finanzsektor verankert - Organisator","og_description":"Die Branchenverb\u00e4nde begr\u00fcssen die Position des Bundesrates, optimale Rahmenbedingungen f\u00fcr Sustainable Finance Strukturen in der Schweiz zu schaffen.","og_url":"https:\/\/www.organisator.ch\/fr\/sustainability\/2020-08-27\/sustainable-finance-im-schweizer-finanzsektor-verankert\/","og_site_name":"Organisator","article_publisher":"https:\/\/www.facebook.com\/OrganisatorFachmagazin","article_published_time":"2020-08-27T08:04:38+00:00","article_modified_time":"2022-02-09T10:09:56+00:00","og_image":[{"width":2560,"height":1708,"url":"https:\/\/www.organisator.ch\/wp-content\/uploads\/2020\/08\/UP3_Vorschau_Invest-scaled.jpg","type":"image\/jpeg"}],"author":"michael.merz","twitter_card":"summary_large_image","schema":{"@context":"https:\/\/schema.org","@graph":[{"@type":"Article","@id":"https:\/\/www.organisator.ch\/sustainability\/2020-08-27\/sustainable-finance-im-schweizer-finanzsektor-verankert\/#article","isPartOf":{"@id":"https:\/\/www.organisator.ch\/sustainability\/2020-08-27\/sustainable-finance-im-schweizer-finanzsektor-verankert\/"},"author":{"name":"michael.merz","@id":"https:\/\/www.organisator.ch\/#\/schema\/person\/134708ca9321c57b0362cceb7948ffbd"},"headline":"Sustainable Finance im Schweizer Finanzsektor verankert","datePublished":"2020-08-27T08:04:38+00:00","dateModified":"2022-02-09T10:09:56+00:00","mainEntityOfPage":{"@id":"https:\/\/www.organisator.ch\/sustainability\/2020-08-27\/sustainable-finance-im-schweizer-finanzsektor-verankert\/"},"wordCount":1056,"publisher":{"@id":"https:\/\/www.organisator.ch\/#organization"},"image":{"@id":"https:\/\/www.organisator.ch\/sustainability\/2020-08-27\/sustainable-finance-im-schweizer-finanzsektor-verankert\/#primaryimage"},"thumbnailUrl":"https:\/\/www.organisator.ch\/wp-content\/uploads\/2020\/08\/UP3_Vorschau_Invest-scaled.jpg","keywords":["Branchenverb\u00e4nde","Bund","Schweizer Finanzsektor","Schweizerische Bankiervereinigung","Sustainable Finance","Swiss Sustainable Finance","Versicherung"],"articleSection":["SUSTAINABILITY"],"inLanguage":"fr-FR"},{"@type":"WebPage","@id":"https:\/\/www.organisator.ch\/sustainability\/2020-08-27\/sustainable-finance-im-schweizer-finanzsektor-verankert\/","url":"https:\/\/www.organisator.ch\/sustainability\/2020-08-27\/sustainable-finance-im-schweizer-finanzsektor-verankert\/","name":"Sustainable Finance ancr\u00e9 dans le secteur financier suisse - Organisateur","isPartOf":{"@id":"https:\/\/www.organisator.ch\/#website"},"primaryImageOfPage":{"@id":"https:\/\/www.organisator.ch\/sustainability\/2020-08-27\/sustainable-finance-im-schweizer-finanzsektor-verankert\/#primaryimage"},"image":{"@id":"https:\/\/www.organisator.ch\/sustainability\/2020-08-27\/sustainable-finance-im-schweizer-finanzsektor-verankert\/#primaryimage"},"thumbnailUrl":"https:\/\/www.organisator.ch\/wp-content\/uploads\/2020\/08\/UP3_Vorschau_Invest-scaled.jpg","datePublished":"2020-08-27T08:04:38+00:00","dateModified":"2022-02-09T10:09:56+00:00","description":"Les associations sectorielles saluent la position du Conseil f\u00e9d\u00e9ral visant \u00e0 cr\u00e9er des conditions-cadres optimales pour les structures de Sustainable Finance en Suisse.","breadcrumb":{"@id":"https:\/\/www.organisator.ch\/sustainability\/2020-08-27\/sustainable-finance-im-schweizer-finanzsektor-verankert\/#breadcrumb"},"inLanguage":"fr-FR","potentialAction":[{"@type":"ReadAction","target":["https:\/\/www.organisator.ch\/sustainability\/2020-08-27\/sustainable-finance-im-schweizer-finanzsektor-verankert\/"]}]},{"@type":"ImageObject","inLanguage":"fr-FR","@id":"https:\/\/www.organisator.ch\/sustainability\/2020-08-27\/sustainable-finance-im-schweizer-finanzsektor-verankert\/#primaryimage","url":"https:\/\/www.organisator.ch\/wp-content\/uploads\/2020\/08\/UP3_Vorschau_Invest-scaled.jpg","contentUrl":"https:\/\/www.organisator.ch\/wp-content\/uploads\/2020\/08\/UP3_Vorschau_Invest-scaled.jpg","width":2560,"height":1708},{"@type":"BreadcrumbList","@id":"https:\/\/www.organisator.ch\/sustainability\/2020-08-27\/sustainable-finance-im-schweizer-finanzsektor-verankert\/#breadcrumb","itemListElement":[{"@type":"ListItem","position":1,"name":"Home","item":"https:\/\/www.organisator.ch\/"},{"@type":"ListItem","position":2,"name":"Sustainable Finance im Schweizer Finanzsektor verankert"}]},{"@type":"WebSite","@id":"https:\/\/www.organisator.ch\/#website","url":"https:\/\/www.organisator.ch\/","name":"Organisateur","description":"Comp\u00e9tence et comp\u00e9tence. Proches de la pratique. L'ORGANISATEUR pr\u00e9pare 10 num\u00e9ros par an sur les th\u00e8mes essentiels pour les dirigeants de PME.","publisher":{"@id":"https:\/\/www.organisator.ch\/#organization"},"potentialAction":[{"@type":"SearchAction","target":{"@type":"EntryPoint","urlTemplate":"https:\/\/www.organisator.ch\/?s={search_term_string}"},"query-input":{"@type":"PropertyValueSpecification","valueRequired":true,"valueName":"search_term_string"}}],"inLanguage":"fr-FR"},{"@type":"Organization","@id":"https:\/\/www.organisator.ch\/#organization","name":"Organisateur","url":"https:\/\/www.organisator.ch\/","logo":{"@type":"ImageObject","inLanguage":"fr-FR","@id":"https:\/\/www.organisator.ch\/#\/schema\/logo\/image\/","url":"https:\/\/www.organisator.ch\/wp-content\/uploads\/2022\/01\/Logo_Organisator_Website.png","contentUrl":"https:\/\/www.organisator.ch\/wp-content\/uploads\/2022\/01\/Logo_Organisator_Website.png","width":800,"height":77,"caption":"Organisator"},"image":{"@id":"https:\/\/www.organisator.ch\/#\/schema\/logo\/image\/"},"sameAs":["https:\/\/www.facebook.com\/OrganisatorFachmagazin","https:\/\/www.linkedin.com\/showcase\/organisator-das-magazin-fr-kmu","https:\/\/www.xing.com\/news\/pages\/organisator-ch-695","https:\/\/www.youtube.com\/channel\/UCGP2Sq0iWaZwT3BdIAQFYpw"]},{"@type":"Person","@id":"https:\/\/www.organisator.ch\/#\/schema\/person\/134708ca9321c57b0362cceb7948ffbd","name":"michael.merz","image":{"@type":"ImageObject","inLanguage":"fr-FR","@id":"https:\/\/secure.gravatar.com\/avatar\/?s=96&d=mm&r=g","url":"https:\/\/secure.gravatar.com\/avatar\/?s=96&d=mm&r=g","contentUrl":"https:\/\/secure.gravatar.com\/avatar\/?s=96&d=mm&r=g","caption":"michael.merz"},"url":"https:\/\/www.organisator.ch\/fr\/author\/michael-merz\/"}]}},"_links":{"self":[{"href":"https:\/\/www.organisator.ch\/fr\/wp-json\/wp\/v2\/posts\/10198","targetHints":{"allow":["GET"]}}],"collection":[{"href":"https:\/\/www.organisator.ch\/fr\/wp-json\/wp\/v2\/posts"}],"about":[{"href":"https:\/\/www.organisator.ch\/fr\/wp-json\/wp\/v2\/types\/post"}],"author":[{"embeddable":true,"href":"https:\/\/www.organisator.ch\/fr\/wp-json\/wp\/v2\/users\/5"}],"replies":[{"embeddable":true,"href":"https:\/\/www.organisator.ch\/fr\/wp-json\/wp\/v2\/comments?post=10198"}],"version-history":[{"count":1,"href":"https:\/\/www.organisator.ch\/fr\/wp-json\/wp\/v2\/posts\/10198\/revisions"}],"predecessor-version":[{"id":10821,"href":"https:\/\/www.organisator.ch\/fr\/wp-json\/wp\/v2\/posts\/10198\/revisions\/10821"}],"wp:featuredmedia":[{"embeddable":true,"href":"https:\/\/www.organisator.ch\/fr\/wp-json\/wp\/v2\/media\/3292"}],"wp:attachment":[{"href":"https:\/\/www.organisator.ch\/fr\/wp-json\/wp\/v2\/media?parent=10198"}],"wp:term":[{"taxonomy":"category","embeddable":true,"href":"https:\/\/www.organisator.ch\/fr\/wp-json\/wp\/v2\/categories?post=10198"},{"taxonomy":"post_tag","embeddable":true,"href":"https:\/\/www.organisator.ch\/fr\/wp-json\/wp\/v2\/tags?post=10198"}],"curies":[{"name":"wp","href":"https:\/\/api.w.org\/{rel}","templated":true}]}}