{"id":10199,"date":"2020-08-25T15:30:32","date_gmt":"2020-08-25T13:30:32","guid":{"rendered":"https:\/\/www.umweltperspektiven.ch\/?p=3297"},"modified":"2020-08-25T15:30:32","modified_gmt":"2020-08-25T13:30:32","slug":"der-energiepionier-hansjuerg-leibundgut-tritt-ab-seine-visionen-bleiben-bestehen","status":"publish","type":"post","link":"https:\/\/www.organisator.ch\/fr\/allgemein\/2020-08-25\/der-energiepionier-hansjuerg-leibundgut-tritt-ab-seine-visionen-bleiben-bestehen\/","title":{"rendered":"Le pionnier de l'\u00e9nergie Hansj\u00fcrg Leibundgut se retire, ses visions perdurent"},"content":{"rendered":"<p>&nbsp;<\/p>\n<figure id=\"attachment_3298\" aria-describedby=\"caption-attachment-3298\" style=\"width: 680px\" class=\"wp-caption alignnone\"><img loading=\"lazy\" decoding=\"async\" class=\"size-medium wp-image-3298\" src=\"\/\/www.umweltperspektiven.ch\/wp-content\/uploads\/2020\/08\/200824_HJL-mit-Geschenk.jpg\" alt=\"\" width=\"680\" height=\"453\" \/><figcaption id=\"caption-attachment-3298\" class=\"wp-caption-text\">Hansj\u00fcrg Leibundgut a re\u00e7u plusieurs prix pour son travail, notamment une reconnaissance du jury de la SIA en 2017. (Image : zVg)<\/figcaption><\/figure>\n<p>Hier, lors de l'assembl\u00e9e g\u00e9n\u00e9rale de BS2 AG, qu'il a fond\u00e9e en 2004 avec l'entrepreneur en construction et en immobilier Balz Halter, Hansj\u00fcrg Leibundgut a fait ses adieux \u00e0 ses coll\u00e8gues du conseil d'administration et aux actionnaires de BS2. Son engagement infatigable en faveur d'un avenir sans combustibles fossiles a \u00e9t\u00e9 salu\u00e9 par ses compagnons de route de longue date.\u00a0<em>\"L'envie irr\u00e9pressible de Hansj\u00fcrg Leibundgut d'innover dans l'industrie de la construction et le parc immobilier dans l'int\u00e9r\u00eat de la soci\u00e9t\u00e9 et de l'environnement, ainsi que sa mani\u00e8re incorruptible de penser et d'agir, n'ont pas toujours suscit\u00e9 la joie et l'approbation. Mais il ne fait aucun doute aujourd'hui qu'il avait raison sur de tr\u00e8s nombreux points et qu'il a influenc\u00e9 et fait progresser notre industrie de mani\u00e8re durable\",\u00a0<\/em>hob\u00a0<strong>Balz Halter<\/strong>\u00a0a soulign\u00e9 dans son \u00e9loge.<\/p>\n<p>Aussi\u00a0<strong>Adrian Altenburger<\/strong>, directeur de l'institut et de la fili\u00e8re Technique &amp; Architecture \u00e0 la Haute \u00e9cole de Lucerne et vice-pr\u00e9sident de la SIA, garde un excellent souvenir de ces ann\u00e9es de collaboration :\u00a0<em>\"Dans ma carri\u00e8re professionnelle, peu de personnes m'ont enthousiasm\u00e9, tant sur le plan professionnel que personnel. Hansj\u00fcrg Leibundgut \u00e9tait l'un d'entre eux. Avec son style argument\u00e9 et provocateur, il m'a certes souvent fait sortir de ma zone de confort pendant notre p\u00e9riode commune chez Amstein + Walthert, mais il a toujours g\u00e9n\u00e9r\u00e9 une valeur ajout\u00e9e, non seulement sur le fond, mais aussi pour moi\".<\/em><\/p>\n<p><strong>Du \"M\u00e9phisto de l'\u00e9nergie\" au pionnier reconnu<br \/>\n<\/strong>Leibundgut s'est \u00e9galement engag\u00e9 politiquement et a parfois provoqu\u00e9 pour attirer l'attention sur sa cause. Il n'est gu\u00e8re surprenant qu'il ait ainsi choqu\u00e9. Il a par exemple \u00e9t\u00e9 qualifi\u00e9 publiquement de fantaisiste, de visionnaire, d'utopiste, d'obs\u00e9d\u00e9, d'impulsif, voire de M\u00e9phisto de l'\u00e9nergie. Dans le film documentaire\u00a0<a href=\"\/\/www.youtube.com\/watch?v=ww7NaZu8a7w\">\"Pionniers de l'\u00e9nergie\"<\/a>\u00a0du r\u00e9alisateur suisse Samuel Stefan pense\u00a0<strong>Leibundgut<\/strong>Tous ces termes seraient tout \u00e0 fait corrects et compl\u00e9mentaires :\u00a0<em>\"Une utopie n'est pas mauvaise en soi. C'est une image que l'on dessine, qui correspond au paradis\".<\/em>\u00a0Dans ce film, avec\u00a0<strong>Bertrand Piccard<\/strong>\u00a0un autre visionnaire a soulev\u00e9 la question suivante :\u00a0<em>\"Sont-ils fous ceux qui ne veulent rien changer ou les pionniers qui veulent tout changer ? L'avenir nous dira qui \u00e9tait fou. Le probl\u00e8me, c'est qu'il sera peut-\u00eatre d\u00e9j\u00e0 trop tard\".<\/em><\/p>\n<p><strong>De l'EPF au march\u00e9<\/strong><br \/>\nPour qu'il ne soit justement pas trop tard et que les nombreuses inventions de Leibundgut puissent \u00eatre r\u00e9unies en un syst\u00e8me de chauffage sans \u00e9missions, des entreprises innovantes du secteur de la technique du b\u00e2timent et de la construction ont\u00a0<a href=\"\/\/www.2sol.ch\/\">Alliance 2SOL<\/a>\u00a0a \u00e9t\u00e9 lanc\u00e9 \u00e0 l'automne 2013 avec un grand \u00e9cho m\u00e9diatique. Ensemble et en se basant sur les approches de Leibundgut, ils ont harmonis\u00e9 les composants techniques de diff\u00e9rents fabricants et les corps de m\u00e9tier impliqu\u00e9s, cr\u00e9ant ainsi un principe de syst\u00e8me commercialisable. L'association Allianz 2SOL s'engage pour un parc immobilier sans \u00e9missions et soutient les ma\u00eetres d'ouvrage et les sp\u00e9cialistes en tant que point de contact et centre de comp\u00e9tences. L'Alliance 2SOL ne propose pas de services ni de produits commerciaux. Contrairement \u00e0 BS2 SA, qui est membre fondateur de l'Alliance 2SOL et qui propose, outre les composants techniques pour un syst\u00e8me \u00e9nerg\u00e9tique de b\u00e2timent sans \u00e9missions, tous les services n\u00e9cessaires \u00e0 sa planification et \u00e0 sa r\u00e9alisation. Ce paquet global s'appelle BS2 Zeleganz et a re\u00e7u en 2017 une reconnaissance de la part du jury de\u00a0<a href=\"\/\/www.sia.ch\/de\/themen\/umsicht-17\/anerkennungen\/bs2-zeleganz\/\">SIA Circonstance<\/a>.<\/p>\n<p><em>\"Le syst\u00e8me Zeleganz mise r\u00e9solument sur un approvisionnement \u00e9nerg\u00e9tique sans sources d'\u00e9nergie fossiles et permet en m\u00eame temps de retrouver une plus grande libert\u00e9 architecturale dans le domaine de l'enveloppe du b\u00e2timent - tant pour les constructions neuves que pour les b\u00e2timents existants. La mani\u00e8re dont une gamme de produits comp\u00e9titive a \u00e9t\u00e9 d\u00e9velopp\u00e9e \u00e0 partir d'une approche syst\u00e9mique innovante, tout en permettant des synergies \u00e9conomiques, est encourageante et exemplaire d'un transfert de technologie r\u00e9ussi dans le domaine des cleantech\".<\/em>\u00a0est la conclusion du jury.<\/p>\n<p><strong>Marc B\u00e4tschmann<\/strong>Depuis 2014, il est CEO de BS2 AG. Il dit de son ancien professeur : \".<em>La collaboration avec Hansj\u00fcrg Leibundgut a toujours \u00e9t\u00e9 passionnante, que ce soit dans le cadre de son poste de professeur \u00e0 l'EPF ou avec lui \u00e0 la BS2. Les id\u00e9es et les nouvelles solutions pour tous les d\u00e9fis techniques jaillissaient de lui. J'admire toujours la coh\u00e9rence et la d\u00e9termination avec lesquelles il a poursuivi ses id\u00e9es et ne s'est pas laiss\u00e9 d\u00e9tourner de sa voie par de fortes r\u00e9sistances. Cet \"esprit\" continue \u00e0 vivre \u00e0 la BS2. Nous le ressentons tous les jours. Pour nous, repr\u00e9sentants de la jeune g\u00e9n\u00e9ration, la grande confiance qu'il a plac\u00e9e dans les jeunes et le soutien qu'il leur a toujours apport\u00e9 sont uniques. C'est avec fiert\u00e9 que nous poursuivons sa vision d'un parc immobilier sans \u00e9missions\".<\/em><\/p>\n<p><em>\u00a0<\/em><strong>Leibundgut s'est toujours int\u00e9ress\u00e9 \u00e0 la question, \u00e0 la logique, \u00e0 la pens\u00e9e pr\u00e9cise et aux r\u00e9alit\u00e9s physiques.<br \/>\n<\/strong>Pour lui, son prestige personnel n'a jamais \u00e9t\u00e9 au premier plan, mais l'impact de son action. Il voulait faire bouger les choses dans l'int\u00e9r\u00eat de la soci\u00e9t\u00e9 et de l'environnement. Cette envie et sa pens\u00e9e et son action incorruptibles ne lui ont pas valu que des amis. Mais comme il s'agissait pour lui de la cause et de l'effet, il s'en est accommod\u00e9. Ce faisant, il a non seulement fait bouger les choses, mais il a aussi chang\u00e9 la fa\u00e7on de penser dans de nombreux esprits.<\/p>\n<p><strong>Le pionnier de l'\u00e9nergie passe le flambeau<br \/>\n<\/strong>Les membres du conseil d'administration et les actionnaires ainsi que les collaborateurs de BS2 SA regrettent vivement le d\u00e9part de Leibundgut du conseil d'administration de BS2 SA, mais comprennent parfaitement sa d\u00e9cision. Il a \u00e9galement apport\u00e9 plus qu'assez \u00e0 cette entreprise pour ne pas pouvoir transmettre en toute bonne conscience ses t\u00e2ches et responsabilit\u00e9s \u00e0 des forces plus jeunes. Nous le remercions pour le chemin que nous avons eu le plaisir de parcourir avec lui et lui souhaitons de tout c\u0153ur le meilleur.<\/p>\n<p><em><u>Liens compl\u00e9mentaires :\u00a0<\/u><a href=\"\/\/ethz.ch\/services\/de\/organisation\/who-is-who\/emeritierte-professorinnen-und-professoren\/details.MTMxODU0.TGlzdC80MDEsLTc0NzY4NzYw.html\"><strong>EPF Zurich<\/strong>\u00a0- Professeurs \u00e9m\u00e9rites\u00a0<\/a><\/em><\/p>","protected":false},"excerpt":{"rendered":"<p>&nbsp; An der gestrigen Generalversammlung der von ihm gemeinsam mit dem Bau- und Immobilienunternehmer Balz Halter im Jahr 2004 gegr\u00fcndeten BS2 AG verabschiedete sich Hansj\u00fcrg Leibundgut von seinen Verwaltungsratskollegen und den BS2-Aktion\u00e4ren. Sein unerm\u00fcdlicher Einsatz f\u00fcr eine Zukunft ohne fossile Brennstoffe wurde von langj\u00e4hrigen Weggef\u00e4hrten gew\u00fcrdigt.\u00a0\u00abHansj\u00fcrg Leibundguts unb\u00e4ndiger Drang, die Bauindustrie und den Geb\u00e4udepark im [&hellip;]<\/p>\n","protected":false},"author":5,"featured_media":3298,"comment_status":"closed","ping_status":"closed","sticky":false,"template":"","format":"standard","meta":{"_acf_changed":false,"_yoast_wpseo_focuskw":"Hansj\u00fcrg Leibundgut","_yoast_wpseo_metadesc":"Der Energiepionier Hansj\u00fcrg Leibundgut zieht sich f\u00fcnf Jahre nach seiner Emeritierung von der ETH Z\u00fcrich nun ganz ins Privatleben zur\u00fcck.","articlekey":"","footnotes":""},"categories":[1],"tags":[584,1127,1253,381,2119,2351],"class_list":["post-10199","post","type-post","status-publish","format-standard","has-post-thumbnail","hentry","category-allgemein","tag-energie","tag-eth","tag-gebaeudeschutz","tag-personalia","tag-sia","tag-umwelt"],"acf":[],"yoast_head":"<!-- This site is optimized with the Yoast SEO plugin v27.4 - https:\/\/yoast.com\/product\/yoast-seo-wordpress\/ -->\n<title>Der Energiepionier Hansj\u00fcrg Leibundgut tritt ab, seine Visionen bleiben bestehen - Organisator<\/title>\n<meta name=\"description\" content=\"Der Energiepionier Hansj\u00fcrg Leibundgut zieht sich f\u00fcnf Jahre nach seiner Emeritierung von der ETH Z\u00fcrich nun ganz ins Privatleben zur\u00fcck.\" \/>\n<meta name=\"robots\" content=\"index, follow, max-snippet:-1, max-image-preview:large, max-video-preview:-1\" \/>\n<link rel=\"canonical\" href=\"https:\/\/www.organisator.ch\/fr\/general\/2020-08-25\/der-energiepionier-hansjuerg-leibundgut-tritt-ab-seine-visionen-bleiben-bestehen\/\" \/>\n<meta property=\"og:locale\" content=\"fr_FR\" \/>\n<meta property=\"og:type\" content=\"article\" \/>\n<meta property=\"og:title\" content=\"Der Energiepionier Hansj\u00fcrg Leibundgut tritt ab, seine Visionen bleiben bestehen - Organisator\" \/>\n<meta property=\"og:description\" content=\"Der Energiepionier Hansj\u00fcrg Leibundgut zieht sich f\u00fcnf Jahre nach seiner Emeritierung von der ETH Z\u00fcrich nun ganz ins Privatleben zur\u00fcck.\" \/>\n<meta property=\"og:url\" content=\"https:\/\/www.organisator.ch\/fr\/general\/2020-08-25\/der-energiepionier-hansjuerg-leibundgut-tritt-ab-seine-visionen-bleiben-bestehen\/\" \/>\n<meta property=\"og:site_name\" content=\"Organisator\" \/>\n<meta property=\"article:publisher\" content=\"https:\/\/www.facebook.com\/OrganisatorFachmagazin\" \/>\n<meta property=\"article:published_time\" content=\"2020-08-25T13:30:32+00:00\" \/>\n<meta property=\"og:image\" content=\"https:\/\/www.organisator.ch\/wp-content\/uploads\/2020\/08\/200824_HJL-mit-Geschenk-scaled.jpg\" \/>\n\t<meta property=\"og:image:width\" content=\"2560\" \/>\n\t<meta property=\"og:image:height\" content=\"1707\" \/>\n\t<meta property=\"og:image:type\" content=\"image\/jpeg\" \/>\n<meta name=\"author\" content=\"michael.merz\" \/>\n<meta name=\"twitter:card\" content=\"summary_large_image\" \/>\n<script type=\"application\/ld+json\" class=\"yoast-schema-graph\">{\"@context\":\"https:\\\/\\\/schema.org\",\"@graph\":[{\"@type\":\"Article\",\"@id\":\"https:\\\/\\\/www.organisator.ch\\\/fr\\\/general\\\/2020-08-25\\\/der-energiepionier-hansjuerg-leibundgut-tritt-ab-seine-visionen-bleiben-bestehen\\\/#article\",\"isPartOf\":{\"@id\":\"https:\\\/\\\/www.organisator.ch\\\/fr\\\/general\\\/2020-08-25\\\/der-energiepionier-hansjuerg-leibundgut-tritt-ab-seine-visionen-bleiben-bestehen\\\/\"},\"author\":{\"name\":\"michael.merz\",\"@id\":\"https:\\\/\\\/www.organisator.ch\\\/#\\\/schema\\\/person\\\/134708ca9321c57b0362cceb7948ffbd\"},\"headline\":\"Der Energiepionier Hansj\u00fcrg Leibundgut tritt ab, seine Visionen bleiben bestehen\",\"datePublished\":\"2020-08-25T13:30:32+00:00\",\"mainEntityOfPage\":{\"@id\":\"https:\\\/\\\/www.organisator.ch\\\/fr\\\/general\\\/2020-08-25\\\/der-energiepionier-hansjuerg-leibundgut-tritt-ab-seine-visionen-bleiben-bestehen\\\/\"},\"wordCount\":937,\"publisher\":{\"@id\":\"https:\\\/\\\/www.organisator.ch\\\/#organization\"},\"image\":{\"@id\":\"https:\\\/\\\/www.organisator.ch\\\/fr\\\/general\\\/2020-08-25\\\/der-energiepionier-hansjuerg-leibundgut-tritt-ab-seine-visionen-bleiben-bestehen\\\/#primaryimage\"},\"thumbnailUrl\":\"https:\\\/\\\/www.organisator.ch\\\/wp-content\\\/uploads\\\/2020\\\/08\\\/200824_HJL-mit-Geschenk-scaled.jpg\",\"keywords\":[\"ENERGIE\",\"ETH\",\"Geb\u00e4udeschutz\",\"Personalia\",\"SIA\",\"Umwelt\"],\"articleSection\":[\"Allgemein\"],\"inLanguage\":\"fr-FR\"},{\"@type\":\"WebPage\",\"@id\":\"https:\\\/\\\/www.organisator.ch\\\/fr\\\/general\\\/2020-08-25\\\/der-energiepionier-hansjuerg-leibundgut-tritt-ab-seine-visionen-bleiben-bestehen\\\/\",\"url\":\"https:\\\/\\\/www.organisator.ch\\\/fr\\\/general\\\/2020-08-25\\\/der-energiepionier-hansjuerg-leibundgut-tritt-ab-seine-visionen-bleiben-bestehen\\\/\",\"name\":\"Der Energiepionier Hansj\u00fcrg Leibundgut tritt ab, seine Visionen bleiben bestehen - Organisator\",\"isPartOf\":{\"@id\":\"https:\\\/\\\/www.organisator.ch\\\/#website\"},\"primaryImageOfPage\":{\"@id\":\"https:\\\/\\\/www.organisator.ch\\\/fr\\\/general\\\/2020-08-25\\\/der-energiepionier-hansjuerg-leibundgut-tritt-ab-seine-visionen-bleiben-bestehen\\\/#primaryimage\"},\"image\":{\"@id\":\"https:\\\/\\\/www.organisator.ch\\\/fr\\\/general\\\/2020-08-25\\\/der-energiepionier-hansjuerg-leibundgut-tritt-ab-seine-visionen-bleiben-bestehen\\\/#primaryimage\"},\"thumbnailUrl\":\"https:\\\/\\\/www.organisator.ch\\\/wp-content\\\/uploads\\\/2020\\\/08\\\/200824_HJL-mit-Geschenk-scaled.jpg\",\"datePublished\":\"2020-08-25T13:30:32+00:00\",\"description\":\"Der Energiepionier Hansj\u00fcrg Leibundgut zieht sich f\u00fcnf Jahre nach seiner Emeritierung von der ETH Z\u00fcrich nun ganz ins Privatleben zur\u00fcck.\",\"breadcrumb\":{\"@id\":\"https:\\\/\\\/www.organisator.ch\\\/fr\\\/general\\\/2020-08-25\\\/der-energiepionier-hansjuerg-leibundgut-tritt-ab-seine-visionen-bleiben-bestehen\\\/#breadcrumb\"},\"inLanguage\":\"fr-FR\",\"potentialAction\":[{\"@type\":\"ReadAction\",\"target\":[\"https:\\\/\\\/www.organisator.ch\\\/fr\\\/general\\\/2020-08-25\\\/der-energiepionier-hansjuerg-leibundgut-tritt-ab-seine-visionen-bleiben-bestehen\\\/\"]}]},{\"@type\":\"ImageObject\",\"inLanguage\":\"fr-FR\",\"@id\":\"https:\\\/\\\/www.organisator.ch\\\/fr\\\/general\\\/2020-08-25\\\/der-energiepionier-hansjuerg-leibundgut-tritt-ab-seine-visionen-bleiben-bestehen\\\/#primaryimage\",\"url\":\"https:\\\/\\\/www.organisator.ch\\\/wp-content\\\/uploads\\\/2020\\\/08\\\/200824_HJL-mit-Geschenk-scaled.jpg\",\"contentUrl\":\"https:\\\/\\\/www.organisator.ch\\\/wp-content\\\/uploads\\\/2020\\\/08\\\/200824_HJL-mit-Geschenk-scaled.jpg\",\"width\":2560,\"height\":1707,\"caption\":\"Hansj\u00fcrg Leibundgut hat f\u00fcr sein Werk mehrere Preise erhalten, so erhielt er 2017 eine Anerkennung von der Jury von SIA. (Bild: zVg)\"},{\"@type\":\"BreadcrumbList\",\"@id\":\"https:\\\/\\\/www.organisator.ch\\\/fr\\\/general\\\/2020-08-25\\\/der-energiepionier-hansjuerg-leibundgut-tritt-ab-seine-visionen-bleiben-bestehen\\\/#breadcrumb\",\"itemListElement\":[{\"@type\":\"ListItem\",\"position\":1,\"name\":\"Home\",\"item\":\"https:\\\/\\\/www.organisator.ch\\\/\"},{\"@type\":\"ListItem\",\"position\":2,\"name\":\"Der Energiepionier Hansj\u00fcrg Leibundgut tritt ab, seine Visionen bleiben bestehen\"}]},{\"@type\":\"WebSite\",\"@id\":\"https:\\\/\\\/www.organisator.ch\\\/#website\",\"url\":\"https:\\\/\\\/www.organisator.ch\\\/\",\"name\":\"Organisator\",\"description\":\"Kompetent. Praxisnah. Der ORGANISATOR bereitet in 10 Ausgaben pro Jahr die wesentlichen Themen f\u00fcr F\u00fchrungskr\u00e4fte von KMU auf.\",\"publisher\":{\"@id\":\"https:\\\/\\\/www.organisator.ch\\\/#organization\"},\"potentialAction\":[{\"@type\":\"SearchAction\",\"target\":{\"@type\":\"EntryPoint\",\"urlTemplate\":\"https:\\\/\\\/www.organisator.ch\\\/?s={search_term_string}\"},\"query-input\":{\"@type\":\"PropertyValueSpecification\",\"valueRequired\":true,\"valueName\":\"search_term_string\"}}],\"inLanguage\":\"fr-FR\"},{\"@type\":\"Organization\",\"@id\":\"https:\\\/\\\/www.organisator.ch\\\/#organization\",\"name\":\"Organisator\",\"url\":\"https:\\\/\\\/www.organisator.ch\\\/\",\"logo\":{\"@type\":\"ImageObject\",\"inLanguage\":\"fr-FR\",\"@id\":\"https:\\\/\\\/www.organisator.ch\\\/#\\\/schema\\\/logo\\\/image\\\/\",\"url\":\"https:\\\/\\\/www.organisator.ch\\\/wp-content\\\/uploads\\\/2022\\\/01\\\/Logo_Organisator_Website.png\",\"contentUrl\":\"https:\\\/\\\/www.organisator.ch\\\/wp-content\\\/uploads\\\/2022\\\/01\\\/Logo_Organisator_Website.png\",\"width\":800,\"height\":77,\"caption\":\"Organisator\"},\"image\":{\"@id\":\"https:\\\/\\\/www.organisator.ch\\\/#\\\/schema\\\/logo\\\/image\\\/\"},\"sameAs\":[\"https:\\\/\\\/www.facebook.com\\\/OrganisatorFachmagazin\",\"https:\\\/\\\/www.linkedin.com\\\/showcase\\\/organisator-das-magazin-fr-kmu\",\"https:\\\/\\\/www.xing.com\\\/news\\\/pages\\\/organisator-ch-695\",\"https:\\\/\\\/www.youtube.com\\\/channel\\\/UCGP2Sq0iWaZwT3BdIAQFYpw\"]},{\"@type\":\"Person\",\"@id\":\"https:\\\/\\\/www.organisator.ch\\\/#\\\/schema\\\/person\\\/134708ca9321c57b0362cceb7948ffbd\",\"name\":\"michael.merz\",\"image\":{\"@type\":\"ImageObject\",\"inLanguage\":\"fr-FR\",\"@id\":\"https:\\\/\\\/secure.gravatar.com\\\/avatar\\\/?s=96&d=mm&r=g\",\"url\":\"https:\\\/\\\/secure.gravatar.com\\\/avatar\\\/?s=96&d=mm&r=g\",\"contentUrl\":\"https:\\\/\\\/secure.gravatar.com\\\/avatar\\\/?s=96&d=mm&r=g\",\"caption\":\"michael.merz\"},\"url\":\"https:\\\/\\\/www.organisator.ch\\\/fr\\\/author\\\/michael-merz\\\/\"}]}<\/script>\n<!-- \/ Yoast SEO plugin. -->","yoast_head_json":{"title":"Le pionnier de l'\u00e9nergie Hansj\u00fcrg Leibundgut se retire, ses visions demeurent - Organisateur","description":"Cinq ans apr\u00e8s avoir pris sa retraite de l'EPF de Zurich, le pionnier de l'\u00e9nergie Hansj\u00fcrg Leibundgut se retire d\u00e9sormais enti\u00e8rement dans la vie priv\u00e9e.","robots":{"index":"index","follow":"follow","max-snippet":"max-snippet:-1","max-image-preview":"max-image-preview:large","max-video-preview":"max-video-preview:-1"},"canonical":"https:\/\/www.organisator.ch\/fr\/general\/2020-08-25\/der-energiepionier-hansjuerg-leibundgut-tritt-ab-seine-visionen-bleiben-bestehen\/","og_locale":"fr_FR","og_type":"article","og_title":"Der Energiepionier Hansj\u00fcrg Leibundgut tritt ab, seine Visionen bleiben bestehen - Organisator","og_description":"Der Energiepionier Hansj\u00fcrg Leibundgut zieht sich f\u00fcnf Jahre nach seiner Emeritierung von der ETH Z\u00fcrich nun ganz ins Privatleben zur\u00fcck.","og_url":"https:\/\/www.organisator.ch\/fr\/general\/2020-08-25\/der-energiepionier-hansjuerg-leibundgut-tritt-ab-seine-visionen-bleiben-bestehen\/","og_site_name":"Organisator","article_publisher":"https:\/\/www.facebook.com\/OrganisatorFachmagazin","article_published_time":"2020-08-25T13:30:32+00:00","og_image":[{"width":2560,"height":1707,"url":"https:\/\/www.organisator.ch\/wp-content\/uploads\/2020\/08\/200824_HJL-mit-Geschenk-scaled.jpg","type":"image\/jpeg"}],"author":"michael.merz","twitter_card":"summary_large_image","schema":{"@context":"https:\/\/schema.org","@graph":[{"@type":"Article","@id":"https:\/\/www.organisator.ch\/fr\/general\/2020-08-25\/der-energiepionier-hansjuerg-leibundgut-tritt-ab-seine-visionen-bleiben-bestehen\/#article","isPartOf":{"@id":"https:\/\/www.organisator.ch\/fr\/general\/2020-08-25\/der-energiepionier-hansjuerg-leibundgut-tritt-ab-seine-visionen-bleiben-bestehen\/"},"author":{"name":"michael.merz","@id":"https:\/\/www.organisator.ch\/#\/schema\/person\/134708ca9321c57b0362cceb7948ffbd"},"headline":"Der Energiepionier Hansj\u00fcrg Leibundgut tritt ab, seine Visionen bleiben bestehen","datePublished":"2020-08-25T13:30:32+00:00","mainEntityOfPage":{"@id":"https:\/\/www.organisator.ch\/fr\/general\/2020-08-25\/der-energiepionier-hansjuerg-leibundgut-tritt-ab-seine-visionen-bleiben-bestehen\/"},"wordCount":937,"publisher":{"@id":"https:\/\/www.organisator.ch\/#organization"},"image":{"@id":"https:\/\/www.organisator.ch\/fr\/general\/2020-08-25\/der-energiepionier-hansjuerg-leibundgut-tritt-ab-seine-visionen-bleiben-bestehen\/#primaryimage"},"thumbnailUrl":"https:\/\/www.organisator.ch\/wp-content\/uploads\/2020\/08\/200824_HJL-mit-Geschenk-scaled.jpg","keywords":["ENERGIE","ETH","Geb\u00e4udeschutz","Personalia","SIA","Umwelt"],"articleSection":["Allgemein"],"inLanguage":"fr-FR"},{"@type":"WebPage","@id":"https:\/\/www.organisator.ch\/fr\/general\/2020-08-25\/der-energiepionier-hansjuerg-leibundgut-tritt-ab-seine-visionen-bleiben-bestehen\/","url":"https:\/\/www.organisator.ch\/fr\/general\/2020-08-25\/der-energiepionier-hansjuerg-leibundgut-tritt-ab-seine-visionen-bleiben-bestehen\/","name":"Le pionnier de l'\u00e9nergie Hansj\u00fcrg Leibundgut se retire, ses visions demeurent - Organisateur","isPartOf":{"@id":"https:\/\/www.organisator.ch\/#website"},"primaryImageOfPage":{"@id":"https:\/\/www.organisator.ch\/fr\/general\/2020-08-25\/der-energiepionier-hansjuerg-leibundgut-tritt-ab-seine-visionen-bleiben-bestehen\/#primaryimage"},"image":{"@id":"https:\/\/www.organisator.ch\/fr\/general\/2020-08-25\/der-energiepionier-hansjuerg-leibundgut-tritt-ab-seine-visionen-bleiben-bestehen\/#primaryimage"},"thumbnailUrl":"https:\/\/www.organisator.ch\/wp-content\/uploads\/2020\/08\/200824_HJL-mit-Geschenk-scaled.jpg","datePublished":"2020-08-25T13:30:32+00:00","description":"Cinq ans apr\u00e8s avoir pris sa retraite de l'EPF de Zurich, le pionnier de l'\u00e9nergie Hansj\u00fcrg Leibundgut se retire d\u00e9sormais enti\u00e8rement dans la vie priv\u00e9e.","breadcrumb":{"@id":"https:\/\/www.organisator.ch\/fr\/general\/2020-08-25\/der-energiepionier-hansjuerg-leibundgut-tritt-ab-seine-visionen-bleiben-bestehen\/#breadcrumb"},"inLanguage":"fr-FR","potentialAction":[{"@type":"ReadAction","target":["https:\/\/www.organisator.ch\/fr\/general\/2020-08-25\/der-energiepionier-hansjuerg-leibundgut-tritt-ab-seine-visionen-bleiben-bestehen\/"]}]},{"@type":"ImageObject","inLanguage":"fr-FR","@id":"https:\/\/www.organisator.ch\/fr\/general\/2020-08-25\/der-energiepionier-hansjuerg-leibundgut-tritt-ab-seine-visionen-bleiben-bestehen\/#primaryimage","url":"https:\/\/www.organisator.ch\/wp-content\/uploads\/2020\/08\/200824_HJL-mit-Geschenk-scaled.jpg","contentUrl":"https:\/\/www.organisator.ch\/wp-content\/uploads\/2020\/08\/200824_HJL-mit-Geschenk-scaled.jpg","width":2560,"height":1707,"caption":"Hansj\u00fcrg Leibundgut hat f\u00fcr sein Werk mehrere Preise erhalten, so erhielt er 2017 eine Anerkennung von der Jury von SIA. (Bild: zVg)"},{"@type":"BreadcrumbList","@id":"https:\/\/www.organisator.ch\/fr\/general\/2020-08-25\/der-energiepionier-hansjuerg-leibundgut-tritt-ab-seine-visionen-bleiben-bestehen\/#breadcrumb","itemListElement":[{"@type":"ListItem","position":1,"name":"Home","item":"https:\/\/www.organisator.ch\/"},{"@type":"ListItem","position":2,"name":"Der Energiepionier Hansj\u00fcrg Leibundgut tritt ab, seine Visionen bleiben bestehen"}]},{"@type":"WebSite","@id":"https:\/\/www.organisator.ch\/#website","url":"https:\/\/www.organisator.ch\/","name":"Organisateur","description":"Comp\u00e9tence et comp\u00e9tence. Proches de la pratique. L'ORGANISATEUR pr\u00e9pare 10 num\u00e9ros par an sur les th\u00e8mes essentiels pour les dirigeants de PME.","publisher":{"@id":"https:\/\/www.organisator.ch\/#organization"},"potentialAction":[{"@type":"SearchAction","target":{"@type":"EntryPoint","urlTemplate":"https:\/\/www.organisator.ch\/?s={search_term_string}"},"query-input":{"@type":"PropertyValueSpecification","valueRequired":true,"valueName":"search_term_string"}}],"inLanguage":"fr-FR"},{"@type":"Organization","@id":"https:\/\/www.organisator.ch\/#organization","name":"Organisateur","url":"https:\/\/www.organisator.ch\/","logo":{"@type":"ImageObject","inLanguage":"fr-FR","@id":"https:\/\/www.organisator.ch\/#\/schema\/logo\/image\/","url":"https:\/\/www.organisator.ch\/wp-content\/uploads\/2022\/01\/Logo_Organisator_Website.png","contentUrl":"https:\/\/www.organisator.ch\/wp-content\/uploads\/2022\/01\/Logo_Organisator_Website.png","width":800,"height":77,"caption":"Organisator"},"image":{"@id":"https:\/\/www.organisator.ch\/#\/schema\/logo\/image\/"},"sameAs":["https:\/\/www.facebook.com\/OrganisatorFachmagazin","https:\/\/www.linkedin.com\/showcase\/organisator-das-magazin-fr-kmu","https:\/\/www.xing.com\/news\/pages\/organisator-ch-695","https:\/\/www.youtube.com\/channel\/UCGP2Sq0iWaZwT3BdIAQFYpw"]},{"@type":"Person","@id":"https:\/\/www.organisator.ch\/#\/schema\/person\/134708ca9321c57b0362cceb7948ffbd","name":"michael.merz","image":{"@type":"ImageObject","inLanguage":"fr-FR","@id":"https:\/\/secure.gravatar.com\/avatar\/?s=96&d=mm&r=g","url":"https:\/\/secure.gravatar.com\/avatar\/?s=96&d=mm&r=g","contentUrl":"https:\/\/secure.gravatar.com\/avatar\/?s=96&d=mm&r=g","caption":"michael.merz"},"url":"https:\/\/www.organisator.ch\/fr\/author\/michael-merz\/"}]}},"_links":{"self":[{"href":"https:\/\/www.organisator.ch\/fr\/wp-json\/wp\/v2\/posts\/10199","targetHints":{"allow":["GET"]}}],"collection":[{"href":"https:\/\/www.organisator.ch\/fr\/wp-json\/wp\/v2\/posts"}],"about":[{"href":"https:\/\/www.organisator.ch\/fr\/wp-json\/wp\/v2\/types\/post"}],"author":[{"embeddable":true,"href":"https:\/\/www.organisator.ch\/fr\/wp-json\/wp\/v2\/users\/5"}],"replies":[{"embeddable":true,"href":"https:\/\/www.organisator.ch\/fr\/wp-json\/wp\/v2\/comments?post=10199"}],"version-history":[{"count":0,"href":"https:\/\/www.organisator.ch\/fr\/wp-json\/wp\/v2\/posts\/10199\/revisions"}],"wp:featuredmedia":[{"embeddable":true,"href":"https:\/\/www.organisator.ch\/fr\/wp-json\/wp\/v2\/media\/3298"}],"wp:attachment":[{"href":"https:\/\/www.organisator.ch\/fr\/wp-json\/wp\/v2\/media?parent=10199"}],"wp:term":[{"taxonomy":"category","embeddable":true,"href":"https:\/\/www.organisator.ch\/fr\/wp-json\/wp\/v2\/categories?post=10199"},{"taxonomy":"post_tag","embeddable":true,"href":"https:\/\/www.organisator.ch\/fr\/wp-json\/wp\/v2\/tags?post=10199"}],"curies":[{"name":"wp","href":"https:\/\/api.w.org\/{rel}","templated":true}]}}