{"id":10206,"date":"2020-09-08T17:20:49","date_gmt":"2020-09-08T15:20:49","guid":{"rendered":"https:\/\/www.umweltperspektiven.ch\/?p=3340"},"modified":"2022-02-09T11:09:55","modified_gmt":"2022-02-09T10:09:55","slug":"swiss-green-economy-symposium-2020-mit-dialog-und-eigensinn-zur-nachhaltigkeit","status":"publish","type":"post","link":"https:\/\/www.organisator.ch\/fr\/sustainability\/2020-09-08\/swiss-green-economy-symposium-2020-mit-dialog-und-eigensinn-zur-nachhaltigkeit\/","title":{"rendered":"Swiss Green Economy Symposium 2020 : Vers la durabilit\u00e9 par le dialogue et l'obstination"},"content":{"rendered":"<p>&nbsp;<\/p>\n<figure id=\"attachment_3341\" aria-describedby=\"caption-attachment-3341\" style=\"width: 612px\" class=\"wp-caption alignnone\"><img loading=\"lazy\" decoding=\"async\" class=\"wp-image-3341\" src=\"\/\/www.umweltperspektiven.ch\/wp-content\/uploads\/2020\/09\/SGES.jpg\" alt=\"\" width=\"612\" height=\"459\" \/><figcaption id=\"caption-attachment-3341\" class=\"wp-caption-text\">Toujours objectifs : les animateurs du SGES 2020 Sonja Hassler et Dominique Reber. (Photo : Michael Merz)<\/figcaption><\/figure>\n<p>Dans son discours de bienvenue au Swiss Green Economy Symposium 2020, le maire de Winterthur a montr\u00e9 comment la deuxi\u00e8me plus grande ville du canton de Zurich interpr\u00e8te le d\u00e9veloppement urbain durable : \"Beaucoup d'inspiration, de curiosit\u00e9 et d'int\u00e9r\u00eat pour la coop\u00e9ration. Nous avons besoin de tout cela pour r\u00e9ussir \u00e0 innover\", a d\u00e9clar\u00e9 Michael K\u00fcnzle en guise d'introduction au Swiss Green Economy Symposium. Ensuite, des repr\u00e9sentants de l'\u00e9conomie, de la science, de la politique et de l'administration ont discut\u00e9 de la mani\u00e8re dont la num\u00e9risation et la pens\u00e9e visionnaire peuvent \u00eatre utilis\u00e9es pour la durabilit\u00e9.<\/p>\n<p>On a ainsi pu voir comment les entreprises g\u00e8rent leur activit\u00e9 de mani\u00e8re plus durable gr\u00e2ce \u00e0 la technologie blockchain et quelles sont les opportunit\u00e9s offertes par la 5G, notamment en mati\u00e8re de r\u00e9duction des \u00e9missions de CO2 (voir aussi la comparaison sur le site de l'OCDE).\u00a0<a href=\"\/\/www.risiko-dialog.ch\/projekt\/divergierende-risikobewertungen-im-bereich-mobilfunk\/\">\"Evaluations divergentes des risques dans le domaine de la t\u00e9l\u00e9phonie mobile<\/a>\"). Les participants \u00e9taient d'accord sur le fait que des manifestations telles que le Swiss Green Economy Symposium sont importantes pour surmonter la pens\u00e9e en silo et pour d\u00e9velopper ensemble des id\u00e9es innovantes.<\/p>\n<p><strong>\u00a0<\/strong><strong>Les prix vont \u00e0 l'\u00e9quipe bois de l'EMPA et aux \u00e9tudiants de la ZHAW<\/strong><\/p>\n<p>Le professeur Ingo Burgert du Laboratoire f\u00e9d\u00e9ral d'essai des mat\u00e9riaux et de recherche (Empa) a illustr\u00e9 la fascination que peut susciter le mat\u00e9riau bois. Lui et son \u00e9quipe WoodTec de l'Empa ont re\u00e7u le SDG-Unternehmens-Award du Swiss Green Economy Symposium. En leur d\u00e9cernant ce prix, le Swiss Green Economy Symposium a rendu hommage aux chercheurs pour leur performance autour du th\u00e8me de la construction durable en bois. D'autres prix ont \u00e9t\u00e9 d\u00e9cern\u00e9s \u00e0 des \u00e9tudiants de la ZHAW pour leurs remarquables travaux de bachelor et de master. Sur la sc\u00e8ne, les jeunes gens se sont montr\u00e9s visiblement ravis de recevoir le prix et de l'\u00e9loge prononc\u00e9 par le professeur Jean-Marc Piveteau, recteur de la ZHAW.<\/p>\n<p>Apr\u00e8s un court-m\u00e9trage sur le th\u00e8me des d\u00e9chets alimentaires et une pause de r\u00e9seautage, le programme de la matin\u00e9e s'est poursuivi avec le th\u00e8me \"D\u00e9marrer maintenant avec l'\u00e9conomie circulaire\". Au cours des expos\u00e9s et des discussions en panel, les participants ont montr\u00e9, \u00e0 l'aide d'exemples concrets tels que les installations de valorisation des d\u00e9chets, le recyclage du plastique ou la production de ciment, comment l'\u00e9conomie circulaire peut \u00eatre une opportunit\u00e9 de croissance. Bien mise en \u0153uvre, elle peut cr\u00e9er de nouveaux emplois et contribuer \u00e0 r\u00e9duire l'impact sur l'environnement.<\/p>\n<p><strong>Sortir durablement de la crise<\/strong><\/p>\n<p>Avant de passer au d\u00e9jeuner bien m\u00e9rit\u00e9, les participants ont encore une fois fait preuve de toute leur attention. Sur sc\u00e8ne - et plus tard lors d'entretiens personnels - ils ont discut\u00e9 de la mani\u00e8re dont il est possible de trouver des solutions durables pour sortir de la crise. Il est apparu clairement que la technologie pouvait am\u00e9liorer le syst\u00e8me de sant\u00e9 et que le bois pouvait compl\u00e9ter durablement d'autres mat\u00e9riaux comme le b\u00e9ton sur les chantiers.<\/p>\n<p>L'apr\u00e8s-midi, les visiteurs se sont r\u00e9partis. Ils avaient le choix entre de nombreux forums d'innovation, au cours desquels ils ont pu discuter de mani\u00e8re approfondie de th\u00e8mes aussi divers que les aliments de haute technologie, l'impact investing, les scories des ordures m\u00e9nag\u00e8res et les v\u00e9hicules autonomes. Dans le forum d'innovation sur les Smart Cities, pr\u00e9sent\u00e9 bri\u00e8vement ici comme exemple d'un de ces forums, l'accent a d'abord \u00e9t\u00e9 mis sur des projets pilotes de Winterthur (p. ex. simulation climatique Lokstadt, g\u00e9n\u00e9ration de donn\u00e9es par une action de promotion de la marche\/du v\u00e9lo, v\u00e9hicule de collecte \u00e9lectrique). Les participants ont \u00e9galement pu apprendre beaucoup de choses et discuter activement des activit\u00e9s d'autres villes suisses et \u00e9trang\u00e8res, de l'\u00e9conomie et des organisations internationales.<\/p>\n<p><strong>Th\u00e8me populaire : \"Smart Cities\".\u00a0<\/strong><\/p>\n<p>En raison du grand int\u00e9r\u00eat suscit\u00e9 par le th\u00e8me des Smart Cities, le forum d'innovation s'est \u00e9tendu au jour suivant, qui a \u00e9t\u00e9 ouvert par l'ambassade des Pays-Bas, soulignant ainsi la collaboration avec le pays partenaire. La deuxi\u00e8me journ\u00e9e du Forum de l'innovation Smart Cities a offert une plateforme de dialogue pour les associations nationales Smart City Hub Switzerland et Smart City Alliance, ainsi que de pr\u00e9cieuses possibilit\u00e9s de r\u00e9seautage pour leurs membres, qui ont partag\u00e9 des exp\u00e9riences concr\u00e8tes avec les personnes pr\u00e9sentes.<\/p>\n<p>En outre, des initiatives internationales telles que \"United for Smart Sustainable Cities\" de l'UIT-UN et le Global Smart City Partnership Program de la Banque mondiale, ainsi que les possibilit\u00e9s d'exportation de Switzerland Global Enterprise et les instruments d'encouragement du FNS, d'Innosuisse et de SuisseEnergie pour les communes ont \u00e9t\u00e9 pr\u00e9sent\u00e9s en ligne. Des ateliers plus petits ont permis d'approfondir de mani\u00e8re stimulante de nombreux th\u00e8mes li\u00e9s aux smart cities et de les d\u00e9velopper en partenariat.<\/p>\n<p>Le dernier expos\u00e9 de la journ\u00e9e principale a \u00e9t\u00e9 pr\u00e9sent\u00e9 par le conseiller d'\u00c9tat Martin Neukom, qui a notamment expliqu\u00e9 pourquoi les fa\u00e7ades solaires seront la norme \u00e0 l'avenir sur les b\u00e2timents et pourquoi l'avenir n'appartient clairement pas aux moteurs \u00e0 combustion. Apr\u00e8s une journ\u00e9e intense, mais passionnante et inspirante, il \u00e9tait temps de passer \u00e0 un programme plus informel : Lors de l'ap\u00e9ritif de r\u00e9seautage, les participants ont pu encore une fois passer tout en revue et discuter des points en suspens.<\/p>\n<p>Accompagn\u00e9s en musique par le trio maison de JazzChur, ils ont cl\u00f4tur\u00e9 la journ\u00e9e principale du Swiss Green Economy Symposium 2020.<\/p>\n<p><a href=\"\/\/www.sges.ch\">www.sges.ch<\/a><\/p>","protected":false},"excerpt":{"rendered":"<p>&nbsp; In seiner Begr\u00fcssungsrede zum Swiss Green Economy Symposium 2020\u00a0zeigte der Stadtpr\u00e4sident von Winterthur, wie die zweitgr\u00f6sste Stadt des Kantons Z\u00fcrich nachhaltige Stadtentwicklung interpretiert:\u00a0\u00abViel Inspiration, Neugierde und Interesse an Kooperationen. All dies brauchen wir f\u00fcr erfolgreiche Innovationen\u00bb, l\u00e4utete Michael K\u00fcnzle das Swiss Green Economy Symposium ein. Als n\u00e4chsten Programmpunkt diskutierten Vertreter aus Wirtschaft, Wissenschaft, Politik [&hellip;]<\/p>\n","protected":false},"author":5,"featured_media":9727,"comment_status":"closed","ping_status":"closed","sticky":false,"template":"","format":"standard","meta":{"_acf_changed":false,"_yoast_wpseo_focuskw":"Swiss Green Economy Symposium 2020","_yoast_wpseo_metadesc":"Im Mittelpunkt am 7. Swiss Green Economy Symposium 2020 standen die Themen Strategiefindung, Digitalisierung und Kreislaufwirtschaft auf dem Programm.","articlekey":"","footnotes":""},"categories":[580],"tags":[131,156,458,2260,502,2574,2577],"class_list":["post-10206","post","type-post","status-publish","format-standard","has-post-thumbnail","hentry","category-sustainability","tag-corona-krise","tag-digitalisierung","tag-strategie","tag-swiss-green-economy-symposium-2020","tag-veranstaltungen","tag-winterthur","tag-wirtschaftlichkeit"],"acf":[],"yoast_head":"<!-- This site is optimized with the Yoast SEO plugin v27.4 - https:\/\/yoast.com\/product\/yoast-seo-wordpress\/ -->\n<title>Swiss Green Economy Symposium 2020: Mit Dialog und Eigensinn zur Nachhaltigkeit - Organisator<\/title>\n<meta name=\"description\" content=\"Im Mittelpunkt am 7. Swiss Green Economy Symposium 2020 standen die Themen Strategiefindung, Digitalisierung und Kreislaufwirtschaft auf dem Programm.\" \/>\n<meta name=\"robots\" content=\"index, follow, max-snippet:-1, max-image-preview:large, max-video-preview:-1\" \/>\n<link rel=\"canonical\" href=\"https:\/\/www.organisator.ch\/fr\/sustainability\/2020-09-08\/swiss-green-economy-symposium-2020-mit-dialog-und-eigensinn-zur-nachhaltigkeit\/\" \/>\n<meta property=\"og:locale\" content=\"fr_FR\" \/>\n<meta property=\"og:type\" content=\"article\" \/>\n<meta property=\"og:title\" content=\"Swiss Green Economy Symposium 2020: Mit Dialog und Eigensinn zur Nachhaltigkeit - Organisator\" \/>\n<meta property=\"og:description\" content=\"Im Mittelpunkt am 7. Swiss Green Economy Symposium 2020 standen die Themen Strategiefindung, Digitalisierung und Kreislaufwirtschaft auf dem Programm.\" \/>\n<meta property=\"og:url\" content=\"https:\/\/www.organisator.ch\/fr\/sustainability\/2020-09-08\/swiss-green-economy-symposium-2020-mit-dialog-und-eigensinn-zur-nachhaltigkeit\/\" \/>\n<meta property=\"og:site_name\" content=\"Organisator\" \/>\n<meta property=\"article:publisher\" content=\"https:\/\/www.facebook.com\/OrganisatorFachmagazin\" \/>\n<meta property=\"article:published_time\" content=\"2020-09-08T15:20:49+00:00\" \/>\n<meta property=\"article:modified_time\" content=\"2022-02-09T10:09:55+00:00\" \/>\n<meta property=\"og:image\" content=\"https:\/\/www.organisator.ch\/wp-content\/uploads\/2020\/09\/SGES-scaled.jpg\" \/>\n\t<meta property=\"og:image:width\" content=\"2560\" \/>\n\t<meta property=\"og:image:height\" content=\"1920\" \/>\n\t<meta property=\"og:image:type\" content=\"image\/jpeg\" \/>\n<meta name=\"author\" content=\"michael.merz\" \/>\n<meta name=\"twitter:card\" content=\"summary_large_image\" \/>\n<script type=\"application\/ld+json\" class=\"yoast-schema-graph\">{\"@context\":\"https:\\\/\\\/schema.org\",\"@graph\":[{\"@type\":\"Article\",\"@id\":\"https:\\\/\\\/www.organisator.ch\\\/sustainability\\\/2020-09-08\\\/swiss-green-economy-symposium-2020-mit-dialog-und-eigensinn-zur-nachhaltigkeit\\\/#article\",\"isPartOf\":{\"@id\":\"https:\\\/\\\/www.organisator.ch\\\/sustainability\\\/2020-09-08\\\/swiss-green-economy-symposium-2020-mit-dialog-und-eigensinn-zur-nachhaltigkeit\\\/\"},\"author\":{\"name\":\"michael.merz\",\"@id\":\"https:\\\/\\\/www.organisator.ch\\\/#\\\/schema\\\/person\\\/134708ca9321c57b0362cceb7948ffbd\"},\"headline\":\"Swiss Green Economy Symposium 2020: Mit Dialog und Eigensinn zur Nachhaltigkeit\",\"datePublished\":\"2020-09-08T15:20:49+00:00\",\"dateModified\":\"2022-02-09T10:09:55+00:00\",\"mainEntityOfPage\":{\"@id\":\"https:\\\/\\\/www.organisator.ch\\\/sustainability\\\/2020-09-08\\\/swiss-green-economy-symposium-2020-mit-dialog-und-eigensinn-zur-nachhaltigkeit\\\/\"},\"wordCount\":700,\"publisher\":{\"@id\":\"https:\\\/\\\/www.organisator.ch\\\/#organization\"},\"image\":{\"@id\":\"https:\\\/\\\/www.organisator.ch\\\/sustainability\\\/2020-09-08\\\/swiss-green-economy-symposium-2020-mit-dialog-und-eigensinn-zur-nachhaltigkeit\\\/#primaryimage\"},\"thumbnailUrl\":\"https:\\\/\\\/www.organisator.ch\\\/wp-content\\\/uploads\\\/2020\\\/09\\\/SGES-scaled.jpg\",\"keywords\":[\"Corona-Krise\",\"Digitalisierung\",\"Strategie\",\"Swiss Green Economy Symposium 2020\",\"Veranstaltungen\",\"Winterthur\",\"Wirtschaftlichkeit\"],\"articleSection\":[\"SUSTAINABILITY\"],\"inLanguage\":\"fr-FR\"},{\"@type\":\"WebPage\",\"@id\":\"https:\\\/\\\/www.organisator.ch\\\/sustainability\\\/2020-09-08\\\/swiss-green-economy-symposium-2020-mit-dialog-und-eigensinn-zur-nachhaltigkeit\\\/\",\"url\":\"https:\\\/\\\/www.organisator.ch\\\/sustainability\\\/2020-09-08\\\/swiss-green-economy-symposium-2020-mit-dialog-und-eigensinn-zur-nachhaltigkeit\\\/\",\"name\":\"Swiss Green Economy Symposium 2020: Mit Dialog und Eigensinn zur Nachhaltigkeit - Organisator\",\"isPartOf\":{\"@id\":\"https:\\\/\\\/www.organisator.ch\\\/#website\"},\"primaryImageOfPage\":{\"@id\":\"https:\\\/\\\/www.organisator.ch\\\/sustainability\\\/2020-09-08\\\/swiss-green-economy-symposium-2020-mit-dialog-und-eigensinn-zur-nachhaltigkeit\\\/#primaryimage\"},\"image\":{\"@id\":\"https:\\\/\\\/www.organisator.ch\\\/sustainability\\\/2020-09-08\\\/swiss-green-economy-symposium-2020-mit-dialog-und-eigensinn-zur-nachhaltigkeit\\\/#primaryimage\"},\"thumbnailUrl\":\"https:\\\/\\\/www.organisator.ch\\\/wp-content\\\/uploads\\\/2020\\\/09\\\/SGES-scaled.jpg\",\"datePublished\":\"2020-09-08T15:20:49+00:00\",\"dateModified\":\"2022-02-09T10:09:55+00:00\",\"description\":\"Im Mittelpunkt am 7. Swiss Green Economy Symposium 2020 standen die Themen Strategiefindung, Digitalisierung und Kreislaufwirtschaft auf dem Programm.\",\"breadcrumb\":{\"@id\":\"https:\\\/\\\/www.organisator.ch\\\/sustainability\\\/2020-09-08\\\/swiss-green-economy-symposium-2020-mit-dialog-und-eigensinn-zur-nachhaltigkeit\\\/#breadcrumb\"},\"inLanguage\":\"fr-FR\",\"potentialAction\":[{\"@type\":\"ReadAction\",\"target\":[\"https:\\\/\\\/www.organisator.ch\\\/sustainability\\\/2020-09-08\\\/swiss-green-economy-symposium-2020-mit-dialog-und-eigensinn-zur-nachhaltigkeit\\\/\"]}]},{\"@type\":\"ImageObject\",\"inLanguage\":\"fr-FR\",\"@id\":\"https:\\\/\\\/www.organisator.ch\\\/sustainability\\\/2020-09-08\\\/swiss-green-economy-symposium-2020-mit-dialog-und-eigensinn-zur-nachhaltigkeit\\\/#primaryimage\",\"url\":\"https:\\\/\\\/www.organisator.ch\\\/wp-content\\\/uploads\\\/2020\\\/09\\\/SGES-scaled.jpg\",\"contentUrl\":\"https:\\\/\\\/www.organisator.ch\\\/wp-content\\\/uploads\\\/2020\\\/09\\\/SGES-scaled.jpg\",\"width\":2560,\"height\":1920},{\"@type\":\"BreadcrumbList\",\"@id\":\"https:\\\/\\\/www.organisator.ch\\\/sustainability\\\/2020-09-08\\\/swiss-green-economy-symposium-2020-mit-dialog-und-eigensinn-zur-nachhaltigkeit\\\/#breadcrumb\",\"itemListElement\":[{\"@type\":\"ListItem\",\"position\":1,\"name\":\"Home\",\"item\":\"https:\\\/\\\/www.organisator.ch\\\/\"},{\"@type\":\"ListItem\",\"position\":2,\"name\":\"Swiss Green Economy Symposium 2020: Mit Dialog und Eigensinn zur Nachhaltigkeit\"}]},{\"@type\":\"WebSite\",\"@id\":\"https:\\\/\\\/www.organisator.ch\\\/#website\",\"url\":\"https:\\\/\\\/www.organisator.ch\\\/\",\"name\":\"Organisator\",\"description\":\"Kompetent. Praxisnah. Der ORGANISATOR bereitet in 10 Ausgaben pro Jahr die wesentlichen Themen f\u00fcr F\u00fchrungskr\u00e4fte von KMU auf.\",\"publisher\":{\"@id\":\"https:\\\/\\\/www.organisator.ch\\\/#organization\"},\"potentialAction\":[{\"@type\":\"SearchAction\",\"target\":{\"@type\":\"EntryPoint\",\"urlTemplate\":\"https:\\\/\\\/www.organisator.ch\\\/?s={search_term_string}\"},\"query-input\":{\"@type\":\"PropertyValueSpecification\",\"valueRequired\":true,\"valueName\":\"search_term_string\"}}],\"inLanguage\":\"fr-FR\"},{\"@type\":\"Organization\",\"@id\":\"https:\\\/\\\/www.organisator.ch\\\/#organization\",\"name\":\"Organisator\",\"url\":\"https:\\\/\\\/www.organisator.ch\\\/\",\"logo\":{\"@type\":\"ImageObject\",\"inLanguage\":\"fr-FR\",\"@id\":\"https:\\\/\\\/www.organisator.ch\\\/#\\\/schema\\\/logo\\\/image\\\/\",\"url\":\"https:\\\/\\\/www.organisator.ch\\\/wp-content\\\/uploads\\\/2022\\\/01\\\/Logo_Organisator_Website.png\",\"contentUrl\":\"https:\\\/\\\/www.organisator.ch\\\/wp-content\\\/uploads\\\/2022\\\/01\\\/Logo_Organisator_Website.png\",\"width\":800,\"height\":77,\"caption\":\"Organisator\"},\"image\":{\"@id\":\"https:\\\/\\\/www.organisator.ch\\\/#\\\/schema\\\/logo\\\/image\\\/\"},\"sameAs\":[\"https:\\\/\\\/www.facebook.com\\\/OrganisatorFachmagazin\",\"https:\\\/\\\/www.linkedin.com\\\/showcase\\\/organisator-das-magazin-fr-kmu\",\"https:\\\/\\\/www.xing.com\\\/news\\\/pages\\\/organisator-ch-695\",\"https:\\\/\\\/www.youtube.com\\\/channel\\\/UCGP2Sq0iWaZwT3BdIAQFYpw\"]},{\"@type\":\"Person\",\"@id\":\"https:\\\/\\\/www.organisator.ch\\\/#\\\/schema\\\/person\\\/134708ca9321c57b0362cceb7948ffbd\",\"name\":\"michael.merz\",\"image\":{\"@type\":\"ImageObject\",\"inLanguage\":\"fr-FR\",\"@id\":\"https:\\\/\\\/secure.gravatar.com\\\/avatar\\\/?s=96&d=mm&r=g\",\"url\":\"https:\\\/\\\/secure.gravatar.com\\\/avatar\\\/?s=96&d=mm&r=g\",\"contentUrl\":\"https:\\\/\\\/secure.gravatar.com\\\/avatar\\\/?s=96&d=mm&r=g\",\"caption\":\"michael.merz\"},\"url\":\"https:\\\/\\\/www.organisator.ch\\\/fr\\\/author\\\/michael-merz\\\/\"}]}<\/script>\n<!-- \/ Yoast SEO plugin. -->","yoast_head_json":{"title":"Swiss Green Economy Symposium 2020 : Vers la durabilit\u00e9 par le dialogue et l'obstination - Organisateur","description":"Les th\u00e8mes de la d\u00e9finition d'une strat\u00e9gie, de la num\u00e9risation et de l'\u00e9conomie circulaire \u00e9taient au c\u0153ur du 7e Swiss Green Economy Symposium 2020.","robots":{"index":"index","follow":"follow","max-snippet":"max-snippet:-1","max-image-preview":"max-image-preview:large","max-video-preview":"max-video-preview:-1"},"canonical":"https:\/\/www.organisator.ch\/fr\/sustainability\/2020-09-08\/swiss-green-economy-symposium-2020-mit-dialog-und-eigensinn-zur-nachhaltigkeit\/","og_locale":"fr_FR","og_type":"article","og_title":"Swiss Green Economy Symposium 2020: Mit Dialog und Eigensinn zur Nachhaltigkeit - Organisator","og_description":"Im Mittelpunkt am 7. Swiss Green Economy Symposium 2020 standen die Themen Strategiefindung, Digitalisierung und Kreislaufwirtschaft auf dem Programm.","og_url":"https:\/\/www.organisator.ch\/fr\/sustainability\/2020-09-08\/swiss-green-economy-symposium-2020-mit-dialog-und-eigensinn-zur-nachhaltigkeit\/","og_site_name":"Organisator","article_publisher":"https:\/\/www.facebook.com\/OrganisatorFachmagazin","article_published_time":"2020-09-08T15:20:49+00:00","article_modified_time":"2022-02-09T10:09:55+00:00","og_image":[{"width":2560,"height":1920,"url":"https:\/\/www.organisator.ch\/wp-content\/uploads\/2020\/09\/SGES-scaled.jpg","type":"image\/jpeg"}],"author":"michael.merz","twitter_card":"summary_large_image","schema":{"@context":"https:\/\/schema.org","@graph":[{"@type":"Article","@id":"https:\/\/www.organisator.ch\/sustainability\/2020-09-08\/swiss-green-economy-symposium-2020-mit-dialog-und-eigensinn-zur-nachhaltigkeit\/#article","isPartOf":{"@id":"https:\/\/www.organisator.ch\/sustainability\/2020-09-08\/swiss-green-economy-symposium-2020-mit-dialog-und-eigensinn-zur-nachhaltigkeit\/"},"author":{"name":"michael.merz","@id":"https:\/\/www.organisator.ch\/#\/schema\/person\/134708ca9321c57b0362cceb7948ffbd"},"headline":"Swiss Green Economy Symposium 2020: Mit Dialog und Eigensinn zur Nachhaltigkeit","datePublished":"2020-09-08T15:20:49+00:00","dateModified":"2022-02-09T10:09:55+00:00","mainEntityOfPage":{"@id":"https:\/\/www.organisator.ch\/sustainability\/2020-09-08\/swiss-green-economy-symposium-2020-mit-dialog-und-eigensinn-zur-nachhaltigkeit\/"},"wordCount":700,"publisher":{"@id":"https:\/\/www.organisator.ch\/#organization"},"image":{"@id":"https:\/\/www.organisator.ch\/sustainability\/2020-09-08\/swiss-green-economy-symposium-2020-mit-dialog-und-eigensinn-zur-nachhaltigkeit\/#primaryimage"},"thumbnailUrl":"https:\/\/www.organisator.ch\/wp-content\/uploads\/2020\/09\/SGES-scaled.jpg","keywords":["Corona-Krise","Digitalisierung","Strategie","Swiss Green Economy Symposium 2020","Veranstaltungen","Winterthur","Wirtschaftlichkeit"],"articleSection":["SUSTAINABILITY"],"inLanguage":"fr-FR"},{"@type":"WebPage","@id":"https:\/\/www.organisator.ch\/sustainability\/2020-09-08\/swiss-green-economy-symposium-2020-mit-dialog-und-eigensinn-zur-nachhaltigkeit\/","url":"https:\/\/www.organisator.ch\/sustainability\/2020-09-08\/swiss-green-economy-symposium-2020-mit-dialog-und-eigensinn-zur-nachhaltigkeit\/","name":"Swiss Green Economy Symposium 2020 : Vers la durabilit\u00e9 par le dialogue et l'obstination - Organisateur","isPartOf":{"@id":"https:\/\/www.organisator.ch\/#website"},"primaryImageOfPage":{"@id":"https:\/\/www.organisator.ch\/sustainability\/2020-09-08\/swiss-green-economy-symposium-2020-mit-dialog-und-eigensinn-zur-nachhaltigkeit\/#primaryimage"},"image":{"@id":"https:\/\/www.organisator.ch\/sustainability\/2020-09-08\/swiss-green-economy-symposium-2020-mit-dialog-und-eigensinn-zur-nachhaltigkeit\/#primaryimage"},"thumbnailUrl":"https:\/\/www.organisator.ch\/wp-content\/uploads\/2020\/09\/SGES-scaled.jpg","datePublished":"2020-09-08T15:20:49+00:00","dateModified":"2022-02-09T10:09:55+00:00","description":"Les th\u00e8mes de la d\u00e9finition d'une strat\u00e9gie, de la num\u00e9risation et de l'\u00e9conomie circulaire \u00e9taient au c\u0153ur du 7e Swiss Green Economy Symposium 2020.","breadcrumb":{"@id":"https:\/\/www.organisator.ch\/sustainability\/2020-09-08\/swiss-green-economy-symposium-2020-mit-dialog-und-eigensinn-zur-nachhaltigkeit\/#breadcrumb"},"inLanguage":"fr-FR","potentialAction":[{"@type":"ReadAction","target":["https:\/\/www.organisator.ch\/sustainability\/2020-09-08\/swiss-green-economy-symposium-2020-mit-dialog-und-eigensinn-zur-nachhaltigkeit\/"]}]},{"@type":"ImageObject","inLanguage":"fr-FR","@id":"https:\/\/www.organisator.ch\/sustainability\/2020-09-08\/swiss-green-economy-symposium-2020-mit-dialog-und-eigensinn-zur-nachhaltigkeit\/#primaryimage","url":"https:\/\/www.organisator.ch\/wp-content\/uploads\/2020\/09\/SGES-scaled.jpg","contentUrl":"https:\/\/www.organisator.ch\/wp-content\/uploads\/2020\/09\/SGES-scaled.jpg","width":2560,"height":1920},{"@type":"BreadcrumbList","@id":"https:\/\/www.organisator.ch\/sustainability\/2020-09-08\/swiss-green-economy-symposium-2020-mit-dialog-und-eigensinn-zur-nachhaltigkeit\/#breadcrumb","itemListElement":[{"@type":"ListItem","position":1,"name":"Home","item":"https:\/\/www.organisator.ch\/"},{"@type":"ListItem","position":2,"name":"Swiss Green Economy Symposium 2020: Mit Dialog und Eigensinn zur Nachhaltigkeit"}]},{"@type":"WebSite","@id":"https:\/\/www.organisator.ch\/#website","url":"https:\/\/www.organisator.ch\/","name":"Organisateur","description":"Comp\u00e9tence et comp\u00e9tence. Proches de la pratique. L'ORGANISATEUR pr\u00e9pare 10 num\u00e9ros par an sur les th\u00e8mes essentiels pour les dirigeants de PME.","publisher":{"@id":"https:\/\/www.organisator.ch\/#organization"},"potentialAction":[{"@type":"SearchAction","target":{"@type":"EntryPoint","urlTemplate":"https:\/\/www.organisator.ch\/?s={search_term_string}"},"query-input":{"@type":"PropertyValueSpecification","valueRequired":true,"valueName":"search_term_string"}}],"inLanguage":"fr-FR"},{"@type":"Organization","@id":"https:\/\/www.organisator.ch\/#organization","name":"Organisateur","url":"https:\/\/www.organisator.ch\/","logo":{"@type":"ImageObject","inLanguage":"fr-FR","@id":"https:\/\/www.organisator.ch\/#\/schema\/logo\/image\/","url":"https:\/\/www.organisator.ch\/wp-content\/uploads\/2022\/01\/Logo_Organisator_Website.png","contentUrl":"https:\/\/www.organisator.ch\/wp-content\/uploads\/2022\/01\/Logo_Organisator_Website.png","width":800,"height":77,"caption":"Organisator"},"image":{"@id":"https:\/\/www.organisator.ch\/#\/schema\/logo\/image\/"},"sameAs":["https:\/\/www.facebook.com\/OrganisatorFachmagazin","https:\/\/www.linkedin.com\/showcase\/organisator-das-magazin-fr-kmu","https:\/\/www.xing.com\/news\/pages\/organisator-ch-695","https:\/\/www.youtube.com\/channel\/UCGP2Sq0iWaZwT3BdIAQFYpw"]},{"@type":"Person","@id":"https:\/\/www.organisator.ch\/#\/schema\/person\/134708ca9321c57b0362cceb7948ffbd","name":"michael.merz","image":{"@type":"ImageObject","inLanguage":"fr-FR","@id":"https:\/\/secure.gravatar.com\/avatar\/?s=96&d=mm&r=g","url":"https:\/\/secure.gravatar.com\/avatar\/?s=96&d=mm&r=g","contentUrl":"https:\/\/secure.gravatar.com\/avatar\/?s=96&d=mm&r=g","caption":"michael.merz"},"url":"https:\/\/www.organisator.ch\/fr\/author\/michael-merz\/"}]}},"_links":{"self":[{"href":"https:\/\/www.organisator.ch\/fr\/wp-json\/wp\/v2\/posts\/10206","targetHints":{"allow":["GET"]}}],"collection":[{"href":"https:\/\/www.organisator.ch\/fr\/wp-json\/wp\/v2\/posts"}],"about":[{"href":"https:\/\/www.organisator.ch\/fr\/wp-json\/wp\/v2\/types\/post"}],"author":[{"embeddable":true,"href":"https:\/\/www.organisator.ch\/fr\/wp-json\/wp\/v2\/users\/5"}],"replies":[{"embeddable":true,"href":"https:\/\/www.organisator.ch\/fr\/wp-json\/wp\/v2\/comments?post=10206"}],"version-history":[{"count":1,"href":"https:\/\/www.organisator.ch\/fr\/wp-json\/wp\/v2\/posts\/10206\/revisions"}],"predecessor-version":[{"id":10817,"href":"https:\/\/www.organisator.ch\/fr\/wp-json\/wp\/v2\/posts\/10206\/revisions\/10817"}],"wp:featuredmedia":[{"embeddable":true,"href":"https:\/\/www.organisator.ch\/fr\/wp-json\/wp\/v2\/media\/9727"}],"wp:attachment":[{"href":"https:\/\/www.organisator.ch\/fr\/wp-json\/wp\/v2\/media?parent=10206"}],"wp:term":[{"taxonomy":"category","embeddable":true,"href":"https:\/\/www.organisator.ch\/fr\/wp-json\/wp\/v2\/categories?post=10206"},{"taxonomy":"post_tag","embeddable":true,"href":"https:\/\/www.organisator.ch\/fr\/wp-json\/wp\/v2\/tags?post=10206"}],"curies":[{"name":"wp","href":"https:\/\/api.w.org\/{rel}","templated":true}]}}