{"id":10216,"date":"2020-10-14T13:00:26","date_gmt":"2020-10-14T11:00:26","guid":{"rendered":"https:\/\/www.umweltperspektiven.ch\/?p=3419"},"modified":"2022-02-09T11:06:48","modified_gmt":"2022-02-09T10:06:48","slug":"weltnormentag-2020-mit-hilfe-von-normen-den-planeten-schuetzen","status":"publish","type":"post","link":"https:\/\/www.organisator.ch\/fr\/sustainability\/2020-10-14\/weltnormentag-2020-mit-hilfe-von-normen-den-planeten-schuetzen\/","title":{"rendered":"Journ\u00e9e mondiale de la normalisation 2020 : \"Prot\u00e9ger la plan\u00e8te gr\u00e2ce aux normes\"."},"content":{"rendered":"<figure id=\"attachment_3420\" aria-describedby=\"caption-attachment-3420\" style=\"width: 540px\" class=\"wp-caption alignnone\"><img loading=\"lazy\" decoding=\"async\" class=\"size-full wp-image-3420\" src=\"\/\/www.umweltperspektiven.ch\/wp-content\/uploads\/2020\/10\/SNV-MQ-Weltnormentag-2020.jpg\" alt=\"\" width=\"540\" height=\"361\" srcset=\"https:\/\/www.organisator.ch\/wp-content\/uploads\/2020\/10\/SNV-MQ-Weltnormentag-2020.jpg 540w, https:\/\/www.organisator.ch\/wp-content\/uploads\/2020\/10\/SNV-MQ-Weltnormentag-2020-18x12.jpg 18w, https:\/\/www.organisator.ch\/wp-content\/uploads\/2020\/10\/SNV-MQ-Weltnormentag-2020-262x175.jpg 262w, https:\/\/www.organisator.ch\/wp-content\/uploads\/2020\/10\/SNV-MQ-Weltnormentag-2020-524x350.jpg 524w, https:\/\/www.organisator.ch\/wp-content\/uploads\/2020\/10\/SNV-MQ-Weltnormentag-2020-300x201.jpg 300w\" sizes=\"auto, (max-width: 540px) 100vw, 540px\" \/><figcaption id=\"caption-attachment-3420\" class=\"wp-caption-text\">La Journ\u00e9e mondiale de la normalisation 2020 aura pour th\u00e8me \"Prot\u00e9ger la plan\u00e8te \u00e0 l'aide des normes\". (Source : Association suisse de normalisation SNV).<\/figcaption><\/figure>\n<p>La Terre, un r\u00e9ceptacle fini de la vie dans l'immensit\u00e9 de notre syst\u00e8me solaire. La vie sur Terre d\u00e9pend de l'\u00e9nergie produite par le soleil. Cependant, au cours du si\u00e8cle dernier, les activit\u00e9s humaines et les grandes activit\u00e9s industrielles de notre civilisation moderne ont augment\u00e9 les gaz \u00e0 effet de serre naturels de la Terre. Ils ont un impact n\u00e9gatif sur notre climat et donc sur toutes les formes de vie. Parall\u00e8lement, la croissance rapide de la population et l'urbanisation \u00e0 grande \u00e9chelle exigent une gestion responsable des ressources limit\u00e9es.<\/p>\n<p>Pour r\u00e9duire l'impact de l'homme sur notre plan\u00e8te, nous avons besoin d'une volont\u00e9 politique, de mesures concr\u00e8tes et d'instruments ad\u00e9quats.\u00a0<strong>Les normes internationales sont un instrument de ce type<\/strong>. Les normes internationales \u00e9labor\u00e9es par la CEI, l'ISO et l'UIT tiennent compte des solutions \u00e9prouv\u00e9es aux d\u00e9fis techniques.\u00a0<strong>Elles contribuent \u00e0 un large \u00e9change de connaissances et d'expertise, tant dans les pays d\u00e9velopp\u00e9s que dans les pays en d\u00e9veloppement. Les normes couvrent tous les aspects des \u00e9conomies d'\u00e9nergie et de la qualit\u00e9 de l'eau et de l'air.<\/strong>\u00a0Ils d\u00e9finissent des protocoles et des m\u00e9thodes de mesure normalis\u00e9s. Leur large application contribue \u00e0 r\u00e9duire l'impact environnemental de la production et des processus industriels, \u00e0 faciliter la r\u00e9utilisation de ressources limit\u00e9es et \u00e0 am\u00e9liorer l'efficacit\u00e9 \u00e9nerg\u00e9tique.<\/p>\n<p>La vid\u00e9o de la SNV sur la Journ\u00e9e mondiale de la normalisation 2020 :<\/p>\n<p><iframe loading=\"lazy\" src=\"https:\/\/www.youtube.com\/embed\/8UMNc0laJyI?feature=oembed\" width=\"625\" height=\"352\" frameborder=\"0\" allowfullscreen=\"allowfullscreen\" data-mce-fragment=\"1\"><\/iframe><\/p>\n<p><a href=\"\/\/www.snv.ch\/\">www.snv.ch\/<\/a><\/p>","protected":false},"excerpt":{"rendered":"<p>Die Erde, ein endliches Gef\u00e4ss des Lebens in den Weiten unseres Sonnensystems. Das Leben auf der Erde h\u00e4ngt von der Energie ab, die von der Sonne produziert wird. Im Laufe des letzten Jahrhunderts haben jedoch menschliche und grossindustrielle Aktivit\u00e4ten unserer modernen Zivilisation die nat\u00fcrlichen Treibhausgase der Erde erh\u00f6ht. Sie wirken sich negativ auf unser Klima [&hellip;]<\/p>\n","protected":false},"author":5,"featured_media":3420,"comment_status":"closed","ping_status":"closed","sticky":false,"template":"","format":"standard","meta":{"_acf_changed":false,"_yoast_wpseo_focuskw":"Weltnormentag","_yoast_wpseo_metadesc":"Jedes Jahr am 14. Oktober wird der Weltnormentag zur W\u00fcrdigung der gemeinsamen Anstrengungen tausender Normenexpertinnen und -Experten durchgef\u00fchrt.","articlekey":"","footnotes":""},"categories":[580],"tags":[1145,1146,1844,2089,2351,2550],"class_list":["post-10216","post","type-post","status-publish","format-standard","has-post-thumbnail","hentry","category-sustainability","tag-experten","tag-expertinnen","tag-normen","tag-schweizerische-normen-vereinigung","tag-umwelt","tag-weltnormentag"],"acf":[],"yoast_head":"<!-- This site is optimized with the Yoast SEO plugin v27.4 - https:\/\/yoast.com\/product\/yoast-seo-wordpress\/ -->\n<title>Weltnormentag 2020: \u00abMit Hilfe von Normen den Planeten sch\u00fctzen\u00bb - Organisator<\/title>\n<meta name=\"description\" content=\"Jedes Jahr am 14. Oktober wird der Weltnormentag zur W\u00fcrdigung der gemeinsamen Anstrengungen tausender Normenexpertinnen und -Experten durchgef\u00fchrt.\" \/>\n<meta name=\"robots\" content=\"index, follow, max-snippet:-1, max-image-preview:large, max-video-preview:-1\" \/>\n<link rel=\"canonical\" href=\"https:\/\/www.organisator.ch\/fr\/sustainability\/2020-10-14\/weltnormentag-2020-mit-hilfe-von-normen-den-planeten-schuetzen\/\" \/>\n<meta property=\"og:locale\" content=\"fr_FR\" \/>\n<meta property=\"og:type\" content=\"article\" \/>\n<meta property=\"og:title\" content=\"Weltnormentag 2020: \u00abMit Hilfe von Normen den Planeten sch\u00fctzen\u00bb - Organisator\" \/>\n<meta property=\"og:description\" content=\"Jedes Jahr am 14. Oktober wird der Weltnormentag zur W\u00fcrdigung der gemeinsamen Anstrengungen tausender Normenexpertinnen und -Experten durchgef\u00fchrt.\" \/>\n<meta property=\"og:url\" content=\"https:\/\/www.organisator.ch\/fr\/sustainability\/2020-10-14\/weltnormentag-2020-mit-hilfe-von-normen-den-planeten-schuetzen\/\" \/>\n<meta property=\"og:site_name\" content=\"Organisator\" \/>\n<meta property=\"article:publisher\" content=\"https:\/\/www.facebook.com\/OrganisatorFachmagazin\" \/>\n<meta property=\"article:published_time\" content=\"2020-10-14T11:00:26+00:00\" \/>\n<meta property=\"article:modified_time\" content=\"2022-02-09T10:06:48+00:00\" \/>\n<meta property=\"og:image\" content=\"https:\/\/www.organisator.ch\/wp-content\/uploads\/2020\/10\/SNV-MQ-Weltnormentag-2020.jpg\" \/>\n\t<meta property=\"og:image:width\" content=\"540\" \/>\n\t<meta property=\"og:image:height\" content=\"361\" \/>\n\t<meta property=\"og:image:type\" content=\"image\/jpeg\" \/>\n<meta name=\"author\" content=\"michael.merz\" \/>\n<meta name=\"twitter:card\" content=\"summary_large_image\" \/>\n<script type=\"application\/ld+json\" class=\"yoast-schema-graph\">{\"@context\":\"https:\\\/\\\/schema.org\",\"@graph\":[{\"@type\":\"Article\",\"@id\":\"https:\\\/\\\/www.organisator.ch\\\/sustainability\\\/2020-10-14\\\/weltnormentag-2020-mit-hilfe-von-normen-den-planeten-schuetzen\\\/#article\",\"isPartOf\":{\"@id\":\"https:\\\/\\\/www.organisator.ch\\\/sustainability\\\/2020-10-14\\\/weltnormentag-2020-mit-hilfe-von-normen-den-planeten-schuetzen\\\/\"},\"author\":{\"name\":\"michael.merz\",\"@id\":\"https:\\\/\\\/www.organisator.ch\\\/#\\\/schema\\\/person\\\/134708ca9321c57b0362cceb7948ffbd\"},\"headline\":\"Weltnormentag 2020: \u00abMit Hilfe von Normen den Planeten sch\u00fctzen\u00bb\",\"datePublished\":\"2020-10-14T11:00:26+00:00\",\"dateModified\":\"2022-02-09T10:06:48+00:00\",\"mainEntityOfPage\":{\"@id\":\"https:\\\/\\\/www.organisator.ch\\\/sustainability\\\/2020-10-14\\\/weltnormentag-2020-mit-hilfe-von-normen-den-planeten-schuetzen\\\/\"},\"wordCount\":243,\"publisher\":{\"@id\":\"https:\\\/\\\/www.organisator.ch\\\/#organization\"},\"image\":{\"@id\":\"https:\\\/\\\/www.organisator.ch\\\/sustainability\\\/2020-10-14\\\/weltnormentag-2020-mit-hilfe-von-normen-den-planeten-schuetzen\\\/#primaryimage\"},\"thumbnailUrl\":\"https:\\\/\\\/www.organisator.ch\\\/wp-content\\\/uploads\\\/2020\\\/10\\\/SNV-MQ-Weltnormentag-2020.jpg\",\"keywords\":[\"Experten\",\"Expertinnen\",\"Normen\",\"Schweizerische Normen-Vereinigung\",\"Umwelt\",\"Weltnormentag\"],\"articleSection\":[\"SUSTAINABILITY\"],\"inLanguage\":\"fr-FR\"},{\"@type\":\"WebPage\",\"@id\":\"https:\\\/\\\/www.organisator.ch\\\/sustainability\\\/2020-10-14\\\/weltnormentag-2020-mit-hilfe-von-normen-den-planeten-schuetzen\\\/\",\"url\":\"https:\\\/\\\/www.organisator.ch\\\/sustainability\\\/2020-10-14\\\/weltnormentag-2020-mit-hilfe-von-normen-den-planeten-schuetzen\\\/\",\"name\":\"Weltnormentag 2020: \u00abMit Hilfe von Normen den Planeten sch\u00fctzen\u00bb - Organisator\",\"isPartOf\":{\"@id\":\"https:\\\/\\\/www.organisator.ch\\\/#website\"},\"primaryImageOfPage\":{\"@id\":\"https:\\\/\\\/www.organisator.ch\\\/sustainability\\\/2020-10-14\\\/weltnormentag-2020-mit-hilfe-von-normen-den-planeten-schuetzen\\\/#primaryimage\"},\"image\":{\"@id\":\"https:\\\/\\\/www.organisator.ch\\\/sustainability\\\/2020-10-14\\\/weltnormentag-2020-mit-hilfe-von-normen-den-planeten-schuetzen\\\/#primaryimage\"},\"thumbnailUrl\":\"https:\\\/\\\/www.organisator.ch\\\/wp-content\\\/uploads\\\/2020\\\/10\\\/SNV-MQ-Weltnormentag-2020.jpg\",\"datePublished\":\"2020-10-14T11:00:26+00:00\",\"dateModified\":\"2022-02-09T10:06:48+00:00\",\"description\":\"Jedes Jahr am 14. Oktober wird der Weltnormentag zur W\u00fcrdigung der gemeinsamen Anstrengungen tausender Normenexpertinnen und -Experten durchgef\u00fchrt.\",\"breadcrumb\":{\"@id\":\"https:\\\/\\\/www.organisator.ch\\\/sustainability\\\/2020-10-14\\\/weltnormentag-2020-mit-hilfe-von-normen-den-planeten-schuetzen\\\/#breadcrumb\"},\"inLanguage\":\"fr-FR\",\"potentialAction\":[{\"@type\":\"ReadAction\",\"target\":[\"https:\\\/\\\/www.organisator.ch\\\/sustainability\\\/2020-10-14\\\/weltnormentag-2020-mit-hilfe-von-normen-den-planeten-schuetzen\\\/\"]}]},{\"@type\":\"ImageObject\",\"inLanguage\":\"fr-FR\",\"@id\":\"https:\\\/\\\/www.organisator.ch\\\/sustainability\\\/2020-10-14\\\/weltnormentag-2020-mit-hilfe-von-normen-den-planeten-schuetzen\\\/#primaryimage\",\"url\":\"https:\\\/\\\/www.organisator.ch\\\/wp-content\\\/uploads\\\/2020\\\/10\\\/SNV-MQ-Weltnormentag-2020.jpg\",\"contentUrl\":\"https:\\\/\\\/www.organisator.ch\\\/wp-content\\\/uploads\\\/2020\\\/10\\\/SNV-MQ-Weltnormentag-2020.jpg\",\"width\":540,\"height\":361,\"caption\":\"Der Weltnormentag 2020 steht unter dem Motto \u00abMit Hilfe von Normen den Planeten sch\u00fctzen\u00bb. (Quelle: Schweizerische Normen-Vereinigung SNV).\"},{\"@type\":\"BreadcrumbList\",\"@id\":\"https:\\\/\\\/www.organisator.ch\\\/sustainability\\\/2020-10-14\\\/weltnormentag-2020-mit-hilfe-von-normen-den-planeten-schuetzen\\\/#breadcrumb\",\"itemListElement\":[{\"@type\":\"ListItem\",\"position\":1,\"name\":\"Home\",\"item\":\"https:\\\/\\\/www.organisator.ch\\\/\"},{\"@type\":\"ListItem\",\"position\":2,\"name\":\"Weltnormentag 2020: \u00abMit Hilfe von Normen den Planeten sch\u00fctzen\u00bb\"}]},{\"@type\":\"WebSite\",\"@id\":\"https:\\\/\\\/www.organisator.ch\\\/#website\",\"url\":\"https:\\\/\\\/www.organisator.ch\\\/\",\"name\":\"Organisator\",\"description\":\"Kompetent. Praxisnah. Der ORGANISATOR bereitet in 10 Ausgaben pro Jahr die wesentlichen Themen f\u00fcr F\u00fchrungskr\u00e4fte von KMU auf.\",\"publisher\":{\"@id\":\"https:\\\/\\\/www.organisator.ch\\\/#organization\"},\"potentialAction\":[{\"@type\":\"SearchAction\",\"target\":{\"@type\":\"EntryPoint\",\"urlTemplate\":\"https:\\\/\\\/www.organisator.ch\\\/?s={search_term_string}\"},\"query-input\":{\"@type\":\"PropertyValueSpecification\",\"valueRequired\":true,\"valueName\":\"search_term_string\"}}],\"inLanguage\":\"fr-FR\"},{\"@type\":\"Organization\",\"@id\":\"https:\\\/\\\/www.organisator.ch\\\/#organization\",\"name\":\"Organisator\",\"url\":\"https:\\\/\\\/www.organisator.ch\\\/\",\"logo\":{\"@type\":\"ImageObject\",\"inLanguage\":\"fr-FR\",\"@id\":\"https:\\\/\\\/www.organisator.ch\\\/#\\\/schema\\\/logo\\\/image\\\/\",\"url\":\"https:\\\/\\\/www.organisator.ch\\\/wp-content\\\/uploads\\\/2022\\\/01\\\/Logo_Organisator_Website.png\",\"contentUrl\":\"https:\\\/\\\/www.organisator.ch\\\/wp-content\\\/uploads\\\/2022\\\/01\\\/Logo_Organisator_Website.png\",\"width\":800,\"height\":77,\"caption\":\"Organisator\"},\"image\":{\"@id\":\"https:\\\/\\\/www.organisator.ch\\\/#\\\/schema\\\/logo\\\/image\\\/\"},\"sameAs\":[\"https:\\\/\\\/www.facebook.com\\\/OrganisatorFachmagazin\",\"https:\\\/\\\/www.linkedin.com\\\/showcase\\\/organisator-das-magazin-fr-kmu\",\"https:\\\/\\\/www.xing.com\\\/news\\\/pages\\\/organisator-ch-695\",\"https:\\\/\\\/www.youtube.com\\\/channel\\\/UCGP2Sq0iWaZwT3BdIAQFYpw\"]},{\"@type\":\"Person\",\"@id\":\"https:\\\/\\\/www.organisator.ch\\\/#\\\/schema\\\/person\\\/134708ca9321c57b0362cceb7948ffbd\",\"name\":\"michael.merz\",\"image\":{\"@type\":\"ImageObject\",\"inLanguage\":\"fr-FR\",\"@id\":\"https:\\\/\\\/secure.gravatar.com\\\/avatar\\\/?s=96&d=mm&r=g\",\"url\":\"https:\\\/\\\/secure.gravatar.com\\\/avatar\\\/?s=96&d=mm&r=g\",\"contentUrl\":\"https:\\\/\\\/secure.gravatar.com\\\/avatar\\\/?s=96&d=mm&r=g\",\"caption\":\"michael.merz\"},\"url\":\"https:\\\/\\\/www.organisator.ch\\\/fr\\\/author\\\/michael-merz\\\/\"}]}<\/script>\n<!-- \/ Yoast SEO plugin. -->","yoast_head_json":{"title":"Journ\u00e9e mondiale de la normalisation 2020 : \"Prot\u00e9ger la plan\u00e8te gr\u00e2ce aux normes\" - organisateur","description":"Chaque ann\u00e9e, le 14 octobre, la Journ\u00e9e mondiale de la normalisation est organis\u00e9e pour c\u00e9l\u00e9brer les efforts conjoints de milliers d'experts en normalisation.","robots":{"index":"index","follow":"follow","max-snippet":"max-snippet:-1","max-image-preview":"max-image-preview:large","max-video-preview":"max-video-preview:-1"},"canonical":"https:\/\/www.organisator.ch\/fr\/sustainability\/2020-10-14\/weltnormentag-2020-mit-hilfe-von-normen-den-planeten-schuetzen\/","og_locale":"fr_FR","og_type":"article","og_title":"Weltnormentag 2020: \u00abMit Hilfe von Normen den Planeten sch\u00fctzen\u00bb - Organisator","og_description":"Jedes Jahr am 14. Oktober wird der Weltnormentag zur W\u00fcrdigung der gemeinsamen Anstrengungen tausender Normenexpertinnen und -Experten durchgef\u00fchrt.","og_url":"https:\/\/www.organisator.ch\/fr\/sustainability\/2020-10-14\/weltnormentag-2020-mit-hilfe-von-normen-den-planeten-schuetzen\/","og_site_name":"Organisator","article_publisher":"https:\/\/www.facebook.com\/OrganisatorFachmagazin","article_published_time":"2020-10-14T11:00:26+00:00","article_modified_time":"2022-02-09T10:06:48+00:00","og_image":[{"width":540,"height":361,"url":"https:\/\/www.organisator.ch\/wp-content\/uploads\/2020\/10\/SNV-MQ-Weltnormentag-2020.jpg","type":"image\/jpeg"}],"author":"michael.merz","twitter_card":"summary_large_image","schema":{"@context":"https:\/\/schema.org","@graph":[{"@type":"Article","@id":"https:\/\/www.organisator.ch\/sustainability\/2020-10-14\/weltnormentag-2020-mit-hilfe-von-normen-den-planeten-schuetzen\/#article","isPartOf":{"@id":"https:\/\/www.organisator.ch\/sustainability\/2020-10-14\/weltnormentag-2020-mit-hilfe-von-normen-den-planeten-schuetzen\/"},"author":{"name":"michael.merz","@id":"https:\/\/www.organisator.ch\/#\/schema\/person\/134708ca9321c57b0362cceb7948ffbd"},"headline":"Weltnormentag 2020: \u00abMit Hilfe von Normen den Planeten sch\u00fctzen\u00bb","datePublished":"2020-10-14T11:00:26+00:00","dateModified":"2022-02-09T10:06:48+00:00","mainEntityOfPage":{"@id":"https:\/\/www.organisator.ch\/sustainability\/2020-10-14\/weltnormentag-2020-mit-hilfe-von-normen-den-planeten-schuetzen\/"},"wordCount":243,"publisher":{"@id":"https:\/\/www.organisator.ch\/#organization"},"image":{"@id":"https:\/\/www.organisator.ch\/sustainability\/2020-10-14\/weltnormentag-2020-mit-hilfe-von-normen-den-planeten-schuetzen\/#primaryimage"},"thumbnailUrl":"https:\/\/www.organisator.ch\/wp-content\/uploads\/2020\/10\/SNV-MQ-Weltnormentag-2020.jpg","keywords":["Experten","Expertinnen","Normen","Schweizerische Normen-Vereinigung","Umwelt","Weltnormentag"],"articleSection":["SUSTAINABILITY"],"inLanguage":"fr-FR"},{"@type":"WebPage","@id":"https:\/\/www.organisator.ch\/sustainability\/2020-10-14\/weltnormentag-2020-mit-hilfe-von-normen-den-planeten-schuetzen\/","url":"https:\/\/www.organisator.ch\/sustainability\/2020-10-14\/weltnormentag-2020-mit-hilfe-von-normen-den-planeten-schuetzen\/","name":"Journ\u00e9e mondiale de la normalisation 2020 : \"Prot\u00e9ger la plan\u00e8te gr\u00e2ce aux normes\" - organisateur","isPartOf":{"@id":"https:\/\/www.organisator.ch\/#website"},"primaryImageOfPage":{"@id":"https:\/\/www.organisator.ch\/sustainability\/2020-10-14\/weltnormentag-2020-mit-hilfe-von-normen-den-planeten-schuetzen\/#primaryimage"},"image":{"@id":"https:\/\/www.organisator.ch\/sustainability\/2020-10-14\/weltnormentag-2020-mit-hilfe-von-normen-den-planeten-schuetzen\/#primaryimage"},"thumbnailUrl":"https:\/\/www.organisator.ch\/wp-content\/uploads\/2020\/10\/SNV-MQ-Weltnormentag-2020.jpg","datePublished":"2020-10-14T11:00:26+00:00","dateModified":"2022-02-09T10:06:48+00:00","description":"Chaque ann\u00e9e, le 14 octobre, la Journ\u00e9e mondiale de la normalisation est organis\u00e9e pour c\u00e9l\u00e9brer les efforts conjoints de milliers d'experts en normalisation.","breadcrumb":{"@id":"https:\/\/www.organisator.ch\/sustainability\/2020-10-14\/weltnormentag-2020-mit-hilfe-von-normen-den-planeten-schuetzen\/#breadcrumb"},"inLanguage":"fr-FR","potentialAction":[{"@type":"ReadAction","target":["https:\/\/www.organisator.ch\/sustainability\/2020-10-14\/weltnormentag-2020-mit-hilfe-von-normen-den-planeten-schuetzen\/"]}]},{"@type":"ImageObject","inLanguage":"fr-FR","@id":"https:\/\/www.organisator.ch\/sustainability\/2020-10-14\/weltnormentag-2020-mit-hilfe-von-normen-den-planeten-schuetzen\/#primaryimage","url":"https:\/\/www.organisator.ch\/wp-content\/uploads\/2020\/10\/SNV-MQ-Weltnormentag-2020.jpg","contentUrl":"https:\/\/www.organisator.ch\/wp-content\/uploads\/2020\/10\/SNV-MQ-Weltnormentag-2020.jpg","width":540,"height":361,"caption":"Der Weltnormentag 2020 steht unter dem Motto \u00abMit Hilfe von Normen den Planeten sch\u00fctzen\u00bb. (Quelle: Schweizerische Normen-Vereinigung SNV)."},{"@type":"BreadcrumbList","@id":"https:\/\/www.organisator.ch\/sustainability\/2020-10-14\/weltnormentag-2020-mit-hilfe-von-normen-den-planeten-schuetzen\/#breadcrumb","itemListElement":[{"@type":"ListItem","position":1,"name":"Home","item":"https:\/\/www.organisator.ch\/"},{"@type":"ListItem","position":2,"name":"Weltnormentag 2020: \u00abMit Hilfe von Normen den Planeten sch\u00fctzen\u00bb"}]},{"@type":"WebSite","@id":"https:\/\/www.organisator.ch\/#website","url":"https:\/\/www.organisator.ch\/","name":"Organisateur","description":"Comp\u00e9tence et comp\u00e9tence. Proches de la pratique. L'ORGANISATEUR pr\u00e9pare 10 num\u00e9ros par an sur les th\u00e8mes essentiels pour les dirigeants de PME.","publisher":{"@id":"https:\/\/www.organisator.ch\/#organization"},"potentialAction":[{"@type":"SearchAction","target":{"@type":"EntryPoint","urlTemplate":"https:\/\/www.organisator.ch\/?s={search_term_string}"},"query-input":{"@type":"PropertyValueSpecification","valueRequired":true,"valueName":"search_term_string"}}],"inLanguage":"fr-FR"},{"@type":"Organization","@id":"https:\/\/www.organisator.ch\/#organization","name":"Organisateur","url":"https:\/\/www.organisator.ch\/","logo":{"@type":"ImageObject","inLanguage":"fr-FR","@id":"https:\/\/www.organisator.ch\/#\/schema\/logo\/image\/","url":"https:\/\/www.organisator.ch\/wp-content\/uploads\/2022\/01\/Logo_Organisator_Website.png","contentUrl":"https:\/\/www.organisator.ch\/wp-content\/uploads\/2022\/01\/Logo_Organisator_Website.png","width":800,"height":77,"caption":"Organisator"},"image":{"@id":"https:\/\/www.organisator.ch\/#\/schema\/logo\/image\/"},"sameAs":["https:\/\/www.facebook.com\/OrganisatorFachmagazin","https:\/\/www.linkedin.com\/showcase\/organisator-das-magazin-fr-kmu","https:\/\/www.xing.com\/news\/pages\/organisator-ch-695","https:\/\/www.youtube.com\/channel\/UCGP2Sq0iWaZwT3BdIAQFYpw"]},{"@type":"Person","@id":"https:\/\/www.organisator.ch\/#\/schema\/person\/134708ca9321c57b0362cceb7948ffbd","name":"michael.merz","image":{"@type":"ImageObject","inLanguage":"fr-FR","@id":"https:\/\/secure.gravatar.com\/avatar\/?s=96&d=mm&r=g","url":"https:\/\/secure.gravatar.com\/avatar\/?s=96&d=mm&r=g","contentUrl":"https:\/\/secure.gravatar.com\/avatar\/?s=96&d=mm&r=g","caption":"michael.merz"},"url":"https:\/\/www.organisator.ch\/fr\/author\/michael-merz\/"}]}},"_links":{"self":[{"href":"https:\/\/www.organisator.ch\/fr\/wp-json\/wp\/v2\/posts\/10216","targetHints":{"allow":["GET"]}}],"collection":[{"href":"https:\/\/www.organisator.ch\/fr\/wp-json\/wp\/v2\/posts"}],"about":[{"href":"https:\/\/www.organisator.ch\/fr\/wp-json\/wp\/v2\/types\/post"}],"author":[{"embeddable":true,"href":"https:\/\/www.organisator.ch\/fr\/wp-json\/wp\/v2\/users\/5"}],"replies":[{"embeddable":true,"href":"https:\/\/www.organisator.ch\/fr\/wp-json\/wp\/v2\/comments?post=10216"}],"version-history":[{"count":1,"href":"https:\/\/www.organisator.ch\/fr\/wp-json\/wp\/v2\/posts\/10216\/revisions"}],"predecessor-version":[{"id":10667,"href":"https:\/\/www.organisator.ch\/fr\/wp-json\/wp\/v2\/posts\/10216\/revisions\/10667"}],"wp:featuredmedia":[{"embeddable":true,"href":"https:\/\/www.organisator.ch\/fr\/wp-json\/wp\/v2\/media\/3420"}],"wp:attachment":[{"href":"https:\/\/www.organisator.ch\/fr\/wp-json\/wp\/v2\/media?parent=10216"}],"wp:term":[{"taxonomy":"category","embeddable":true,"href":"https:\/\/www.organisator.ch\/fr\/wp-json\/wp\/v2\/categories?post=10216"},{"taxonomy":"post_tag","embeddable":true,"href":"https:\/\/www.organisator.ch\/fr\/wp-json\/wp\/v2\/tags?post=10216"}],"curies":[{"name":"wp","href":"https:\/\/api.w.org\/{rel}","templated":true}]}}