{"id":10218,"date":"2020-10-14T11:04:03","date_gmt":"2020-10-14T09:04:03","guid":{"rendered":"https:\/\/www.umweltperspektiven.ch\/?p=3430"},"modified":"2020-10-14T11:04:03","modified_gmt":"2020-10-14T09:04:03","slug":"weltnormentag-2020-wo-uns-normen-schuetzen","status":"publish","type":"post","link":"https:\/\/www.organisator.ch\/fr\/allgemein\/2020-10-14\/weltnormentag-2020-wo-uns-normen-schuetzen\/","title":{"rendered":"Journ\u00e9e mondiale de la normalisation 2020 : o\u00f9 les normes nous prot\u00e8gent-elles ?"},"content":{"rendered":"<p>&nbsp;<\/p>\n<figure id=\"attachment_3432\" aria-describedby=\"caption-attachment-3432\" style=\"width: 680px\" class=\"wp-caption alignnone\"><img loading=\"lazy\" decoding=\"async\" class=\"wp-image-3432 size-medium\" src=\"\/\/www.umweltperspektiven.ch\/wp-content\/uploads\/2020\/10\/Weltnormentag-up_umweltperpektiven.jpg\" alt=\"\" width=\"680\" height=\"454\" \/><figcaption id=\"caption-attachment-3432\" class=\"wp-caption-text\">La Journ\u00e9e mondiale de la normalisation, en anglais World Standards Day, est c\u00e9l\u00e9br\u00e9e chaque ann\u00e9e le 14 octobre. Il s'agit d'une journ\u00e9e comm\u00e9morative cr\u00e9\u00e9e par l'Organisation internationale de normalisation (ISO), la Commission \u00e9lectrotechnique internationale (CEI) et l'Union internationale des t\u00e9l\u00e9communications (UIT). (Image : Unsplash)<\/figcaption><\/figure>\n<p>Le communiqu\u00e9 de presse de la Journ\u00e9e mondiale de la normalisation 2020 contient une phrase centrale : \"Pour r\u00e9duire l'impact humain sur notre plan\u00e8te, nous avons besoin d'une volont\u00e9 politique, de mesures concr\u00e8tes et d'instruments ad\u00e9quats. Les normes internationales sont un de ces instruments\". Mais notre monde peut-il \u00eatre prot\u00e9g\u00e9 par des normes ? Est-ce possible ? Le slogan vient pourtant de l'ISO, dont le si\u00e8ge est \u00e0 Gen\u00e8ve.<\/p>\n<p><strong>Les normes sont importantes pour l'\u00e9conomie<\/strong><\/p>\n<p>Nous sommes parfois surpris ou agac\u00e9s par les nombreuses normes que nous devons respecter. Mais la plupart du temps, nous sommes heureux que les choses soient normalis\u00e9es. Par exemple, que nous ayons des normes uniformes pour le t\u00e9l\u00e9phone et l'Internet, que nous ayons des dimensions uniformes, que les c\u00e2bles et les fiches soient identiques, que les vis et les \u00e9crous s'adaptent les uns aux autres, que les tuyaux et les raccords de tuyaux soient \u00e9tanches et que les briques soient de la m\u00eame taille lors de la construction d'une maison.<\/p>\n<p>Les normes ne sont pas de simples prescriptions, m\u00eame si nous les ressentons parfois comme telles. Les prescriptions ou les usages standardis\u00e9s sont importants et utiles pour l'\u00e9conomie. Partout o\u00f9 les gens travaillent ensemble, il est logique que les produits aient des dimensions et des interfaces uniformes et qu'ils soient compatibles. Les normes nationales et internationales sont en quelque sorte la langue du commerce mondial.<\/p>\n<p><strong>Journ\u00e9e mondiale de la normalisation pour la protection de l'environnement<\/strong><\/p>\n<p>Chaque ann\u00e9e, le 14 octobre, on comm\u00e9more la cr\u00e9ation de l'Organisation internationale de normalisation (ISO - International Organization for Standardization). Et chaque ann\u00e9e, la journ\u00e9e de comm\u00e9moration est plac\u00e9e sous un th\u00e8me particulier. Cette ann\u00e9e, il s'agit de la protection de la plan\u00e8te Terre.<\/p>\n<p>La Terre, dit ISO, est comme un vaisseau plein de vie dans l'immensit\u00e9 de notre syst\u00e8me solaire. La vie sur Terre d\u00e9pend de l'\u00e9nergie qui provient du soleil. Or, au cours du si\u00e8cle dernier, les activit\u00e9s humaines et industrielles \u00e0 grande \u00e9chelle de notre civilisation moderne ont produit des gaz \u00e0 effet de serre, des d\u00e9chets et des produits chimiques qui n'existaient pas auparavant en tant que tels et en tant que quantit\u00e9s, et qui menacent d\u00e9sormais l'existence de la plan\u00e8te Terre. Mais les produits chimiques ne sont pas les seuls \u00e0 nous rappeler cette menace : notre utilisation de la nourriture animale et la pand\u00e9mie de Corona nous le rappellent cette ann\u00e9e de mani\u00e8re \u00e9vidente et douloureuse.<\/p>\n<p><strong>Que faire contre le changement climatique ?<\/strong><\/p>\n<p>Partout sur la Terre, nous ressentons les effets n\u00e9gatifs sur notre climat et donc sur toutes les formes de vie. M\u00eame s'il y a des gens, voire des nations, qui ne veulent toujours pas l'admettre : La Terre se r\u00e9chauffe, nous avons des conditions m\u00e9t\u00e9orologiques extr\u00eames, plus de s\u00e9cheresse et d'aridit\u00e9, plus d'inondations, plus de cyclones et plus de fortes pluies. Parall\u00e8lement, la croissance d\u00e9mographique mondiale et l'urbanisation croissante exigent une gestion responsable des ressources limit\u00e9es. Comme nous le constatons avec l'apparition constante de nouveaux virus, la consommation d'animaux sauvages provenant de zones de for\u00eats vierges n'est pas la solution. Sauve qui peut ! Mais o\u00f9 aller ?<\/p>\n<p><strong>Normes pour la protection de l'environnement, de l'air, de l'eau<\/strong><\/p>\n<p>Pour r\u00e9duire l'impact n\u00e9gatif de l'homme sur notre plan\u00e8te, nous avons besoin d'une volont\u00e9 politique, de mesures concr\u00e8tes et des bons instruments. Les normes internationales en font partie, affirme l'ISO. Les normes internationales de la CEI, de l'ISO et de l'UIT, les normes europ\u00e9ennes et de nombreuses normes nationales et autres labels de qualit\u00e9 traitent des d\u00e9fis techniques et des solutions appropri\u00e9es. Les normes internationales contribuent au partage des connaissances et de l'expertise entre les pays industrialis\u00e9s et les pays en d\u00e9veloppement.<\/p>\n<p>Les normes couvrent \u00e9galement les multiples aspects des \u00e9conomies d'\u00e9nergie, de la qualit\u00e9 de l'eau et de l'air. Il existe des normes pour presque tous les secteurs, pour les produits et les services. Le secteur de la construction, par exemple, poss\u00e8de de nombreuses interfaces et possibilit\u00e9s pour la protection de l'environnement, de l'eau et de l'air. Pour les efforts mondiaux de protection de la plan\u00e8te, nous n'avons pas seulement besoin de normes, mais aussi de normes. Elles d\u00e9finissent des protocoles et des m\u00e9thodes de mesure standardis\u00e9s - m\u00eame au-del\u00e0 des fronti\u00e8res politiques et linguistiques.<\/p>\n<p>L'ISO est convaincue que l'application g\u00e9n\u00e9ralis\u00e9e de normes reconnues au niveau international contribue \u00e0 r\u00e9duire l'impact environnemental de la production et des processus industriels, \u00e0 faciliter la r\u00e9utilisation de ressources limit\u00e9es et \u00e0 am\u00e9liorer l'efficacit\u00e9 \u00e9nerg\u00e9tique.<\/p>\n<p><em>Pour en savoir plus sur l'ISO et la Journ\u00e9e internationale de la normalisation, consultez le site web de l'ISO <u><a href=\"\/\/www.iso.org\/world-standards-day.html\">https:\/\/www.iso.org\/world-standards-day.html<\/a><\/u><\/em><\/p>\n<p>&nbsp;<\/p>","protected":false},"excerpt":{"rendered":"<p>&nbsp; In der Pressemitteilung zum Weltnormentag 2020 steht ein zentraler Satz: \u00abUm den menschlichen Einfluss auf unseren Planeten zu verringern, brauchen wir den politischen Willen, konkrete Massnahmen und die richtigen Instrumente.\u00a0Internationale Normen sind ein solches Instrument.\u00bb Doch l\u00e4sst sich unsere Welt mit Normen sch\u00fctzen? Geht das? Das Motto kommt jedoch von der ISO mit Sitz [&hellip;]<\/p>\n","protected":false},"author":5,"featured_media":3432,"comment_status":"closed","ping_status":"closed","sticky":false,"template":"","format":"standard","meta":{"_acf_changed":false,"_yoast_wpseo_focuskw":"Weltnormentag","_yoast_wpseo_metadesc":"\"Protecting the planet with standards\", heisst das Motto zum Weltnormentag 2020 der Internationalen Organisation f\u00fcr Normung (ISO).","articlekey":"","footnotes":""},"categories":[1],"tags":[266,1448,1740,1844,424,2550,2576],"class_list":["post-10218","post","type-post","status-publish","format-standard","has-post-thumbnail","hentry","category-allgemein","tag-industrie","tag-iso","tag-motto","tag-normen","tag-schweiz","tag-weltnormentag","tag-wirtschaft"],"acf":[],"yoast_head":"<!-- This site is optimized with the Yoast SEO plugin v27.5 - https:\/\/yoast.com\/product\/yoast-seo-wordpress\/ -->\n<title>Weltnormentag 2020: Wo uns Normen sch\u00fctzen - Organisator<\/title>\n<meta name=\"description\" content=\"&quot;Protecting the planet with standards&quot;, heisst das Motto zum Weltnormentag 2020 der Internationalen Organisation f\u00fcr Normung (ISO).\" \/>\n<meta name=\"robots\" content=\"index, follow, max-snippet:-1, max-image-preview:large, max-video-preview:-1\" \/>\n<link rel=\"canonical\" href=\"https:\/\/www.organisator.ch\/fr\/general\/2020-10-14\/weltnormentag-2020-wo-uns-normen-schuetzen\/\" \/>\n<meta property=\"og:locale\" content=\"fr_FR\" \/>\n<meta property=\"og:type\" content=\"article\" \/>\n<meta property=\"og:title\" content=\"Weltnormentag 2020: Wo uns Normen sch\u00fctzen - Organisator\" \/>\n<meta property=\"og:description\" content=\"&quot;Protecting the planet with standards&quot;, heisst das Motto zum Weltnormentag 2020 der Internationalen Organisation f\u00fcr Normung (ISO).\" \/>\n<meta property=\"og:url\" content=\"https:\/\/www.organisator.ch\/fr\/general\/2020-10-14\/weltnormentag-2020-wo-uns-normen-schuetzen\/\" \/>\n<meta property=\"og:site_name\" content=\"Organisator\" \/>\n<meta property=\"article:publisher\" content=\"https:\/\/www.facebook.com\/OrganisatorFachmagazin\" \/>\n<meta property=\"article:published_time\" content=\"2020-10-14T09:04:03+00:00\" \/>\n<meta property=\"og:image\" content=\"https:\/\/www.organisator.ch\/wp-content\/uploads\/2020\/10\/Weltnormentag-up_umweltperpektiven-scaled.jpg\" \/>\n\t<meta property=\"og:image:width\" content=\"2560\" \/>\n\t<meta property=\"og:image:height\" content=\"1709\" \/>\n\t<meta property=\"og:image:type\" content=\"image\/jpeg\" \/>\n<meta name=\"author\" content=\"michael.merz\" \/>\n<meta name=\"twitter:card\" content=\"summary_large_image\" \/>\n<script type=\"application\/ld+json\" class=\"yoast-schema-graph\">{\"@context\":\"https:\\\/\\\/schema.org\",\"@graph\":[{\"@type\":\"Article\",\"@id\":\"https:\\\/\\\/www.organisator.ch\\\/en\\\/general\\\/2020-10-14\\\/weltnormentag-2020-wo-uns-normen-schuetzen\\\/#article\",\"isPartOf\":{\"@id\":\"https:\\\/\\\/www.organisator.ch\\\/en\\\/general\\\/2020-10-14\\\/weltnormentag-2020-wo-uns-normen-schuetzen\\\/\"},\"author\":{\"name\":\"michael.merz\",\"@id\":\"https:\\\/\\\/www.organisator.ch\\\/#\\\/schema\\\/person\\\/134708ca9321c57b0362cceb7948ffbd\"},\"headline\":\"Weltnormentag 2020: Wo uns Normen sch\u00fctzen\",\"datePublished\":\"2020-10-14T09:04:03+00:00\",\"mainEntityOfPage\":{\"@id\":\"https:\\\/\\\/www.organisator.ch\\\/en\\\/general\\\/2020-10-14\\\/weltnormentag-2020-wo-uns-normen-schuetzen\\\/\"},\"wordCount\":695,\"publisher\":{\"@id\":\"https:\\\/\\\/www.organisator.ch\\\/#organization\"},\"image\":{\"@id\":\"https:\\\/\\\/www.organisator.ch\\\/en\\\/general\\\/2020-10-14\\\/weltnormentag-2020-wo-uns-normen-schuetzen\\\/#primaryimage\"},\"thumbnailUrl\":\"https:\\\/\\\/www.organisator.ch\\\/wp-content\\\/uploads\\\/2020\\\/10\\\/Weltnormentag-up_umweltperpektiven-scaled.jpg\",\"keywords\":[\"Industrie\",\"ISO\",\"Motto\",\"Normen\",\"Schweiz\",\"Weltnormentag\",\"Wirtschaft\"],\"articleSection\":[\"Allgemein\"],\"inLanguage\":\"fr-FR\"},{\"@type\":\"WebPage\",\"@id\":\"https:\\\/\\\/www.organisator.ch\\\/en\\\/general\\\/2020-10-14\\\/weltnormentag-2020-wo-uns-normen-schuetzen\\\/\",\"url\":\"https:\\\/\\\/www.organisator.ch\\\/en\\\/general\\\/2020-10-14\\\/weltnormentag-2020-wo-uns-normen-schuetzen\\\/\",\"name\":\"Weltnormentag 2020: Wo uns Normen sch\u00fctzen - Organisator\",\"isPartOf\":{\"@id\":\"https:\\\/\\\/www.organisator.ch\\\/#website\"},\"primaryImageOfPage\":{\"@id\":\"https:\\\/\\\/www.organisator.ch\\\/en\\\/general\\\/2020-10-14\\\/weltnormentag-2020-wo-uns-normen-schuetzen\\\/#primaryimage\"},\"image\":{\"@id\":\"https:\\\/\\\/www.organisator.ch\\\/en\\\/general\\\/2020-10-14\\\/weltnormentag-2020-wo-uns-normen-schuetzen\\\/#primaryimage\"},\"thumbnailUrl\":\"https:\\\/\\\/www.organisator.ch\\\/wp-content\\\/uploads\\\/2020\\\/10\\\/Weltnormentag-up_umweltperpektiven-scaled.jpg\",\"datePublished\":\"2020-10-14T09:04:03+00:00\",\"description\":\"\\\"Protecting the planet with standards\\\", heisst das Motto zum Weltnormentag 2020 der Internationalen Organisation f\u00fcr Normung (ISO).\",\"breadcrumb\":{\"@id\":\"https:\\\/\\\/www.organisator.ch\\\/en\\\/general\\\/2020-10-14\\\/weltnormentag-2020-wo-uns-normen-schuetzen\\\/#breadcrumb\"},\"inLanguage\":\"fr-FR\",\"potentialAction\":[{\"@type\":\"ReadAction\",\"target\":[\"https:\\\/\\\/www.organisator.ch\\\/en\\\/general\\\/2020-10-14\\\/weltnormentag-2020-wo-uns-normen-schuetzen\\\/\"]}]},{\"@type\":\"ImageObject\",\"inLanguage\":\"fr-FR\",\"@id\":\"https:\\\/\\\/www.organisator.ch\\\/en\\\/general\\\/2020-10-14\\\/weltnormentag-2020-wo-uns-normen-schuetzen\\\/#primaryimage\",\"url\":\"https:\\\/\\\/www.organisator.ch\\\/wp-content\\\/uploads\\\/2020\\\/10\\\/Weltnormentag-up_umweltperpektiven-scaled.jpg\",\"contentUrl\":\"https:\\\/\\\/www.organisator.ch\\\/wp-content\\\/uploads\\\/2020\\\/10\\\/Weltnormentag-up_umweltperpektiven-scaled.jpg\",\"width\":2560,\"height\":1709},{\"@type\":\"BreadcrumbList\",\"@id\":\"https:\\\/\\\/www.organisator.ch\\\/en\\\/general\\\/2020-10-14\\\/weltnormentag-2020-wo-uns-normen-schuetzen\\\/#breadcrumb\",\"itemListElement\":[{\"@type\":\"ListItem\",\"position\":1,\"name\":\"Home\",\"item\":\"https:\\\/\\\/www.organisator.ch\\\/\"},{\"@type\":\"ListItem\",\"position\":2,\"name\":\"Weltnormentag 2020: Wo uns Normen sch\u00fctzen\"}]},{\"@type\":\"WebSite\",\"@id\":\"https:\\\/\\\/www.organisator.ch\\\/#website\",\"url\":\"https:\\\/\\\/www.organisator.ch\\\/\",\"name\":\"Organisator\",\"description\":\"Kompetent. Praxisnah. Der ORGANISATOR bereitet in 10 Ausgaben pro Jahr die wesentlichen Themen f\u00fcr F\u00fchrungskr\u00e4fte von KMU auf.\",\"publisher\":{\"@id\":\"https:\\\/\\\/www.organisator.ch\\\/#organization\"},\"potentialAction\":[{\"@type\":\"SearchAction\",\"target\":{\"@type\":\"EntryPoint\",\"urlTemplate\":\"https:\\\/\\\/www.organisator.ch\\\/?s={search_term_string}\"},\"query-input\":{\"@type\":\"PropertyValueSpecification\",\"valueRequired\":true,\"valueName\":\"search_term_string\"}}],\"inLanguage\":\"fr-FR\"},{\"@type\":\"Organization\",\"@id\":\"https:\\\/\\\/www.organisator.ch\\\/#organization\",\"name\":\"Organisator\",\"url\":\"https:\\\/\\\/www.organisator.ch\\\/\",\"logo\":{\"@type\":\"ImageObject\",\"inLanguage\":\"fr-FR\",\"@id\":\"https:\\\/\\\/www.organisator.ch\\\/#\\\/schema\\\/logo\\\/image\\\/\",\"url\":\"https:\\\/\\\/www.organisator.ch\\\/wp-content\\\/uploads\\\/2022\\\/01\\\/Logo_Organisator_Website.png\",\"contentUrl\":\"https:\\\/\\\/www.organisator.ch\\\/wp-content\\\/uploads\\\/2022\\\/01\\\/Logo_Organisator_Website.png\",\"width\":800,\"height\":77,\"caption\":\"Organisator\"},\"image\":{\"@id\":\"https:\\\/\\\/www.organisator.ch\\\/#\\\/schema\\\/logo\\\/image\\\/\"},\"sameAs\":[\"https:\\\/\\\/www.facebook.com\\\/OrganisatorFachmagazin\",\"https:\\\/\\\/www.linkedin.com\\\/showcase\\\/organisator-das-magazin-fr-kmu\",\"https:\\\/\\\/www.xing.com\\\/news\\\/pages\\\/organisator-ch-695\",\"https:\\\/\\\/www.youtube.com\\\/channel\\\/UCGP2Sq0iWaZwT3BdIAQFYpw\"]},{\"@type\":\"Person\",\"@id\":\"https:\\\/\\\/www.organisator.ch\\\/#\\\/schema\\\/person\\\/134708ca9321c57b0362cceb7948ffbd\",\"name\":\"michael.merz\",\"image\":{\"@type\":\"ImageObject\",\"inLanguage\":\"fr-FR\",\"@id\":\"https:\\\/\\\/secure.gravatar.com\\\/avatar\\\/?s=96&d=mm&r=g\",\"url\":\"https:\\\/\\\/secure.gravatar.com\\\/avatar\\\/?s=96&d=mm&r=g\",\"contentUrl\":\"https:\\\/\\\/secure.gravatar.com\\\/avatar\\\/?s=96&d=mm&r=g\",\"caption\":\"michael.merz\"},\"url\":\"https:\\\/\\\/www.organisator.ch\\\/fr\\\/author\\\/michael-merz\\\/\"}]}<\/script>\n<!-- \/ Yoast SEO plugin. -->","yoast_head_json":{"title":"Journ\u00e9e mondiale de la normalisation 2020 : o\u00f9 les normes nous prot\u00e8gent - Organisateur","description":"\"Protecting the planet with standards\", tel est le slogan de la Journ\u00e9e mondiale de la normalisation 2020 de l'Organisation internationale de normalisation (ISO).","robots":{"index":"index","follow":"follow","max-snippet":"max-snippet:-1","max-image-preview":"max-image-preview:large","max-video-preview":"max-video-preview:-1"},"canonical":"https:\/\/www.organisator.ch\/fr\/general\/2020-10-14\/weltnormentag-2020-wo-uns-normen-schuetzen\/","og_locale":"fr_FR","og_type":"article","og_title":"Weltnormentag 2020: Wo uns Normen sch\u00fctzen - Organisator","og_description":"\"Protecting the planet with standards\", heisst das Motto zum Weltnormentag 2020 der Internationalen Organisation f\u00fcr Normung (ISO).","og_url":"https:\/\/www.organisator.ch\/fr\/general\/2020-10-14\/weltnormentag-2020-wo-uns-normen-schuetzen\/","og_site_name":"Organisator","article_publisher":"https:\/\/www.facebook.com\/OrganisatorFachmagazin","article_published_time":"2020-10-14T09:04:03+00:00","og_image":[{"width":2560,"height":1709,"url":"https:\/\/www.organisator.ch\/wp-content\/uploads\/2020\/10\/Weltnormentag-up_umweltperpektiven-scaled.jpg","type":"image\/jpeg"}],"author":"michael.merz","twitter_card":"summary_large_image","schema":{"@context":"https:\/\/schema.org","@graph":[{"@type":"Article","@id":"https:\/\/www.organisator.ch\/en\/general\/2020-10-14\/weltnormentag-2020-wo-uns-normen-schuetzen\/#article","isPartOf":{"@id":"https:\/\/www.organisator.ch\/en\/general\/2020-10-14\/weltnormentag-2020-wo-uns-normen-schuetzen\/"},"author":{"name":"michael.merz","@id":"https:\/\/www.organisator.ch\/#\/schema\/person\/134708ca9321c57b0362cceb7948ffbd"},"headline":"Weltnormentag 2020: Wo uns Normen sch\u00fctzen","datePublished":"2020-10-14T09:04:03+00:00","mainEntityOfPage":{"@id":"https:\/\/www.organisator.ch\/en\/general\/2020-10-14\/weltnormentag-2020-wo-uns-normen-schuetzen\/"},"wordCount":695,"publisher":{"@id":"https:\/\/www.organisator.ch\/#organization"},"image":{"@id":"https:\/\/www.organisator.ch\/en\/general\/2020-10-14\/weltnormentag-2020-wo-uns-normen-schuetzen\/#primaryimage"},"thumbnailUrl":"https:\/\/www.organisator.ch\/wp-content\/uploads\/2020\/10\/Weltnormentag-up_umweltperpektiven-scaled.jpg","keywords":["Industrie","ISO","Motto","Normen","Schweiz","Weltnormentag","Wirtschaft"],"articleSection":["Allgemein"],"inLanguage":"fr-FR"},{"@type":"WebPage","@id":"https:\/\/www.organisator.ch\/en\/general\/2020-10-14\/weltnormentag-2020-wo-uns-normen-schuetzen\/","url":"https:\/\/www.organisator.ch\/en\/general\/2020-10-14\/weltnormentag-2020-wo-uns-normen-schuetzen\/","name":"Journ\u00e9e mondiale de la normalisation 2020 : o\u00f9 les normes nous prot\u00e8gent - Organisateur","isPartOf":{"@id":"https:\/\/www.organisator.ch\/#website"},"primaryImageOfPage":{"@id":"https:\/\/www.organisator.ch\/en\/general\/2020-10-14\/weltnormentag-2020-wo-uns-normen-schuetzen\/#primaryimage"},"image":{"@id":"https:\/\/www.organisator.ch\/en\/general\/2020-10-14\/weltnormentag-2020-wo-uns-normen-schuetzen\/#primaryimage"},"thumbnailUrl":"https:\/\/www.organisator.ch\/wp-content\/uploads\/2020\/10\/Weltnormentag-up_umweltperpektiven-scaled.jpg","datePublished":"2020-10-14T09:04:03+00:00","description":"\"Protecting the planet with standards\", tel est le slogan de la Journ\u00e9e mondiale de la normalisation 2020 de l'Organisation internationale de normalisation (ISO).","breadcrumb":{"@id":"https:\/\/www.organisator.ch\/en\/general\/2020-10-14\/weltnormentag-2020-wo-uns-normen-schuetzen\/#breadcrumb"},"inLanguage":"fr-FR","potentialAction":[{"@type":"ReadAction","target":["https:\/\/www.organisator.ch\/en\/general\/2020-10-14\/weltnormentag-2020-wo-uns-normen-schuetzen\/"]}]},{"@type":"ImageObject","inLanguage":"fr-FR","@id":"https:\/\/www.organisator.ch\/en\/general\/2020-10-14\/weltnormentag-2020-wo-uns-normen-schuetzen\/#primaryimage","url":"https:\/\/www.organisator.ch\/wp-content\/uploads\/2020\/10\/Weltnormentag-up_umweltperpektiven-scaled.jpg","contentUrl":"https:\/\/www.organisator.ch\/wp-content\/uploads\/2020\/10\/Weltnormentag-up_umweltperpektiven-scaled.jpg","width":2560,"height":1709},{"@type":"BreadcrumbList","@id":"https:\/\/www.organisator.ch\/en\/general\/2020-10-14\/weltnormentag-2020-wo-uns-normen-schuetzen\/#breadcrumb","itemListElement":[{"@type":"ListItem","position":1,"name":"Home","item":"https:\/\/www.organisator.ch\/"},{"@type":"ListItem","position":2,"name":"Weltnormentag 2020: Wo uns Normen sch\u00fctzen"}]},{"@type":"WebSite","@id":"https:\/\/www.organisator.ch\/#website","url":"https:\/\/www.organisator.ch\/","name":"Organisateur","description":"Comp\u00e9tence et comp\u00e9tence. Proches de la pratique. L'ORGANISATEUR pr\u00e9pare 10 num\u00e9ros par an sur les th\u00e8mes essentiels pour les dirigeants de PME.","publisher":{"@id":"https:\/\/www.organisator.ch\/#organization"},"potentialAction":[{"@type":"SearchAction","target":{"@type":"EntryPoint","urlTemplate":"https:\/\/www.organisator.ch\/?s={search_term_string}"},"query-input":{"@type":"PropertyValueSpecification","valueRequired":true,"valueName":"search_term_string"}}],"inLanguage":"fr-FR"},{"@type":"Organization","@id":"https:\/\/www.organisator.ch\/#organization","name":"Organisateur","url":"https:\/\/www.organisator.ch\/","logo":{"@type":"ImageObject","inLanguage":"fr-FR","@id":"https:\/\/www.organisator.ch\/#\/schema\/logo\/image\/","url":"https:\/\/www.organisator.ch\/wp-content\/uploads\/2022\/01\/Logo_Organisator_Website.png","contentUrl":"https:\/\/www.organisator.ch\/wp-content\/uploads\/2022\/01\/Logo_Organisator_Website.png","width":800,"height":77,"caption":"Organisator"},"image":{"@id":"https:\/\/www.organisator.ch\/#\/schema\/logo\/image\/"},"sameAs":["https:\/\/www.facebook.com\/OrganisatorFachmagazin","https:\/\/www.linkedin.com\/showcase\/organisator-das-magazin-fr-kmu","https:\/\/www.xing.com\/news\/pages\/organisator-ch-695","https:\/\/www.youtube.com\/channel\/UCGP2Sq0iWaZwT3BdIAQFYpw"]},{"@type":"Person","@id":"https:\/\/www.organisator.ch\/#\/schema\/person\/134708ca9321c57b0362cceb7948ffbd","name":"michael.merz","image":{"@type":"ImageObject","inLanguage":"fr-FR","@id":"https:\/\/secure.gravatar.com\/avatar\/?s=96&d=mm&r=g","url":"https:\/\/secure.gravatar.com\/avatar\/?s=96&d=mm&r=g","contentUrl":"https:\/\/secure.gravatar.com\/avatar\/?s=96&d=mm&r=g","caption":"michael.merz"},"url":"https:\/\/www.organisator.ch\/fr\/author\/michael-merz\/"}]}},"_links":{"self":[{"href":"https:\/\/www.organisator.ch\/fr\/wp-json\/wp\/v2\/posts\/10218","targetHints":{"allow":["GET"]}}],"collection":[{"href":"https:\/\/www.organisator.ch\/fr\/wp-json\/wp\/v2\/posts"}],"about":[{"href":"https:\/\/www.organisator.ch\/fr\/wp-json\/wp\/v2\/types\/post"}],"author":[{"embeddable":true,"href":"https:\/\/www.organisator.ch\/fr\/wp-json\/wp\/v2\/users\/5"}],"replies":[{"embeddable":true,"href":"https:\/\/www.organisator.ch\/fr\/wp-json\/wp\/v2\/comments?post=10218"}],"version-history":[{"count":0,"href":"https:\/\/www.organisator.ch\/fr\/wp-json\/wp\/v2\/posts\/10218\/revisions"}],"wp:featuredmedia":[{"embeddable":true,"href":"https:\/\/www.organisator.ch\/fr\/wp-json\/wp\/v2\/media\/3432"}],"wp:attachment":[{"href":"https:\/\/www.organisator.ch\/fr\/wp-json\/wp\/v2\/media?parent=10218"}],"wp:term":[{"taxonomy":"category","embeddable":true,"href":"https:\/\/www.organisator.ch\/fr\/wp-json\/wp\/v2\/categories?post=10218"},{"taxonomy":"post_tag","embeddable":true,"href":"https:\/\/www.organisator.ch\/fr\/wp-json\/wp\/v2\/tags?post=10218"}],"curies":[{"name":"wp","href":"https:\/\/api.w.org\/{rel}","templated":true}]}}