{"id":10227,"date":"2020-11-30T14:34:08","date_gmt":"2020-11-30T13:34:08","guid":{"rendered":"https:\/\/www.umweltperspektiven.ch\/?p=3535"},"modified":"2022-02-09T11:06:12","modified_gmt":"2022-02-09T10:06:12","slug":"energiestrategie-2050-nur-kurzfristig-auf-kurs","status":"publish","type":"post","link":"https:\/\/www.organisator.ch\/fr\/sustainability\/2020-11-30\/energiestrategie-2050-nur-kurzfristig-auf-kurs\/","title":{"rendered":"Strat\u00e9gie \u00e9nerg\u00e9tique 2050 : sur la bonne voie \u00e0 court terme seulement"},"content":{"rendered":"<figure id=\"attachment_3536\" aria-describedby=\"caption-attachment-3536\" style=\"width: 625px\" class=\"wp-caption alignnone\"><img loading=\"lazy\" decoding=\"async\" class=\"size-full wp-image-3536\" src=\"\/\/www.umweltperspektiven.ch\/wp-content\/uploads\/2020\/11\/Energiestrategie.jpg\" alt=\"\" width=\"625\" height=\"404\" srcset=\"https:\/\/www.organisator.ch\/wp-content\/uploads\/2020\/11\/Energiestrategie.jpg 625w, https:\/\/www.organisator.ch\/wp-content\/uploads\/2020\/11\/Energiestrategie-18x12.jpg 18w, https:\/\/www.organisator.ch\/wp-content\/uploads\/2020\/11\/Energiestrategie-271x175.jpg 271w, https:\/\/www.organisator.ch\/wp-content\/uploads\/2020\/11\/Energiestrategie-541x350.jpg 541w, https:\/\/www.organisator.ch\/wp-content\/uploads\/2020\/11\/Energiestrategie-300x194.jpg 300w\" sizes=\"auto, (max-width: 625px) 100vw, 625px\" \/><figcaption id=\"caption-attachment-3536\" class=\"wp-caption-text\">Source : BFE \/ heyday<\/figcaption><\/figure>\n<p>La loi sur l'\u00e9nergie en vigueur fixe pour les ann\u00e9es 2020 et 2035 des valeurs indicatives pour le d\u00e9veloppement des \u00e9nergies renouvelables et de l'\u00e9nergie hydraulique ainsi que pour la r\u00e9duction de la consommation d'\u00e9nergie et d'\u00e9lectricit\u00e9. Le monitoring de la Strat\u00e9gie \u00e9nerg\u00e9tique 2050 observe leur \u00e9volution ainsi que de nombreux autres th\u00e8mes et indicateurs. Le troisi\u00e8me rapport annuel publi\u00e9 aujourd'hui <a href=\"\/\/www.newsd.admin.ch\/newsd\/message\/attachments\/64107.pdf\">Rapport de suivi 2020<\/a> montre la situation \u00e0 la fin 2019. Les effets de la pand\u00e9mie Covid19 sur le secteur de l'\u00e9nergie n'y figurent donc pas encore, \u00e0 quelques exceptions pr\u00e8s.<\/p>\n<p><strong>Production d'\u00e9lectricit\u00e9 \u00e0 partir d'\u00e9nergies renouvelables (hors hydro\u00e9lectricit\u00e9)<\/strong><\/p>\n<p>Elle augmente depuis 2000, et la croissance s'est intensifi\u00e9e depuis 2010. En 2019, la production d'\u00e9lectricit\u00e9 renouvelable \u00e9tait de 4 186 gigawattheures (GWh), soit 6,2% de la production totale nette d'\u00e9lectricit\u00e9. La valeur indicative pour 2020 est de 4 400 GWh. Entre l'ann\u00e9e de base 2010 et 2020, l'objectif est une augmentation de 3'000 GWh. Sur ce total, pr\u00e8s de 931 TEP2T \u00e9taient d\u00e9j\u00e0 atteints en 2019. La valeur indicative pour 2020 est donc \u00e0 port\u00e9e de main. La valeur indicative pour l'ann\u00e9e 2035 est de 11 400 GWh. Pour l'atteindre, l'augmentation annuelle nette devrait \u00eatre d'environ 451 GWh en moyenne, c'est-\u00e0-dire plus qu'actuellement.<\/p>\n<p><strong>Production d'\u00e9lectricit\u00e9 \u00e0 partir de l'\u00e9nergie hydraulique<\/strong><\/p>\n<p>En 2019, la pr\u00e9vision moyenne de production nette d'\u00e9nergie hydraulique \u00e9tait de 36 137 GWh. La valeur indicative pour 2035 est de 37 400 GWh. L'ann\u00e9e de base est ici 2011, une augmentation nette d'environ 2'000 GWh est vis\u00e9e d'ici 2035 (pas de valeur indicative 2020 dans la loi). Sur ce total, environ 38% ont \u00e9t\u00e9 atteints en 2019. Pour atteindre la valeur indicative en 2035, il faut une augmentation nette de 79 GWh par an en moyenne dans les ann\u00e9es \u00e0 venir, ce qui est \u00e0 peu pr\u00e8s du m\u00eame ordre de grandeur que l'augmentation actuelle.<\/p>\n<p><strong>Consommation finale d'\u00e9nergie par habitant<\/strong><\/p>\n<p>Il est en baisse depuis 2000. En 2019, elle \u00e9tait inf\u00e9rieure de 19,1% \u00e0 celle de l'ann\u00e9e de r\u00e9f\u00e9rence 2000 ; corrig\u00e9e des variations climatiques, la baisse est de 18,1%. La valeur indicative 2020 (-16%) a donc d\u00e9j\u00e0 \u00e9t\u00e9 atteinte. Pour atteindre la valeur indicative de 2035 (-43%), la consommation d'\u00e9nergie finale par habitant corrig\u00e9e des variations climatiques doit diminuer en moyenne de 2,2% par an \u00e0 l'avenir. C'est plus que la baisse moyenne enregistr\u00e9e au cours des dix derni\u00e8res ann\u00e9es (-1,4%).<\/p>\n<p><strong>Consommation d'\u00e9lectricit\u00e9 par habitant<\/strong><\/p>\n<p>Celui-ci a augment\u00e9 jusqu'en 2006, mais la tendance est \u00e0 la baisse depuis. En 2019, il \u00e9tait inf\u00e9rieur de 8,3% \u00e0 la valeur de 2000, et la baisse corrig\u00e9e des variations climatiques \u00e9tait de 8,0%. Ici aussi, la valeur indicative 2020 (-3%) est d\u00e9j\u00e0 atteinte. Pour atteindre la valeur indicative de 2035 (-13%), la consommation d'\u00e9lectricit\u00e9 par habitant corrig\u00e9e des variations climatiques doit diminuer en moyenne de 0,4% par an \u00e0 l'avenir. C'est moins que la baisse moyenne enregistr\u00e9e au cours des dix derni\u00e8res ann\u00e9es (-1,0%).<\/p>\n<p><strong>Installations PV en autoconsommation et composants de r\u00e9seau intelligents<\/strong><\/p>\n<p>Cette ann\u00e9e, le monitoring pr\u00e9sente pour la premi\u00e8re fois des indicateurs sur les installations photovolta\u00efques (PV), pour lesquelles les exploitants d'installations consomment eux-m\u00eames une partie de l'\u00e9lectricit\u00e9 produite. L'autoconsommation est un moteur important de l'extension et de la d\u00e9centralisation de l'approvisionnement en \u00e9lectricit\u00e9. Les regroupements pour l'autoconsommation (ZEV) d'exploitants d'installations et de consommateurs finaux voisins pr\u00e9sentent \u00e0 cet \u00e9gard un potentiel particuli\u00e8rement \u00e9lev\u00e9.<\/p>\n<p>Les donn\u00e9es se basent sur une enqu\u00eate men\u00e9e aupr\u00e8s des gestionnaires de r\u00e9seau de distribution d'\u00e9lectricit\u00e9 suisses. Selon ces donn\u00e9es provisoires, il y avait fin 2019, y compris ZEV, un total de 76'919 installations PV en autoconsommation (soit environ 78% de toutes les installations PV). Leur puissance install\u00e9e \u00e9tait de 1'278 m\u00e9gawatts (MW) au total. Elles ont inject\u00e9 au total 746 724 m\u00e9gawattheures (MWh) de courant dans le r\u00e9seau de distribution. Environ 3080 de ces installations \u00e9taient int\u00e9gr\u00e9es dans des ZEV. Avec leur puissance install\u00e9e d'environ 124 MW, elles ont inject\u00e9 au total quelque 51 000 MWh d'\u00e9lectricit\u00e9 dans le r\u00e9seau de distribution.<\/p>\n<p>La consommation propre calcul\u00e9e des installations PV (installations individuelles et ZEV) \u00e9tait d'environ 0,48 milliard de kilowattheures en 2019. Cela repr\u00e9sente environ 0,8% de la consommation totale d'\u00e9lectricit\u00e9 en Suisse de 57,2 milliards de kWh en 2019. Le taux moyen d'autoconsommation des installations PV \u00e9tait d'environ 39%. C'est donc la quantit\u00e9 totale qui a \u00e9t\u00e9 consomm\u00e9e directement sur place, le reste \u00e9tant inject\u00e9 dans le r\u00e9seau de distribution.<\/p>\n<p>La production d'\u00e9lectricit\u00e9 d\u00e9centralis\u00e9e croissante pose des d\u00e9fis aux r\u00e9seaux \u00e9lectriques. Les r\u00e9seaux intelligents (smart grid) permettent de les r\u00e9soudre. Les compteurs d'\u00e9lectricit\u00e9 intelligents (smart meters) sont un composant central de ces r\u00e9seaux. En 2019, selon les donn\u00e9es des gestionnaires de r\u00e9seau de distribution, environ 944'220 compteurs intelligents \u00e9taient install\u00e9s et exploit\u00e9s en tant que tels dans toute la Suisse. Cela repr\u00e9sente une part de pr\u00e8s de 17%. Selon l'ordonnance sur l'approvisionnement en \u00e9lectricit\u00e9, 80% de tous les \u00e9quipements de mesure devront \u00eatre des smart meters d'ici 2027.<\/p>\n<p><strong>44 indicateurs dans 7 domaines th\u00e9matiques<\/strong><\/p>\n<p>Le rapport de suivi d\u00e9taill\u00e9 contient au total 44 indicateurs ainsi que des parties descriptives dans sept domaines th\u00e9matiques : Consommation et production d'\u00e9nergie, D\u00e9veloppement du r\u00e9seau, S\u00e9curit\u00e9 de l'approvisionnement, D\u00e9penses et prix, \u00c9missions de CO2 li\u00e9es \u00e0 l'\u00e9nergie, Recherche et technologie et Affaires internationales. Une version abr\u00e9g\u00e9e des principaux indicateurs est \u00e9galement disponible. Les deux rapports sont disponibles sur Internet (www.energiemonitoring.ch). Tous les cinq ans, le Conseil f\u00e9d\u00e9ral r\u00e9dige en outre un rapport \u00e0 l'attention du Parlement. Celui-ci comprend des \u00e9tudes approfondies et un \u00e9tat des lieux de la politique \u00e9nerg\u00e9tique.<\/p>\n<p><em>Communiqu\u00e9 de presse <a href=\"\/\/www.bfe.admin.ch\/\">Office f\u00e9d\u00e9ral de l'\u00e9nergie<\/a><\/em><\/p>\n<p>&nbsp;<\/p>","protected":false},"excerpt":{"rendered":"<p>Im geltenden Energiegesetz sind f\u00fcr die Jahre 2020 und 2035 Richtwerte zum Ausbau der erneuerbaren Energien und der Wasserkraft sowie zur Senkung des Energie- und Stromverbrauchs festgeschrieben. Das Monitoring der Energiestrategie 2050 beobachtet deren Entwicklung und viele andere Themen und Indikatoren. Der heute publizierte dritte j\u00e4hrliche Monitoringbericht 2020 zeigt die Situation per Ende 2019. Die [&hellip;]<\/p>\n","protected":false},"author":6,"featured_media":3536,"comment_status":"closed","ping_status":"closed","sticky":false,"template":"","format":"standard","meta":{"_acf_changed":false,"_yoast_wpseo_focuskw":"Energiestrategie","_yoast_wpseo_metadesc":"Energiestrategie 2050: Das BFE hat den Monitoringbericht 2020 ver\u00f6ffentlicht. Kurzfristig ist das Land auf Kurs, langfristig ist die Herausforderung gross.","articlekey":"","footnotes":""},"categories":[580],"tags":[807,1087,1098,1734],"class_list":["post-10227","post","type-post","status-publish","format-standard","has-post-thumbnail","hentry","category-sustainability","tag-bfe","tag-energiestrategie-2020","tag-enerneuerbare-energie","tag-monitoringbericht"],"acf":[],"yoast_head":"<!-- This site is optimized with the Yoast SEO plugin v27.4 - https:\/\/yoast.com\/product\/yoast-seo-wordpress\/ -->\n<title>Energiestrategie 2050: nur kurzfristig auf Kurs - Organisator<\/title>\n<meta name=\"description\" content=\"Energiestrategie 2050: Das BFE hat den Monitoringbericht 2020 ver\u00f6ffentlicht. Kurzfristig ist das Land auf Kurs, langfristig ist die Herausforderung gross.\" \/>\n<meta name=\"robots\" content=\"index, follow, max-snippet:-1, max-image-preview:large, max-video-preview:-1\" \/>\n<link rel=\"canonical\" href=\"https:\/\/www.organisator.ch\/fr\/sustainability\/2020-11-30\/energiestrategie-2050-nur-kurzfristig-auf-kurs\/\" \/>\n<meta property=\"og:locale\" content=\"fr_FR\" \/>\n<meta property=\"og:type\" content=\"article\" \/>\n<meta property=\"og:title\" content=\"Energiestrategie 2050: nur kurzfristig auf Kurs - Organisator\" \/>\n<meta property=\"og:description\" content=\"Energiestrategie 2050: Das BFE hat den Monitoringbericht 2020 ver\u00f6ffentlicht. Kurzfristig ist das Land auf Kurs, langfristig ist die Herausforderung gross.\" \/>\n<meta property=\"og:url\" content=\"https:\/\/www.organisator.ch\/fr\/sustainability\/2020-11-30\/energiestrategie-2050-nur-kurzfristig-auf-kurs\/\" \/>\n<meta property=\"og:site_name\" content=\"Organisator\" \/>\n<meta property=\"article:publisher\" content=\"https:\/\/www.facebook.com\/OrganisatorFachmagazin\" \/>\n<meta property=\"article:published_time\" content=\"2020-11-30T13:34:08+00:00\" \/>\n<meta property=\"article:modified_time\" content=\"2022-02-09T10:06:12+00:00\" \/>\n<meta property=\"og:image\" content=\"https:\/\/www.organisator.ch\/wp-content\/uploads\/2020\/11\/Energiestrategie.jpg\" \/>\n\t<meta property=\"og:image:width\" content=\"625\" \/>\n\t<meta property=\"og:image:height\" content=\"404\" \/>\n\t<meta property=\"og:image:type\" content=\"image\/jpeg\" \/>\n<meta name=\"author\" content=\"roger.straessle\" \/>\n<meta name=\"twitter:card\" content=\"summary_large_image\" \/>\n<script type=\"application\/ld+json\" class=\"yoast-schema-graph\">{\"@context\":\"https:\\\/\\\/schema.org\",\"@graph\":[{\"@type\":\"Article\",\"@id\":\"https:\\\/\\\/www.organisator.ch\\\/sustainability\\\/2020-11-30\\\/energiestrategie-2050-nur-kurzfristig-auf-kurs\\\/#article\",\"isPartOf\":{\"@id\":\"https:\\\/\\\/www.organisator.ch\\\/sustainability\\\/2020-11-30\\\/energiestrategie-2050-nur-kurzfristig-auf-kurs\\\/\"},\"author\":{\"name\":\"roger.straessle\",\"@id\":\"https:\\\/\\\/www.organisator.ch\\\/#\\\/schema\\\/person\\\/a800b8c54e208b160517a7dcc323161d\"},\"headline\":\"Energiestrategie 2050: nur kurzfristig auf Kurs\",\"datePublished\":\"2020-11-30T13:34:08+00:00\",\"dateModified\":\"2022-02-09T10:06:12+00:00\",\"mainEntityOfPage\":{\"@id\":\"https:\\\/\\\/www.organisator.ch\\\/sustainability\\\/2020-11-30\\\/energiestrategie-2050-nur-kurzfristig-auf-kurs\\\/\"},\"wordCount\":670,\"publisher\":{\"@id\":\"https:\\\/\\\/www.organisator.ch\\\/#organization\"},\"image\":{\"@id\":\"https:\\\/\\\/www.organisator.ch\\\/sustainability\\\/2020-11-30\\\/energiestrategie-2050-nur-kurzfristig-auf-kurs\\\/#primaryimage\"},\"thumbnailUrl\":\"https:\\\/\\\/www.organisator.ch\\\/wp-content\\\/uploads\\\/2020\\\/11\\\/Energiestrategie.jpg\",\"keywords\":[\"BFE\",\"Energiestrategie 2020\",\"Enerneuerbare Energie\",\"Monitoringbericht\"],\"articleSection\":[\"SUSTAINABILITY\"],\"inLanguage\":\"fr-FR\"},{\"@type\":\"WebPage\",\"@id\":\"https:\\\/\\\/www.organisator.ch\\\/sustainability\\\/2020-11-30\\\/energiestrategie-2050-nur-kurzfristig-auf-kurs\\\/\",\"url\":\"https:\\\/\\\/www.organisator.ch\\\/sustainability\\\/2020-11-30\\\/energiestrategie-2050-nur-kurzfristig-auf-kurs\\\/\",\"name\":\"Energiestrategie 2050: nur kurzfristig auf Kurs - Organisator\",\"isPartOf\":{\"@id\":\"https:\\\/\\\/www.organisator.ch\\\/#website\"},\"primaryImageOfPage\":{\"@id\":\"https:\\\/\\\/www.organisator.ch\\\/sustainability\\\/2020-11-30\\\/energiestrategie-2050-nur-kurzfristig-auf-kurs\\\/#primaryimage\"},\"image\":{\"@id\":\"https:\\\/\\\/www.organisator.ch\\\/sustainability\\\/2020-11-30\\\/energiestrategie-2050-nur-kurzfristig-auf-kurs\\\/#primaryimage\"},\"thumbnailUrl\":\"https:\\\/\\\/www.organisator.ch\\\/wp-content\\\/uploads\\\/2020\\\/11\\\/Energiestrategie.jpg\",\"datePublished\":\"2020-11-30T13:34:08+00:00\",\"dateModified\":\"2022-02-09T10:06:12+00:00\",\"description\":\"Energiestrategie 2050: Das BFE hat den Monitoringbericht 2020 ver\u00f6ffentlicht. Kurzfristig ist das Land auf Kurs, langfristig ist die Herausforderung gross.\",\"breadcrumb\":{\"@id\":\"https:\\\/\\\/www.organisator.ch\\\/sustainability\\\/2020-11-30\\\/energiestrategie-2050-nur-kurzfristig-auf-kurs\\\/#breadcrumb\"},\"inLanguage\":\"fr-FR\",\"potentialAction\":[{\"@type\":\"ReadAction\",\"target\":[\"https:\\\/\\\/www.organisator.ch\\\/sustainability\\\/2020-11-30\\\/energiestrategie-2050-nur-kurzfristig-auf-kurs\\\/\"]}]},{\"@type\":\"ImageObject\",\"inLanguage\":\"fr-FR\",\"@id\":\"https:\\\/\\\/www.organisator.ch\\\/sustainability\\\/2020-11-30\\\/energiestrategie-2050-nur-kurzfristig-auf-kurs\\\/#primaryimage\",\"url\":\"https:\\\/\\\/www.organisator.ch\\\/wp-content\\\/uploads\\\/2020\\\/11\\\/Energiestrategie.jpg\",\"contentUrl\":\"https:\\\/\\\/www.organisator.ch\\\/wp-content\\\/uploads\\\/2020\\\/11\\\/Energiestrategie.jpg\",\"width\":625,\"height\":404,\"caption\":\"Quelle: BFE \\\/ heyday\"},{\"@type\":\"BreadcrumbList\",\"@id\":\"https:\\\/\\\/www.organisator.ch\\\/sustainability\\\/2020-11-30\\\/energiestrategie-2050-nur-kurzfristig-auf-kurs\\\/#breadcrumb\",\"itemListElement\":[{\"@type\":\"ListItem\",\"position\":1,\"name\":\"Home\",\"item\":\"https:\\\/\\\/www.organisator.ch\\\/\"},{\"@type\":\"ListItem\",\"position\":2,\"name\":\"Energiestrategie 2050: nur kurzfristig auf Kurs\"}]},{\"@type\":\"WebSite\",\"@id\":\"https:\\\/\\\/www.organisator.ch\\\/#website\",\"url\":\"https:\\\/\\\/www.organisator.ch\\\/\",\"name\":\"Organisator\",\"description\":\"Kompetent. Praxisnah. Der ORGANISATOR bereitet in 10 Ausgaben pro Jahr die wesentlichen Themen f\u00fcr F\u00fchrungskr\u00e4fte von KMU auf.\",\"publisher\":{\"@id\":\"https:\\\/\\\/www.organisator.ch\\\/#organization\"},\"potentialAction\":[{\"@type\":\"SearchAction\",\"target\":{\"@type\":\"EntryPoint\",\"urlTemplate\":\"https:\\\/\\\/www.organisator.ch\\\/?s={search_term_string}\"},\"query-input\":{\"@type\":\"PropertyValueSpecification\",\"valueRequired\":true,\"valueName\":\"search_term_string\"}}],\"inLanguage\":\"fr-FR\"},{\"@type\":\"Organization\",\"@id\":\"https:\\\/\\\/www.organisator.ch\\\/#organization\",\"name\":\"Organisator\",\"url\":\"https:\\\/\\\/www.organisator.ch\\\/\",\"logo\":{\"@type\":\"ImageObject\",\"inLanguage\":\"fr-FR\",\"@id\":\"https:\\\/\\\/www.organisator.ch\\\/#\\\/schema\\\/logo\\\/image\\\/\",\"url\":\"https:\\\/\\\/www.organisator.ch\\\/wp-content\\\/uploads\\\/2022\\\/01\\\/Logo_Organisator_Website.png\",\"contentUrl\":\"https:\\\/\\\/www.organisator.ch\\\/wp-content\\\/uploads\\\/2022\\\/01\\\/Logo_Organisator_Website.png\",\"width\":800,\"height\":77,\"caption\":\"Organisator\"},\"image\":{\"@id\":\"https:\\\/\\\/www.organisator.ch\\\/#\\\/schema\\\/logo\\\/image\\\/\"},\"sameAs\":[\"https:\\\/\\\/www.facebook.com\\\/OrganisatorFachmagazin\",\"https:\\\/\\\/www.linkedin.com\\\/showcase\\\/organisator-das-magazin-fr-kmu\",\"https:\\\/\\\/www.xing.com\\\/news\\\/pages\\\/organisator-ch-695\",\"https:\\\/\\\/www.youtube.com\\\/channel\\\/UCGP2Sq0iWaZwT3BdIAQFYpw\"]},{\"@type\":\"Person\",\"@id\":\"https:\\\/\\\/www.organisator.ch\\\/#\\\/schema\\\/person\\\/a800b8c54e208b160517a7dcc323161d\",\"name\":\"roger.straessle\",\"image\":{\"@type\":\"ImageObject\",\"inLanguage\":\"fr-FR\",\"@id\":\"https:\\\/\\\/secure.gravatar.com\\\/avatar\\\/?s=96&d=mm&r=g\",\"url\":\"https:\\\/\\\/secure.gravatar.com\\\/avatar\\\/?s=96&d=mm&r=g\",\"contentUrl\":\"https:\\\/\\\/secure.gravatar.com\\\/avatar\\\/?s=96&d=mm&r=g\",\"caption\":\"roger.straessle\"},\"url\":\"https:\\\/\\\/www.organisator.ch\\\/fr\\\/author\\\/roger-straessle\\\/\"}]}<\/script>\n<!-- \/ Yoast SEO plugin. -->","yoast_head_json":{"title":"Strat\u00e9gie \u00e9nerg\u00e9tique 2050 : sur la bonne voie \u00e0 court terme seulement - Organisateur","description":"Strat\u00e9gie \u00e9nerg\u00e9tique 2050 : l'OFEN a publi\u00e9 le rapport de monitoring 2020. Si le pays est sur la bonne voie \u00e0 court terme, le d\u00e9fi est de taille \u00e0 long terme.","robots":{"index":"index","follow":"follow","max-snippet":"max-snippet:-1","max-image-preview":"max-image-preview:large","max-video-preview":"max-video-preview:-1"},"canonical":"https:\/\/www.organisator.ch\/fr\/sustainability\/2020-11-30\/energiestrategie-2050-nur-kurzfristig-auf-kurs\/","og_locale":"fr_FR","og_type":"article","og_title":"Energiestrategie 2050: nur kurzfristig auf Kurs - Organisator","og_description":"Energiestrategie 2050: Das BFE hat den Monitoringbericht 2020 ver\u00f6ffentlicht. Kurzfristig ist das Land auf Kurs, langfristig ist die Herausforderung gross.","og_url":"https:\/\/www.organisator.ch\/fr\/sustainability\/2020-11-30\/energiestrategie-2050-nur-kurzfristig-auf-kurs\/","og_site_name":"Organisator","article_publisher":"https:\/\/www.facebook.com\/OrganisatorFachmagazin","article_published_time":"2020-11-30T13:34:08+00:00","article_modified_time":"2022-02-09T10:06:12+00:00","og_image":[{"width":625,"height":404,"url":"https:\/\/www.organisator.ch\/wp-content\/uploads\/2020\/11\/Energiestrategie.jpg","type":"image\/jpeg"}],"author":"roger.straessle","twitter_card":"summary_large_image","schema":{"@context":"https:\/\/schema.org","@graph":[{"@type":"Article","@id":"https:\/\/www.organisator.ch\/sustainability\/2020-11-30\/energiestrategie-2050-nur-kurzfristig-auf-kurs\/#article","isPartOf":{"@id":"https:\/\/www.organisator.ch\/sustainability\/2020-11-30\/energiestrategie-2050-nur-kurzfristig-auf-kurs\/"},"author":{"name":"roger.straessle","@id":"https:\/\/www.organisator.ch\/#\/schema\/person\/a800b8c54e208b160517a7dcc323161d"},"headline":"Energiestrategie 2050: nur kurzfristig auf Kurs","datePublished":"2020-11-30T13:34:08+00:00","dateModified":"2022-02-09T10:06:12+00:00","mainEntityOfPage":{"@id":"https:\/\/www.organisator.ch\/sustainability\/2020-11-30\/energiestrategie-2050-nur-kurzfristig-auf-kurs\/"},"wordCount":670,"publisher":{"@id":"https:\/\/www.organisator.ch\/#organization"},"image":{"@id":"https:\/\/www.organisator.ch\/sustainability\/2020-11-30\/energiestrategie-2050-nur-kurzfristig-auf-kurs\/#primaryimage"},"thumbnailUrl":"https:\/\/www.organisator.ch\/wp-content\/uploads\/2020\/11\/Energiestrategie.jpg","keywords":["BFE","Energiestrategie 2020","Enerneuerbare Energie","Monitoringbericht"],"articleSection":["SUSTAINABILITY"],"inLanguage":"fr-FR"},{"@type":"WebPage","@id":"https:\/\/www.organisator.ch\/sustainability\/2020-11-30\/energiestrategie-2050-nur-kurzfristig-auf-kurs\/","url":"https:\/\/www.organisator.ch\/sustainability\/2020-11-30\/energiestrategie-2050-nur-kurzfristig-auf-kurs\/","name":"Strat\u00e9gie \u00e9nerg\u00e9tique 2050 : sur la bonne voie \u00e0 court terme seulement - Organisateur","isPartOf":{"@id":"https:\/\/www.organisator.ch\/#website"},"primaryImageOfPage":{"@id":"https:\/\/www.organisator.ch\/sustainability\/2020-11-30\/energiestrategie-2050-nur-kurzfristig-auf-kurs\/#primaryimage"},"image":{"@id":"https:\/\/www.organisator.ch\/sustainability\/2020-11-30\/energiestrategie-2050-nur-kurzfristig-auf-kurs\/#primaryimage"},"thumbnailUrl":"https:\/\/www.organisator.ch\/wp-content\/uploads\/2020\/11\/Energiestrategie.jpg","datePublished":"2020-11-30T13:34:08+00:00","dateModified":"2022-02-09T10:06:12+00:00","description":"Strat\u00e9gie \u00e9nerg\u00e9tique 2050 : l'OFEN a publi\u00e9 le rapport de monitoring 2020. Si le pays est sur la bonne voie \u00e0 court terme, le d\u00e9fi est de taille \u00e0 long terme.","breadcrumb":{"@id":"https:\/\/www.organisator.ch\/sustainability\/2020-11-30\/energiestrategie-2050-nur-kurzfristig-auf-kurs\/#breadcrumb"},"inLanguage":"fr-FR","potentialAction":[{"@type":"ReadAction","target":["https:\/\/www.organisator.ch\/sustainability\/2020-11-30\/energiestrategie-2050-nur-kurzfristig-auf-kurs\/"]}]},{"@type":"ImageObject","inLanguage":"fr-FR","@id":"https:\/\/www.organisator.ch\/sustainability\/2020-11-30\/energiestrategie-2050-nur-kurzfristig-auf-kurs\/#primaryimage","url":"https:\/\/www.organisator.ch\/wp-content\/uploads\/2020\/11\/Energiestrategie.jpg","contentUrl":"https:\/\/www.organisator.ch\/wp-content\/uploads\/2020\/11\/Energiestrategie.jpg","width":625,"height":404,"caption":"Quelle: BFE \/ heyday"},{"@type":"BreadcrumbList","@id":"https:\/\/www.organisator.ch\/sustainability\/2020-11-30\/energiestrategie-2050-nur-kurzfristig-auf-kurs\/#breadcrumb","itemListElement":[{"@type":"ListItem","position":1,"name":"Home","item":"https:\/\/www.organisator.ch\/"},{"@type":"ListItem","position":2,"name":"Energiestrategie 2050: nur kurzfristig auf Kurs"}]},{"@type":"WebSite","@id":"https:\/\/www.organisator.ch\/#website","url":"https:\/\/www.organisator.ch\/","name":"Organisateur","description":"Comp\u00e9tence et comp\u00e9tence. Proches de la pratique. L'ORGANISATEUR pr\u00e9pare 10 num\u00e9ros par an sur les th\u00e8mes essentiels pour les dirigeants de PME.","publisher":{"@id":"https:\/\/www.organisator.ch\/#organization"},"potentialAction":[{"@type":"SearchAction","target":{"@type":"EntryPoint","urlTemplate":"https:\/\/www.organisator.ch\/?s={search_term_string}"},"query-input":{"@type":"PropertyValueSpecification","valueRequired":true,"valueName":"search_term_string"}}],"inLanguage":"fr-FR"},{"@type":"Organization","@id":"https:\/\/www.organisator.ch\/#organization","name":"Organisateur","url":"https:\/\/www.organisator.ch\/","logo":{"@type":"ImageObject","inLanguage":"fr-FR","@id":"https:\/\/www.organisator.ch\/#\/schema\/logo\/image\/","url":"https:\/\/www.organisator.ch\/wp-content\/uploads\/2022\/01\/Logo_Organisator_Website.png","contentUrl":"https:\/\/www.organisator.ch\/wp-content\/uploads\/2022\/01\/Logo_Organisator_Website.png","width":800,"height":77,"caption":"Organisator"},"image":{"@id":"https:\/\/www.organisator.ch\/#\/schema\/logo\/image\/"},"sameAs":["https:\/\/www.facebook.com\/OrganisatorFachmagazin","https:\/\/www.linkedin.com\/showcase\/organisator-das-magazin-fr-kmu","https:\/\/www.xing.com\/news\/pages\/organisator-ch-695","https:\/\/www.youtube.com\/channel\/UCGP2Sq0iWaZwT3BdIAQFYpw"]},{"@type":"Person","@id":"https:\/\/www.organisator.ch\/#\/schema\/person\/a800b8c54e208b160517a7dcc323161d","name":"roger.straessle","image":{"@type":"ImageObject","inLanguage":"fr-FR","@id":"https:\/\/secure.gravatar.com\/avatar\/?s=96&d=mm&r=g","url":"https:\/\/secure.gravatar.com\/avatar\/?s=96&d=mm&r=g","contentUrl":"https:\/\/secure.gravatar.com\/avatar\/?s=96&d=mm&r=g","caption":"roger.straessle"},"url":"https:\/\/www.organisator.ch\/fr\/author\/roger-straessle\/"}]}},"_links":{"self":[{"href":"https:\/\/www.organisator.ch\/fr\/wp-json\/wp\/v2\/posts\/10227","targetHints":{"allow":["GET"]}}],"collection":[{"href":"https:\/\/www.organisator.ch\/fr\/wp-json\/wp\/v2\/posts"}],"about":[{"href":"https:\/\/www.organisator.ch\/fr\/wp-json\/wp\/v2\/types\/post"}],"author":[{"embeddable":true,"href":"https:\/\/www.organisator.ch\/fr\/wp-json\/wp\/v2\/users\/6"}],"replies":[{"embeddable":true,"href":"https:\/\/www.organisator.ch\/fr\/wp-json\/wp\/v2\/comments?post=10227"}],"version-history":[{"count":1,"href":"https:\/\/www.organisator.ch\/fr\/wp-json\/wp\/v2\/posts\/10227\/revisions"}],"predecessor-version":[{"id":10509,"href":"https:\/\/www.organisator.ch\/fr\/wp-json\/wp\/v2\/posts\/10227\/revisions\/10509"}],"wp:featuredmedia":[{"embeddable":true,"href":"https:\/\/www.organisator.ch\/fr\/wp-json\/wp\/v2\/media\/3536"}],"wp:attachment":[{"href":"https:\/\/www.organisator.ch\/fr\/wp-json\/wp\/v2\/media?parent=10227"}],"wp:term":[{"taxonomy":"category","embeddable":true,"href":"https:\/\/www.organisator.ch\/fr\/wp-json\/wp\/v2\/categories?post=10227"},{"taxonomy":"post_tag","embeddable":true,"href":"https:\/\/www.organisator.ch\/fr\/wp-json\/wp\/v2\/tags?post=10227"}],"curies":[{"name":"wp","href":"https:\/\/api.w.org\/{rel}","templated":true}]}}