{"id":10228,"date":"2020-12-05T12:00:00","date_gmt":"2020-12-05T11:00:00","guid":{"rendered":"https:\/\/www.umweltperspektiven.ch\/?p=3561"},"modified":"2020-12-05T12:00:00","modified_gmt":"2020-12-05T11:00:00","slug":"buendner-paerke-und-den-jurapark-aargau-entdecken","status":"publish","type":"post","link":"https:\/\/www.organisator.ch\/fr\/allgemein\/2020-12-05\/buendner-paerke-und-den-jurapark-aargau-entdecken\/","title":{"rendered":"D\u00e9couvrir les parcs grisons et le Jurapark d'Argovie"},"content":{"rendered":"<figure id=\"attachment_3562\" aria-describedby=\"caption-attachment-3562\" style=\"width: 680px\" class=\"wp-caption alignnone\"><img loading=\"lazy\" decoding=\"async\" class=\"size-medium wp-image-3562\" src=\"\/\/www.umweltperspektiven.ch\/wp-content\/uploads\/2020\/12\/B\u00fcndner-P\u00e4rke.jpg\" alt=\"\" width=\"680\" height=\"500\" \/><figcaption id=\"caption-attachment-3562\" class=\"wp-caption-text\">\u00a9 Ar\u00e8ne de l'Environnement Suisse<\/figcaption><\/figure>\n<p>Les parcs, aussi diff\u00e9rents soient-ils, ont tous le m\u00eame objectif : pr\u00e9server des habitats et des paysages exceptionnels tout en favorisant un d\u00e9veloppement \u00e9conomique durable. Les parcs ne comprennent pas seulement des paysages exceptionnels, mais aussi la vie et la culture des personnes qui y vivent.<\/p>\n<p>&nbsp;<\/p>\n<p>L'exposition temporaire propose une d\u00e9couverte passionnante. Les visiteurs de l'Umwelt Arena explorent le Parc national suisse \u00e0 l'aide d'une \u00e9nigme \u00e0 toucher, \u00e0 entendre et \u00e0 voir ; un objet cach\u00e9 explique les processus de transformation d'anciennes vari\u00e9t\u00e9s de c\u00e9r\u00e9ales en <strong>Parc naturel Biosfera<\/strong> dans le Val M\u00fcstair ; le <strong>Parc Ela<\/strong> est pr\u00e9sent\u00e9 au spectateur par des habitants actuels du parc, qui interpr\u00e8tent des citations de l'artiste Giovanni Segantini dans des courts-m\u00e9trages ; un tableau \u00e9lectrique explique qui peut profiter de l'\u00e9lectricit\u00e9 du premier t\u00e9l\u00e9ski solaire du monde \"Tenna\" dans le <strong>Parc naturel Beverin<\/strong> tous les sens des visiteurs dans le <strong>Parco Val Calanca<\/strong>. Les personnes qui s'int\u00e9ressent aux processus de d\u00e9placement des couches rocheuses sont invit\u00e9es \u00e0 consulter le site de l'Institut de recherche sur l'environnement. <strong>Le parc tectonique de Sardona<\/strong>un patrimoine mondial de l'Unesco, au bon endroit. Juste \u00e0 c\u00f4t\u00e9 de chez nous, aux portes de Zurich et de B\u00e2le, se trouve le tr\u00e9sor vert, le parc r\u00e9gional de l'Aar. <strong>Parc naturel \"Parc jurassien d'Argovie<\/strong>.<\/p>\n<p>Au moyen d'une carte au tr\u00e9sor, petits et grands peuvent se lancer dans une chasse au tr\u00e9sor \u00e0 travers les parcs, participer \u00e0 un concours et, avec un peu de chance, gagner un panier de produits des parcs grisons. Ceux qui ne veulent pas attendre aussi longtemps pour trouver un tr\u00e9sor des parcs grisons trouveront un miel bio du parc naturel Beverin dans la boutique de l'Umwelt Arena. Martina et Bruno Walder M\u00e4ndli g\u00e8rent avec beaucoup d'engagement l'apiculture bio de Viamala. En l'espace de 25 ans, un petit essaim s'est transform\u00e9 en une apiculture comptant pr\u00e8s de 100 colonies.<\/p>\n<p>Annettina Herren, collaboratrice de l'association des parcs grisons : \"Nous sommes heureux de pr\u00e9senter \u00e0 un large public les sept parcs grisons, dont pour la premi\u00e8re fois le nouveau et unique parc de langue italienne en Suisse, Parco Val Calanca, \u00e0 l'Umwelt Arena Schweiz\".<\/p>\n<p><em>Communiqu\u00e9 de presse <a href=\"\/\/www.umweltarena.ch\/\">Environnement Arena Suisse<\/a><\/em><\/p>\n<p>&nbsp;<\/p>","protected":false},"excerpt":{"rendered":"<p>Die P\u00e4rke \u2013 so unterschiedlich sie sind \u2013 haben alle das gleiche Ziel: aussergew\u00f6hnliche Lebensr\u00e4ume und Landschaften zu erhalten und gleichzeitig eine nachhaltige wirtschaftliche Entwicklung zu f\u00f6rdern. Zu den P\u00e4rken geh\u00f6ren nicht nur herausragende Landschaften, sondern auch Leben und Kultur der Menschen, die darin wohnen. &nbsp; Die Sonderausstellung f\u00fchrt auf eine spannende Entdeckungstour. Mit einem [&hellip;]<\/p>\n","protected":false},"author":6,"featured_media":3562,"comment_status":"closed","ping_status":"closed","sticky":false,"template":"","format":"standard","meta":{"_acf_changed":false,"_yoast_wpseo_focuskw":"https:\/\/www.umweltarena.ch\/","_yoast_wpseo_metadesc":"Die Sonderausstellung \u00abB\u00fcndner P\u00e4rke und Jurapark Aargau\u00bb ist bis am 11. April 2021 zu Gast in der Umwelt Arena Schweiz.","articlekey":"","footnotes":""},"categories":[1],"tags":[742,1814,1816,2353],"class_list":["post-10228","post","type-post","status-publish","format-standard","has-post-thumbnail","hentry","category-allgemein","tag-ausstellung","tag-naturpark","tag-naturpaerke","tag-umwelt-arena-schweiz"],"acf":[],"yoast_head":"<!-- This site is optimized with the Yoast SEO plugin v27.5 - https:\/\/yoast.com\/product\/yoast-seo-wordpress\/ -->\n<title>B\u00fcndner P\u00e4rke und den Jurapark Aargau entdecken - Organisator<\/title>\n<meta name=\"description\" content=\"Die Sonderausstellung \u00abB\u00fcndner P\u00e4rke und Jurapark Aargau\u00bb ist bis am 11. April 2021 zu Gast in der Umwelt Arena Schweiz.\" \/>\n<meta name=\"robots\" content=\"index, follow, max-snippet:-1, max-image-preview:large, max-video-preview:-1\" \/>\n<link rel=\"canonical\" href=\"https:\/\/www.organisator.ch\/fr\/general\/2020-12-05\/buendner-paerke-und-den-jurapark-aargau-entdecken\/\" \/>\n<meta property=\"og:locale\" content=\"fr_FR\" \/>\n<meta property=\"og:type\" content=\"article\" \/>\n<meta property=\"og:title\" content=\"B\u00fcndner P\u00e4rke und den Jurapark Aargau entdecken - Organisator\" \/>\n<meta property=\"og:description\" content=\"Die Sonderausstellung \u00abB\u00fcndner P\u00e4rke und Jurapark Aargau\u00bb ist bis am 11. April 2021 zu Gast in der Umwelt Arena Schweiz.\" \/>\n<meta property=\"og:url\" content=\"https:\/\/www.organisator.ch\/fr\/general\/2020-12-05\/buendner-paerke-und-den-jurapark-aargau-entdecken\/\" \/>\n<meta property=\"og:site_name\" content=\"Organisator\" \/>\n<meta property=\"article:publisher\" content=\"https:\/\/www.facebook.com\/OrganisatorFachmagazin\" \/>\n<meta property=\"article:published_time\" content=\"2020-12-05T11:00:00+00:00\" \/>\n<meta property=\"og:image\" content=\"https:\/\/www.organisator.ch\/wp-content\/uploads\/2020\/12\/Buendner-Paerke-scaled.jpg\" \/>\n\t<meta property=\"og:image:width\" content=\"2560\" \/>\n\t<meta property=\"og:image:height\" content=\"1882\" \/>\n\t<meta property=\"og:image:type\" content=\"image\/jpeg\" \/>\n<meta name=\"author\" content=\"roger.straessle\" \/>\n<meta name=\"twitter:card\" content=\"summary_large_image\" \/>\n<script type=\"application\/ld+json\" class=\"yoast-schema-graph\">{\"@context\":\"https:\\\/\\\/schema.org\",\"@graph\":[{\"@type\":\"Article\",\"@id\":\"https:\\\/\\\/www.organisator.ch\\\/it\\\/generale\\\/2020-12-05\\\/buendner-paerke-und-den-jurapark-aargau-entdecken\\\/#article\",\"isPartOf\":{\"@id\":\"https:\\\/\\\/www.organisator.ch\\\/it\\\/generale\\\/2020-12-05\\\/buendner-paerke-und-den-jurapark-aargau-entdecken\\\/\"},\"author\":{\"name\":\"roger.straessle\",\"@id\":\"https:\\\/\\\/www.organisator.ch\\\/#\\\/schema\\\/person\\\/a800b8c54e208b160517a7dcc323161d\"},\"headline\":\"B\u00fcndner P\u00e4rke und den Jurapark Aargau entdecken\",\"datePublished\":\"2020-12-05T11:00:00+00:00\",\"mainEntityOfPage\":{\"@id\":\"https:\\\/\\\/www.organisator.ch\\\/it\\\/generale\\\/2020-12-05\\\/buendner-paerke-und-den-jurapark-aargau-entdecken\\\/\"},\"wordCount\":331,\"publisher\":{\"@id\":\"https:\\\/\\\/www.organisator.ch\\\/#organization\"},\"image\":{\"@id\":\"https:\\\/\\\/www.organisator.ch\\\/it\\\/generale\\\/2020-12-05\\\/buendner-paerke-und-den-jurapark-aargau-entdecken\\\/#primaryimage\"},\"thumbnailUrl\":\"https:\\\/\\\/www.organisator.ch\\\/wp-content\\\/uploads\\\/2020\\\/12\\\/Buendner-Paerke-scaled.jpg\",\"keywords\":[\"Ausstellung\",\"Naturpark\",\"Naturp\u00e4rke\",\"Umwelt Arena Schweiz\"],\"articleSection\":[\"Allgemein\"],\"inLanguage\":\"fr-FR\"},{\"@type\":\"WebPage\",\"@id\":\"https:\\\/\\\/www.organisator.ch\\\/it\\\/generale\\\/2020-12-05\\\/buendner-paerke-und-den-jurapark-aargau-entdecken\\\/\",\"url\":\"https:\\\/\\\/www.organisator.ch\\\/it\\\/generale\\\/2020-12-05\\\/buendner-paerke-und-den-jurapark-aargau-entdecken\\\/\",\"name\":\"B\u00fcndner P\u00e4rke und den Jurapark Aargau entdecken - Organisator\",\"isPartOf\":{\"@id\":\"https:\\\/\\\/www.organisator.ch\\\/#website\"},\"primaryImageOfPage\":{\"@id\":\"https:\\\/\\\/www.organisator.ch\\\/it\\\/generale\\\/2020-12-05\\\/buendner-paerke-und-den-jurapark-aargau-entdecken\\\/#primaryimage\"},\"image\":{\"@id\":\"https:\\\/\\\/www.organisator.ch\\\/it\\\/generale\\\/2020-12-05\\\/buendner-paerke-und-den-jurapark-aargau-entdecken\\\/#primaryimage\"},\"thumbnailUrl\":\"https:\\\/\\\/www.organisator.ch\\\/wp-content\\\/uploads\\\/2020\\\/12\\\/Buendner-Paerke-scaled.jpg\",\"datePublished\":\"2020-12-05T11:00:00+00:00\",\"description\":\"Die Sonderausstellung \u00abB\u00fcndner P\u00e4rke und Jurapark Aargau\u00bb ist bis am 11. April 2021 zu Gast in der Umwelt Arena Schweiz.\",\"breadcrumb\":{\"@id\":\"https:\\\/\\\/www.organisator.ch\\\/it\\\/generale\\\/2020-12-05\\\/buendner-paerke-und-den-jurapark-aargau-entdecken\\\/#breadcrumb\"},\"inLanguage\":\"fr-FR\",\"potentialAction\":[{\"@type\":\"ReadAction\",\"target\":[\"https:\\\/\\\/www.organisator.ch\\\/it\\\/generale\\\/2020-12-05\\\/buendner-paerke-und-den-jurapark-aargau-entdecken\\\/\"]}]},{\"@type\":\"ImageObject\",\"inLanguage\":\"fr-FR\",\"@id\":\"https:\\\/\\\/www.organisator.ch\\\/it\\\/generale\\\/2020-12-05\\\/buendner-paerke-und-den-jurapark-aargau-entdecken\\\/#primaryimage\",\"url\":\"https:\\\/\\\/www.organisator.ch\\\/wp-content\\\/uploads\\\/2020\\\/12\\\/Buendner-Paerke-scaled.jpg\",\"contentUrl\":\"https:\\\/\\\/www.organisator.ch\\\/wp-content\\\/uploads\\\/2020\\\/12\\\/Buendner-Paerke-scaled.jpg\",\"width\":2560,\"height\":1882,\"caption\":\"\u00a9 Umwelt Arena Schweiz\"},{\"@type\":\"BreadcrumbList\",\"@id\":\"https:\\\/\\\/www.organisator.ch\\\/it\\\/generale\\\/2020-12-05\\\/buendner-paerke-und-den-jurapark-aargau-entdecken\\\/#breadcrumb\",\"itemListElement\":[{\"@type\":\"ListItem\",\"position\":1,\"name\":\"Home\",\"item\":\"https:\\\/\\\/www.organisator.ch\\\/\"},{\"@type\":\"ListItem\",\"position\":2,\"name\":\"B\u00fcndner P\u00e4rke und den Jurapark Aargau entdecken\"}]},{\"@type\":\"WebSite\",\"@id\":\"https:\\\/\\\/www.organisator.ch\\\/#website\",\"url\":\"https:\\\/\\\/www.organisator.ch\\\/\",\"name\":\"Organisator\",\"description\":\"Kompetent. Praxisnah. Der ORGANISATOR bereitet in 10 Ausgaben pro Jahr die wesentlichen Themen f\u00fcr F\u00fchrungskr\u00e4fte von KMU auf.\",\"publisher\":{\"@id\":\"https:\\\/\\\/www.organisator.ch\\\/#organization\"},\"potentialAction\":[{\"@type\":\"SearchAction\",\"target\":{\"@type\":\"EntryPoint\",\"urlTemplate\":\"https:\\\/\\\/www.organisator.ch\\\/?s={search_term_string}\"},\"query-input\":{\"@type\":\"PropertyValueSpecification\",\"valueRequired\":true,\"valueName\":\"search_term_string\"}}],\"inLanguage\":\"fr-FR\"},{\"@type\":\"Organization\",\"@id\":\"https:\\\/\\\/www.organisator.ch\\\/#organization\",\"name\":\"Organisator\",\"url\":\"https:\\\/\\\/www.organisator.ch\\\/\",\"logo\":{\"@type\":\"ImageObject\",\"inLanguage\":\"fr-FR\",\"@id\":\"https:\\\/\\\/www.organisator.ch\\\/#\\\/schema\\\/logo\\\/image\\\/\",\"url\":\"https:\\\/\\\/www.organisator.ch\\\/wp-content\\\/uploads\\\/2022\\\/01\\\/Logo_Organisator_Website.png\",\"contentUrl\":\"https:\\\/\\\/www.organisator.ch\\\/wp-content\\\/uploads\\\/2022\\\/01\\\/Logo_Organisator_Website.png\",\"width\":800,\"height\":77,\"caption\":\"Organisator\"},\"image\":{\"@id\":\"https:\\\/\\\/www.organisator.ch\\\/#\\\/schema\\\/logo\\\/image\\\/\"},\"sameAs\":[\"https:\\\/\\\/www.facebook.com\\\/OrganisatorFachmagazin\",\"https:\\\/\\\/www.linkedin.com\\\/showcase\\\/organisator-das-magazin-fr-kmu\",\"https:\\\/\\\/www.xing.com\\\/news\\\/pages\\\/organisator-ch-695\",\"https:\\\/\\\/www.youtube.com\\\/channel\\\/UCGP2Sq0iWaZwT3BdIAQFYpw\"]},{\"@type\":\"Person\",\"@id\":\"https:\\\/\\\/www.organisator.ch\\\/#\\\/schema\\\/person\\\/a800b8c54e208b160517a7dcc323161d\",\"name\":\"roger.straessle\",\"image\":{\"@type\":\"ImageObject\",\"inLanguage\":\"fr-FR\",\"@id\":\"https:\\\/\\\/secure.gravatar.com\\\/avatar\\\/?s=96&d=mm&r=g\",\"url\":\"https:\\\/\\\/secure.gravatar.com\\\/avatar\\\/?s=96&d=mm&r=g\",\"contentUrl\":\"https:\\\/\\\/secure.gravatar.com\\\/avatar\\\/?s=96&d=mm&r=g\",\"caption\":\"roger.straessle\"},\"url\":\"https:\\\/\\\/www.organisator.ch\\\/fr\\\/author\\\/roger-straessle\\\/\"}]}<\/script>\n<!-- \/ Yoast SEO plugin. -->","yoast_head_json":{"title":"D\u00e9couvrir les parcs grisons et le Jurapark d'Argovie - Organisateur","description":"L'exposition sp\u00e9ciale \"B\u00fcndner P\u00e4rke und Jurapark Aargau\" est l'invit\u00e9e de l'Umwelt Arena Schweiz jusqu'au 11 avril 2021.","robots":{"index":"index","follow":"follow","max-snippet":"max-snippet:-1","max-image-preview":"max-image-preview:large","max-video-preview":"max-video-preview:-1"},"canonical":"https:\/\/www.organisator.ch\/fr\/general\/2020-12-05\/buendner-paerke-und-den-jurapark-aargau-entdecken\/","og_locale":"fr_FR","og_type":"article","og_title":"B\u00fcndner P\u00e4rke und den Jurapark Aargau entdecken - Organisator","og_description":"Die Sonderausstellung \u00abB\u00fcndner P\u00e4rke und Jurapark Aargau\u00bb ist bis am 11. April 2021 zu Gast in der Umwelt Arena Schweiz.","og_url":"https:\/\/www.organisator.ch\/fr\/general\/2020-12-05\/buendner-paerke-und-den-jurapark-aargau-entdecken\/","og_site_name":"Organisator","article_publisher":"https:\/\/www.facebook.com\/OrganisatorFachmagazin","article_published_time":"2020-12-05T11:00:00+00:00","og_image":[{"width":2560,"height":1882,"url":"https:\/\/www.organisator.ch\/wp-content\/uploads\/2020\/12\/Buendner-Paerke-scaled.jpg","type":"image\/jpeg"}],"author":"roger.straessle","twitter_card":"summary_large_image","schema":{"@context":"https:\/\/schema.org","@graph":[{"@type":"Article","@id":"https:\/\/www.organisator.ch\/it\/generale\/2020-12-05\/buendner-paerke-und-den-jurapark-aargau-entdecken\/#article","isPartOf":{"@id":"https:\/\/www.organisator.ch\/it\/generale\/2020-12-05\/buendner-paerke-und-den-jurapark-aargau-entdecken\/"},"author":{"name":"roger.straessle","@id":"https:\/\/www.organisator.ch\/#\/schema\/person\/a800b8c54e208b160517a7dcc323161d"},"headline":"B\u00fcndner P\u00e4rke und den Jurapark Aargau entdecken","datePublished":"2020-12-05T11:00:00+00:00","mainEntityOfPage":{"@id":"https:\/\/www.organisator.ch\/it\/generale\/2020-12-05\/buendner-paerke-und-den-jurapark-aargau-entdecken\/"},"wordCount":331,"publisher":{"@id":"https:\/\/www.organisator.ch\/#organization"},"image":{"@id":"https:\/\/www.organisator.ch\/it\/generale\/2020-12-05\/buendner-paerke-und-den-jurapark-aargau-entdecken\/#primaryimage"},"thumbnailUrl":"https:\/\/www.organisator.ch\/wp-content\/uploads\/2020\/12\/Buendner-Paerke-scaled.jpg","keywords":["Ausstellung","Naturpark","Naturp\u00e4rke","Umwelt Arena Schweiz"],"articleSection":["Allgemein"],"inLanguage":"fr-FR"},{"@type":"WebPage","@id":"https:\/\/www.organisator.ch\/it\/generale\/2020-12-05\/buendner-paerke-und-den-jurapark-aargau-entdecken\/","url":"https:\/\/www.organisator.ch\/it\/generale\/2020-12-05\/buendner-paerke-und-den-jurapark-aargau-entdecken\/","name":"D\u00e9couvrir les parcs grisons et le Jurapark d'Argovie - Organisateur","isPartOf":{"@id":"https:\/\/www.organisator.ch\/#website"},"primaryImageOfPage":{"@id":"https:\/\/www.organisator.ch\/it\/generale\/2020-12-05\/buendner-paerke-und-den-jurapark-aargau-entdecken\/#primaryimage"},"image":{"@id":"https:\/\/www.organisator.ch\/it\/generale\/2020-12-05\/buendner-paerke-und-den-jurapark-aargau-entdecken\/#primaryimage"},"thumbnailUrl":"https:\/\/www.organisator.ch\/wp-content\/uploads\/2020\/12\/Buendner-Paerke-scaled.jpg","datePublished":"2020-12-05T11:00:00+00:00","description":"L'exposition sp\u00e9ciale \"B\u00fcndner P\u00e4rke und Jurapark Aargau\" est l'invit\u00e9e de l'Umwelt Arena Schweiz jusqu'au 11 avril 2021.","breadcrumb":{"@id":"https:\/\/www.organisator.ch\/it\/generale\/2020-12-05\/buendner-paerke-und-den-jurapark-aargau-entdecken\/#breadcrumb"},"inLanguage":"fr-FR","potentialAction":[{"@type":"ReadAction","target":["https:\/\/www.organisator.ch\/it\/generale\/2020-12-05\/buendner-paerke-und-den-jurapark-aargau-entdecken\/"]}]},{"@type":"ImageObject","inLanguage":"fr-FR","@id":"https:\/\/www.organisator.ch\/it\/generale\/2020-12-05\/buendner-paerke-und-den-jurapark-aargau-entdecken\/#primaryimage","url":"https:\/\/www.organisator.ch\/wp-content\/uploads\/2020\/12\/Buendner-Paerke-scaled.jpg","contentUrl":"https:\/\/www.organisator.ch\/wp-content\/uploads\/2020\/12\/Buendner-Paerke-scaled.jpg","width":2560,"height":1882,"caption":"\u00a9 Umwelt Arena Schweiz"},{"@type":"BreadcrumbList","@id":"https:\/\/www.organisator.ch\/it\/generale\/2020-12-05\/buendner-paerke-und-den-jurapark-aargau-entdecken\/#breadcrumb","itemListElement":[{"@type":"ListItem","position":1,"name":"Home","item":"https:\/\/www.organisator.ch\/"},{"@type":"ListItem","position":2,"name":"B\u00fcndner P\u00e4rke und den Jurapark Aargau entdecken"}]},{"@type":"WebSite","@id":"https:\/\/www.organisator.ch\/#website","url":"https:\/\/www.organisator.ch\/","name":"Organisateur","description":"Comp\u00e9tence et comp\u00e9tence. Proches de la pratique. L'ORGANISATEUR pr\u00e9pare 10 num\u00e9ros par an sur les th\u00e8mes essentiels pour les dirigeants de PME.","publisher":{"@id":"https:\/\/www.organisator.ch\/#organization"},"potentialAction":[{"@type":"SearchAction","target":{"@type":"EntryPoint","urlTemplate":"https:\/\/www.organisator.ch\/?s={search_term_string}"},"query-input":{"@type":"PropertyValueSpecification","valueRequired":true,"valueName":"search_term_string"}}],"inLanguage":"fr-FR"},{"@type":"Organization","@id":"https:\/\/www.organisator.ch\/#organization","name":"Organisateur","url":"https:\/\/www.organisator.ch\/","logo":{"@type":"ImageObject","inLanguage":"fr-FR","@id":"https:\/\/www.organisator.ch\/#\/schema\/logo\/image\/","url":"https:\/\/www.organisator.ch\/wp-content\/uploads\/2022\/01\/Logo_Organisator_Website.png","contentUrl":"https:\/\/www.organisator.ch\/wp-content\/uploads\/2022\/01\/Logo_Organisator_Website.png","width":800,"height":77,"caption":"Organisator"},"image":{"@id":"https:\/\/www.organisator.ch\/#\/schema\/logo\/image\/"},"sameAs":["https:\/\/www.facebook.com\/OrganisatorFachmagazin","https:\/\/www.linkedin.com\/showcase\/organisator-das-magazin-fr-kmu","https:\/\/www.xing.com\/news\/pages\/organisator-ch-695","https:\/\/www.youtube.com\/channel\/UCGP2Sq0iWaZwT3BdIAQFYpw"]},{"@type":"Person","@id":"https:\/\/www.organisator.ch\/#\/schema\/person\/a800b8c54e208b160517a7dcc323161d","name":"roger.straessle","image":{"@type":"ImageObject","inLanguage":"fr-FR","@id":"https:\/\/secure.gravatar.com\/avatar\/?s=96&d=mm&r=g","url":"https:\/\/secure.gravatar.com\/avatar\/?s=96&d=mm&r=g","contentUrl":"https:\/\/secure.gravatar.com\/avatar\/?s=96&d=mm&r=g","caption":"roger.straessle"},"url":"https:\/\/www.organisator.ch\/fr\/author\/roger-straessle\/"}]}},"_links":{"self":[{"href":"https:\/\/www.organisator.ch\/fr\/wp-json\/wp\/v2\/posts\/10228","targetHints":{"allow":["GET"]}}],"collection":[{"href":"https:\/\/www.organisator.ch\/fr\/wp-json\/wp\/v2\/posts"}],"about":[{"href":"https:\/\/www.organisator.ch\/fr\/wp-json\/wp\/v2\/types\/post"}],"author":[{"embeddable":true,"href":"https:\/\/www.organisator.ch\/fr\/wp-json\/wp\/v2\/users\/6"}],"replies":[{"embeddable":true,"href":"https:\/\/www.organisator.ch\/fr\/wp-json\/wp\/v2\/comments?post=10228"}],"version-history":[{"count":0,"href":"https:\/\/www.organisator.ch\/fr\/wp-json\/wp\/v2\/posts\/10228\/revisions"}],"wp:featuredmedia":[{"embeddable":true,"href":"https:\/\/www.organisator.ch\/fr\/wp-json\/wp\/v2\/media\/3562"}],"wp:attachment":[{"href":"https:\/\/www.organisator.ch\/fr\/wp-json\/wp\/v2\/media?parent=10228"}],"wp:term":[{"taxonomy":"category","embeddable":true,"href":"https:\/\/www.organisator.ch\/fr\/wp-json\/wp\/v2\/categories?post=10228"},{"taxonomy":"post_tag","embeddable":true,"href":"https:\/\/www.organisator.ch\/fr\/wp-json\/wp\/v2\/tags?post=10228"}],"curies":[{"name":"wp","href":"https:\/\/api.w.org\/{rel}","templated":true}]}}