{"id":10230,"date":"2020-12-17T14:22:32","date_gmt":"2020-12-17T13:22:32","guid":{"rendered":"https:\/\/www.umweltperspektiven.ch\/?p=3590"},"modified":"2022-02-09T11:05:32","modified_gmt":"2022-02-09T10:05:32","slug":"zuercher-kva-das-aus-fuer-stofflich-verwertbare-kunststoffabfaelle","status":"publish","type":"post","link":"https:\/\/www.organisator.ch\/fr\/sustainability\/2020-12-17\/zuercher-kva-das-aus-fuer-stofflich-verwertbare-kunststoffabfaelle\/","title":{"rendered":"UIOM zurichoise : la fin des d\u00e9chets plastiques recyclables"},"content":{"rendered":"<figure id=\"attachment_4211\" aria-describedby=\"caption-attachment-4211\" style=\"width: 680px\" class=\"wp-caption aligncenter\"><img loading=\"lazy\" decoding=\"async\" class=\"wp-image-4211 size-medium\" src=\"\/\/www.umweltperspektiven.ch\/wp-content\/uploads\/2020\/12\/28_KVA_Entsorgung_Bild_1-1.jpg\" alt=\"D\u00e9chets plastiques\" width=\"680\" height=\"510\" \/><figcaption id=\"caption-attachment-4211\" class=\"wp-caption-text\">Photo : R. Str\u00e4ssle<\/figcaption><\/figure>\n<p>&nbsp;<\/p>\n<p>\"Nous voulons promouvoir le recyclage mat\u00e9riel des d\u00e9chets plastiques\", explique Alfred Rudin, directeur de la soci\u00e9t\u00e9 Z\u00fcrcher Abfallverwertungs AG, ou ZAV. Les cinq usines d'incin\u00e9ration des ordures m\u00e9nag\u00e8res (UIOM) zurichoises de Dietikon, Hinwil, Horgen, Winterthour et de la ville de Zurich en font partie. Depuis le 1er janvier 2021, les entreprises ne peuvent plus livrer de d\u00e9chets plastiques \u00e0 la ZAV. Avec cette mesure, les exploitants des UIOM font un travail de pionnier pour augmenter le potentiel des d\u00e9chets plastiques recyclables issus de l'artisanat, de l'industrie et de la construction. C'est une bonne chose, car le recyclage des mati\u00e8res plastiques en est encore \u00e0 ses balbutiements dans notre pays. Pour Rudin, il est clair que \"de telles fractions de d\u00e9chets, en particulier lorsqu'il s'agit de monocycles tri\u00e9s et non souill\u00e9s ou de quantit\u00e9s issues de collectes, n'ont pas leur place dans les UIOM\".<\/p>\n<p>Que pense l'Office f\u00e9d\u00e9ral de l'environnement (OFEV) de la d\u00e9marche zurichoise ? Rien ne s'oppose \u00e0 un tel arr\u00eat de la prise en charge, dit-on du c\u00f4t\u00e9 de la division D\u00e9chets et mati\u00e8res premi\u00e8res de l'OFEV. Il faut toutefois s'assurer que les plastiques collect\u00e9s s\u00e9par\u00e9ment sont effectivement recycl\u00e9s. \"Si des fractions de d\u00e9chets provenant de l'artisanat, de l'industrie et de la construction sont collect\u00e9es en m\u00e9lange et export\u00e9es \u00e0 l'\u00e9tranger, une autorisation de l'OFEV est n\u00e9cessaire. De plus, il faut prouver o\u00f9 et dans quel but les d\u00e9chets sont export\u00e9s\", rappelle Isabel Junker de l'OFEV.<\/p>\n<h2><strong>Des \u00e9chantillons sont pr\u00e9lev\u00e9s<\/strong><\/h2>\n<p>La question se pose de savoir comment les exploitants des UIOM zurichois contr\u00f4lent l'arr\u00eat de la prise en charge. Selon Rudin, le personnel correspondant des UIOM doit porter une attention particuli\u00e8re \u00e0 ce qu'aucune fraction de plastique recyclable ne parvienne \u00e0 l'\u00e9limination thermique. En moyenne, environ 3'000 tonnes de d\u00e9chets combustibles sont livr\u00e9es chaque jour dans les cinq UIOM zurichoises. Rudin parle d'environ 1'000 contr\u00f4les al\u00e9atoires de routine qui sont n\u00e9cessaires pour contr\u00f4ler ces tonnages.<strong>\u00a0<\/strong><\/p>\n<h2><strong>Le combustible UIOM manque-t-il ?<\/strong><\/h2>\n<p>Les UIOM zurichoises ne se contentent pas d'incin\u00e9rer leurs d\u00e9chets, elles fournissent \u00e9galement beaucoup d'\u00e9nergie sous forme d'\u00e9lectricit\u00e9 et de chauffage urbain. Les d\u00e9chets plastiques sont connus pour \u00eatre un bon combustible. Avec la suppression de cette fraction, les UIOM perdent entre 10'000 et 15'000 tonnes de mat\u00e9riaux combustibles par an, estime le directeur de la ZAV.<\/p>\n<p>Qu'est-ce que cela signifie pour le chauffage urbain, surtout pendant la saison de chauffe ? Rudin fait signe que non, car il a pris ses pr\u00e9cautions et s'est assur\u00e9 du \"combustible\" \u00e0 hauteur de plus de 6000 tonnes par an. Les exploitants de l'UIOM ont recours \u00e0 des \"d\u00e9chets anciens\". Ceux-ci proviennent du d\u00e9mant\u00e8lement de la d\u00e9charge d'ordures m\u00e9nag\u00e8res de Tambrig \u00e0 Obfelden, dans le canton de Zurich.\u00a0<strong>\u00a0<\/strong><\/p>\n<h2><strong>Existe-t-il un march\u00e9 pour le recyclage des mat\u00e9riaux ?<\/strong><\/h2>\n<p>Le bouclage des cycles de vie des mat\u00e9riaux est un imp\u00e9ratif. Mais existe-t-il un march\u00e9 pour les d\u00e9chets plastiques recyclables ? Selon le directeur de la ZAV, les plastiques de bonne qualit\u00e9 et tri\u00e9s sont pay\u00e9s jusqu'\u00e0 100 francs la tonne. Le prix est diff\u00e9rent pour les fractions m\u00e9lang\u00e9es, qui doivent d'abord passer par un centre de tri, ce qui n'est pas gratuit. Il faut noter que l'\u00e9limination par incin\u00e9ration a \u00e9galement son prix - il faut d\u00e9bourser environ 150 francs pour une tonne.<strong>\u00a0<\/strong><\/p>\n<h2><strong>Un potentiel dormant<\/strong><\/h2>\n<p>En Suisse, environ un million de tonnes de plastique sont consomm\u00e9es chaque ann\u00e9e. Environ un quart de cette quantit\u00e9 est utilis\u00e9 pour des produits durables tels que les cadres de fen\u00eatres. Selon les chiffres de l'OFEV, environ 780 000 tonnes de d\u00e9chets plastiques sont produites chaque ann\u00e9e, dont environ 650 000 tonnes sont utilis\u00e9es \u00e0 des fins \u00e9nerg\u00e9tiques dans les UIOM et un peu plus de six pour cent dans les cimenteries. Au total, plus de 80 pour cent sont donc \u00e9limin\u00e9s thermiquement.<\/p>\n<h2><strong>Le commerce et l'industrie en point de mire<\/strong><\/h2>\n<p>En Suisse, les plus grandes quantit\u00e9s de d\u00e9chets plastiques proviennent de l'artisanat et de l'industrie. C'est pourquoi la soci\u00e9t\u00e9 Z\u00fcrcher Abfallverwertungs AG veut actionner le levier avec son arr\u00eat de la prise en charge : Dans ces secteurs, le recyclage des mati\u00e8res plastiques est tr\u00e8s efficace et permet de r\u00e9aliser d'importantes \u00e9conomies de ressources primaires \u00e0 un co\u00fbt raisonnable. Le tri dans des installations de tri des d\u00e9chets encombrants est \u00e9galement express\u00e9ment souhait\u00e9. Pour qu'une \u00e9conomie circulaire fonctionne pour les plastiques recyclables, il faut des quantit\u00e9s suffisamment importantes, selon Rudin.<\/p>\n<p>Selon lui, la ZAV veut \u00e0 l'avenir renforcer le partenariat avec les entreprises de recyclage : Les UIOM prendraient en charge les r\u00e9sidus de tri non recyclables de ces entreprises pour les \u00e9liminer thermiquement.<\/p>","protected":false},"excerpt":{"rendered":"<p>&nbsp; \u00abWir wollen das stoffliche Recycling von Kunststoffabf\u00e4llen f\u00f6rdern\u00bb, sagt Alfred Rudin, Gesch\u00e4ftsf\u00fchrer der Z\u00fcrcher Abfallverwertungs AG, kurz ZAV. Ihr geh\u00f6ren alle f\u00fcnf Z\u00fcrcher Kehrichtverbrennungsanlagen (KVA) in Dietikon, Hinwil, Horgen, Winterthur und der Stadt Z\u00fcrich an. Bei der ZAV gilt seit dem 1. Januar 2021 ein Annahmestopp \u2013 Unternehmen d\u00fcrfen Kunststoffabf\u00e4lle nicht mehr anliefern. Mit [&hellip;]<\/p>\n","protected":false},"author":6,"featured_media":4211,"comment_status":"closed","ping_status":"closed","sticky":false,"template":"","format":"standard","meta":{"_acf_changed":false,"_yoast_wpseo_focuskw":"Kunststoffabf\u00e4lle","_yoast_wpseo_metadesc":"Die f\u00fcnf Z\u00fcrcher KVA nehmen ab 2021 keine stofflich rezyklierbaren Kunststofffraktionen aus Gewerbe, Industrie und Bau an.","articlekey":"","footnotes":""},"categories":[580],"tags":[1578,1580,2591,2611],"class_list":["post-10230","post","type-post","status-publish","format-standard","has-post-thumbnail","hentry","category-sustainability","tag-kunststoffabfall","tag-kva","tag-zav","tag-zuercher-abfallverwertungs-ag"],"acf":[],"yoast_head":"<!-- This site is optimized with the Yoast SEO plugin v27.5 - https:\/\/yoast.com\/product\/yoast-seo-wordpress\/ -->\n<title>Kunststoffabf\u00e4lle_Stopp_Z\u00fcrich<\/title>\n<meta name=\"description\" content=\"Die f\u00fcnf Z\u00fcrcher KVA nehmen ab 2021 keine stofflich rezyklierbaren Kunststofffraktionen aus Gewerbe, Industrie und Bau an.\" \/>\n<meta name=\"robots\" content=\"index, follow, max-snippet:-1, max-image-preview:large, max-video-preview:-1\" \/>\n<link rel=\"canonical\" href=\"https:\/\/www.organisator.ch\/fr\/sustainability\/2020-12-17\/zuercher-kva-das-aus-fuer-stofflich-verwertbare-kunststoffabfaelle\/\" \/>\n<meta property=\"og:locale\" content=\"fr_FR\" \/>\n<meta property=\"og:type\" content=\"article\" \/>\n<meta property=\"og:title\" content=\"Kunststoffabf\u00e4lle_Stopp_Z\u00fcrich\" \/>\n<meta property=\"og:description\" content=\"Die f\u00fcnf Z\u00fcrcher KVA nehmen ab 2021 keine stofflich rezyklierbaren Kunststofffraktionen aus Gewerbe, Industrie und Bau an.\" \/>\n<meta property=\"og:url\" content=\"https:\/\/www.organisator.ch\/fr\/sustainability\/2020-12-17\/zuercher-kva-das-aus-fuer-stofflich-verwertbare-kunststoffabfaelle\/\" \/>\n<meta property=\"og:site_name\" content=\"Organisator\" \/>\n<meta property=\"article:publisher\" content=\"https:\/\/www.facebook.com\/OrganisatorFachmagazin\" \/>\n<meta property=\"article:published_time\" content=\"2020-12-17T13:22:32+00:00\" \/>\n<meta property=\"article:modified_time\" content=\"2022-02-09T10:05:32+00:00\" \/>\n<meta property=\"og:image\" content=\"https:\/\/www.organisator.ch\/wp-content\/uploads\/2020\/12\/28_KVA_Entsorgung_Bild_1-1-scaled.jpg\" \/>\n\t<meta property=\"og:image:width\" content=\"2560\" \/>\n\t<meta property=\"og:image:height\" content=\"1920\" \/>\n\t<meta property=\"og:image:type\" content=\"image\/jpeg\" \/>\n<meta name=\"author\" content=\"roger.straessle\" \/>\n<meta name=\"twitter:card\" content=\"summary_large_image\" \/>\n<script type=\"application\/ld+json\" class=\"yoast-schema-graph\">{\"@context\":\"https:\\\/\\\/schema.org\",\"@graph\":[{\"@type\":\"Article\",\"@id\":\"https:\\\/\\\/www.organisator.ch\\\/sustainability\\\/2020-12-17\\\/zuercher-kva-das-aus-fuer-stofflich-verwertbare-kunststoffabfaelle\\\/#article\",\"isPartOf\":{\"@id\":\"https:\\\/\\\/www.organisator.ch\\\/sustainability\\\/2020-12-17\\\/zuercher-kva-das-aus-fuer-stofflich-verwertbare-kunststoffabfaelle\\\/\"},\"author\":{\"name\":\"roger.straessle\",\"@id\":\"https:\\\/\\\/www.organisator.ch\\\/#\\\/schema\\\/person\\\/a800b8c54e208b160517a7dcc323161d\"},\"headline\":\"Z\u00fcrcher KVA: Das Aus f\u00fcr stofflich verwertbare Kunststoffabf\u00e4lle\",\"datePublished\":\"2020-12-17T13:22:32+00:00\",\"dateModified\":\"2022-02-09T10:05:32+00:00\",\"mainEntityOfPage\":{\"@id\":\"https:\\\/\\\/www.organisator.ch\\\/sustainability\\\/2020-12-17\\\/zuercher-kva-das-aus-fuer-stofflich-verwertbare-kunststoffabfaelle\\\/\"},\"wordCount\":661,\"publisher\":{\"@id\":\"https:\\\/\\\/www.organisator.ch\\\/#organization\"},\"image\":{\"@id\":\"https:\\\/\\\/www.organisator.ch\\\/sustainability\\\/2020-12-17\\\/zuercher-kva-das-aus-fuer-stofflich-verwertbare-kunststoffabfaelle\\\/#primaryimage\"},\"thumbnailUrl\":\"https:\\\/\\\/www.organisator.ch\\\/wp-content\\\/uploads\\\/2020\\\/12\\\/28_KVA_Entsorgung_Bild_1-1-scaled.jpg\",\"keywords\":[\"Kunststoffabfall\",\"KVA\",\"ZAV\",\"Z\u00fcrcher Abfallverwertungs AG\"],\"articleSection\":[\"SUSTAINABILITY\"],\"inLanguage\":\"fr-FR\"},{\"@type\":\"WebPage\",\"@id\":\"https:\\\/\\\/www.organisator.ch\\\/sustainability\\\/2020-12-17\\\/zuercher-kva-das-aus-fuer-stofflich-verwertbare-kunststoffabfaelle\\\/\",\"url\":\"https:\\\/\\\/www.organisator.ch\\\/sustainability\\\/2020-12-17\\\/zuercher-kva-das-aus-fuer-stofflich-verwertbare-kunststoffabfaelle\\\/\",\"name\":\"Kunststoffabf\u00e4lle_Stopp_Z\u00fcrich\",\"isPartOf\":{\"@id\":\"https:\\\/\\\/www.organisator.ch\\\/#website\"},\"primaryImageOfPage\":{\"@id\":\"https:\\\/\\\/www.organisator.ch\\\/sustainability\\\/2020-12-17\\\/zuercher-kva-das-aus-fuer-stofflich-verwertbare-kunststoffabfaelle\\\/#primaryimage\"},\"image\":{\"@id\":\"https:\\\/\\\/www.organisator.ch\\\/sustainability\\\/2020-12-17\\\/zuercher-kva-das-aus-fuer-stofflich-verwertbare-kunststoffabfaelle\\\/#primaryimage\"},\"thumbnailUrl\":\"https:\\\/\\\/www.organisator.ch\\\/wp-content\\\/uploads\\\/2020\\\/12\\\/28_KVA_Entsorgung_Bild_1-1-scaled.jpg\",\"datePublished\":\"2020-12-17T13:22:32+00:00\",\"dateModified\":\"2022-02-09T10:05:32+00:00\",\"description\":\"Die f\u00fcnf Z\u00fcrcher KVA nehmen ab 2021 keine stofflich rezyklierbaren Kunststofffraktionen aus Gewerbe, Industrie und Bau an.\",\"breadcrumb\":{\"@id\":\"https:\\\/\\\/www.organisator.ch\\\/sustainability\\\/2020-12-17\\\/zuercher-kva-das-aus-fuer-stofflich-verwertbare-kunststoffabfaelle\\\/#breadcrumb\"},\"inLanguage\":\"fr-FR\",\"potentialAction\":[{\"@type\":\"ReadAction\",\"target\":[\"https:\\\/\\\/www.organisator.ch\\\/sustainability\\\/2020-12-17\\\/zuercher-kva-das-aus-fuer-stofflich-verwertbare-kunststoffabfaelle\\\/\"]}]},{\"@type\":\"ImageObject\",\"inLanguage\":\"fr-FR\",\"@id\":\"https:\\\/\\\/www.organisator.ch\\\/sustainability\\\/2020-12-17\\\/zuercher-kva-das-aus-fuer-stofflich-verwertbare-kunststoffabfaelle\\\/#primaryimage\",\"url\":\"https:\\\/\\\/www.organisator.ch\\\/wp-content\\\/uploads\\\/2020\\\/12\\\/28_KVA_Entsorgung_Bild_1-1-scaled.jpg\",\"contentUrl\":\"https:\\\/\\\/www.organisator.ch\\\/wp-content\\\/uploads\\\/2020\\\/12\\\/28_KVA_Entsorgung_Bild_1-1-scaled.jpg\",\"width\":2560,\"height\":1920,\"caption\":\"Foto: R. Str\u00e4ssle\"},{\"@type\":\"BreadcrumbList\",\"@id\":\"https:\\\/\\\/www.organisator.ch\\\/sustainability\\\/2020-12-17\\\/zuercher-kva-das-aus-fuer-stofflich-verwertbare-kunststoffabfaelle\\\/#breadcrumb\",\"itemListElement\":[{\"@type\":\"ListItem\",\"position\":1,\"name\":\"Home\",\"item\":\"https:\\\/\\\/www.organisator.ch\\\/\"},{\"@type\":\"ListItem\",\"position\":2,\"name\":\"Z\u00fcrcher KVA: Das Aus f\u00fcr stofflich verwertbare Kunststoffabf\u00e4lle\"}]},{\"@type\":\"WebSite\",\"@id\":\"https:\\\/\\\/www.organisator.ch\\\/#website\",\"url\":\"https:\\\/\\\/www.organisator.ch\\\/\",\"name\":\"Organisator\",\"description\":\"Kompetent. Praxisnah. Der ORGANISATOR bereitet in 10 Ausgaben pro Jahr die wesentlichen Themen f\u00fcr F\u00fchrungskr\u00e4fte von KMU auf.\",\"publisher\":{\"@id\":\"https:\\\/\\\/www.organisator.ch\\\/#organization\"},\"potentialAction\":[{\"@type\":\"SearchAction\",\"target\":{\"@type\":\"EntryPoint\",\"urlTemplate\":\"https:\\\/\\\/www.organisator.ch\\\/?s={search_term_string}\"},\"query-input\":{\"@type\":\"PropertyValueSpecification\",\"valueRequired\":true,\"valueName\":\"search_term_string\"}}],\"inLanguage\":\"fr-FR\"},{\"@type\":\"Organization\",\"@id\":\"https:\\\/\\\/www.organisator.ch\\\/#organization\",\"name\":\"Organisator\",\"url\":\"https:\\\/\\\/www.organisator.ch\\\/\",\"logo\":{\"@type\":\"ImageObject\",\"inLanguage\":\"fr-FR\",\"@id\":\"https:\\\/\\\/www.organisator.ch\\\/#\\\/schema\\\/logo\\\/image\\\/\",\"url\":\"https:\\\/\\\/www.organisator.ch\\\/wp-content\\\/uploads\\\/2022\\\/01\\\/Logo_Organisator_Website.png\",\"contentUrl\":\"https:\\\/\\\/www.organisator.ch\\\/wp-content\\\/uploads\\\/2022\\\/01\\\/Logo_Organisator_Website.png\",\"width\":800,\"height\":77,\"caption\":\"Organisator\"},\"image\":{\"@id\":\"https:\\\/\\\/www.organisator.ch\\\/#\\\/schema\\\/logo\\\/image\\\/\"},\"sameAs\":[\"https:\\\/\\\/www.facebook.com\\\/OrganisatorFachmagazin\",\"https:\\\/\\\/www.linkedin.com\\\/showcase\\\/organisator-das-magazin-fr-kmu\",\"https:\\\/\\\/www.xing.com\\\/news\\\/pages\\\/organisator-ch-695\",\"https:\\\/\\\/www.youtube.com\\\/channel\\\/UCGP2Sq0iWaZwT3BdIAQFYpw\"]},{\"@type\":\"Person\",\"@id\":\"https:\\\/\\\/www.organisator.ch\\\/#\\\/schema\\\/person\\\/a800b8c54e208b160517a7dcc323161d\",\"name\":\"roger.straessle\",\"image\":{\"@type\":\"ImageObject\",\"inLanguage\":\"fr-FR\",\"@id\":\"https:\\\/\\\/secure.gravatar.com\\\/avatar\\\/?s=96&d=mm&r=g\",\"url\":\"https:\\\/\\\/secure.gravatar.com\\\/avatar\\\/?s=96&d=mm&r=g\",\"contentUrl\":\"https:\\\/\\\/secure.gravatar.com\\\/avatar\\\/?s=96&d=mm&r=g\",\"caption\":\"roger.straessle\"},\"url\":\"https:\\\/\\\/www.organisator.ch\\\/fr\\\/author\\\/roger-straessle\\\/\"}]}<\/script>\n<!-- \/ Yoast SEO plugin. -->","yoast_head_json":{"title":"D\u00e9chets plastiques_Stopp_Zurich","description":"A partir de 2021, les cinq UIOM zurichoises n'accepteront plus les fractions de plastique recyclables issues de l'artisanat, de l'industrie et de la construction.","robots":{"index":"index","follow":"follow","max-snippet":"max-snippet:-1","max-image-preview":"max-image-preview:large","max-video-preview":"max-video-preview:-1"},"canonical":"https:\/\/www.organisator.ch\/fr\/sustainability\/2020-12-17\/zuercher-kva-das-aus-fuer-stofflich-verwertbare-kunststoffabfaelle\/","og_locale":"fr_FR","og_type":"article","og_title":"Kunststoffabf\u00e4lle_Stopp_Z\u00fcrich","og_description":"Die f\u00fcnf Z\u00fcrcher KVA nehmen ab 2021 keine stofflich rezyklierbaren Kunststofffraktionen aus Gewerbe, Industrie und Bau an.","og_url":"https:\/\/www.organisator.ch\/fr\/sustainability\/2020-12-17\/zuercher-kva-das-aus-fuer-stofflich-verwertbare-kunststoffabfaelle\/","og_site_name":"Organisator","article_publisher":"https:\/\/www.facebook.com\/OrganisatorFachmagazin","article_published_time":"2020-12-17T13:22:32+00:00","article_modified_time":"2022-02-09T10:05:32+00:00","og_image":[{"width":2560,"height":1920,"url":"https:\/\/www.organisator.ch\/wp-content\/uploads\/2020\/12\/28_KVA_Entsorgung_Bild_1-1-scaled.jpg","type":"image\/jpeg"}],"author":"roger.straessle","twitter_card":"summary_large_image","schema":{"@context":"https:\/\/schema.org","@graph":[{"@type":"Article","@id":"https:\/\/www.organisator.ch\/sustainability\/2020-12-17\/zuercher-kva-das-aus-fuer-stofflich-verwertbare-kunststoffabfaelle\/#article","isPartOf":{"@id":"https:\/\/www.organisator.ch\/sustainability\/2020-12-17\/zuercher-kva-das-aus-fuer-stofflich-verwertbare-kunststoffabfaelle\/"},"author":{"name":"roger.straessle","@id":"https:\/\/www.organisator.ch\/#\/schema\/person\/a800b8c54e208b160517a7dcc323161d"},"headline":"Z\u00fcrcher KVA: Das Aus f\u00fcr stofflich verwertbare Kunststoffabf\u00e4lle","datePublished":"2020-12-17T13:22:32+00:00","dateModified":"2022-02-09T10:05:32+00:00","mainEntityOfPage":{"@id":"https:\/\/www.organisator.ch\/sustainability\/2020-12-17\/zuercher-kva-das-aus-fuer-stofflich-verwertbare-kunststoffabfaelle\/"},"wordCount":661,"publisher":{"@id":"https:\/\/www.organisator.ch\/#organization"},"image":{"@id":"https:\/\/www.organisator.ch\/sustainability\/2020-12-17\/zuercher-kva-das-aus-fuer-stofflich-verwertbare-kunststoffabfaelle\/#primaryimage"},"thumbnailUrl":"https:\/\/www.organisator.ch\/wp-content\/uploads\/2020\/12\/28_KVA_Entsorgung_Bild_1-1-scaled.jpg","keywords":["Kunststoffabfall","KVA","ZAV","Z\u00fcrcher Abfallverwertungs AG"],"articleSection":["SUSTAINABILITY"],"inLanguage":"fr-FR"},{"@type":"WebPage","@id":"https:\/\/www.organisator.ch\/sustainability\/2020-12-17\/zuercher-kva-das-aus-fuer-stofflich-verwertbare-kunststoffabfaelle\/","url":"https:\/\/www.organisator.ch\/sustainability\/2020-12-17\/zuercher-kva-das-aus-fuer-stofflich-verwertbare-kunststoffabfaelle\/","name":"D\u00e9chets plastiques_Stopp_Zurich","isPartOf":{"@id":"https:\/\/www.organisator.ch\/#website"},"primaryImageOfPage":{"@id":"https:\/\/www.organisator.ch\/sustainability\/2020-12-17\/zuercher-kva-das-aus-fuer-stofflich-verwertbare-kunststoffabfaelle\/#primaryimage"},"image":{"@id":"https:\/\/www.organisator.ch\/sustainability\/2020-12-17\/zuercher-kva-das-aus-fuer-stofflich-verwertbare-kunststoffabfaelle\/#primaryimage"},"thumbnailUrl":"https:\/\/www.organisator.ch\/wp-content\/uploads\/2020\/12\/28_KVA_Entsorgung_Bild_1-1-scaled.jpg","datePublished":"2020-12-17T13:22:32+00:00","dateModified":"2022-02-09T10:05:32+00:00","description":"A partir de 2021, les cinq UIOM zurichoises n'accepteront plus les fractions de plastique recyclables issues de l'artisanat, de l'industrie et de la construction.","breadcrumb":{"@id":"https:\/\/www.organisator.ch\/sustainability\/2020-12-17\/zuercher-kva-das-aus-fuer-stofflich-verwertbare-kunststoffabfaelle\/#breadcrumb"},"inLanguage":"fr-FR","potentialAction":[{"@type":"ReadAction","target":["https:\/\/www.organisator.ch\/sustainability\/2020-12-17\/zuercher-kva-das-aus-fuer-stofflich-verwertbare-kunststoffabfaelle\/"]}]},{"@type":"ImageObject","inLanguage":"fr-FR","@id":"https:\/\/www.organisator.ch\/sustainability\/2020-12-17\/zuercher-kva-das-aus-fuer-stofflich-verwertbare-kunststoffabfaelle\/#primaryimage","url":"https:\/\/www.organisator.ch\/wp-content\/uploads\/2020\/12\/28_KVA_Entsorgung_Bild_1-1-scaled.jpg","contentUrl":"https:\/\/www.organisator.ch\/wp-content\/uploads\/2020\/12\/28_KVA_Entsorgung_Bild_1-1-scaled.jpg","width":2560,"height":1920,"caption":"Foto: R. Str\u00e4ssle"},{"@type":"BreadcrumbList","@id":"https:\/\/www.organisator.ch\/sustainability\/2020-12-17\/zuercher-kva-das-aus-fuer-stofflich-verwertbare-kunststoffabfaelle\/#breadcrumb","itemListElement":[{"@type":"ListItem","position":1,"name":"Home","item":"https:\/\/www.organisator.ch\/"},{"@type":"ListItem","position":2,"name":"Z\u00fcrcher KVA: Das Aus f\u00fcr stofflich verwertbare Kunststoffabf\u00e4lle"}]},{"@type":"WebSite","@id":"https:\/\/www.organisator.ch\/#website","url":"https:\/\/www.organisator.ch\/","name":"Organisateur","description":"Comp\u00e9tence et comp\u00e9tence. Proches de la pratique. L'ORGANISATEUR pr\u00e9pare 10 num\u00e9ros par an sur les th\u00e8mes essentiels pour les dirigeants de PME.","publisher":{"@id":"https:\/\/www.organisator.ch\/#organization"},"potentialAction":[{"@type":"SearchAction","target":{"@type":"EntryPoint","urlTemplate":"https:\/\/www.organisator.ch\/?s={search_term_string}"},"query-input":{"@type":"PropertyValueSpecification","valueRequired":true,"valueName":"search_term_string"}}],"inLanguage":"fr-FR"},{"@type":"Organization","@id":"https:\/\/www.organisator.ch\/#organization","name":"Organisateur","url":"https:\/\/www.organisator.ch\/","logo":{"@type":"ImageObject","inLanguage":"fr-FR","@id":"https:\/\/www.organisator.ch\/#\/schema\/logo\/image\/","url":"https:\/\/www.organisator.ch\/wp-content\/uploads\/2022\/01\/Logo_Organisator_Website.png","contentUrl":"https:\/\/www.organisator.ch\/wp-content\/uploads\/2022\/01\/Logo_Organisator_Website.png","width":800,"height":77,"caption":"Organisator"},"image":{"@id":"https:\/\/www.organisator.ch\/#\/schema\/logo\/image\/"},"sameAs":["https:\/\/www.facebook.com\/OrganisatorFachmagazin","https:\/\/www.linkedin.com\/showcase\/organisator-das-magazin-fr-kmu","https:\/\/www.xing.com\/news\/pages\/organisator-ch-695","https:\/\/www.youtube.com\/channel\/UCGP2Sq0iWaZwT3BdIAQFYpw"]},{"@type":"Person","@id":"https:\/\/www.organisator.ch\/#\/schema\/person\/a800b8c54e208b160517a7dcc323161d","name":"roger.straessle","image":{"@type":"ImageObject","inLanguage":"fr-FR","@id":"https:\/\/secure.gravatar.com\/avatar\/?s=96&d=mm&r=g","url":"https:\/\/secure.gravatar.com\/avatar\/?s=96&d=mm&r=g","contentUrl":"https:\/\/secure.gravatar.com\/avatar\/?s=96&d=mm&r=g","caption":"roger.straessle"},"url":"https:\/\/www.organisator.ch\/fr\/author\/roger-straessle\/"}]}},"_links":{"self":[{"href":"https:\/\/www.organisator.ch\/fr\/wp-json\/wp\/v2\/posts\/10230","targetHints":{"allow":["GET"]}}],"collection":[{"href":"https:\/\/www.organisator.ch\/fr\/wp-json\/wp\/v2\/posts"}],"about":[{"href":"https:\/\/www.organisator.ch\/fr\/wp-json\/wp\/v2\/types\/post"}],"author":[{"embeddable":true,"href":"https:\/\/www.organisator.ch\/fr\/wp-json\/wp\/v2\/users\/6"}],"replies":[{"embeddable":true,"href":"https:\/\/www.organisator.ch\/fr\/wp-json\/wp\/v2\/comments?post=10230"}],"version-history":[{"count":1,"href":"https:\/\/www.organisator.ch\/fr\/wp-json\/wp\/v2\/posts\/10230\/revisions"}],"predecessor-version":[{"id":10382,"href":"https:\/\/www.organisator.ch\/fr\/wp-json\/wp\/v2\/posts\/10230\/revisions\/10382"}],"wp:featuredmedia":[{"embeddable":true,"href":"https:\/\/www.organisator.ch\/fr\/wp-json\/wp\/v2\/media\/4211"}],"wp:attachment":[{"href":"https:\/\/www.organisator.ch\/fr\/wp-json\/wp\/v2\/media?parent=10230"}],"wp:term":[{"taxonomy":"category","embeddable":true,"href":"https:\/\/www.organisator.ch\/fr\/wp-json\/wp\/v2\/categories?post=10230"},{"taxonomy":"post_tag","embeddable":true,"href":"https:\/\/www.organisator.ch\/fr\/wp-json\/wp\/v2\/tags?post=10230"}],"curies":[{"name":"wp","href":"https:\/\/api.w.org\/{rel}","templated":true}]}}