{"id":10237,"date":"2021-01-22T10:57:47","date_gmt":"2021-01-22T09:57:47","guid":{"rendered":"https:\/\/www.umweltperspektiven.ch\/?p=3723"},"modified":"2022-02-09T11:09:54","modified_gmt":"2022-02-09T10:09:54","slug":"ausgezeichnete-mobile-app-gegen-food-waste","status":"publish","type":"post","link":"https:\/\/www.organisator.ch\/fr\/sustainability\/2021-01-22\/ausgezeichnete-mobile-app-gegen-food-waste\/","title":{"rendered":"Une application mobile prim\u00e9e contre le \"food waste"},"content":{"rendered":"<figure id=\"attachment_3724\" aria-describedby=\"caption-attachment-3724\" style=\"width: 680px\" class=\"wp-caption aligncenter\"><img loading=\"lazy\" decoding=\"async\" class=\"size-medium wp-image-3724\" src=\"\/\/www.umweltperspektiven.ch\/wp-content\/uploads\/2021\/01\/smallholders_stopper.jpg\" alt=\"\" width=\"680\" height=\"383\" \/><figcaption id=\"caption-attachment-3724\" class=\"wp-caption-text\">En collaboration avec BASE, des scientifiques de l'Empa d\u00e9veloppent un outil bas\u00e9 sur des donn\u00e9es afin d'am\u00e9liorer la s\u00e9curit\u00e9 alimentaire des petits paysans en Inde. Image : BASE<\/figcaption><\/figure>\n<p>\"Basel Agency for Sustainable Energy\" (BASE) et l'Empa partageront les dix millions de dollars de subventions avec les sept autres laur\u00e9ats et utiliseront cet argent pour continuer \u00e0 d\u00e9velopper une application mobile accessible \u00e0 tous : L'application permet aux petits agriculteurs en Inde d'acc\u00e9der \u00e0 des possibilit\u00e9s de r\u00e9frig\u00e9ration durables pour leurs produits agricoles. En fin de compte, les denr\u00e9es alimentaires se d\u00e9t\u00e9riorent beaucoup moins et les agriculteurs augmentent leurs revenus.<\/p>\n<p>L'Inde est l'un des plus grands producteurs de denr\u00e9es alimentaires au monde, mais 25 \u00e0 35 pour cent des aliments produits se d\u00e9t\u00e9riorent en raison d'un manque de r\u00e9frig\u00e9ration et d'autres goulots d'\u00e9tranglement dans la cha\u00eene d'approvisionnement. Seuls six pour cent environ des aliments produits en Inde suivent actuellement une cha\u00eene du froid sans faille, contre environ 60 pour cent dans les pays d\u00e9velopp\u00e9s. Cela est d\u00fb \u00e0 diff\u00e9rents obstacles qui emp\u00eachent les agriculteurs locaux d'\"injecter\" les aliments qu'ils produisent dans les cha\u00eenes du froid. Il s'agit notamment d'investissements pr\u00e9alables \u00e9lev\u00e9s dans l'\u00e9quipement, d'un acc\u00e8s limit\u00e9 au financement, d'incertitudes quant aux nouvelles technologies, d'un savoir-faire technique limit\u00e9 en mati\u00e8re de syst\u00e8mes de r\u00e9frig\u00e9ration, d'une expertise limit\u00e9e dans les pratiques de stockage post-r\u00e9colte et, dans certains cas, d'un acc\u00e8s limit\u00e9 \u00e0 l'\u00e9lectricit\u00e9.<\/p>\n<p><strong>L'application fournit de nombreuses informations<\/strong><\/p>\n<p>Pour relever ce d\u00e9fi, BASE et l'Empa d\u00e9veloppent une application mobile en libre acc\u00e8s et bas\u00e9e sur la science des donn\u00e9es, \"Your Virtual Cold-Chain Assistant\", afin de permettre aux petits agriculteurs d'acc\u00e9der \u00e0 des installations frigorifiques durables, \u00e0 des connaissances sp\u00e9cialis\u00e9es avant et apr\u00e8s la r\u00e9colte et \u00e0 des informations sur le march\u00e9. L'application contiendra diff\u00e9rentes entr\u00e9es de donn\u00e9es, notamment des donn\u00e9es m\u00e9t\u00e9orologiques et climatiques, des donn\u00e9es de localisation g\u00e9ographique, des rendements de produits frais, des donn\u00e9es de capteurs hygrothermiques de chambres froides, la dur\u00e9e de conservation restante pr\u00e9vue des produits et les prix du march\u00e9 en temps r\u00e9el. Cela permettra aux petits exploitants de prendre des d\u00e9cisions en mati\u00e8re de r\u00e9frig\u00e9ration en fonction des avantages du cycle de vie et non des co\u00fbts initiaux ; ils auront acc\u00e8s \u00e0 des informations faciles \u00e0 utiliser, ce qui leur permettra de prendre des d\u00e9cisions optimales en mati\u00e8re de production et de gestion de l'exploitation.<\/p>\n<p>Le projet vise \u00e0 briser le cycle n\u00e9gatif de la pauvret\u00e9 pour les petits agriculteurs en Inde - tout en am\u00e9liorant la s\u00e9curit\u00e9 alimentaire, en r\u00e9duisant les pertes de nourriture, en minimisant l'impact de la production alimentaire sur le climat mondial et en augmentant les revenus des petits agriculteurs jusqu'\u00e0 30 pour cent.<\/p>\n<p><em>Communiqu\u00e9 de presse de l'Empa<\/em><\/p>\n<blockquote><p>Le site <a href=\"\/\/www.data.org\/challenge\">\"Le d\u00e9fi de la croissance et de la relance inclusives\"<\/a> a \u00e9t\u00e9 cr\u00e9\u00e9 par data.org en collaboration avec le \"Mastercard Center for Inclusive Growth\" et la \"Rockefeller Foundation\". Le prix vise \u00e0 r\u00e9pondre aux d\u00e9fis les plus urgents de la soci\u00e9t\u00e9 et \u00e0 aider les gens \u00e0 mieux s'\u00e9panouir gr\u00e2ce \u00e0 l'utilisation des ordinateurs, des mod\u00e8les et de la science des donn\u00e9es.<\/p><\/blockquote>\n<p>&nbsp;<\/p>","protected":false},"excerpt":{"rendered":"<p>\u00abBasel Agency for Sustainable Energy\u00bb (BASE) und Empa werden sich die zehn Millionen US-Dollar an F\u00f6rdergeldern mit den sieben anderen Preistr\u00e4gern teilen und das Geld nutzen, um eine offen zug\u00e4ngliche mobile App weiterzuentwickeln: Die App erm\u00f6glicht Kleinbauern in Indien den Zugang zu nachhaltigen K\u00fchlm\u00f6glichkeiten f\u00fcr ihre Agrarprodukte. Dadurch verderben letztlich deutlich weniger Lebensmittel, und die [&hellip;]<\/p>\n","protected":false},"author":6,"featured_media":9757,"comment_status":"closed","ping_status":"closed","sticky":false,"template":"","format":"standard","meta":{"_acf_changed":false,"_yoast_wpseo_focuskw":"BASE","_yoast_wpseo_metadesc":"Unter den Preistr\u00e4gern des \u00abInclusive Growth and Recovery Challenge\u00bb ist auch ein Projekt von \u00abBasel Agency for Sustainable Energy\u00bb und der Empa.","articlekey":"","footnotes":""},"categories":[580],"tags":[628,633,771,1052,1208,1401,1500,1726],"class_list":["post-10237","post","type-post","status-publish","format-standard","has-post-thumbnail","hentry","category-sustainability","tag-basel-agency-for-sustainable-energy","tag-inclusive-growth-and-recovery-challenge","tag-base","tag-empa","tag-food-waste","tag-indien","tag-kleinbauern","tag-mobile-app"],"acf":[],"yoast_head":"<!-- This site is optimized with the Yoast SEO plugin v27.5 - https:\/\/yoast.com\/product\/yoast-seo-wordpress\/ -->\n<title>Ausgezeichnete Mobile App gegen \u00abFood Waste\u00bb - Organisator<\/title>\n<meta name=\"description\" content=\"Unter den Preistr\u00e4gern des \u00abInclusive Growth and Recovery Challenge\u00bb ist auch ein Projekt von \u00abBasel Agency for Sustainable Energy\u00bb und der Empa.\" \/>\n<meta name=\"robots\" content=\"index, follow, max-snippet:-1, max-image-preview:large, max-video-preview:-1\" \/>\n<link rel=\"canonical\" href=\"https:\/\/www.organisator.ch\/fr\/sustainability\/2021-01-22\/ausgezeichnete-mobile-app-gegen-food-waste\/\" \/>\n<meta property=\"og:locale\" content=\"fr_FR\" \/>\n<meta property=\"og:type\" content=\"article\" \/>\n<meta property=\"og:title\" content=\"Ausgezeichnete Mobile App gegen \u00abFood Waste\u00bb - Organisator\" \/>\n<meta property=\"og:description\" content=\"Unter den Preistr\u00e4gern des \u00abInclusive Growth and Recovery Challenge\u00bb ist auch ein Projekt von \u00abBasel Agency for Sustainable Energy\u00bb und der Empa.\" \/>\n<meta property=\"og:url\" content=\"https:\/\/www.organisator.ch\/fr\/sustainability\/2021-01-22\/ausgezeichnete-mobile-app-gegen-food-waste\/\" \/>\n<meta property=\"og:site_name\" content=\"Organisator\" \/>\n<meta property=\"article:publisher\" content=\"https:\/\/www.facebook.com\/OrganisatorFachmagazin\" \/>\n<meta property=\"article:published_time\" content=\"2021-01-22T09:57:47+00:00\" \/>\n<meta property=\"article:modified_time\" content=\"2022-02-09T10:09:54+00:00\" \/>\n<meta property=\"og:image\" content=\"https:\/\/www.organisator.ch\/wp-content\/uploads\/2021\/01\/smallholders_stopper.jpg\" \/>\n\t<meta property=\"og:image:width\" content=\"870\" \/>\n\t<meta property=\"og:image:height\" content=\"490\" \/>\n\t<meta property=\"og:image:type\" content=\"image\/jpeg\" \/>\n<meta name=\"author\" content=\"roger.straessle\" \/>\n<meta name=\"twitter:card\" content=\"summary_large_image\" \/>\n<script type=\"application\/ld+json\" class=\"yoast-schema-graph\">{\"@context\":\"https:\\\/\\\/schema.org\",\"@graph\":[{\"@type\":\"Article\",\"@id\":\"https:\\\/\\\/www.organisator.ch\\\/sustainability\\\/2021-01-22\\\/ausgezeichnete-mobile-app-gegen-food-waste\\\/#article\",\"isPartOf\":{\"@id\":\"https:\\\/\\\/www.organisator.ch\\\/sustainability\\\/2021-01-22\\\/ausgezeichnete-mobile-app-gegen-food-waste\\\/\"},\"author\":{\"name\":\"roger.straessle\",\"@id\":\"https:\\\/\\\/www.organisator.ch\\\/#\\\/schema\\\/person\\\/a800b8c54e208b160517a7dcc323161d\"},\"headline\":\"Ausgezeichnete Mobile App gegen \u00abFood Waste\u00bb\",\"datePublished\":\"2021-01-22T09:57:47+00:00\",\"dateModified\":\"2022-02-09T10:09:54+00:00\",\"mainEntityOfPage\":{\"@id\":\"https:\\\/\\\/www.organisator.ch\\\/sustainability\\\/2021-01-22\\\/ausgezeichnete-mobile-app-gegen-food-waste\\\/\"},\"wordCount\":439,\"publisher\":{\"@id\":\"https:\\\/\\\/www.organisator.ch\\\/#organization\"},\"image\":{\"@id\":\"https:\\\/\\\/www.organisator.ch\\\/sustainability\\\/2021-01-22\\\/ausgezeichnete-mobile-app-gegen-food-waste\\\/#primaryimage\"},\"thumbnailUrl\":\"https:\\\/\\\/www.organisator.ch\\\/wp-content\\\/uploads\\\/2021\\\/01\\\/smallholders_stopper.jpg\",\"keywords\":[\"\u00abBasel Agency for Sustainable Energy\u00bb\",\"\u00abInclusive Growth and Recovery Challenge\u00bb\",\"BASE\",\"Empa\",\"Food Waste\",\"Indien\",\"Kleinbauern\",\"Mobile App\"],\"articleSection\":[\"SUSTAINABILITY\"],\"inLanguage\":\"fr-FR\"},{\"@type\":\"WebPage\",\"@id\":\"https:\\\/\\\/www.organisator.ch\\\/sustainability\\\/2021-01-22\\\/ausgezeichnete-mobile-app-gegen-food-waste\\\/\",\"url\":\"https:\\\/\\\/www.organisator.ch\\\/sustainability\\\/2021-01-22\\\/ausgezeichnete-mobile-app-gegen-food-waste\\\/\",\"name\":\"Ausgezeichnete Mobile App gegen \u00abFood Waste\u00bb - Organisator\",\"isPartOf\":{\"@id\":\"https:\\\/\\\/www.organisator.ch\\\/#website\"},\"primaryImageOfPage\":{\"@id\":\"https:\\\/\\\/www.organisator.ch\\\/sustainability\\\/2021-01-22\\\/ausgezeichnete-mobile-app-gegen-food-waste\\\/#primaryimage\"},\"image\":{\"@id\":\"https:\\\/\\\/www.organisator.ch\\\/sustainability\\\/2021-01-22\\\/ausgezeichnete-mobile-app-gegen-food-waste\\\/#primaryimage\"},\"thumbnailUrl\":\"https:\\\/\\\/www.organisator.ch\\\/wp-content\\\/uploads\\\/2021\\\/01\\\/smallholders_stopper.jpg\",\"datePublished\":\"2021-01-22T09:57:47+00:00\",\"dateModified\":\"2022-02-09T10:09:54+00:00\",\"description\":\"Unter den Preistr\u00e4gern des \u00abInclusive Growth and Recovery Challenge\u00bb ist auch ein Projekt von \u00abBasel Agency for Sustainable Energy\u00bb und der Empa.\",\"breadcrumb\":{\"@id\":\"https:\\\/\\\/www.organisator.ch\\\/sustainability\\\/2021-01-22\\\/ausgezeichnete-mobile-app-gegen-food-waste\\\/#breadcrumb\"},\"inLanguage\":\"fr-FR\",\"potentialAction\":[{\"@type\":\"ReadAction\",\"target\":[\"https:\\\/\\\/www.organisator.ch\\\/sustainability\\\/2021-01-22\\\/ausgezeichnete-mobile-app-gegen-food-waste\\\/\"]}]},{\"@type\":\"ImageObject\",\"inLanguage\":\"fr-FR\",\"@id\":\"https:\\\/\\\/www.organisator.ch\\\/sustainability\\\/2021-01-22\\\/ausgezeichnete-mobile-app-gegen-food-waste\\\/#primaryimage\",\"url\":\"https:\\\/\\\/www.organisator.ch\\\/wp-content\\\/uploads\\\/2021\\\/01\\\/smallholders_stopper.jpg\",\"contentUrl\":\"https:\\\/\\\/www.organisator.ch\\\/wp-content\\\/uploads\\\/2021\\\/01\\\/smallholders_stopper.jpg\",\"width\":870,\"height\":490,\"caption\":\"Zusammen mit BASE entwickeln Empa-Wissenschaftler ein datengest\u00fctztes Tool, um die Lebensmittelsicherheit f\u00fcr Kleinbauern in Indien zu verbessern. Bild: BASE\"},{\"@type\":\"BreadcrumbList\",\"@id\":\"https:\\\/\\\/www.organisator.ch\\\/sustainability\\\/2021-01-22\\\/ausgezeichnete-mobile-app-gegen-food-waste\\\/#breadcrumb\",\"itemListElement\":[{\"@type\":\"ListItem\",\"position\":1,\"name\":\"Home\",\"item\":\"https:\\\/\\\/www.organisator.ch\\\/\"},{\"@type\":\"ListItem\",\"position\":2,\"name\":\"Ausgezeichnete Mobile App gegen \u00abFood Waste\u00bb\"}]},{\"@type\":\"WebSite\",\"@id\":\"https:\\\/\\\/www.organisator.ch\\\/#website\",\"url\":\"https:\\\/\\\/www.organisator.ch\\\/\",\"name\":\"Organisator\",\"description\":\"Kompetent. Praxisnah. Der ORGANISATOR bereitet in 10 Ausgaben pro Jahr die wesentlichen Themen f\u00fcr F\u00fchrungskr\u00e4fte von KMU auf.\",\"publisher\":{\"@id\":\"https:\\\/\\\/www.organisator.ch\\\/#organization\"},\"potentialAction\":[{\"@type\":\"SearchAction\",\"target\":{\"@type\":\"EntryPoint\",\"urlTemplate\":\"https:\\\/\\\/www.organisator.ch\\\/?s={search_term_string}\"},\"query-input\":{\"@type\":\"PropertyValueSpecification\",\"valueRequired\":true,\"valueName\":\"search_term_string\"}}],\"inLanguage\":\"fr-FR\"},{\"@type\":\"Organization\",\"@id\":\"https:\\\/\\\/www.organisator.ch\\\/#organization\",\"name\":\"Organisator\",\"url\":\"https:\\\/\\\/www.organisator.ch\\\/\",\"logo\":{\"@type\":\"ImageObject\",\"inLanguage\":\"fr-FR\",\"@id\":\"https:\\\/\\\/www.organisator.ch\\\/#\\\/schema\\\/logo\\\/image\\\/\",\"url\":\"https:\\\/\\\/www.organisator.ch\\\/wp-content\\\/uploads\\\/2022\\\/01\\\/Logo_Organisator_Website.png\",\"contentUrl\":\"https:\\\/\\\/www.organisator.ch\\\/wp-content\\\/uploads\\\/2022\\\/01\\\/Logo_Organisator_Website.png\",\"width\":800,\"height\":77,\"caption\":\"Organisator\"},\"image\":{\"@id\":\"https:\\\/\\\/www.organisator.ch\\\/#\\\/schema\\\/logo\\\/image\\\/\"},\"sameAs\":[\"https:\\\/\\\/www.facebook.com\\\/OrganisatorFachmagazin\",\"https:\\\/\\\/www.linkedin.com\\\/showcase\\\/organisator-das-magazin-fr-kmu\",\"https:\\\/\\\/www.xing.com\\\/news\\\/pages\\\/organisator-ch-695\",\"https:\\\/\\\/www.youtube.com\\\/channel\\\/UCGP2Sq0iWaZwT3BdIAQFYpw\"]},{\"@type\":\"Person\",\"@id\":\"https:\\\/\\\/www.organisator.ch\\\/#\\\/schema\\\/person\\\/a800b8c54e208b160517a7dcc323161d\",\"name\":\"roger.straessle\",\"image\":{\"@type\":\"ImageObject\",\"inLanguage\":\"fr-FR\",\"@id\":\"https:\\\/\\\/secure.gravatar.com\\\/avatar\\\/?s=96&d=mm&r=g\",\"url\":\"https:\\\/\\\/secure.gravatar.com\\\/avatar\\\/?s=96&d=mm&r=g\",\"contentUrl\":\"https:\\\/\\\/secure.gravatar.com\\\/avatar\\\/?s=96&d=mm&r=g\",\"caption\":\"roger.straessle\"},\"url\":\"https:\\\/\\\/www.organisator.ch\\\/fr\\\/author\\\/roger-straessle\\\/\"}]}<\/script>\n<!-- \/ Yoast SEO plugin. -->","yoast_head_json":{"title":"Application mobile prim\u00e9e contre le \"Food Waste\" - Organisateur","description":"Parmi les laur\u00e9ats du \"Inclusive Growth and Recovery Challenge\" figure un projet de \"Basel Agency for Sustainable Energy\" et de l'Empa.","robots":{"index":"index","follow":"follow","max-snippet":"max-snippet:-1","max-image-preview":"max-image-preview:large","max-video-preview":"max-video-preview:-1"},"canonical":"https:\/\/www.organisator.ch\/fr\/sustainability\/2021-01-22\/ausgezeichnete-mobile-app-gegen-food-waste\/","og_locale":"fr_FR","og_type":"article","og_title":"Ausgezeichnete Mobile App gegen \u00abFood Waste\u00bb - Organisator","og_description":"Unter den Preistr\u00e4gern des \u00abInclusive Growth and Recovery Challenge\u00bb ist auch ein Projekt von \u00abBasel Agency for Sustainable Energy\u00bb und der Empa.","og_url":"https:\/\/www.organisator.ch\/fr\/sustainability\/2021-01-22\/ausgezeichnete-mobile-app-gegen-food-waste\/","og_site_name":"Organisator","article_publisher":"https:\/\/www.facebook.com\/OrganisatorFachmagazin","article_published_time":"2021-01-22T09:57:47+00:00","article_modified_time":"2022-02-09T10:09:54+00:00","og_image":[{"width":870,"height":490,"url":"https:\/\/www.organisator.ch\/wp-content\/uploads\/2021\/01\/smallholders_stopper.jpg","type":"image\/jpeg"}],"author":"roger.straessle","twitter_card":"summary_large_image","schema":{"@context":"https:\/\/schema.org","@graph":[{"@type":"Article","@id":"https:\/\/www.organisator.ch\/sustainability\/2021-01-22\/ausgezeichnete-mobile-app-gegen-food-waste\/#article","isPartOf":{"@id":"https:\/\/www.organisator.ch\/sustainability\/2021-01-22\/ausgezeichnete-mobile-app-gegen-food-waste\/"},"author":{"name":"roger.straessle","@id":"https:\/\/www.organisator.ch\/#\/schema\/person\/a800b8c54e208b160517a7dcc323161d"},"headline":"Ausgezeichnete Mobile App gegen \u00abFood Waste\u00bb","datePublished":"2021-01-22T09:57:47+00:00","dateModified":"2022-02-09T10:09:54+00:00","mainEntityOfPage":{"@id":"https:\/\/www.organisator.ch\/sustainability\/2021-01-22\/ausgezeichnete-mobile-app-gegen-food-waste\/"},"wordCount":439,"publisher":{"@id":"https:\/\/www.organisator.ch\/#organization"},"image":{"@id":"https:\/\/www.organisator.ch\/sustainability\/2021-01-22\/ausgezeichnete-mobile-app-gegen-food-waste\/#primaryimage"},"thumbnailUrl":"https:\/\/www.organisator.ch\/wp-content\/uploads\/2021\/01\/smallholders_stopper.jpg","keywords":["\u00abBasel Agency for Sustainable Energy\u00bb","\u00abInclusive Growth and Recovery Challenge\u00bb","BASE","Empa","Food Waste","Indien","Kleinbauern","Mobile App"],"articleSection":["SUSTAINABILITY"],"inLanguage":"fr-FR"},{"@type":"WebPage","@id":"https:\/\/www.organisator.ch\/sustainability\/2021-01-22\/ausgezeichnete-mobile-app-gegen-food-waste\/","url":"https:\/\/www.organisator.ch\/sustainability\/2021-01-22\/ausgezeichnete-mobile-app-gegen-food-waste\/","name":"Application mobile prim\u00e9e contre le \"Food Waste\" - Organisateur","isPartOf":{"@id":"https:\/\/www.organisator.ch\/#website"},"primaryImageOfPage":{"@id":"https:\/\/www.organisator.ch\/sustainability\/2021-01-22\/ausgezeichnete-mobile-app-gegen-food-waste\/#primaryimage"},"image":{"@id":"https:\/\/www.organisator.ch\/sustainability\/2021-01-22\/ausgezeichnete-mobile-app-gegen-food-waste\/#primaryimage"},"thumbnailUrl":"https:\/\/www.organisator.ch\/wp-content\/uploads\/2021\/01\/smallholders_stopper.jpg","datePublished":"2021-01-22T09:57:47+00:00","dateModified":"2022-02-09T10:09:54+00:00","description":"Parmi les laur\u00e9ats du \"Inclusive Growth and Recovery Challenge\" figure un projet de \"Basel Agency for Sustainable Energy\" et de l'Empa.","breadcrumb":{"@id":"https:\/\/www.organisator.ch\/sustainability\/2021-01-22\/ausgezeichnete-mobile-app-gegen-food-waste\/#breadcrumb"},"inLanguage":"fr-FR","potentialAction":[{"@type":"ReadAction","target":["https:\/\/www.organisator.ch\/sustainability\/2021-01-22\/ausgezeichnete-mobile-app-gegen-food-waste\/"]}]},{"@type":"ImageObject","inLanguage":"fr-FR","@id":"https:\/\/www.organisator.ch\/sustainability\/2021-01-22\/ausgezeichnete-mobile-app-gegen-food-waste\/#primaryimage","url":"https:\/\/www.organisator.ch\/wp-content\/uploads\/2021\/01\/smallholders_stopper.jpg","contentUrl":"https:\/\/www.organisator.ch\/wp-content\/uploads\/2021\/01\/smallholders_stopper.jpg","width":870,"height":490,"caption":"Zusammen mit BASE entwickeln Empa-Wissenschaftler ein datengest\u00fctztes Tool, um die Lebensmittelsicherheit f\u00fcr Kleinbauern in Indien zu verbessern. Bild: BASE"},{"@type":"BreadcrumbList","@id":"https:\/\/www.organisator.ch\/sustainability\/2021-01-22\/ausgezeichnete-mobile-app-gegen-food-waste\/#breadcrumb","itemListElement":[{"@type":"ListItem","position":1,"name":"Home","item":"https:\/\/www.organisator.ch\/"},{"@type":"ListItem","position":2,"name":"Ausgezeichnete Mobile App gegen \u00abFood Waste\u00bb"}]},{"@type":"WebSite","@id":"https:\/\/www.organisator.ch\/#website","url":"https:\/\/www.organisator.ch\/","name":"Organisateur","description":"Comp\u00e9tence et comp\u00e9tence. Proches de la pratique. L'ORGANISATEUR pr\u00e9pare 10 num\u00e9ros par an sur les th\u00e8mes essentiels pour les dirigeants de PME.","publisher":{"@id":"https:\/\/www.organisator.ch\/#organization"},"potentialAction":[{"@type":"SearchAction","target":{"@type":"EntryPoint","urlTemplate":"https:\/\/www.organisator.ch\/?s={search_term_string}"},"query-input":{"@type":"PropertyValueSpecification","valueRequired":true,"valueName":"search_term_string"}}],"inLanguage":"fr-FR"},{"@type":"Organization","@id":"https:\/\/www.organisator.ch\/#organization","name":"Organisateur","url":"https:\/\/www.organisator.ch\/","logo":{"@type":"ImageObject","inLanguage":"fr-FR","@id":"https:\/\/www.organisator.ch\/#\/schema\/logo\/image\/","url":"https:\/\/www.organisator.ch\/wp-content\/uploads\/2022\/01\/Logo_Organisator_Website.png","contentUrl":"https:\/\/www.organisator.ch\/wp-content\/uploads\/2022\/01\/Logo_Organisator_Website.png","width":800,"height":77,"caption":"Organisator"},"image":{"@id":"https:\/\/www.organisator.ch\/#\/schema\/logo\/image\/"},"sameAs":["https:\/\/www.facebook.com\/OrganisatorFachmagazin","https:\/\/www.linkedin.com\/showcase\/organisator-das-magazin-fr-kmu","https:\/\/www.xing.com\/news\/pages\/organisator-ch-695","https:\/\/www.youtube.com\/channel\/UCGP2Sq0iWaZwT3BdIAQFYpw"]},{"@type":"Person","@id":"https:\/\/www.organisator.ch\/#\/schema\/person\/a800b8c54e208b160517a7dcc323161d","name":"roger.straessle","image":{"@type":"ImageObject","inLanguage":"fr-FR","@id":"https:\/\/secure.gravatar.com\/avatar\/?s=96&d=mm&r=g","url":"https:\/\/secure.gravatar.com\/avatar\/?s=96&d=mm&r=g","contentUrl":"https:\/\/secure.gravatar.com\/avatar\/?s=96&d=mm&r=g","caption":"roger.straessle"},"url":"https:\/\/www.organisator.ch\/fr\/author\/roger-straessle\/"}]}},"_links":{"self":[{"href":"https:\/\/www.organisator.ch\/fr\/wp-json\/wp\/v2\/posts\/10237","targetHints":{"allow":["GET"]}}],"collection":[{"href":"https:\/\/www.organisator.ch\/fr\/wp-json\/wp\/v2\/posts"}],"about":[{"href":"https:\/\/www.organisator.ch\/fr\/wp-json\/wp\/v2\/types\/post"}],"author":[{"embeddable":true,"href":"https:\/\/www.organisator.ch\/fr\/wp-json\/wp\/v2\/users\/6"}],"replies":[{"embeddable":true,"href":"https:\/\/www.organisator.ch\/fr\/wp-json\/wp\/v2\/comments?post=10237"}],"version-history":[{"count":1,"href":"https:\/\/www.organisator.ch\/fr\/wp-json\/wp\/v2\/posts\/10237\/revisions"}],"predecessor-version":[{"id":10806,"href":"https:\/\/www.organisator.ch\/fr\/wp-json\/wp\/v2\/posts\/10237\/revisions\/10806"}],"wp:featuredmedia":[{"embeddable":true,"href":"https:\/\/www.organisator.ch\/fr\/wp-json\/wp\/v2\/media\/9757"}],"wp:attachment":[{"href":"https:\/\/www.organisator.ch\/fr\/wp-json\/wp\/v2\/media?parent=10237"}],"wp:term":[{"taxonomy":"category","embeddable":true,"href":"https:\/\/www.organisator.ch\/fr\/wp-json\/wp\/v2\/categories?post=10237"},{"taxonomy":"post_tag","embeddable":true,"href":"https:\/\/www.organisator.ch\/fr\/wp-json\/wp\/v2\/tags?post=10237"}],"curies":[{"name":"wp","href":"https:\/\/api.w.org\/{rel}","templated":true}]}}