{"id":10243,"date":"2021-01-29T15:00:50","date_gmt":"2021-01-29T14:00:50","guid":{"rendered":"https:\/\/www.umweltperspektiven.ch\/?p=3771"},"modified":"2022-02-09T11:06:47","modified_gmt":"2022-02-09T10:06:47","slug":"klimastrategie-netto-null-ziel-bis-in-30-jahren","status":"publish","type":"post","link":"https:\/\/www.organisator.ch\/fr\/sustainability\/2021-01-29\/klimastrategie-netto-null-ziel-bis-in-30-jahren\/","title":{"rendered":"Strat\u00e9gie climatique : objectif z\u00e9ro net d'ici 30 ans"},"content":{"rendered":"<figure id=\"attachment_3772\" aria-describedby=\"caption-attachment-3772\" style=\"width: 680px\" class=\"wp-caption aligncenter\"><img loading=\"lazy\" decoding=\"async\" class=\"size-medium wp-image-3772\" src=\"\/\/www.umweltperspektiven.ch\/wp-content\/uploads\/2021\/01\/Depositphotos_5927198_s-2019-1.jpg\" alt=\"\" width=\"680\" height=\"464\" srcset=\"https:\/\/www.organisator.ch\/wp-content\/uploads\/2021\/01\/Depositphotos_5927198_s-2019-1.jpg 1000w, https:\/\/www.organisator.ch\/wp-content\/uploads\/2021\/01\/Depositphotos_5927198_s-2019-1-680x464.jpg 680w, https:\/\/www.organisator.ch\/wp-content\/uploads\/2021\/01\/Depositphotos_5927198_s-2019-1-768x524.jpg 768w, https:\/\/www.organisator.ch\/wp-content\/uploads\/2021\/01\/Depositphotos_5927198_s-2019-1-18x12.jpg 18w, https:\/\/www.organisator.ch\/wp-content\/uploads\/2021\/01\/Depositphotos_5927198_s-2019-1-257x175.jpg 257w, https:\/\/www.organisator.ch\/wp-content\/uploads\/2021\/01\/Depositphotos_5927198_s-2019-1-513x350.jpg 513w, https:\/\/www.organisator.ch\/wp-content\/uploads\/2021\/01\/Depositphotos_5927198_s-2019-1-920x627.jpg 920w, https:\/\/www.organisator.ch\/wp-content\/uploads\/2021\/01\/Depositphotos_5927198_s-2019-1-300x205.jpg 300w\" sizes=\"auto, (max-width: 680px) 100vw, 680px\" \/><figcaption id=\"caption-attachment-3772\" class=\"wp-caption-text\">Depositphotos, leeser<\/figcaption><\/figure>\n<p>En 2019 d\u00e9j\u00e0, le Conseil f\u00e9d\u00e9ral a d\u00e9cid\u00e9 que la Suisse ne devrait pas \u00e9mettre plus de gaz \u00e0 effet de serre que ce que les r\u00e9servoirs naturels et techniques peuvent absorber d'ici 2050. Avec cet objectif net z\u00e9ro, il tient compte des derniers r\u00e9sultats scientifiques du Groupe d'experts intergouvernemental sur l'\u00e9volution du climat (GIEC), selon lesquels il faut s'attendre \u00e0 des cons\u00e9quences graves pour l'homme et la biodiversit\u00e9 \u00e0 partir d'un r\u00e9chauffement climatique moyen de 1,5 degr\u00e9. En tant que pays alpin, la Suisse est particuli\u00e8rement touch\u00e9e par le changement climatique, puisque les temp\u00e9ratures augmentent deux fois plus vite dans notre pays que la moyenne mondiale, comme l'\u00e9crit le Conseil f\u00e9d\u00e9ral.<\/p>\n<p>Le 27 janvier 2021, le Conseil f\u00e9d\u00e9ral a approuv\u00e9 la \"Strat\u00e9gie climatique \u00e0 long terme de la Suisse\" \u00e9labor\u00e9e par le DETEC. La Suisse remplit ainsi une obligation d\u00e9coulant de l'Accord de Paris. En vertu de celui-ci, les pays sont invit\u00e9s \u00e0 soumettre leurs strat\u00e9gies climatiques \u00e0 long terme au Secr\u00e9tariat de l'ONU sur le climat d'ici fin 2020. Les recommandations publi\u00e9es \u00e0 l'automne 2020 constituent une base importante de la strat\u00e9gie. <a href=\"\/\/www.bfe.admin.ch\/bfe\/de\/home\/politik\/energieperspektiven-2050-plus.html\">Perspectives \u00e9nerg\u00e9tiques 2050<\/a> de l'Office f\u00e9d\u00e9ral de l'\u00e9nergie.<strong>\u00a0<\/strong><\/p>\n<h2><strong>Dix principes strat\u00e9giques de base<\/strong><\/h2>\n<p>La strat\u00e9gie climatique \u00e0 long terme formule dix principes strat\u00e9giques de base qui doivent marquer la politique climatique suisse dans les ann\u00e9es \u00e0 venir. Elle pr\u00e9sente les \u00e9volutions possibles jusqu'en 2050 pour les secteurs du b\u00e2timent, de l'industrie, des transports, de l'agriculture et de l'alimentation, du march\u00e9 financier, de l'aviation et de l'industrie des d\u00e9chets. Pour chacun de ces secteurs, elle d\u00e9finit des objectifs strat\u00e9giques.<\/p>\n<p>La strat\u00e9gie indique \u00e9galement le volume d'\u00e9missions difficilement \u00e9vitables qui subsisteront probablement d'ici 2050 et qui devront \u00eatre compens\u00e9es par des technologies de captage et de stockage du CO2 (CSC) et des technologies \u00e0 \u00e9missions n\u00e9gatives (NET). Les technologies CSC capturent le CO2 directement l\u00e0 o\u00f9 il est produit par les installations dans les secteurs de l'industrie et des d\u00e9chets. Les NET sont utilis\u00e9es pour les \u00e9missions qui ne peuvent pas \u00eatre capt\u00e9es directement, par exemple celles provenant de l'agriculture. Elles les extraient de l'atmosph\u00e8re et les stockent de mani\u00e8re permanente.<\/p>\n<h2><strong>Transports, b\u00e2timents et industrie : l'objectif z\u00e9ro net est r\u00e9alisable<\/strong><strong>\u00a0<\/strong><\/h2>\n<p>La strat\u00e9gie climatique \u00e0 long terme montre que la Suisse peut r\u00e9duire ses \u00e9missions de gaz \u00e0 effet de serre de pr\u00e8s de 90% d'ici 2050 dans les secteurs des transports, des b\u00e2timents et de l'industrie. Le secteur du b\u00e2timent et des transports peut devenir exempt d'\u00e9missions d'ici 2050, et dans l'industrie \u00e9galement, les \u00e9missions li\u00e9es \u00e0 la consommation d'\u00e9nergie peuvent \u00eatre pratiquement \u00e9limin\u00e9es. Dans l'aviation, les carburants renouvelables durables et les nouvelles technologies de propulsion offrent un potentiel de r\u00e9duction des \u00e9missions. Dans le domaine de l'agriculture et de l'alimentation, il est possible de r\u00e9duire les \u00e9missions d'au moins 40 % par rapport \u00e0 1990.<\/p>\n<p>En 2050, les \u00e9missions de gaz \u00e0 effet de serre provenant de l'industrie, du recyclage des d\u00e9chets et de l'agriculture s'\u00e9l\u00e8veront \u00e0 environ 12 millions de tonnes d'\u00e9quivalents CO2. Celles-ci peuvent \u00eatre compens\u00e9es par le CSC et le NET. En tant que pays dot\u00e9 d'une forte capacit\u00e9 d'innovation et de financement, avec une production d'\u00e9lectricit\u00e9 nationale quasiment exempte de CO2, la Suisse est bien plac\u00e9e pour atteindre l'objectif z\u00e9ro net d'ici 2050.<\/p>\n<h2><strong>La protection du climat co\u00fbte moins cher que le changement climatique non ma\u00eetris\u00e9<\/strong><strong>\u00a0<\/strong><\/h2>\n<p>Les co\u00fbts sociaux et \u00e9conomiques d'un changement climatique non ma\u00eetris\u00e9 d\u00e9passent de loin les co\u00fbts des mesures de protection du climat. L'objectif z\u00e9ro net est donc \u00e9galement d'un grand int\u00e9r\u00eat \u00e9conomique pour la Suisse. En se d\u00e9tournant des combustibles et carburants fossiles tels que le p\u00e9trole, le gaz, l'essence et le diesel, la Suisse r\u00e9duit en outre sa d\u00e9pendance vis-\u00e0-vis de l'\u00e9tranger. L'argent qui part aujourd'hui \u00e0 l'\u00e9tranger sera \u00e0 l'avenir investi en Suisse. L'industrie nationale en profitera, souligne le Conseil f\u00e9d\u00e9ral dans son communiqu\u00e9 de presse.<\/p>\n<h2><strong>La loi sur le CO2 constitue le fondement<\/strong><\/h2>\n<p>La strat\u00e9gie climatique \u00e0 long terme se rattache \u00e0 la loi sur le CO2 r\u00e9vis\u00e9e et \u00e0 ses objectifs. La loi sur le CO2, approuv\u00e9e par le Parlement lors de la session d'automne 2020, est une condition essentielle pour atteindre l'objectif climatique \u00e0 long terme. Elle doit entrer en vigueur en 2022. La loi met la Suisse sur la bonne voie pour atteindre l'objectif climatique de moins 50 pour cent d'\u00e9missions de gaz \u00e0 effet de serre d'ici 2030 et pose les jalons pour l'objectif net z\u00e9ro en 2050. Le r\u00e9f\u00e9rendum facultatif ayant \u00e9t\u00e9 lanc\u00e9 contre la loi sur le CO2, la population est appel\u00e9e \u00e0 voter sur cette loi.<\/p>\n<p><em>Source : Bund<\/em><\/p>\n<p><em><a href=\"\/\/www.newsd.admin.ch\/newsd\/message\/attachments\/65077.pdf\">Informations plus d\u00e9taill\u00e9es<\/a> sur les diff\u00e9rents secteurs <strong>le b\u00e2timent, l'industrie, les transports, l'agriculture et l'alimentation, le march\u00e9 financier, l'aviation et l'industrie des d\u00e9chets<\/strong><\/em> <em>sont tir\u00e9s du rapport \"Strat\u00e9gie climatique \u00e0 long terme de la Suisse\".<\/em><\/p>","protected":false},"excerpt":{"rendered":"<p>Der Bundesrat hat bereits im Jahr 2019 beschlossen, dass die Schweiz bis 2050 nicht mehr Treibhausgase ausstossen soll, als nat\u00fcrliche und technische Speicher aufnehmen k\u00f6nnen. Mit dem Netto-Null-Ziel tr\u00e4gt er den j\u00fcngsten wissenschaftlichen Erkenntnissen des Weltklimarates (IPCC) Rechnung, dass bereits ab einer durchschnittlichen Klimaerw\u00e4rmung von 1,5 Grad mit gravierenden Folgen f\u00fcr Mensch und Artenvielfalt zu [&hellip;]<\/p>\n","protected":false},"author":6,"featured_media":3772,"comment_status":"closed","ping_status":"closed","sticky":false,"template":"","format":"standard","meta":{"_acf_changed":false,"_yoast_wpseo_focuskw":"Klimastrategie","_yoast_wpseo_metadesc":"Die Schweiz soll bis 2050 unter dem Strich keine Treibhausgase mehr ausstossen. Der Bericht \u00abLangfristige Klimastrategie der Schweiz\u00bb liegt vor.","articlekey":"","footnotes":""},"categories":[580],"tags":[645,928,933,597,1527,1528,1532,1535],"class_list":["post-10243","post","type-post","status-publish","format-standard","has-post-thumbnail","hentry","category-sustainability","tag-645","tag-co2","tag-co2-emissionen","tag-co2-gesetz","tag-klimastrategie","tag-klimastrategie-2050","tag-klimawandel","tag-klimaziele-netto-null-ziel"],"acf":[],"yoast_head":"<!-- This site is optimized with the Yoast SEO plugin v27.5 - https:\/\/yoast.com\/product\/yoast-seo-wordpress\/ -->\n<title>Klimastrategie: Netto-Null-Ziel bis in 30 Jahren - Organisator<\/title>\n<meta name=\"description\" content=\"Die Schweiz soll bis 2050 unter dem Strich keine Treibhausgase mehr ausstossen. Der Bericht \u00abLangfristige Klimastrategie der Schweiz\u00bb liegt vor.\" \/>\n<meta name=\"robots\" content=\"index, follow, max-snippet:-1, max-image-preview:large, max-video-preview:-1\" \/>\n<link rel=\"canonical\" href=\"https:\/\/www.organisator.ch\/fr\/sustainability\/2021-01-29\/klimastrategie-netto-null-ziel-bis-in-30-jahren\/\" \/>\n<meta property=\"og:locale\" content=\"fr_FR\" \/>\n<meta property=\"og:type\" content=\"article\" \/>\n<meta property=\"og:title\" content=\"Klimastrategie: Netto-Null-Ziel bis in 30 Jahren - Organisator\" \/>\n<meta property=\"og:description\" content=\"Die Schweiz soll bis 2050 unter dem Strich keine Treibhausgase mehr ausstossen. Der Bericht \u00abLangfristige Klimastrategie der Schweiz\u00bb liegt vor.\" \/>\n<meta property=\"og:url\" content=\"https:\/\/www.organisator.ch\/fr\/sustainability\/2021-01-29\/klimastrategie-netto-null-ziel-bis-in-30-jahren\/\" \/>\n<meta property=\"og:site_name\" content=\"Organisator\" \/>\n<meta property=\"article:publisher\" content=\"https:\/\/www.facebook.com\/OrganisatorFachmagazin\" \/>\n<meta property=\"article:published_time\" content=\"2021-01-29T14:00:50+00:00\" \/>\n<meta property=\"article:modified_time\" content=\"2022-02-09T10:06:47+00:00\" \/>\n<meta property=\"og:image\" content=\"https:\/\/www.organisator.ch\/wp-content\/uploads\/2021\/01\/Depositphotos_5927198_s-2019-1.jpg\" \/>\n\t<meta property=\"og:image:width\" content=\"1000\" \/>\n\t<meta property=\"og:image:height\" content=\"682\" \/>\n\t<meta property=\"og:image:type\" content=\"image\/jpeg\" \/>\n<meta name=\"author\" content=\"roger.straessle\" \/>\n<meta name=\"twitter:card\" content=\"summary_large_image\" \/>\n<script type=\"application\/ld+json\" class=\"yoast-schema-graph\">{\"@context\":\"https:\\\/\\\/schema.org\",\"@graph\":[{\"@type\":\"Article\",\"@id\":\"https:\\\/\\\/www.organisator.ch\\\/sustainability\\\/2021-01-29\\\/klimastrategie-netto-null-ziel-bis-in-30-jahren\\\/#article\",\"isPartOf\":{\"@id\":\"https:\\\/\\\/www.organisator.ch\\\/sustainability\\\/2021-01-29\\\/klimastrategie-netto-null-ziel-bis-in-30-jahren\\\/\"},\"author\":{\"name\":\"roger.straessle\",\"@id\":\"https:\\\/\\\/www.organisator.ch\\\/#\\\/schema\\\/person\\\/a800b8c54e208b160517a7dcc323161d\"},\"headline\":\"Klimastrategie: Netto-Null-Ziel bis in 30 Jahren\",\"datePublished\":\"2021-01-29T14:00:50+00:00\",\"dateModified\":\"2022-02-09T10:06:47+00:00\",\"mainEntityOfPage\":{\"@id\":\"https:\\\/\\\/www.organisator.ch\\\/sustainability\\\/2021-01-29\\\/klimastrategie-netto-null-ziel-bis-in-30-jahren\\\/\"},\"wordCount\":636,\"publisher\":{\"@id\":\"https:\\\/\\\/www.organisator.ch\\\/#organization\"},\"image\":{\"@id\":\"https:\\\/\\\/www.organisator.ch\\\/sustainability\\\/2021-01-29\\\/klimastrategie-netto-null-ziel-bis-in-30-jahren\\\/#primaryimage\"},\"thumbnailUrl\":\"https:\\\/\\\/www.organisator.ch\\\/wp-content\\\/uploads\\\/2021\\\/01\\\/Depositphotos_5927198_s-2019-1.jpg\",\"keywords\":[\"2050\",\"CO2\",\"CO2-Emissionen\",\"CO2-Gesetz\",\"Klimastrategie\",\"Klimastrategie 2050\",\"Klimawandel\",\"Klimaziele Netto-Null-Ziel\"],\"articleSection\":[\"SUSTAINABILITY\"],\"inLanguage\":\"fr-FR\"},{\"@type\":\"WebPage\",\"@id\":\"https:\\\/\\\/www.organisator.ch\\\/sustainability\\\/2021-01-29\\\/klimastrategie-netto-null-ziel-bis-in-30-jahren\\\/\",\"url\":\"https:\\\/\\\/www.organisator.ch\\\/sustainability\\\/2021-01-29\\\/klimastrategie-netto-null-ziel-bis-in-30-jahren\\\/\",\"name\":\"Klimastrategie: Netto-Null-Ziel bis in 30 Jahren - Organisator\",\"isPartOf\":{\"@id\":\"https:\\\/\\\/www.organisator.ch\\\/#website\"},\"primaryImageOfPage\":{\"@id\":\"https:\\\/\\\/www.organisator.ch\\\/sustainability\\\/2021-01-29\\\/klimastrategie-netto-null-ziel-bis-in-30-jahren\\\/#primaryimage\"},\"image\":{\"@id\":\"https:\\\/\\\/www.organisator.ch\\\/sustainability\\\/2021-01-29\\\/klimastrategie-netto-null-ziel-bis-in-30-jahren\\\/#primaryimage\"},\"thumbnailUrl\":\"https:\\\/\\\/www.organisator.ch\\\/wp-content\\\/uploads\\\/2021\\\/01\\\/Depositphotos_5927198_s-2019-1.jpg\",\"datePublished\":\"2021-01-29T14:00:50+00:00\",\"dateModified\":\"2022-02-09T10:06:47+00:00\",\"description\":\"Die Schweiz soll bis 2050 unter dem Strich keine Treibhausgase mehr ausstossen. Der Bericht \u00abLangfristige Klimastrategie der Schweiz\u00bb liegt vor.\",\"breadcrumb\":{\"@id\":\"https:\\\/\\\/www.organisator.ch\\\/sustainability\\\/2021-01-29\\\/klimastrategie-netto-null-ziel-bis-in-30-jahren\\\/#breadcrumb\"},\"inLanguage\":\"fr-FR\",\"potentialAction\":[{\"@type\":\"ReadAction\",\"target\":[\"https:\\\/\\\/www.organisator.ch\\\/sustainability\\\/2021-01-29\\\/klimastrategie-netto-null-ziel-bis-in-30-jahren\\\/\"]}]},{\"@type\":\"ImageObject\",\"inLanguage\":\"fr-FR\",\"@id\":\"https:\\\/\\\/www.organisator.ch\\\/sustainability\\\/2021-01-29\\\/klimastrategie-netto-null-ziel-bis-in-30-jahren\\\/#primaryimage\",\"url\":\"https:\\\/\\\/www.organisator.ch\\\/wp-content\\\/uploads\\\/2021\\\/01\\\/Depositphotos_5927198_s-2019-1.jpg\",\"contentUrl\":\"https:\\\/\\\/www.organisator.ch\\\/wp-content\\\/uploads\\\/2021\\\/01\\\/Depositphotos_5927198_s-2019-1.jpg\",\"width\":1000,\"height\":682,\"caption\":\"\u00a9 Depositphotos, leeser\"},{\"@type\":\"BreadcrumbList\",\"@id\":\"https:\\\/\\\/www.organisator.ch\\\/sustainability\\\/2021-01-29\\\/klimastrategie-netto-null-ziel-bis-in-30-jahren\\\/#breadcrumb\",\"itemListElement\":[{\"@type\":\"ListItem\",\"position\":1,\"name\":\"Home\",\"item\":\"https:\\\/\\\/www.organisator.ch\\\/\"},{\"@type\":\"ListItem\",\"position\":2,\"name\":\"Klimastrategie: Netto-Null-Ziel bis in 30 Jahren\"}]},{\"@type\":\"WebSite\",\"@id\":\"https:\\\/\\\/www.organisator.ch\\\/#website\",\"url\":\"https:\\\/\\\/www.organisator.ch\\\/\",\"name\":\"Organisator\",\"description\":\"Kompetent. Praxisnah. Der ORGANISATOR bereitet in 10 Ausgaben pro Jahr die wesentlichen Themen f\u00fcr F\u00fchrungskr\u00e4fte von KMU auf.\",\"publisher\":{\"@id\":\"https:\\\/\\\/www.organisator.ch\\\/#organization\"},\"potentialAction\":[{\"@type\":\"SearchAction\",\"target\":{\"@type\":\"EntryPoint\",\"urlTemplate\":\"https:\\\/\\\/www.organisator.ch\\\/?s={search_term_string}\"},\"query-input\":{\"@type\":\"PropertyValueSpecification\",\"valueRequired\":true,\"valueName\":\"search_term_string\"}}],\"inLanguage\":\"fr-FR\"},{\"@type\":\"Organization\",\"@id\":\"https:\\\/\\\/www.organisator.ch\\\/#organization\",\"name\":\"Organisator\",\"url\":\"https:\\\/\\\/www.organisator.ch\\\/\",\"logo\":{\"@type\":\"ImageObject\",\"inLanguage\":\"fr-FR\",\"@id\":\"https:\\\/\\\/www.organisator.ch\\\/#\\\/schema\\\/logo\\\/image\\\/\",\"url\":\"https:\\\/\\\/www.organisator.ch\\\/wp-content\\\/uploads\\\/2022\\\/01\\\/Logo_Organisator_Website.png\",\"contentUrl\":\"https:\\\/\\\/www.organisator.ch\\\/wp-content\\\/uploads\\\/2022\\\/01\\\/Logo_Organisator_Website.png\",\"width\":800,\"height\":77,\"caption\":\"Organisator\"},\"image\":{\"@id\":\"https:\\\/\\\/www.organisator.ch\\\/#\\\/schema\\\/logo\\\/image\\\/\"},\"sameAs\":[\"https:\\\/\\\/www.facebook.com\\\/OrganisatorFachmagazin\",\"https:\\\/\\\/www.linkedin.com\\\/showcase\\\/organisator-das-magazin-fr-kmu\",\"https:\\\/\\\/www.xing.com\\\/news\\\/pages\\\/organisator-ch-695\",\"https:\\\/\\\/www.youtube.com\\\/channel\\\/UCGP2Sq0iWaZwT3BdIAQFYpw\"]},{\"@type\":\"Person\",\"@id\":\"https:\\\/\\\/www.organisator.ch\\\/#\\\/schema\\\/person\\\/a800b8c54e208b160517a7dcc323161d\",\"name\":\"roger.straessle\",\"image\":{\"@type\":\"ImageObject\",\"inLanguage\":\"fr-FR\",\"@id\":\"https:\\\/\\\/secure.gravatar.com\\\/avatar\\\/?s=96&d=mm&r=g\",\"url\":\"https:\\\/\\\/secure.gravatar.com\\\/avatar\\\/?s=96&d=mm&r=g\",\"contentUrl\":\"https:\\\/\\\/secure.gravatar.com\\\/avatar\\\/?s=96&d=mm&r=g\",\"caption\":\"roger.straessle\"},\"url\":\"https:\\\/\\\/www.organisator.ch\\\/fr\\\/author\\\/roger-straessle\\\/\"}]}<\/script>\n<!-- \/ Yoast SEO plugin. -->","yoast_head_json":{"title":"Strat\u00e9gie climatique : objectif z\u00e9ro net d'ici 30 ans - Organisateur","description":"La Suisse ne doit plus \u00e9mettre de gaz \u00e0 effet de serre d'ici 2050. Le rapport \"Strat\u00e9gie climatique \u00e0 long terme de la Suisse\" est disponible.","robots":{"index":"index","follow":"follow","max-snippet":"max-snippet:-1","max-image-preview":"max-image-preview:large","max-video-preview":"max-video-preview:-1"},"canonical":"https:\/\/www.organisator.ch\/fr\/sustainability\/2021-01-29\/klimastrategie-netto-null-ziel-bis-in-30-jahren\/","og_locale":"fr_FR","og_type":"article","og_title":"Klimastrategie: Netto-Null-Ziel bis in 30 Jahren - Organisator","og_description":"Die Schweiz soll bis 2050 unter dem Strich keine Treibhausgase mehr ausstossen. Der Bericht \u00abLangfristige Klimastrategie der Schweiz\u00bb liegt vor.","og_url":"https:\/\/www.organisator.ch\/fr\/sustainability\/2021-01-29\/klimastrategie-netto-null-ziel-bis-in-30-jahren\/","og_site_name":"Organisator","article_publisher":"https:\/\/www.facebook.com\/OrganisatorFachmagazin","article_published_time":"2021-01-29T14:00:50+00:00","article_modified_time":"2022-02-09T10:06:47+00:00","og_image":[{"width":1000,"height":682,"url":"https:\/\/www.organisator.ch\/wp-content\/uploads\/2021\/01\/Depositphotos_5927198_s-2019-1.jpg","type":"image\/jpeg"}],"author":"roger.straessle","twitter_card":"summary_large_image","schema":{"@context":"https:\/\/schema.org","@graph":[{"@type":"Article","@id":"https:\/\/www.organisator.ch\/sustainability\/2021-01-29\/klimastrategie-netto-null-ziel-bis-in-30-jahren\/#article","isPartOf":{"@id":"https:\/\/www.organisator.ch\/sustainability\/2021-01-29\/klimastrategie-netto-null-ziel-bis-in-30-jahren\/"},"author":{"name":"roger.straessle","@id":"https:\/\/www.organisator.ch\/#\/schema\/person\/a800b8c54e208b160517a7dcc323161d"},"headline":"Klimastrategie: Netto-Null-Ziel bis in 30 Jahren","datePublished":"2021-01-29T14:00:50+00:00","dateModified":"2022-02-09T10:06:47+00:00","mainEntityOfPage":{"@id":"https:\/\/www.organisator.ch\/sustainability\/2021-01-29\/klimastrategie-netto-null-ziel-bis-in-30-jahren\/"},"wordCount":636,"publisher":{"@id":"https:\/\/www.organisator.ch\/#organization"},"image":{"@id":"https:\/\/www.organisator.ch\/sustainability\/2021-01-29\/klimastrategie-netto-null-ziel-bis-in-30-jahren\/#primaryimage"},"thumbnailUrl":"https:\/\/www.organisator.ch\/wp-content\/uploads\/2021\/01\/Depositphotos_5927198_s-2019-1.jpg","keywords":["2050","CO2","CO2-Emissionen","CO2-Gesetz","Klimastrategie","Klimastrategie 2050","Klimawandel","Klimaziele Netto-Null-Ziel"],"articleSection":["SUSTAINABILITY"],"inLanguage":"fr-FR"},{"@type":"WebPage","@id":"https:\/\/www.organisator.ch\/sustainability\/2021-01-29\/klimastrategie-netto-null-ziel-bis-in-30-jahren\/","url":"https:\/\/www.organisator.ch\/sustainability\/2021-01-29\/klimastrategie-netto-null-ziel-bis-in-30-jahren\/","name":"Strat\u00e9gie climatique : objectif z\u00e9ro net d'ici 30 ans - Organisateur","isPartOf":{"@id":"https:\/\/www.organisator.ch\/#website"},"primaryImageOfPage":{"@id":"https:\/\/www.organisator.ch\/sustainability\/2021-01-29\/klimastrategie-netto-null-ziel-bis-in-30-jahren\/#primaryimage"},"image":{"@id":"https:\/\/www.organisator.ch\/sustainability\/2021-01-29\/klimastrategie-netto-null-ziel-bis-in-30-jahren\/#primaryimage"},"thumbnailUrl":"https:\/\/www.organisator.ch\/wp-content\/uploads\/2021\/01\/Depositphotos_5927198_s-2019-1.jpg","datePublished":"2021-01-29T14:00:50+00:00","dateModified":"2022-02-09T10:06:47+00:00","description":"La Suisse ne doit plus \u00e9mettre de gaz \u00e0 effet de serre d'ici 2050. Le rapport \"Strat\u00e9gie climatique \u00e0 long terme de la Suisse\" est disponible.","breadcrumb":{"@id":"https:\/\/www.organisator.ch\/sustainability\/2021-01-29\/klimastrategie-netto-null-ziel-bis-in-30-jahren\/#breadcrumb"},"inLanguage":"fr-FR","potentialAction":[{"@type":"ReadAction","target":["https:\/\/www.organisator.ch\/sustainability\/2021-01-29\/klimastrategie-netto-null-ziel-bis-in-30-jahren\/"]}]},{"@type":"ImageObject","inLanguage":"fr-FR","@id":"https:\/\/www.organisator.ch\/sustainability\/2021-01-29\/klimastrategie-netto-null-ziel-bis-in-30-jahren\/#primaryimage","url":"https:\/\/www.organisator.ch\/wp-content\/uploads\/2021\/01\/Depositphotos_5927198_s-2019-1.jpg","contentUrl":"https:\/\/www.organisator.ch\/wp-content\/uploads\/2021\/01\/Depositphotos_5927198_s-2019-1.jpg","width":1000,"height":682,"caption":"\u00a9 Depositphotos, leeser"},{"@type":"BreadcrumbList","@id":"https:\/\/www.organisator.ch\/sustainability\/2021-01-29\/klimastrategie-netto-null-ziel-bis-in-30-jahren\/#breadcrumb","itemListElement":[{"@type":"ListItem","position":1,"name":"Home","item":"https:\/\/www.organisator.ch\/"},{"@type":"ListItem","position":2,"name":"Klimastrategie: Netto-Null-Ziel bis in 30 Jahren"}]},{"@type":"WebSite","@id":"https:\/\/www.organisator.ch\/#website","url":"https:\/\/www.organisator.ch\/","name":"Organisateur","description":"Comp\u00e9tence et comp\u00e9tence. Proches de la pratique. L'ORGANISATEUR pr\u00e9pare 10 num\u00e9ros par an sur les th\u00e8mes essentiels pour les dirigeants de PME.","publisher":{"@id":"https:\/\/www.organisator.ch\/#organization"},"potentialAction":[{"@type":"SearchAction","target":{"@type":"EntryPoint","urlTemplate":"https:\/\/www.organisator.ch\/?s={search_term_string}"},"query-input":{"@type":"PropertyValueSpecification","valueRequired":true,"valueName":"search_term_string"}}],"inLanguage":"fr-FR"},{"@type":"Organization","@id":"https:\/\/www.organisator.ch\/#organization","name":"Organisateur","url":"https:\/\/www.organisator.ch\/","logo":{"@type":"ImageObject","inLanguage":"fr-FR","@id":"https:\/\/www.organisator.ch\/#\/schema\/logo\/image\/","url":"https:\/\/www.organisator.ch\/wp-content\/uploads\/2022\/01\/Logo_Organisator_Website.png","contentUrl":"https:\/\/www.organisator.ch\/wp-content\/uploads\/2022\/01\/Logo_Organisator_Website.png","width":800,"height":77,"caption":"Organisator"},"image":{"@id":"https:\/\/www.organisator.ch\/#\/schema\/logo\/image\/"},"sameAs":["https:\/\/www.facebook.com\/OrganisatorFachmagazin","https:\/\/www.linkedin.com\/showcase\/organisator-das-magazin-fr-kmu","https:\/\/www.xing.com\/news\/pages\/organisator-ch-695","https:\/\/www.youtube.com\/channel\/UCGP2Sq0iWaZwT3BdIAQFYpw"]},{"@type":"Person","@id":"https:\/\/www.organisator.ch\/#\/schema\/person\/a800b8c54e208b160517a7dcc323161d","name":"roger.straessle","image":{"@type":"ImageObject","inLanguage":"fr-FR","@id":"https:\/\/secure.gravatar.com\/avatar\/?s=96&d=mm&r=g","url":"https:\/\/secure.gravatar.com\/avatar\/?s=96&d=mm&r=g","contentUrl":"https:\/\/secure.gravatar.com\/avatar\/?s=96&d=mm&r=g","caption":"roger.straessle"},"url":"https:\/\/www.organisator.ch\/fr\/author\/roger-straessle\/"}]}},"_links":{"self":[{"href":"https:\/\/www.organisator.ch\/fr\/wp-json\/wp\/v2\/posts\/10243","targetHints":{"allow":["GET"]}}],"collection":[{"href":"https:\/\/www.organisator.ch\/fr\/wp-json\/wp\/v2\/posts"}],"about":[{"href":"https:\/\/www.organisator.ch\/fr\/wp-json\/wp\/v2\/types\/post"}],"author":[{"embeddable":true,"href":"https:\/\/www.organisator.ch\/fr\/wp-json\/wp\/v2\/users\/6"}],"replies":[{"embeddable":true,"href":"https:\/\/www.organisator.ch\/fr\/wp-json\/wp\/v2\/comments?post=10243"}],"version-history":[{"count":1,"href":"https:\/\/www.organisator.ch\/fr\/wp-json\/wp\/v2\/posts\/10243\/revisions"}],"predecessor-version":[{"id":10658,"href":"https:\/\/www.organisator.ch\/fr\/wp-json\/wp\/v2\/posts\/10243\/revisions\/10658"}],"wp:featuredmedia":[{"embeddable":true,"href":"https:\/\/www.organisator.ch\/fr\/wp-json\/wp\/v2\/media\/3772"}],"wp:attachment":[{"href":"https:\/\/www.organisator.ch\/fr\/wp-json\/wp\/v2\/media?parent=10243"}],"wp:term":[{"taxonomy":"category","embeddable":true,"href":"https:\/\/www.organisator.ch\/fr\/wp-json\/wp\/v2\/categories?post=10243"},{"taxonomy":"post_tag","embeddable":true,"href":"https:\/\/www.organisator.ch\/fr\/wp-json\/wp\/v2\/tags?post=10243"}],"curies":[{"name":"wp","href":"https:\/\/api.w.org\/{rel}","templated":true}]}}