{"id":10244,"date":"2021-02-02T07:30:30","date_gmt":"2021-02-02T06:30:30","guid":{"rendered":"https:\/\/www.umweltperspektiven.ch\/?p=3782"},"modified":"2021-02-02T07:30:30","modified_gmt":"2021-02-02T06:30:30","slug":"baustoff-city-foerdert-die-kreislaufwirtschaft-in-der-ostschweiz","status":"publish","type":"post","link":"https:\/\/www.organisator.ch\/fr\/allgemein\/2021-02-02\/baustoff-city-foerdert-die-kreislaufwirtschaft-in-der-ostschweiz\/","title":{"rendered":"\"Baustoff-City\" promeut l'\u00e9conomie circulaire en Suisse orientale"},"content":{"rendered":"<figure id=\"attachment_3783\" aria-describedby=\"caption-attachment-3783\" style=\"width: 680px\" class=\"wp-caption aligncenter\"><img loading=\"lazy\" decoding=\"async\" class=\"wp-image-3783 size-medium\" src=\"\/\/www.umweltperspektiven.ch\/wp-content\/uploads\/2021\/02\/baustoff-city_weinfelden.jpg\" alt=\"&quot;Baustoff-City&quot;\" width=\"680\" height=\"382\" srcset=\"https:\/\/www.organisator.ch\/wp-content\/uploads\/2021\/02\/baustoff-city_weinfelden.jpg 1620w, https:\/\/www.organisator.ch\/wp-content\/uploads\/2021\/02\/baustoff-city_weinfelden-680x382.jpg 680w, https:\/\/www.organisator.ch\/wp-content\/uploads\/2021\/02\/baustoff-city_weinfelden-1024x576.jpg 1024w, https:\/\/www.organisator.ch\/wp-content\/uploads\/2021\/02\/baustoff-city_weinfelden-768x432.jpg 768w, https:\/\/www.organisator.ch\/wp-content\/uploads\/2021\/02\/baustoff-city_weinfelden-1536x864.jpg 1536w, https:\/\/www.organisator.ch\/wp-content\/uploads\/2021\/02\/baustoff-city_weinfelden-18x10.jpg 18w, https:\/\/www.organisator.ch\/wp-content\/uploads\/2021\/02\/baustoff-city_weinfelden-311x175.jpg 311w, https:\/\/www.organisator.ch\/wp-content\/uploads\/2021\/02\/baustoff-city_weinfelden-622x350.jpg 622w, https:\/\/www.organisator.ch\/wp-content\/uploads\/2021\/02\/baustoff-city_weinfelden-1423x800.jpg 1423w, https:\/\/www.organisator.ch\/wp-content\/uploads\/2021\/02\/baustoff-city_weinfelden-920x517.jpg 920w, https:\/\/www.organisator.ch\/wp-content\/uploads\/2021\/02\/baustoff-city_weinfelden-1400x787.jpg 1400w, https:\/\/www.organisator.ch\/wp-content\/uploads\/2021\/02\/baustoff-city_weinfelden-300x169.jpg 300w\" sizes=\"auto, (max-width: 680px) 100vw, 680px\" \/><figcaption id=\"caption-attachment-3783\" class=\"wp-caption-text\">Ici, \u00e0 Weinfelden, \"Baustoff-City\" voit le jour. \u00a9 Kibag<\/figcaption><\/figure>\n<p>Le d\u00e9but de la production de \"Baustoff-City\" sur le site de Kibag \u00e0 Weinfelden est pr\u00e9vu pour 2022. Selon les informations fournies, le concept englobe tous les aspects du traitement des d\u00e9chets min\u00e9raux (p. ex. gravier, b\u00e9ton et d\u00e9chets de d\u00e9molition mixtes) ainsi que leur r\u00e9introduction dans le cycle des mat\u00e9riaux de construction.<\/p>\n<p>L'installation de traitement m\u00e9canique par voie humide qui sera construite sur le site actuel de Kibag dispose, selon les informations fournies, d'une installation de tri optique moderne et enti\u00e8rement automatis\u00e9e. Les mati\u00e8res premi\u00e8res trait\u00e9es r\u00e9pondront aux plus hautes exigences qualitatives et seront utilis\u00e9es pour la fabrication de b\u00e9ton et d'autres produits \u00e0 base de gravier. Le b\u00e9ton recycl\u00e9 sera produit directement sur place dans la centrale \u00e0 b\u00e9ton qui sera \u00e9galement construite, \u00e9crit Kibag.<\/p>\n<p><strong>Un r\u00f4le de premier plan dans l'\u00e9conomie circulaire<\/strong><\/p>\n<p>En tenant compte des directives du canton de Thurgovie et de son \"concept pour l'utilisation de mat\u00e9riaux recycl\u00e9s dans le b\u00e2timent et le g\u00e9nie civil\", les besoins futurs en produits recycl\u00e9s ainsi qu'en granulats recycl\u00e9s pour les projets de construction priv\u00e9s et publics de la r\u00e9gion seront couverts de mani\u00e8re durable, selon Kibag. Le canton de Thurgovie pourra ainsi jouer un r\u00f4le de premier plan dans la mise en \u0153uvre de l'\u00e9conomie circulaire.<\/p>\n<p>Le site de la \"Baustoff-City\" dispose en outre d'un raccordement ferroviaire qui permettra \u00e0 l'avenir de transporter les flux de masse attendus de mani\u00e8re \u00e9cologique, m\u00eame sur de longues distances. Pour l'approvisionnement local, ce sont les flottes de camions \u00e9lectriques des partenaires de coop\u00e9ration Kibag et TIT Imhof qui seront utilis\u00e9es, comme le pr\u00e9cise finalement le communiqu\u00e9.<\/p>\n<p><em>Source : <a href=\"\/\/www.kibag.ch\">Kibag<\/a><\/em><\/p>\n<p>&nbsp;<\/p>\n<p>&nbsp;<\/p>","protected":false},"excerpt":{"rendered":"<p>Der Produktionsbeginn von \u00abBaustoff-City\u00bb am Kibag-Standort Weinfelden ist f\u00fcr das Jahr 2022 geplant. Laut Angaben umfasst das Konzept s\u00e4mtliche Aspekte der Aufarbeitung von mineralischen Abf\u00e4llen (z.B. Kies, Beton- und Mischabbruch) sowie deren R\u00fcckf\u00fchrung in den Baustoffkreislauf. Die auf dem heutigen Areal der Kibag entstehende, nassmechanische Aufbereitungsanlage verf\u00fcgt laut Angaben \u00fcber eine vollautomatisierte, moderne optische Sortieranlage. [&hellip;]<\/p>\n","protected":false},"author":6,"featured_media":3788,"comment_status":"closed","ping_status":"closed","sticky":false,"template":"","format":"standard","meta":{"_acf_changed":false,"_yoast_wpseo_focuskw":"\u00abBaustoff-City\u00bb","_yoast_wpseo_metadesc":"Das Projekt \u00abBaustoff-City\u00bb umfasst eine Aufbereitungsanlage f\u00fcr mineralische Baustoffe und ein neues Recycling-Betonwerk.","articlekey":"","footnotes":""},"categories":[1],"tags":[629,1489,594,1717,1803,1989,2310],"class_list":["post-10244","post","type-post","status-publish","format-standard","has-post-thumbnail","hentry","category-allgemein","tag-baustoff-city","tag-kibag","tag-kreislaufwirtschaft","tag-mineralische-baustoffe","tag-nassmechanische-aufbereitungsanlage","tag-recycling-betonwerk","tag-tit-imhof-gruppe"],"acf":[],"yoast_head":"<!-- This site is optimized with the Yoast SEO plugin v27.5 - https:\/\/yoast.com\/product\/yoast-seo-wordpress\/ -->\n<title>\u00abBaustoff-City\u00bb f\u00f6rdert die Kreislaufwirtschaft in der Ostschweiz - Organisator<\/title>\n<meta name=\"description\" content=\"Das Projekt \u00abBaustoff-City\u00bb umfasst eine Aufbereitungsanlage f\u00fcr mineralische Baustoffe und ein neues Recycling-Betonwerk.\" \/>\n<meta name=\"robots\" content=\"index, follow, max-snippet:-1, max-image-preview:large, max-video-preview:-1\" \/>\n<link rel=\"canonical\" href=\"https:\/\/www.organisator.ch\/fr\/general\/2021-02-02\/baustoff-city-foerdert-die-kreislaufwirtschaft-in-der-ostschweiz\/\" \/>\n<meta property=\"og:locale\" content=\"fr_FR\" \/>\n<meta property=\"og:type\" content=\"article\" \/>\n<meta property=\"og:title\" content=\"\u00abBaustoff-City\u00bb f\u00f6rdert die Kreislaufwirtschaft in der Ostschweiz - Organisator\" \/>\n<meta property=\"og:description\" content=\"Das Projekt \u00abBaustoff-City\u00bb umfasst eine Aufbereitungsanlage f\u00fcr mineralische Baustoffe und ein neues Recycling-Betonwerk.\" \/>\n<meta property=\"og:url\" content=\"https:\/\/www.organisator.ch\/fr\/general\/2021-02-02\/baustoff-city-foerdert-die-kreislaufwirtschaft-in-der-ostschweiz\/\" \/>\n<meta property=\"og:site_name\" content=\"Organisator\" \/>\n<meta property=\"article:publisher\" content=\"https:\/\/www.facebook.com\/OrganisatorFachmagazin\" \/>\n<meta property=\"article:published_time\" content=\"2021-02-02T06:30:30+00:00\" \/>\n<meta property=\"og:image\" content=\"https:\/\/www.organisator.ch\/wp-content\/uploads\/2021\/02\/baustoff-city_weinfelden-1024x576_bearbeitet-1.jpg\" \/>\n\t<meta property=\"og:image:width\" content=\"798\" \/>\n\t<meta property=\"og:image:height\" content=\"544\" \/>\n\t<meta property=\"og:image:type\" content=\"image\/jpeg\" \/>\n<meta name=\"author\" content=\"roger.straessle\" \/>\n<meta name=\"twitter:card\" content=\"summary_large_image\" \/>\n<script type=\"application\/ld+json\" class=\"yoast-schema-graph\">{\"@context\":\"https:\\\/\\\/schema.org\",\"@graph\":[{\"@type\":\"Article\",\"@id\":\"https:\\\/\\\/www.organisator.ch\\\/de\\\/allgemein\\\/2021-02-02\\\/baustoff-city-foerdert-die-kreislaufwirtschaft-in-der-ostschweiz\\\/#article\",\"isPartOf\":{\"@id\":\"https:\\\/\\\/www.organisator.ch\\\/de\\\/allgemein\\\/2021-02-02\\\/baustoff-city-foerdert-die-kreislaufwirtschaft-in-der-ostschweiz\\\/\"},\"author\":{\"name\":\"roger.straessle\",\"@id\":\"https:\\\/\\\/www.organisator.ch\\\/#\\\/schema\\\/person\\\/a800b8c54e208b160517a7dcc323161d\"},\"headline\":\"\u00abBaustoff-City\u00bb f\u00f6rdert die Kreislaufwirtschaft in der Ostschweiz\",\"datePublished\":\"2021-02-02T06:30:30+00:00\",\"mainEntityOfPage\":{\"@id\":\"https:\\\/\\\/www.organisator.ch\\\/de\\\/allgemein\\\/2021-02-02\\\/baustoff-city-foerdert-die-kreislaufwirtschaft-in-der-ostschweiz\\\/\"},\"wordCount\":241,\"publisher\":{\"@id\":\"https:\\\/\\\/www.organisator.ch\\\/#organization\"},\"image\":{\"@id\":\"https:\\\/\\\/www.organisator.ch\\\/de\\\/allgemein\\\/2021-02-02\\\/baustoff-city-foerdert-die-kreislaufwirtschaft-in-der-ostschweiz\\\/#primaryimage\"},\"thumbnailUrl\":\"https:\\\/\\\/www.organisator.ch\\\/wp-content\\\/uploads\\\/2021\\\/02\\\/baustoff-city_weinfelden-1024x576_bearbeitet-1.jpg\",\"keywords\":[\"\u00abBaustoff-City\u00bb\",\"Kibag\",\"Kreislaufwirtschaft\",\"mineralische Baustoffe\",\"nassmechanische Aufbereitungsanlage\",\"Recycling-Betonwerk\",\"TIT Imhof Gruppe\"],\"articleSection\":[\"Allgemein\"],\"inLanguage\":\"fr-FR\"},{\"@type\":\"WebPage\",\"@id\":\"https:\\\/\\\/www.organisator.ch\\\/de\\\/allgemein\\\/2021-02-02\\\/baustoff-city-foerdert-die-kreislaufwirtschaft-in-der-ostschweiz\\\/\",\"url\":\"https:\\\/\\\/www.organisator.ch\\\/de\\\/allgemein\\\/2021-02-02\\\/baustoff-city-foerdert-die-kreislaufwirtschaft-in-der-ostschweiz\\\/\",\"name\":\"\u00abBaustoff-City\u00bb f\u00f6rdert die Kreislaufwirtschaft in der Ostschweiz - Organisator\",\"isPartOf\":{\"@id\":\"https:\\\/\\\/www.organisator.ch\\\/#website\"},\"primaryImageOfPage\":{\"@id\":\"https:\\\/\\\/www.organisator.ch\\\/de\\\/allgemein\\\/2021-02-02\\\/baustoff-city-foerdert-die-kreislaufwirtschaft-in-der-ostschweiz\\\/#primaryimage\"},\"image\":{\"@id\":\"https:\\\/\\\/www.organisator.ch\\\/de\\\/allgemein\\\/2021-02-02\\\/baustoff-city-foerdert-die-kreislaufwirtschaft-in-der-ostschweiz\\\/#primaryimage\"},\"thumbnailUrl\":\"https:\\\/\\\/www.organisator.ch\\\/wp-content\\\/uploads\\\/2021\\\/02\\\/baustoff-city_weinfelden-1024x576_bearbeitet-1.jpg\",\"datePublished\":\"2021-02-02T06:30:30+00:00\",\"description\":\"Das Projekt \u00abBaustoff-City\u00bb umfasst eine Aufbereitungsanlage f\u00fcr mineralische Baustoffe und ein neues Recycling-Betonwerk.\",\"breadcrumb\":{\"@id\":\"https:\\\/\\\/www.organisator.ch\\\/de\\\/allgemein\\\/2021-02-02\\\/baustoff-city-foerdert-die-kreislaufwirtschaft-in-der-ostschweiz\\\/#breadcrumb\"},\"inLanguage\":\"fr-FR\",\"potentialAction\":[{\"@type\":\"ReadAction\",\"target\":[\"https:\\\/\\\/www.organisator.ch\\\/de\\\/allgemein\\\/2021-02-02\\\/baustoff-city-foerdert-die-kreislaufwirtschaft-in-der-ostschweiz\\\/\"]}]},{\"@type\":\"ImageObject\",\"inLanguage\":\"fr-FR\",\"@id\":\"https:\\\/\\\/www.organisator.ch\\\/de\\\/allgemein\\\/2021-02-02\\\/baustoff-city-foerdert-die-kreislaufwirtschaft-in-der-ostschweiz\\\/#primaryimage\",\"url\":\"https:\\\/\\\/www.organisator.ch\\\/wp-content\\\/uploads\\\/2021\\\/02\\\/baustoff-city_weinfelden-1024x576_bearbeitet-1.jpg\",\"contentUrl\":\"https:\\\/\\\/www.organisator.ch\\\/wp-content\\\/uploads\\\/2021\\\/02\\\/baustoff-city_weinfelden-1024x576_bearbeitet-1.jpg\",\"width\":798,\"height\":544,\"caption\":\"\u00a9 Kibag\"},{\"@type\":\"BreadcrumbList\",\"@id\":\"https:\\\/\\\/www.organisator.ch\\\/de\\\/allgemein\\\/2021-02-02\\\/baustoff-city-foerdert-die-kreislaufwirtschaft-in-der-ostschweiz\\\/#breadcrumb\",\"itemListElement\":[{\"@type\":\"ListItem\",\"position\":1,\"name\":\"Home\",\"item\":\"https:\\\/\\\/www.organisator.ch\\\/\"},{\"@type\":\"ListItem\",\"position\":2,\"name\":\"\u00abBaustoff-City\u00bb f\u00f6rdert die Kreislaufwirtschaft in der Ostschweiz\"}]},{\"@type\":\"WebSite\",\"@id\":\"https:\\\/\\\/www.organisator.ch\\\/#website\",\"url\":\"https:\\\/\\\/www.organisator.ch\\\/\",\"name\":\"Organisator\",\"description\":\"Kompetent. Praxisnah. Der ORGANISATOR bereitet in 10 Ausgaben pro Jahr die wesentlichen Themen f\u00fcr F\u00fchrungskr\u00e4fte von KMU auf.\",\"publisher\":{\"@id\":\"https:\\\/\\\/www.organisator.ch\\\/#organization\"},\"potentialAction\":[{\"@type\":\"SearchAction\",\"target\":{\"@type\":\"EntryPoint\",\"urlTemplate\":\"https:\\\/\\\/www.organisator.ch\\\/?s={search_term_string}\"},\"query-input\":{\"@type\":\"PropertyValueSpecification\",\"valueRequired\":true,\"valueName\":\"search_term_string\"}}],\"inLanguage\":\"fr-FR\"},{\"@type\":\"Organization\",\"@id\":\"https:\\\/\\\/www.organisator.ch\\\/#organization\",\"name\":\"Organisator\",\"url\":\"https:\\\/\\\/www.organisator.ch\\\/\",\"logo\":{\"@type\":\"ImageObject\",\"inLanguage\":\"fr-FR\",\"@id\":\"https:\\\/\\\/www.organisator.ch\\\/#\\\/schema\\\/logo\\\/image\\\/\",\"url\":\"https:\\\/\\\/www.organisator.ch\\\/wp-content\\\/uploads\\\/2022\\\/01\\\/Logo_Organisator_Website.png\",\"contentUrl\":\"https:\\\/\\\/www.organisator.ch\\\/wp-content\\\/uploads\\\/2022\\\/01\\\/Logo_Organisator_Website.png\",\"width\":800,\"height\":77,\"caption\":\"Organisator\"},\"image\":{\"@id\":\"https:\\\/\\\/www.organisator.ch\\\/#\\\/schema\\\/logo\\\/image\\\/\"},\"sameAs\":[\"https:\\\/\\\/www.facebook.com\\\/OrganisatorFachmagazin\",\"https:\\\/\\\/www.linkedin.com\\\/showcase\\\/organisator-das-magazin-fr-kmu\",\"https:\\\/\\\/www.xing.com\\\/news\\\/pages\\\/organisator-ch-695\",\"https:\\\/\\\/www.youtube.com\\\/channel\\\/UCGP2Sq0iWaZwT3BdIAQFYpw\"]},{\"@type\":\"Person\",\"@id\":\"https:\\\/\\\/www.organisator.ch\\\/#\\\/schema\\\/person\\\/a800b8c54e208b160517a7dcc323161d\",\"name\":\"roger.straessle\",\"image\":{\"@type\":\"ImageObject\",\"inLanguage\":\"fr-FR\",\"@id\":\"https:\\\/\\\/secure.gravatar.com\\\/avatar\\\/?s=96&d=mm&r=g\",\"url\":\"https:\\\/\\\/secure.gravatar.com\\\/avatar\\\/?s=96&d=mm&r=g\",\"contentUrl\":\"https:\\\/\\\/secure.gravatar.com\\\/avatar\\\/?s=96&d=mm&r=g\",\"caption\":\"roger.straessle\"},\"url\":\"https:\\\/\\\/www.organisator.ch\\\/fr\\\/author\\\/roger-straessle\\\/\"}]}<\/script>\n<!-- \/ Yoast SEO plugin. -->","yoast_head_json":{"title":"\"Baustoff-City\" promeut l'\u00e9conomie circulaire en Suisse orientale - Organisateur","description":"Le projet \"Baustoff-City\" comprend une installation de traitement des mat\u00e9riaux de construction min\u00e9raux et une nouvelle usine de recyclage du b\u00e9ton.","robots":{"index":"index","follow":"follow","max-snippet":"max-snippet:-1","max-image-preview":"max-image-preview:large","max-video-preview":"max-video-preview:-1"},"canonical":"https:\/\/www.organisator.ch\/fr\/general\/2021-02-02\/baustoff-city-foerdert-die-kreislaufwirtschaft-in-der-ostschweiz\/","og_locale":"fr_FR","og_type":"article","og_title":"\u00abBaustoff-City\u00bb f\u00f6rdert die Kreislaufwirtschaft in der Ostschweiz - Organisator","og_description":"Das Projekt \u00abBaustoff-City\u00bb umfasst eine Aufbereitungsanlage f\u00fcr mineralische Baustoffe und ein neues Recycling-Betonwerk.","og_url":"https:\/\/www.organisator.ch\/fr\/general\/2021-02-02\/baustoff-city-foerdert-die-kreislaufwirtschaft-in-der-ostschweiz\/","og_site_name":"Organisator","article_publisher":"https:\/\/www.facebook.com\/OrganisatorFachmagazin","article_published_time":"2021-02-02T06:30:30+00:00","og_image":[{"width":798,"height":544,"url":"https:\/\/www.organisator.ch\/wp-content\/uploads\/2021\/02\/baustoff-city_weinfelden-1024x576_bearbeitet-1.jpg","type":"image\/jpeg"}],"author":"roger.straessle","twitter_card":"summary_large_image","schema":{"@context":"https:\/\/schema.org","@graph":[{"@type":"Article","@id":"https:\/\/www.organisator.ch\/de\/allgemein\/2021-02-02\/baustoff-city-foerdert-die-kreislaufwirtschaft-in-der-ostschweiz\/#article","isPartOf":{"@id":"https:\/\/www.organisator.ch\/de\/allgemein\/2021-02-02\/baustoff-city-foerdert-die-kreislaufwirtschaft-in-der-ostschweiz\/"},"author":{"name":"roger.straessle","@id":"https:\/\/www.organisator.ch\/#\/schema\/person\/a800b8c54e208b160517a7dcc323161d"},"headline":"\u00abBaustoff-City\u00bb f\u00f6rdert die Kreislaufwirtschaft in der Ostschweiz","datePublished":"2021-02-02T06:30:30+00:00","mainEntityOfPage":{"@id":"https:\/\/www.organisator.ch\/de\/allgemein\/2021-02-02\/baustoff-city-foerdert-die-kreislaufwirtschaft-in-der-ostschweiz\/"},"wordCount":241,"publisher":{"@id":"https:\/\/www.organisator.ch\/#organization"},"image":{"@id":"https:\/\/www.organisator.ch\/de\/allgemein\/2021-02-02\/baustoff-city-foerdert-die-kreislaufwirtschaft-in-der-ostschweiz\/#primaryimage"},"thumbnailUrl":"https:\/\/www.organisator.ch\/wp-content\/uploads\/2021\/02\/baustoff-city_weinfelden-1024x576_bearbeitet-1.jpg","keywords":["\u00abBaustoff-City\u00bb","Kibag","Kreislaufwirtschaft","mineralische Baustoffe","nassmechanische Aufbereitungsanlage","Recycling-Betonwerk","TIT Imhof Gruppe"],"articleSection":["Allgemein"],"inLanguage":"fr-FR"},{"@type":"WebPage","@id":"https:\/\/www.organisator.ch\/de\/allgemein\/2021-02-02\/baustoff-city-foerdert-die-kreislaufwirtschaft-in-der-ostschweiz\/","url":"https:\/\/www.organisator.ch\/de\/allgemein\/2021-02-02\/baustoff-city-foerdert-die-kreislaufwirtschaft-in-der-ostschweiz\/","name":"\"Baustoff-City\" promeut l'\u00e9conomie circulaire en Suisse orientale - Organisateur","isPartOf":{"@id":"https:\/\/www.organisator.ch\/#website"},"primaryImageOfPage":{"@id":"https:\/\/www.organisator.ch\/de\/allgemein\/2021-02-02\/baustoff-city-foerdert-die-kreislaufwirtschaft-in-der-ostschweiz\/#primaryimage"},"image":{"@id":"https:\/\/www.organisator.ch\/de\/allgemein\/2021-02-02\/baustoff-city-foerdert-die-kreislaufwirtschaft-in-der-ostschweiz\/#primaryimage"},"thumbnailUrl":"https:\/\/www.organisator.ch\/wp-content\/uploads\/2021\/02\/baustoff-city_weinfelden-1024x576_bearbeitet-1.jpg","datePublished":"2021-02-02T06:30:30+00:00","description":"Le projet \"Baustoff-City\" comprend une installation de traitement des mat\u00e9riaux de construction min\u00e9raux et une nouvelle usine de recyclage du b\u00e9ton.","breadcrumb":{"@id":"https:\/\/www.organisator.ch\/de\/allgemein\/2021-02-02\/baustoff-city-foerdert-die-kreislaufwirtschaft-in-der-ostschweiz\/#breadcrumb"},"inLanguage":"fr-FR","potentialAction":[{"@type":"ReadAction","target":["https:\/\/www.organisator.ch\/de\/allgemein\/2021-02-02\/baustoff-city-foerdert-die-kreislaufwirtschaft-in-der-ostschweiz\/"]}]},{"@type":"ImageObject","inLanguage":"fr-FR","@id":"https:\/\/www.organisator.ch\/de\/allgemein\/2021-02-02\/baustoff-city-foerdert-die-kreislaufwirtschaft-in-der-ostschweiz\/#primaryimage","url":"https:\/\/www.organisator.ch\/wp-content\/uploads\/2021\/02\/baustoff-city_weinfelden-1024x576_bearbeitet-1.jpg","contentUrl":"https:\/\/www.organisator.ch\/wp-content\/uploads\/2021\/02\/baustoff-city_weinfelden-1024x576_bearbeitet-1.jpg","width":798,"height":544,"caption":"\u00a9 Kibag"},{"@type":"BreadcrumbList","@id":"https:\/\/www.organisator.ch\/de\/allgemein\/2021-02-02\/baustoff-city-foerdert-die-kreislaufwirtschaft-in-der-ostschweiz\/#breadcrumb","itemListElement":[{"@type":"ListItem","position":1,"name":"Home","item":"https:\/\/www.organisator.ch\/"},{"@type":"ListItem","position":2,"name":"\u00abBaustoff-City\u00bb f\u00f6rdert die Kreislaufwirtschaft in der Ostschweiz"}]},{"@type":"WebSite","@id":"https:\/\/www.organisator.ch\/#website","url":"https:\/\/www.organisator.ch\/","name":"Organisateur","description":"Comp\u00e9tence et comp\u00e9tence. Proches de la pratique. L'ORGANISATEUR pr\u00e9pare 10 num\u00e9ros par an sur les th\u00e8mes essentiels pour les dirigeants de PME.","publisher":{"@id":"https:\/\/www.organisator.ch\/#organization"},"potentialAction":[{"@type":"SearchAction","target":{"@type":"EntryPoint","urlTemplate":"https:\/\/www.organisator.ch\/?s={search_term_string}"},"query-input":{"@type":"PropertyValueSpecification","valueRequired":true,"valueName":"search_term_string"}}],"inLanguage":"fr-FR"},{"@type":"Organization","@id":"https:\/\/www.organisator.ch\/#organization","name":"Organisateur","url":"https:\/\/www.organisator.ch\/","logo":{"@type":"ImageObject","inLanguage":"fr-FR","@id":"https:\/\/www.organisator.ch\/#\/schema\/logo\/image\/","url":"https:\/\/www.organisator.ch\/wp-content\/uploads\/2022\/01\/Logo_Organisator_Website.png","contentUrl":"https:\/\/www.organisator.ch\/wp-content\/uploads\/2022\/01\/Logo_Organisator_Website.png","width":800,"height":77,"caption":"Organisator"},"image":{"@id":"https:\/\/www.organisator.ch\/#\/schema\/logo\/image\/"},"sameAs":["https:\/\/www.facebook.com\/OrganisatorFachmagazin","https:\/\/www.linkedin.com\/showcase\/organisator-das-magazin-fr-kmu","https:\/\/www.xing.com\/news\/pages\/organisator-ch-695","https:\/\/www.youtube.com\/channel\/UCGP2Sq0iWaZwT3BdIAQFYpw"]},{"@type":"Person","@id":"https:\/\/www.organisator.ch\/#\/schema\/person\/a800b8c54e208b160517a7dcc323161d","name":"roger.straessle","image":{"@type":"ImageObject","inLanguage":"fr-FR","@id":"https:\/\/secure.gravatar.com\/avatar\/?s=96&d=mm&r=g","url":"https:\/\/secure.gravatar.com\/avatar\/?s=96&d=mm&r=g","contentUrl":"https:\/\/secure.gravatar.com\/avatar\/?s=96&d=mm&r=g","caption":"roger.straessle"},"url":"https:\/\/www.organisator.ch\/fr\/author\/roger-straessle\/"}]}},"_links":{"self":[{"href":"https:\/\/www.organisator.ch\/fr\/wp-json\/wp\/v2\/posts\/10244","targetHints":{"allow":["GET"]}}],"collection":[{"href":"https:\/\/www.organisator.ch\/fr\/wp-json\/wp\/v2\/posts"}],"about":[{"href":"https:\/\/www.organisator.ch\/fr\/wp-json\/wp\/v2\/types\/post"}],"author":[{"embeddable":true,"href":"https:\/\/www.organisator.ch\/fr\/wp-json\/wp\/v2\/users\/6"}],"replies":[{"embeddable":true,"href":"https:\/\/www.organisator.ch\/fr\/wp-json\/wp\/v2\/comments?post=10244"}],"version-history":[{"count":0,"href":"https:\/\/www.organisator.ch\/fr\/wp-json\/wp\/v2\/posts\/10244\/revisions"}],"wp:featuredmedia":[{"embeddable":true,"href":"https:\/\/www.organisator.ch\/fr\/wp-json\/wp\/v2\/media\/3788"}],"wp:attachment":[{"href":"https:\/\/www.organisator.ch\/fr\/wp-json\/wp\/v2\/media?parent=10244"}],"wp:term":[{"taxonomy":"category","embeddable":true,"href":"https:\/\/www.organisator.ch\/fr\/wp-json\/wp\/v2\/categories?post=10244"},{"taxonomy":"post_tag","embeddable":true,"href":"https:\/\/www.organisator.ch\/fr\/wp-json\/wp\/v2\/tags?post=10244"}],"curies":[{"name":"wp","href":"https:\/\/api.w.org\/{rel}","templated":true}]}}