{"id":10255,"date":"2021-03-09T14:00:03","date_gmt":"2021-03-09T13:00:03","guid":{"rendered":"https:\/\/www.umweltperspektiven.ch\/?p=3895"},"modified":"2022-02-09T11:06:10","modified_gmt":"2022-02-09T10:06:10","slug":"trendmonitor-zeigt-auf-klimafreundliche-heizsysteme","status":"publish","type":"post","link":"https:\/\/www.organisator.ch\/fr\/sustainability\/2021-03-09\/trendmonitor-zeigt-auf-klimafreundliche-heizsysteme\/","title":{"rendered":"Le Trendmonitor pointe du doigt les syst\u00e8mes de chauffage respectueux du climat"},"content":{"rendered":"<figure id=\"attachment_3896\" aria-describedby=\"caption-attachment-3896\" style=\"width: 680px\" class=\"wp-caption aligncenter\"><img loading=\"lazy\" decoding=\"async\" class=\"wp-image-3896 size-medium\" src=\"\/\/www.umweltperspektiven.ch\/wp-content\/uploads\/2021\/03\/FotoStiebelEltron.jpg\" alt=\"Moniteur de tendances \u00e9nerg\u00e9tiques\" width=\"680\" height=\"453\" \/><figcaption id=\"caption-attachment-3896\" class=\"wp-caption-text\">Stiebel Eltron<\/figcaption><\/figure>\n<p>Le plan climatique du Conseil f\u00e9d\u00e9ral pr\u00e9voit de rendre la Suisse climatiquement neutre d'ici 2050 - d'ici l\u00e0, le bilan z\u00e9ro des gaz \u00e0 effet de serre doit \u00eatre atteint. Le Moniteur des tendances \u00e9nerg\u00e9tiques 2021 montre que la majorit\u00e9 des Suisses souhaite acc\u00e9l\u00e9rer le tournant \u00e9nerg\u00e9tique. Les r\u00e9centes exp\u00e9riences de pand\u00e9mie semblent jouer un r\u00f4le important \u00e0 cet \u00e9gard : 56 pour cent prennent plus au s\u00e9rieux les cons\u00e9quences du changement climatique depuis Covid-19 et une nette majorit\u00e9 souhaite passer \u00e0 des syst\u00e8mes de chauffage respectueux du climat dans leurs propres murs (62 pour cent). C'est ce qui ressort du dernier Trendmonitor, pour lequel 1'000 consommateurs ont \u00e9t\u00e9 interrog\u00e9s en f\u00e9vrier par un institut d'\u00e9tudes de march\u00e9 mandat\u00e9 par Stiebel Eltron.<\/p>\n<p>\"La principale variable d'ajustement des m\u00e9nages priv\u00e9s pour r\u00e9duire leur propre empreinte carbone se trouve dans la chaufferie\", d\u00e9clare Patrick Drack, directeur de Stiebel Eltron Suisse. La grande majorit\u00e9 de la population l'a d'ailleurs reconnu : 77 pour cent consid\u00e8rent la protection du climat comme importante en mati\u00e8re de chauffage. Cependant, 73 pour cent d\u00e9clarent en m\u00eame temps que les Suisses ne sont pas assez inform\u00e9s sur le chauffage respectueux du climat.<\/p>\n<p><strong>Le chauffage \u00e9cologique utilise l'\u00e9nergie du sol, de l'eau ou de l'air<\/strong><\/p>\n<p>\"Il existe d\u00e9j\u00e0 des technologies de chauffage tr\u00e8s sophistiqu\u00e9es permettant de passer \u00e0 un fonctionnement respectueux du climat\", explique M. Drack. \"Des performances de pointe en mati\u00e8re d'efficacit\u00e9 sont fournies par les chauffages par pompe \u00e0 chaleur qui fonctionnent comme un \"r\u00e9frig\u00e9rateur invers\u00e9\" et transforment pour cela l'\u00e9nergie du sol, de la nappe phr\u00e9atique ou de l'air ambiant en chaleur. En Suisse, les trois quarts de l'\u00e9lectricit\u00e9 n\u00e9cessaire \u00e0 leur fonctionnement sont d\u00e9j\u00e0 produits \u00e0 partir d'\u00e9nergies renouvelables\".<\/p>\n<p><strong>La loi sur le CO2 limite les \u00e9missions des b\u00e2timents<\/strong><\/p>\n<p>L'horloge de la transition \u00e9nerg\u00e9tique tourne : A partir de 2023, les nouvelles constructions seront soumises \u00e0 des valeurs limites contraignantes strictes pour les b\u00e2timents dans tout le pays - les \u00e9missions de CO2 ne pourront plus \u00eatre g\u00e9n\u00e9r\u00e9es. Les b\u00e2timents existants peuvent certes \u00e9mettre des gaz \u00e0 effet de serre - mais lors d'un changement de chauffage, les br\u00fbleurs \u00e0 gaz et \u00e0 mazout sont plac\u00e9s sur la liste rouge. Le passage \u00e0 des syst\u00e8mes de chauffage respectueux du climat est parall\u00e8lement soutenu par de nombreux cantons par le biais de programmes d'encouragement.<\/p>\n<p><em>\u00a0<\/em><em>Communiqu\u00e9 de presse <a href=\"\/\/www.stiebel-eltron.ch\">Stiebel Eltron<\/a><\/em><\/p>\n<p>&nbsp;<\/p>","protected":false},"excerpt":{"rendered":"<p>Der Klimaplan des Bundesrats sieht vor, die Schweiz bis 2050 klimaneutral zu machen \u2013 bis dahin soll die Null-Treibhausgas-Bilanz erreicht sein. Der Energie-Trendmonitor 2021 zeigt, dass die Mehrheit der Schweizerinnen und Schweizer die Energiewende beschleunigen will. Eine bedeutende Rolle spielen dabei offenbar die j\u00fcngsten Pandemie-Erfahrungen: 56 Prozent nehmen die Folgen des Klimawandels seit Covid-19 ernster [&hellip;]<\/p>\n","protected":false},"author":6,"featured_media":9772,"comment_status":"closed","ping_status":"closed","sticky":false,"template":"","format":"standard","meta":{"_acf_changed":false,"_yoast_wpseo_focuskw":"Energie-Trendmonitor","_yoast_wpseo_metadesc":"Gem\u00e4ss \u00abEnergie-Trendmonitor Schweiz 2021\u00bb w\u00fcnschen sich 55 Prozent der Befragten einer Studie bis 2030 eine klimaneutrale Schweiz.","articlekey":"","footnotes":""},"categories":[580],"tags":[1061,1512,341,2203,487],"class_list":["post-10255","post","type-post","status-publish","format-standard","has-post-thumbnail","hentry","category-sustainability","tag-energie-trendmonitor","tag-klimafreundliche-heizsysteme","tag-marktforschung","tag-stiebel-eltron","tag-umfrage"],"acf":[],"yoast_head":"<!-- This site is optimized with the Yoast SEO plugin v27.5 - https:\/\/yoast.com\/product\/yoast-seo-wordpress\/ -->\n<title>Trendmonitor zeigt auf klimafreundliche Heizsysteme - Organisator<\/title>\n<meta name=\"description\" content=\"Gem\u00e4ss \u00abEnergie-Trendmonitor Schweiz 2021\u00bb w\u00fcnschen sich 55 Prozent der Befragten einer Studie bis 2030 eine klimaneutrale Schweiz.\" \/>\n<meta name=\"robots\" content=\"index, follow, max-snippet:-1, max-image-preview:large, max-video-preview:-1\" \/>\n<link rel=\"canonical\" href=\"https:\/\/www.organisator.ch\/fr\/sustainability\/2021-03-09\/trendmonitor-zeigt-auf-klimafreundliche-heizsysteme\/\" \/>\n<meta property=\"og:locale\" content=\"fr_FR\" \/>\n<meta property=\"og:type\" content=\"article\" \/>\n<meta property=\"og:title\" content=\"Trendmonitor zeigt auf klimafreundliche Heizsysteme - Organisator\" \/>\n<meta property=\"og:description\" content=\"Gem\u00e4ss \u00abEnergie-Trendmonitor Schweiz 2021\u00bb w\u00fcnschen sich 55 Prozent der Befragten einer Studie bis 2030 eine klimaneutrale Schweiz.\" \/>\n<meta property=\"og:url\" content=\"https:\/\/www.organisator.ch\/fr\/sustainability\/2021-03-09\/trendmonitor-zeigt-auf-klimafreundliche-heizsysteme\/\" \/>\n<meta property=\"og:site_name\" content=\"Organisator\" \/>\n<meta property=\"article:publisher\" content=\"https:\/\/www.facebook.com\/OrganisatorFachmagazin\" \/>\n<meta property=\"article:published_time\" content=\"2021-03-09T13:00:03+00:00\" \/>\n<meta property=\"article:modified_time\" content=\"2022-02-09T10:06:10+00:00\" \/>\n<meta property=\"og:image\" content=\"https:\/\/www.organisator.ch\/wp-content\/uploads\/2021\/03\/FotoStiebelEltron.jpg\" \/>\n\t<meta property=\"og:image:width\" content=\"1620\" \/>\n\t<meta property=\"og:image:height\" content=\"1080\" \/>\n\t<meta property=\"og:image:type\" content=\"image\/jpeg\" \/>\n<meta name=\"author\" content=\"roger.straessle\" \/>\n<meta name=\"twitter:card\" content=\"summary_large_image\" \/>\n<script type=\"application\/ld+json\" class=\"yoast-schema-graph\">{\"@context\":\"https:\\\/\\\/schema.org\",\"@graph\":[{\"@type\":\"Article\",\"@id\":\"https:\\\/\\\/www.organisator.ch\\\/sustainability\\\/2021-03-09\\\/trendmonitor-zeigt-auf-klimafreundliche-heizsysteme\\\/#article\",\"isPartOf\":{\"@id\":\"https:\\\/\\\/www.organisator.ch\\\/sustainability\\\/2021-03-09\\\/trendmonitor-zeigt-auf-klimafreundliche-heizsysteme\\\/\"},\"author\":{\"name\":\"roger.straessle\",\"@id\":\"https:\\\/\\\/www.organisator.ch\\\/#\\\/schema\\\/person\\\/a800b8c54e208b160517a7dcc323161d\"},\"headline\":\"Trendmonitor zeigt auf klimafreundliche Heizsysteme\",\"datePublished\":\"2021-03-09T13:00:03+00:00\",\"dateModified\":\"2022-02-09T10:06:10+00:00\",\"mainEntityOfPage\":{\"@id\":\"https:\\\/\\\/www.organisator.ch\\\/sustainability\\\/2021-03-09\\\/trendmonitor-zeigt-auf-klimafreundliche-heizsysteme\\\/\"},\"wordCount\":308,\"publisher\":{\"@id\":\"https:\\\/\\\/www.organisator.ch\\\/#organization\"},\"image\":{\"@id\":\"https:\\\/\\\/www.organisator.ch\\\/sustainability\\\/2021-03-09\\\/trendmonitor-zeigt-auf-klimafreundliche-heizsysteme\\\/#primaryimage\"},\"thumbnailUrl\":\"https:\\\/\\\/www.organisator.ch\\\/wp-content\\\/uploads\\\/2021\\\/03\\\/FotoStiebelEltron.jpg\",\"keywords\":[\"Energie-Trendmonitor\",\"klimafreundliche Heizsysteme\",\"Marktforschung\",\"Stiebel Eltron\",\"Umfrage\"],\"articleSection\":[\"SUSTAINABILITY\"],\"inLanguage\":\"fr-FR\"},{\"@type\":\"WebPage\",\"@id\":\"https:\\\/\\\/www.organisator.ch\\\/sustainability\\\/2021-03-09\\\/trendmonitor-zeigt-auf-klimafreundliche-heizsysteme\\\/\",\"url\":\"https:\\\/\\\/www.organisator.ch\\\/sustainability\\\/2021-03-09\\\/trendmonitor-zeigt-auf-klimafreundliche-heizsysteme\\\/\",\"name\":\"Trendmonitor zeigt auf klimafreundliche Heizsysteme - Organisator\",\"isPartOf\":{\"@id\":\"https:\\\/\\\/www.organisator.ch\\\/#website\"},\"primaryImageOfPage\":{\"@id\":\"https:\\\/\\\/www.organisator.ch\\\/sustainability\\\/2021-03-09\\\/trendmonitor-zeigt-auf-klimafreundliche-heizsysteme\\\/#primaryimage\"},\"image\":{\"@id\":\"https:\\\/\\\/www.organisator.ch\\\/sustainability\\\/2021-03-09\\\/trendmonitor-zeigt-auf-klimafreundliche-heizsysteme\\\/#primaryimage\"},\"thumbnailUrl\":\"https:\\\/\\\/www.organisator.ch\\\/wp-content\\\/uploads\\\/2021\\\/03\\\/FotoStiebelEltron.jpg\",\"datePublished\":\"2021-03-09T13:00:03+00:00\",\"dateModified\":\"2022-02-09T10:06:10+00:00\",\"description\":\"Gem\u00e4ss \u00abEnergie-Trendmonitor Schweiz 2021\u00bb w\u00fcnschen sich 55 Prozent der Befragten einer Studie bis 2030 eine klimaneutrale Schweiz.\",\"breadcrumb\":{\"@id\":\"https:\\\/\\\/www.organisator.ch\\\/sustainability\\\/2021-03-09\\\/trendmonitor-zeigt-auf-klimafreundliche-heizsysteme\\\/#breadcrumb\"},\"inLanguage\":\"fr-FR\",\"potentialAction\":[{\"@type\":\"ReadAction\",\"target\":[\"https:\\\/\\\/www.organisator.ch\\\/sustainability\\\/2021-03-09\\\/trendmonitor-zeigt-auf-klimafreundliche-heizsysteme\\\/\"]}]},{\"@type\":\"ImageObject\",\"inLanguage\":\"fr-FR\",\"@id\":\"https:\\\/\\\/www.organisator.ch\\\/sustainability\\\/2021-03-09\\\/trendmonitor-zeigt-auf-klimafreundliche-heizsysteme\\\/#primaryimage\",\"url\":\"https:\\\/\\\/www.organisator.ch\\\/wp-content\\\/uploads\\\/2021\\\/03\\\/FotoStiebelEltron.jpg\",\"contentUrl\":\"https:\\\/\\\/www.organisator.ch\\\/wp-content\\\/uploads\\\/2021\\\/03\\\/FotoStiebelEltron.jpg\",\"width\":1620,\"height\":1080,\"caption\":\"\u00a9 Stiebel Eltron\"},{\"@type\":\"BreadcrumbList\",\"@id\":\"https:\\\/\\\/www.organisator.ch\\\/sustainability\\\/2021-03-09\\\/trendmonitor-zeigt-auf-klimafreundliche-heizsysteme\\\/#breadcrumb\",\"itemListElement\":[{\"@type\":\"ListItem\",\"position\":1,\"name\":\"Home\",\"item\":\"https:\\\/\\\/www.organisator.ch\\\/\"},{\"@type\":\"ListItem\",\"position\":2,\"name\":\"Trendmonitor zeigt auf klimafreundliche Heizsysteme\"}]},{\"@type\":\"WebSite\",\"@id\":\"https:\\\/\\\/www.organisator.ch\\\/#website\",\"url\":\"https:\\\/\\\/www.organisator.ch\\\/\",\"name\":\"Organisator\",\"description\":\"Kompetent. Praxisnah. Der ORGANISATOR bereitet in 10 Ausgaben pro Jahr die wesentlichen Themen f\u00fcr F\u00fchrungskr\u00e4fte von KMU auf.\",\"publisher\":{\"@id\":\"https:\\\/\\\/www.organisator.ch\\\/#organization\"},\"potentialAction\":[{\"@type\":\"SearchAction\",\"target\":{\"@type\":\"EntryPoint\",\"urlTemplate\":\"https:\\\/\\\/www.organisator.ch\\\/?s={search_term_string}\"},\"query-input\":{\"@type\":\"PropertyValueSpecification\",\"valueRequired\":true,\"valueName\":\"search_term_string\"}}],\"inLanguage\":\"fr-FR\"},{\"@type\":\"Organization\",\"@id\":\"https:\\\/\\\/www.organisator.ch\\\/#organization\",\"name\":\"Organisator\",\"url\":\"https:\\\/\\\/www.organisator.ch\\\/\",\"logo\":{\"@type\":\"ImageObject\",\"inLanguage\":\"fr-FR\",\"@id\":\"https:\\\/\\\/www.organisator.ch\\\/#\\\/schema\\\/logo\\\/image\\\/\",\"url\":\"https:\\\/\\\/www.organisator.ch\\\/wp-content\\\/uploads\\\/2022\\\/01\\\/Logo_Organisator_Website.png\",\"contentUrl\":\"https:\\\/\\\/www.organisator.ch\\\/wp-content\\\/uploads\\\/2022\\\/01\\\/Logo_Organisator_Website.png\",\"width\":800,\"height\":77,\"caption\":\"Organisator\"},\"image\":{\"@id\":\"https:\\\/\\\/www.organisator.ch\\\/#\\\/schema\\\/logo\\\/image\\\/\"},\"sameAs\":[\"https:\\\/\\\/www.facebook.com\\\/OrganisatorFachmagazin\",\"https:\\\/\\\/www.linkedin.com\\\/showcase\\\/organisator-das-magazin-fr-kmu\",\"https:\\\/\\\/www.xing.com\\\/news\\\/pages\\\/organisator-ch-695\",\"https:\\\/\\\/www.youtube.com\\\/channel\\\/UCGP2Sq0iWaZwT3BdIAQFYpw\"]},{\"@type\":\"Person\",\"@id\":\"https:\\\/\\\/www.organisator.ch\\\/#\\\/schema\\\/person\\\/a800b8c54e208b160517a7dcc323161d\",\"name\":\"roger.straessle\",\"image\":{\"@type\":\"ImageObject\",\"inLanguage\":\"fr-FR\",\"@id\":\"https:\\\/\\\/secure.gravatar.com\\\/avatar\\\/?s=96&d=mm&r=g\",\"url\":\"https:\\\/\\\/secure.gravatar.com\\\/avatar\\\/?s=96&d=mm&r=g\",\"contentUrl\":\"https:\\\/\\\/secure.gravatar.com\\\/avatar\\\/?s=96&d=mm&r=g\",\"caption\":\"roger.straessle\"},\"url\":\"https:\\\/\\\/www.organisator.ch\\\/fr\\\/author\\\/roger-straessle\\\/\"}]}<\/script>\n<!-- \/ Yoast SEO plugin. -->","yoast_head_json":{"title":"Trendmonitor montre des syst\u00e8mes de chauffage respectueux du climat - Organisateur","description":"Selon le \"Moniteur des tendances \u00e9nerg\u00e9tiques en Suisse 2021\", 55% des personnes interrog\u00e9es dans le cadre d'une \u00e9tude souhaitent que la Suisse soit climatiquement neutre d'ici 2030.","robots":{"index":"index","follow":"follow","max-snippet":"max-snippet:-1","max-image-preview":"max-image-preview:large","max-video-preview":"max-video-preview:-1"},"canonical":"https:\/\/www.organisator.ch\/fr\/sustainability\/2021-03-09\/trendmonitor-zeigt-auf-klimafreundliche-heizsysteme\/","og_locale":"fr_FR","og_type":"article","og_title":"Trendmonitor zeigt auf klimafreundliche Heizsysteme - Organisator","og_description":"Gem\u00e4ss \u00abEnergie-Trendmonitor Schweiz 2021\u00bb w\u00fcnschen sich 55 Prozent der Befragten einer Studie bis 2030 eine klimaneutrale Schweiz.","og_url":"https:\/\/www.organisator.ch\/fr\/sustainability\/2021-03-09\/trendmonitor-zeigt-auf-klimafreundliche-heizsysteme\/","og_site_name":"Organisator","article_publisher":"https:\/\/www.facebook.com\/OrganisatorFachmagazin","article_published_time":"2021-03-09T13:00:03+00:00","article_modified_time":"2022-02-09T10:06:10+00:00","og_image":[{"width":1620,"height":1080,"url":"https:\/\/www.organisator.ch\/wp-content\/uploads\/2021\/03\/FotoStiebelEltron.jpg","type":"image\/jpeg"}],"author":"roger.straessle","twitter_card":"summary_large_image","schema":{"@context":"https:\/\/schema.org","@graph":[{"@type":"Article","@id":"https:\/\/www.organisator.ch\/sustainability\/2021-03-09\/trendmonitor-zeigt-auf-klimafreundliche-heizsysteme\/#article","isPartOf":{"@id":"https:\/\/www.organisator.ch\/sustainability\/2021-03-09\/trendmonitor-zeigt-auf-klimafreundliche-heizsysteme\/"},"author":{"name":"roger.straessle","@id":"https:\/\/www.organisator.ch\/#\/schema\/person\/a800b8c54e208b160517a7dcc323161d"},"headline":"Trendmonitor zeigt auf klimafreundliche Heizsysteme","datePublished":"2021-03-09T13:00:03+00:00","dateModified":"2022-02-09T10:06:10+00:00","mainEntityOfPage":{"@id":"https:\/\/www.organisator.ch\/sustainability\/2021-03-09\/trendmonitor-zeigt-auf-klimafreundliche-heizsysteme\/"},"wordCount":308,"publisher":{"@id":"https:\/\/www.organisator.ch\/#organization"},"image":{"@id":"https:\/\/www.organisator.ch\/sustainability\/2021-03-09\/trendmonitor-zeigt-auf-klimafreundliche-heizsysteme\/#primaryimage"},"thumbnailUrl":"https:\/\/www.organisator.ch\/wp-content\/uploads\/2021\/03\/FotoStiebelEltron.jpg","keywords":["Energie-Trendmonitor","klimafreundliche Heizsysteme","Marktforschung","Stiebel Eltron","Umfrage"],"articleSection":["SUSTAINABILITY"],"inLanguage":"fr-FR"},{"@type":"WebPage","@id":"https:\/\/www.organisator.ch\/sustainability\/2021-03-09\/trendmonitor-zeigt-auf-klimafreundliche-heizsysteme\/","url":"https:\/\/www.organisator.ch\/sustainability\/2021-03-09\/trendmonitor-zeigt-auf-klimafreundliche-heizsysteme\/","name":"Trendmonitor montre des syst\u00e8mes de chauffage respectueux du climat - Organisateur","isPartOf":{"@id":"https:\/\/www.organisator.ch\/#website"},"primaryImageOfPage":{"@id":"https:\/\/www.organisator.ch\/sustainability\/2021-03-09\/trendmonitor-zeigt-auf-klimafreundliche-heizsysteme\/#primaryimage"},"image":{"@id":"https:\/\/www.organisator.ch\/sustainability\/2021-03-09\/trendmonitor-zeigt-auf-klimafreundliche-heizsysteme\/#primaryimage"},"thumbnailUrl":"https:\/\/www.organisator.ch\/wp-content\/uploads\/2021\/03\/FotoStiebelEltron.jpg","datePublished":"2021-03-09T13:00:03+00:00","dateModified":"2022-02-09T10:06:10+00:00","description":"Selon le \"Moniteur des tendances \u00e9nerg\u00e9tiques en Suisse 2021\", 55% des personnes interrog\u00e9es dans le cadre d'une \u00e9tude souhaitent que la Suisse soit climatiquement neutre d'ici 2030.","breadcrumb":{"@id":"https:\/\/www.organisator.ch\/sustainability\/2021-03-09\/trendmonitor-zeigt-auf-klimafreundliche-heizsysteme\/#breadcrumb"},"inLanguage":"fr-FR","potentialAction":[{"@type":"ReadAction","target":["https:\/\/www.organisator.ch\/sustainability\/2021-03-09\/trendmonitor-zeigt-auf-klimafreundliche-heizsysteme\/"]}]},{"@type":"ImageObject","inLanguage":"fr-FR","@id":"https:\/\/www.organisator.ch\/sustainability\/2021-03-09\/trendmonitor-zeigt-auf-klimafreundliche-heizsysteme\/#primaryimage","url":"https:\/\/www.organisator.ch\/wp-content\/uploads\/2021\/03\/FotoStiebelEltron.jpg","contentUrl":"https:\/\/www.organisator.ch\/wp-content\/uploads\/2021\/03\/FotoStiebelEltron.jpg","width":1620,"height":1080,"caption":"\u00a9 Stiebel Eltron"},{"@type":"BreadcrumbList","@id":"https:\/\/www.organisator.ch\/sustainability\/2021-03-09\/trendmonitor-zeigt-auf-klimafreundliche-heizsysteme\/#breadcrumb","itemListElement":[{"@type":"ListItem","position":1,"name":"Home","item":"https:\/\/www.organisator.ch\/"},{"@type":"ListItem","position":2,"name":"Trendmonitor zeigt auf klimafreundliche Heizsysteme"}]},{"@type":"WebSite","@id":"https:\/\/www.organisator.ch\/#website","url":"https:\/\/www.organisator.ch\/","name":"Organisateur","description":"Comp\u00e9tence et comp\u00e9tence. Proches de la pratique. L'ORGANISATEUR pr\u00e9pare 10 num\u00e9ros par an sur les th\u00e8mes essentiels pour les dirigeants de PME.","publisher":{"@id":"https:\/\/www.organisator.ch\/#organization"},"potentialAction":[{"@type":"SearchAction","target":{"@type":"EntryPoint","urlTemplate":"https:\/\/www.organisator.ch\/?s={search_term_string}"},"query-input":{"@type":"PropertyValueSpecification","valueRequired":true,"valueName":"search_term_string"}}],"inLanguage":"fr-FR"},{"@type":"Organization","@id":"https:\/\/www.organisator.ch\/#organization","name":"Organisateur","url":"https:\/\/www.organisator.ch\/","logo":{"@type":"ImageObject","inLanguage":"fr-FR","@id":"https:\/\/www.organisator.ch\/#\/schema\/logo\/image\/","url":"https:\/\/www.organisator.ch\/wp-content\/uploads\/2022\/01\/Logo_Organisator_Website.png","contentUrl":"https:\/\/www.organisator.ch\/wp-content\/uploads\/2022\/01\/Logo_Organisator_Website.png","width":800,"height":77,"caption":"Organisator"},"image":{"@id":"https:\/\/www.organisator.ch\/#\/schema\/logo\/image\/"},"sameAs":["https:\/\/www.facebook.com\/OrganisatorFachmagazin","https:\/\/www.linkedin.com\/showcase\/organisator-das-magazin-fr-kmu","https:\/\/www.xing.com\/news\/pages\/organisator-ch-695","https:\/\/www.youtube.com\/channel\/UCGP2Sq0iWaZwT3BdIAQFYpw"]},{"@type":"Person","@id":"https:\/\/www.organisator.ch\/#\/schema\/person\/a800b8c54e208b160517a7dcc323161d","name":"roger.straessle","image":{"@type":"ImageObject","inLanguage":"fr-FR","@id":"https:\/\/secure.gravatar.com\/avatar\/?s=96&d=mm&r=g","url":"https:\/\/secure.gravatar.com\/avatar\/?s=96&d=mm&r=g","contentUrl":"https:\/\/secure.gravatar.com\/avatar\/?s=96&d=mm&r=g","caption":"roger.straessle"},"url":"https:\/\/www.organisator.ch\/fr\/author\/roger-straessle\/"}]}},"_links":{"self":[{"href":"https:\/\/www.organisator.ch\/fr\/wp-json\/wp\/v2\/posts\/10255","targetHints":{"allow":["GET"]}}],"collection":[{"href":"https:\/\/www.organisator.ch\/fr\/wp-json\/wp\/v2\/posts"}],"about":[{"href":"https:\/\/www.organisator.ch\/fr\/wp-json\/wp\/v2\/types\/post"}],"author":[{"embeddable":true,"href":"https:\/\/www.organisator.ch\/fr\/wp-json\/wp\/v2\/users\/6"}],"replies":[{"embeddable":true,"href":"https:\/\/www.organisator.ch\/fr\/wp-json\/wp\/v2\/comments?post=10255"}],"version-history":[{"count":1,"href":"https:\/\/www.organisator.ch\/fr\/wp-json\/wp\/v2\/posts\/10255\/revisions"}],"predecessor-version":[{"id":10494,"href":"https:\/\/www.organisator.ch\/fr\/wp-json\/wp\/v2\/posts\/10255\/revisions\/10494"}],"wp:featuredmedia":[{"embeddable":true,"href":"https:\/\/www.organisator.ch\/fr\/wp-json\/wp\/v2\/media\/9772"}],"wp:attachment":[{"href":"https:\/\/www.organisator.ch\/fr\/wp-json\/wp\/v2\/media?parent=10255"}],"wp:term":[{"taxonomy":"category","embeddable":true,"href":"https:\/\/www.organisator.ch\/fr\/wp-json\/wp\/v2\/categories?post=10255"},{"taxonomy":"post_tag","embeddable":true,"href":"https:\/\/www.organisator.ch\/fr\/wp-json\/wp\/v2\/tags?post=10255"}],"curies":[{"name":"wp","href":"https:\/\/api.w.org\/{rel}","templated":true}]}}