{"id":10260,"date":"2021-03-19T08:00:44","date_gmt":"2021-03-19T07:00:44","guid":{"rendered":"https:\/\/www.umweltperspektiven.ch\/?p=3958"},"modified":"2022-02-09T11:06:10","modified_gmt":"2022-02-09T10:06:10","slug":"gesucht-schlaue-solarprojekte","status":"publish","type":"post","link":"https:\/\/www.organisator.ch\/fr\/sustainability\/2021-03-19\/gesucht-schlaue-solarprojekte\/","title":{"rendered":"On cherche : des projets solaires intelligents"},"content":{"rendered":"<figure id=\"attachment_3960\" aria-describedby=\"caption-attachment-3960\" style=\"width: 513px\" class=\"wp-caption aligncenter\"><img loading=\"lazy\" decoding=\"async\" class=\"wp-image-3960 size-full\" src=\"\/\/www.umweltperspektiven.ch\/wp-content\/uploads\/2021\/03\/Solarpreis.jpg\" alt=\"Prix solaire 2021\" width=\"513\" height=\"325\" srcset=\"https:\/\/www.organisator.ch\/wp-content\/uploads\/2021\/03\/Solarpreis.jpg 513w, https:\/\/www.organisator.ch\/wp-content\/uploads\/2021\/03\/Solarpreis-18x12.jpg 18w, https:\/\/www.organisator.ch\/wp-content\/uploads\/2021\/03\/Solarpreis-276x175.jpg 276w, https:\/\/www.organisator.ch\/wp-content\/uploads\/2021\/03\/Solarpreis-300x190.jpg 300w\" sizes=\"auto, (max-width: 513px) 100vw, 513px\" \/><figcaption id=\"caption-attachment-3960\" class=\"wp-caption-text\">\u00a9 Agence Solaire Suisse<\/figcaption><\/figure>\n<p>En Suisse, de plus en plus de b\u00e2timents \u00e0 \u00e9nergie positive (BEP) et d'immeubles collectifs BEP sont construits. Gr\u00e2ce \u00e0 un mode de construction efficace et \u00e0 des toits et fa\u00e7ades \u00e0 \u00e9nergie solaire, ils couvrent eux-m\u00eames l'ensemble de leurs besoins \u00e9nerg\u00e9tiques annuels en eau chaude, chauffage et \u00e9lectricit\u00e9. De plus, ils g\u00e9n\u00e8rent des exc\u00e9dents d'\u00e9lectricit\u00e9 solaire suppl\u00e9mentaires sans \u00e9missions de CO2, qui alimentent le r\u00e9seau \u00e9lectrique public ou sont utilis\u00e9s pour recharger les v\u00e9hicules \u00e9lectriques. Ces derni\u00e8res ann\u00e9es, le Prix solaire a \u00e9t\u00e9 d\u00e9cern\u00e9 \u00e0 plusieurs reprises \u00e0 des BEE r\u00e9sidentiels et commerciaux dont l'auto-approvisionnement en \u00e9nergie sans CO2 d\u00e9passe 500%, voire 800%. Ce chiffre illustre l'\u00e9norme potentiel \u00e9nerg\u00e9tique qui peut \u00eatre exploit\u00e9 gr\u00e2ce aux derni\u00e8res avanc\u00e9es technologiques dans le domaine du b\u00e2timent, et notamment dans les immeubles collectifs.<\/p>\n<p><strong>D\u00e9poser sa candidature avant la mi-avril<\/strong><\/p>\n<p>Les constructions solaires et les installations \u00e9nerg\u00e9tiques innovantes ainsi que les personnalit\u00e9s et les institutions engag\u00e9es qui s'investissent particuli\u00e8rement dans les \u00e9nergies renouvelables peuvent \u00eatre inscrites jusqu'au 15 avril 2021. Sont autoris\u00e9s \u00e0 s'inscrire les b\u00e2timents et installations efficaces sur le plan \u00e9nerg\u00e9tique (\u00e9nergie solaire, bois et biomasse) qui ont \u00e9t\u00e9 ou seront mis en service entre le 1er janvier 2019 et le 15 avril 2021. Les plus beaux b\u00e2timents \u00e0 \u00e9nergie positive\u00ae seront r\u00e9compens\u00e9s par le prestigieux Norman Foster Solar Award et \u00e9ventuellement par le Prix solaire europ\u00e9en.<\/p>\n<p>Le Prix Solaire Suisse 2021 sera d\u00e9cern\u00e9 dans les trois cat\u00e9gories suivantes \u00e0 l'automne 2021 \u00e0 Gen\u00e8ve :<\/p>\n<ul>\n<li>Personnes\/institutions : personnes physiques\/juridiques, entreprises, communes\/cantons, \u00e9tablissements publics<\/li>\n<li>B\u00e2timents : nouvelles constructions, r\u00e9novations et constructions \u00e0 \u00e9nergie positive - en particulier les immeubles collectifs PEB<\/li>\n<li>Installations : capteurs solaires thermiques, installations photovolta\u00efques, installations de biomasse et de chaleur environnementale<\/li>\n<\/ul>\n<p>Le d\u00e9lai d'inscription pour le Prix Solaire 2021 est fix\u00e9 au <strong>15 avril 2021<\/strong>.<\/p>\n<p><em>L'inscription\/la participation est gratuite. Les formulaires d'inscription, les conditions de participation et le r\u00e8glement du Prix Solaire et du PEB sont disponibles ici :\u00a0<a href=\"\/\/www.solaragentur.ch\">www.solaragentur.ch<\/a><\/em><\/p>\n<p><em>Pour de plus amples informations : Gallus Cadonau, directeur du SAS, Renate Fleiner et Selina Jung, collaboratrices du SAS, t\u00e9l. 044 252 40 04, info@solaragentur.ch<\/em><\/p>","protected":false},"excerpt":{"rendered":"<p>In der Schweiz werden immer mehr Plus-Energie-Bauten (PEB) und PEB-Mehrfamilienh\u00e4user erstellt. Dank effizienter Bauweise und solargenutzten D\u00e4chern und Fassaden decken sie den gesamten Jahresenergiebedarf f\u00fcr Warmwasser, Heizung und Strom selbst. Dazu erzeugen sie zus\u00e4tzliche CO2-freie Solarstrom\u00fcbersch\u00fcsse, die ins \u00f6ffentliche Stromnetz fliessen oder zum Aufladen der Elektrofahrzeuge genutzt werden. In den letzten Jahren wurden immer wieder [&hellip;]<\/p>\n","protected":false},"author":6,"featured_media":3960,"comment_status":"closed","ping_status":"closed","sticky":false,"template":"","format":"standard","meta":{"_acf_changed":false,"_yoast_wpseo_focuskw":"Solarpreis 2021","_yoast_wpseo_metadesc":"Bewerbungen f\u00fcr den renommierten Schweizer Solarpreis 2021 nimmt die Solar Agentur Schweiz noch bis am 15. April entgegen.","articlekey":"","footnotes":""},"categories":[580],"tags":[1931,2139,2142,2148],"class_list":["post-10260","post","type-post","status-publish","format-standard","has-post-thumbnail","hentry","category-sustainability","tag-plusenergiebauten","tag-solar-agentur-schweiz","tag-solaranlagen","tag-solarpreis-2021"],"acf":[],"yoast_head":"<!-- This site is optimized with the Yoast SEO plugin v27.4 - https:\/\/yoast.com\/product\/yoast-seo-wordpress\/ -->\n<title>Gesucht: schlaue Solarprojekte - Organisator<\/title>\n<meta name=\"description\" content=\"Bewerbungen f\u00fcr den renommierten Schweizer Solarpreis 2021 nimmt die Solar Agentur Schweiz noch bis am 15. April entgegen.\" \/>\n<meta name=\"robots\" content=\"index, follow, max-snippet:-1, max-image-preview:large, max-video-preview:-1\" \/>\n<link rel=\"canonical\" href=\"https:\/\/www.organisator.ch\/fr\/sustainability\/2021-03-19\/gesucht-schlaue-solarprojekte\/\" \/>\n<meta property=\"og:locale\" content=\"fr_FR\" \/>\n<meta property=\"og:type\" content=\"article\" \/>\n<meta property=\"og:title\" content=\"Gesucht: schlaue Solarprojekte - Organisator\" \/>\n<meta property=\"og:description\" content=\"Bewerbungen f\u00fcr den renommierten Schweizer Solarpreis 2021 nimmt die Solar Agentur Schweiz noch bis am 15. April entgegen.\" \/>\n<meta property=\"og:url\" content=\"https:\/\/www.organisator.ch\/fr\/sustainability\/2021-03-19\/gesucht-schlaue-solarprojekte\/\" \/>\n<meta property=\"og:site_name\" content=\"Organisator\" \/>\n<meta property=\"article:publisher\" content=\"https:\/\/www.facebook.com\/OrganisatorFachmagazin\" \/>\n<meta property=\"article:published_time\" content=\"2021-03-19T07:00:44+00:00\" \/>\n<meta property=\"article:modified_time\" content=\"2022-02-09T10:06:10+00:00\" \/>\n<meta property=\"og:image\" content=\"https:\/\/www.organisator.ch\/wp-content\/uploads\/2021\/03\/Solarpreis.jpg\" \/>\n\t<meta property=\"og:image:width\" content=\"513\" \/>\n\t<meta property=\"og:image:height\" content=\"325\" \/>\n\t<meta property=\"og:image:type\" content=\"image\/jpeg\" \/>\n<meta name=\"author\" content=\"roger.straessle\" \/>\n<meta name=\"twitter:card\" content=\"summary_large_image\" \/>\n<script type=\"application\/ld+json\" class=\"yoast-schema-graph\">{\"@context\":\"https:\\\/\\\/schema.org\",\"@graph\":[{\"@type\":\"Article\",\"@id\":\"https:\\\/\\\/www.organisator.ch\\\/sustainability\\\/2021-03-19\\\/gesucht-schlaue-solarprojekte\\\/#article\",\"isPartOf\":{\"@id\":\"https:\\\/\\\/www.organisator.ch\\\/sustainability\\\/2021-03-19\\\/gesucht-schlaue-solarprojekte\\\/\"},\"author\":{\"name\":\"roger.straessle\",\"@id\":\"https:\\\/\\\/www.organisator.ch\\\/#\\\/schema\\\/person\\\/a800b8c54e208b160517a7dcc323161d\"},\"headline\":\"Gesucht: schlaue Solarprojekte\",\"datePublished\":\"2021-03-19T07:00:44+00:00\",\"dateModified\":\"2022-02-09T10:06:10+00:00\",\"mainEntityOfPage\":{\"@id\":\"https:\\\/\\\/www.organisator.ch\\\/sustainability\\\/2021-03-19\\\/gesucht-schlaue-solarprojekte\\\/\"},\"wordCount\":283,\"publisher\":{\"@id\":\"https:\\\/\\\/www.organisator.ch\\\/#organization\"},\"image\":{\"@id\":\"https:\\\/\\\/www.organisator.ch\\\/sustainability\\\/2021-03-19\\\/gesucht-schlaue-solarprojekte\\\/#primaryimage\"},\"thumbnailUrl\":\"https:\\\/\\\/www.organisator.ch\\\/wp-content\\\/uploads\\\/2021\\\/03\\\/Solarpreis.jpg\",\"keywords\":[\"PlusEnergieBauten\",\"Solar Agentur Schweiz\",\"Solaranlagen\",\"Solarpreis 2021\"],\"articleSection\":[\"SUSTAINABILITY\"],\"inLanguage\":\"fr-FR\"},{\"@type\":\"WebPage\",\"@id\":\"https:\\\/\\\/www.organisator.ch\\\/sustainability\\\/2021-03-19\\\/gesucht-schlaue-solarprojekte\\\/\",\"url\":\"https:\\\/\\\/www.organisator.ch\\\/sustainability\\\/2021-03-19\\\/gesucht-schlaue-solarprojekte\\\/\",\"name\":\"Gesucht: schlaue Solarprojekte - Organisator\",\"isPartOf\":{\"@id\":\"https:\\\/\\\/www.organisator.ch\\\/#website\"},\"primaryImageOfPage\":{\"@id\":\"https:\\\/\\\/www.organisator.ch\\\/sustainability\\\/2021-03-19\\\/gesucht-schlaue-solarprojekte\\\/#primaryimage\"},\"image\":{\"@id\":\"https:\\\/\\\/www.organisator.ch\\\/sustainability\\\/2021-03-19\\\/gesucht-schlaue-solarprojekte\\\/#primaryimage\"},\"thumbnailUrl\":\"https:\\\/\\\/www.organisator.ch\\\/wp-content\\\/uploads\\\/2021\\\/03\\\/Solarpreis.jpg\",\"datePublished\":\"2021-03-19T07:00:44+00:00\",\"dateModified\":\"2022-02-09T10:06:10+00:00\",\"description\":\"Bewerbungen f\u00fcr den renommierten Schweizer Solarpreis 2021 nimmt die Solar Agentur Schweiz noch bis am 15. April entgegen.\",\"breadcrumb\":{\"@id\":\"https:\\\/\\\/www.organisator.ch\\\/sustainability\\\/2021-03-19\\\/gesucht-schlaue-solarprojekte\\\/#breadcrumb\"},\"inLanguage\":\"fr-FR\",\"potentialAction\":[{\"@type\":\"ReadAction\",\"target\":[\"https:\\\/\\\/www.organisator.ch\\\/sustainability\\\/2021-03-19\\\/gesucht-schlaue-solarprojekte\\\/\"]}]},{\"@type\":\"ImageObject\",\"inLanguage\":\"fr-FR\",\"@id\":\"https:\\\/\\\/www.organisator.ch\\\/sustainability\\\/2021-03-19\\\/gesucht-schlaue-solarprojekte\\\/#primaryimage\",\"url\":\"https:\\\/\\\/www.organisator.ch\\\/wp-content\\\/uploads\\\/2021\\\/03\\\/Solarpreis.jpg\",\"contentUrl\":\"https:\\\/\\\/www.organisator.ch\\\/wp-content\\\/uploads\\\/2021\\\/03\\\/Solarpreis.jpg\",\"width\":513,\"height\":325,\"caption\":\"\u00a9 Solar Agentur Schweiz\"},{\"@type\":\"BreadcrumbList\",\"@id\":\"https:\\\/\\\/www.organisator.ch\\\/sustainability\\\/2021-03-19\\\/gesucht-schlaue-solarprojekte\\\/#breadcrumb\",\"itemListElement\":[{\"@type\":\"ListItem\",\"position\":1,\"name\":\"Home\",\"item\":\"https:\\\/\\\/www.organisator.ch\\\/\"},{\"@type\":\"ListItem\",\"position\":2,\"name\":\"Gesucht: schlaue Solarprojekte\"}]},{\"@type\":\"WebSite\",\"@id\":\"https:\\\/\\\/www.organisator.ch\\\/#website\",\"url\":\"https:\\\/\\\/www.organisator.ch\\\/\",\"name\":\"Organisator\",\"description\":\"Kompetent. Praxisnah. Der ORGANISATOR bereitet in 10 Ausgaben pro Jahr die wesentlichen Themen f\u00fcr F\u00fchrungskr\u00e4fte von KMU auf.\",\"publisher\":{\"@id\":\"https:\\\/\\\/www.organisator.ch\\\/#organization\"},\"potentialAction\":[{\"@type\":\"SearchAction\",\"target\":{\"@type\":\"EntryPoint\",\"urlTemplate\":\"https:\\\/\\\/www.organisator.ch\\\/?s={search_term_string}\"},\"query-input\":{\"@type\":\"PropertyValueSpecification\",\"valueRequired\":true,\"valueName\":\"search_term_string\"}}],\"inLanguage\":\"fr-FR\"},{\"@type\":\"Organization\",\"@id\":\"https:\\\/\\\/www.organisator.ch\\\/#organization\",\"name\":\"Organisator\",\"url\":\"https:\\\/\\\/www.organisator.ch\\\/\",\"logo\":{\"@type\":\"ImageObject\",\"inLanguage\":\"fr-FR\",\"@id\":\"https:\\\/\\\/www.organisator.ch\\\/#\\\/schema\\\/logo\\\/image\\\/\",\"url\":\"https:\\\/\\\/www.organisator.ch\\\/wp-content\\\/uploads\\\/2022\\\/01\\\/Logo_Organisator_Website.png\",\"contentUrl\":\"https:\\\/\\\/www.organisator.ch\\\/wp-content\\\/uploads\\\/2022\\\/01\\\/Logo_Organisator_Website.png\",\"width\":800,\"height\":77,\"caption\":\"Organisator\"},\"image\":{\"@id\":\"https:\\\/\\\/www.organisator.ch\\\/#\\\/schema\\\/logo\\\/image\\\/\"},\"sameAs\":[\"https:\\\/\\\/www.facebook.com\\\/OrganisatorFachmagazin\",\"https:\\\/\\\/www.linkedin.com\\\/showcase\\\/organisator-das-magazin-fr-kmu\",\"https:\\\/\\\/www.xing.com\\\/news\\\/pages\\\/organisator-ch-695\",\"https:\\\/\\\/www.youtube.com\\\/channel\\\/UCGP2Sq0iWaZwT3BdIAQFYpw\"]},{\"@type\":\"Person\",\"@id\":\"https:\\\/\\\/www.organisator.ch\\\/#\\\/schema\\\/person\\\/a800b8c54e208b160517a7dcc323161d\",\"name\":\"roger.straessle\",\"image\":{\"@type\":\"ImageObject\",\"inLanguage\":\"fr-FR\",\"@id\":\"https:\\\/\\\/secure.gravatar.com\\\/avatar\\\/?s=96&d=mm&r=g\",\"url\":\"https:\\\/\\\/secure.gravatar.com\\\/avatar\\\/?s=96&d=mm&r=g\",\"contentUrl\":\"https:\\\/\\\/secure.gravatar.com\\\/avatar\\\/?s=96&d=mm&r=g\",\"caption\":\"roger.straessle\"},\"url\":\"https:\\\/\\\/www.organisator.ch\\\/fr\\\/author\\\/roger-straessle\\\/\"}]}<\/script>\n<!-- \/ Yoast SEO plugin. -->","yoast_head_json":{"title":"On recherche : des projets solaires intelligents - Organisateur","description":"L'Agence Solaire Suisse accepte les candidatures pour le prestigieux Prix Solaire Suisse 2021 jusqu'au 15 avril.","robots":{"index":"index","follow":"follow","max-snippet":"max-snippet:-1","max-image-preview":"max-image-preview:large","max-video-preview":"max-video-preview:-1"},"canonical":"https:\/\/www.organisator.ch\/fr\/sustainability\/2021-03-19\/gesucht-schlaue-solarprojekte\/","og_locale":"fr_FR","og_type":"article","og_title":"Gesucht: schlaue Solarprojekte - Organisator","og_description":"Bewerbungen f\u00fcr den renommierten Schweizer Solarpreis 2021 nimmt die Solar Agentur Schweiz noch bis am 15. April entgegen.","og_url":"https:\/\/www.organisator.ch\/fr\/sustainability\/2021-03-19\/gesucht-schlaue-solarprojekte\/","og_site_name":"Organisator","article_publisher":"https:\/\/www.facebook.com\/OrganisatorFachmagazin","article_published_time":"2021-03-19T07:00:44+00:00","article_modified_time":"2022-02-09T10:06:10+00:00","og_image":[{"width":513,"height":325,"url":"https:\/\/www.organisator.ch\/wp-content\/uploads\/2021\/03\/Solarpreis.jpg","type":"image\/jpeg"}],"author":"roger.straessle","twitter_card":"summary_large_image","schema":{"@context":"https:\/\/schema.org","@graph":[{"@type":"Article","@id":"https:\/\/www.organisator.ch\/sustainability\/2021-03-19\/gesucht-schlaue-solarprojekte\/#article","isPartOf":{"@id":"https:\/\/www.organisator.ch\/sustainability\/2021-03-19\/gesucht-schlaue-solarprojekte\/"},"author":{"name":"roger.straessle","@id":"https:\/\/www.organisator.ch\/#\/schema\/person\/a800b8c54e208b160517a7dcc323161d"},"headline":"Gesucht: schlaue Solarprojekte","datePublished":"2021-03-19T07:00:44+00:00","dateModified":"2022-02-09T10:06:10+00:00","mainEntityOfPage":{"@id":"https:\/\/www.organisator.ch\/sustainability\/2021-03-19\/gesucht-schlaue-solarprojekte\/"},"wordCount":283,"publisher":{"@id":"https:\/\/www.organisator.ch\/#organization"},"image":{"@id":"https:\/\/www.organisator.ch\/sustainability\/2021-03-19\/gesucht-schlaue-solarprojekte\/#primaryimage"},"thumbnailUrl":"https:\/\/www.organisator.ch\/wp-content\/uploads\/2021\/03\/Solarpreis.jpg","keywords":["PlusEnergieBauten","Solar Agentur Schweiz","Solaranlagen","Solarpreis 2021"],"articleSection":["SUSTAINABILITY"],"inLanguage":"fr-FR"},{"@type":"WebPage","@id":"https:\/\/www.organisator.ch\/sustainability\/2021-03-19\/gesucht-schlaue-solarprojekte\/","url":"https:\/\/www.organisator.ch\/sustainability\/2021-03-19\/gesucht-schlaue-solarprojekte\/","name":"On recherche : des projets solaires intelligents - Organisateur","isPartOf":{"@id":"https:\/\/www.organisator.ch\/#website"},"primaryImageOfPage":{"@id":"https:\/\/www.organisator.ch\/sustainability\/2021-03-19\/gesucht-schlaue-solarprojekte\/#primaryimage"},"image":{"@id":"https:\/\/www.organisator.ch\/sustainability\/2021-03-19\/gesucht-schlaue-solarprojekte\/#primaryimage"},"thumbnailUrl":"https:\/\/www.organisator.ch\/wp-content\/uploads\/2021\/03\/Solarpreis.jpg","datePublished":"2021-03-19T07:00:44+00:00","dateModified":"2022-02-09T10:06:10+00:00","description":"L'Agence Solaire Suisse accepte les candidatures pour le prestigieux Prix Solaire Suisse 2021 jusqu'au 15 avril.","breadcrumb":{"@id":"https:\/\/www.organisator.ch\/sustainability\/2021-03-19\/gesucht-schlaue-solarprojekte\/#breadcrumb"},"inLanguage":"fr-FR","potentialAction":[{"@type":"ReadAction","target":["https:\/\/www.organisator.ch\/sustainability\/2021-03-19\/gesucht-schlaue-solarprojekte\/"]}]},{"@type":"ImageObject","inLanguage":"fr-FR","@id":"https:\/\/www.organisator.ch\/sustainability\/2021-03-19\/gesucht-schlaue-solarprojekte\/#primaryimage","url":"https:\/\/www.organisator.ch\/wp-content\/uploads\/2021\/03\/Solarpreis.jpg","contentUrl":"https:\/\/www.organisator.ch\/wp-content\/uploads\/2021\/03\/Solarpreis.jpg","width":513,"height":325,"caption":"\u00a9 Solar Agentur Schweiz"},{"@type":"BreadcrumbList","@id":"https:\/\/www.organisator.ch\/sustainability\/2021-03-19\/gesucht-schlaue-solarprojekte\/#breadcrumb","itemListElement":[{"@type":"ListItem","position":1,"name":"Home","item":"https:\/\/www.organisator.ch\/"},{"@type":"ListItem","position":2,"name":"Gesucht: schlaue Solarprojekte"}]},{"@type":"WebSite","@id":"https:\/\/www.organisator.ch\/#website","url":"https:\/\/www.organisator.ch\/","name":"Organisateur","description":"Comp\u00e9tence et comp\u00e9tence. Proches de la pratique. L'ORGANISATEUR pr\u00e9pare 10 num\u00e9ros par an sur les th\u00e8mes essentiels pour les dirigeants de PME.","publisher":{"@id":"https:\/\/www.organisator.ch\/#organization"},"potentialAction":[{"@type":"SearchAction","target":{"@type":"EntryPoint","urlTemplate":"https:\/\/www.organisator.ch\/?s={search_term_string}"},"query-input":{"@type":"PropertyValueSpecification","valueRequired":true,"valueName":"search_term_string"}}],"inLanguage":"fr-FR"},{"@type":"Organization","@id":"https:\/\/www.organisator.ch\/#organization","name":"Organisateur","url":"https:\/\/www.organisator.ch\/","logo":{"@type":"ImageObject","inLanguage":"fr-FR","@id":"https:\/\/www.organisator.ch\/#\/schema\/logo\/image\/","url":"https:\/\/www.organisator.ch\/wp-content\/uploads\/2022\/01\/Logo_Organisator_Website.png","contentUrl":"https:\/\/www.organisator.ch\/wp-content\/uploads\/2022\/01\/Logo_Organisator_Website.png","width":800,"height":77,"caption":"Organisator"},"image":{"@id":"https:\/\/www.organisator.ch\/#\/schema\/logo\/image\/"},"sameAs":["https:\/\/www.facebook.com\/OrganisatorFachmagazin","https:\/\/www.linkedin.com\/showcase\/organisator-das-magazin-fr-kmu","https:\/\/www.xing.com\/news\/pages\/organisator-ch-695","https:\/\/www.youtube.com\/channel\/UCGP2Sq0iWaZwT3BdIAQFYpw"]},{"@type":"Person","@id":"https:\/\/www.organisator.ch\/#\/schema\/person\/a800b8c54e208b160517a7dcc323161d","name":"roger.straessle","image":{"@type":"ImageObject","inLanguage":"fr-FR","@id":"https:\/\/secure.gravatar.com\/avatar\/?s=96&d=mm&r=g","url":"https:\/\/secure.gravatar.com\/avatar\/?s=96&d=mm&r=g","contentUrl":"https:\/\/secure.gravatar.com\/avatar\/?s=96&d=mm&r=g","caption":"roger.straessle"},"url":"https:\/\/www.organisator.ch\/fr\/author\/roger-straessle\/"}]}},"_links":{"self":[{"href":"https:\/\/www.organisator.ch\/fr\/wp-json\/wp\/v2\/posts\/10260","targetHints":{"allow":["GET"]}}],"collection":[{"href":"https:\/\/www.organisator.ch\/fr\/wp-json\/wp\/v2\/posts"}],"about":[{"href":"https:\/\/www.organisator.ch\/fr\/wp-json\/wp\/v2\/types\/post"}],"author":[{"embeddable":true,"href":"https:\/\/www.organisator.ch\/fr\/wp-json\/wp\/v2\/users\/6"}],"replies":[{"embeddable":true,"href":"https:\/\/www.organisator.ch\/fr\/wp-json\/wp\/v2\/comments?post=10260"}],"version-history":[{"count":1,"href":"https:\/\/www.organisator.ch\/fr\/wp-json\/wp\/v2\/posts\/10260\/revisions"}],"predecessor-version":[{"id":10493,"href":"https:\/\/www.organisator.ch\/fr\/wp-json\/wp\/v2\/posts\/10260\/revisions\/10493"}],"wp:featuredmedia":[{"embeddable":true,"href":"https:\/\/www.organisator.ch\/fr\/wp-json\/wp\/v2\/media\/3960"}],"wp:attachment":[{"href":"https:\/\/www.organisator.ch\/fr\/wp-json\/wp\/v2\/media?parent=10260"}],"wp:term":[{"taxonomy":"category","embeddable":true,"href":"https:\/\/www.organisator.ch\/fr\/wp-json\/wp\/v2\/categories?post=10260"},{"taxonomy":"post_tag","embeddable":true,"href":"https:\/\/www.organisator.ch\/fr\/wp-json\/wp\/v2\/tags?post=10260"}],"curies":[{"name":"wp","href":"https:\/\/api.w.org\/{rel}","templated":true}]}}