{"id":10266,"date":"2021-04-07T09:48:04","date_gmt":"2021-04-07T07:48:04","guid":{"rendered":"https:\/\/www.umweltperspektiven.ch\/?p=4041"},"modified":"2022-02-09T11:05:31","modified_gmt":"2022-02-09T10:05:31","slug":"spannende-themen-am-schweizer-sonderabfalltag","status":"publish","type":"post","link":"https:\/\/www.organisator.ch\/fr\/sustainability\/2021-04-07\/spannende-themen-am-schweizer-sonderabfalltag\/","title":{"rendered":"Des th\u00e8mes passionnants \u00e0 la Journ\u00e9e suisse des d\u00e9chets sp\u00e9ciaux"},"content":{"rendered":"<figure id=\"attachment_4042\" aria-describedby=\"caption-attachment-4042\" style=\"width: 437px\" class=\"wp-caption aligncenter\"><img loading=\"lazy\" decoding=\"async\" class=\"wp-image-4042 size-full\" src=\"\/\/www.umweltperspektiven.ch\/wp-content\/uploads\/2021\/04\/Ecoserve.jpg\" alt=\"Journ\u00e9e suisse des d\u00e9chets sp\u00e9ciaux\" width=\"437\" height=\"337\" srcset=\"https:\/\/www.organisator.ch\/wp-content\/uploads\/2021\/04\/Ecoserve.jpg 437w, https:\/\/www.organisator.ch\/wp-content\/uploads\/2021\/04\/Ecoserve-16x12.jpg 16w, https:\/\/www.organisator.ch\/wp-content\/uploads\/2021\/04\/Ecoserve-227x175.jpg 227w, https:\/\/www.organisator.ch\/wp-content\/uploads\/2021\/04\/Ecoserve-300x231.jpg 300w\" sizes=\"auto, (max-width: 437px) 100vw, 437px\" \/><figcaption id=\"caption-attachment-4042\" class=\"wp-caption-text\">EcoServe<\/figcaption><\/figure>\n<p>Selon la situation de Covid-19, la Journ\u00e9e suisse des d\u00e9chets sp\u00e9ciaux de cette ann\u00e9e aura lieu \u00e0 l'h\u00f4tel Arte \u00e0 Olten ou sous forme de conf\u00e9rence en ligne en direct. Organis\u00e9 par EcoServe, ce rendez-vous des sp\u00e9cialistes et des responsables de la gestion des d\u00e9chets propose cette fois encore des th\u00e8mes prometteurs :<\/p>\n<ul>\n<li>Les liens et la complexit\u00e9 entre la l\u00e9gislation sur les d\u00e9chets et celle sur les marchandises dangereuses peuvent d\u00e9passer certaines entreprises remettantes. Martin H\u00e4fliger, de la soci\u00e9t\u00e9 Encoma OSG GmbH, revient sur les probl\u00e8mes connus en mati\u00e8re de d\u00e9claration des d\u00e9chets et leurs cons\u00e9quences.<\/li>\n<li>Rita Barros, de l'Office f\u00e9d\u00e9ral de l'environnement, pr\u00e9sentera le guide actualis\u00e9 sur les d\u00e9chets m\u00e9dicaux et \u00e9voquera les adaptations apport\u00e9es.<\/li>\n<li>Au cours des 30 derni\u00e8res ann\u00e9es, la technique et la l\u00e9gislation en mati\u00e8re de d\u00e9samiantage ont-elles chang\u00e9 et \u00e9volu\u00e9 ? Walter Hiltpold, de Carbotech SA, proposera une r\u00e9trospective et des perspectives \u00e0 ce sujet.<\/li>\n<li>Ralf K\u00e4gi, de l'Institut de recherche de l'eau (Eawag), s'est int\u00e9ress\u00e9 de pr\u00e8s \u00e0 la question de savoir si les nanoparticules posaient un probl\u00e8me dans la cha\u00eene d'\u00e9limination des d\u00e9chets. Les r\u00e9sultats de ses recherches feront l'objet de son expos\u00e9.<\/li>\n<li>Stefan Bahamonde, Libattion GmbH, montrera dans son expos\u00e9 comment les batteries Li sont pr\u00e9par\u00e9es et utilisables de mani\u00e8re modulaire.<\/li>\n<li>Viktor H\u00e4feli (<a href=\"\/\/www.svut.ch\">SVUT<\/a>-) et Urs Bucheli aborderont la question de l'utilisation s\u00fbre des v\u00e9hicules \u00e9lectriques d\u00e9fectueux ou accident\u00e9s.<\/li>\n<li>La Fondation pour le recyclage des appareils \u00e9lectriques et \u00e9lectroniques (SENS) abordera la r\u00e9cup\u00e9ration et la destruction du froid et des agents propulseurs. Les experts Roman Eppenberger et Niklaus Renner feront un rapport \u00e0 ce sujet.<\/li>\n<\/ul>\n<p>Cette manifestation s'adresse aux professionnels de l'industrie, du commerce, des institutions et des autorit\u00e9s.<\/p>\n<p><em>Cliquez ici pour vous inscrire en ligne : <a href=\"\/\/www.ecoserve.ch\/course_class\/50\">www.ecoserve.ch\/course_class\/50<\/a><\/em><\/p>\n<p><em>Ou par e-mail : info@ecoserve.ch<\/em><\/p>\n<p>&nbsp;<\/p>","protected":false},"excerpt":{"rendered":"<p>Je nach Covid-19-Situation findet der diesj\u00e4hrige Schweizer Sonderabfalltag im Hotel Arte in Olten oder als Live-Onlinetagung statt. Der von EcoServe organisierte Treffpunkt f\u00fcr Spezialisten und Verantwortliche der Abfallentsorgung bietet auch diesmal wieder vielversprechende Themen: Die Zusammenh\u00e4nge und Komplexit\u00e4t zwischen Abfall- und Gefahrgutrecht k\u00f6nnen manche Abgeberbetriebe \u00fcberfordern. Martin H\u00e4fliger, Firma Encoma OSG GmbH, greift die bekannten [&hellip;]<\/p>\n","protected":false},"author":6,"featured_media":4042,"comment_status":"closed","ping_status":"closed","sticky":false,"template":"","format":"standard","meta":{"_acf_changed":false,"_yoast_wpseo_focuskw":"Schweizer Sonderabfalltag","_yoast_wpseo_metadesc":"","articlekey":"","footnotes":""},"categories":[580],"tags":[656,1017,1625,2155],"class_list":["post-10266","post","type-post","status-publish","format-standard","has-post-thumbnail","hentry","category-sustainability","tag-abfalldeklaration","tag-ecoserve","tag-li-batterien","tag-sonderabfalltag"],"acf":[],"yoast_head":"<!-- This site is optimized with the Yoast SEO plugin v27.5 - https:\/\/yoast.com\/product\/yoast-seo-wordpress\/ -->\n<title>Spannende Themen am Schweizer Sonderabfalltag - Organisator<\/title>\n<meta name=\"robots\" content=\"index, follow, max-snippet:-1, max-image-preview:large, max-video-preview:-1\" \/>\n<link rel=\"canonical\" href=\"https:\/\/www.organisator.ch\/fr\/sustainability\/2021-04-07\/spannende-themen-am-schweizer-sonderabfalltag\/\" \/>\n<meta property=\"og:locale\" content=\"fr_FR\" \/>\n<meta property=\"og:type\" content=\"article\" \/>\n<meta property=\"og:title\" content=\"Spannende Themen am Schweizer Sonderabfalltag - Organisator\" \/>\n<meta property=\"og:description\" content=\"Je nach Covid-19-Situation findet der diesj\u00e4hrige Schweizer Sonderabfalltag im Hotel Arte in Olten oder als Live-Onlinetagung statt. Der von EcoServe organisierte Treffpunkt f\u00fcr Spezialisten und Verantwortliche der Abfallentsorgung bietet auch diesmal wieder vielversprechende Themen: Die Zusammenh\u00e4nge und Komplexit\u00e4t zwischen Abfall- und Gefahrgutrecht k\u00f6nnen manche Abgeberbetriebe \u00fcberfordern. Martin H\u00e4fliger, Firma Encoma OSG GmbH, greift die bekannten [&hellip;]\" \/>\n<meta property=\"og:url\" content=\"https:\/\/www.organisator.ch\/fr\/sustainability\/2021-04-07\/spannende-themen-am-schweizer-sonderabfalltag\/\" \/>\n<meta property=\"og:site_name\" content=\"Organisator\" \/>\n<meta property=\"article:publisher\" content=\"https:\/\/www.facebook.com\/OrganisatorFachmagazin\" \/>\n<meta property=\"article:published_time\" content=\"2021-04-07T07:48:04+00:00\" \/>\n<meta property=\"article:modified_time\" content=\"2022-02-09T10:05:31+00:00\" \/>\n<meta property=\"og:image\" content=\"https:\/\/www.organisator.ch\/wp-content\/uploads\/2021\/04\/Ecoserve.jpg\" \/>\n\t<meta property=\"og:image:width\" content=\"437\" \/>\n\t<meta property=\"og:image:height\" content=\"337\" \/>\n\t<meta property=\"og:image:type\" content=\"image\/jpeg\" \/>\n<meta name=\"author\" content=\"roger.straessle\" \/>\n<meta name=\"twitter:card\" content=\"summary_large_image\" \/>\n<script type=\"application\/ld+json\" class=\"yoast-schema-graph\">{\"@context\":\"https:\\\/\\\/schema.org\",\"@graph\":[{\"@type\":\"Article\",\"@id\":\"https:\\\/\\\/www.organisator.ch\\\/sustainability\\\/2021-04-07\\\/spannende-themen-am-schweizer-sonderabfalltag\\\/#article\",\"isPartOf\":{\"@id\":\"https:\\\/\\\/www.organisator.ch\\\/sustainability\\\/2021-04-07\\\/spannende-themen-am-schweizer-sonderabfalltag\\\/\"},\"author\":{\"name\":\"roger.straessle\",\"@id\":\"https:\\\/\\\/www.organisator.ch\\\/#\\\/schema\\\/person\\\/a800b8c54e208b160517a7dcc323161d\"},\"headline\":\"Spannende Themen am Schweizer Sonderabfalltag\",\"datePublished\":\"2021-04-07T07:48:04+00:00\",\"dateModified\":\"2022-02-09T10:05:31+00:00\",\"mainEntityOfPage\":{\"@id\":\"https:\\\/\\\/www.organisator.ch\\\/sustainability\\\/2021-04-07\\\/spannende-themen-am-schweizer-sonderabfalltag\\\/\"},\"wordCount\":260,\"publisher\":{\"@id\":\"https:\\\/\\\/www.organisator.ch\\\/#organization\"},\"image\":{\"@id\":\"https:\\\/\\\/www.organisator.ch\\\/sustainability\\\/2021-04-07\\\/spannende-themen-am-schweizer-sonderabfalltag\\\/#primaryimage\"},\"thumbnailUrl\":\"https:\\\/\\\/www.organisator.ch\\\/wp-content\\\/uploads\\\/2021\\\/04\\\/Ecoserve.jpg\",\"keywords\":[\"Abfalldeklaration\",\"Ecoserve\",\"Li-Batterien\",\"Sonderabfalltag\"],\"articleSection\":[\"SUSTAINABILITY\"],\"inLanguage\":\"fr-FR\"},{\"@type\":\"WebPage\",\"@id\":\"https:\\\/\\\/www.organisator.ch\\\/sustainability\\\/2021-04-07\\\/spannende-themen-am-schweizer-sonderabfalltag\\\/\",\"url\":\"https:\\\/\\\/www.organisator.ch\\\/sustainability\\\/2021-04-07\\\/spannende-themen-am-schweizer-sonderabfalltag\\\/\",\"name\":\"Spannende Themen am Schweizer Sonderabfalltag - Organisator\",\"isPartOf\":{\"@id\":\"https:\\\/\\\/www.organisator.ch\\\/#website\"},\"primaryImageOfPage\":{\"@id\":\"https:\\\/\\\/www.organisator.ch\\\/sustainability\\\/2021-04-07\\\/spannende-themen-am-schweizer-sonderabfalltag\\\/#primaryimage\"},\"image\":{\"@id\":\"https:\\\/\\\/www.organisator.ch\\\/sustainability\\\/2021-04-07\\\/spannende-themen-am-schweizer-sonderabfalltag\\\/#primaryimage\"},\"thumbnailUrl\":\"https:\\\/\\\/www.organisator.ch\\\/wp-content\\\/uploads\\\/2021\\\/04\\\/Ecoserve.jpg\",\"datePublished\":\"2021-04-07T07:48:04+00:00\",\"dateModified\":\"2022-02-09T10:05:31+00:00\",\"breadcrumb\":{\"@id\":\"https:\\\/\\\/www.organisator.ch\\\/sustainability\\\/2021-04-07\\\/spannende-themen-am-schweizer-sonderabfalltag\\\/#breadcrumb\"},\"inLanguage\":\"fr-FR\",\"potentialAction\":[{\"@type\":\"ReadAction\",\"target\":[\"https:\\\/\\\/www.organisator.ch\\\/sustainability\\\/2021-04-07\\\/spannende-themen-am-schweizer-sonderabfalltag\\\/\"]}]},{\"@type\":\"ImageObject\",\"inLanguage\":\"fr-FR\",\"@id\":\"https:\\\/\\\/www.organisator.ch\\\/sustainability\\\/2021-04-07\\\/spannende-themen-am-schweizer-sonderabfalltag\\\/#primaryimage\",\"url\":\"https:\\\/\\\/www.organisator.ch\\\/wp-content\\\/uploads\\\/2021\\\/04\\\/Ecoserve.jpg\",\"contentUrl\":\"https:\\\/\\\/www.organisator.ch\\\/wp-content\\\/uploads\\\/2021\\\/04\\\/Ecoserve.jpg\",\"width\":437,\"height\":337,\"caption\":\"\u00a9 EcoServe\"},{\"@type\":\"BreadcrumbList\",\"@id\":\"https:\\\/\\\/www.organisator.ch\\\/sustainability\\\/2021-04-07\\\/spannende-themen-am-schweizer-sonderabfalltag\\\/#breadcrumb\",\"itemListElement\":[{\"@type\":\"ListItem\",\"position\":1,\"name\":\"Home\",\"item\":\"https:\\\/\\\/www.organisator.ch\\\/\"},{\"@type\":\"ListItem\",\"position\":2,\"name\":\"Spannende Themen am Schweizer Sonderabfalltag\"}]},{\"@type\":\"WebSite\",\"@id\":\"https:\\\/\\\/www.organisator.ch\\\/#website\",\"url\":\"https:\\\/\\\/www.organisator.ch\\\/\",\"name\":\"Organisator\",\"description\":\"Kompetent. Praxisnah. Der ORGANISATOR bereitet in 10 Ausgaben pro Jahr die wesentlichen Themen f\u00fcr F\u00fchrungskr\u00e4fte von KMU auf.\",\"publisher\":{\"@id\":\"https:\\\/\\\/www.organisator.ch\\\/#organization\"},\"potentialAction\":[{\"@type\":\"SearchAction\",\"target\":{\"@type\":\"EntryPoint\",\"urlTemplate\":\"https:\\\/\\\/www.organisator.ch\\\/?s={search_term_string}\"},\"query-input\":{\"@type\":\"PropertyValueSpecification\",\"valueRequired\":true,\"valueName\":\"search_term_string\"}}],\"inLanguage\":\"fr-FR\"},{\"@type\":\"Organization\",\"@id\":\"https:\\\/\\\/www.organisator.ch\\\/#organization\",\"name\":\"Organisator\",\"url\":\"https:\\\/\\\/www.organisator.ch\\\/\",\"logo\":{\"@type\":\"ImageObject\",\"inLanguage\":\"fr-FR\",\"@id\":\"https:\\\/\\\/www.organisator.ch\\\/#\\\/schema\\\/logo\\\/image\\\/\",\"url\":\"https:\\\/\\\/www.organisator.ch\\\/wp-content\\\/uploads\\\/2022\\\/01\\\/Logo_Organisator_Website.png\",\"contentUrl\":\"https:\\\/\\\/www.organisator.ch\\\/wp-content\\\/uploads\\\/2022\\\/01\\\/Logo_Organisator_Website.png\",\"width\":800,\"height\":77,\"caption\":\"Organisator\"},\"image\":{\"@id\":\"https:\\\/\\\/www.organisator.ch\\\/#\\\/schema\\\/logo\\\/image\\\/\"},\"sameAs\":[\"https:\\\/\\\/www.facebook.com\\\/OrganisatorFachmagazin\",\"https:\\\/\\\/www.linkedin.com\\\/showcase\\\/organisator-das-magazin-fr-kmu\",\"https:\\\/\\\/www.xing.com\\\/news\\\/pages\\\/organisator-ch-695\",\"https:\\\/\\\/www.youtube.com\\\/channel\\\/UCGP2Sq0iWaZwT3BdIAQFYpw\"]},{\"@type\":\"Person\",\"@id\":\"https:\\\/\\\/www.organisator.ch\\\/#\\\/schema\\\/person\\\/a800b8c54e208b160517a7dcc323161d\",\"name\":\"roger.straessle\",\"image\":{\"@type\":\"ImageObject\",\"inLanguage\":\"fr-FR\",\"@id\":\"https:\\\/\\\/secure.gravatar.com\\\/avatar\\\/?s=96&d=mm&r=g\",\"url\":\"https:\\\/\\\/secure.gravatar.com\\\/avatar\\\/?s=96&d=mm&r=g\",\"contentUrl\":\"https:\\\/\\\/secure.gravatar.com\\\/avatar\\\/?s=96&d=mm&r=g\",\"caption\":\"roger.straessle\"},\"url\":\"https:\\\/\\\/www.organisator.ch\\\/fr\\\/author\\\/roger-straessle\\\/\"}]}<\/script>\n<!-- \/ Yoast SEO plugin. -->","yoast_head_json":{"title":"Des th\u00e8mes passionnants \u00e0 la Journ\u00e9e suisse des d\u00e9chets sp\u00e9ciaux - Organisateur","robots":{"index":"index","follow":"follow","max-snippet":"max-snippet:-1","max-image-preview":"max-image-preview:large","max-video-preview":"max-video-preview:-1"},"canonical":"https:\/\/www.organisator.ch\/fr\/sustainability\/2021-04-07\/spannende-themen-am-schweizer-sonderabfalltag\/","og_locale":"fr_FR","og_type":"article","og_title":"Spannende Themen am Schweizer Sonderabfalltag - Organisator","og_description":"Je nach Covid-19-Situation findet der diesj\u00e4hrige Schweizer Sonderabfalltag im Hotel Arte in Olten oder als Live-Onlinetagung statt. Der von EcoServe organisierte Treffpunkt f\u00fcr Spezialisten und Verantwortliche der Abfallentsorgung bietet auch diesmal wieder vielversprechende Themen: Die Zusammenh\u00e4nge und Komplexit\u00e4t zwischen Abfall- und Gefahrgutrecht k\u00f6nnen manche Abgeberbetriebe \u00fcberfordern. Martin H\u00e4fliger, Firma Encoma OSG GmbH, greift die bekannten [&hellip;]","og_url":"https:\/\/www.organisator.ch\/fr\/sustainability\/2021-04-07\/spannende-themen-am-schweizer-sonderabfalltag\/","og_site_name":"Organisator","article_publisher":"https:\/\/www.facebook.com\/OrganisatorFachmagazin","article_published_time":"2021-04-07T07:48:04+00:00","article_modified_time":"2022-02-09T10:05:31+00:00","og_image":[{"width":437,"height":337,"url":"https:\/\/www.organisator.ch\/wp-content\/uploads\/2021\/04\/Ecoserve.jpg","type":"image\/jpeg"}],"author":"roger.straessle","twitter_card":"summary_large_image","schema":{"@context":"https:\/\/schema.org","@graph":[{"@type":"Article","@id":"https:\/\/www.organisator.ch\/sustainability\/2021-04-07\/spannende-themen-am-schweizer-sonderabfalltag\/#article","isPartOf":{"@id":"https:\/\/www.organisator.ch\/sustainability\/2021-04-07\/spannende-themen-am-schweizer-sonderabfalltag\/"},"author":{"name":"roger.straessle","@id":"https:\/\/www.organisator.ch\/#\/schema\/person\/a800b8c54e208b160517a7dcc323161d"},"headline":"Spannende Themen am Schweizer Sonderabfalltag","datePublished":"2021-04-07T07:48:04+00:00","dateModified":"2022-02-09T10:05:31+00:00","mainEntityOfPage":{"@id":"https:\/\/www.organisator.ch\/sustainability\/2021-04-07\/spannende-themen-am-schweizer-sonderabfalltag\/"},"wordCount":260,"publisher":{"@id":"https:\/\/www.organisator.ch\/#organization"},"image":{"@id":"https:\/\/www.organisator.ch\/sustainability\/2021-04-07\/spannende-themen-am-schweizer-sonderabfalltag\/#primaryimage"},"thumbnailUrl":"https:\/\/www.organisator.ch\/wp-content\/uploads\/2021\/04\/Ecoserve.jpg","keywords":["Abfalldeklaration","Ecoserve","Li-Batterien","Sonderabfalltag"],"articleSection":["SUSTAINABILITY"],"inLanguage":"fr-FR"},{"@type":"WebPage","@id":"https:\/\/www.organisator.ch\/sustainability\/2021-04-07\/spannende-themen-am-schweizer-sonderabfalltag\/","url":"https:\/\/www.organisator.ch\/sustainability\/2021-04-07\/spannende-themen-am-schweizer-sonderabfalltag\/","name":"Des th\u00e8mes passionnants \u00e0 la Journ\u00e9e suisse des d\u00e9chets sp\u00e9ciaux - Organisateur","isPartOf":{"@id":"https:\/\/www.organisator.ch\/#website"},"primaryImageOfPage":{"@id":"https:\/\/www.organisator.ch\/sustainability\/2021-04-07\/spannende-themen-am-schweizer-sonderabfalltag\/#primaryimage"},"image":{"@id":"https:\/\/www.organisator.ch\/sustainability\/2021-04-07\/spannende-themen-am-schweizer-sonderabfalltag\/#primaryimage"},"thumbnailUrl":"https:\/\/www.organisator.ch\/wp-content\/uploads\/2021\/04\/Ecoserve.jpg","datePublished":"2021-04-07T07:48:04+00:00","dateModified":"2022-02-09T10:05:31+00:00","breadcrumb":{"@id":"https:\/\/www.organisator.ch\/sustainability\/2021-04-07\/spannende-themen-am-schweizer-sonderabfalltag\/#breadcrumb"},"inLanguage":"fr-FR","potentialAction":[{"@type":"ReadAction","target":["https:\/\/www.organisator.ch\/sustainability\/2021-04-07\/spannende-themen-am-schweizer-sonderabfalltag\/"]}]},{"@type":"ImageObject","inLanguage":"fr-FR","@id":"https:\/\/www.organisator.ch\/sustainability\/2021-04-07\/spannende-themen-am-schweizer-sonderabfalltag\/#primaryimage","url":"https:\/\/www.organisator.ch\/wp-content\/uploads\/2021\/04\/Ecoserve.jpg","contentUrl":"https:\/\/www.organisator.ch\/wp-content\/uploads\/2021\/04\/Ecoserve.jpg","width":437,"height":337,"caption":"\u00a9 EcoServe"},{"@type":"BreadcrumbList","@id":"https:\/\/www.organisator.ch\/sustainability\/2021-04-07\/spannende-themen-am-schweizer-sonderabfalltag\/#breadcrumb","itemListElement":[{"@type":"ListItem","position":1,"name":"Home","item":"https:\/\/www.organisator.ch\/"},{"@type":"ListItem","position":2,"name":"Spannende Themen am Schweizer Sonderabfalltag"}]},{"@type":"WebSite","@id":"https:\/\/www.organisator.ch\/#website","url":"https:\/\/www.organisator.ch\/","name":"Organisateur","description":"Comp\u00e9tence et comp\u00e9tence. Proches de la pratique. L'ORGANISATEUR pr\u00e9pare 10 num\u00e9ros par an sur les th\u00e8mes essentiels pour les dirigeants de PME.","publisher":{"@id":"https:\/\/www.organisator.ch\/#organization"},"potentialAction":[{"@type":"SearchAction","target":{"@type":"EntryPoint","urlTemplate":"https:\/\/www.organisator.ch\/?s={search_term_string}"},"query-input":{"@type":"PropertyValueSpecification","valueRequired":true,"valueName":"search_term_string"}}],"inLanguage":"fr-FR"},{"@type":"Organization","@id":"https:\/\/www.organisator.ch\/#organization","name":"Organisateur","url":"https:\/\/www.organisator.ch\/","logo":{"@type":"ImageObject","inLanguage":"fr-FR","@id":"https:\/\/www.organisator.ch\/#\/schema\/logo\/image\/","url":"https:\/\/www.organisator.ch\/wp-content\/uploads\/2022\/01\/Logo_Organisator_Website.png","contentUrl":"https:\/\/www.organisator.ch\/wp-content\/uploads\/2022\/01\/Logo_Organisator_Website.png","width":800,"height":77,"caption":"Organisator"},"image":{"@id":"https:\/\/www.organisator.ch\/#\/schema\/logo\/image\/"},"sameAs":["https:\/\/www.facebook.com\/OrganisatorFachmagazin","https:\/\/www.linkedin.com\/showcase\/organisator-das-magazin-fr-kmu","https:\/\/www.xing.com\/news\/pages\/organisator-ch-695","https:\/\/www.youtube.com\/channel\/UCGP2Sq0iWaZwT3BdIAQFYpw"]},{"@type":"Person","@id":"https:\/\/www.organisator.ch\/#\/schema\/person\/a800b8c54e208b160517a7dcc323161d","name":"roger.straessle","image":{"@type":"ImageObject","inLanguage":"fr-FR","@id":"https:\/\/secure.gravatar.com\/avatar\/?s=96&d=mm&r=g","url":"https:\/\/secure.gravatar.com\/avatar\/?s=96&d=mm&r=g","contentUrl":"https:\/\/secure.gravatar.com\/avatar\/?s=96&d=mm&r=g","caption":"roger.straessle"},"url":"https:\/\/www.organisator.ch\/fr\/author\/roger-straessle\/"}]}},"_links":{"self":[{"href":"https:\/\/www.organisator.ch\/fr\/wp-json\/wp\/v2\/posts\/10266","targetHints":{"allow":["GET"]}}],"collection":[{"href":"https:\/\/www.organisator.ch\/fr\/wp-json\/wp\/v2\/posts"}],"about":[{"href":"https:\/\/www.organisator.ch\/fr\/wp-json\/wp\/v2\/types\/post"}],"author":[{"embeddable":true,"href":"https:\/\/www.organisator.ch\/fr\/wp-json\/wp\/v2\/users\/6"}],"replies":[{"embeddable":true,"href":"https:\/\/www.organisator.ch\/fr\/wp-json\/wp\/v2\/comments?post=10266"}],"version-history":[{"count":1,"href":"https:\/\/www.organisator.ch\/fr\/wp-json\/wp\/v2\/posts\/10266\/revisions"}],"predecessor-version":[{"id":10371,"href":"https:\/\/www.organisator.ch\/fr\/wp-json\/wp\/v2\/posts\/10266\/revisions\/10371"}],"wp:featuredmedia":[{"embeddable":true,"href":"https:\/\/www.organisator.ch\/fr\/wp-json\/wp\/v2\/media\/4042"}],"wp:attachment":[{"href":"https:\/\/www.organisator.ch\/fr\/wp-json\/wp\/v2\/media?parent=10266"}],"wp:term":[{"taxonomy":"category","embeddable":true,"href":"https:\/\/www.organisator.ch\/fr\/wp-json\/wp\/v2\/categories?post=10266"},{"taxonomy":"post_tag","embeddable":true,"href":"https:\/\/www.organisator.ch\/fr\/wp-json\/wp\/v2\/tags?post=10266"}],"curies":[{"name":"wp","href":"https:\/\/api.w.org\/{rel}","templated":true}]}}