{"id":10267,"date":"2021-04-07T17:39:07","date_gmt":"2021-04-07T15:39:07","guid":{"rendered":"https:\/\/www.umweltperspektiven.ch\/?p=4044"},"modified":"2022-02-09T11:06:09","modified_gmt":"2022-02-09T10:06:09","slug":"breite-akzeptanz-fuer-energiewende","status":"publish","type":"post","link":"https:\/\/www.organisator.ch\/fr\/sustainability\/2021-04-07\/breite-akzeptanz-fuer-energiewende\/","title":{"rendered":"Une large acceptation de la transition \u00e9nerg\u00e9tique"},"content":{"rendered":"<figure id=\"attachment_4045\" aria-describedby=\"caption-attachment-4045\" style=\"width: 436px\" class=\"wp-caption alignleft\"><img loading=\"lazy\" decoding=\"async\" class=\"wp-image-4045\" src=\"\/\/www.umweltperspektiven.ch\/wp-content\/uploads\/2021\/04\/energiewende.jpg\" alt=\"Tournant \u00e9nerg\u00e9tique\" width=\"436\" height=\"336\" srcset=\"https:\/\/www.organisator.ch\/wp-content\/uploads\/2021\/04\/energiewende.jpg 662w, https:\/\/www.organisator.ch\/wp-content\/uploads\/2021\/04\/energiewende-16x12.jpg 16w, https:\/\/www.organisator.ch\/wp-content\/uploads\/2021\/04\/energiewende-227x175.jpg 227w, https:\/\/www.organisator.ch\/wp-content\/uploads\/2021\/04\/energiewende-454x350.jpg 454w, https:\/\/www.organisator.ch\/wp-content\/uploads\/2021\/04\/energiewende-300x231.jpg 300w\" sizes=\"auto, (max-width: 436px) 100vw, 436px\" \/><figcaption id=\"caption-attachment-4045\" class=\"wp-caption-text\">Oui (79%), plut\u00f4t oui (17%), plut\u00f4t non (2%), non (1%), ne sait pas \/ pas de r\u00e9ponse (1%). \u00a9 SES<\/figcaption><\/figure>\n<p>Un sondage repr\u00e9sentatif de la population, r\u00e9alis\u00e9 par gfs-z\u00fcrich en novembre 2020 aupr\u00e8s de plus de mille personnes, fournit des informations impressionnantes sur l'acceptation du tournant \u00e9nerg\u00e9tique en Suisse : 96% des personnes interrog\u00e9es approuvent l'objectif de couvrir \u00e0 l'avenir les besoins en \u00e9lectricit\u00e9 par des \u00e9nergies renouvelables (<a href=\"\/\/energiestiftung.us13.list-manage.com\/track\/click?u=d1ad6c3b7dc6d759ffbd1b2cc&amp;id=9d73998168&amp;e=ac8f50b0ff\">Diagramme 1<\/a>). 89,5 % sont d'avis que les \u00e9nergies renouvelables doivent \u00eatre produites dans le pays (<a href=\"\/\/energiestiftung.us13.list-manage.com\/track\/click?u=d1ad6c3b7dc6d759ffbd1b2cc&amp;id=4c1661b16a&amp;e=ac8f50b0ff\">Diagramme 2<\/a>). 93 % sont d'avis que l'\u00e9lectricit\u00e9 doit \u00eatre produite en tenant compte de la protection de la nature (<a href=\"\/\/energiestiftung.us13.list-manage.com\/track\/click?u=d1ad6c3b7dc6d759ffbd1b2cc&amp;id=b363e69fa6&amp;e=ac8f50b0ff\">Diagramme 3<\/a>). En revanche, le fait que l'\u00e9lectricit\u00e9 provienne de sources bon march\u00e9 n'est un objectif souhaitable \"que\" pour 65,5 % (<a href=\"\/\/energiestiftung.us13.list-manage.com\/track\/click?u=d1ad6c3b7dc6d759ffbd1b2cc&amp;id=1873c02a11&amp;e=ac8f50b0ff\">Diagramme 4<\/a>).<\/p>\n<p>Les partisans du tournant \u00e9nerg\u00e9tique font pression pour une mise en \u0153uvre rapide. A la question de savoir d'ici combien d'ann\u00e9es l'approvisionnement en \u00e9lectricit\u00e9 devrait \u00eatre renouvelable, les personnes interrog\u00e9es ont r\u00e9pondu en moyenne (m\u00e9diane) 18 ans (<a href=\"\/\/energiestiftung.us13.list-manage.com\/track\/click?u=d1ad6c3b7dc6d759ffbd1b2cc&amp;id=0beab84422&amp;e=ac8f50b0ff\">Diagramme 5<\/a>), ce qui correspond \u00e0 un horizon de 2038. En ce qui concerne un approvisionnement en \u00e9lectricit\u00e9 bas\u00e9 sur les \u00e9nergies indig\u00e8nes, la m\u00e9diane se situe \u00e0 15 ans, soit \u00e0 l'horizon 2035 (<a href=\"\/\/energiestiftung.us13.list-manage.com\/track\/click?u=d1ad6c3b7dc6d759ffbd1b2cc&amp;id=44317b5414&amp;e=ac8f50b0ff\">Diagramme 6<\/a>).<\/p>\n<p><strong>Des co\u00fbts suppl\u00e9mentaires sont accept\u00e9s<\/strong><\/p>\n<p>La majorit\u00e9 des personnes interrog\u00e9es est d'avis qu'un approvisionnement \u00e9nerg\u00e9tique durable doit aussi avoir un co\u00fbt. Aujourd'hui, un m\u00e9nage moyen de quatre personnes paie 40 CHF par an pour le d\u00e9veloppement des \u00e9nergies renouvelables via le suppl\u00e9ment r\u00e9seau. 78 % seraient pr\u00eats \u00e0 payer davantage pour faire avancer le d\u00e9veloppement des \u00e9nergies renouvelables indig\u00e8nes (<a href=\"\/\/energiestiftung.us13.list-manage.com\/track\/click?u=d1ad6c3b7dc6d759ffbd1b2cc&amp;id=b5939fe7b4&amp;e=ac8f50b0ff\">Diagramme 7<\/a>). L'enqu\u00eate n'a pas r\u00e9v\u00e9l\u00e9 de diff\u00e9rences significatives en ce qui concerne la classe de revenus. Cela signifie que toutes les couches sociales sont pr\u00eates \u00e0 soutenir financi\u00e8rement le tournant \u00e9nerg\u00e9tique. Dans l'ensemble, les personnes interrog\u00e9es sont pr\u00eates \u00e0 payer 95 francs de plus par an (<a href=\"\/\/energiestiftung.us13.list-manage.com\/track\/click?u=d1ad6c3b7dc6d759ffbd1b2cc&amp;id=312e5f6b46&amp;e=ac8f50b0ff\">Diagramme 8<\/a>).<\/p>\n<p><strong>La politique doit cr\u00e9er le cadre n\u00e9cessaire<\/strong><\/p>\n<p>L'enqu\u00eate montre que le tournant \u00e9nerg\u00e9tique est tr\u00e8s bien accept\u00e9 par la population suisse, \u00e9crit l'organisation. <strong>Fondation suisse de l'\u00e9nergie (<\/strong>SES) dans son communiqu\u00e9 de presse. \"L'approvisionnement en \u00e9lectricit\u00e9 doit \u00eatre indig\u00e8ne, renouvelable et bon march\u00e9, et doit en outre tenir compte de la protection de la nature\", r\u00e9sume Felix Nipkow, responsable du domaine des \u00e9nergies renouvelables \u00e0 la SES. Selon lui, les politiques doivent maintenant d\u00e9finir le cadre l\u00e9gal appropri\u00e9, ce qui sera fait avec la r\u00e9vision de la loi sur l'\u00e9nergie (\"<a href=\"\/\/energiestiftung.us13.list-manage.com\/track\/click?u=d1ad6c3b7dc6d759ffbd1b2cc&amp;id=8d1d0f359e&amp;e=ac8f50b0ff\">Loi f\u00e9d\u00e9rale sur la s\u00e9curit\u00e9 de l'approvisionnement en \u00e9lectricit\u00e9 gr\u00e2ce aux \u00e9nergies renouvelables<\/a>\") sera possible cette ann\u00e9e. Les technologies existent, le photovolta\u00efque en particulier remplit toutes ces conditions et poss\u00e8de en outre le potentiel n\u00e9cessaire en Suisse. \"L'enqu\u00eate montre que la population veut un tournant \u00e9nerg\u00e9tique rapide et qu'elle est pr\u00eate \u00e0 investir pour cela\", poursuit Nipkow. \"Les hommes et femmes politiques devraient prendre ce signal au s\u00e9rieux\". <em>Communiqu\u00e9 de presse SES<\/em><\/p>\n<p><em>L'enqu\u00eate a \u00e9t\u00e9 r\u00e9alis\u00e9e pour le compte de la Fondation suisse de l'\u00e9nergie SES (<a href=\"\/\/energiestiftung.ch\/files\/energiestiftung\/fliesstextbilder\/Studien\/2020%20gfs%20Umfrage%20Akzeptanz\/Faktenblatt_Gfs_Umfrage_2020_def.pdf\">voir le d\u00e9tail des diagrammes<\/a>).<\/em><\/p>\n<p>&nbsp;<\/p>\n<p><strong><em>Autres contributions sur le sujet :<\/em><\/strong><\/p>\n<p><em><a href=\"\/\/www.umweltperspektiven.ch\/trendmonitor-zeigt-auf-klimafreundliche-heizsysteme\/\">Le Trendmonitor pointe du doigt les syst\u00e8mes de chauffage respectueux du climat<\/a><\/em><\/p>\n<p><a href=\"\/\/www.umweltperspektiven.ch\/netto-null-ziel-erfordert-einschneidende-massnahmen\/\"><em>L'objectif z\u00e9ro net exige des mesures radicales<\/em><\/a><\/p>","protected":false},"excerpt":{"rendered":"<p>Eine repr\u00e4sentative Bev\u00f6lkerungsumfrage, welche gfs-z\u00fcrich im November 2020 bei \u00fcber tausend Personen durchgef\u00fchrt hat, liefert eindr\u00fcckliche Erkenntnisse zur Akzeptanz der Energiewende in der Schweiz: 96 Prozent der Befragten bef\u00fcrworten das Ziel, den Strombedarf zuk\u00fcnftig mit erneuerbaren Energien zu decken (Diagramm 1). 89,5 Prozent sind der Meinung, die erneuerbaren Energien sollen im Inland produziert werden (Diagramm [&hellip;]<\/p>\n","protected":false},"author":6,"featured_media":4045,"comment_status":"closed","ping_status":"closed","sticky":false,"template":"","format":"standard","meta":{"_acf_changed":false,"_yoast_wpseo_focuskw":"Energiewende","_yoast_wpseo_metadesc":"","articlekey":"","footnotes":""},"categories":[580],"tags":[1095,1908,2088,2121,487],"class_list":["post-10267","post","type-post","status-publish","format-standard","has-post-thumbnail","hentry","category-sustainability","tag-energiewende","tag-photovoltaik","tag-schweizerische-energie-stiftung-ses","tag-sichere-stromversorgung","tag-umfrage"],"acf":[],"yoast_head":"<!-- This site is optimized with the Yoast SEO plugin v27.4 - https:\/\/yoast.com\/product\/yoast-seo-wordpress\/ -->\n<title>Breite Akzeptanz f\u00fcr Energiewende - Organisator<\/title>\n<meta name=\"robots\" content=\"index, follow, max-snippet:-1, max-image-preview:large, max-video-preview:-1\" \/>\n<link rel=\"canonical\" href=\"https:\/\/www.organisator.ch\/fr\/sustainability\/2021-04-07\/breite-akzeptanz-fuer-energiewende\/\" \/>\n<meta property=\"og:locale\" content=\"fr_FR\" \/>\n<meta property=\"og:type\" content=\"article\" \/>\n<meta property=\"og:title\" content=\"Breite Akzeptanz f\u00fcr Energiewende - Organisator\" \/>\n<meta property=\"og:description\" content=\"Eine repr\u00e4sentative Bev\u00f6lkerungsumfrage, welche gfs-z\u00fcrich im November 2020 bei \u00fcber tausend Personen durchgef\u00fchrt hat, liefert eindr\u00fcckliche Erkenntnisse zur Akzeptanz der Energiewende in der Schweiz: 96 Prozent der Befragten bef\u00fcrworten das Ziel, den Strombedarf zuk\u00fcnftig mit erneuerbaren Energien zu decken (Diagramm 1). 89,5 Prozent sind der Meinung, die erneuerbaren Energien sollen im Inland produziert werden (Diagramm [&hellip;]\" \/>\n<meta property=\"og:url\" content=\"https:\/\/www.organisator.ch\/fr\/sustainability\/2021-04-07\/breite-akzeptanz-fuer-energiewende\/\" \/>\n<meta property=\"og:site_name\" content=\"Organisator\" \/>\n<meta property=\"article:publisher\" content=\"https:\/\/www.facebook.com\/OrganisatorFachmagazin\" \/>\n<meta property=\"article:published_time\" content=\"2021-04-07T15:39:07+00:00\" \/>\n<meta property=\"article:modified_time\" content=\"2022-02-09T10:06:09+00:00\" \/>\n<meta property=\"og:image\" content=\"https:\/\/www.organisator.ch\/wp-content\/uploads\/2021\/04\/energiewende.jpg\" \/>\n\t<meta property=\"og:image:width\" content=\"662\" \/>\n\t<meta property=\"og:image:height\" content=\"510\" \/>\n\t<meta property=\"og:image:type\" content=\"image\/jpeg\" \/>\n<meta name=\"author\" content=\"roger.straessle\" \/>\n<meta name=\"twitter:card\" content=\"summary_large_image\" \/>\n<script type=\"application\/ld+json\" class=\"yoast-schema-graph\">{\"@context\":\"https:\\\/\\\/schema.org\",\"@graph\":[{\"@type\":\"Article\",\"@id\":\"https:\\\/\\\/www.organisator.ch\\\/sustainability\\\/2021-04-07\\\/breite-akzeptanz-fuer-energiewende\\\/#article\",\"isPartOf\":{\"@id\":\"https:\\\/\\\/www.organisator.ch\\\/sustainability\\\/2021-04-07\\\/breite-akzeptanz-fuer-energiewende\\\/\"},\"author\":{\"name\":\"roger.straessle\",\"@id\":\"https:\\\/\\\/www.organisator.ch\\\/#\\\/schema\\\/person\\\/a800b8c54e208b160517a7dcc323161d\"},\"headline\":\"Breite Akzeptanz f\u00fcr Energiewende\",\"datePublished\":\"2021-04-07T15:39:07+00:00\",\"dateModified\":\"2022-02-09T10:06:09+00:00\",\"mainEntityOfPage\":{\"@id\":\"https:\\\/\\\/www.organisator.ch\\\/sustainability\\\/2021-04-07\\\/breite-akzeptanz-fuer-energiewende\\\/\"},\"wordCount\":445,\"publisher\":{\"@id\":\"https:\\\/\\\/www.organisator.ch\\\/#organization\"},\"image\":{\"@id\":\"https:\\\/\\\/www.organisator.ch\\\/sustainability\\\/2021-04-07\\\/breite-akzeptanz-fuer-energiewende\\\/#primaryimage\"},\"thumbnailUrl\":\"https:\\\/\\\/www.organisator.ch\\\/wp-content\\\/uploads\\\/2021\\\/04\\\/energiewende.jpg\",\"keywords\":[\"Energiewende\",\"Photovoltaik\",\"Schweizerische Energie-Stiftung SES\",\"sichere Stromversorgung\",\"Umfrage\"],\"articleSection\":[\"SUSTAINABILITY\"],\"inLanguage\":\"fr-FR\"},{\"@type\":\"WebPage\",\"@id\":\"https:\\\/\\\/www.organisator.ch\\\/sustainability\\\/2021-04-07\\\/breite-akzeptanz-fuer-energiewende\\\/\",\"url\":\"https:\\\/\\\/www.organisator.ch\\\/sustainability\\\/2021-04-07\\\/breite-akzeptanz-fuer-energiewende\\\/\",\"name\":\"Breite Akzeptanz f\u00fcr Energiewende - Organisator\",\"isPartOf\":{\"@id\":\"https:\\\/\\\/www.organisator.ch\\\/#website\"},\"primaryImageOfPage\":{\"@id\":\"https:\\\/\\\/www.organisator.ch\\\/sustainability\\\/2021-04-07\\\/breite-akzeptanz-fuer-energiewende\\\/#primaryimage\"},\"image\":{\"@id\":\"https:\\\/\\\/www.organisator.ch\\\/sustainability\\\/2021-04-07\\\/breite-akzeptanz-fuer-energiewende\\\/#primaryimage\"},\"thumbnailUrl\":\"https:\\\/\\\/www.organisator.ch\\\/wp-content\\\/uploads\\\/2021\\\/04\\\/energiewende.jpg\",\"datePublished\":\"2021-04-07T15:39:07+00:00\",\"dateModified\":\"2022-02-09T10:06:09+00:00\",\"breadcrumb\":{\"@id\":\"https:\\\/\\\/www.organisator.ch\\\/sustainability\\\/2021-04-07\\\/breite-akzeptanz-fuer-energiewende\\\/#breadcrumb\"},\"inLanguage\":\"fr-FR\",\"potentialAction\":[{\"@type\":\"ReadAction\",\"target\":[\"https:\\\/\\\/www.organisator.ch\\\/sustainability\\\/2021-04-07\\\/breite-akzeptanz-fuer-energiewende\\\/\"]}]},{\"@type\":\"ImageObject\",\"inLanguage\":\"fr-FR\",\"@id\":\"https:\\\/\\\/www.organisator.ch\\\/sustainability\\\/2021-04-07\\\/breite-akzeptanz-fuer-energiewende\\\/#primaryimage\",\"url\":\"https:\\\/\\\/www.organisator.ch\\\/wp-content\\\/uploads\\\/2021\\\/04\\\/energiewende.jpg\",\"contentUrl\":\"https:\\\/\\\/www.organisator.ch\\\/wp-content\\\/uploads\\\/2021\\\/04\\\/energiewende.jpg\",\"width\":662,\"height\":510,\"caption\":\"Ja (79%), eher Ja (17%), eher Nein (2%), Nein (1%), weiss nicht \\\/ keine Antwort (1%). \u00a9 SES\"},{\"@type\":\"BreadcrumbList\",\"@id\":\"https:\\\/\\\/www.organisator.ch\\\/sustainability\\\/2021-04-07\\\/breite-akzeptanz-fuer-energiewende\\\/#breadcrumb\",\"itemListElement\":[{\"@type\":\"ListItem\",\"position\":1,\"name\":\"Home\",\"item\":\"https:\\\/\\\/www.organisator.ch\\\/\"},{\"@type\":\"ListItem\",\"position\":2,\"name\":\"Breite Akzeptanz f\u00fcr Energiewende\"}]},{\"@type\":\"WebSite\",\"@id\":\"https:\\\/\\\/www.organisator.ch\\\/#website\",\"url\":\"https:\\\/\\\/www.organisator.ch\\\/\",\"name\":\"Organisator\",\"description\":\"Kompetent. Praxisnah. Der ORGANISATOR bereitet in 10 Ausgaben pro Jahr die wesentlichen Themen f\u00fcr F\u00fchrungskr\u00e4fte von KMU auf.\",\"publisher\":{\"@id\":\"https:\\\/\\\/www.organisator.ch\\\/#organization\"},\"potentialAction\":[{\"@type\":\"SearchAction\",\"target\":{\"@type\":\"EntryPoint\",\"urlTemplate\":\"https:\\\/\\\/www.organisator.ch\\\/?s={search_term_string}\"},\"query-input\":{\"@type\":\"PropertyValueSpecification\",\"valueRequired\":true,\"valueName\":\"search_term_string\"}}],\"inLanguage\":\"fr-FR\"},{\"@type\":\"Organization\",\"@id\":\"https:\\\/\\\/www.organisator.ch\\\/#organization\",\"name\":\"Organisator\",\"url\":\"https:\\\/\\\/www.organisator.ch\\\/\",\"logo\":{\"@type\":\"ImageObject\",\"inLanguage\":\"fr-FR\",\"@id\":\"https:\\\/\\\/www.organisator.ch\\\/#\\\/schema\\\/logo\\\/image\\\/\",\"url\":\"https:\\\/\\\/www.organisator.ch\\\/wp-content\\\/uploads\\\/2022\\\/01\\\/Logo_Organisator_Website.png\",\"contentUrl\":\"https:\\\/\\\/www.organisator.ch\\\/wp-content\\\/uploads\\\/2022\\\/01\\\/Logo_Organisator_Website.png\",\"width\":800,\"height\":77,\"caption\":\"Organisator\"},\"image\":{\"@id\":\"https:\\\/\\\/www.organisator.ch\\\/#\\\/schema\\\/logo\\\/image\\\/\"},\"sameAs\":[\"https:\\\/\\\/www.facebook.com\\\/OrganisatorFachmagazin\",\"https:\\\/\\\/www.linkedin.com\\\/showcase\\\/organisator-das-magazin-fr-kmu\",\"https:\\\/\\\/www.xing.com\\\/news\\\/pages\\\/organisator-ch-695\",\"https:\\\/\\\/www.youtube.com\\\/channel\\\/UCGP2Sq0iWaZwT3BdIAQFYpw\"]},{\"@type\":\"Person\",\"@id\":\"https:\\\/\\\/www.organisator.ch\\\/#\\\/schema\\\/person\\\/a800b8c54e208b160517a7dcc323161d\",\"name\":\"roger.straessle\",\"image\":{\"@type\":\"ImageObject\",\"inLanguage\":\"fr-FR\",\"@id\":\"https:\\\/\\\/secure.gravatar.com\\\/avatar\\\/?s=96&d=mm&r=g\",\"url\":\"https:\\\/\\\/secure.gravatar.com\\\/avatar\\\/?s=96&d=mm&r=g\",\"contentUrl\":\"https:\\\/\\\/secure.gravatar.com\\\/avatar\\\/?s=96&d=mm&r=g\",\"caption\":\"roger.straessle\"},\"url\":\"https:\\\/\\\/www.organisator.ch\\\/fr\\\/author\\\/roger-straessle\\\/\"}]}<\/script>\n<!-- \/ Yoast SEO plugin. -->","yoast_head_json":{"title":"Large acceptation de la transition \u00e9nerg\u00e9tique - Organisateur","robots":{"index":"index","follow":"follow","max-snippet":"max-snippet:-1","max-image-preview":"max-image-preview:large","max-video-preview":"max-video-preview:-1"},"canonical":"https:\/\/www.organisator.ch\/fr\/sustainability\/2021-04-07\/breite-akzeptanz-fuer-energiewende\/","og_locale":"fr_FR","og_type":"article","og_title":"Breite Akzeptanz f\u00fcr Energiewende - Organisator","og_description":"Eine repr\u00e4sentative Bev\u00f6lkerungsumfrage, welche gfs-z\u00fcrich im November 2020 bei \u00fcber tausend Personen durchgef\u00fchrt hat, liefert eindr\u00fcckliche Erkenntnisse zur Akzeptanz der Energiewende in der Schweiz: 96 Prozent der Befragten bef\u00fcrworten das Ziel, den Strombedarf zuk\u00fcnftig mit erneuerbaren Energien zu decken (Diagramm 1). 89,5 Prozent sind der Meinung, die erneuerbaren Energien sollen im Inland produziert werden (Diagramm [&hellip;]","og_url":"https:\/\/www.organisator.ch\/fr\/sustainability\/2021-04-07\/breite-akzeptanz-fuer-energiewende\/","og_site_name":"Organisator","article_publisher":"https:\/\/www.facebook.com\/OrganisatorFachmagazin","article_published_time":"2021-04-07T15:39:07+00:00","article_modified_time":"2022-02-09T10:06:09+00:00","og_image":[{"width":662,"height":510,"url":"https:\/\/www.organisator.ch\/wp-content\/uploads\/2021\/04\/energiewende.jpg","type":"image\/jpeg"}],"author":"roger.straessle","twitter_card":"summary_large_image","schema":{"@context":"https:\/\/schema.org","@graph":[{"@type":"Article","@id":"https:\/\/www.organisator.ch\/sustainability\/2021-04-07\/breite-akzeptanz-fuer-energiewende\/#article","isPartOf":{"@id":"https:\/\/www.organisator.ch\/sustainability\/2021-04-07\/breite-akzeptanz-fuer-energiewende\/"},"author":{"name":"roger.straessle","@id":"https:\/\/www.organisator.ch\/#\/schema\/person\/a800b8c54e208b160517a7dcc323161d"},"headline":"Breite Akzeptanz f\u00fcr Energiewende","datePublished":"2021-04-07T15:39:07+00:00","dateModified":"2022-02-09T10:06:09+00:00","mainEntityOfPage":{"@id":"https:\/\/www.organisator.ch\/sustainability\/2021-04-07\/breite-akzeptanz-fuer-energiewende\/"},"wordCount":445,"publisher":{"@id":"https:\/\/www.organisator.ch\/#organization"},"image":{"@id":"https:\/\/www.organisator.ch\/sustainability\/2021-04-07\/breite-akzeptanz-fuer-energiewende\/#primaryimage"},"thumbnailUrl":"https:\/\/www.organisator.ch\/wp-content\/uploads\/2021\/04\/energiewende.jpg","keywords":["Energiewende","Photovoltaik","Schweizerische Energie-Stiftung SES","sichere Stromversorgung","Umfrage"],"articleSection":["SUSTAINABILITY"],"inLanguage":"fr-FR"},{"@type":"WebPage","@id":"https:\/\/www.organisator.ch\/sustainability\/2021-04-07\/breite-akzeptanz-fuer-energiewende\/","url":"https:\/\/www.organisator.ch\/sustainability\/2021-04-07\/breite-akzeptanz-fuer-energiewende\/","name":"Large acceptation de la transition \u00e9nerg\u00e9tique - Organisateur","isPartOf":{"@id":"https:\/\/www.organisator.ch\/#website"},"primaryImageOfPage":{"@id":"https:\/\/www.organisator.ch\/sustainability\/2021-04-07\/breite-akzeptanz-fuer-energiewende\/#primaryimage"},"image":{"@id":"https:\/\/www.organisator.ch\/sustainability\/2021-04-07\/breite-akzeptanz-fuer-energiewende\/#primaryimage"},"thumbnailUrl":"https:\/\/www.organisator.ch\/wp-content\/uploads\/2021\/04\/energiewende.jpg","datePublished":"2021-04-07T15:39:07+00:00","dateModified":"2022-02-09T10:06:09+00:00","breadcrumb":{"@id":"https:\/\/www.organisator.ch\/sustainability\/2021-04-07\/breite-akzeptanz-fuer-energiewende\/#breadcrumb"},"inLanguage":"fr-FR","potentialAction":[{"@type":"ReadAction","target":["https:\/\/www.organisator.ch\/sustainability\/2021-04-07\/breite-akzeptanz-fuer-energiewende\/"]}]},{"@type":"ImageObject","inLanguage":"fr-FR","@id":"https:\/\/www.organisator.ch\/sustainability\/2021-04-07\/breite-akzeptanz-fuer-energiewende\/#primaryimage","url":"https:\/\/www.organisator.ch\/wp-content\/uploads\/2021\/04\/energiewende.jpg","contentUrl":"https:\/\/www.organisator.ch\/wp-content\/uploads\/2021\/04\/energiewende.jpg","width":662,"height":510,"caption":"Ja (79%), eher Ja (17%), eher Nein (2%), Nein (1%), weiss nicht \/ keine Antwort (1%). \u00a9 SES"},{"@type":"BreadcrumbList","@id":"https:\/\/www.organisator.ch\/sustainability\/2021-04-07\/breite-akzeptanz-fuer-energiewende\/#breadcrumb","itemListElement":[{"@type":"ListItem","position":1,"name":"Home","item":"https:\/\/www.organisator.ch\/"},{"@type":"ListItem","position":2,"name":"Breite Akzeptanz f\u00fcr Energiewende"}]},{"@type":"WebSite","@id":"https:\/\/www.organisator.ch\/#website","url":"https:\/\/www.organisator.ch\/","name":"Organisateur","description":"Comp\u00e9tence et comp\u00e9tence. Proches de la pratique. L'ORGANISATEUR pr\u00e9pare 10 num\u00e9ros par an sur les th\u00e8mes essentiels pour les dirigeants de PME.","publisher":{"@id":"https:\/\/www.organisator.ch\/#organization"},"potentialAction":[{"@type":"SearchAction","target":{"@type":"EntryPoint","urlTemplate":"https:\/\/www.organisator.ch\/?s={search_term_string}"},"query-input":{"@type":"PropertyValueSpecification","valueRequired":true,"valueName":"search_term_string"}}],"inLanguage":"fr-FR"},{"@type":"Organization","@id":"https:\/\/www.organisator.ch\/#organization","name":"Organisateur","url":"https:\/\/www.organisator.ch\/","logo":{"@type":"ImageObject","inLanguage":"fr-FR","@id":"https:\/\/www.organisator.ch\/#\/schema\/logo\/image\/","url":"https:\/\/www.organisator.ch\/wp-content\/uploads\/2022\/01\/Logo_Organisator_Website.png","contentUrl":"https:\/\/www.organisator.ch\/wp-content\/uploads\/2022\/01\/Logo_Organisator_Website.png","width":800,"height":77,"caption":"Organisator"},"image":{"@id":"https:\/\/www.organisator.ch\/#\/schema\/logo\/image\/"},"sameAs":["https:\/\/www.facebook.com\/OrganisatorFachmagazin","https:\/\/www.linkedin.com\/showcase\/organisator-das-magazin-fr-kmu","https:\/\/www.xing.com\/news\/pages\/organisator-ch-695","https:\/\/www.youtube.com\/channel\/UCGP2Sq0iWaZwT3BdIAQFYpw"]},{"@type":"Person","@id":"https:\/\/www.organisator.ch\/#\/schema\/person\/a800b8c54e208b160517a7dcc323161d","name":"roger.straessle","image":{"@type":"ImageObject","inLanguage":"fr-FR","@id":"https:\/\/secure.gravatar.com\/avatar\/?s=96&d=mm&r=g","url":"https:\/\/secure.gravatar.com\/avatar\/?s=96&d=mm&r=g","contentUrl":"https:\/\/secure.gravatar.com\/avatar\/?s=96&d=mm&r=g","caption":"roger.straessle"},"url":"https:\/\/www.organisator.ch\/fr\/author\/roger-straessle\/"}]}},"_links":{"self":[{"href":"https:\/\/www.organisator.ch\/fr\/wp-json\/wp\/v2\/posts\/10267","targetHints":{"allow":["GET"]}}],"collection":[{"href":"https:\/\/www.organisator.ch\/fr\/wp-json\/wp\/v2\/posts"}],"about":[{"href":"https:\/\/www.organisator.ch\/fr\/wp-json\/wp\/v2\/types\/post"}],"author":[{"embeddable":true,"href":"https:\/\/www.organisator.ch\/fr\/wp-json\/wp\/v2\/users\/6"}],"replies":[{"embeddable":true,"href":"https:\/\/www.organisator.ch\/fr\/wp-json\/wp\/v2\/comments?post=10267"}],"version-history":[{"count":1,"href":"https:\/\/www.organisator.ch\/fr\/wp-json\/wp\/v2\/posts\/10267\/revisions"}],"predecessor-version":[{"id":10487,"href":"https:\/\/www.organisator.ch\/fr\/wp-json\/wp\/v2\/posts\/10267\/revisions\/10487"}],"wp:featuredmedia":[{"embeddable":true,"href":"https:\/\/www.organisator.ch\/fr\/wp-json\/wp\/v2\/media\/4045"}],"wp:attachment":[{"href":"https:\/\/www.organisator.ch\/fr\/wp-json\/wp\/v2\/media?parent=10267"}],"wp:term":[{"taxonomy":"category","embeddable":true,"href":"https:\/\/www.organisator.ch\/fr\/wp-json\/wp\/v2\/categories?post=10267"},{"taxonomy":"post_tag","embeddable":true,"href":"https:\/\/www.organisator.ch\/fr\/wp-json\/wp\/v2\/tags?post=10267"}],"curies":[{"name":"wp","href":"https:\/\/api.w.org\/{rel}","templated":true}]}}