{"id":10268,"date":"2021-04-13T06:59:15","date_gmt":"2021-04-13T04:59:15","guid":{"rendered":"https:\/\/www.umweltperspektiven.ch\/?p=4089"},"modified":"2022-02-09T11:06:46","modified_gmt":"2022-02-09T10:06:46","slug":"schweiz-erreicht-klimaziel-nicht","status":"publish","type":"post","link":"https:\/\/www.organisator.ch\/fr\/sustainability\/2021-04-13\/schweiz-erreicht-klimaziel-nicht\/","title":{"rendered":"La Suisse n'atteint pas son objectif climatique"},"content":{"rendered":"<figure id=\"attachment_4091\" aria-describedby=\"caption-attachment-4091\" style=\"width: 680px\" class=\"wp-caption aligncenter\"><img loading=\"lazy\" decoding=\"async\" class=\"wp-image-4091 size-medium\" src=\"\/\/www.umweltperspektiven.ch\/wp-content\/uploads\/2021\/04\/Depositphotos_259018742_s-2019-1.jpg\" alt=\"Inventaire des gaz \u00e0 effet de serre\" width=\"680\" height=\"510\" srcset=\"https:\/\/www.organisator.ch\/wp-content\/uploads\/2021\/04\/Depositphotos_259018742_s-2019-1.jpg 1000w, https:\/\/www.organisator.ch\/wp-content\/uploads\/2021\/04\/Depositphotos_259018742_s-2019-1-680x510.jpg 680w, https:\/\/www.organisator.ch\/wp-content\/uploads\/2021\/04\/Depositphotos_259018742_s-2019-1-768x576.jpg 768w, https:\/\/www.organisator.ch\/wp-content\/uploads\/2021\/04\/Depositphotos_259018742_s-2019-1-16x12.jpg 16w, https:\/\/www.organisator.ch\/wp-content\/uploads\/2021\/04\/Depositphotos_259018742_s-2019-1-233x175.jpg 233w, https:\/\/www.organisator.ch\/wp-content\/uploads\/2021\/04\/Depositphotos_259018742_s-2019-1-467x350.jpg 467w, https:\/\/www.organisator.ch\/wp-content\/uploads\/2021\/04\/Depositphotos_259018742_s-2019-1-920x690.jpg 920w, https:\/\/www.organisator.ch\/wp-content\/uploads\/2021\/04\/Depositphotos_259018742_s-2019-1-300x225.jpg 300w\" sizes=\"auto, (max-width: 680px) 100vw, 680px\" \/><figcaption id=\"caption-attachment-4091\" class=\"wp-caption-text\">Quelle est la situation du secteur du b\u00e2timent en mati\u00e8re d'\u00e9missions de gaz \u00e0 effet de serre ? \u00a9 Depositphotos, YAYImages<\/figcaption><\/figure>\n<p>&nbsp;<\/p>\n<p>En 2019, les \u00e9missions de gaz \u00e0 effet de serre en Suisse se sont \u00e9lev\u00e9es \u00e0 46,2 millions de tonnes d'\u00e9quivalents CO2, soit environ 0,3 million de tonnes de moins qu'en 2018, selon l'inventaire des gaz \u00e0 effet de serre de l'Office f\u00e9d\u00e9ral de l'environnement (OFEV). Les \u00e9missions ont ainsi \u00e9t\u00e9 inf\u00e9rieures de 14% \u00e0 celles de l'ann\u00e9e de r\u00e9f\u00e9rence 1990.<\/p>\n<p><strong>Secteur du b\u00e2timent : 34% d'\u00e9missions en moins par rapport \u00e0 1990<\/strong><\/p>\n<p>En 2019, les \u00e9missions de gaz \u00e0 effet de serre du secteur du b\u00e2timent se sont \u00e0 nouveau \u00e9lev\u00e9es \u00e0 11,2 millions de tonnes d'\u00e9quivalent CO2 (CO2-eq), soit une augmentation de 34 % par rapport \u00e0 1990. Elles \u00e9taient donc inf\u00e9rieures de 34% \u00e0 la valeur de l'ann\u00e9e de r\u00e9f\u00e9rence 1990. Le fait que les \u00e9missions soient rest\u00e9es identiques \u00e0 celles de 2018 malgr\u00e9 un hiver plus froid est principalement d\u00fb \u00e0 l'am\u00e9lioration de l'efficacit\u00e9 \u00e9nerg\u00e9tique des b\u00e2timents et au remplacement croissant des chauffages au fioul et au gaz par des pompes \u00e0 chaleur et des \u00e9nergies renouvelables. La forte influence des temp\u00e9ratures hivernales sur les \u00e9missions montre que le secteur du b\u00e2timent continue \u00e0 \u00eatre chauff\u00e9 dans une proportion importante par des combustibles fossiles. Si l'on exclut l'effet des conditions m\u00e9t\u00e9orologiques, on constate une diminution des \u00e9missions d'environ 0,3 million de tonnes par an pour ce secteur. Cette tendance est trop faible pour atteindre l'objectif de r\u00e9duction de 40 % d'ici 2020.<\/p>\n<p><strong>Secteur industriel : 14% d'\u00e9missions en moins par rapport \u00e0 1990<\/strong><\/p>\n<p>En 2019, l'industrie a \u00e9mis 11,2 millions de tonnes de CO2-eq, soit environ 14% de moins que l'ann\u00e9e de r\u00e9f\u00e9rence 1990. Les \u00e9missions sont donc rest\u00e9es inchang\u00e9es par rapport \u00e0 l'ann\u00e9e pr\u00e9c\u00e9dente. Les \u00e9missions du secteur industriel sont rest\u00e9es relativement stables ces derni\u00e8res ann\u00e9es. Si cette tendance se poursuit, l'objectif de r\u00e9duction de 15 pour cent d'ici 2020 ne sera pas atteint.<\/p>\n<p><strong>Secteur des transports : 1 % d'\u00e9missions en plus par rapport \u00e0 1990<\/strong><\/p>\n<p>En 2019, les \u00e9missions du secteur des transports s'\u00e9levaient, comme en 2018, \u00e0 environ 15 millions de tonnes de CO2-eq. Les \u00e9missions restent donc sup\u00e9rieures de 1 pour cent \u00e0 la valeur de l'ann\u00e9e de r\u00e9f\u00e9rence 1990. Ces derni\u00e8res ann\u00e9es, l'adjonction de biocarburants a certes augment\u00e9 ; elle a atteint en 2019 une part de pr\u00e8s de 4 pour cent des ventes totales de carburants. De m\u00eame, des v\u00e9hicules plus efficaces ont entra\u00een\u00e9 une baisse des \u00e9missions de CO2 par kilom\u00e8tre. Mais l'augmentation du nombre de kilom\u00e8tres parcourus annule ces effets positifs. Si la tendance se maintient, le secteur des transports n'atteindra pas l'objectif de moins 10 pour cent d'ici 2020.<\/p>\n<p><strong>Autres \u00e9missions : Agriculture et gaz synth\u00e9tiques \u00e0 effet de serre<\/strong><\/p>\n<p>Les \u00e9missions de l'agriculture ont l\u00e9g\u00e8rement diminu\u00e9 par rapport \u00e0 2018 et s'\u00e9l\u00e8vent \u00e0 environ 6,5 millions de tonnes de CO2-eq, soit environ 12% de moins que l'ann\u00e9e de r\u00e9f\u00e9rence 1990. Les \u00e9missions de gaz \u00e0 effet de serre synth\u00e9tiques, tels que les r\u00e9frig\u00e9rants, ont l\u00e9g\u00e8rement diminu\u00e9 par rapport \u00e0 2018 et s'\u00e9l\u00e8vent \u00e0 environ 1,6 million de tonnes en 2019. Depuis le 1er janvier 2019, le Protocole de Montr\u00e9al r\u00e9glemente 18 gaz \u00e0 effet de serre synth\u00e9tiques importants. Avec la mise en \u0153uvre du protocole - \u00e9galement par la Suisse - on s'attend \u00e0 un net recul des \u00e9missions de ces gaz. N\u00e9anmoins, la Suisse n'atteindra probablement pas la r\u00e9duction pr\u00e9vue des autres \u00e9missions d'environ 10 pour cent d'ici 2020 par rapport \u00e0 1990.<\/p>\n<p>En se basant sur l'inventaire des gaz \u00e0 effet de serre 2019, l'OFEV estime que la Suisse manquera globalement son objectif de r\u00e9duction selon la loi sur le CO2, \u00e0 savoir moins 20% d'\u00e9missions de gaz \u00e0 effet de serre d'ici 2020 par rapport \u00e0 1990. Pour r\u00e9duire sensiblement les \u00e9missions, il est indispensable de renforcer les mesures pr\u00e9vues par la loi r\u00e9vis\u00e9e sur le CO2.<\/p>\n<p><strong>Conclusion<\/strong><\/p>\n<p>Selon l'OFEV, la Suisse n'atteint pas son objectif climatique national pour 2020 de moins 20 pour cent d'\u00e9missions de gaz \u00e0 effet de serre par rapport \u00e0 1990. Pour r\u00e9duire sensiblement les \u00e9missions, il faut renforcer les mesures telles que le <a href=\"\/\/www.umweltperspektiven.ch\/was-das-revidierte-co2-gesetz-bewirken-will\/\">loi r\u00e9vis\u00e9e sur le CO2<\/a> est in\u00e9vitable.<\/p>\n<p><em>Source : Bafu<\/em><\/p>\n<p><em><a href=\"\/\/www.bafu.admin.ch\/bafu\/de\/home\/themen\/klima\/zustand\/daten\/treibhausgasinventar.html\">Inventaire des gaz \u00e0 effet de serre en Suisse<\/a><\/em><\/p>\n<p><a href=\"\/\/www.bafu.admin.ch\/bafu\/en\/home\/topics\/climate\/state\/data\/climate-reporting.html\"><em>Swiss climate reporting under the UNFCCC (disponible en anglais)<\/em><\/a><\/p>\n<p>&nbsp;<\/p>","protected":false},"excerpt":{"rendered":"<p>&nbsp; Die Treibhausgasemissionen in der Schweiz beliefen sich im Jahr 2019 auf 46,2 Millionen Tonnen CO2-\u00c4quivalente, rund 0,3 Millionen Tonnen weniger als 2018. Dies geht aus dem Treibhausgasinventar des Bundesamtes f\u00fcr Umwelt (Bafu) hervor. Die Emissionen lagen damit 14 Prozent tiefer als im Basisjahr 1990. Geb\u00e4udesektor: 34 Prozent weniger Emissionen als 1990 Die Treibhausgasemissionen des [&hellip;]<\/p>\n","protected":false},"author":6,"featured_media":4091,"comment_status":"closed","ping_status":"closed","sticky":false,"template":"","format":"standard","meta":{"_acf_changed":false,"_yoast_wpseo_focuskw":"Treibhausgasinventar","_yoast_wpseo_metadesc":"Das Bafu hat das Schweizer Treibhausgasinventar f\u00fcr die Jahre 1990\u20132019 am 12. April 2021 beim UNO-Klimasekretariat eingereicht.","articlekey":"","footnotes":""},"categories":[580],"tags":[762,886,597,1254,1403,1582,2327,2409,2457],"class_list":["post-10268","post","type-post","status-publish","format-standard","has-post-thumbnail","hentry","category-sustainability","tag-bafu","tag-bundesamt-fuer-umwelt","tag-co2-gesetz","tag-gebaeudesektor","tag-indsutriesektor","tag-kyoto-protokoll","tag-treibhausgasinventar","tag-uno-klimasekretariat","tag-verkehrssektor"],"acf":[],"yoast_head":"<!-- This site is optimized with the Yoast SEO plugin v27.4 - https:\/\/yoast.com\/product\/yoast-seo-wordpress\/ -->\n<title>Schweiz erreicht Klimaziel nicht - Organisator<\/title>\n<meta name=\"description\" content=\"Das Bafu hat das Schweizer Treibhausgasinventar f\u00fcr die Jahre 1990\u20132019 am 12. April 2021 beim UNO-Klimasekretariat eingereicht.\" \/>\n<meta name=\"robots\" content=\"index, follow, max-snippet:-1, max-image-preview:large, max-video-preview:-1\" \/>\n<link rel=\"canonical\" href=\"https:\/\/www.organisator.ch\/fr\/sustainability\/2021-04-13\/schweiz-erreicht-klimaziel-nicht\/\" \/>\n<meta property=\"og:locale\" content=\"fr_FR\" \/>\n<meta property=\"og:type\" content=\"article\" \/>\n<meta property=\"og:title\" content=\"Schweiz erreicht Klimaziel nicht - Organisator\" \/>\n<meta property=\"og:description\" content=\"Das Bafu hat das Schweizer Treibhausgasinventar f\u00fcr die Jahre 1990\u20132019 am 12. April 2021 beim UNO-Klimasekretariat eingereicht.\" \/>\n<meta property=\"og:url\" content=\"https:\/\/www.organisator.ch\/fr\/sustainability\/2021-04-13\/schweiz-erreicht-klimaziel-nicht\/\" \/>\n<meta property=\"og:site_name\" content=\"Organisator\" \/>\n<meta property=\"article:publisher\" content=\"https:\/\/www.facebook.com\/OrganisatorFachmagazin\" \/>\n<meta property=\"article:published_time\" content=\"2021-04-13T04:59:15+00:00\" \/>\n<meta property=\"article:modified_time\" content=\"2022-02-09T10:06:46+00:00\" \/>\n<meta property=\"og:image\" content=\"https:\/\/www.organisator.ch\/wp-content\/uploads\/2021\/04\/Depositphotos_259018742_s-2019-1.jpg\" \/>\n\t<meta property=\"og:image:width\" content=\"1000\" \/>\n\t<meta property=\"og:image:height\" content=\"750\" \/>\n\t<meta property=\"og:image:type\" content=\"image\/jpeg\" \/>\n<meta name=\"author\" content=\"roger.straessle\" \/>\n<meta name=\"twitter:card\" content=\"summary_large_image\" \/>\n<script type=\"application\/ld+json\" class=\"yoast-schema-graph\">{\"@context\":\"https:\\\/\\\/schema.org\",\"@graph\":[{\"@type\":\"Article\",\"@id\":\"https:\\\/\\\/www.organisator.ch\\\/sustainability\\\/2021-04-13\\\/schweiz-erreicht-klimaziel-nicht\\\/#article\",\"isPartOf\":{\"@id\":\"https:\\\/\\\/www.organisator.ch\\\/sustainability\\\/2021-04-13\\\/schweiz-erreicht-klimaziel-nicht\\\/\"},\"author\":{\"name\":\"roger.straessle\",\"@id\":\"https:\\\/\\\/www.organisator.ch\\\/#\\\/schema\\\/person\\\/a800b8c54e208b160517a7dcc323161d\"},\"headline\":\"Schweiz erreicht Klimaziel nicht\",\"datePublished\":\"2021-04-13T04:59:15+00:00\",\"dateModified\":\"2022-02-09T10:06:46+00:00\",\"mainEntityOfPage\":{\"@id\":\"https:\\\/\\\/www.organisator.ch\\\/sustainability\\\/2021-04-13\\\/schweiz-erreicht-klimaziel-nicht\\\/\"},\"wordCount\":538,\"publisher\":{\"@id\":\"https:\\\/\\\/www.organisator.ch\\\/#organization\"},\"image\":{\"@id\":\"https:\\\/\\\/www.organisator.ch\\\/sustainability\\\/2021-04-13\\\/schweiz-erreicht-klimaziel-nicht\\\/#primaryimage\"},\"thumbnailUrl\":\"https:\\\/\\\/www.organisator.ch\\\/wp-content\\\/uploads\\\/2021\\\/04\\\/Depositphotos_259018742_s-2019-1.jpg\",\"keywords\":[\"BAFU\",\"Bundesamt f\u00fcr Umwelt\",\"CO2-Gesetz\",\"Geb\u00e4udesektor\",\"Indsutriesektor\",\"Kyoto-Protokoll\",\"Treibhausgasinventar\",\"UNO-Klimasekretariat\",\"Verkehrssektor\"],\"articleSection\":[\"SUSTAINABILITY\"],\"inLanguage\":\"fr-FR\"},{\"@type\":\"WebPage\",\"@id\":\"https:\\\/\\\/www.organisator.ch\\\/sustainability\\\/2021-04-13\\\/schweiz-erreicht-klimaziel-nicht\\\/\",\"url\":\"https:\\\/\\\/www.organisator.ch\\\/sustainability\\\/2021-04-13\\\/schweiz-erreicht-klimaziel-nicht\\\/\",\"name\":\"Schweiz erreicht Klimaziel nicht - Organisator\",\"isPartOf\":{\"@id\":\"https:\\\/\\\/www.organisator.ch\\\/#website\"},\"primaryImageOfPage\":{\"@id\":\"https:\\\/\\\/www.organisator.ch\\\/sustainability\\\/2021-04-13\\\/schweiz-erreicht-klimaziel-nicht\\\/#primaryimage\"},\"image\":{\"@id\":\"https:\\\/\\\/www.organisator.ch\\\/sustainability\\\/2021-04-13\\\/schweiz-erreicht-klimaziel-nicht\\\/#primaryimage\"},\"thumbnailUrl\":\"https:\\\/\\\/www.organisator.ch\\\/wp-content\\\/uploads\\\/2021\\\/04\\\/Depositphotos_259018742_s-2019-1.jpg\",\"datePublished\":\"2021-04-13T04:59:15+00:00\",\"dateModified\":\"2022-02-09T10:06:46+00:00\",\"description\":\"Das Bafu hat das Schweizer Treibhausgasinventar f\u00fcr die Jahre 1990\u20132019 am 12. April 2021 beim UNO-Klimasekretariat eingereicht.\",\"breadcrumb\":{\"@id\":\"https:\\\/\\\/www.organisator.ch\\\/sustainability\\\/2021-04-13\\\/schweiz-erreicht-klimaziel-nicht\\\/#breadcrumb\"},\"inLanguage\":\"fr-FR\",\"potentialAction\":[{\"@type\":\"ReadAction\",\"target\":[\"https:\\\/\\\/www.organisator.ch\\\/sustainability\\\/2021-04-13\\\/schweiz-erreicht-klimaziel-nicht\\\/\"]}]},{\"@type\":\"ImageObject\",\"inLanguage\":\"fr-FR\",\"@id\":\"https:\\\/\\\/www.organisator.ch\\\/sustainability\\\/2021-04-13\\\/schweiz-erreicht-klimaziel-nicht\\\/#primaryimage\",\"url\":\"https:\\\/\\\/www.organisator.ch\\\/wp-content\\\/uploads\\\/2021\\\/04\\\/Depositphotos_259018742_s-2019-1.jpg\",\"contentUrl\":\"https:\\\/\\\/www.organisator.ch\\\/wp-content\\\/uploads\\\/2021\\\/04\\\/Depositphotos_259018742_s-2019-1.jpg\",\"width\":1000,\"height\":750,\"caption\":\"\u00a9 Depositphotos, YAYImages\"},{\"@type\":\"BreadcrumbList\",\"@id\":\"https:\\\/\\\/www.organisator.ch\\\/sustainability\\\/2021-04-13\\\/schweiz-erreicht-klimaziel-nicht\\\/#breadcrumb\",\"itemListElement\":[{\"@type\":\"ListItem\",\"position\":1,\"name\":\"Home\",\"item\":\"https:\\\/\\\/www.organisator.ch\\\/\"},{\"@type\":\"ListItem\",\"position\":2,\"name\":\"Schweiz erreicht Klimaziel nicht\"}]},{\"@type\":\"WebSite\",\"@id\":\"https:\\\/\\\/www.organisator.ch\\\/#website\",\"url\":\"https:\\\/\\\/www.organisator.ch\\\/\",\"name\":\"Organisator\",\"description\":\"Kompetent. Praxisnah. Der ORGANISATOR bereitet in 10 Ausgaben pro Jahr die wesentlichen Themen f\u00fcr F\u00fchrungskr\u00e4fte von KMU auf.\",\"publisher\":{\"@id\":\"https:\\\/\\\/www.organisator.ch\\\/#organization\"},\"potentialAction\":[{\"@type\":\"SearchAction\",\"target\":{\"@type\":\"EntryPoint\",\"urlTemplate\":\"https:\\\/\\\/www.organisator.ch\\\/?s={search_term_string}\"},\"query-input\":{\"@type\":\"PropertyValueSpecification\",\"valueRequired\":true,\"valueName\":\"search_term_string\"}}],\"inLanguage\":\"fr-FR\"},{\"@type\":\"Organization\",\"@id\":\"https:\\\/\\\/www.organisator.ch\\\/#organization\",\"name\":\"Organisator\",\"url\":\"https:\\\/\\\/www.organisator.ch\\\/\",\"logo\":{\"@type\":\"ImageObject\",\"inLanguage\":\"fr-FR\",\"@id\":\"https:\\\/\\\/www.organisator.ch\\\/#\\\/schema\\\/logo\\\/image\\\/\",\"url\":\"https:\\\/\\\/www.organisator.ch\\\/wp-content\\\/uploads\\\/2022\\\/01\\\/Logo_Organisator_Website.png\",\"contentUrl\":\"https:\\\/\\\/www.organisator.ch\\\/wp-content\\\/uploads\\\/2022\\\/01\\\/Logo_Organisator_Website.png\",\"width\":800,\"height\":77,\"caption\":\"Organisator\"},\"image\":{\"@id\":\"https:\\\/\\\/www.organisator.ch\\\/#\\\/schema\\\/logo\\\/image\\\/\"},\"sameAs\":[\"https:\\\/\\\/www.facebook.com\\\/OrganisatorFachmagazin\",\"https:\\\/\\\/www.linkedin.com\\\/showcase\\\/organisator-das-magazin-fr-kmu\",\"https:\\\/\\\/www.xing.com\\\/news\\\/pages\\\/organisator-ch-695\",\"https:\\\/\\\/www.youtube.com\\\/channel\\\/UCGP2Sq0iWaZwT3BdIAQFYpw\"]},{\"@type\":\"Person\",\"@id\":\"https:\\\/\\\/www.organisator.ch\\\/#\\\/schema\\\/person\\\/a800b8c54e208b160517a7dcc323161d\",\"name\":\"roger.straessle\",\"image\":{\"@type\":\"ImageObject\",\"inLanguage\":\"fr-FR\",\"@id\":\"https:\\\/\\\/secure.gravatar.com\\\/avatar\\\/?s=96&d=mm&r=g\",\"url\":\"https:\\\/\\\/secure.gravatar.com\\\/avatar\\\/?s=96&d=mm&r=g\",\"contentUrl\":\"https:\\\/\\\/secure.gravatar.com\\\/avatar\\\/?s=96&d=mm&r=g\",\"caption\":\"roger.straessle\"},\"url\":\"https:\\\/\\\/www.organisator.ch\\\/fr\\\/author\\\/roger-straessle\\\/\"}]}<\/script>\n<!-- \/ Yoast SEO plugin. -->","yoast_head_json":{"title":"La Suisse n'atteint pas son objectif climatique - Organisateur","description":"L'OFEV a remis l'inventaire suisse des gaz \u00e0 effet de serre pour les ann\u00e9es 1990-2019 au Secr\u00e9tariat des Nations Unies sur le climat le 12 avril 2021.","robots":{"index":"index","follow":"follow","max-snippet":"max-snippet:-1","max-image-preview":"max-image-preview:large","max-video-preview":"max-video-preview:-1"},"canonical":"https:\/\/www.organisator.ch\/fr\/sustainability\/2021-04-13\/schweiz-erreicht-klimaziel-nicht\/","og_locale":"fr_FR","og_type":"article","og_title":"Schweiz erreicht Klimaziel nicht - Organisator","og_description":"Das Bafu hat das Schweizer Treibhausgasinventar f\u00fcr die Jahre 1990\u20132019 am 12. April 2021 beim UNO-Klimasekretariat eingereicht.","og_url":"https:\/\/www.organisator.ch\/fr\/sustainability\/2021-04-13\/schweiz-erreicht-klimaziel-nicht\/","og_site_name":"Organisator","article_publisher":"https:\/\/www.facebook.com\/OrganisatorFachmagazin","article_published_time":"2021-04-13T04:59:15+00:00","article_modified_time":"2022-02-09T10:06:46+00:00","og_image":[{"width":1000,"height":750,"url":"https:\/\/www.organisator.ch\/wp-content\/uploads\/2021\/04\/Depositphotos_259018742_s-2019-1.jpg","type":"image\/jpeg"}],"author":"roger.straessle","twitter_card":"summary_large_image","schema":{"@context":"https:\/\/schema.org","@graph":[{"@type":"Article","@id":"https:\/\/www.organisator.ch\/sustainability\/2021-04-13\/schweiz-erreicht-klimaziel-nicht\/#article","isPartOf":{"@id":"https:\/\/www.organisator.ch\/sustainability\/2021-04-13\/schweiz-erreicht-klimaziel-nicht\/"},"author":{"name":"roger.straessle","@id":"https:\/\/www.organisator.ch\/#\/schema\/person\/a800b8c54e208b160517a7dcc323161d"},"headline":"Schweiz erreicht Klimaziel nicht","datePublished":"2021-04-13T04:59:15+00:00","dateModified":"2022-02-09T10:06:46+00:00","mainEntityOfPage":{"@id":"https:\/\/www.organisator.ch\/sustainability\/2021-04-13\/schweiz-erreicht-klimaziel-nicht\/"},"wordCount":538,"publisher":{"@id":"https:\/\/www.organisator.ch\/#organization"},"image":{"@id":"https:\/\/www.organisator.ch\/sustainability\/2021-04-13\/schweiz-erreicht-klimaziel-nicht\/#primaryimage"},"thumbnailUrl":"https:\/\/www.organisator.ch\/wp-content\/uploads\/2021\/04\/Depositphotos_259018742_s-2019-1.jpg","keywords":["BAFU","Bundesamt f\u00fcr Umwelt","CO2-Gesetz","Geb\u00e4udesektor","Indsutriesektor","Kyoto-Protokoll","Treibhausgasinventar","UNO-Klimasekretariat","Verkehrssektor"],"articleSection":["SUSTAINABILITY"],"inLanguage":"fr-FR"},{"@type":"WebPage","@id":"https:\/\/www.organisator.ch\/sustainability\/2021-04-13\/schweiz-erreicht-klimaziel-nicht\/","url":"https:\/\/www.organisator.ch\/sustainability\/2021-04-13\/schweiz-erreicht-klimaziel-nicht\/","name":"La Suisse n'atteint pas son objectif climatique - Organisateur","isPartOf":{"@id":"https:\/\/www.organisator.ch\/#website"},"primaryImageOfPage":{"@id":"https:\/\/www.organisator.ch\/sustainability\/2021-04-13\/schweiz-erreicht-klimaziel-nicht\/#primaryimage"},"image":{"@id":"https:\/\/www.organisator.ch\/sustainability\/2021-04-13\/schweiz-erreicht-klimaziel-nicht\/#primaryimage"},"thumbnailUrl":"https:\/\/www.organisator.ch\/wp-content\/uploads\/2021\/04\/Depositphotos_259018742_s-2019-1.jpg","datePublished":"2021-04-13T04:59:15+00:00","dateModified":"2022-02-09T10:06:46+00:00","description":"L'OFEV a remis l'inventaire suisse des gaz \u00e0 effet de serre pour les ann\u00e9es 1990-2019 au Secr\u00e9tariat des Nations Unies sur le climat le 12 avril 2021.","breadcrumb":{"@id":"https:\/\/www.organisator.ch\/sustainability\/2021-04-13\/schweiz-erreicht-klimaziel-nicht\/#breadcrumb"},"inLanguage":"fr-FR","potentialAction":[{"@type":"ReadAction","target":["https:\/\/www.organisator.ch\/sustainability\/2021-04-13\/schweiz-erreicht-klimaziel-nicht\/"]}]},{"@type":"ImageObject","inLanguage":"fr-FR","@id":"https:\/\/www.organisator.ch\/sustainability\/2021-04-13\/schweiz-erreicht-klimaziel-nicht\/#primaryimage","url":"https:\/\/www.organisator.ch\/wp-content\/uploads\/2021\/04\/Depositphotos_259018742_s-2019-1.jpg","contentUrl":"https:\/\/www.organisator.ch\/wp-content\/uploads\/2021\/04\/Depositphotos_259018742_s-2019-1.jpg","width":1000,"height":750,"caption":"\u00a9 Depositphotos, YAYImages"},{"@type":"BreadcrumbList","@id":"https:\/\/www.organisator.ch\/sustainability\/2021-04-13\/schweiz-erreicht-klimaziel-nicht\/#breadcrumb","itemListElement":[{"@type":"ListItem","position":1,"name":"Home","item":"https:\/\/www.organisator.ch\/"},{"@type":"ListItem","position":2,"name":"Schweiz erreicht Klimaziel nicht"}]},{"@type":"WebSite","@id":"https:\/\/www.organisator.ch\/#website","url":"https:\/\/www.organisator.ch\/","name":"Organisateur","description":"Comp\u00e9tence et comp\u00e9tence. Proches de la pratique. L'ORGANISATEUR pr\u00e9pare 10 num\u00e9ros par an sur les th\u00e8mes essentiels pour les dirigeants de PME.","publisher":{"@id":"https:\/\/www.organisator.ch\/#organization"},"potentialAction":[{"@type":"SearchAction","target":{"@type":"EntryPoint","urlTemplate":"https:\/\/www.organisator.ch\/?s={search_term_string}"},"query-input":{"@type":"PropertyValueSpecification","valueRequired":true,"valueName":"search_term_string"}}],"inLanguage":"fr-FR"},{"@type":"Organization","@id":"https:\/\/www.organisator.ch\/#organization","name":"Organisateur","url":"https:\/\/www.organisator.ch\/","logo":{"@type":"ImageObject","inLanguage":"fr-FR","@id":"https:\/\/www.organisator.ch\/#\/schema\/logo\/image\/","url":"https:\/\/www.organisator.ch\/wp-content\/uploads\/2022\/01\/Logo_Organisator_Website.png","contentUrl":"https:\/\/www.organisator.ch\/wp-content\/uploads\/2022\/01\/Logo_Organisator_Website.png","width":800,"height":77,"caption":"Organisator"},"image":{"@id":"https:\/\/www.organisator.ch\/#\/schema\/logo\/image\/"},"sameAs":["https:\/\/www.facebook.com\/OrganisatorFachmagazin","https:\/\/www.linkedin.com\/showcase\/organisator-das-magazin-fr-kmu","https:\/\/www.xing.com\/news\/pages\/organisator-ch-695","https:\/\/www.youtube.com\/channel\/UCGP2Sq0iWaZwT3BdIAQFYpw"]},{"@type":"Person","@id":"https:\/\/www.organisator.ch\/#\/schema\/person\/a800b8c54e208b160517a7dcc323161d","name":"roger.straessle","image":{"@type":"ImageObject","inLanguage":"fr-FR","@id":"https:\/\/secure.gravatar.com\/avatar\/?s=96&d=mm&r=g","url":"https:\/\/secure.gravatar.com\/avatar\/?s=96&d=mm&r=g","contentUrl":"https:\/\/secure.gravatar.com\/avatar\/?s=96&d=mm&r=g","caption":"roger.straessle"},"url":"https:\/\/www.organisator.ch\/fr\/author\/roger-straessle\/"}]}},"_links":{"self":[{"href":"https:\/\/www.organisator.ch\/fr\/wp-json\/wp\/v2\/posts\/10268","targetHints":{"allow":["GET"]}}],"collection":[{"href":"https:\/\/www.organisator.ch\/fr\/wp-json\/wp\/v2\/posts"}],"about":[{"href":"https:\/\/www.organisator.ch\/fr\/wp-json\/wp\/v2\/types\/post"}],"author":[{"embeddable":true,"href":"https:\/\/www.organisator.ch\/fr\/wp-json\/wp\/v2\/users\/6"}],"replies":[{"embeddable":true,"href":"https:\/\/www.organisator.ch\/fr\/wp-json\/wp\/v2\/comments?post=10268"}],"version-history":[{"count":1,"href":"https:\/\/www.organisator.ch\/fr\/wp-json\/wp\/v2\/posts\/10268\/revisions"}],"predecessor-version":[{"id":10653,"href":"https:\/\/www.organisator.ch\/fr\/wp-json\/wp\/v2\/posts\/10268\/revisions\/10653"}],"wp:featuredmedia":[{"embeddable":true,"href":"https:\/\/www.organisator.ch\/fr\/wp-json\/wp\/v2\/media\/4091"}],"wp:attachment":[{"href":"https:\/\/www.organisator.ch\/fr\/wp-json\/wp\/v2\/media?parent=10268"}],"wp:term":[{"taxonomy":"category","embeddable":true,"href":"https:\/\/www.organisator.ch\/fr\/wp-json\/wp\/v2\/categories?post=10268"},{"taxonomy":"post_tag","embeddable":true,"href":"https:\/\/www.organisator.ch\/fr\/wp-json\/wp\/v2\/tags?post=10268"}],"curies":[{"name":"wp","href":"https:\/\/api.w.org\/{rel}","templated":true}]}}