{"id":10272,"date":"2021-04-26T14:01:13","date_gmt":"2021-04-26T12:01:13","guid":{"rendered":"https:\/\/www.umweltperspektiven.ch\/?p=4140"},"modified":"2022-02-09T11:06:46","modified_gmt":"2022-02-09T10:06:46","slug":"co2-datenmanipulation-9-mio-fr-schaden","status":"publish","type":"post","link":"https:\/\/www.organisator.ch\/fr\/sustainability\/2021-04-26\/co2-datenmanipulation-9-mio-fr-schaden\/","title":{"rendered":"Manipulation des donn\u00e9es sur le CO2 : 9 millions de francs de dommages"},"content":{"rendered":"<figure id=\"attachment_4143\" aria-describedby=\"caption-attachment-4143\" style=\"width: 680px\" class=\"wp-caption aligncenter\"><img loading=\"lazy\" decoding=\"async\" class=\"wp-image-4143 size-medium\" src=\"\/\/www.umweltperspektiven.ch\/wp-content\/uploads\/2021\/04\/Depositphotos_5741284_s-2019.jpg\" alt=\"Minist\u00e8re public de la Conf\u00e9d\u00e9ration\" width=\"680\" height=\"452\" srcset=\"https:\/\/www.organisator.ch\/wp-content\/uploads\/2021\/04\/Depositphotos_5741284_s-2019.jpg 1000w, https:\/\/www.organisator.ch\/wp-content\/uploads\/2021\/04\/Depositphotos_5741284_s-2019-680x452.jpg 680w, https:\/\/www.organisator.ch\/wp-content\/uploads\/2021\/04\/Depositphotos_5741284_s-2019-768x510.jpg 768w, https:\/\/www.organisator.ch\/wp-content\/uploads\/2021\/04\/Depositphotos_5741284_s-2019-18x12.jpg 18w, https:\/\/www.organisator.ch\/wp-content\/uploads\/2021\/04\/Depositphotos_5741284_s-2019-264x175.jpg 264w, https:\/\/www.organisator.ch\/wp-content\/uploads\/2021\/04\/Depositphotos_5741284_s-2019-527x350.jpg 527w, https:\/\/www.organisator.ch\/wp-content\/uploads\/2021\/04\/Depositphotos_5741284_s-2019-920x611.jpg 920w, https:\/\/www.organisator.ch\/wp-content\/uploads\/2021\/04\/Depositphotos_5741284_s-2019-300x199.jpg 300w\" sizes=\"auto, (max-width: 680px) 100vw, 680px\" \/><figcaption id=\"caption-attachment-4143\" class=\"wp-caption-text\">Depositphotos, luckyraccoon<\/figcaption><\/figure>\n<p>En 2012, la Suisse a introduit des prescriptions en mati\u00e8re d'\u00e9missions de CO2 pour les voitures de tourisme neuves, avec pour objectif de r\u00e9duire les \u00e9missions de CO2 des voitures de tourisme neuves \u00e0 130 g CO2\/km en moyenne d'ici fin 2015. Si les \u00e9missions moyennes de CO2 de tous les v\u00e9hicules d'un importateur d\u00e9passent cet objectif, la Conf\u00e9d\u00e9ration facture une sanction correspondante pour le CO2. La saisie des importations, la facturation de la sanction CO2 et l'encaissement sont effectu\u00e9s par l'Office f\u00e9d\u00e9ral de l'\u00e9nergie (OFEN) et l'Astra.<\/p>\n<p>Sur la base d'une plainte p\u00e9nale de l'OFROU, le Minist\u00e8re public de la Conf\u00e9d\u00e9ration a ouvert en septembre 2017 une proc\u00e9dure p\u00e9nale contre le collaborateur de l'OFROU et l'a \u00e9tendue peu apr\u00e8s aux deux membres du conseil d'administration, comme il vient de le faire savoir. Apr\u00e8s une enqu\u00eate approfondie, le Minist\u00e8re public de la Conf\u00e9d\u00e9ration a inculp\u00e9 l'ancien collaborateur de l'OFROU pour faux dans les titres commis dans l'exercice de ses fonctions (art. 317, ch. 1, du code p\u00e9nal, CP), pour s'\u00eatre laiss\u00e9 corrompre \u00e0 plusieurs reprises (art. 322quater CP), pour escroquerie en mati\u00e8re de contributions par m\u00e9tier (art. 14, al. 4, du droit p\u00e9nal administratif, DPA) et pour avoir obtenu \u00e0 plusieurs reprises une fausse authentification (art. 15, ch. 1, DPA). Les deux autres pr\u00e9venus sont accus\u00e9s d'incitation multiple \u00e0 la falsification de documents dans l'exercice de leurs fonctions (art. 317, ch. 1, en relation avec l'art. 24, al. 1, CP), de corruption multiple (art. 322ter CP), d'escroquerie fiscale par m\u00e9tier (art. 14, al. 4, DPA) et d'obtention frauduleuse d'un faux acte authentique (art. 15, ch. 1, DPA).<strong>\u00a0<\/strong><\/p>\n<p><strong>Fausse saisie et manipulation de donn\u00e9es<\/strong><\/p>\n<p>L'ancien collaborateur de l'OFROU a \u00e9t\u00e9 employ\u00e9 de mai 2012 \u00e0 septembre 2017 en tant que collaborateur technique au sein de la division Trafic routier de cet office. Il lui est reproch\u00e9 d'avoir manipul\u00e9, entre juin 2014 et septembre 2017, les donn\u00e9es d\u00e9terminantes pour la perception de la sanction CO2 dans les syst\u00e8mes informatiques de l'OFROU en faveur de la soci\u00e9t\u00e9 d'importation de v\u00e9hicules susmentionn\u00e9e. En contrepartie, les deux membres du conseil d'administration lui auraient remis chaque mois un montant en esp\u00e8ces de 2'000 francs. Gr\u00e2ce \u00e0 ce proc\u00e9d\u00e9, la soci\u00e9t\u00e9 d'importation de v\u00e9hicules n'a pas d\u00fb payer de sanctions CO2 pour les voitures de tourisme qu'elle a import\u00e9es entre 2015 et 2017. Si les donn\u00e9es avaient \u00e9t\u00e9 saisies de mani\u00e8re conforme \u00e0 la v\u00e9rit\u00e9, les sanctions en mati\u00e8re de CO2 se seraient \u00e9lev\u00e9es \u00e0 environ 9 millions de francs durant cette p\u00e9riode, comme l'\u00e9crit le Minist\u00e8re public de la Conf\u00e9d\u00e9ration.<\/p>\n<p>Comme d'habitude, le MPC communique les propositions de peine lors de l'audience principale devant le Tribunal p\u00e9nal f\u00e9d\u00e9ral. Une fois l'acte d'accusation d\u00e9pos\u00e9, le Tribunal p\u00e9nal f\u00e9d\u00e9ral de Bellinzone est comp\u00e9tent pour informer les m\u00e9dias. La pr\u00e9somption d'innocence s'applique jusqu'\u00e0 ce qu'un jugement d\u00e9finitif soit rendu.<\/p>\n<p><em>\u00a0<\/em><em>Source : Minist\u00e8re public de la Conf\u00e9d\u00e9ration<\/em><\/p>","protected":false},"excerpt":{"rendered":"<p>Die Schweiz hat 2012 CO2-Emissionsvorschriften f\u00fcr neue Personenwagen eingef\u00fchrt mit dem Ziel, die CO2-Emissionen von neuen Personenwagen bis Ende 2015 auf durchschnittlich 130 g CO2\/km zu senken. Wenn die durchschnittlichen CO2-Emissionen aller Fahrzeuge eines Importeurs diese Zielvorgabe \u00fcberschreiten, stellt der Bund eine entsprechende CO2-Sanktion in Rechnung. Die Erfassung der Importe, die Rechnungsstellung f\u00fcr die CO2-Sanktion [&hellip;]<\/p>\n","protected":false},"author":6,"featured_media":4143,"comment_status":"closed","ping_status":"closed","sticky":false,"template":"","format":"standard","meta":{"_acf_changed":false,"_yoast_wpseo_focuskw":"Bundesanwaltschaft","_yoast_wpseo_metadesc":"CO2-Datenmanipulation: Die BA hat gegen einen ehemaligen Astra-Mitarbeiter und zwei Verwaltungsr\u00e4te einer Autoimport-Gesellschaft Anklage eingereicht.","articlekey":"","footnotes":""},"categories":[580],"tags":[736,748,887,928,963],"class_list":["post-10272","post","type-post","status-publish","format-standard","has-post-thumbnail","hentry","category-sustainability","tag-astra","tag-autoimport-gesellschaft","tag-bundesanwaltschaft","tag-co2","tag-datenmanipulation"],"acf":[],"yoast_head":"<!-- This site is optimized with the Yoast SEO plugin v27.5 - https:\/\/yoast.com\/product\/yoast-seo-wordpress\/ -->\n<title>CO2-Datenmanipulation: 9 Mio. Fr. Schaden - Organisator<\/title>\n<meta name=\"description\" content=\"CO2-Datenmanipulation: Die BA hat gegen einen ehemaligen Astra-Mitarbeiter und zwei Verwaltungsr\u00e4te einer Autoimport-Gesellschaft Anklage eingereicht.\" \/>\n<meta name=\"robots\" content=\"index, follow, max-snippet:-1, max-image-preview:large, max-video-preview:-1\" \/>\n<link rel=\"canonical\" href=\"https:\/\/www.organisator.ch\/fr\/sustainability\/2021-04-26\/co2-datenmanipulation-9-mio-fr-schaden\/\" \/>\n<meta property=\"og:locale\" content=\"fr_FR\" \/>\n<meta property=\"og:type\" content=\"article\" \/>\n<meta property=\"og:title\" content=\"CO2-Datenmanipulation: 9 Mio. Fr. Schaden - Organisator\" \/>\n<meta property=\"og:description\" content=\"CO2-Datenmanipulation: Die BA hat gegen einen ehemaligen Astra-Mitarbeiter und zwei Verwaltungsr\u00e4te einer Autoimport-Gesellschaft Anklage eingereicht.\" \/>\n<meta property=\"og:url\" content=\"https:\/\/www.organisator.ch\/fr\/sustainability\/2021-04-26\/co2-datenmanipulation-9-mio-fr-schaden\/\" \/>\n<meta property=\"og:site_name\" content=\"Organisator\" \/>\n<meta property=\"article:publisher\" content=\"https:\/\/www.facebook.com\/OrganisatorFachmagazin\" \/>\n<meta property=\"article:published_time\" content=\"2021-04-26T12:01:13+00:00\" \/>\n<meta property=\"article:modified_time\" content=\"2022-02-09T10:06:46+00:00\" \/>\n<meta property=\"og:image\" content=\"https:\/\/www.organisator.ch\/wp-content\/uploads\/2021\/04\/Depositphotos_5741284_s-2019.jpg\" \/>\n\t<meta property=\"og:image:width\" content=\"1000\" \/>\n\t<meta property=\"og:image:height\" content=\"664\" \/>\n\t<meta property=\"og:image:type\" content=\"image\/jpeg\" \/>\n<meta name=\"author\" content=\"roger.straessle\" \/>\n<meta name=\"twitter:card\" content=\"summary_large_image\" \/>\n<script type=\"application\/ld+json\" class=\"yoast-schema-graph\">{\"@context\":\"https:\\\/\\\/schema.org\",\"@graph\":[{\"@type\":\"Article\",\"@id\":\"https:\\\/\\\/www.organisator.ch\\\/sustainability\\\/2021-04-26\\\/co2-datenmanipulation-9-mio-fr-schaden\\\/#article\",\"isPartOf\":{\"@id\":\"https:\\\/\\\/www.organisator.ch\\\/sustainability\\\/2021-04-26\\\/co2-datenmanipulation-9-mio-fr-schaden\\\/\"},\"author\":{\"name\":\"roger.straessle\",\"@id\":\"https:\\\/\\\/www.organisator.ch\\\/#\\\/schema\\\/person\\\/a800b8c54e208b160517a7dcc323161d\"},\"headline\":\"CO2-Datenmanipulation: 9 Mio. Fr. Schaden\",\"datePublished\":\"2021-04-26T12:01:13+00:00\",\"dateModified\":\"2022-02-09T10:06:46+00:00\",\"mainEntityOfPage\":{\"@id\":\"https:\\\/\\\/www.organisator.ch\\\/sustainability\\\/2021-04-26\\\/co2-datenmanipulation-9-mio-fr-schaden\\\/\"},\"wordCount\":369,\"publisher\":{\"@id\":\"https:\\\/\\\/www.organisator.ch\\\/#organization\"},\"image\":{\"@id\":\"https:\\\/\\\/www.organisator.ch\\\/sustainability\\\/2021-04-26\\\/co2-datenmanipulation-9-mio-fr-schaden\\\/#primaryimage\"},\"thumbnailUrl\":\"https:\\\/\\\/www.organisator.ch\\\/wp-content\\\/uploads\\\/2021\\\/04\\\/Depositphotos_5741284_s-2019.jpg\",\"keywords\":[\"ASTRA\",\"Autoimport-Gesellschaft\",\"Bundesanwaltschaft\",\"CO2\",\"Datenmanipulation\"],\"articleSection\":[\"SUSTAINABILITY\"],\"inLanguage\":\"fr-FR\"},{\"@type\":\"WebPage\",\"@id\":\"https:\\\/\\\/www.organisator.ch\\\/sustainability\\\/2021-04-26\\\/co2-datenmanipulation-9-mio-fr-schaden\\\/\",\"url\":\"https:\\\/\\\/www.organisator.ch\\\/sustainability\\\/2021-04-26\\\/co2-datenmanipulation-9-mio-fr-schaden\\\/\",\"name\":\"CO2-Datenmanipulation: 9 Mio. Fr. Schaden - Organisator\",\"isPartOf\":{\"@id\":\"https:\\\/\\\/www.organisator.ch\\\/#website\"},\"primaryImageOfPage\":{\"@id\":\"https:\\\/\\\/www.organisator.ch\\\/sustainability\\\/2021-04-26\\\/co2-datenmanipulation-9-mio-fr-schaden\\\/#primaryimage\"},\"image\":{\"@id\":\"https:\\\/\\\/www.organisator.ch\\\/sustainability\\\/2021-04-26\\\/co2-datenmanipulation-9-mio-fr-schaden\\\/#primaryimage\"},\"thumbnailUrl\":\"https:\\\/\\\/www.organisator.ch\\\/wp-content\\\/uploads\\\/2021\\\/04\\\/Depositphotos_5741284_s-2019.jpg\",\"datePublished\":\"2021-04-26T12:01:13+00:00\",\"dateModified\":\"2022-02-09T10:06:46+00:00\",\"description\":\"CO2-Datenmanipulation: Die BA hat gegen einen ehemaligen Astra-Mitarbeiter und zwei Verwaltungsr\u00e4te einer Autoimport-Gesellschaft Anklage eingereicht.\",\"breadcrumb\":{\"@id\":\"https:\\\/\\\/www.organisator.ch\\\/sustainability\\\/2021-04-26\\\/co2-datenmanipulation-9-mio-fr-schaden\\\/#breadcrumb\"},\"inLanguage\":\"fr-FR\",\"potentialAction\":[{\"@type\":\"ReadAction\",\"target\":[\"https:\\\/\\\/www.organisator.ch\\\/sustainability\\\/2021-04-26\\\/co2-datenmanipulation-9-mio-fr-schaden\\\/\"]}]},{\"@type\":\"ImageObject\",\"inLanguage\":\"fr-FR\",\"@id\":\"https:\\\/\\\/www.organisator.ch\\\/sustainability\\\/2021-04-26\\\/co2-datenmanipulation-9-mio-fr-schaden\\\/#primaryimage\",\"url\":\"https:\\\/\\\/www.organisator.ch\\\/wp-content\\\/uploads\\\/2021\\\/04\\\/Depositphotos_5741284_s-2019.jpg\",\"contentUrl\":\"https:\\\/\\\/www.organisator.ch\\\/wp-content\\\/uploads\\\/2021\\\/04\\\/Depositphotos_5741284_s-2019.jpg\",\"width\":1000,\"height\":664,\"caption\":\"\u00a9 Depositphotos, luckyraccoon\"},{\"@type\":\"BreadcrumbList\",\"@id\":\"https:\\\/\\\/www.organisator.ch\\\/sustainability\\\/2021-04-26\\\/co2-datenmanipulation-9-mio-fr-schaden\\\/#breadcrumb\",\"itemListElement\":[{\"@type\":\"ListItem\",\"position\":1,\"name\":\"Home\",\"item\":\"https:\\\/\\\/www.organisator.ch\\\/\"},{\"@type\":\"ListItem\",\"position\":2,\"name\":\"CO2-Datenmanipulation: 9 Mio. Fr. Schaden\"}]},{\"@type\":\"WebSite\",\"@id\":\"https:\\\/\\\/www.organisator.ch\\\/#website\",\"url\":\"https:\\\/\\\/www.organisator.ch\\\/\",\"name\":\"Organisator\",\"description\":\"Kompetent. Praxisnah. Der ORGANISATOR bereitet in 10 Ausgaben pro Jahr die wesentlichen Themen f\u00fcr F\u00fchrungskr\u00e4fte von KMU auf.\",\"publisher\":{\"@id\":\"https:\\\/\\\/www.organisator.ch\\\/#organization\"},\"potentialAction\":[{\"@type\":\"SearchAction\",\"target\":{\"@type\":\"EntryPoint\",\"urlTemplate\":\"https:\\\/\\\/www.organisator.ch\\\/?s={search_term_string}\"},\"query-input\":{\"@type\":\"PropertyValueSpecification\",\"valueRequired\":true,\"valueName\":\"search_term_string\"}}],\"inLanguage\":\"fr-FR\"},{\"@type\":\"Organization\",\"@id\":\"https:\\\/\\\/www.organisator.ch\\\/#organization\",\"name\":\"Organisator\",\"url\":\"https:\\\/\\\/www.organisator.ch\\\/\",\"logo\":{\"@type\":\"ImageObject\",\"inLanguage\":\"fr-FR\",\"@id\":\"https:\\\/\\\/www.organisator.ch\\\/#\\\/schema\\\/logo\\\/image\\\/\",\"url\":\"https:\\\/\\\/www.organisator.ch\\\/wp-content\\\/uploads\\\/2022\\\/01\\\/Logo_Organisator_Website.png\",\"contentUrl\":\"https:\\\/\\\/www.organisator.ch\\\/wp-content\\\/uploads\\\/2022\\\/01\\\/Logo_Organisator_Website.png\",\"width\":800,\"height\":77,\"caption\":\"Organisator\"},\"image\":{\"@id\":\"https:\\\/\\\/www.organisator.ch\\\/#\\\/schema\\\/logo\\\/image\\\/\"},\"sameAs\":[\"https:\\\/\\\/www.facebook.com\\\/OrganisatorFachmagazin\",\"https:\\\/\\\/www.linkedin.com\\\/showcase\\\/organisator-das-magazin-fr-kmu\",\"https:\\\/\\\/www.xing.com\\\/news\\\/pages\\\/organisator-ch-695\",\"https:\\\/\\\/www.youtube.com\\\/channel\\\/UCGP2Sq0iWaZwT3BdIAQFYpw\"]},{\"@type\":\"Person\",\"@id\":\"https:\\\/\\\/www.organisator.ch\\\/#\\\/schema\\\/person\\\/a800b8c54e208b160517a7dcc323161d\",\"name\":\"roger.straessle\",\"image\":{\"@type\":\"ImageObject\",\"inLanguage\":\"fr-FR\",\"@id\":\"https:\\\/\\\/secure.gravatar.com\\\/avatar\\\/?s=96&d=mm&r=g\",\"url\":\"https:\\\/\\\/secure.gravatar.com\\\/avatar\\\/?s=96&d=mm&r=g\",\"contentUrl\":\"https:\\\/\\\/secure.gravatar.com\\\/avatar\\\/?s=96&d=mm&r=g\",\"caption\":\"roger.straessle\"},\"url\":\"https:\\\/\\\/www.organisator.ch\\\/fr\\\/author\\\/roger-straessle\\\/\"}]}<\/script>\n<!-- \/ Yoast SEO plugin. -->","yoast_head_json":{"title":"Manipulation des donn\u00e9es sur le CO2 : 9 millions de francs de dommages - Organisateur","description":"Manipulation des donn\u00e9es sur le CO2 : le MPC a d\u00e9pos\u00e9 plainte contre un ancien collaborateur d'Astra et deux membres du conseil d'administration d'une soci\u00e9t\u00e9 d'importation de voitures.","robots":{"index":"index","follow":"follow","max-snippet":"max-snippet:-1","max-image-preview":"max-image-preview:large","max-video-preview":"max-video-preview:-1"},"canonical":"https:\/\/www.organisator.ch\/fr\/sustainability\/2021-04-26\/co2-datenmanipulation-9-mio-fr-schaden\/","og_locale":"fr_FR","og_type":"article","og_title":"CO2-Datenmanipulation: 9 Mio. Fr. Schaden - Organisator","og_description":"CO2-Datenmanipulation: Die BA hat gegen einen ehemaligen Astra-Mitarbeiter und zwei Verwaltungsr\u00e4te einer Autoimport-Gesellschaft Anklage eingereicht.","og_url":"https:\/\/www.organisator.ch\/fr\/sustainability\/2021-04-26\/co2-datenmanipulation-9-mio-fr-schaden\/","og_site_name":"Organisator","article_publisher":"https:\/\/www.facebook.com\/OrganisatorFachmagazin","article_published_time":"2021-04-26T12:01:13+00:00","article_modified_time":"2022-02-09T10:06:46+00:00","og_image":[{"width":1000,"height":664,"url":"https:\/\/www.organisator.ch\/wp-content\/uploads\/2021\/04\/Depositphotos_5741284_s-2019.jpg","type":"image\/jpeg"}],"author":"roger.straessle","twitter_card":"summary_large_image","schema":{"@context":"https:\/\/schema.org","@graph":[{"@type":"Article","@id":"https:\/\/www.organisator.ch\/sustainability\/2021-04-26\/co2-datenmanipulation-9-mio-fr-schaden\/#article","isPartOf":{"@id":"https:\/\/www.organisator.ch\/sustainability\/2021-04-26\/co2-datenmanipulation-9-mio-fr-schaden\/"},"author":{"name":"roger.straessle","@id":"https:\/\/www.organisator.ch\/#\/schema\/person\/a800b8c54e208b160517a7dcc323161d"},"headline":"CO2-Datenmanipulation: 9 Mio. Fr. Schaden","datePublished":"2021-04-26T12:01:13+00:00","dateModified":"2022-02-09T10:06:46+00:00","mainEntityOfPage":{"@id":"https:\/\/www.organisator.ch\/sustainability\/2021-04-26\/co2-datenmanipulation-9-mio-fr-schaden\/"},"wordCount":369,"publisher":{"@id":"https:\/\/www.organisator.ch\/#organization"},"image":{"@id":"https:\/\/www.organisator.ch\/sustainability\/2021-04-26\/co2-datenmanipulation-9-mio-fr-schaden\/#primaryimage"},"thumbnailUrl":"https:\/\/www.organisator.ch\/wp-content\/uploads\/2021\/04\/Depositphotos_5741284_s-2019.jpg","keywords":["ASTRA","Autoimport-Gesellschaft","Bundesanwaltschaft","CO2","Datenmanipulation"],"articleSection":["SUSTAINABILITY"],"inLanguage":"fr-FR"},{"@type":"WebPage","@id":"https:\/\/www.organisator.ch\/sustainability\/2021-04-26\/co2-datenmanipulation-9-mio-fr-schaden\/","url":"https:\/\/www.organisator.ch\/sustainability\/2021-04-26\/co2-datenmanipulation-9-mio-fr-schaden\/","name":"Manipulation des donn\u00e9es sur le CO2 : 9 millions de francs de dommages - Organisateur","isPartOf":{"@id":"https:\/\/www.organisator.ch\/#website"},"primaryImageOfPage":{"@id":"https:\/\/www.organisator.ch\/sustainability\/2021-04-26\/co2-datenmanipulation-9-mio-fr-schaden\/#primaryimage"},"image":{"@id":"https:\/\/www.organisator.ch\/sustainability\/2021-04-26\/co2-datenmanipulation-9-mio-fr-schaden\/#primaryimage"},"thumbnailUrl":"https:\/\/www.organisator.ch\/wp-content\/uploads\/2021\/04\/Depositphotos_5741284_s-2019.jpg","datePublished":"2021-04-26T12:01:13+00:00","dateModified":"2022-02-09T10:06:46+00:00","description":"Manipulation des donn\u00e9es sur le CO2 : le MPC a d\u00e9pos\u00e9 plainte contre un ancien collaborateur d'Astra et deux membres du conseil d'administration d'une soci\u00e9t\u00e9 d'importation de voitures.","breadcrumb":{"@id":"https:\/\/www.organisator.ch\/sustainability\/2021-04-26\/co2-datenmanipulation-9-mio-fr-schaden\/#breadcrumb"},"inLanguage":"fr-FR","potentialAction":[{"@type":"ReadAction","target":["https:\/\/www.organisator.ch\/sustainability\/2021-04-26\/co2-datenmanipulation-9-mio-fr-schaden\/"]}]},{"@type":"ImageObject","inLanguage":"fr-FR","@id":"https:\/\/www.organisator.ch\/sustainability\/2021-04-26\/co2-datenmanipulation-9-mio-fr-schaden\/#primaryimage","url":"https:\/\/www.organisator.ch\/wp-content\/uploads\/2021\/04\/Depositphotos_5741284_s-2019.jpg","contentUrl":"https:\/\/www.organisator.ch\/wp-content\/uploads\/2021\/04\/Depositphotos_5741284_s-2019.jpg","width":1000,"height":664,"caption":"\u00a9 Depositphotos, luckyraccoon"},{"@type":"BreadcrumbList","@id":"https:\/\/www.organisator.ch\/sustainability\/2021-04-26\/co2-datenmanipulation-9-mio-fr-schaden\/#breadcrumb","itemListElement":[{"@type":"ListItem","position":1,"name":"Home","item":"https:\/\/www.organisator.ch\/"},{"@type":"ListItem","position":2,"name":"CO2-Datenmanipulation: 9 Mio. Fr. Schaden"}]},{"@type":"WebSite","@id":"https:\/\/www.organisator.ch\/#website","url":"https:\/\/www.organisator.ch\/","name":"Organisateur","description":"Comp\u00e9tence et comp\u00e9tence. Proches de la pratique. L'ORGANISATEUR pr\u00e9pare 10 num\u00e9ros par an sur les th\u00e8mes essentiels pour les dirigeants de PME.","publisher":{"@id":"https:\/\/www.organisator.ch\/#organization"},"potentialAction":[{"@type":"SearchAction","target":{"@type":"EntryPoint","urlTemplate":"https:\/\/www.organisator.ch\/?s={search_term_string}"},"query-input":{"@type":"PropertyValueSpecification","valueRequired":true,"valueName":"search_term_string"}}],"inLanguage":"fr-FR"},{"@type":"Organization","@id":"https:\/\/www.organisator.ch\/#organization","name":"Organisateur","url":"https:\/\/www.organisator.ch\/","logo":{"@type":"ImageObject","inLanguage":"fr-FR","@id":"https:\/\/www.organisator.ch\/#\/schema\/logo\/image\/","url":"https:\/\/www.organisator.ch\/wp-content\/uploads\/2022\/01\/Logo_Organisator_Website.png","contentUrl":"https:\/\/www.organisator.ch\/wp-content\/uploads\/2022\/01\/Logo_Organisator_Website.png","width":800,"height":77,"caption":"Organisator"},"image":{"@id":"https:\/\/www.organisator.ch\/#\/schema\/logo\/image\/"},"sameAs":["https:\/\/www.facebook.com\/OrganisatorFachmagazin","https:\/\/www.linkedin.com\/showcase\/organisator-das-magazin-fr-kmu","https:\/\/www.xing.com\/news\/pages\/organisator-ch-695","https:\/\/www.youtube.com\/channel\/UCGP2Sq0iWaZwT3BdIAQFYpw"]},{"@type":"Person","@id":"https:\/\/www.organisator.ch\/#\/schema\/person\/a800b8c54e208b160517a7dcc323161d","name":"roger.straessle","image":{"@type":"ImageObject","inLanguage":"fr-FR","@id":"https:\/\/secure.gravatar.com\/avatar\/?s=96&d=mm&r=g","url":"https:\/\/secure.gravatar.com\/avatar\/?s=96&d=mm&r=g","contentUrl":"https:\/\/secure.gravatar.com\/avatar\/?s=96&d=mm&r=g","caption":"roger.straessle"},"url":"https:\/\/www.organisator.ch\/fr\/author\/roger-straessle\/"}]}},"_links":{"self":[{"href":"https:\/\/www.organisator.ch\/fr\/wp-json\/wp\/v2\/posts\/10272","targetHints":{"allow":["GET"]}}],"collection":[{"href":"https:\/\/www.organisator.ch\/fr\/wp-json\/wp\/v2\/posts"}],"about":[{"href":"https:\/\/www.organisator.ch\/fr\/wp-json\/wp\/v2\/types\/post"}],"author":[{"embeddable":true,"href":"https:\/\/www.organisator.ch\/fr\/wp-json\/wp\/v2\/users\/6"}],"replies":[{"embeddable":true,"href":"https:\/\/www.organisator.ch\/fr\/wp-json\/wp\/v2\/comments?post=10272"}],"version-history":[{"count":1,"href":"https:\/\/www.organisator.ch\/fr\/wp-json\/wp\/v2\/posts\/10272\/revisions"}],"predecessor-version":[{"id":10651,"href":"https:\/\/www.organisator.ch\/fr\/wp-json\/wp\/v2\/posts\/10272\/revisions\/10651"}],"wp:featuredmedia":[{"embeddable":true,"href":"https:\/\/www.organisator.ch\/fr\/wp-json\/wp\/v2\/media\/4143"}],"wp:attachment":[{"href":"https:\/\/www.organisator.ch\/fr\/wp-json\/wp\/v2\/media?parent=10272"}],"wp:term":[{"taxonomy":"category","embeddable":true,"href":"https:\/\/www.organisator.ch\/fr\/wp-json\/wp\/v2\/categories?post=10272"},{"taxonomy":"post_tag","embeddable":true,"href":"https:\/\/www.organisator.ch\/fr\/wp-json\/wp\/v2\/tags?post=10272"}],"curies":[{"name":"wp","href":"https:\/\/api.w.org\/{rel}","templated":true}]}}