{"id":10275,"date":"2021-05-17T10:07:12","date_gmt":"2021-05-17T08:07:12","guid":{"rendered":"https:\/\/www.umweltperspektiven.ch\/?p=4218"},"modified":"2022-02-09T11:06:08","modified_gmt":"2022-02-09T10:06:08","slug":"demand-side-management-im-kuenftigen-stromsystem-schweiz","status":"publish","type":"post","link":"https:\/\/www.organisator.ch\/fr\/sustainability\/2021-05-17\/demand-side-management-im-kuenftigen-stromsystem-schweiz\/","title":{"rendered":"Gestion de la demande dans le futur syst\u00e8me \u00e9lectrique suisse"},"content":{"rendered":"<figure id=\"attachment_4219\" aria-describedby=\"caption-attachment-4219\" style=\"width: 680px\" class=\"wp-caption aligncenter\"><img loading=\"lazy\" decoding=\"async\" class=\"size-medium wp-image-4219\" src=\"\/\/www.umweltperspektiven.ch\/wp-content\/uploads\/2021\/05\/Energie.jpg\" alt=\"Gestion de la demande \" width=\"680\" height=\"510\" srcset=\"https:\/\/www.organisator.ch\/wp-content\/uploads\/2021\/05\/Energie.jpg 1280w, https:\/\/www.organisator.ch\/wp-content\/uploads\/2021\/05\/Energie-680x510.jpg 680w, https:\/\/www.organisator.ch\/wp-content\/uploads\/2021\/05\/Energie-1024x768.jpg 1024w, https:\/\/www.organisator.ch\/wp-content\/uploads\/2021\/05\/Energie-768x576.jpg 768w, https:\/\/www.organisator.ch\/wp-content\/uploads\/2021\/05\/Energie-16x12.jpg 16w, https:\/\/www.organisator.ch\/wp-content\/uploads\/2021\/05\/Energie-233x175.jpg 233w, https:\/\/www.organisator.ch\/wp-content\/uploads\/2021\/05\/Energie-467x350.jpg 467w, https:\/\/www.organisator.ch\/wp-content\/uploads\/2021\/05\/Energie-1067x800.jpg 1067w, https:\/\/www.organisator.ch\/wp-content\/uploads\/2021\/05\/Energie-920x690.jpg 920w, https:\/\/www.organisator.ch\/wp-content\/uploads\/2021\/05\/Energie-300x225.jpg 300w\" sizes=\"auto, (max-width: 680px) 100vw, 680px\" \/><figcaption id=\"caption-attachment-4219\" class=\"wp-caption-text\">Photo : R. Str\u00e4ssle<\/figcaption><\/figure>\n<p>Le rapport a \u00e9t\u00e9 r\u00e9dig\u00e9 en r\u00e9ponse au postulat d\u00e9pos\u00e9 par le conseiller national J\u00fcrg Grossen en 2016 (16.3890 \"Consommation d'\u00e9lectricit\u00e9. Quelle est la consommation annuelle d'\u00e9lectricit\u00e9 en Suisse pour les consommateurs pilot\u00e9s par les entreprises \u00e9lectriques, tels que les chauffe-eau \u00e9lectriques, les chauffages \u00e0 accumulation, les pompes \u00e0 chaleur, les accumulateurs \u00e0 pompage, etc.) Le postulat demande des chiffres sur la consommation actuelle d'\u00e9lectricit\u00e9 non pilot\u00e9e dans des p\u00e9riodes typiques. Il souhaite en outre obtenir des informations sur les chances, les risques et les \u00e9ventuelles mesures \u00e0 prendre s'il y a moins de courant en ruban dans le r\u00e9seau \u00e9lectrique suisse apr\u00e8s l'arr\u00eat des centrales nucl\u00e9aires.<\/p>\n<h2><strong>Gestion de la demande<\/strong><\/h2>\n<p>La gestion de la demande comprend des mesures d'optimisation d'un syst\u00e8me de gestion de l'\u00e9nergie qui sont provoqu\u00e9es directement ou indirectement par des tiers. Les installations de t\u00e9l\u00e9commande centralis\u00e9e que les entreprises d'approvisionnement en \u00e9nergie utilisent aujourd'hui pour commander les chauffages \u00e9lectriques \u00e0 accumulation, les chauffe-eau \u00e9lectriques ou les pompes \u00e0 chaleur en sont un exemple. Ils peuvent ainsi r\u00e9duire la charge de pointe et \u00e9quilibrer la r\u00e9partition de la charge.<strong>\u00a0<\/strong><\/p>\n<h2><strong>Quel est le potentiel de d\u00e9placement de la charge ?<br \/>\n<\/strong><\/h2>\n<p>Quel est le potentiel DSM actuellement utilisable et effectivement exploit\u00e9 en Suisse ? L'Office f\u00e9d\u00e9ral de l'\u00e9nergie (OFEN) a command\u00e9 une \u00e9tude \u00e0 ce sujet (voir lien). L'analyse des donn\u00e9es a \u00e9t\u00e9 compl\u00e9t\u00e9e par des enqu\u00eates aupr\u00e8s des entreprises d'approvisionnement en \u00e9nergie. Les r\u00e9sultats montrent qu'il n'est pas possible de d\u00e9terminer avec pr\u00e9cision le montant des charges d\u00e9plac\u00e9es aujourd'hui, car la base de donn\u00e9es n'est pas suffisante pour cela.<\/p>\n<p>L'\u00e9tude a tent\u00e9 d'estimer le potentiel DSM \u00e0 l'aide d'analyses de statistiques et de rapports. Celui-ci se situe entre 530 et 870 m\u00e9gawatts (MW) pour la d\u00e9connexion et entre 590 MW et 960 MW pour la connexion d'applications de consommation. Pour les clients r\u00e9sidentiels, il existe un potentiel pour le chauffage des locaux, surtout pendant la journ\u00e9e en hiver. Dans le secteur de l'industrie et des services, le potentiel existe \u00e9galement surtout pendant la journ\u00e9e, mais il est r\u00e9parti de mani\u00e8re plus \u00e9quilibr\u00e9e sur les saisons.<\/p>\n<p><strong>La gestion de la demande est encore peu utilis\u00e9e<\/strong><\/p>\n<p>Aujourd'hui, la demande en DSM est encore faible en Suisse. Cela s'explique notamment par le fait que les capacit\u00e9s de production d'\u00e9lectricit\u00e9 pr\u00e9sentent une flexibilit\u00e9 suffisamment \u00e9lev\u00e9e. Il n'y a donc pas d'incitations \u00e9conomiques \u00e0 mettre \u00e0 disposition des applications de consommation d'\u00e9lectricit\u00e9 pour le DSM. Mais il existe \u00e9galement d'autres obstacles. Parmi eux, le manque de connaissances sur les avantages du DSM. De plus, les tarifs d'utilisation du r\u00e9seau ne peuvent \u00eatre flexibilis\u00e9s que de mani\u00e8re tr\u00e8s limit\u00e9e aujourd'hui et les possibilit\u00e9s de commercialisation font d\u00e9faut sur le march\u00e9 de l'\u00e9lectricit\u00e9, qui n'est que partiellement ouvert. Enfin, l'absence de normes de communication et de normalisation de l'infrastructure technique complique \u00e9galement l'acc\u00e8s au DSM.<\/p>\n<h2><strong>Les obstacles doivent \u00eatre supprim\u00e9s<br \/>\n<\/strong><\/h2>\n<p>Le manque de connaissances des acteurs peut \u00eatre combl\u00e9 par la mise \u00e0 disposition d'informations et la diffusion des r\u00e9sultats de la recherche. La possibilit\u00e9 d'assouplir les tarifs d'utilisation du r\u00e9seau peut \u00e9galement contribuer \u00e0 la diffusion du DSM. La loi f\u00e9d\u00e9rale sur la s\u00e9curit\u00e9 de l'approvisionnement en \u00e9lectricit\u00e9 gr\u00e2ce aux \u00e9nergies renouvelables pr\u00e9voit de tels assouplissements. L'ouverture compl\u00e8te du march\u00e9 cr\u00e9e en outre des possibilit\u00e9s de commercialisation de la flexibilit\u00e9. La mise en place pr\u00e9vue d'une infrastructure de donn\u00e9es avec un hub de donn\u00e9es cr\u00e9e \u00e9galement des conditions plus avantageuses pour le DSM, en am\u00e9liorant la disponibilit\u00e9, l'\u00e9change et l'acc\u00e8s aux donn\u00e9es. Cela est \u00e9galement important dans la perspective de l'avenir, lorsque d'autres fournisseurs potentiels de flexibilit\u00e9, par exemple la mobilit\u00e9 \u00e9lectrique, viendront s'ajouter. L'acc\u00e8s aux fournisseurs potentiels sera alors \u00e9galement soutenu par la poursuite de la diffusion des compteurs intelligents et des syst\u00e8mes de r\u00e9gulation et de commande.<\/p>\n<h2><strong>Plus de solutions<\/strong><\/h2>\n<p>Outre le DSM, il existe d'autres possibilit\u00e9s pour mieux int\u00e9grer les nouvelles \u00e9nergies renouvelables et adapter le syst\u00e8me \u00e9nerg\u00e9tique \u00e0 la disparition de l'\u00e9nergie en ruban des centrales nucl\u00e9aires.<\/p>\n<ul>\n<li>Gr\u00e2ce au couplage sectoriel, les secteurs de l'\u00e9lectricit\u00e9, de la chaleur et de la mobilit\u00e9 sont coupl\u00e9s entre eux et peuvent \u00eatre g\u00e9r\u00e9s de mani\u00e8re intelligente au profit du syst\u00e8me \u00e9nerg\u00e9tique global. Des travaux sont d\u00e9j\u00e0 en cours \u00e0 l'OFEN sur l'hydrog\u00e8ne, la chaleur et la mobilit\u00e9.<\/li>\n<li>En Suisse, le potentiel du photovolta\u00efque est important, mais sa production est irr\u00e9guli\u00e8re. En consommant le plus d'\u00e9lectricit\u00e9 possible directement sur le lieu de production (autoconsommation \u00e9lev\u00e9e), il est possible d'\u00e9viter les pics de charge sur le r\u00e9seau. L'autoconsommation peut \u00eatre maximis\u00e9e en combinant des gestionnaires d'\u00e9nergie intelligents, des consommateurs contr\u00f4lables et un stockage domestique d\u00e9centralis\u00e9.<\/li>\n<li>A l'avenir, les installations de couplage chaleur-force (CCF) pourront \u00e9galement contribuer \u00e0 garantir la s\u00e9curit\u00e9 d'approvisionnement. Des travaux d'approfondissement sont \u00e9galement en cours \u00e0 l'OFEN.<\/li>\n<li>En Suisse, il existe des potentiels d'efficacit\u00e9 \u00e9nerg\u00e9tique qui sont encore trop peu exploit\u00e9s. Les instruments d'efficacit\u00e9 d\u00e9j\u00e0 existants dans la loi sur l'\u00e9nergie doivent \u00eatre renforc\u00e9s par des mesures suppl\u00e9mentaires dans la loi f\u00e9d\u00e9rale sur la s\u00e9curit\u00e9 de l'approvisionnement en \u00e9lectricit\u00e9 gr\u00e2ce aux \u00e9nergies renouvelables ainsi que dans la r\u00e9vision totale de la loi sur le CO2.<\/li>\n<\/ul>\n<p><em>Communiqu\u00e9 de presse <a href=\"\/\/www.bfe.admin.ch\/bfe\/de\/home.html\">OFEN<\/a><\/em><\/p>\n<p><em>\u00a0<\/em><em>Cliquez ici pour acc\u00e9der \u00e0 l'\u00e9tude <\/em><a href=\"\/\/www.newsd.admin.ch\/newsd\/message\/attachments\/66522.pdf\">\"Potentiel du Demand Side Management en Suisse\"<\/a><\/p>\n<p><em>et au rapport <a href=\"\/\/www.newsd.admin.ch\/newsd\/message\/attachments\/66609.pdf\">\"Consommation d'\u00e9lectricit\u00e9\"<\/a><\/em><\/p>\n<p>&nbsp;<\/p>","protected":false},"excerpt":{"rendered":"<p>Der Bericht\u00a0wurde in Erf\u00fcllung des Postulats von Nationalrat J\u00fcrg Grossen aus dem Jahr 2016 erstellt (16.3890 \u00abStromverbrauch. Wie hoch ist der j\u00e4hrliche Stromverbrauch f\u00fcr von Elektrizit\u00e4tswerken gesteuerte Verbraucher wie Elektroboiler, Speicherheizungen, W\u00e4rmepumpen, Pumpspeicher usw. in der Schweiz?\u00bb). Das Postulat verlangt Zahlen zum heutigen ungesteuerten Strombedarf in typischen Zeitperioden. Weiter m\u00f6chte er Aufschluss \u00fcber Chancen, Risiken [&hellip;]<\/p>\n","protected":false},"author":6,"featured_media":4219,"comment_status":"closed","ping_status":"closed","sticky":false,"template":"","format":"standard","meta":{"_acf_changed":false,"_yoast_wpseo_focuskw":"Demand-Side-Management","_yoast_wpseo_metadesc":"In der Schweiz wird die verbrauchsseitige Flexibilit\u00e4t, das sogenannte Demand-Side-Management (DSM), noch wenig genutzt wird, wie eine Studie zeigt.","articlekey":"","footnotes":""},"categories":[580],"tags":[970,993,1599,2225,460],"class_list":["post-10275","post","type-post","status-publish","format-standard","has-post-thumbnail","hentry","category-sustainability","tag-demand-side-management","tag-dsm","tag-lastverschiebungen","tag-stromverbrauch","tag-studien"],"acf":[],"yoast_head":"<!-- This site is optimized with the Yoast SEO plugin v27.4 - https:\/\/yoast.com\/product\/yoast-seo-wordpress\/ -->\n<title>Demand-Side-Management im k\u00fcnftigen Stromsystem Schweiz - Organisator<\/title>\n<meta name=\"description\" content=\"In der Schweiz wird die verbrauchsseitige Flexibilit\u00e4t, das sogenannte Demand-Side-Management (DSM), noch wenig genutzt wird, wie eine Studie zeigt.\" \/>\n<meta name=\"robots\" content=\"index, follow, max-snippet:-1, max-image-preview:large, max-video-preview:-1\" \/>\n<link rel=\"canonical\" href=\"https:\/\/www.organisator.ch\/fr\/sustainability\/2021-05-17\/demand-side-management-im-kuenftigen-stromsystem-schweiz\/\" \/>\n<meta property=\"og:locale\" content=\"fr_FR\" \/>\n<meta property=\"og:type\" content=\"article\" \/>\n<meta property=\"og:title\" content=\"Demand-Side-Management im k\u00fcnftigen Stromsystem Schweiz - Organisator\" \/>\n<meta property=\"og:description\" content=\"In der Schweiz wird die verbrauchsseitige Flexibilit\u00e4t, das sogenannte Demand-Side-Management (DSM), noch wenig genutzt wird, wie eine Studie zeigt.\" \/>\n<meta property=\"og:url\" content=\"https:\/\/www.organisator.ch\/fr\/sustainability\/2021-05-17\/demand-side-management-im-kuenftigen-stromsystem-schweiz\/\" \/>\n<meta property=\"og:site_name\" content=\"Organisator\" \/>\n<meta property=\"article:publisher\" content=\"https:\/\/www.facebook.com\/OrganisatorFachmagazin\" \/>\n<meta property=\"article:published_time\" content=\"2021-05-17T08:07:12+00:00\" \/>\n<meta property=\"article:modified_time\" content=\"2022-02-09T10:06:08+00:00\" \/>\n<meta property=\"og:image\" content=\"https:\/\/www.organisator.ch\/wp-content\/uploads\/2021\/05\/Energie.jpg\" \/>\n\t<meta property=\"og:image:width\" content=\"1280\" \/>\n\t<meta property=\"og:image:height\" content=\"960\" \/>\n\t<meta property=\"og:image:type\" content=\"image\/jpeg\" \/>\n<meta name=\"author\" content=\"roger.straessle\" \/>\n<meta name=\"twitter:card\" content=\"summary_large_image\" \/>\n<script type=\"application\/ld+json\" class=\"yoast-schema-graph\">{\"@context\":\"https:\\\/\\\/schema.org\",\"@graph\":[{\"@type\":\"Article\",\"@id\":\"https:\\\/\\\/www.organisator.ch\\\/sustainability\\\/2021-05-17\\\/demand-side-management-im-kuenftigen-stromsystem-schweiz\\\/#article\",\"isPartOf\":{\"@id\":\"https:\\\/\\\/www.organisator.ch\\\/sustainability\\\/2021-05-17\\\/demand-side-management-im-kuenftigen-stromsystem-schweiz\\\/\"},\"author\":{\"name\":\"roger.straessle\",\"@id\":\"https:\\\/\\\/www.organisator.ch\\\/#\\\/schema\\\/person\\\/a800b8c54e208b160517a7dcc323161d\"},\"headline\":\"Demand-Side-Management im k\u00fcnftigen Stromsystem Schweiz\",\"datePublished\":\"2021-05-17T08:07:12+00:00\",\"dateModified\":\"2022-02-09T10:06:08+00:00\",\"mainEntityOfPage\":{\"@id\":\"https:\\\/\\\/www.organisator.ch\\\/sustainability\\\/2021-05-17\\\/demand-side-management-im-kuenftigen-stromsystem-schweiz\\\/\"},\"wordCount\":706,\"publisher\":{\"@id\":\"https:\\\/\\\/www.organisator.ch\\\/#organization\"},\"image\":{\"@id\":\"https:\\\/\\\/www.organisator.ch\\\/sustainability\\\/2021-05-17\\\/demand-side-management-im-kuenftigen-stromsystem-schweiz\\\/#primaryimage\"},\"thumbnailUrl\":\"https:\\\/\\\/www.organisator.ch\\\/wp-content\\\/uploads\\\/2021\\\/05\\\/Energie.jpg\",\"keywords\":[\"Demand-Side-Management\",\"DSM\",\"Lastverschiebungen\",\"Stromverbrauch\",\"Studien\"],\"articleSection\":[\"SUSTAINABILITY\"],\"inLanguage\":\"fr-FR\"},{\"@type\":\"WebPage\",\"@id\":\"https:\\\/\\\/www.organisator.ch\\\/sustainability\\\/2021-05-17\\\/demand-side-management-im-kuenftigen-stromsystem-schweiz\\\/\",\"url\":\"https:\\\/\\\/www.organisator.ch\\\/sustainability\\\/2021-05-17\\\/demand-side-management-im-kuenftigen-stromsystem-schweiz\\\/\",\"name\":\"Demand-Side-Management im k\u00fcnftigen Stromsystem Schweiz - Organisator\",\"isPartOf\":{\"@id\":\"https:\\\/\\\/www.organisator.ch\\\/#website\"},\"primaryImageOfPage\":{\"@id\":\"https:\\\/\\\/www.organisator.ch\\\/sustainability\\\/2021-05-17\\\/demand-side-management-im-kuenftigen-stromsystem-schweiz\\\/#primaryimage\"},\"image\":{\"@id\":\"https:\\\/\\\/www.organisator.ch\\\/sustainability\\\/2021-05-17\\\/demand-side-management-im-kuenftigen-stromsystem-schweiz\\\/#primaryimage\"},\"thumbnailUrl\":\"https:\\\/\\\/www.organisator.ch\\\/wp-content\\\/uploads\\\/2021\\\/05\\\/Energie.jpg\",\"datePublished\":\"2021-05-17T08:07:12+00:00\",\"dateModified\":\"2022-02-09T10:06:08+00:00\",\"description\":\"In der Schweiz wird die verbrauchsseitige Flexibilit\u00e4t, das sogenannte Demand-Side-Management (DSM), noch wenig genutzt wird, wie eine Studie zeigt.\",\"breadcrumb\":{\"@id\":\"https:\\\/\\\/www.organisator.ch\\\/sustainability\\\/2021-05-17\\\/demand-side-management-im-kuenftigen-stromsystem-schweiz\\\/#breadcrumb\"},\"inLanguage\":\"fr-FR\",\"potentialAction\":[{\"@type\":\"ReadAction\",\"target\":[\"https:\\\/\\\/www.organisator.ch\\\/sustainability\\\/2021-05-17\\\/demand-side-management-im-kuenftigen-stromsystem-schweiz\\\/\"]}]},{\"@type\":\"ImageObject\",\"inLanguage\":\"fr-FR\",\"@id\":\"https:\\\/\\\/www.organisator.ch\\\/sustainability\\\/2021-05-17\\\/demand-side-management-im-kuenftigen-stromsystem-schweiz\\\/#primaryimage\",\"url\":\"https:\\\/\\\/www.organisator.ch\\\/wp-content\\\/uploads\\\/2021\\\/05\\\/Energie.jpg\",\"contentUrl\":\"https:\\\/\\\/www.organisator.ch\\\/wp-content\\\/uploads\\\/2021\\\/05\\\/Energie.jpg\",\"width\":1280,\"height\":960,\"caption\":\"Foto: R. Str\u00e4ssle\"},{\"@type\":\"BreadcrumbList\",\"@id\":\"https:\\\/\\\/www.organisator.ch\\\/sustainability\\\/2021-05-17\\\/demand-side-management-im-kuenftigen-stromsystem-schweiz\\\/#breadcrumb\",\"itemListElement\":[{\"@type\":\"ListItem\",\"position\":1,\"name\":\"Home\",\"item\":\"https:\\\/\\\/www.organisator.ch\\\/\"},{\"@type\":\"ListItem\",\"position\":2,\"name\":\"Demand-Side-Management im k\u00fcnftigen Stromsystem Schweiz\"}]},{\"@type\":\"WebSite\",\"@id\":\"https:\\\/\\\/www.organisator.ch\\\/#website\",\"url\":\"https:\\\/\\\/www.organisator.ch\\\/\",\"name\":\"Organisator\",\"description\":\"Kompetent. Praxisnah. Der ORGANISATOR bereitet in 10 Ausgaben pro Jahr die wesentlichen Themen f\u00fcr F\u00fchrungskr\u00e4fte von KMU auf.\",\"publisher\":{\"@id\":\"https:\\\/\\\/www.organisator.ch\\\/#organization\"},\"potentialAction\":[{\"@type\":\"SearchAction\",\"target\":{\"@type\":\"EntryPoint\",\"urlTemplate\":\"https:\\\/\\\/www.organisator.ch\\\/?s={search_term_string}\"},\"query-input\":{\"@type\":\"PropertyValueSpecification\",\"valueRequired\":true,\"valueName\":\"search_term_string\"}}],\"inLanguage\":\"fr-FR\"},{\"@type\":\"Organization\",\"@id\":\"https:\\\/\\\/www.organisator.ch\\\/#organization\",\"name\":\"Organisator\",\"url\":\"https:\\\/\\\/www.organisator.ch\\\/\",\"logo\":{\"@type\":\"ImageObject\",\"inLanguage\":\"fr-FR\",\"@id\":\"https:\\\/\\\/www.organisator.ch\\\/#\\\/schema\\\/logo\\\/image\\\/\",\"url\":\"https:\\\/\\\/www.organisator.ch\\\/wp-content\\\/uploads\\\/2022\\\/01\\\/Logo_Organisator_Website.png\",\"contentUrl\":\"https:\\\/\\\/www.organisator.ch\\\/wp-content\\\/uploads\\\/2022\\\/01\\\/Logo_Organisator_Website.png\",\"width\":800,\"height\":77,\"caption\":\"Organisator\"},\"image\":{\"@id\":\"https:\\\/\\\/www.organisator.ch\\\/#\\\/schema\\\/logo\\\/image\\\/\"},\"sameAs\":[\"https:\\\/\\\/www.facebook.com\\\/OrganisatorFachmagazin\",\"https:\\\/\\\/www.linkedin.com\\\/showcase\\\/organisator-das-magazin-fr-kmu\",\"https:\\\/\\\/www.xing.com\\\/news\\\/pages\\\/organisator-ch-695\",\"https:\\\/\\\/www.youtube.com\\\/channel\\\/UCGP2Sq0iWaZwT3BdIAQFYpw\"]},{\"@type\":\"Person\",\"@id\":\"https:\\\/\\\/www.organisator.ch\\\/#\\\/schema\\\/person\\\/a800b8c54e208b160517a7dcc323161d\",\"name\":\"roger.straessle\",\"image\":{\"@type\":\"ImageObject\",\"inLanguage\":\"fr-FR\",\"@id\":\"https:\\\/\\\/secure.gravatar.com\\\/avatar\\\/?s=96&d=mm&r=g\",\"url\":\"https:\\\/\\\/secure.gravatar.com\\\/avatar\\\/?s=96&d=mm&r=g\",\"contentUrl\":\"https:\\\/\\\/secure.gravatar.com\\\/avatar\\\/?s=96&d=mm&r=g\",\"caption\":\"roger.straessle\"},\"url\":\"https:\\\/\\\/www.organisator.ch\\\/fr\\\/author\\\/roger-straessle\\\/\"}]}<\/script>\n<!-- \/ Yoast SEO plugin. -->","yoast_head_json":{"title":"Gestion de la demande dans le futur syst\u00e8me \u00e9lectrique suisse - Organisateur","description":"En Suisse, la flexibilit\u00e9 du c\u00f4t\u00e9 de la consommation, appel\u00e9e Demand-Side-Management (DSM), est encore peu utilis\u00e9e, comme le montre une \u00e9tude.","robots":{"index":"index","follow":"follow","max-snippet":"max-snippet:-1","max-image-preview":"max-image-preview:large","max-video-preview":"max-video-preview:-1"},"canonical":"https:\/\/www.organisator.ch\/fr\/sustainability\/2021-05-17\/demand-side-management-im-kuenftigen-stromsystem-schweiz\/","og_locale":"fr_FR","og_type":"article","og_title":"Demand-Side-Management im k\u00fcnftigen Stromsystem Schweiz - Organisator","og_description":"In der Schweiz wird die verbrauchsseitige Flexibilit\u00e4t, das sogenannte Demand-Side-Management (DSM), noch wenig genutzt wird, wie eine Studie zeigt.","og_url":"https:\/\/www.organisator.ch\/fr\/sustainability\/2021-05-17\/demand-side-management-im-kuenftigen-stromsystem-schweiz\/","og_site_name":"Organisator","article_publisher":"https:\/\/www.facebook.com\/OrganisatorFachmagazin","article_published_time":"2021-05-17T08:07:12+00:00","article_modified_time":"2022-02-09T10:06:08+00:00","og_image":[{"width":1280,"height":960,"url":"https:\/\/www.organisator.ch\/wp-content\/uploads\/2021\/05\/Energie.jpg","type":"image\/jpeg"}],"author":"roger.straessle","twitter_card":"summary_large_image","schema":{"@context":"https:\/\/schema.org","@graph":[{"@type":"Article","@id":"https:\/\/www.organisator.ch\/sustainability\/2021-05-17\/demand-side-management-im-kuenftigen-stromsystem-schweiz\/#article","isPartOf":{"@id":"https:\/\/www.organisator.ch\/sustainability\/2021-05-17\/demand-side-management-im-kuenftigen-stromsystem-schweiz\/"},"author":{"name":"roger.straessle","@id":"https:\/\/www.organisator.ch\/#\/schema\/person\/a800b8c54e208b160517a7dcc323161d"},"headline":"Demand-Side-Management im k\u00fcnftigen Stromsystem Schweiz","datePublished":"2021-05-17T08:07:12+00:00","dateModified":"2022-02-09T10:06:08+00:00","mainEntityOfPage":{"@id":"https:\/\/www.organisator.ch\/sustainability\/2021-05-17\/demand-side-management-im-kuenftigen-stromsystem-schweiz\/"},"wordCount":706,"publisher":{"@id":"https:\/\/www.organisator.ch\/#organization"},"image":{"@id":"https:\/\/www.organisator.ch\/sustainability\/2021-05-17\/demand-side-management-im-kuenftigen-stromsystem-schweiz\/#primaryimage"},"thumbnailUrl":"https:\/\/www.organisator.ch\/wp-content\/uploads\/2021\/05\/Energie.jpg","keywords":["Demand-Side-Management","DSM","Lastverschiebungen","Stromverbrauch","Studien"],"articleSection":["SUSTAINABILITY"],"inLanguage":"fr-FR"},{"@type":"WebPage","@id":"https:\/\/www.organisator.ch\/sustainability\/2021-05-17\/demand-side-management-im-kuenftigen-stromsystem-schweiz\/","url":"https:\/\/www.organisator.ch\/sustainability\/2021-05-17\/demand-side-management-im-kuenftigen-stromsystem-schweiz\/","name":"Gestion de la demande dans le futur syst\u00e8me \u00e9lectrique suisse - Organisateur","isPartOf":{"@id":"https:\/\/www.organisator.ch\/#website"},"primaryImageOfPage":{"@id":"https:\/\/www.organisator.ch\/sustainability\/2021-05-17\/demand-side-management-im-kuenftigen-stromsystem-schweiz\/#primaryimage"},"image":{"@id":"https:\/\/www.organisator.ch\/sustainability\/2021-05-17\/demand-side-management-im-kuenftigen-stromsystem-schweiz\/#primaryimage"},"thumbnailUrl":"https:\/\/www.organisator.ch\/wp-content\/uploads\/2021\/05\/Energie.jpg","datePublished":"2021-05-17T08:07:12+00:00","dateModified":"2022-02-09T10:06:08+00:00","description":"En Suisse, la flexibilit\u00e9 du c\u00f4t\u00e9 de la consommation, appel\u00e9e Demand-Side-Management (DSM), est encore peu utilis\u00e9e, comme le montre une \u00e9tude.","breadcrumb":{"@id":"https:\/\/www.organisator.ch\/sustainability\/2021-05-17\/demand-side-management-im-kuenftigen-stromsystem-schweiz\/#breadcrumb"},"inLanguage":"fr-FR","potentialAction":[{"@type":"ReadAction","target":["https:\/\/www.organisator.ch\/sustainability\/2021-05-17\/demand-side-management-im-kuenftigen-stromsystem-schweiz\/"]}]},{"@type":"ImageObject","inLanguage":"fr-FR","@id":"https:\/\/www.organisator.ch\/sustainability\/2021-05-17\/demand-side-management-im-kuenftigen-stromsystem-schweiz\/#primaryimage","url":"https:\/\/www.organisator.ch\/wp-content\/uploads\/2021\/05\/Energie.jpg","contentUrl":"https:\/\/www.organisator.ch\/wp-content\/uploads\/2021\/05\/Energie.jpg","width":1280,"height":960,"caption":"Foto: R. Str\u00e4ssle"},{"@type":"BreadcrumbList","@id":"https:\/\/www.organisator.ch\/sustainability\/2021-05-17\/demand-side-management-im-kuenftigen-stromsystem-schweiz\/#breadcrumb","itemListElement":[{"@type":"ListItem","position":1,"name":"Home","item":"https:\/\/www.organisator.ch\/"},{"@type":"ListItem","position":2,"name":"Demand-Side-Management im k\u00fcnftigen Stromsystem Schweiz"}]},{"@type":"WebSite","@id":"https:\/\/www.organisator.ch\/#website","url":"https:\/\/www.organisator.ch\/","name":"Organisateur","description":"Comp\u00e9tence et comp\u00e9tence. Proches de la pratique. L'ORGANISATEUR pr\u00e9pare 10 num\u00e9ros par an sur les th\u00e8mes essentiels pour les dirigeants de PME.","publisher":{"@id":"https:\/\/www.organisator.ch\/#organization"},"potentialAction":[{"@type":"SearchAction","target":{"@type":"EntryPoint","urlTemplate":"https:\/\/www.organisator.ch\/?s={search_term_string}"},"query-input":{"@type":"PropertyValueSpecification","valueRequired":true,"valueName":"search_term_string"}}],"inLanguage":"fr-FR"},{"@type":"Organization","@id":"https:\/\/www.organisator.ch\/#organization","name":"Organisateur","url":"https:\/\/www.organisator.ch\/","logo":{"@type":"ImageObject","inLanguage":"fr-FR","@id":"https:\/\/www.organisator.ch\/#\/schema\/logo\/image\/","url":"https:\/\/www.organisator.ch\/wp-content\/uploads\/2022\/01\/Logo_Organisator_Website.png","contentUrl":"https:\/\/www.organisator.ch\/wp-content\/uploads\/2022\/01\/Logo_Organisator_Website.png","width":800,"height":77,"caption":"Organisator"},"image":{"@id":"https:\/\/www.organisator.ch\/#\/schema\/logo\/image\/"},"sameAs":["https:\/\/www.facebook.com\/OrganisatorFachmagazin","https:\/\/www.linkedin.com\/showcase\/organisator-das-magazin-fr-kmu","https:\/\/www.xing.com\/news\/pages\/organisator-ch-695","https:\/\/www.youtube.com\/channel\/UCGP2Sq0iWaZwT3BdIAQFYpw"]},{"@type":"Person","@id":"https:\/\/www.organisator.ch\/#\/schema\/person\/a800b8c54e208b160517a7dcc323161d","name":"roger.straessle","image":{"@type":"ImageObject","inLanguage":"fr-FR","@id":"https:\/\/secure.gravatar.com\/avatar\/?s=96&d=mm&r=g","url":"https:\/\/secure.gravatar.com\/avatar\/?s=96&d=mm&r=g","contentUrl":"https:\/\/secure.gravatar.com\/avatar\/?s=96&d=mm&r=g","caption":"roger.straessle"},"url":"https:\/\/www.organisator.ch\/fr\/author\/roger-straessle\/"}]}},"_links":{"self":[{"href":"https:\/\/www.organisator.ch\/fr\/wp-json\/wp\/v2\/posts\/10275","targetHints":{"allow":["GET"]}}],"collection":[{"href":"https:\/\/www.organisator.ch\/fr\/wp-json\/wp\/v2\/posts"}],"about":[{"href":"https:\/\/www.organisator.ch\/fr\/wp-json\/wp\/v2\/types\/post"}],"author":[{"embeddable":true,"href":"https:\/\/www.organisator.ch\/fr\/wp-json\/wp\/v2\/users\/6"}],"replies":[{"embeddable":true,"href":"https:\/\/www.organisator.ch\/fr\/wp-json\/wp\/v2\/comments?post=10275"}],"version-history":[{"count":1,"href":"https:\/\/www.organisator.ch\/fr\/wp-json\/wp\/v2\/posts\/10275\/revisions"}],"predecessor-version":[{"id":10481,"href":"https:\/\/www.organisator.ch\/fr\/wp-json\/wp\/v2\/posts\/10275\/revisions\/10481"}],"wp:featuredmedia":[{"embeddable":true,"href":"https:\/\/www.organisator.ch\/fr\/wp-json\/wp\/v2\/media\/4219"}],"wp:attachment":[{"href":"https:\/\/www.organisator.ch\/fr\/wp-json\/wp\/v2\/media?parent=10275"}],"wp:term":[{"taxonomy":"category","embeddable":true,"href":"https:\/\/www.organisator.ch\/fr\/wp-json\/wp\/v2\/categories?post=10275"},{"taxonomy":"post_tag","embeddable":true,"href":"https:\/\/www.organisator.ch\/fr\/wp-json\/wp\/v2\/tags?post=10275"}],"curies":[{"name":"wp","href":"https:\/\/api.w.org\/{rel}","templated":true}]}}